{"id":326609,"date":"2024-04-12T16:39:33","date_gmt":"2024-04-12T19:39:33","guid":{"rendered":"https:\/\/www.notibras.com\/site\/?p=326609"},"modified":"2024-04-12T18:45:14","modified_gmt":"2024-04-12T21:45:14","slug":"galois-escola-de-racistas-mal-vale-um-mero-zero-a-esquerda","status":"publish","type":"post","link":"https:\/\/www.notibras.com\/site\/galois-escola-de-racistas-mal-vale-um-mero-zero-a-esquerda\/","title":{"rendered":"Galois, escola de racistas, mal vale um mero zero \u00e0 esquerda"},"content":{"rendered":"<p>\u00c9variste Galois, franc\u00eas morto na flor da idade em um duelo em 1831, era um g\u00eanio. O Col\u00e9gio Galois, que dele tomou emprestado o nome, diz empregar um sistema de ensino integrado e que &#8220;oferece em seus pilares espiritual, cognitivo e formativo uma educa\u00e7\u00e3o de qualidade&#8221;. \u00c9 mentira. O Galois, escola, \u00e9 um antro de pequenos malfeitores, racistas, que precisam ser punidos (alunos, professores e dirigentes da institui\u00e7\u00e3o) por tudo de ruim que andam fazendo para manchar a imagem de Bras\u00edlia. O \u00faltimo epis\u00f3dio foi durante uma partida de futebol contra uma turma da Escola Franciscana Nossa Senhora de F\u00e1tima.<\/p>\n<p>O racismo aconteceu no in\u00edcio do m\u00eas e foi registrado nesta sexta, 12. Durante o jogo, alunos do Galois proferiram palavras ofensivas aos estudantes da escola F\u00e1tima, como \u201cmacaco\u201d, \u201cfilho de empregada&#8221; e &#8220;pobrinho&#8221;. Ambas s\u00e3o escolas privadas.<\/p>\n<p>De acordo com a escola Nossa Senhora de F\u00e1tima, embora diversos respons\u00e1veis da outra escola estivessem presentes no local, n\u00e3o foi tomada nenhuma provid\u00eancia adequada no momento. \u201cOs alunos agressores encontravam em sua maioria uniformizados, ou seja, estavam sob a guarda e responsabilidade do Col\u00e9gio Galois que, neste caso, mostrou-se conivente com a situa\u00e7\u00e3o humilhante e vexat\u00f3ria vivida pelos alunos da Escola F\u00e1tima\u201d, diz em nota a diretora-geral da escola, In\u00eas Alves Louren\u00e7o.<\/p>\n<p>A escola tamb\u00e9m defende que o preconceito racial e social n\u00e3o deve ter espa\u00e7o em nenhum ambiente, especialmente em uma escola. \u201c\u00c9 inadmiss\u00edvel que em pleno s\u00e9culo XXI, ainda tenhamos que presenciar atos t\u00e3o repugnantes como os que foram direcionados aos nossos atletas\u201d, disse a diretora, garantindo que os fatos narrados ser\u00e3o remetidos \u00e0 coordena\u00e7\u00e3o do campeonato esportivo e \u00e0 delegacia competente.<\/p>\n<p>O Col\u00e9gio Galois considerou os fatos expostos de extrema seriedade e informou que n\u00e3o est\u00e1 inerte ao ocorrido. \u201cSolidarizamo-nos profundamente com os alunos e a comunidade da Escola Franciscana Nossa Senhora de F\u00e1tima que se sentiram ofendidos e magoados\u201d, disse em nota o diretor pedag\u00f3gico, Angel Andres.<\/p>\n<p>Segundo o diretor, j\u00e1 foi iniciada investiga\u00e7\u00e3o interna rigorosa sobre o caso. \u201cEstamos comprometidos em n\u00e3o apenas identificar os envolvidos, mas tamb\u00e9m a aplicar medidas disciplinares e ampliar, ainda mais, a\u00e7\u00f5es educativas necess\u00e1rias pertinentes. Mais uma vez, reiteramos que supostos comportamentos n\u00e3o representam nossos valores e que repudiamos veementemente qualquer forma de discrimina\u00e7\u00e3o\u201d.<\/p>\n<p>O deputado distrital Gabriel Magno (PT-DF), presidente da Comiss\u00e3o de Educa\u00e7\u00e3o, Sa\u00fade e Cultura da C\u00e2mara Legislativa do Distrito Federal, informou que oficiou o Conselho de Educa\u00e7\u00e3o do DF e ir\u00e1 acionar os \u00f3rg\u00e3os competentes. \u201cS\u00e3o inadmiss\u00edveis os atos racistas em qualquer espa\u00e7o, principalmente nos espa\u00e7os escolares, bem como a omiss\u00e3o dos respons\u00e1veis. \u00c9 fundamental refor\u00e7amos compromisso com uma educa\u00e7\u00e3o para os direitos humanos e antirracista\u201d, disse o deputado nas redes sociais.<\/p>\n<p>Os termos utilizados pelos alunos para ofender os colegas falam n\u00e3o s\u00f3 sobre ra\u00e7a, mas tamb\u00e9m sobre classe social. A avalia\u00e7\u00e3o \u00e9 da professora Gina Vieira Ponte, licenciada em l\u00edngua portuguesa e especialista em desenvolvimento humano, educa\u00e7\u00e3o e inclus\u00e3o escolar.<\/p>\n<p>\u201cNeste caso espec\u00edfico, \u00e9 preciso refletir sobre como para os estudantes \u2018ser filho de empregada\u2019 ou \u2018pobrinho\u2019 \u00e9 algo de que algu\u00e9m deveria se envergonhar, ou algo que torna algu\u00e9m pass\u00edvel de ser desumanizado, humilhado ou constrangido\u201d, disse \u00e0 Ag\u00eancia Brasil.<\/p>\n<p>Segundo ela, por tr\u00e1s deste discurso est\u00e1 a ideia de que acumular bens materiais e ostent\u00e1-los \u00e9 o indicador de sucesso na vida.<\/p>\n<p>A professora tamb\u00e9m aponta que as escolas deveriam priorizar a forma\u00e7\u00e3o integral, democr\u00e1tica, cidad\u00e3 e humanizadora, mas muitas vezes reduzem seu trabalho a treinamento para passar em provas.<\/p>\n<p>\u201cTreinar algu\u00e9m para passar em uma prova espec\u00edfica \u00e9 relativamente f\u00e1cil. Formar um ser humano em uma perspectiva integral, cr\u00edtica, cidad\u00e3, socialmente referenciada \u00e9 algo bem mais complexo\u201d, aponta, lembrando que, a depender das fam\u00edlias destas crian\u00e7as e adolescentes, o acesso aos discursos racistas come\u00e7a em casa.<\/p>\n<p>Embora existam leis que determinem a inclus\u00e3o, no curr\u00edculo das escolas, da hist\u00f3ria e cultura afro-brasileira, a professora acredita que n\u00e3o h\u00e1 vontade pol\u00edtica para garantir o cumprimento dessa determina\u00e7\u00e3o, o que reflete tamb\u00e9m no apag\u00e3o de iniciativas voltadas a formar profissionais da educa\u00e7\u00e3o para que levem o tema para a organiza\u00e7\u00e3o do trabalho pedag\u00f3gico.<\/p>\n<p>\u201c\u00c9 fundamental que a educa\u00e7\u00e3o antirracista ou a educa\u00e7\u00e3o para a promo\u00e7\u00e3o da equidade \u00e9tnico-racial, n\u00e3o seja trabalhada de forma espor\u00e1dica e epis\u00f3dica, com eventos que n\u00e3o se articulam com os conte\u00fados a serem ensinados, mas a partir de uma perspectiva de curr\u00edculo integrado e integrador, que traga a educa\u00e7\u00e3o em direitos humanos, com foco em promo\u00e7\u00e3o de equidade de ra\u00e7a transversal a todo o curr\u00edculo, estruturando todos os conte\u00fados a serem ensinados e orientando todas as pr\u00e1ticas e rela\u00e7\u00f5es na escola\u201d, diz Gina.<\/p>\n<p>\u00c9variste Galois deve estar revoltado em seu t\u00famulo. Um g\u00eanio, repita-se. Ao determinar a condi\u00e7\u00e3o necess\u00e1ria e suficiente para que um polin\u00f4mio pudesse ser resolvido por ra\u00edzes, n\u00e3o s\u00f3 resolveu um antigo problema em aberto, como criou um dom\u00ednio inteiramente novo da \u00e1lgebra abstrata: a teoria dos grupos. A matem\u00e1tica dele era uma Ci\u00eancia Exata. A da escola que sabe-se l\u00e1 porque tem seu nome, \u00e9 de zero \u00e0 esquerda.<\/p>\n<p>&nbsp;<\/p>\n","protected":false},"excerpt":{"rendered":"<p>\u00c9variste Galois, franc\u00eas morto na flor da idade em um duelo em 1831, era um g\u00eanio. O Col\u00e9gio Galois, que dele tomou emprestado o nome, diz empregar um sistema de ensino integrado e que &#8220;oferece em seus pilares espiritual, cognitivo e formativo uma educa\u00e7\u00e3o de qualidade&#8221;. \u00c9 mentira. O Galois, escola, \u00e9 um antro de [&hellip;]<\/p>\n","protected":false},"author":2,"featured_media":326610,"comment_status":"closed","ping_status":"closed","sticky":false,"template":"","format":"standard","meta":{"_acf_changed":false,"footnotes":""},"categories":[161],"tags":[95],"class_list":["post-326609","post","type-post","status-publish","format-standard","has-post-thumbnail","hentry","category-quadradinho-em-foco","tag-capa"],"acf":[],"yoast_head":"<!-- This site is optimized with the Yoast SEO plugin v27.5 - https:\/\/yoast.com\/product\/yoast-seo-wordpress\/ -->\n<title>Galois, escola de racistas, mal vale um mero zero \u00e0 esquerda - Notibras<\/title>\n<meta name=\"robots\" content=\"index, follow, max-snippet:-1, max-image-preview:large, max-video-preview:-1\" \/>\n<link rel=\"canonical\" href=\"https:\/\/www.notibras.com\/site\/galois-escola-de-racistas-mal-vale-um-mero-zero-a-esquerda\/\" \/>\n<meta property=\"og:locale\" content=\"pt_BR\" \/>\n<meta property=\"og:type\" content=\"article\" \/>\n<meta property=\"og:title\" content=\"Galois, escola de racistas, mal vale um mero zero \u00e0 esquerda - Notibras\" \/>\n<meta property=\"og:description\" content=\"\u00c9variste Galois, franc\u00eas morto na flor da idade em um duelo em 1831, era um g\u00eanio. O Col\u00e9gio Galois, que dele tomou emprestado o nome, diz empregar um sistema de ensino integrado e que &#8220;oferece em seus pilares espiritual, cognitivo e formativo uma educa\u00e7\u00e3o de qualidade&#8221;. \u00c9 mentira. O Galois, escola, \u00e9 um antro de [&hellip;]\" \/>\n<meta property=\"og:url\" content=\"https:\/\/www.notibras.com\/site\/galois-escola-de-racistas-mal-vale-um-mero-zero-a-esquerda\/\" \/>\n<meta property=\"og:site_name\" content=\"Notibras\" \/>\n<meta property=\"article:publisher\" content=\"https:\/\/www.facebook.com\/notibras\/\" \/>\n<meta property=\"article:published_time\" content=\"2024-04-12T19:39:33+00:00\" \/>\n<meta property=\"article:modified_time\" content=\"2024-04-12T21:45:14+00:00\" \/>\n<meta property=\"og:image\" content=\"https:\/\/www.notibras.com\/site\/wp-content\/uploads\/2024\/04\/galois.20anos.1831.jpg\" \/>\n\t<meta property=\"og:image:width\" content=\"910\" \/>\n\t<meta property=\"og:image:height\" content=\"546\" \/>\n\t<meta property=\"og:image:type\" content=\"image\/jpeg\" \/>\n<meta name=\"author\" content=\"Reda\u00e7\u00e3o\" \/>\n<meta name=\"twitter:card\" content=\"summary_large_image\" \/>\n<meta name=\"twitter:creator\" content=\"@Notibras\" \/>\n<meta name=\"twitter:site\" content=\"@Notibras\" \/>\n<meta name=\"twitter:label1\" content=\"Escrito por\" \/>\n\t<meta name=\"twitter:data1\" content=\"Reda\u00e7\u00e3o\" \/>\n\t<meta name=\"twitter:label2\" content=\"Est. tempo de leitura\" \/>\n\t<meta name=\"twitter:data2\" content=\"5 minutos\" \/>\n<script type=\"application\/ld+json\" class=\"yoast-schema-graph\">{\"@context\":\"https:\\\/\\\/schema.org\",\"@graph\":[{\"@type\":\"Article\",\"@id\":\"https:\\\/\\\/www.notibras.com\\\/site\\\/galois-escola-de-racistas-mal-vale-um-mero-zero-a-esquerda\\\/#article\",\"isPartOf\":{\"@id\":\"https:\\\/\\\/www.notibras.com\\\/site\\\/galois-escola-de-racistas-mal-vale-um-mero-zero-a-esquerda\\\/\"},\"author\":{\"name\":\"Reda\u00e7\u00e3o\",\"@id\":\"https:\\\/\\\/www.notibras.com\\\/site\\\/#\\\/schema\\\/person\\\/36ab0979449956132d3e5b517ea76ac8\"},\"headline\":\"Galois, escola de racistas, mal vale um mero zero \u00e0 esquerda\",\"datePublished\":\"2024-04-12T19:39:33+00:00\",\"dateModified\":\"2024-04-12T21:45:14+00:00\",\"mainEntityOfPage\":{\"@id\":\"https:\\\/\\\/www.notibras.com\\\/site\\\/galois-escola-de-racistas-mal-vale-um-mero-zero-a-esquerda\\\/\"},\"wordCount\":942,\"publisher\":{\"@id\":\"https:\\\/\\\/www.notibras.com\\\/site\\\/#organization\"},\"image\":{\"@id\":\"https:\\\/\\\/www.notibras.com\\\/site\\\/galois-escola-de-racistas-mal-vale-um-mero-zero-a-esquerda\\\/#primaryimage\"},\"thumbnailUrl\":\"https:\\\/\\\/www.notibras.com\\\/site\\\/wp-content\\\/uploads\\\/2024\\\/04\\\/galois.20anos.1831.jpg\",\"keywords\":[\"capa\"],\"articleSection\":[\"Quadradinho em Foco\"],\"inLanguage\":\"pt-BR\"},{\"@type\":\"WebPage\",\"@id\":\"https:\\\/\\\/www.notibras.com\\\/site\\\/galois-escola-de-racistas-mal-vale-um-mero-zero-a-esquerda\\\/\",\"url\":\"https:\\\/\\\/www.notibras.com\\\/site\\\/galois-escola-de-racistas-mal-vale-um-mero-zero-a-esquerda\\\/\",\"name\":\"Galois, escola de racistas, mal vale um mero zero \u00e0 esquerda - Notibras\",\"isPartOf\":{\"@id\":\"https:\\\/\\\/www.notibras.com\\\/site\\\/#website\"},\"primaryImageOfPage\":{\"@id\":\"https:\\\/\\\/www.notibras.com\\\/site\\\/galois-escola-de-racistas-mal-vale-um-mero-zero-a-esquerda\\\/#primaryimage\"},\"image\":{\"@id\":\"https:\\\/\\\/www.notibras.com\\\/site\\\/galois-escola-de-racistas-mal-vale-um-mero-zero-a-esquerda\\\/#primaryimage\"},\"thumbnailUrl\":\"https:\\\/\\\/www.notibras.com\\\/site\\\/wp-content\\\/uploads\\\/2024\\\/04\\\/galois.20anos.1831.jpg\",\"datePublished\":\"2024-04-12T19:39:33+00:00\",\"dateModified\":\"2024-04-12T21:45:14+00:00\",\"breadcrumb\":{\"@id\":\"https:\\\/\\\/www.notibras.com\\\/site\\\/galois-escola-de-racistas-mal-vale-um-mero-zero-a-esquerda\\\/#breadcrumb\"},\"inLanguage\":\"pt-BR\",\"potentialAction\":[{\"@type\":\"ReadAction\",\"target\":[\"https:\\\/\\\/www.notibras.com\\\/site\\\/galois-escola-de-racistas-mal-vale-um-mero-zero-a-esquerda\\\/\"]}]},{\"@type\":\"ImageObject\",\"inLanguage\":\"pt-BR\",\"@id\":\"https:\\\/\\\/www.notibras.com\\\/site\\\/galois-escola-de-racistas-mal-vale-um-mero-zero-a-esquerda\\\/#primaryimage\",\"url\":\"https:\\\/\\\/www.notibras.com\\\/site\\\/wp-content\\\/uploads\\\/2024\\\/04\\\/galois.20anos.1831.jpg\",\"contentUrl\":\"https:\\\/\\\/www.notibras.com\\\/site\\\/wp-content\\\/uploads\\\/2024\\\/04\\\/galois.20anos.1831.jpg\",\"width\":910,\"height\":546},{\"@type\":\"BreadcrumbList\",\"@id\":\"https:\\\/\\\/www.notibras.com\\\/site\\\/galois-escola-de-racistas-mal-vale-um-mero-zero-a-esquerda\\\/#breadcrumb\",\"itemListElement\":[{\"@type\":\"ListItem\",\"position\":1,\"name\":\"In\u00edcio\",\"item\":\"https:\\\/\\\/www.notibras.com\\\/site\\\/\"},{\"@type\":\"ListItem\",\"position\":2,\"name\":\"Galois, escola de racistas, mal vale um mero zero \u00e0 esquerda\"}]},{\"@type\":\"WebSite\",\"@id\":\"https:\\\/\\\/www.notibras.com\\\/site\\\/#website\",\"url\":\"https:\\\/\\\/www.notibras.com\\\/site\\\/\",\"name\":\"Notibras\",\"description\":\"Not\u00edcias de Bras\u00edlia, do Brasil e do Mundo\",\"publisher\":{\"@id\":\"https:\\\/\\\/www.notibras.com\\\/site\\\/#organization\"},\"potentialAction\":[{\"@type\":\"SearchAction\",\"target\":{\"@type\":\"EntryPoint\",\"urlTemplate\":\"https:\\\/\\\/www.notibras.com\\\/site\\\/?s={search_term_string}\"},\"query-input\":{\"@type\":\"PropertyValueSpecification\",\"valueRequired\":true,\"valueName\":\"search_term_string\"}}],\"inLanguage\":\"pt-BR\"},{\"@type\":\"Organization\",\"@id\":\"https:\\\/\\\/www.notibras.com\\\/site\\\/#organization\",\"name\":\"Grupo Notibras de Comunica\u00e7\u00e3o\",\"url\":\"https:\\\/\\\/www.notibras.com\\\/site\\\/\",\"logo\":{\"@type\":\"ImageObject\",\"inLanguage\":\"pt-BR\",\"@id\":\"https:\\\/\\\/www.notibras.com\\\/site\\\/#\\\/schema\\\/logo\\\/image\\\/\",\"url\":\"https:\\\/\\\/www.notibras.com\\\/site\\\/wp-content\\\/uploads\\\/2023\\\/01\\\/notibras23.png\",\"contentUrl\":\"https:\\\/\\\/www.notibras.com\\\/site\\\/wp-content\\\/uploads\\\/2023\\\/01\\\/notibras23.png\",\"width\":350,\"height\":87,\"caption\":\"Grupo Notibras de Comunica\u00e7\u00e3o\"},\"image\":{\"@id\":\"https:\\\/\\\/www.notibras.com\\\/site\\\/#\\\/schema\\\/logo\\\/image\\\/\"},\"sameAs\":[\"https:\\\/\\\/www.facebook.com\\\/notibras\\\/\",\"https:\\\/\\\/x.com\\\/Notibras\",\"https:\\\/\\\/www.instagram.com\\\/notibras\\\/\"]},{\"@type\":\"Person\",\"@id\":\"https:\\\/\\\/www.notibras.com\\\/site\\\/#\\\/schema\\\/person\\\/36ab0979449956132d3e5b517ea76ac8\",\"name\":\"Reda\u00e7\u00e3o\",\"image\":{\"@type\":\"ImageObject\",\"inLanguage\":\"pt-BR\",\"@id\":\"https:\\\/\\\/secure.gravatar.com\\\/avatar\\\/e0a867bdedb85fd243eadf09663511f96fc81e0720a4a42581f334ad4303aa6b?s=96&d=mm&r=g\",\"url\":\"https:\\\/\\\/secure.gravatar.com\\\/avatar\\\/e0a867bdedb85fd243eadf09663511f96fc81e0720a4a42581f334ad4303aa6b?s=96&d=mm&r=g\",\"contentUrl\":\"https:\\\/\\\/secure.gravatar.com\\\/avatar\\\/e0a867bdedb85fd243eadf09663511f96fc81e0720a4a42581f334ad4303aa6b?s=96&d=mm&r=g\",\"caption\":\"Reda\u00e7\u00e3o\"}}]}<\/script>\n<!-- \/ Yoast SEO plugin. -->","yoast_head_json":{"title":"Galois, escola de racistas, mal vale um mero zero \u00e0 esquerda - Notibras","robots":{"index":"index","follow":"follow","max-snippet":"max-snippet:-1","max-image-preview":"max-image-preview:large","max-video-preview":"max-video-preview:-1"},"canonical":"https:\/\/www.notibras.com\/site\/galois-escola-de-racistas-mal-vale-um-mero-zero-a-esquerda\/","og_locale":"pt_BR","og_type":"article","og_title":"Galois, escola de racistas, mal vale um mero zero \u00e0 esquerda - Notibras","og_description":"\u00c9variste Galois, franc\u00eas morto na flor da idade em um duelo em 1831, era um g\u00eanio. O Col\u00e9gio Galois, que dele tomou emprestado o nome, diz empregar um sistema de ensino integrado e que &#8220;oferece em seus pilares espiritual, cognitivo e formativo uma educa\u00e7\u00e3o de qualidade&#8221;. \u00c9 mentira. O Galois, escola, \u00e9 um antro de [&hellip;]","og_url":"https:\/\/www.notibras.com\/site\/galois-escola-de-racistas-mal-vale-um-mero-zero-a-esquerda\/","og_site_name":"Notibras","article_publisher":"https:\/\/www.facebook.com\/notibras\/","article_published_time":"2024-04-12T19:39:33+00:00","article_modified_time":"2024-04-12T21:45:14+00:00","og_image":[{"width":910,"height":546,"url":"https:\/\/www.notibras.com\/site\/wp-content\/uploads\/2024\/04\/galois.20anos.1831.jpg","type":"image\/jpeg"}],"author":"Reda\u00e7\u00e3o","twitter_card":"summary_large_image","twitter_creator":"@Notibras","twitter_site":"@Notibras","twitter_misc":{"Escrito por":"Reda\u00e7\u00e3o","Est. tempo de leitura":"5 minutos"},"schema":{"@context":"https:\/\/schema.org","@graph":[{"@type":"Article","@id":"https:\/\/www.notibras.com\/site\/galois-escola-de-racistas-mal-vale-um-mero-zero-a-esquerda\/#article","isPartOf":{"@id":"https:\/\/www.notibras.com\/site\/galois-escola-de-racistas-mal-vale-um-mero-zero-a-esquerda\/"},"author":{"name":"Reda\u00e7\u00e3o","@id":"https:\/\/www.notibras.com\/site\/#\/schema\/person\/36ab0979449956132d3e5b517ea76ac8"},"headline":"Galois, escola de racistas, mal vale um mero zero \u00e0 esquerda","datePublished":"2024-04-12T19:39:33+00:00","dateModified":"2024-04-12T21:45:14+00:00","mainEntityOfPage":{"@id":"https:\/\/www.notibras.com\/site\/galois-escola-de-racistas-mal-vale-um-mero-zero-a-esquerda\/"},"wordCount":942,"publisher":{"@id":"https:\/\/www.notibras.com\/site\/#organization"},"image":{"@id":"https:\/\/www.notibras.com\/site\/galois-escola-de-racistas-mal-vale-um-mero-zero-a-esquerda\/#primaryimage"},"thumbnailUrl":"https:\/\/www.notibras.com\/site\/wp-content\/uploads\/2024\/04\/galois.20anos.1831.jpg","keywords":["capa"],"articleSection":["Quadradinho em Foco"],"inLanguage":"pt-BR"},{"@type":"WebPage","@id":"https:\/\/www.notibras.com\/site\/galois-escola-de-racistas-mal-vale-um-mero-zero-a-esquerda\/","url":"https:\/\/www.notibras.com\/site\/galois-escola-de-racistas-mal-vale-um-mero-zero-a-esquerda\/","name":"Galois, escola de racistas, mal vale um mero zero \u00e0 esquerda - Notibras","isPartOf":{"@id":"https:\/\/www.notibras.com\/site\/#website"},"primaryImageOfPage":{"@id":"https:\/\/www.notibras.com\/site\/galois-escola-de-racistas-mal-vale-um-mero-zero-a-esquerda\/#primaryimage"},"image":{"@id":"https:\/\/www.notibras.com\/site\/galois-escola-de-racistas-mal-vale-um-mero-zero-a-esquerda\/#primaryimage"},"thumbnailUrl":"https:\/\/www.notibras.com\/site\/wp-content\/uploads\/2024\/04\/galois.20anos.1831.jpg","datePublished":"2024-04-12T19:39:33+00:00","dateModified":"2024-04-12T21:45:14+00:00","breadcrumb":{"@id":"https:\/\/www.notibras.com\/site\/galois-escola-de-racistas-mal-vale-um-mero-zero-a-esquerda\/#breadcrumb"},"inLanguage":"pt-BR","potentialAction":[{"@type":"ReadAction","target":["https:\/\/www.notibras.com\/site\/galois-escola-de-racistas-mal-vale-um-mero-zero-a-esquerda\/"]}]},{"@type":"ImageObject","inLanguage":"pt-BR","@id":"https:\/\/www.notibras.com\/site\/galois-escola-de-racistas-mal-vale-um-mero-zero-a-esquerda\/#primaryimage","url":"https:\/\/www.notibras.com\/site\/wp-content\/uploads\/2024\/04\/galois.20anos.1831.jpg","contentUrl":"https:\/\/www.notibras.com\/site\/wp-content\/uploads\/2024\/04\/galois.20anos.1831.jpg","width":910,"height":546},{"@type":"BreadcrumbList","@id":"https:\/\/www.notibras.com\/site\/galois-escola-de-racistas-mal-vale-um-mero-zero-a-esquerda\/#breadcrumb","itemListElement":[{"@type":"ListItem","position":1,"name":"In\u00edcio","item":"https:\/\/www.notibras.com\/site\/"},{"@type":"ListItem","position":2,"name":"Galois, escola de racistas, mal vale um mero zero \u00e0 esquerda"}]},{"@type":"WebSite","@id":"https:\/\/www.notibras.com\/site\/#website","url":"https:\/\/www.notibras.com\/site\/","name":"Notibras","description":"Not\u00edcias de Bras\u00edlia, do Brasil e do Mundo","publisher":{"@id":"https:\/\/www.notibras.com\/site\/#organization"},"potentialAction":[{"@type":"SearchAction","target":{"@type":"EntryPoint","urlTemplate":"https:\/\/www.notibras.com\/site\/?s={search_term_string}"},"query-input":{"@type":"PropertyValueSpecification","valueRequired":true,"valueName":"search_term_string"}}],"inLanguage":"pt-BR"},{"@type":"Organization","@id":"https:\/\/www.notibras.com\/site\/#organization","name":"Grupo Notibras de Comunica\u00e7\u00e3o","url":"https:\/\/www.notibras.com\/site\/","logo":{"@type":"ImageObject","inLanguage":"pt-BR","@id":"https:\/\/www.notibras.com\/site\/#\/schema\/logo\/image\/","url":"https:\/\/www.notibras.com\/site\/wp-content\/uploads\/2023\/01\/notibras23.png","contentUrl":"https:\/\/www.notibras.com\/site\/wp-content\/uploads\/2023\/01\/notibras23.png","width":350,"height":87,"caption":"Grupo Notibras de Comunica\u00e7\u00e3o"},"image":{"@id":"https:\/\/www.notibras.com\/site\/#\/schema\/logo\/image\/"},"sameAs":["https:\/\/www.facebook.com\/notibras\/","https:\/\/x.com\/Notibras","https:\/\/www.instagram.com\/notibras\/"]},{"@type":"Person","@id":"https:\/\/www.notibras.com\/site\/#\/schema\/person\/36ab0979449956132d3e5b517ea76ac8","name":"Reda\u00e7\u00e3o","image":{"@type":"ImageObject","inLanguage":"pt-BR","@id":"https:\/\/secure.gravatar.com\/avatar\/e0a867bdedb85fd243eadf09663511f96fc81e0720a4a42581f334ad4303aa6b?s=96&d=mm&r=g","url":"https:\/\/secure.gravatar.com\/avatar\/e0a867bdedb85fd243eadf09663511f96fc81e0720a4a42581f334ad4303aa6b?s=96&d=mm&r=g","contentUrl":"https:\/\/secure.gravatar.com\/avatar\/e0a867bdedb85fd243eadf09663511f96fc81e0720a4a42581f334ad4303aa6b?s=96&d=mm&r=g","caption":"Reda\u00e7\u00e3o"}}]}},"amp_enabled":true,"_links":{"self":[{"href":"https:\/\/www.notibras.com\/site\/wp-json\/wp\/v2\/posts\/326609","targetHints":{"allow":["GET"]}}],"collection":[{"href":"https:\/\/www.notibras.com\/site\/wp-json\/wp\/v2\/posts"}],"about":[{"href":"https:\/\/www.notibras.com\/site\/wp-json\/wp\/v2\/types\/post"}],"author":[{"embeddable":true,"href":"https:\/\/www.notibras.com\/site\/wp-json\/wp\/v2\/users\/2"}],"replies":[{"embeddable":true,"href":"https:\/\/www.notibras.com\/site\/wp-json\/wp\/v2\/comments?post=326609"}],"version-history":[{"count":4,"href":"https:\/\/www.notibras.com\/site\/wp-json\/wp\/v2\/posts\/326609\/revisions"}],"predecessor-version":[{"id":326614,"href":"https:\/\/www.notibras.com\/site\/wp-json\/wp\/v2\/posts\/326609\/revisions\/326614"}],"wp:featuredmedia":[{"embeddable":true,"href":"https:\/\/www.notibras.com\/site\/wp-json\/wp\/v2\/media\/326610"}],"wp:attachment":[{"href":"https:\/\/www.notibras.com\/site\/wp-json\/wp\/v2\/media?parent=326609"}],"wp:term":[{"taxonomy":"category","embeddable":true,"href":"https:\/\/www.notibras.com\/site\/wp-json\/wp\/v2\/categories?post=326609"},{"taxonomy":"post_tag","embeddable":true,"href":"https:\/\/www.notibras.com\/site\/wp-json\/wp\/v2\/tags?post=326609"}],"curies":[{"name":"wp","href":"https:\/\/api.w.org\/{rel}","templated":true}]}}