{"id":32672,"date":"2015-01-01T15:39:01","date_gmt":"2015-01-01T18:39:01","guid":{"rendered":"http:\/\/www.notibras.com\/site\/?p=32672"},"modified":"2015-01-02T06:28:41","modified_gmt":"2015-01-02T09:28:41","slug":"ministros-falam-de-superacao-e-prioridades-no-novo-governo","status":"publish","type":"post","link":"https:\/\/www.notibras.com\/site\/ministros-falam-de-superacao-e-prioridades-no-novo-governo\/","title":{"rendered":"Ministros falam de supera\u00e7\u00e3o e prioridades no novo governo"},"content":{"rendered":"<div class=\"content\">\n<p>Ministros que estar\u00e3o na equipe da presidenta Dilma Rousseff no segundo mandato falaram nesta quinta (1\u00b0) sobre projetos e prioridades de suas pastas para o pr\u00f3ximo governo. Os que permanecem na Esplanada, como o ministro do Trabalho e Emprego, Manoel Dias, falam em continuidade e amplia\u00e7\u00e3o de medidas, e os novos titulares apontaram desafios.<\/p>\n<p>A nova ministra da Agricultura, K\u00e1tia Abreu, que substituir\u00e1 Neri Geller, disse que entra no governo com a meta de levar 1,5 milh\u00e3o de pequenos agricultores \u00e0 classe m\u00e9dia. \u201cVamos dar aten\u00e7\u00e3o total aos pequenos produtores. Se temos hoje 5 milh\u00f5es [de produtores], apenas 150 mil est\u00e3o na classe m\u00e9dia rural brasileira. A exemplo das cidades, o foco do minist\u00e9rio \u00e9 aumentar essa classe m\u00e9dia rural\u201d, disse ao chegar ao Congresso Nacional para a cerim\u00f4nia de posse.<\/p>\n<p>K\u00e1tia Abreu disse que seu trabalho na pasta vai ser guiado pelo di\u00e1logo com todos os setores e pela desburocratiza\u00e7\u00e3o. \u201cTemos que facilitar a vida do produtor e n\u00e3o criar dificuldades. Temos que autorizar exporta\u00e7\u00f5es, autorizar abertura de frigor\u00edficos, autorizar empresas a funcionarem, o registro de agroqu\u00edmicos, temos que ter agilidade. Queremos agilidade com efici\u00eancia e qualidade\u201d.<\/p>\n<p>Tamb\u00e9m novato no governo Dilma, o indicado para o Minist\u00e9rio da Cultura, Juca Ferreira, disse que est\u00e1 tranquilo para assumir a nova fun\u00e7\u00e3o e que a experi\u00eancia \u00e0 frente da Secretaria Municipal de Cultura de S\u00e3o Paulo ajudar\u00e1 na nova tarefa. \u201cEstou vindo da experi\u00eancia de S\u00e3o Paulo, conhe\u00e7o as duas pontas: o governo federal e o poder local, ent\u00e3o acho que posso ajudar\u201d. Ferreira foi ministro da Cultura entre 2008 e 2010, no governo do ex-presidente Luiz In\u00e1cio Lula da Silva.<\/p>\n<blockquote><p>O ministro do Trabalho, Manoel Dias, disse que vai dar continuidade \u00e0 moderniza\u00e7\u00e3o da pasta com transpar\u00eancia total que, segundo ele, \u201c\u00e9 a melhor maneira de combater a corrup\u00e7\u00e3o\u201d. Ele acrescentou que a prioridade ser\u00e1 \u201ca manuten\u00e7\u00e3o das pol\u00edticas de gera\u00e7\u00e3o de emprego e de valoriza\u00e7\u00e3o do sal\u00e1rio\u201d.<\/p><\/blockquote>\n<p>Dias ressaltou que o Brasil n\u00e3o est\u00e1 enfrentando uma crise econ\u00f4mica. \u201cQuem est\u00e1 em crise \u00e9 o mundo\u201d. Ele defendeu a elabora\u00e7\u00e3o de um programa que d\u00ea continuidade ao que foi feito at\u00e9 agora \u201ccom a gera\u00e7\u00e3o de 20 milh\u00f5es de empregos, com a inclus\u00e3o de 50 milh\u00f5es de brasileiros na classe m\u00e9dia, com as pol\u00edticas de distribui\u00e7\u00e3o de renda\u201d.<\/p>\n<p>Sobre as novas medidas anunciadas de mudan\u00e7a no seguro-desemprego, o ministro destacou que elas n\u00e3o subtraem nenhum direito. \u201cN\u00e3o afeta [o trabalhador]. Vai haver uma reuni\u00e3o com as centrais [sindicais] na primeira quinzena de janeiro para a gente discutir isso\u201d, disse Dias.<\/p>\n<p>O ministro da Justi\u00e7a, Jos\u00e9 Eduardo Cardozo, disse que o segundo mandato de Dilma ser\u00e1 um grande governo. Sobre a expectativa de corte de gastos, ressaltou que \u00e9 absolutamente natural. \u201cNo momento econ\u00f4mico que n\u00f3s vivemos, vamos ter que fazer os cortes necess\u00e1rios. A equipe econ\u00f4mica vai trabalhar nessa linha. Esse \u00e9 o nosso desafio, melhorar nossa gest\u00e3o\u201d.<\/p>\n<blockquote><p>Em rela\u00e7\u00e3o \u00e0 Opera\u00e7\u00e3o Lava Jato, Cardozo destacou que as investiga\u00e7\u00f5es continuam. \u201c\u00c9 muito importante que sigam essa linha de autonomia e independ\u00eancia para que todos aqueles que porventura praticaram il\u00edcitos, sejam punidos dentro da lei.\u201d<\/p><\/blockquote>\n<p>Sobre a Proposta de Emenda \u00e0 Constitui\u00e7\u00e3o (PEC) 215, que estabelece que o Congresso Nacional dever\u00e1 decidir sobre a demarca\u00e7\u00e3o de terras ind\u00edgenas, Cardozo espera que n\u00e3o seja aprovada. \u201cTemos condi\u00e7\u00f5es de melhorar, no \u00e2mbito do Poder Executivo, o processo de demarca\u00e7\u00e3o [de terras ind\u00edgenas]. N\u00e3o h\u00e1 sentido que n\u00f3s tenhamos uma situa\u00e7\u00e3o dessa natureza, que fere o texto da Constitui\u00e7\u00e3o e n\u00e3o trar\u00e1 resultado nenhum a conflitos que envolvam terras ind\u00edgenas\u201d.<\/p>\n<p>Cardozo ressaltou que essa \u00e9 uma posi\u00e7\u00e3o do governo federal e, a seu ver, a PEC \u00e9 inconstitucional. \u201cEla ofende uma cl\u00e1usula p\u00e9trea, que \u00e9 o princ\u00edpio da separa\u00e7\u00e3o de Poderes.\u201d<\/p>\n<header>\n<div class=\"node-info\"><strong>Ana Cristina Campos e Luana Louren\u00e7o, ABr<\/strong><strong><br \/>\n<\/strong><\/div>\n<\/header>\n<\/div>\n","protected":false},"excerpt":{"rendered":"<p>Ministros que estar\u00e3o na equipe da presidenta Dilma Rousseff no segundo mandato falaram nesta quinta (1\u00b0) sobre projetos e prioridades de suas pastas para o pr\u00f3ximo governo. Os que permanecem na Esplanada, como o ministro do Trabalho e Emprego, Manoel Dias, falam em continuidade e amplia\u00e7\u00e3o de medidas, e os novos titulares apontaram desafios. A [&hellip;]<\/p>\n","protected":false},"author":2,"featured_media":32673,"comment_status":"open","ping_status":"closed","sticky":false,"template":"","format":"standard","meta":{"_acf_changed":false,"footnotes":""},"categories":[16],"tags":[],"class_list":["post-32672","post","type-post","status-publish","format-standard","has-post-thumbnail","hentry","category-brasil"],"acf":[],"yoast_head":"<!-- This site is optimized with the Yoast SEO plugin v27.2 - https:\/\/yoast.com\/product\/yoast-seo-wordpress\/ -->\n<title>Ministros falam de supera\u00e7\u00e3o e prioridades no novo governo - Notibras<\/title>\n<meta name=\"robots\" content=\"index, follow, max-snippet:-1, max-image-preview:large, max-video-preview:-1\" \/>\n<link rel=\"canonical\" href=\"https:\/\/www.notibras.com\/site\/ministros-falam-de-superacao-e-prioridades-no-novo-governo\/\" \/>\n<meta property=\"og:locale\" content=\"pt_BR\" \/>\n<meta property=\"og:type\" content=\"article\" \/>\n<meta property=\"og:title\" content=\"Ministros falam de supera\u00e7\u00e3o e prioridades no novo governo - Notibras\" \/>\n<meta property=\"og:description\" content=\"Ministros que estar\u00e3o na equipe da presidenta Dilma Rousseff no segundo mandato falaram nesta quinta (1\u00b0) sobre projetos e prioridades de suas pastas para o pr\u00f3ximo governo. Os que permanecem na Esplanada, como o ministro do Trabalho e Emprego, Manoel Dias, falam em continuidade e amplia\u00e7\u00e3o de medidas, e os novos titulares apontaram desafios. A [&hellip;]\" \/>\n<meta property=\"og:url\" content=\"https:\/\/www.notibras.com\/site\/ministros-falam-de-superacao-e-prioridades-no-novo-governo\/\" \/>\n<meta property=\"og:site_name\" content=\"Notibras\" \/>\n<meta property=\"article:publisher\" content=\"https:\/\/www.facebook.com\/notibras\/\" \/>\n<meta property=\"article:published_time\" content=\"2015-01-01T18:39:01+00:00\" \/>\n<meta property=\"article:modified_time\" content=\"2015-01-02T09:28:41+00:00\" \/>\n<meta property=\"og:image\" content=\"https:\/\/www.notibras.com\/site\/wp-content\/uploads\/2015\/01\/929432-_abr4067.jpg\" \/>\n\t<meta property=\"og:image:width\" content=\"580\" \/>\n\t<meta property=\"og:image:height\" content=\"388\" \/>\n\t<meta property=\"og:image:type\" content=\"image\/jpeg\" \/>\n<meta name=\"author\" content=\"Reda\u00e7\u00e3o\" \/>\n<meta name=\"twitter:card\" content=\"summary_large_image\" \/>\n<meta name=\"twitter:creator\" content=\"@Notibras\" \/>\n<meta name=\"twitter:site\" content=\"@Notibras\" \/>\n<meta name=\"twitter:label1\" content=\"Escrito por\" \/>\n\t<meta name=\"twitter:data1\" content=\"Reda\u00e7\u00e3o\" \/>\n\t<meta name=\"twitter:label2\" content=\"Est. tempo de leitura\" \/>\n\t<meta name=\"twitter:data2\" content=\"3 minutos\" \/>\n<script type=\"application\/ld+json\" class=\"yoast-schema-graph\">{\"@context\":\"https:\/\/schema.org\",\"@graph\":[{\"@type\":\"Article\",\"@id\":\"https:\/\/www.notibras.com\/site\/ministros-falam-de-superacao-e-prioridades-no-novo-governo\/#article\",\"isPartOf\":{\"@id\":\"https:\/\/www.notibras.com\/site\/ministros-falam-de-superacao-e-prioridades-no-novo-governo\/\"},\"author\":{\"name\":\"Reda\u00e7\u00e3o\",\"@id\":\"https:\/\/www.notibras.com\/site\/#\/schema\/person\/36ab0979449956132d3e5b517ea76ac8\"},\"headline\":\"Ministros falam de supera\u00e7\u00e3o e prioridades no novo governo\",\"datePublished\":\"2015-01-01T18:39:01+00:00\",\"dateModified\":\"2015-01-02T09:28:41+00:00\",\"mainEntityOfPage\":{\"@id\":\"https:\/\/www.notibras.com\/site\/ministros-falam-de-superacao-e-prioridades-no-novo-governo\/\"},\"wordCount\":694,\"commentCount\":0,\"publisher\":{\"@id\":\"https:\/\/www.notibras.com\/site\/#organization\"},\"image\":{\"@id\":\"https:\/\/www.notibras.com\/site\/ministros-falam-de-superacao-e-prioridades-no-novo-governo\/#primaryimage\"},\"thumbnailUrl\":\"https:\/\/www.notibras.com\/site\/wp-content\/uploads\/2015\/01\/929432-_abr4067.jpg\",\"articleSection\":[\"Brasil\"],\"inLanguage\":\"pt-BR\",\"potentialAction\":[{\"@type\":\"CommentAction\",\"name\":\"Comment\",\"target\":[\"https:\/\/www.notibras.com\/site\/ministros-falam-de-superacao-e-prioridades-no-novo-governo\/#respond\"]}]},{\"@type\":\"WebPage\",\"@id\":\"https:\/\/www.notibras.com\/site\/ministros-falam-de-superacao-e-prioridades-no-novo-governo\/\",\"url\":\"https:\/\/www.notibras.com\/site\/ministros-falam-de-superacao-e-prioridades-no-novo-governo\/\",\"name\":\"Ministros falam de supera\u00e7\u00e3o e prioridades no novo governo - Notibras\",\"isPartOf\":{\"@id\":\"https:\/\/www.notibras.com\/site\/#website\"},\"primaryImageOfPage\":{\"@id\":\"https:\/\/www.notibras.com\/site\/ministros-falam-de-superacao-e-prioridades-no-novo-governo\/#primaryimage\"},\"image\":{\"@id\":\"https:\/\/www.notibras.com\/site\/ministros-falam-de-superacao-e-prioridades-no-novo-governo\/#primaryimage\"},\"thumbnailUrl\":\"https:\/\/www.notibras.com\/site\/wp-content\/uploads\/2015\/01\/929432-_abr4067.jpg\",\"datePublished\":\"2015-01-01T18:39:01+00:00\",\"dateModified\":\"2015-01-02T09:28:41+00:00\",\"breadcrumb\":{\"@id\":\"https:\/\/www.notibras.com\/site\/ministros-falam-de-superacao-e-prioridades-no-novo-governo\/#breadcrumb\"},\"inLanguage\":\"pt-BR\",\"potentialAction\":[{\"@type\":\"ReadAction\",\"target\":[\"https:\/\/www.notibras.com\/site\/ministros-falam-de-superacao-e-prioridades-no-novo-governo\/\"]}]},{\"@type\":\"ImageObject\",\"inLanguage\":\"pt-BR\",\"@id\":\"https:\/\/www.notibras.com\/site\/ministros-falam-de-superacao-e-prioridades-no-novo-governo\/#primaryimage\",\"url\":\"https:\/\/www.notibras.com\/site\/wp-content\/uploads\/2015\/01\/929432-_abr4067.jpg\",\"contentUrl\":\"https:\/\/www.notibras.com\/site\/wp-content\/uploads\/2015\/01\/929432-_abr4067.jpg\",\"width\":580,\"height\":388},{\"@type\":\"BreadcrumbList\",\"@id\":\"https:\/\/www.notibras.com\/site\/ministros-falam-de-superacao-e-prioridades-no-novo-governo\/#breadcrumb\",\"itemListElement\":[{\"@type\":\"ListItem\",\"position\":1,\"name\":\"In\u00edcio\",\"item\":\"https:\/\/www.notibras.com\/site\/\"},{\"@type\":\"ListItem\",\"position\":2,\"name\":\"Ministros falam de supera\u00e7\u00e3o e prioridades no novo governo\"}]},{\"@type\":\"WebSite\",\"@id\":\"https:\/\/www.notibras.com\/site\/#website\",\"url\":\"https:\/\/www.notibras.com\/site\/\",\"name\":\"Notibras\",\"description\":\"Not\u00edcias de Bras\u00edlia, do Brasil e do Mundo\",\"publisher\":{\"@id\":\"https:\/\/www.notibras.com\/site\/#organization\"},\"potentialAction\":[{\"@type\":\"SearchAction\",\"target\":{\"@type\":\"EntryPoint\",\"urlTemplate\":\"https:\/\/www.notibras.com\/site\/?s={search_term_string}\"},\"query-input\":{\"@type\":\"PropertyValueSpecification\",\"valueRequired\":true,\"valueName\":\"search_term_string\"}}],\"inLanguage\":\"pt-BR\"},{\"@type\":\"Organization\",\"@id\":\"https:\/\/www.notibras.com\/site\/#organization\",\"name\":\"Grupo Notibras de Comunica\u00e7\u00e3o\",\"url\":\"https:\/\/www.notibras.com\/site\/\",\"logo\":{\"@type\":\"ImageObject\",\"inLanguage\":\"pt-BR\",\"@id\":\"https:\/\/www.notibras.com\/site\/#\/schema\/logo\/image\/\",\"url\":\"https:\/\/www.notibras.com\/site\/wp-content\/uploads\/2023\/01\/notibras23.png\",\"contentUrl\":\"https:\/\/www.notibras.com\/site\/wp-content\/uploads\/2023\/01\/notibras23.png\",\"width\":350,\"height\":87,\"caption\":\"Grupo Notibras de Comunica\u00e7\u00e3o\"},\"image\":{\"@id\":\"https:\/\/www.notibras.com\/site\/#\/schema\/logo\/image\/\"},\"sameAs\":[\"https:\/\/www.facebook.com\/notibras\/\",\"https:\/\/x.com\/Notibras\",\"https:\/\/www.instagram.com\/notibras\/\"]},{\"@type\":\"Person\",\"@id\":\"https:\/\/www.notibras.com\/site\/#\/schema\/person\/36ab0979449956132d3e5b517ea76ac8\",\"name\":\"Reda\u00e7\u00e3o\",\"image\":{\"@type\":\"ImageObject\",\"inLanguage\":\"pt-BR\",\"@id\":\"https:\/\/secure.gravatar.com\/avatar\/e0a867bdedb85fd243eadf09663511f96fc81e0720a4a42581f334ad4303aa6b?s=96&d=mm&r=g\",\"url\":\"https:\/\/secure.gravatar.com\/avatar\/e0a867bdedb85fd243eadf09663511f96fc81e0720a4a42581f334ad4303aa6b?s=96&d=mm&r=g\",\"contentUrl\":\"https:\/\/secure.gravatar.com\/avatar\/e0a867bdedb85fd243eadf09663511f96fc81e0720a4a42581f334ad4303aa6b?s=96&d=mm&r=g\",\"caption\":\"Reda\u00e7\u00e3o\"}}]}<\/script>\n<!-- \/ Yoast SEO plugin. -->","yoast_head_json":{"title":"Ministros falam de supera\u00e7\u00e3o e prioridades no novo governo - Notibras","robots":{"index":"index","follow":"follow","max-snippet":"max-snippet:-1","max-image-preview":"max-image-preview:large","max-video-preview":"max-video-preview:-1"},"canonical":"https:\/\/www.notibras.com\/site\/ministros-falam-de-superacao-e-prioridades-no-novo-governo\/","og_locale":"pt_BR","og_type":"article","og_title":"Ministros falam de supera\u00e7\u00e3o e prioridades no novo governo - Notibras","og_description":"Ministros que estar\u00e3o na equipe da presidenta Dilma Rousseff no segundo mandato falaram nesta quinta (1\u00b0) sobre projetos e prioridades de suas pastas para o pr\u00f3ximo governo. Os que permanecem na Esplanada, como o ministro do Trabalho e Emprego, Manoel Dias, falam em continuidade e amplia\u00e7\u00e3o de medidas, e os novos titulares apontaram desafios. A [&hellip;]","og_url":"https:\/\/www.notibras.com\/site\/ministros-falam-de-superacao-e-prioridades-no-novo-governo\/","og_site_name":"Notibras","article_publisher":"https:\/\/www.facebook.com\/notibras\/","article_published_time":"2015-01-01T18:39:01+00:00","article_modified_time":"2015-01-02T09:28:41+00:00","og_image":[{"width":580,"height":388,"url":"https:\/\/www.notibras.com\/site\/wp-content\/uploads\/2015\/01\/929432-_abr4067.jpg","type":"image\/jpeg"}],"author":"Reda\u00e7\u00e3o","twitter_card":"summary_large_image","twitter_creator":"@Notibras","twitter_site":"@Notibras","twitter_misc":{"Escrito por":"Reda\u00e7\u00e3o","Est. tempo de leitura":"3 minutos"},"schema":{"@context":"https:\/\/schema.org","@graph":[{"@type":"Article","@id":"https:\/\/www.notibras.com\/site\/ministros-falam-de-superacao-e-prioridades-no-novo-governo\/#article","isPartOf":{"@id":"https:\/\/www.notibras.com\/site\/ministros-falam-de-superacao-e-prioridades-no-novo-governo\/"},"author":{"name":"Reda\u00e7\u00e3o","@id":"https:\/\/www.notibras.com\/site\/#\/schema\/person\/36ab0979449956132d3e5b517ea76ac8"},"headline":"Ministros falam de supera\u00e7\u00e3o e prioridades no novo governo","datePublished":"2015-01-01T18:39:01+00:00","dateModified":"2015-01-02T09:28:41+00:00","mainEntityOfPage":{"@id":"https:\/\/www.notibras.com\/site\/ministros-falam-de-superacao-e-prioridades-no-novo-governo\/"},"wordCount":694,"commentCount":0,"publisher":{"@id":"https:\/\/www.notibras.com\/site\/#organization"},"image":{"@id":"https:\/\/www.notibras.com\/site\/ministros-falam-de-superacao-e-prioridades-no-novo-governo\/#primaryimage"},"thumbnailUrl":"https:\/\/www.notibras.com\/site\/wp-content\/uploads\/2015\/01\/929432-_abr4067.jpg","articleSection":["Brasil"],"inLanguage":"pt-BR","potentialAction":[{"@type":"CommentAction","name":"Comment","target":["https:\/\/www.notibras.com\/site\/ministros-falam-de-superacao-e-prioridades-no-novo-governo\/#respond"]}]},{"@type":"WebPage","@id":"https:\/\/www.notibras.com\/site\/ministros-falam-de-superacao-e-prioridades-no-novo-governo\/","url":"https:\/\/www.notibras.com\/site\/ministros-falam-de-superacao-e-prioridades-no-novo-governo\/","name":"Ministros falam de supera\u00e7\u00e3o e prioridades no novo governo - Notibras","isPartOf":{"@id":"https:\/\/www.notibras.com\/site\/#website"},"primaryImageOfPage":{"@id":"https:\/\/www.notibras.com\/site\/ministros-falam-de-superacao-e-prioridades-no-novo-governo\/#primaryimage"},"image":{"@id":"https:\/\/www.notibras.com\/site\/ministros-falam-de-superacao-e-prioridades-no-novo-governo\/#primaryimage"},"thumbnailUrl":"https:\/\/www.notibras.com\/site\/wp-content\/uploads\/2015\/01\/929432-_abr4067.jpg","datePublished":"2015-01-01T18:39:01+00:00","dateModified":"2015-01-02T09:28:41+00:00","breadcrumb":{"@id":"https:\/\/www.notibras.com\/site\/ministros-falam-de-superacao-e-prioridades-no-novo-governo\/#breadcrumb"},"inLanguage":"pt-BR","potentialAction":[{"@type":"ReadAction","target":["https:\/\/www.notibras.com\/site\/ministros-falam-de-superacao-e-prioridades-no-novo-governo\/"]}]},{"@type":"ImageObject","inLanguage":"pt-BR","@id":"https:\/\/www.notibras.com\/site\/ministros-falam-de-superacao-e-prioridades-no-novo-governo\/#primaryimage","url":"https:\/\/www.notibras.com\/site\/wp-content\/uploads\/2015\/01\/929432-_abr4067.jpg","contentUrl":"https:\/\/www.notibras.com\/site\/wp-content\/uploads\/2015\/01\/929432-_abr4067.jpg","width":580,"height":388},{"@type":"BreadcrumbList","@id":"https:\/\/www.notibras.com\/site\/ministros-falam-de-superacao-e-prioridades-no-novo-governo\/#breadcrumb","itemListElement":[{"@type":"ListItem","position":1,"name":"In\u00edcio","item":"https:\/\/www.notibras.com\/site\/"},{"@type":"ListItem","position":2,"name":"Ministros falam de supera\u00e7\u00e3o e prioridades no novo governo"}]},{"@type":"WebSite","@id":"https:\/\/www.notibras.com\/site\/#website","url":"https:\/\/www.notibras.com\/site\/","name":"Notibras","description":"Not\u00edcias de Bras\u00edlia, do Brasil e do Mundo","publisher":{"@id":"https:\/\/www.notibras.com\/site\/#organization"},"potentialAction":[{"@type":"SearchAction","target":{"@type":"EntryPoint","urlTemplate":"https:\/\/www.notibras.com\/site\/?s={search_term_string}"},"query-input":{"@type":"PropertyValueSpecification","valueRequired":true,"valueName":"search_term_string"}}],"inLanguage":"pt-BR"},{"@type":"Organization","@id":"https:\/\/www.notibras.com\/site\/#organization","name":"Grupo Notibras de Comunica\u00e7\u00e3o","url":"https:\/\/www.notibras.com\/site\/","logo":{"@type":"ImageObject","inLanguage":"pt-BR","@id":"https:\/\/www.notibras.com\/site\/#\/schema\/logo\/image\/","url":"https:\/\/www.notibras.com\/site\/wp-content\/uploads\/2023\/01\/notibras23.png","contentUrl":"https:\/\/www.notibras.com\/site\/wp-content\/uploads\/2023\/01\/notibras23.png","width":350,"height":87,"caption":"Grupo Notibras de Comunica\u00e7\u00e3o"},"image":{"@id":"https:\/\/www.notibras.com\/site\/#\/schema\/logo\/image\/"},"sameAs":["https:\/\/www.facebook.com\/notibras\/","https:\/\/x.com\/Notibras","https:\/\/www.instagram.com\/notibras\/"]},{"@type":"Person","@id":"https:\/\/www.notibras.com\/site\/#\/schema\/person\/36ab0979449956132d3e5b517ea76ac8","name":"Reda\u00e7\u00e3o","image":{"@type":"ImageObject","inLanguage":"pt-BR","@id":"https:\/\/secure.gravatar.com\/avatar\/e0a867bdedb85fd243eadf09663511f96fc81e0720a4a42581f334ad4303aa6b?s=96&d=mm&r=g","url":"https:\/\/secure.gravatar.com\/avatar\/e0a867bdedb85fd243eadf09663511f96fc81e0720a4a42581f334ad4303aa6b?s=96&d=mm&r=g","contentUrl":"https:\/\/secure.gravatar.com\/avatar\/e0a867bdedb85fd243eadf09663511f96fc81e0720a4a42581f334ad4303aa6b?s=96&d=mm&r=g","caption":"Reda\u00e7\u00e3o"}}]}},"amp_enabled":true,"_links":{"self":[{"href":"https:\/\/www.notibras.com\/site\/wp-json\/wp\/v2\/posts\/32672","targetHints":{"allow":["GET"]}}],"collection":[{"href":"https:\/\/www.notibras.com\/site\/wp-json\/wp\/v2\/posts"}],"about":[{"href":"https:\/\/www.notibras.com\/site\/wp-json\/wp\/v2\/types\/post"}],"author":[{"embeddable":true,"href":"https:\/\/www.notibras.com\/site\/wp-json\/wp\/v2\/users\/2"}],"replies":[{"embeddable":true,"href":"https:\/\/www.notibras.com\/site\/wp-json\/wp\/v2\/comments?post=32672"}],"version-history":[{"count":0,"href":"https:\/\/www.notibras.com\/site\/wp-json\/wp\/v2\/posts\/32672\/revisions"}],"wp:featuredmedia":[{"embeddable":true,"href":"https:\/\/www.notibras.com\/site\/wp-json\/wp\/v2\/media\/32673"}],"wp:attachment":[{"href":"https:\/\/www.notibras.com\/site\/wp-json\/wp\/v2\/media?parent=32672"}],"wp:term":[{"taxonomy":"category","embeddable":true,"href":"https:\/\/www.notibras.com\/site\/wp-json\/wp\/v2\/categories?post=32672"},{"taxonomy":"post_tag","embeddable":true,"href":"https:\/\/www.notibras.com\/site\/wp-json\/wp\/v2\/tags?post=32672"}],"curies":[{"name":"wp","href":"https:\/\/api.w.org\/{rel}","templated":true}]}}