{"id":326743,"date":"2024-04-15T06:31:49","date_gmt":"2024-04-15T09:31:49","guid":{"rendered":"https:\/\/www.notibras.com\/site\/?p=326743"},"modified":"2024-04-15T06:41:11","modified_gmt":"2024-04-15T09:41:11","slug":"ansiedade-por-pagode-parece-fazer-o-tempo-parar","status":"publish","type":"post","link":"https:\/\/www.notibras.com\/site\/ansiedade-por-pagode-parece-fazer-o-tempo-parar\/","title":{"rendered":"Ansiedade por pagode parece fazer o tempo parar"},"content":{"rendered":"<p>Sexta-feira, perto das 16h, l\u00e1 estava a Judite cheia de vontade de largar aquele monte de pap\u00e9is, correr para casa, tomar um banho e se jogar na roda de samba. Que nada! Precisava cumprir o hor\u00e1rio, pois bater o ponto antes seria reduzir ainda mais o parco sal\u00e1rio.<\/p>\n<p>Levantou-se, foi ao banheiro. Sentada no vaso, pegou o celular e olhou as \u00faltimas mensagens. Nenhuma do Jonas, seu quase namorado. Ser\u00e1 que ele n\u00e3o teria gostado do \u00faltimo encontro que tiveram?<\/p>\n<p>A mente de Judite n\u00e3o parava de conjecturar. Bem que ela havia percebido olhares invejosos ao seu redor quando Jonas se aproximou e puxou conversa. O que foi mesmo que ele disse? Nem ela se lembrava, j\u00e1 que logo se encantou por aquele sorriso cheio de mal\u00edcia. E aquelas covinhas? Que homem!<\/p>\n<p>N\u00e3o dava para ficar ali por muito tempo. Judite, antes de sair do banheiro, se olhou no espelho. Deu aquela avaliada na maquiagem. Nada de exagero, apenas o r\u00edmel para real\u00e7ar os olhos de tom castanho, quase mel.<\/p>\n<p>Retornou para sua mesa, decidida a se concentrar no servi\u00e7o. E foi o que fez. Tanto fez, que a enorme montanha de pap\u00e9is ficou reduzida a duas folhas. No entanto, ao olhar para o rel\u00f3gio, percebeu que ele parecia parado no tempo. Ser\u00e1 que estava sem pilha? N\u00e3o! O ponteiro rodava no ritmo costumeiro.<\/p>\n<p>A mulher se levantou novamente. Pensou em voltar para o banheiro, mas passou direto pela porta. Foi at\u00e9 a copa, onde tomou uma x\u00edcara de caf\u00e9. Tomou outra e mais outra, at\u00e9 que apareceu a Simone, colega de trabalho. As duas se olharam, como se soubessem a agonia da outra. Judite puxou conversa.<\/p>\n<p>\u2014 E essa hora que nunca passa!<\/p>\n<p>\u2014 Pois \u00e9, hoje a hora n\u00e3o t\u00e1 amiga.<\/p>\n","protected":false},"excerpt":{"rendered":"<p>Sexta-feira, perto das 16h, l\u00e1 estava a Judite cheia de vontade de largar aquele monte de pap\u00e9is, correr para casa, tomar um banho e se jogar na roda de samba. Que nada! Precisava cumprir o hor\u00e1rio, pois bater o ponto antes seria reduzir ainda mais o parco sal\u00e1rio. Levantou-se, foi ao banheiro. Sentada no vaso, [&hellip;]<\/p>\n","protected":false},"author":2,"featured_media":326744,"comment_status":"closed","ping_status":"closed","sticky":false,"template":"","format":"standard","meta":{"_acf_changed":false,"footnotes":""},"categories":[161],"tags":[],"class_list":["post-326743","post","type-post","status-publish","format-standard","has-post-thumbnail","hentry","category-quadradinho-em-foco"],"acf":[],"yoast_head":"<!-- This site is optimized with the Yoast SEO plugin v27.5 - https:\/\/yoast.com\/product\/yoast-seo-wordpress\/ -->\n<title>Ansiedade por pagode parece fazer o tempo parar - Notibras<\/title>\n<meta name=\"robots\" content=\"index, follow, max-snippet:-1, max-image-preview:large, max-video-preview:-1\" \/>\n<link rel=\"canonical\" href=\"https:\/\/www.notibras.com\/site\/ansiedade-por-pagode-parece-fazer-o-tempo-parar\/\" \/>\n<meta property=\"og:locale\" content=\"pt_BR\" \/>\n<meta property=\"og:type\" content=\"article\" \/>\n<meta property=\"og:title\" content=\"Ansiedade por pagode parece fazer o tempo parar - Notibras\" \/>\n<meta property=\"og:description\" content=\"Sexta-feira, perto das 16h, l\u00e1 estava a Judite cheia de vontade de largar aquele monte de pap\u00e9is, correr para casa, tomar um banho e se jogar na roda de samba. Que nada! Precisava cumprir o hor\u00e1rio, pois bater o ponto antes seria reduzir ainda mais o parco sal\u00e1rio. Levantou-se, foi ao banheiro. Sentada no vaso, [&hellip;]\" \/>\n<meta property=\"og:url\" content=\"https:\/\/www.notibras.com\/site\/ansiedade-por-pagode-parece-fazer-o-tempo-parar\/\" \/>\n<meta property=\"og:site_name\" content=\"Notibras\" \/>\n<meta property=\"article:publisher\" content=\"https:\/\/www.facebook.com\/notibras\/\" \/>\n<meta property=\"article:published_time\" content=\"2024-04-15T09:31:49+00:00\" \/>\n<meta property=\"article:modified_time\" content=\"2024-04-15T09:41:11+00:00\" \/>\n<meta property=\"og:image\" content=\"https:\/\/www.notibras.com\/site\/wp-content\/uploads\/2024\/04\/392fe160-d400-4323-8fd6-34cfcbffca7e.jpg\" \/>\n\t<meta property=\"og:image:width\" content=\"1024\" \/>\n\t<meta property=\"og:image:height\" content=\"1024\" \/>\n\t<meta property=\"og:image:type\" content=\"image\/jpeg\" \/>\n<meta name=\"author\" content=\"Reda\u00e7\u00e3o\" \/>\n<meta name=\"twitter:card\" content=\"summary_large_image\" \/>\n<meta name=\"twitter:creator\" content=\"@Notibras\" \/>\n<meta name=\"twitter:site\" content=\"@Notibras\" \/>\n<meta name=\"twitter:label1\" content=\"Escrito por\" \/>\n\t<meta name=\"twitter:data1\" content=\"Reda\u00e7\u00e3o\" \/>\n\t<meta name=\"twitter:label2\" content=\"Est. tempo de leitura\" \/>\n\t<meta name=\"twitter:data2\" content=\"2 minutos\" \/>\n<script type=\"application\/ld+json\" class=\"yoast-schema-graph\">{\"@context\":\"https:\\\/\\\/schema.org\",\"@graph\":[{\"@type\":\"Article\",\"@id\":\"https:\\\/\\\/www.notibras.com\\\/site\\\/ansiedade-por-pagode-parece-fazer-o-tempo-parar\\\/#article\",\"isPartOf\":{\"@id\":\"https:\\\/\\\/www.notibras.com\\\/site\\\/ansiedade-por-pagode-parece-fazer-o-tempo-parar\\\/\"},\"author\":{\"name\":\"Reda\u00e7\u00e3o\",\"@id\":\"https:\\\/\\\/www.notibras.com\\\/site\\\/#\\\/schema\\\/person\\\/36ab0979449956132d3e5b517ea76ac8\"},\"headline\":\"Ansiedade por pagode parece fazer o tempo parar\",\"datePublished\":\"2024-04-15T09:31:49+00:00\",\"dateModified\":\"2024-04-15T09:41:11+00:00\",\"mainEntityOfPage\":{\"@id\":\"https:\\\/\\\/www.notibras.com\\\/site\\\/ansiedade-por-pagode-parece-fazer-o-tempo-parar\\\/\"},\"wordCount\":313,\"publisher\":{\"@id\":\"https:\\\/\\\/www.notibras.com\\\/site\\\/#organization\"},\"image\":{\"@id\":\"https:\\\/\\\/www.notibras.com\\\/site\\\/ansiedade-por-pagode-parece-fazer-o-tempo-parar\\\/#primaryimage\"},\"thumbnailUrl\":\"https:\\\/\\\/www.notibras.com\\\/site\\\/wp-content\\\/uploads\\\/2024\\\/04\\\/392fe160-d400-4323-8fd6-34cfcbffca7e.jpg\",\"articleSection\":[\"Quadradinho em Foco\"],\"inLanguage\":\"pt-BR\"},{\"@type\":\"WebPage\",\"@id\":\"https:\\\/\\\/www.notibras.com\\\/site\\\/ansiedade-por-pagode-parece-fazer-o-tempo-parar\\\/\",\"url\":\"https:\\\/\\\/www.notibras.com\\\/site\\\/ansiedade-por-pagode-parece-fazer-o-tempo-parar\\\/\",\"name\":\"Ansiedade por pagode parece fazer o tempo parar - Notibras\",\"isPartOf\":{\"@id\":\"https:\\\/\\\/www.notibras.com\\\/site\\\/#website\"},\"primaryImageOfPage\":{\"@id\":\"https:\\\/\\\/www.notibras.com\\\/site\\\/ansiedade-por-pagode-parece-fazer-o-tempo-parar\\\/#primaryimage\"},\"image\":{\"@id\":\"https:\\\/\\\/www.notibras.com\\\/site\\\/ansiedade-por-pagode-parece-fazer-o-tempo-parar\\\/#primaryimage\"},\"thumbnailUrl\":\"https:\\\/\\\/www.notibras.com\\\/site\\\/wp-content\\\/uploads\\\/2024\\\/04\\\/392fe160-d400-4323-8fd6-34cfcbffca7e.jpg\",\"datePublished\":\"2024-04-15T09:31:49+00:00\",\"dateModified\":\"2024-04-15T09:41:11+00:00\",\"breadcrumb\":{\"@id\":\"https:\\\/\\\/www.notibras.com\\\/site\\\/ansiedade-por-pagode-parece-fazer-o-tempo-parar\\\/#breadcrumb\"},\"inLanguage\":\"pt-BR\",\"potentialAction\":[{\"@type\":\"ReadAction\",\"target\":[\"https:\\\/\\\/www.notibras.com\\\/site\\\/ansiedade-por-pagode-parece-fazer-o-tempo-parar\\\/\"]}]},{\"@type\":\"ImageObject\",\"inLanguage\":\"pt-BR\",\"@id\":\"https:\\\/\\\/www.notibras.com\\\/site\\\/ansiedade-por-pagode-parece-fazer-o-tempo-parar\\\/#primaryimage\",\"url\":\"https:\\\/\\\/www.notibras.com\\\/site\\\/wp-content\\\/uploads\\\/2024\\\/04\\\/392fe160-d400-4323-8fd6-34cfcbffca7e.jpg\",\"contentUrl\":\"https:\\\/\\\/www.notibras.com\\\/site\\\/wp-content\\\/uploads\\\/2024\\\/04\\\/392fe160-d400-4323-8fd6-34cfcbffca7e.jpg\",\"width\":1024,\"height\":1024},{\"@type\":\"BreadcrumbList\",\"@id\":\"https:\\\/\\\/www.notibras.com\\\/site\\\/ansiedade-por-pagode-parece-fazer-o-tempo-parar\\\/#breadcrumb\",\"itemListElement\":[{\"@type\":\"ListItem\",\"position\":1,\"name\":\"In\u00edcio\",\"item\":\"https:\\\/\\\/www.notibras.com\\\/site\\\/\"},{\"@type\":\"ListItem\",\"position\":2,\"name\":\"Ansiedade por pagode parece fazer o tempo parar\"}]},{\"@type\":\"WebSite\",\"@id\":\"https:\\\/\\\/www.notibras.com\\\/site\\\/#website\",\"url\":\"https:\\\/\\\/www.notibras.com\\\/site\\\/\",\"name\":\"Notibras\",\"description\":\"Not\u00edcias de Bras\u00edlia, do Brasil e do Mundo\",\"publisher\":{\"@id\":\"https:\\\/\\\/www.notibras.com\\\/site\\\/#organization\"},\"potentialAction\":[{\"@type\":\"SearchAction\",\"target\":{\"@type\":\"EntryPoint\",\"urlTemplate\":\"https:\\\/\\\/www.notibras.com\\\/site\\\/?s={search_term_string}\"},\"query-input\":{\"@type\":\"PropertyValueSpecification\",\"valueRequired\":true,\"valueName\":\"search_term_string\"}}],\"inLanguage\":\"pt-BR\"},{\"@type\":\"Organization\",\"@id\":\"https:\\\/\\\/www.notibras.com\\\/site\\\/#organization\",\"name\":\"Grupo Notibras de Comunica\u00e7\u00e3o\",\"url\":\"https:\\\/\\\/www.notibras.com\\\/site\\\/\",\"logo\":{\"@type\":\"ImageObject\",\"inLanguage\":\"pt-BR\",\"@id\":\"https:\\\/\\\/www.notibras.com\\\/site\\\/#\\\/schema\\\/logo\\\/image\\\/\",\"url\":\"https:\\\/\\\/www.notibras.com\\\/site\\\/wp-content\\\/uploads\\\/2023\\\/01\\\/notibras23.png\",\"contentUrl\":\"https:\\\/\\\/www.notibras.com\\\/site\\\/wp-content\\\/uploads\\\/2023\\\/01\\\/notibras23.png\",\"width\":350,\"height\":87,\"caption\":\"Grupo Notibras de Comunica\u00e7\u00e3o\"},\"image\":{\"@id\":\"https:\\\/\\\/www.notibras.com\\\/site\\\/#\\\/schema\\\/logo\\\/image\\\/\"},\"sameAs\":[\"https:\\\/\\\/www.facebook.com\\\/notibras\\\/\",\"https:\\\/\\\/x.com\\\/Notibras\",\"https:\\\/\\\/www.instagram.com\\\/notibras\\\/\"]},{\"@type\":\"Person\",\"@id\":\"https:\\\/\\\/www.notibras.com\\\/site\\\/#\\\/schema\\\/person\\\/36ab0979449956132d3e5b517ea76ac8\",\"name\":\"Reda\u00e7\u00e3o\",\"image\":{\"@type\":\"ImageObject\",\"inLanguage\":\"pt-BR\",\"@id\":\"https:\\\/\\\/secure.gravatar.com\\\/avatar\\\/e0a867bdedb85fd243eadf09663511f96fc81e0720a4a42581f334ad4303aa6b?s=96&d=mm&r=g\",\"url\":\"https:\\\/\\\/secure.gravatar.com\\\/avatar\\\/e0a867bdedb85fd243eadf09663511f96fc81e0720a4a42581f334ad4303aa6b?s=96&d=mm&r=g\",\"contentUrl\":\"https:\\\/\\\/secure.gravatar.com\\\/avatar\\\/e0a867bdedb85fd243eadf09663511f96fc81e0720a4a42581f334ad4303aa6b?s=96&d=mm&r=g\",\"caption\":\"Reda\u00e7\u00e3o\"}}]}<\/script>\n<!-- \/ Yoast SEO plugin. -->","yoast_head_json":{"title":"Ansiedade por pagode parece fazer o tempo parar - Notibras","robots":{"index":"index","follow":"follow","max-snippet":"max-snippet:-1","max-image-preview":"max-image-preview:large","max-video-preview":"max-video-preview:-1"},"canonical":"https:\/\/www.notibras.com\/site\/ansiedade-por-pagode-parece-fazer-o-tempo-parar\/","og_locale":"pt_BR","og_type":"article","og_title":"Ansiedade por pagode parece fazer o tempo parar - Notibras","og_description":"Sexta-feira, perto das 16h, l\u00e1 estava a Judite cheia de vontade de largar aquele monte de pap\u00e9is, correr para casa, tomar um banho e se jogar na roda de samba. Que nada! Precisava cumprir o hor\u00e1rio, pois bater o ponto antes seria reduzir ainda mais o parco sal\u00e1rio. Levantou-se, foi ao banheiro. Sentada no vaso, [&hellip;]","og_url":"https:\/\/www.notibras.com\/site\/ansiedade-por-pagode-parece-fazer-o-tempo-parar\/","og_site_name":"Notibras","article_publisher":"https:\/\/www.facebook.com\/notibras\/","article_published_time":"2024-04-15T09:31:49+00:00","article_modified_time":"2024-04-15T09:41:11+00:00","og_image":[{"width":1024,"height":1024,"url":"https:\/\/www.notibras.com\/site\/wp-content\/uploads\/2024\/04\/392fe160-d400-4323-8fd6-34cfcbffca7e.jpg","type":"image\/jpeg"}],"author":"Reda\u00e7\u00e3o","twitter_card":"summary_large_image","twitter_creator":"@Notibras","twitter_site":"@Notibras","twitter_misc":{"Escrito por":"Reda\u00e7\u00e3o","Est. tempo de leitura":"2 minutos"},"schema":{"@context":"https:\/\/schema.org","@graph":[{"@type":"Article","@id":"https:\/\/www.notibras.com\/site\/ansiedade-por-pagode-parece-fazer-o-tempo-parar\/#article","isPartOf":{"@id":"https:\/\/www.notibras.com\/site\/ansiedade-por-pagode-parece-fazer-o-tempo-parar\/"},"author":{"name":"Reda\u00e7\u00e3o","@id":"https:\/\/www.notibras.com\/site\/#\/schema\/person\/36ab0979449956132d3e5b517ea76ac8"},"headline":"Ansiedade por pagode parece fazer o tempo parar","datePublished":"2024-04-15T09:31:49+00:00","dateModified":"2024-04-15T09:41:11+00:00","mainEntityOfPage":{"@id":"https:\/\/www.notibras.com\/site\/ansiedade-por-pagode-parece-fazer-o-tempo-parar\/"},"wordCount":313,"publisher":{"@id":"https:\/\/www.notibras.com\/site\/#organization"},"image":{"@id":"https:\/\/www.notibras.com\/site\/ansiedade-por-pagode-parece-fazer-o-tempo-parar\/#primaryimage"},"thumbnailUrl":"https:\/\/www.notibras.com\/site\/wp-content\/uploads\/2024\/04\/392fe160-d400-4323-8fd6-34cfcbffca7e.jpg","articleSection":["Quadradinho em Foco"],"inLanguage":"pt-BR"},{"@type":"WebPage","@id":"https:\/\/www.notibras.com\/site\/ansiedade-por-pagode-parece-fazer-o-tempo-parar\/","url":"https:\/\/www.notibras.com\/site\/ansiedade-por-pagode-parece-fazer-o-tempo-parar\/","name":"Ansiedade por pagode parece fazer o tempo parar - Notibras","isPartOf":{"@id":"https:\/\/www.notibras.com\/site\/#website"},"primaryImageOfPage":{"@id":"https:\/\/www.notibras.com\/site\/ansiedade-por-pagode-parece-fazer-o-tempo-parar\/#primaryimage"},"image":{"@id":"https:\/\/www.notibras.com\/site\/ansiedade-por-pagode-parece-fazer-o-tempo-parar\/#primaryimage"},"thumbnailUrl":"https:\/\/www.notibras.com\/site\/wp-content\/uploads\/2024\/04\/392fe160-d400-4323-8fd6-34cfcbffca7e.jpg","datePublished":"2024-04-15T09:31:49+00:00","dateModified":"2024-04-15T09:41:11+00:00","breadcrumb":{"@id":"https:\/\/www.notibras.com\/site\/ansiedade-por-pagode-parece-fazer-o-tempo-parar\/#breadcrumb"},"inLanguage":"pt-BR","potentialAction":[{"@type":"ReadAction","target":["https:\/\/www.notibras.com\/site\/ansiedade-por-pagode-parece-fazer-o-tempo-parar\/"]}]},{"@type":"ImageObject","inLanguage":"pt-BR","@id":"https:\/\/www.notibras.com\/site\/ansiedade-por-pagode-parece-fazer-o-tempo-parar\/#primaryimage","url":"https:\/\/www.notibras.com\/site\/wp-content\/uploads\/2024\/04\/392fe160-d400-4323-8fd6-34cfcbffca7e.jpg","contentUrl":"https:\/\/www.notibras.com\/site\/wp-content\/uploads\/2024\/04\/392fe160-d400-4323-8fd6-34cfcbffca7e.jpg","width":1024,"height":1024},{"@type":"BreadcrumbList","@id":"https:\/\/www.notibras.com\/site\/ansiedade-por-pagode-parece-fazer-o-tempo-parar\/#breadcrumb","itemListElement":[{"@type":"ListItem","position":1,"name":"In\u00edcio","item":"https:\/\/www.notibras.com\/site\/"},{"@type":"ListItem","position":2,"name":"Ansiedade por pagode parece fazer o tempo parar"}]},{"@type":"WebSite","@id":"https:\/\/www.notibras.com\/site\/#website","url":"https:\/\/www.notibras.com\/site\/","name":"Notibras","description":"Not\u00edcias de Bras\u00edlia, do Brasil e do Mundo","publisher":{"@id":"https:\/\/www.notibras.com\/site\/#organization"},"potentialAction":[{"@type":"SearchAction","target":{"@type":"EntryPoint","urlTemplate":"https:\/\/www.notibras.com\/site\/?s={search_term_string}"},"query-input":{"@type":"PropertyValueSpecification","valueRequired":true,"valueName":"search_term_string"}}],"inLanguage":"pt-BR"},{"@type":"Organization","@id":"https:\/\/www.notibras.com\/site\/#organization","name":"Grupo Notibras de Comunica\u00e7\u00e3o","url":"https:\/\/www.notibras.com\/site\/","logo":{"@type":"ImageObject","inLanguage":"pt-BR","@id":"https:\/\/www.notibras.com\/site\/#\/schema\/logo\/image\/","url":"https:\/\/www.notibras.com\/site\/wp-content\/uploads\/2023\/01\/notibras23.png","contentUrl":"https:\/\/www.notibras.com\/site\/wp-content\/uploads\/2023\/01\/notibras23.png","width":350,"height":87,"caption":"Grupo Notibras de Comunica\u00e7\u00e3o"},"image":{"@id":"https:\/\/www.notibras.com\/site\/#\/schema\/logo\/image\/"},"sameAs":["https:\/\/www.facebook.com\/notibras\/","https:\/\/x.com\/Notibras","https:\/\/www.instagram.com\/notibras\/"]},{"@type":"Person","@id":"https:\/\/www.notibras.com\/site\/#\/schema\/person\/36ab0979449956132d3e5b517ea76ac8","name":"Reda\u00e7\u00e3o","image":{"@type":"ImageObject","inLanguage":"pt-BR","@id":"https:\/\/secure.gravatar.com\/avatar\/e0a867bdedb85fd243eadf09663511f96fc81e0720a4a42581f334ad4303aa6b?s=96&d=mm&r=g","url":"https:\/\/secure.gravatar.com\/avatar\/e0a867bdedb85fd243eadf09663511f96fc81e0720a4a42581f334ad4303aa6b?s=96&d=mm&r=g","contentUrl":"https:\/\/secure.gravatar.com\/avatar\/e0a867bdedb85fd243eadf09663511f96fc81e0720a4a42581f334ad4303aa6b?s=96&d=mm&r=g","caption":"Reda\u00e7\u00e3o"}}]}},"amp_enabled":true,"_links":{"self":[{"href":"https:\/\/www.notibras.com\/site\/wp-json\/wp\/v2\/posts\/326743","targetHints":{"allow":["GET"]}}],"collection":[{"href":"https:\/\/www.notibras.com\/site\/wp-json\/wp\/v2\/posts"}],"about":[{"href":"https:\/\/www.notibras.com\/site\/wp-json\/wp\/v2\/types\/post"}],"author":[{"embeddable":true,"href":"https:\/\/www.notibras.com\/site\/wp-json\/wp\/v2\/users\/2"}],"replies":[{"embeddable":true,"href":"https:\/\/www.notibras.com\/site\/wp-json\/wp\/v2\/comments?post=326743"}],"version-history":[{"count":1,"href":"https:\/\/www.notibras.com\/site\/wp-json\/wp\/v2\/posts\/326743\/revisions"}],"predecessor-version":[{"id":326745,"href":"https:\/\/www.notibras.com\/site\/wp-json\/wp\/v2\/posts\/326743\/revisions\/326745"}],"wp:featuredmedia":[{"embeddable":true,"href":"https:\/\/www.notibras.com\/site\/wp-json\/wp\/v2\/media\/326744"}],"wp:attachment":[{"href":"https:\/\/www.notibras.com\/site\/wp-json\/wp\/v2\/media?parent=326743"}],"wp:term":[{"taxonomy":"category","embeddable":true,"href":"https:\/\/www.notibras.com\/site\/wp-json\/wp\/v2\/categories?post=326743"},{"taxonomy":"post_tag","embeddable":true,"href":"https:\/\/www.notibras.com\/site\/wp-json\/wp\/v2\/tags?post=326743"}],"curies":[{"name":"wp","href":"https:\/\/api.w.org\/{rel}","templated":true}]}}