{"id":326752,"date":"2024-04-15T00:00:39","date_gmt":"2024-04-15T03:00:39","guid":{"rendered":"https:\/\/www.notibras.com\/site\/?p=326752"},"modified":"2024-04-15T07:07:31","modified_gmt":"2024-04-15T10:07:31","slug":"saneamento-rural-melhora-vida-no-pre-assentamento-por-do-sol","status":"publish","type":"post","link":"https:\/\/www.notibras.com\/site\/saneamento-rural-melhora-vida-no-pre-assentamento-por-do-sol\/","title":{"rendered":"Saneamento rural melhora vida no pr\u00e9-assentamento P\u00f4r do Sol"},"content":{"rendered":"<p>Moradores do pr\u00e9-assentamento P\u00f4r do Sol, em Sobradinho, comemoraram a instala\u00e7\u00e3o dos primeiros sistemas de saneamento rural individual em 21 propriedades, por meio do Programa de Saneamento Rural da Empresa de Assist\u00eancia T\u00e9cnica e Extens\u00e3o Rural do Distrito Federal. A entrega simb\u00f3lica foi realizada durante a\u00e7\u00e3o da Frente Parlamentar da Reforma Agr\u00e1ria.<\/p>\n<p>Atualmente, o assentamento tem 110 fam\u00edlias, que produzem ab\u00f3bora, mandioca, milho, feij\u00e3o, plantas ornamentais, frutas, temperos e, apesar das dificuldades com a \u00e1gua, alguns conseguem produzir tamb\u00e9m hortali\u00e7as.<\/p>\n<p>O presidente da Emater-DF, Cleison Duval, destacou que, desde 2020, j\u00e1 foram instalados mais de 400 sistemas individuais em propriedades de v\u00e1rias regi\u00f5es do Distrito Federal. Ele falou ainda sobre o conv\u00eanio com a Companhia de Saneamento Ambiental (Caesb), que vai instalar 254 sistemas aut\u00f4nomos individuais de tratamento de esgoto dom\u00e9stico em propriedades rurais contempladas pelo Programa Produtor de \u00c1gua do Rio Descoberto, ainda neste ano.<\/p>\n<p>\u201cEsses sistemas representam sa\u00fade do produtor, qualidade de vida no campo e produ\u00e7\u00e3o de alimentos com qualidade. Al\u00e9m disso, representa a dignidade humana das fam\u00edlias. Essas quest\u00f5es, para a Emater-DF, s\u00e3o de extrema import\u00e2ncia. A gente lutou muito para que isso desse certo\u201d, ressaltou o presidente da institui\u00e7\u00e3o.<\/p>\n<p>O programa surgiu da necessidade de melhoria da qualidade sanit\u00e1ria dos alimentos produzidos, bem como para a prote\u00e7\u00e3o ambiental e para a promo\u00e7\u00e3o da sa\u00fade coletiva no campo.<\/p>\n<p>A produtora Jurandi Rodrigues de Souza, 67 anos, foi uma das contempladas. No peda\u00e7o de terra em que vive h\u00e1 10 anos, ela planta arroz, feij\u00e3o, mandioca, ab\u00f3bora, quiabo e ainda uma horta com alface, cheiro-verde e outras oler\u00edcolas. \u201cEu estou maravilhada. A higiene \u00e9 outra coisa, n\u00e3o junta mosquito, nem muri\u00e7oca, n\u00e3o tem mais mau cheiro e ainda n\u00e3o atrapalha o solo\u201d, disse.<\/p>\n<p>Os sistemas de esgotamento sanit\u00e1rio individuais destinados ao pr\u00e9-assentamento P\u00f4r do Sol foram adquiridos por meio de emenda parlamentar do deputado distrital Gabriel Magno, que destinou mais de R$ 200 mil.<\/p>\n<p>\u201cEu, particularmente, tenho acompanhado mais de perto o trabalho da Emater-DF. \u00c9 uma capacidade de resolu\u00e7\u00e3o de problemas. A gente chega muitas vezes com um problema na mesa, que muitas vezes a gente n\u00e3o consegue resolver, e a Emater tem conseguido fazer isso de uma maneira muito inovadora. Essa capacidade de escuta que a Emater tem tido ajuda muito a pensar na solu\u00e7\u00e3o\u201d, afirmou o parlamentar.<\/p>\n<p>\u201cHoje a gente produz um pouco de tudo e muito alimento org\u00e2nico. A assist\u00eancia t\u00e9cnica e o acompanhamento da Emater-DF tem sido fundamental para a gente. Est\u00e3o sempre aqui trabalhando e ajudando a gente a produzir. N\u00f3s n\u00e3o conseguir\u00edamos viver sem a Emater. A empresa \u00e9 o bra\u00e7o, a m\u00e3o e os olhos do produtor\u201d, destacou o l\u00edder do pr\u00e9-assentamento P\u00f4r do Sol, Claudionor Pereira, que tamb\u00e9m faz parte do Movimento de Apoio ao Trabalhador Rural (MATR).<\/p>\n<p>\u201cEsperamos que este ano ainda a gente consiga criar o assentamento e de fato aumentar a produ\u00e7\u00e3o e que venha mais pol\u00edticas p\u00fablicas\u201d, refor\u00e7a Claudionor.<\/p>\n<p>Respons\u00e1vel pelos atendimentos da Emater-DF em Sobradinho, Clarissa Campos, que \u00e9 gerente do escrit\u00f3rio local da empresa, afirmou que enquanto o pr\u00e9-assentamento n\u00e3o se torna assentamento, a empresa vem fazendo atendimentos coletivos para o grupo.<\/p>\n<p>\u201cQuando eles conseguirem a regulariza\u00e7\u00e3o, a gente entra com as atividades e as metodologias individuais. Atualmente as maiores dificuldades est\u00e3o relacionadas \u00e0 \u00e1gua, mas j\u00e1 estamos ajudando, correndo atr\u00e1s para a implanta\u00e7\u00e3o de po\u00e7os coletivos. Assim eles poder\u00e3o ter mais condi\u00e7\u00f5es de plantar\u201d, acrescenta Clarissa.<\/p>\n<p>A superintendente regional do Incra DF e Entorno, Cl\u00e1udia Farinha, destacou a import\u00e2ncia dos sistemas de saneamento para os produtores rurais e tamb\u00e9m a uni\u00e3o de esfor\u00e7os para fazer chegar as pol\u00edticas p\u00fablicas aos trabalhadores, trazendo condi\u00e7\u00f5es dignas de vida \u00e0s fam\u00edlias. \u201cO que n\u00f3s estamos assistindo aqui \u00e9 um exemplo de sustentabilidade, tecnol\u00f3gica e import\u00e2ncia do apoio pol\u00edtico\u201d, disse o secret\u00e1rio de Agricultura, Fernando Rodriguez.<\/p>\n","protected":false},"excerpt":{"rendered":"<p>Moradores do pr\u00e9-assentamento P\u00f4r do Sol, em Sobradinho, comemoraram a instala\u00e7\u00e3o dos primeiros sistemas de saneamento rural individual em 21 propriedades, por meio do Programa de Saneamento Rural da Empresa de Assist\u00eancia T\u00e9cnica e Extens\u00e3o Rural do Distrito Federal. A entrega simb\u00f3lica foi realizada durante a\u00e7\u00e3o da Frente Parlamentar da Reforma Agr\u00e1ria. Atualmente, o assentamento [&hellip;]<\/p>\n","protected":false},"author":2,"featured_media":326753,"comment_status":"closed","ping_status":"closed","sticky":false,"template":"","format":"standard","meta":{"_acf_changed":false,"footnotes":""},"categories":[161],"tags":[],"class_list":["post-326752","post","type-post","status-publish","format-standard","has-post-thumbnail","hentry","category-quadradinho-em-foco"],"acf":[],"yoast_head":"<!-- This site is optimized with the Yoast SEO plugin v27.5 - https:\/\/yoast.com\/product\/yoast-seo-wordpress\/ -->\n<title>Saneamento rural melhora vida no pr\u00e9-assentamento P\u00f4r do Sol - Notibras<\/title>\n<meta name=\"robots\" content=\"index, follow, max-snippet:-1, max-image-preview:large, max-video-preview:-1\" \/>\n<link rel=\"canonical\" href=\"https:\/\/www.notibras.com\/site\/saneamento-rural-melhora-vida-no-pre-assentamento-por-do-sol\/\" \/>\n<meta property=\"og:locale\" content=\"pt_BR\" \/>\n<meta property=\"og:type\" content=\"article\" \/>\n<meta property=\"og:title\" content=\"Saneamento rural melhora vida no pr\u00e9-assentamento P\u00f4r do Sol - Notibras\" \/>\n<meta property=\"og:description\" content=\"Moradores do pr\u00e9-assentamento P\u00f4r do Sol, em Sobradinho, comemoraram a instala\u00e7\u00e3o dos primeiros sistemas de saneamento rural individual em 21 propriedades, por meio do Programa de Saneamento Rural da Empresa de Assist\u00eancia T\u00e9cnica e Extens\u00e3o Rural do Distrito Federal. A entrega simb\u00f3lica foi realizada durante a\u00e7\u00e3o da Frente Parlamentar da Reforma Agr\u00e1ria. Atualmente, o assentamento [&hellip;]\" \/>\n<meta property=\"og:url\" content=\"https:\/\/www.notibras.com\/site\/saneamento-rural-melhora-vida-no-pre-assentamento-por-do-sol\/\" \/>\n<meta property=\"og:site_name\" content=\"Notibras\" \/>\n<meta property=\"article:publisher\" content=\"https:\/\/www.facebook.com\/notibras\/\" \/>\n<meta property=\"article:published_time\" content=\"2024-04-15T03:00:39+00:00\" \/>\n<meta property=\"article:modified_time\" content=\"2024-04-15T10:07:31+00:00\" \/>\n<meta property=\"og:image\" content=\"https:\/\/www.notibras.com\/site\/wp-content\/uploads\/2024\/04\/WhatsApp-Image-2024-04-13-at-16.46.35-1536x1023-1.jpeg\" \/>\n\t<meta property=\"og:image:width\" content=\"1536\" \/>\n\t<meta property=\"og:image:height\" content=\"1023\" \/>\n\t<meta property=\"og:image:type\" content=\"image\/jpeg\" \/>\n<meta name=\"author\" content=\"Reda\u00e7\u00e3o\" \/>\n<meta name=\"twitter:card\" content=\"summary_large_image\" \/>\n<meta name=\"twitter:creator\" content=\"@Notibras\" \/>\n<meta name=\"twitter:site\" content=\"@Notibras\" \/>\n<meta name=\"twitter:label1\" content=\"Escrito por\" \/>\n\t<meta name=\"twitter:data1\" content=\"Reda\u00e7\u00e3o\" \/>\n\t<meta name=\"twitter:label2\" content=\"Est. tempo de leitura\" \/>\n\t<meta name=\"twitter:data2\" content=\"4 minutos\" \/>\n<script type=\"application\/ld+json\" class=\"yoast-schema-graph\">{\"@context\":\"https:\\\/\\\/schema.org\",\"@graph\":[{\"@type\":\"Article\",\"@id\":\"https:\\\/\\\/www.notibras.com\\\/site\\\/saneamento-rural-melhora-vida-no-pre-assentamento-por-do-sol\\\/#article\",\"isPartOf\":{\"@id\":\"https:\\\/\\\/www.notibras.com\\\/site\\\/saneamento-rural-melhora-vida-no-pre-assentamento-por-do-sol\\\/\"},\"author\":{\"name\":\"Reda\u00e7\u00e3o\",\"@id\":\"https:\\\/\\\/www.notibras.com\\\/site\\\/#\\\/schema\\\/person\\\/36ab0979449956132d3e5b517ea76ac8\"},\"headline\":\"Saneamento rural melhora vida no pr\u00e9-assentamento P\u00f4r do Sol\",\"datePublished\":\"2024-04-15T03:00:39+00:00\",\"dateModified\":\"2024-04-15T10:07:31+00:00\",\"mainEntityOfPage\":{\"@id\":\"https:\\\/\\\/www.notibras.com\\\/site\\\/saneamento-rural-melhora-vida-no-pre-assentamento-por-do-sol\\\/\"},\"wordCount\":715,\"publisher\":{\"@id\":\"https:\\\/\\\/www.notibras.com\\\/site\\\/#organization\"},\"image\":{\"@id\":\"https:\\\/\\\/www.notibras.com\\\/site\\\/saneamento-rural-melhora-vida-no-pre-assentamento-por-do-sol\\\/#primaryimage\"},\"thumbnailUrl\":\"https:\\\/\\\/www.notibras.com\\\/site\\\/wp-content\\\/uploads\\\/2024\\\/04\\\/WhatsApp-Image-2024-04-13-at-16.46.35-1536x1023-1.jpeg\",\"articleSection\":[\"Quadradinho em Foco\"],\"inLanguage\":\"pt-BR\"},{\"@type\":\"WebPage\",\"@id\":\"https:\\\/\\\/www.notibras.com\\\/site\\\/saneamento-rural-melhora-vida-no-pre-assentamento-por-do-sol\\\/\",\"url\":\"https:\\\/\\\/www.notibras.com\\\/site\\\/saneamento-rural-melhora-vida-no-pre-assentamento-por-do-sol\\\/\",\"name\":\"Saneamento rural melhora vida no pr\u00e9-assentamento P\u00f4r do Sol - Notibras\",\"isPartOf\":{\"@id\":\"https:\\\/\\\/www.notibras.com\\\/site\\\/#website\"},\"primaryImageOfPage\":{\"@id\":\"https:\\\/\\\/www.notibras.com\\\/site\\\/saneamento-rural-melhora-vida-no-pre-assentamento-por-do-sol\\\/#primaryimage\"},\"image\":{\"@id\":\"https:\\\/\\\/www.notibras.com\\\/site\\\/saneamento-rural-melhora-vida-no-pre-assentamento-por-do-sol\\\/#primaryimage\"},\"thumbnailUrl\":\"https:\\\/\\\/www.notibras.com\\\/site\\\/wp-content\\\/uploads\\\/2024\\\/04\\\/WhatsApp-Image-2024-04-13-at-16.46.35-1536x1023-1.jpeg\",\"datePublished\":\"2024-04-15T03:00:39+00:00\",\"dateModified\":\"2024-04-15T10:07:31+00:00\",\"breadcrumb\":{\"@id\":\"https:\\\/\\\/www.notibras.com\\\/site\\\/saneamento-rural-melhora-vida-no-pre-assentamento-por-do-sol\\\/#breadcrumb\"},\"inLanguage\":\"pt-BR\",\"potentialAction\":[{\"@type\":\"ReadAction\",\"target\":[\"https:\\\/\\\/www.notibras.com\\\/site\\\/saneamento-rural-melhora-vida-no-pre-assentamento-por-do-sol\\\/\"]}]},{\"@type\":\"ImageObject\",\"inLanguage\":\"pt-BR\",\"@id\":\"https:\\\/\\\/www.notibras.com\\\/site\\\/saneamento-rural-melhora-vida-no-pre-assentamento-por-do-sol\\\/#primaryimage\",\"url\":\"https:\\\/\\\/www.notibras.com\\\/site\\\/wp-content\\\/uploads\\\/2024\\\/04\\\/WhatsApp-Image-2024-04-13-at-16.46.35-1536x1023-1.jpeg\",\"contentUrl\":\"https:\\\/\\\/www.notibras.com\\\/site\\\/wp-content\\\/uploads\\\/2024\\\/04\\\/WhatsApp-Image-2024-04-13-at-16.46.35-1536x1023-1.jpeg\",\"width\":1536,\"height\":1023},{\"@type\":\"BreadcrumbList\",\"@id\":\"https:\\\/\\\/www.notibras.com\\\/site\\\/saneamento-rural-melhora-vida-no-pre-assentamento-por-do-sol\\\/#breadcrumb\",\"itemListElement\":[{\"@type\":\"ListItem\",\"position\":1,\"name\":\"In\u00edcio\",\"item\":\"https:\\\/\\\/www.notibras.com\\\/site\\\/\"},{\"@type\":\"ListItem\",\"position\":2,\"name\":\"Saneamento rural melhora vida no pr\u00e9-assentamento P\u00f4r do Sol\"}]},{\"@type\":\"WebSite\",\"@id\":\"https:\\\/\\\/www.notibras.com\\\/site\\\/#website\",\"url\":\"https:\\\/\\\/www.notibras.com\\\/site\\\/\",\"name\":\"Notibras\",\"description\":\"Not\u00edcias de Bras\u00edlia, do Brasil e do Mundo\",\"publisher\":{\"@id\":\"https:\\\/\\\/www.notibras.com\\\/site\\\/#organization\"},\"potentialAction\":[{\"@type\":\"SearchAction\",\"target\":{\"@type\":\"EntryPoint\",\"urlTemplate\":\"https:\\\/\\\/www.notibras.com\\\/site\\\/?s={search_term_string}\"},\"query-input\":{\"@type\":\"PropertyValueSpecification\",\"valueRequired\":true,\"valueName\":\"search_term_string\"}}],\"inLanguage\":\"pt-BR\"},{\"@type\":\"Organization\",\"@id\":\"https:\\\/\\\/www.notibras.com\\\/site\\\/#organization\",\"name\":\"Grupo Notibras de Comunica\u00e7\u00e3o\",\"url\":\"https:\\\/\\\/www.notibras.com\\\/site\\\/\",\"logo\":{\"@type\":\"ImageObject\",\"inLanguage\":\"pt-BR\",\"@id\":\"https:\\\/\\\/www.notibras.com\\\/site\\\/#\\\/schema\\\/logo\\\/image\\\/\",\"url\":\"https:\\\/\\\/www.notibras.com\\\/site\\\/wp-content\\\/uploads\\\/2023\\\/01\\\/notibras23.png\",\"contentUrl\":\"https:\\\/\\\/www.notibras.com\\\/site\\\/wp-content\\\/uploads\\\/2023\\\/01\\\/notibras23.png\",\"width\":350,\"height\":87,\"caption\":\"Grupo Notibras de Comunica\u00e7\u00e3o\"},\"image\":{\"@id\":\"https:\\\/\\\/www.notibras.com\\\/site\\\/#\\\/schema\\\/logo\\\/image\\\/\"},\"sameAs\":[\"https:\\\/\\\/www.facebook.com\\\/notibras\\\/\",\"https:\\\/\\\/x.com\\\/Notibras\",\"https:\\\/\\\/www.instagram.com\\\/notibras\\\/\"]},{\"@type\":\"Person\",\"@id\":\"https:\\\/\\\/www.notibras.com\\\/site\\\/#\\\/schema\\\/person\\\/36ab0979449956132d3e5b517ea76ac8\",\"name\":\"Reda\u00e7\u00e3o\",\"image\":{\"@type\":\"ImageObject\",\"inLanguage\":\"pt-BR\",\"@id\":\"https:\\\/\\\/secure.gravatar.com\\\/avatar\\\/e0a867bdedb85fd243eadf09663511f96fc81e0720a4a42581f334ad4303aa6b?s=96&d=mm&r=g\",\"url\":\"https:\\\/\\\/secure.gravatar.com\\\/avatar\\\/e0a867bdedb85fd243eadf09663511f96fc81e0720a4a42581f334ad4303aa6b?s=96&d=mm&r=g\",\"contentUrl\":\"https:\\\/\\\/secure.gravatar.com\\\/avatar\\\/e0a867bdedb85fd243eadf09663511f96fc81e0720a4a42581f334ad4303aa6b?s=96&d=mm&r=g\",\"caption\":\"Reda\u00e7\u00e3o\"}}]}<\/script>\n<!-- \/ Yoast SEO plugin. -->","yoast_head_json":{"title":"Saneamento rural melhora vida no pr\u00e9-assentamento P\u00f4r do Sol - Notibras","robots":{"index":"index","follow":"follow","max-snippet":"max-snippet:-1","max-image-preview":"max-image-preview:large","max-video-preview":"max-video-preview:-1"},"canonical":"https:\/\/www.notibras.com\/site\/saneamento-rural-melhora-vida-no-pre-assentamento-por-do-sol\/","og_locale":"pt_BR","og_type":"article","og_title":"Saneamento rural melhora vida no pr\u00e9-assentamento P\u00f4r do Sol - Notibras","og_description":"Moradores do pr\u00e9-assentamento P\u00f4r do Sol, em Sobradinho, comemoraram a instala\u00e7\u00e3o dos primeiros sistemas de saneamento rural individual em 21 propriedades, por meio do Programa de Saneamento Rural da Empresa de Assist\u00eancia T\u00e9cnica e Extens\u00e3o Rural do Distrito Federal. A entrega simb\u00f3lica foi realizada durante a\u00e7\u00e3o da Frente Parlamentar da Reforma Agr\u00e1ria. Atualmente, o assentamento [&hellip;]","og_url":"https:\/\/www.notibras.com\/site\/saneamento-rural-melhora-vida-no-pre-assentamento-por-do-sol\/","og_site_name":"Notibras","article_publisher":"https:\/\/www.facebook.com\/notibras\/","article_published_time":"2024-04-15T03:00:39+00:00","article_modified_time":"2024-04-15T10:07:31+00:00","og_image":[{"width":1536,"height":1023,"url":"https:\/\/www.notibras.com\/site\/wp-content\/uploads\/2024\/04\/WhatsApp-Image-2024-04-13-at-16.46.35-1536x1023-1.jpeg","type":"image\/jpeg"}],"author":"Reda\u00e7\u00e3o","twitter_card":"summary_large_image","twitter_creator":"@Notibras","twitter_site":"@Notibras","twitter_misc":{"Escrito por":"Reda\u00e7\u00e3o","Est. tempo de leitura":"4 minutos"},"schema":{"@context":"https:\/\/schema.org","@graph":[{"@type":"Article","@id":"https:\/\/www.notibras.com\/site\/saneamento-rural-melhora-vida-no-pre-assentamento-por-do-sol\/#article","isPartOf":{"@id":"https:\/\/www.notibras.com\/site\/saneamento-rural-melhora-vida-no-pre-assentamento-por-do-sol\/"},"author":{"name":"Reda\u00e7\u00e3o","@id":"https:\/\/www.notibras.com\/site\/#\/schema\/person\/36ab0979449956132d3e5b517ea76ac8"},"headline":"Saneamento rural melhora vida no pr\u00e9-assentamento P\u00f4r do Sol","datePublished":"2024-04-15T03:00:39+00:00","dateModified":"2024-04-15T10:07:31+00:00","mainEntityOfPage":{"@id":"https:\/\/www.notibras.com\/site\/saneamento-rural-melhora-vida-no-pre-assentamento-por-do-sol\/"},"wordCount":715,"publisher":{"@id":"https:\/\/www.notibras.com\/site\/#organization"},"image":{"@id":"https:\/\/www.notibras.com\/site\/saneamento-rural-melhora-vida-no-pre-assentamento-por-do-sol\/#primaryimage"},"thumbnailUrl":"https:\/\/www.notibras.com\/site\/wp-content\/uploads\/2024\/04\/WhatsApp-Image-2024-04-13-at-16.46.35-1536x1023-1.jpeg","articleSection":["Quadradinho em Foco"],"inLanguage":"pt-BR"},{"@type":"WebPage","@id":"https:\/\/www.notibras.com\/site\/saneamento-rural-melhora-vida-no-pre-assentamento-por-do-sol\/","url":"https:\/\/www.notibras.com\/site\/saneamento-rural-melhora-vida-no-pre-assentamento-por-do-sol\/","name":"Saneamento rural melhora vida no pr\u00e9-assentamento P\u00f4r do Sol - Notibras","isPartOf":{"@id":"https:\/\/www.notibras.com\/site\/#website"},"primaryImageOfPage":{"@id":"https:\/\/www.notibras.com\/site\/saneamento-rural-melhora-vida-no-pre-assentamento-por-do-sol\/#primaryimage"},"image":{"@id":"https:\/\/www.notibras.com\/site\/saneamento-rural-melhora-vida-no-pre-assentamento-por-do-sol\/#primaryimage"},"thumbnailUrl":"https:\/\/www.notibras.com\/site\/wp-content\/uploads\/2024\/04\/WhatsApp-Image-2024-04-13-at-16.46.35-1536x1023-1.jpeg","datePublished":"2024-04-15T03:00:39+00:00","dateModified":"2024-04-15T10:07:31+00:00","breadcrumb":{"@id":"https:\/\/www.notibras.com\/site\/saneamento-rural-melhora-vida-no-pre-assentamento-por-do-sol\/#breadcrumb"},"inLanguage":"pt-BR","potentialAction":[{"@type":"ReadAction","target":["https:\/\/www.notibras.com\/site\/saneamento-rural-melhora-vida-no-pre-assentamento-por-do-sol\/"]}]},{"@type":"ImageObject","inLanguage":"pt-BR","@id":"https:\/\/www.notibras.com\/site\/saneamento-rural-melhora-vida-no-pre-assentamento-por-do-sol\/#primaryimage","url":"https:\/\/www.notibras.com\/site\/wp-content\/uploads\/2024\/04\/WhatsApp-Image-2024-04-13-at-16.46.35-1536x1023-1.jpeg","contentUrl":"https:\/\/www.notibras.com\/site\/wp-content\/uploads\/2024\/04\/WhatsApp-Image-2024-04-13-at-16.46.35-1536x1023-1.jpeg","width":1536,"height":1023},{"@type":"BreadcrumbList","@id":"https:\/\/www.notibras.com\/site\/saneamento-rural-melhora-vida-no-pre-assentamento-por-do-sol\/#breadcrumb","itemListElement":[{"@type":"ListItem","position":1,"name":"In\u00edcio","item":"https:\/\/www.notibras.com\/site\/"},{"@type":"ListItem","position":2,"name":"Saneamento rural melhora vida no pr\u00e9-assentamento P\u00f4r do Sol"}]},{"@type":"WebSite","@id":"https:\/\/www.notibras.com\/site\/#website","url":"https:\/\/www.notibras.com\/site\/","name":"Notibras","description":"Not\u00edcias de Bras\u00edlia, do Brasil e do Mundo","publisher":{"@id":"https:\/\/www.notibras.com\/site\/#organization"},"potentialAction":[{"@type":"SearchAction","target":{"@type":"EntryPoint","urlTemplate":"https:\/\/www.notibras.com\/site\/?s={search_term_string}"},"query-input":{"@type":"PropertyValueSpecification","valueRequired":true,"valueName":"search_term_string"}}],"inLanguage":"pt-BR"},{"@type":"Organization","@id":"https:\/\/www.notibras.com\/site\/#organization","name":"Grupo Notibras de Comunica\u00e7\u00e3o","url":"https:\/\/www.notibras.com\/site\/","logo":{"@type":"ImageObject","inLanguage":"pt-BR","@id":"https:\/\/www.notibras.com\/site\/#\/schema\/logo\/image\/","url":"https:\/\/www.notibras.com\/site\/wp-content\/uploads\/2023\/01\/notibras23.png","contentUrl":"https:\/\/www.notibras.com\/site\/wp-content\/uploads\/2023\/01\/notibras23.png","width":350,"height":87,"caption":"Grupo Notibras de Comunica\u00e7\u00e3o"},"image":{"@id":"https:\/\/www.notibras.com\/site\/#\/schema\/logo\/image\/"},"sameAs":["https:\/\/www.facebook.com\/notibras\/","https:\/\/x.com\/Notibras","https:\/\/www.instagram.com\/notibras\/"]},{"@type":"Person","@id":"https:\/\/www.notibras.com\/site\/#\/schema\/person\/36ab0979449956132d3e5b517ea76ac8","name":"Reda\u00e7\u00e3o","image":{"@type":"ImageObject","inLanguage":"pt-BR","@id":"https:\/\/secure.gravatar.com\/avatar\/e0a867bdedb85fd243eadf09663511f96fc81e0720a4a42581f334ad4303aa6b?s=96&d=mm&r=g","url":"https:\/\/secure.gravatar.com\/avatar\/e0a867bdedb85fd243eadf09663511f96fc81e0720a4a42581f334ad4303aa6b?s=96&d=mm&r=g","contentUrl":"https:\/\/secure.gravatar.com\/avatar\/e0a867bdedb85fd243eadf09663511f96fc81e0720a4a42581f334ad4303aa6b?s=96&d=mm&r=g","caption":"Reda\u00e7\u00e3o"}}]}},"amp_enabled":true,"_links":{"self":[{"href":"https:\/\/www.notibras.com\/site\/wp-json\/wp\/v2\/posts\/326752","targetHints":{"allow":["GET"]}}],"collection":[{"href":"https:\/\/www.notibras.com\/site\/wp-json\/wp\/v2\/posts"}],"about":[{"href":"https:\/\/www.notibras.com\/site\/wp-json\/wp\/v2\/types\/post"}],"author":[{"embeddable":true,"href":"https:\/\/www.notibras.com\/site\/wp-json\/wp\/v2\/users\/2"}],"replies":[{"embeddable":true,"href":"https:\/\/www.notibras.com\/site\/wp-json\/wp\/v2\/comments?post=326752"}],"version-history":[{"count":1,"href":"https:\/\/www.notibras.com\/site\/wp-json\/wp\/v2\/posts\/326752\/revisions"}],"predecessor-version":[{"id":326754,"href":"https:\/\/www.notibras.com\/site\/wp-json\/wp\/v2\/posts\/326752\/revisions\/326754"}],"wp:featuredmedia":[{"embeddable":true,"href":"https:\/\/www.notibras.com\/site\/wp-json\/wp\/v2\/media\/326753"}],"wp:attachment":[{"href":"https:\/\/www.notibras.com\/site\/wp-json\/wp\/v2\/media?parent=326752"}],"wp:term":[{"taxonomy":"category","embeddable":true,"href":"https:\/\/www.notibras.com\/site\/wp-json\/wp\/v2\/categories?post=326752"},{"taxonomy":"post_tag","embeddable":true,"href":"https:\/\/www.notibras.com\/site\/wp-json\/wp\/v2\/tags?post=326752"}],"curies":[{"name":"wp","href":"https:\/\/api.w.org\/{rel}","templated":true}]}}