{"id":326755,"date":"2024-04-15T00:00:05","date_gmt":"2024-04-15T03:00:05","guid":{"rendered":"https:\/\/www.notibras.com\/site\/?p=326755"},"modified":"2024-04-15T07:13:18","modified_gmt":"2024-04-15T10:13:18","slug":"prestes-a-completar-55-anos-guara-ganha-obras-de-infraestrutura","status":"publish","type":"post","link":"https:\/\/www.notibras.com\/site\/prestes-a-completar-55-anos-guara-ganha-obras-de-infraestrutura\/","title":{"rendered":"Prestes a completar 55 anos, Guar\u00e1 ganha obras de infraestrutura"},"content":{"rendered":"<p>Os moradores do Guar\u00e1, em especial aqueles que residem nas imedia\u00e7\u00f5es das quadras QEs 38\/44 e no Setor Lucio Costa, t\u00eam motivos para comemorar. A cidade, que completa 55 anos em 5 de maio, tem recebido diversos investimentos do Governo do Distrito Federal (GDF). Novas cal\u00e7adas, ilumina\u00e7\u00e3o e ciclovias est\u00e3o ampliando a infraestrutura e mobilidade urbana da regi\u00e3o administrativa. Os valores aportados nas obras ultrapassam R$ 1 milh\u00e3o.<\/p>\n<p>No Setor Lucio Costa, mais de 2 mil metros de novas cal\u00e7adas com acessibilidade est\u00e3o sendo constru\u00eddas. A obra, em frente \u00e0 Unidade B\u00e1sica de Sa\u00fade (UBS) da cidade, ser\u00e1 finalizada com a instala\u00e7\u00e3o de meios-fios, sinaliza\u00e7\u00e3o com acessibilidade e uma ampla a\u00e7\u00e3o de podas preventivas na regi\u00e3o.<\/p>\n<p>A cabeleireira Alexandra Soares, que mora no Lucio Costa e tem um com\u00e9rcio em frente \u00e0s obras da cal\u00e7ada, avalia que a reforma trar\u00e1 muitos benef\u00edcios para os moradores. \u201cAcredito que ser\u00e1 muito bom; as cal\u00e7adas estavam esburacadas, e era necess\u00e1rio uma reforma para melhorar a acessibilidade para os idosos e deficientes. J\u00e1 estou vendo que elas est\u00e3o mais largas\u201d, conta.<\/p>\n<p>O administrador regional do Guar\u00e1, Artur Nogueira, afirma que o investimento em acessibilidade atende a uma das principais demandas registradas na Ouvidoria. \u201cFizemos uma enquete em sites, no jornal da cidade e na administra\u00e7\u00e3o, e os moradores apontaram que no Setor Lucio Costa precisava de novas cal\u00e7adas. A partir da\u00ed tomamos as provid\u00eancias e acionamos a Novacap\u201d, detalha.<\/p>\n<p>Desde 2019, a Novacap j\u00e1 restaurou 524 quil\u00f4metros de cal\u00e7adas em todas as 35 regi\u00f5es administrativas (RAs). S\u00f3 em 2023, o investimento nas obras passou de R$ 41 milh\u00f5es, resultando em 213.145,79 m\u00b2 de passagens recuperadas.<\/p>\n<p>Para o presidente da Novacap, Fernando Leite, a recupera\u00e7\u00e3o dos espa\u00e7os refor\u00e7a o sentimento de pertencimento e identidade comunit\u00e1ria da popula\u00e7\u00e3o. \u201cAs interven\u00e7\u00f5es nas \u00e1reas urbanas garantem a movimenta\u00e7\u00e3o constante de pessoas nesses locais, criam ambientes mais seguros. A Novacap est\u00e1 comprometida em transformar essas \u00e1reas em pontos de encontro positivos e seguros\u201d, afirma.<\/p>\n<p><strong>Ciclovia e ilumina\u00e7\u00e3o<\/strong><br \/>\nJ\u00e1 do outro lado do Guar\u00e1, os moradores que residem nas novas quadras de 48 a 58 e nas imedia\u00e7\u00f5es das QEs 38\/44 contam agora com uma nova ciclovia. Al\u00e9m de garantir a mobilidade, a obra amplia a seguran\u00e7a na regi\u00e3o, pois na \u00e1rea foram instalados novos pontos de ilumina\u00e7\u00e3o.<\/p>\n<p>A ciclovia, de 550 metros, foi conclu\u00edda no final de mar\u00e7o e j\u00e1 est\u00e1 pronta para uso da popula\u00e7\u00e3o. A obra, feita pelo Departamento de Estradas e Rodagem (DER), se soma aos mais de 670 quil\u00f4metros de malha ciclovi\u00e1ria do DF e recebeu um investimento de R$ 700 mil, verga origin\u00e1ria de emenda parlamentar da deputada distrital Dayse Amarilio.<\/p>\n<p>\u201cAntes, os pedestres e ciclistas dividiam a pista com os carros. Agora a realidade \u00e9 outra, e o espa\u00e7o tem sido frequentado por todos os moradores, pedalando, fazendo caminhada e exerc\u00edcios. \u00c9 qualidade de vida\u201d, conta o administrador.<\/p>\n<p>No local, onde n\u00e3o havia nenhum ponto de ilumina\u00e7\u00e3o p\u00fablica, foram aportados mais R$ 239 mil para a instala\u00e7\u00e3o de 61 novas lumin\u00e1rias em LED pela Companhia Energ\u00e9tica de Bras\u00edlia (CEB). Os recursos ainda possibilitaram iluminar a QE 08 (estacionamentos e o conjunto P) e a QE 10 (\u00e1rea verde). \u201cEstamos com 75% da cidade em LED, e queremos chegar at\u00e9 o fim do ano com 100% de eficientiza\u00e7\u00e3o\u201d, finaliza Nogueira.<\/p>\n","protected":false},"excerpt":{"rendered":"<p>Os moradores do Guar\u00e1, em especial aqueles que residem nas imedia\u00e7\u00f5es das quadras QEs 38\/44 e no Setor Lucio Costa, t\u00eam motivos para comemorar. A cidade, que completa 55 anos em 5 de maio, tem recebido diversos investimentos do Governo do Distrito Federal (GDF). Novas cal\u00e7adas, ilumina\u00e7\u00e3o e ciclovias est\u00e3o ampliando a infraestrutura e mobilidade [&hellip;]<\/p>\n","protected":false},"author":2,"featured_media":326756,"comment_status":"closed","ping_status":"closed","sticky":false,"template":"","format":"standard","meta":{"_acf_changed":false,"footnotes":""},"categories":[161],"tags":[],"class_list":["post-326755","post","type-post","status-publish","format-standard","has-post-thumbnail","hentry","category-quadradinho-em-foco"],"acf":[],"yoast_head":"<!-- This site is optimized with the Yoast SEO plugin v27.5 - https:\/\/yoast.com\/product\/yoast-seo-wordpress\/ -->\n<title>Prestes a completar 55 anos, Guar\u00e1 ganha obras de infraestrutura - Notibras<\/title>\n<meta name=\"robots\" content=\"index, follow, max-snippet:-1, max-image-preview:large, max-video-preview:-1\" \/>\n<link rel=\"canonical\" href=\"https:\/\/www.notibras.com\/site\/prestes-a-completar-55-anos-guara-ganha-obras-de-infraestrutura\/\" \/>\n<meta property=\"og:locale\" content=\"pt_BR\" \/>\n<meta property=\"og:type\" content=\"article\" \/>\n<meta property=\"og:title\" content=\"Prestes a completar 55 anos, Guar\u00e1 ganha obras de infraestrutura - Notibras\" \/>\n<meta property=\"og:description\" content=\"Os moradores do Guar\u00e1, em especial aqueles que residem nas imedia\u00e7\u00f5es das quadras QEs 38\/44 e no Setor Lucio Costa, t\u00eam motivos para comemorar. A cidade, que completa 55 anos em 5 de maio, tem recebido diversos investimentos do Governo do Distrito Federal (GDF). Novas cal\u00e7adas, ilumina\u00e7\u00e3o e ciclovias est\u00e3o ampliando a infraestrutura e mobilidade [&hellip;]\" \/>\n<meta property=\"og:url\" content=\"https:\/\/www.notibras.com\/site\/prestes-a-completar-55-anos-guara-ganha-obras-de-infraestrutura\/\" \/>\n<meta property=\"og:site_name\" content=\"Notibras\" \/>\n<meta property=\"article:publisher\" content=\"https:\/\/www.facebook.com\/notibras\/\" \/>\n<meta property=\"article:published_time\" content=\"2024-04-15T03:00:05+00:00\" \/>\n<meta property=\"article:modified_time\" content=\"2024-04-15T10:13:18+00:00\" \/>\n<meta property=\"og:image\" content=\"https:\/\/www.notibras.com\/site\/wp-content\/uploads\/2024\/04\/53652037442_5d8b83884d_c.jpg\" \/>\n\t<meta property=\"og:image:width\" content=\"799\" \/>\n\t<meta property=\"og:image:height\" content=\"533\" \/>\n\t<meta property=\"og:image:type\" content=\"image\/jpeg\" \/>\n<meta name=\"author\" content=\"Reda\u00e7\u00e3o\" \/>\n<meta name=\"twitter:card\" content=\"summary_large_image\" \/>\n<meta name=\"twitter:creator\" content=\"@Notibras\" \/>\n<meta name=\"twitter:site\" content=\"@Notibras\" \/>\n<meta name=\"twitter:label1\" content=\"Escrito por\" \/>\n\t<meta name=\"twitter:data1\" content=\"Reda\u00e7\u00e3o\" \/>\n\t<meta name=\"twitter:label2\" content=\"Est. tempo de leitura\" \/>\n\t<meta name=\"twitter:data2\" content=\"4 minutos\" \/>\n<script type=\"application\/ld+json\" class=\"yoast-schema-graph\">{\"@context\":\"https:\\\/\\\/schema.org\",\"@graph\":[{\"@type\":\"Article\",\"@id\":\"https:\\\/\\\/www.notibras.com\\\/site\\\/prestes-a-completar-55-anos-guara-ganha-obras-de-infraestrutura\\\/#article\",\"isPartOf\":{\"@id\":\"https:\\\/\\\/www.notibras.com\\\/site\\\/prestes-a-completar-55-anos-guara-ganha-obras-de-infraestrutura\\\/\"},\"author\":{\"name\":\"Reda\u00e7\u00e3o\",\"@id\":\"https:\\\/\\\/www.notibras.com\\\/site\\\/#\\\/schema\\\/person\\\/36ab0979449956132d3e5b517ea76ac8\"},\"headline\":\"Prestes a completar 55 anos, Guar\u00e1 ganha obras de infraestrutura\",\"datePublished\":\"2024-04-15T03:00:05+00:00\",\"dateModified\":\"2024-04-15T10:13:18+00:00\",\"mainEntityOfPage\":{\"@id\":\"https:\\\/\\\/www.notibras.com\\\/site\\\/prestes-a-completar-55-anos-guara-ganha-obras-de-infraestrutura\\\/\"},\"wordCount\":587,\"publisher\":{\"@id\":\"https:\\\/\\\/www.notibras.com\\\/site\\\/#organization\"},\"image\":{\"@id\":\"https:\\\/\\\/www.notibras.com\\\/site\\\/prestes-a-completar-55-anos-guara-ganha-obras-de-infraestrutura\\\/#primaryimage\"},\"thumbnailUrl\":\"https:\\\/\\\/www.notibras.com\\\/site\\\/wp-content\\\/uploads\\\/2024\\\/04\\\/53652037442_5d8b83884d_c.jpg\",\"articleSection\":[\"Quadradinho em Foco\"],\"inLanguage\":\"pt-BR\"},{\"@type\":\"WebPage\",\"@id\":\"https:\\\/\\\/www.notibras.com\\\/site\\\/prestes-a-completar-55-anos-guara-ganha-obras-de-infraestrutura\\\/\",\"url\":\"https:\\\/\\\/www.notibras.com\\\/site\\\/prestes-a-completar-55-anos-guara-ganha-obras-de-infraestrutura\\\/\",\"name\":\"Prestes a completar 55 anos, Guar\u00e1 ganha obras de infraestrutura - Notibras\",\"isPartOf\":{\"@id\":\"https:\\\/\\\/www.notibras.com\\\/site\\\/#website\"},\"primaryImageOfPage\":{\"@id\":\"https:\\\/\\\/www.notibras.com\\\/site\\\/prestes-a-completar-55-anos-guara-ganha-obras-de-infraestrutura\\\/#primaryimage\"},\"image\":{\"@id\":\"https:\\\/\\\/www.notibras.com\\\/site\\\/prestes-a-completar-55-anos-guara-ganha-obras-de-infraestrutura\\\/#primaryimage\"},\"thumbnailUrl\":\"https:\\\/\\\/www.notibras.com\\\/site\\\/wp-content\\\/uploads\\\/2024\\\/04\\\/53652037442_5d8b83884d_c.jpg\",\"datePublished\":\"2024-04-15T03:00:05+00:00\",\"dateModified\":\"2024-04-15T10:13:18+00:00\",\"breadcrumb\":{\"@id\":\"https:\\\/\\\/www.notibras.com\\\/site\\\/prestes-a-completar-55-anos-guara-ganha-obras-de-infraestrutura\\\/#breadcrumb\"},\"inLanguage\":\"pt-BR\",\"potentialAction\":[{\"@type\":\"ReadAction\",\"target\":[\"https:\\\/\\\/www.notibras.com\\\/site\\\/prestes-a-completar-55-anos-guara-ganha-obras-de-infraestrutura\\\/\"]}]},{\"@type\":\"ImageObject\",\"inLanguage\":\"pt-BR\",\"@id\":\"https:\\\/\\\/www.notibras.com\\\/site\\\/prestes-a-completar-55-anos-guara-ganha-obras-de-infraestrutura\\\/#primaryimage\",\"url\":\"https:\\\/\\\/www.notibras.com\\\/site\\\/wp-content\\\/uploads\\\/2024\\\/04\\\/53652037442_5d8b83884d_c.jpg\",\"contentUrl\":\"https:\\\/\\\/www.notibras.com\\\/site\\\/wp-content\\\/uploads\\\/2024\\\/04\\\/53652037442_5d8b83884d_c.jpg\",\"width\":799,\"height\":533},{\"@type\":\"BreadcrumbList\",\"@id\":\"https:\\\/\\\/www.notibras.com\\\/site\\\/prestes-a-completar-55-anos-guara-ganha-obras-de-infraestrutura\\\/#breadcrumb\",\"itemListElement\":[{\"@type\":\"ListItem\",\"position\":1,\"name\":\"In\u00edcio\",\"item\":\"https:\\\/\\\/www.notibras.com\\\/site\\\/\"},{\"@type\":\"ListItem\",\"position\":2,\"name\":\"Prestes a completar 55 anos, Guar\u00e1 ganha obras de infraestrutura\"}]},{\"@type\":\"WebSite\",\"@id\":\"https:\\\/\\\/www.notibras.com\\\/site\\\/#website\",\"url\":\"https:\\\/\\\/www.notibras.com\\\/site\\\/\",\"name\":\"Notibras\",\"description\":\"Not\u00edcias de Bras\u00edlia, do Brasil e do Mundo\",\"publisher\":{\"@id\":\"https:\\\/\\\/www.notibras.com\\\/site\\\/#organization\"},\"potentialAction\":[{\"@type\":\"SearchAction\",\"target\":{\"@type\":\"EntryPoint\",\"urlTemplate\":\"https:\\\/\\\/www.notibras.com\\\/site\\\/?s={search_term_string}\"},\"query-input\":{\"@type\":\"PropertyValueSpecification\",\"valueRequired\":true,\"valueName\":\"search_term_string\"}}],\"inLanguage\":\"pt-BR\"},{\"@type\":\"Organization\",\"@id\":\"https:\\\/\\\/www.notibras.com\\\/site\\\/#organization\",\"name\":\"Grupo Notibras de Comunica\u00e7\u00e3o\",\"url\":\"https:\\\/\\\/www.notibras.com\\\/site\\\/\",\"logo\":{\"@type\":\"ImageObject\",\"inLanguage\":\"pt-BR\",\"@id\":\"https:\\\/\\\/www.notibras.com\\\/site\\\/#\\\/schema\\\/logo\\\/image\\\/\",\"url\":\"https:\\\/\\\/www.notibras.com\\\/site\\\/wp-content\\\/uploads\\\/2023\\\/01\\\/notibras23.png\",\"contentUrl\":\"https:\\\/\\\/www.notibras.com\\\/site\\\/wp-content\\\/uploads\\\/2023\\\/01\\\/notibras23.png\",\"width\":350,\"height\":87,\"caption\":\"Grupo Notibras de Comunica\u00e7\u00e3o\"},\"image\":{\"@id\":\"https:\\\/\\\/www.notibras.com\\\/site\\\/#\\\/schema\\\/logo\\\/image\\\/\"},\"sameAs\":[\"https:\\\/\\\/www.facebook.com\\\/notibras\\\/\",\"https:\\\/\\\/x.com\\\/Notibras\",\"https:\\\/\\\/www.instagram.com\\\/notibras\\\/\"]},{\"@type\":\"Person\",\"@id\":\"https:\\\/\\\/www.notibras.com\\\/site\\\/#\\\/schema\\\/person\\\/36ab0979449956132d3e5b517ea76ac8\",\"name\":\"Reda\u00e7\u00e3o\",\"image\":{\"@type\":\"ImageObject\",\"inLanguage\":\"pt-BR\",\"@id\":\"https:\\\/\\\/secure.gravatar.com\\\/avatar\\\/e0a867bdedb85fd243eadf09663511f96fc81e0720a4a42581f334ad4303aa6b?s=96&d=mm&r=g\",\"url\":\"https:\\\/\\\/secure.gravatar.com\\\/avatar\\\/e0a867bdedb85fd243eadf09663511f96fc81e0720a4a42581f334ad4303aa6b?s=96&d=mm&r=g\",\"contentUrl\":\"https:\\\/\\\/secure.gravatar.com\\\/avatar\\\/e0a867bdedb85fd243eadf09663511f96fc81e0720a4a42581f334ad4303aa6b?s=96&d=mm&r=g\",\"caption\":\"Reda\u00e7\u00e3o\"}}]}<\/script>\n<!-- \/ Yoast SEO plugin. -->","yoast_head_json":{"title":"Prestes a completar 55 anos, Guar\u00e1 ganha obras de infraestrutura - Notibras","robots":{"index":"index","follow":"follow","max-snippet":"max-snippet:-1","max-image-preview":"max-image-preview:large","max-video-preview":"max-video-preview:-1"},"canonical":"https:\/\/www.notibras.com\/site\/prestes-a-completar-55-anos-guara-ganha-obras-de-infraestrutura\/","og_locale":"pt_BR","og_type":"article","og_title":"Prestes a completar 55 anos, Guar\u00e1 ganha obras de infraestrutura - Notibras","og_description":"Os moradores do Guar\u00e1, em especial aqueles que residem nas imedia\u00e7\u00f5es das quadras QEs 38\/44 e no Setor Lucio Costa, t\u00eam motivos para comemorar. A cidade, que completa 55 anos em 5 de maio, tem recebido diversos investimentos do Governo do Distrito Federal (GDF). Novas cal\u00e7adas, ilumina\u00e7\u00e3o e ciclovias est\u00e3o ampliando a infraestrutura e mobilidade [&hellip;]","og_url":"https:\/\/www.notibras.com\/site\/prestes-a-completar-55-anos-guara-ganha-obras-de-infraestrutura\/","og_site_name":"Notibras","article_publisher":"https:\/\/www.facebook.com\/notibras\/","article_published_time":"2024-04-15T03:00:05+00:00","article_modified_time":"2024-04-15T10:13:18+00:00","og_image":[{"width":799,"height":533,"url":"https:\/\/www.notibras.com\/site\/wp-content\/uploads\/2024\/04\/53652037442_5d8b83884d_c.jpg","type":"image\/jpeg"}],"author":"Reda\u00e7\u00e3o","twitter_card":"summary_large_image","twitter_creator":"@Notibras","twitter_site":"@Notibras","twitter_misc":{"Escrito por":"Reda\u00e7\u00e3o","Est. tempo de leitura":"4 minutos"},"schema":{"@context":"https:\/\/schema.org","@graph":[{"@type":"Article","@id":"https:\/\/www.notibras.com\/site\/prestes-a-completar-55-anos-guara-ganha-obras-de-infraestrutura\/#article","isPartOf":{"@id":"https:\/\/www.notibras.com\/site\/prestes-a-completar-55-anos-guara-ganha-obras-de-infraestrutura\/"},"author":{"name":"Reda\u00e7\u00e3o","@id":"https:\/\/www.notibras.com\/site\/#\/schema\/person\/36ab0979449956132d3e5b517ea76ac8"},"headline":"Prestes a completar 55 anos, Guar\u00e1 ganha obras de infraestrutura","datePublished":"2024-04-15T03:00:05+00:00","dateModified":"2024-04-15T10:13:18+00:00","mainEntityOfPage":{"@id":"https:\/\/www.notibras.com\/site\/prestes-a-completar-55-anos-guara-ganha-obras-de-infraestrutura\/"},"wordCount":587,"publisher":{"@id":"https:\/\/www.notibras.com\/site\/#organization"},"image":{"@id":"https:\/\/www.notibras.com\/site\/prestes-a-completar-55-anos-guara-ganha-obras-de-infraestrutura\/#primaryimage"},"thumbnailUrl":"https:\/\/www.notibras.com\/site\/wp-content\/uploads\/2024\/04\/53652037442_5d8b83884d_c.jpg","articleSection":["Quadradinho em Foco"],"inLanguage":"pt-BR"},{"@type":"WebPage","@id":"https:\/\/www.notibras.com\/site\/prestes-a-completar-55-anos-guara-ganha-obras-de-infraestrutura\/","url":"https:\/\/www.notibras.com\/site\/prestes-a-completar-55-anos-guara-ganha-obras-de-infraestrutura\/","name":"Prestes a completar 55 anos, Guar\u00e1 ganha obras de infraestrutura - Notibras","isPartOf":{"@id":"https:\/\/www.notibras.com\/site\/#website"},"primaryImageOfPage":{"@id":"https:\/\/www.notibras.com\/site\/prestes-a-completar-55-anos-guara-ganha-obras-de-infraestrutura\/#primaryimage"},"image":{"@id":"https:\/\/www.notibras.com\/site\/prestes-a-completar-55-anos-guara-ganha-obras-de-infraestrutura\/#primaryimage"},"thumbnailUrl":"https:\/\/www.notibras.com\/site\/wp-content\/uploads\/2024\/04\/53652037442_5d8b83884d_c.jpg","datePublished":"2024-04-15T03:00:05+00:00","dateModified":"2024-04-15T10:13:18+00:00","breadcrumb":{"@id":"https:\/\/www.notibras.com\/site\/prestes-a-completar-55-anos-guara-ganha-obras-de-infraestrutura\/#breadcrumb"},"inLanguage":"pt-BR","potentialAction":[{"@type":"ReadAction","target":["https:\/\/www.notibras.com\/site\/prestes-a-completar-55-anos-guara-ganha-obras-de-infraestrutura\/"]}]},{"@type":"ImageObject","inLanguage":"pt-BR","@id":"https:\/\/www.notibras.com\/site\/prestes-a-completar-55-anos-guara-ganha-obras-de-infraestrutura\/#primaryimage","url":"https:\/\/www.notibras.com\/site\/wp-content\/uploads\/2024\/04\/53652037442_5d8b83884d_c.jpg","contentUrl":"https:\/\/www.notibras.com\/site\/wp-content\/uploads\/2024\/04\/53652037442_5d8b83884d_c.jpg","width":799,"height":533},{"@type":"BreadcrumbList","@id":"https:\/\/www.notibras.com\/site\/prestes-a-completar-55-anos-guara-ganha-obras-de-infraestrutura\/#breadcrumb","itemListElement":[{"@type":"ListItem","position":1,"name":"In\u00edcio","item":"https:\/\/www.notibras.com\/site\/"},{"@type":"ListItem","position":2,"name":"Prestes a completar 55 anos, Guar\u00e1 ganha obras de infraestrutura"}]},{"@type":"WebSite","@id":"https:\/\/www.notibras.com\/site\/#website","url":"https:\/\/www.notibras.com\/site\/","name":"Notibras","description":"Not\u00edcias de Bras\u00edlia, do Brasil e do Mundo","publisher":{"@id":"https:\/\/www.notibras.com\/site\/#organization"},"potentialAction":[{"@type":"SearchAction","target":{"@type":"EntryPoint","urlTemplate":"https:\/\/www.notibras.com\/site\/?s={search_term_string}"},"query-input":{"@type":"PropertyValueSpecification","valueRequired":true,"valueName":"search_term_string"}}],"inLanguage":"pt-BR"},{"@type":"Organization","@id":"https:\/\/www.notibras.com\/site\/#organization","name":"Grupo Notibras de Comunica\u00e7\u00e3o","url":"https:\/\/www.notibras.com\/site\/","logo":{"@type":"ImageObject","inLanguage":"pt-BR","@id":"https:\/\/www.notibras.com\/site\/#\/schema\/logo\/image\/","url":"https:\/\/www.notibras.com\/site\/wp-content\/uploads\/2023\/01\/notibras23.png","contentUrl":"https:\/\/www.notibras.com\/site\/wp-content\/uploads\/2023\/01\/notibras23.png","width":350,"height":87,"caption":"Grupo Notibras de Comunica\u00e7\u00e3o"},"image":{"@id":"https:\/\/www.notibras.com\/site\/#\/schema\/logo\/image\/"},"sameAs":["https:\/\/www.facebook.com\/notibras\/","https:\/\/x.com\/Notibras","https:\/\/www.instagram.com\/notibras\/"]},{"@type":"Person","@id":"https:\/\/www.notibras.com\/site\/#\/schema\/person\/36ab0979449956132d3e5b517ea76ac8","name":"Reda\u00e7\u00e3o","image":{"@type":"ImageObject","inLanguage":"pt-BR","@id":"https:\/\/secure.gravatar.com\/avatar\/e0a867bdedb85fd243eadf09663511f96fc81e0720a4a42581f334ad4303aa6b?s=96&d=mm&r=g","url":"https:\/\/secure.gravatar.com\/avatar\/e0a867bdedb85fd243eadf09663511f96fc81e0720a4a42581f334ad4303aa6b?s=96&d=mm&r=g","contentUrl":"https:\/\/secure.gravatar.com\/avatar\/e0a867bdedb85fd243eadf09663511f96fc81e0720a4a42581f334ad4303aa6b?s=96&d=mm&r=g","caption":"Reda\u00e7\u00e3o"}}]}},"amp_enabled":true,"_links":{"self":[{"href":"https:\/\/www.notibras.com\/site\/wp-json\/wp\/v2\/posts\/326755","targetHints":{"allow":["GET"]}}],"collection":[{"href":"https:\/\/www.notibras.com\/site\/wp-json\/wp\/v2\/posts"}],"about":[{"href":"https:\/\/www.notibras.com\/site\/wp-json\/wp\/v2\/types\/post"}],"author":[{"embeddable":true,"href":"https:\/\/www.notibras.com\/site\/wp-json\/wp\/v2\/users\/2"}],"replies":[{"embeddable":true,"href":"https:\/\/www.notibras.com\/site\/wp-json\/wp\/v2\/comments?post=326755"}],"version-history":[{"count":1,"href":"https:\/\/www.notibras.com\/site\/wp-json\/wp\/v2\/posts\/326755\/revisions"}],"predecessor-version":[{"id":326757,"href":"https:\/\/www.notibras.com\/site\/wp-json\/wp\/v2\/posts\/326755\/revisions\/326757"}],"wp:featuredmedia":[{"embeddable":true,"href":"https:\/\/www.notibras.com\/site\/wp-json\/wp\/v2\/media\/326756"}],"wp:attachment":[{"href":"https:\/\/www.notibras.com\/site\/wp-json\/wp\/v2\/media?parent=326755"}],"wp:term":[{"taxonomy":"category","embeddable":true,"href":"https:\/\/www.notibras.com\/site\/wp-json\/wp\/v2\/categories?post=326755"},{"taxonomy":"post_tag","embeddable":true,"href":"https:\/\/www.notibras.com\/site\/wp-json\/wp\/v2\/tags?post=326755"}],"curies":[{"name":"wp","href":"https:\/\/api.w.org\/{rel}","templated":true}]}}