{"id":326787,"date":"2024-04-15T16:55:51","date_gmt":"2024-04-15T19:55:51","guid":{"rendered":"https:\/\/www.notibras.com\/site\/?p=326787"},"modified":"2024-04-15T16:55:51","modified_gmt":"2024-04-15T19:55:51","slug":"padroeiro-de-cavaleiros-sao-jorge-deixa-cavalheiro-na-mao","status":"publish","type":"post","link":"https:\/\/www.notibras.com\/site\/padroeiro-de-cavaleiros-sao-jorge-deixa-cavalheiro-na-mao\/","title":{"rendered":"Padroeiro de cavaleiros, S\u00e3o Jorge deixa cavalheiro na m\u00e3o"},"content":{"rendered":"<p>A matriz da empresa em que Saulo trabalhava era em S\u00e3o Paulo. Ele, engenheiro s\u00eanior da filial do Rio de Janeiro, ficara encarregado de ministrar um pequeno curso telepresencial aos novos contratados na matriz. Sua base, no Rio, providenciara todo o necess\u00e1rio para que o evento ocorresse. No dia designado, palestrou on line para seis profissionais, bem mais jovens que ele, dentre os quais ficou fascinado por M\u00f4nica.<\/p>\n<p>Quase fraquejou em mandar o seu recado por conta da vis\u00e3o daquele rosto encantador, seus cabelos cacheados, meio louros, em leve desalinho, seu queixo delicado, o nariz perfeito, seu olho esquerdo ligeiramente estr\u00e1bico. Mas era, para ele, a s\u00edntese de toda perfei\u00e7\u00e3o. E que voz ela tinha! O sotaque paulista, que nos outros ele detestava, dava-lhe um charme especial. Pode ser at\u00e9 que outros n\u00e3o notassem na mo\u00e7a a mesma beleza, mas, para Saulo, ela era \u00f3bvia, absoluta, total, surpreendente.<\/p>\n<p>Ao fim do curso, fizeram um grupo no Whatsapp. O time paulista viria \u00e0 Cidade Maravilhosa dali a algumas semanas para conhecer as atividades da empresa na capital fluminense, voltada a opera\u00e7\u00f5es industriais, diferentemente da matriz paulista, dedicada a projetos de base. Do grupo no celular para o desenvolvimento da conversa a dois entre M\u00f4nica e Saulo foi um pulo, embora ele andasse na d\u00favida se o interesse era correspondido. Havia apenas uma possibilidade.<\/p>\n<p>Fazia tempo que Saulo n\u00e3o era tratado por uma mulher com tanta aten\u00e7\u00e3o e carinho, mesmo que isso ocorresse virtualmente. A conversa entre os dois ia se intensificando e, em poucos dias, ele sentia como se fossem velhos conhecidos, confidentes, amigos&#8230;<\/p>\n<p>Os papos, at\u00e9 altas horas, oscilavam entre experi\u00eancias pessoais e gostos na m\u00fasica e na literatura. Comidas, viagens e sonhos. Saulo n\u00e3o conseguia mais esconder de si mesmo: estava perdidamente apaixonado por uma mo\u00e7a quinze anos mais jovem que jamais vira pessoalmente.<\/p>\n<p>M\u00f4nica era seu pensamento mais frequente, se n\u00e3o o \u00fanico, da hora de acordar at\u00e9 quando se deitava. E ainda sonhava com ela.<\/p>\n<p>O casamento de Saulo balan\u00e7ava havia muitos meses. Sua mulher, Nat\u00e1lia, ficara indiferente a ele por v\u00e1rios motivos, raz\u00f5es e m\u00e1goas jamais conversadas e nunca resolvidas. Moravam, ainda, sob o mesmo teto, tinham filhos em idade escolar, mas n\u00e3o formavam mais um casal. A comunica\u00e7\u00e3o entre ambos era sobre o essencial na gest\u00e3o de uma fam\u00edlia.<\/p>\n<p>No entanto, repugnava-lhe a ideia de ser infiel a Nat\u00e1lia. Afinal, tinha-lhe carinho e respeito por tudo que haviam passado juntos na vida.<\/p>\n<p>Mas a for\u00e7a do que sentia por M\u00f4nica era fatal. Impelia-lhe para longe do lar, para longe dos votos que, um dia, fizera no altar. N\u00e3o teve coragem de dizer a M\u00f4nica que era casado, nem que tinha filhos. Sentia-se anos mais jovem, sorria pensando em M\u00f4nica, nas possibilidades que se descortinavam em sua vida.<\/p>\n<p>At\u00e9 que chegou o t\u00e3o esperado dia de se encontrar com a mo\u00e7a. Ele lembrou-se de tirar a alian\u00e7a. Mas ficou uma forte marca em seu dedo anelar esquerdo. Foi a uma loja de bijuterias finas pr\u00f3xima do trabalho e comprou um anel com S\u00e3o Jorge estampado. No momento do encontro, colocaria o anel do santo no dedo para cobrir o lugar do outro anel dourado e bento, que denunciava sua condi\u00e7\u00e3o.<\/p>\n<p>Passou o dia com o time de engenheiros de S\u00e3o Paulo e mais alguns diretores da empresa, tanto da matriz quanto da filial, sendo o mais profissional poss\u00edvel. Mas, ao longo do expediente, j\u00e1 entendera que era correspondido e trocara mensagens com M\u00f4nica de escancarado interesse m\u00fatuo:<\/p>\n<p>\u201cDoido para isso aqui acabar e ter voc\u00ea s\u00f3 pra mim \uf04b\uf04b\u201d<\/p>\n<p>\u201cEu tamb\u00e9m n\u00e3o vejo a hora. Vamos fazer algo mais tarde? \uf04d\u201d<\/p>\n<p>Ao fim do expediente, ambos recusaram participar de um jantar num belo restaurante da orla da Barra da Tijuca e ficaram juntos. Amaram-se intensamente e despediram-se na manh\u00e3 seguinte, antes que M\u00f4nica fosse para o aeroporto pegar o avi\u00e3o de volta para S\u00e3o Paulo.<\/p>\n<p>Saulo foi para casa pensando na desculpa que daria por haver passado a noite fora, com o celular desligado. Talvez isso houvesse desesperado sua mulher e seus filhos.<\/p>\n<p>Mas, para sua surpresa, Nat\u00e1lia n\u00e3o esbo\u00e7ou qualquer rea\u00e7\u00e3o quando viu-o entrando pela porta da cozinha do apartamento antes das sete horas da manh\u00e3. O clima, que j\u00e1 se encontrava pesado, intensificou-se em frieza e indiferen\u00e7a. Nat\u00e1lia n\u00e3o era tola. Saulo dera sinais. As mulheres percebem essas coisas. Por isso, n\u00e3o havia necessidade de maiores explica\u00e7\u00f5es. S\u00f3 estabeleceram que tinham de conversar seriamente. E assim fizeram, ainda naquela semana, quando decidiram pelo div\u00f3rcio consensual ap\u00f3s vinte e dois anos juntos.<\/p>\n<p>Naquele mesmo final de semana, Saulo pegou uma ponte a\u00e9rea e foi em busca de M\u00f4nica em S\u00e3o Paulo, de quem sequer sabia ainda o endere\u00e7o. L\u00e1 chegando, telefonou para ela. Encontraram-se num shopping pr\u00f3ximo do aeroporto, onde jantaram e, depois, foram para o apartamento dela onde, mais uma vez, se amaram. Ele ensaiava mentalmente v\u00e1rias vezes como iria explicar sua situa\u00e7\u00e3o de homem casado, prestes a se divorciar. Queria propor casamento a M\u00f4nica t\u00e3o logo tudo se resolvesse.<\/p>\n<p>A certa altura, M\u00f4nica surpreendeu-o dizendo:<\/p>\n<p>\u201cPor que voc\u00ea n\u00e3o est\u00e1 sendo totalmente sincero comigo?\u201d<\/p>\n<p>Antes que balbuciasse uma resposta, Saulo percebeu que passara o tempo todo com a alian\u00e7a devidamente instalada no dedo anelar esquerdo, pela qual havia substitu\u00eddo o anel de S\u00e3o Jorge, agora guardado no porta-luvas do carro, t\u00e3o logo despedira-se de M\u00f4nica na sa\u00edda do motel h\u00e1 poucos dias, no Rio.<\/p>\n<p>Muito envergonhado, abriu o jogo para sua jovem enamorada, que lhe recusou terminantemente a proposta de ficarem juntos, pois n\u00e3o estava se sentindo preparada para uma rela\u00e7\u00e3o de longo prazo, e sequer gostaria que Saulo continuasse a vir v\u00ea-la em S\u00e3o Paulo.<\/p>\n<p>Saulo acabou perdendo M\u00f4nica e se divorciou de Nat\u00e1lia, sem conservar o respeito ou a amizade de nenhuma das duas por sua deslealdade.<\/p>\n<p>O anel de S\u00e3o Jorge jaz hoje em dia nas profundezas lodosas de um rio, jogado de cima de uma ponte da estrada pela qual Saulo passara no dia em que sa\u00edra do Rio de Janeiro, de carro, para passear sem destino e tentar amenizar o remorso e a tristeza por haver feito o p\u00e9ssimo papel de homem que conseguiu enganar, de uma s\u00f3 vez, a esposa e a amante.<\/p>\n","protected":false},"excerpt":{"rendered":"<p>A matriz da empresa em que Saulo trabalhava era em S\u00e3o Paulo. Ele, engenheiro s\u00eanior da filial do Rio de Janeiro, ficara encarregado de ministrar um pequeno curso telepresencial aos novos contratados na matriz. Sua base, no Rio, providenciara todo o necess\u00e1rio para que o evento ocorresse. No dia designado, palestrou on line para seis [&hellip;]<\/p>\n","protected":false},"author":2,"featured_media":326788,"comment_status":"closed","ping_status":"closed","sticky":false,"template":"","format":"standard","meta":{"_acf_changed":false,"footnotes":""},"categories":[161],"tags":[],"class_list":["post-326787","post","type-post","status-publish","format-standard","has-post-thumbnail","hentry","category-quadradinho-em-foco"],"acf":[],"yoast_head":"<!-- This site is optimized with the Yoast SEO plugin v27.5 - https:\/\/yoast.com\/product\/yoast-seo-wordpress\/ -->\n<title>Padroeiro de cavaleiros, S\u00e3o Jorge deixa cavalheiro na m\u00e3o - Notibras<\/title>\n<meta name=\"robots\" content=\"index, follow, max-snippet:-1, max-image-preview:large, max-video-preview:-1\" \/>\n<link rel=\"canonical\" href=\"https:\/\/www.notibras.com\/site\/padroeiro-de-cavaleiros-sao-jorge-deixa-cavalheiro-na-mao\/\" \/>\n<meta property=\"og:locale\" content=\"pt_BR\" \/>\n<meta property=\"og:type\" content=\"article\" \/>\n<meta property=\"og:title\" content=\"Padroeiro de cavaleiros, S\u00e3o Jorge deixa cavalheiro na m\u00e3o - Notibras\" \/>\n<meta property=\"og:description\" content=\"A matriz da empresa em que Saulo trabalhava era em S\u00e3o Paulo. Ele, engenheiro s\u00eanior da filial do Rio de Janeiro, ficara encarregado de ministrar um pequeno curso telepresencial aos novos contratados na matriz. Sua base, no Rio, providenciara todo o necess\u00e1rio para que o evento ocorresse. No dia designado, palestrou on line para seis [&hellip;]\" \/>\n<meta property=\"og:url\" content=\"https:\/\/www.notibras.com\/site\/padroeiro-de-cavaleiros-sao-jorge-deixa-cavalheiro-na-mao\/\" \/>\n<meta property=\"og:site_name\" content=\"Notibras\" \/>\n<meta property=\"article:publisher\" content=\"https:\/\/www.facebook.com\/notibras\/\" \/>\n<meta property=\"article:published_time\" content=\"2024-04-15T19:55:51+00:00\" \/>\n<meta property=\"og:image\" content=\"https:\/\/www.notibras.com\/site\/wp-content\/uploads\/2024\/04\/0dc2e8b6-a9ef-4032-9926-de3138af9911.jpg\" \/>\n\t<meta property=\"og:image:width\" content=\"1024\" \/>\n\t<meta property=\"og:image:height\" content=\"1024\" \/>\n\t<meta property=\"og:image:type\" content=\"image\/jpeg\" \/>\n<meta name=\"author\" content=\"Reda\u00e7\u00e3o\" \/>\n<meta name=\"twitter:card\" content=\"summary_large_image\" \/>\n<meta name=\"twitter:creator\" content=\"@Notibras\" \/>\n<meta name=\"twitter:site\" content=\"@Notibras\" \/>\n<meta name=\"twitter:label1\" content=\"Escrito por\" \/>\n\t<meta name=\"twitter:data1\" content=\"Reda\u00e7\u00e3o\" \/>\n\t<meta name=\"twitter:label2\" content=\"Est. tempo de leitura\" \/>\n\t<meta name=\"twitter:data2\" content=\"6 minutos\" \/>\n<script type=\"application\/ld+json\" class=\"yoast-schema-graph\">{\"@context\":\"https:\\\/\\\/schema.org\",\"@graph\":[{\"@type\":\"Article\",\"@id\":\"https:\\\/\\\/www.notibras.com\\\/site\\\/padroeiro-de-cavaleiros-sao-jorge-deixa-cavalheiro-na-mao\\\/#article\",\"isPartOf\":{\"@id\":\"https:\\\/\\\/www.notibras.com\\\/site\\\/padroeiro-de-cavaleiros-sao-jorge-deixa-cavalheiro-na-mao\\\/\"},\"author\":{\"name\":\"Reda\u00e7\u00e3o\",\"@id\":\"https:\\\/\\\/www.notibras.com\\\/site\\\/#\\\/schema\\\/person\\\/36ab0979449956132d3e5b517ea76ac8\"},\"headline\":\"Padroeiro de cavaleiros, S\u00e3o Jorge deixa cavalheiro na m\u00e3o\",\"datePublished\":\"2024-04-15T19:55:51+00:00\",\"mainEntityOfPage\":{\"@id\":\"https:\\\/\\\/www.notibras.com\\\/site\\\/padroeiro-de-cavaleiros-sao-jorge-deixa-cavalheiro-na-mao\\\/\"},\"wordCount\":1132,\"publisher\":{\"@id\":\"https:\\\/\\\/www.notibras.com\\\/site\\\/#organization\"},\"image\":{\"@id\":\"https:\\\/\\\/www.notibras.com\\\/site\\\/padroeiro-de-cavaleiros-sao-jorge-deixa-cavalheiro-na-mao\\\/#primaryimage\"},\"thumbnailUrl\":\"https:\\\/\\\/www.notibras.com\\\/site\\\/wp-content\\\/uploads\\\/2024\\\/04\\\/0dc2e8b6-a9ef-4032-9926-de3138af9911.jpg\",\"articleSection\":[\"Quadradinho em Foco\"],\"inLanguage\":\"pt-BR\"},{\"@type\":\"WebPage\",\"@id\":\"https:\\\/\\\/www.notibras.com\\\/site\\\/padroeiro-de-cavaleiros-sao-jorge-deixa-cavalheiro-na-mao\\\/\",\"url\":\"https:\\\/\\\/www.notibras.com\\\/site\\\/padroeiro-de-cavaleiros-sao-jorge-deixa-cavalheiro-na-mao\\\/\",\"name\":\"Padroeiro de cavaleiros, S\u00e3o Jorge deixa cavalheiro na m\u00e3o - Notibras\",\"isPartOf\":{\"@id\":\"https:\\\/\\\/www.notibras.com\\\/site\\\/#website\"},\"primaryImageOfPage\":{\"@id\":\"https:\\\/\\\/www.notibras.com\\\/site\\\/padroeiro-de-cavaleiros-sao-jorge-deixa-cavalheiro-na-mao\\\/#primaryimage\"},\"image\":{\"@id\":\"https:\\\/\\\/www.notibras.com\\\/site\\\/padroeiro-de-cavaleiros-sao-jorge-deixa-cavalheiro-na-mao\\\/#primaryimage\"},\"thumbnailUrl\":\"https:\\\/\\\/www.notibras.com\\\/site\\\/wp-content\\\/uploads\\\/2024\\\/04\\\/0dc2e8b6-a9ef-4032-9926-de3138af9911.jpg\",\"datePublished\":\"2024-04-15T19:55:51+00:00\",\"breadcrumb\":{\"@id\":\"https:\\\/\\\/www.notibras.com\\\/site\\\/padroeiro-de-cavaleiros-sao-jorge-deixa-cavalheiro-na-mao\\\/#breadcrumb\"},\"inLanguage\":\"pt-BR\",\"potentialAction\":[{\"@type\":\"ReadAction\",\"target\":[\"https:\\\/\\\/www.notibras.com\\\/site\\\/padroeiro-de-cavaleiros-sao-jorge-deixa-cavalheiro-na-mao\\\/\"]}]},{\"@type\":\"ImageObject\",\"inLanguage\":\"pt-BR\",\"@id\":\"https:\\\/\\\/www.notibras.com\\\/site\\\/padroeiro-de-cavaleiros-sao-jorge-deixa-cavalheiro-na-mao\\\/#primaryimage\",\"url\":\"https:\\\/\\\/www.notibras.com\\\/site\\\/wp-content\\\/uploads\\\/2024\\\/04\\\/0dc2e8b6-a9ef-4032-9926-de3138af9911.jpg\",\"contentUrl\":\"https:\\\/\\\/www.notibras.com\\\/site\\\/wp-content\\\/uploads\\\/2024\\\/04\\\/0dc2e8b6-a9ef-4032-9926-de3138af9911.jpg\",\"width\":1024,\"height\":1024},{\"@type\":\"BreadcrumbList\",\"@id\":\"https:\\\/\\\/www.notibras.com\\\/site\\\/padroeiro-de-cavaleiros-sao-jorge-deixa-cavalheiro-na-mao\\\/#breadcrumb\",\"itemListElement\":[{\"@type\":\"ListItem\",\"position\":1,\"name\":\"In\u00edcio\",\"item\":\"https:\\\/\\\/www.notibras.com\\\/site\\\/\"},{\"@type\":\"ListItem\",\"position\":2,\"name\":\"Padroeiro de cavaleiros, S\u00e3o Jorge deixa cavalheiro na m\u00e3o\"}]},{\"@type\":\"WebSite\",\"@id\":\"https:\\\/\\\/www.notibras.com\\\/site\\\/#website\",\"url\":\"https:\\\/\\\/www.notibras.com\\\/site\\\/\",\"name\":\"Notibras\",\"description\":\"Not\u00edcias de Bras\u00edlia, do Brasil e do Mundo\",\"publisher\":{\"@id\":\"https:\\\/\\\/www.notibras.com\\\/site\\\/#organization\"},\"potentialAction\":[{\"@type\":\"SearchAction\",\"target\":{\"@type\":\"EntryPoint\",\"urlTemplate\":\"https:\\\/\\\/www.notibras.com\\\/site\\\/?s={search_term_string}\"},\"query-input\":{\"@type\":\"PropertyValueSpecification\",\"valueRequired\":true,\"valueName\":\"search_term_string\"}}],\"inLanguage\":\"pt-BR\"},{\"@type\":\"Organization\",\"@id\":\"https:\\\/\\\/www.notibras.com\\\/site\\\/#organization\",\"name\":\"Grupo Notibras de Comunica\u00e7\u00e3o\",\"url\":\"https:\\\/\\\/www.notibras.com\\\/site\\\/\",\"logo\":{\"@type\":\"ImageObject\",\"inLanguage\":\"pt-BR\",\"@id\":\"https:\\\/\\\/www.notibras.com\\\/site\\\/#\\\/schema\\\/logo\\\/image\\\/\",\"url\":\"https:\\\/\\\/www.notibras.com\\\/site\\\/wp-content\\\/uploads\\\/2023\\\/01\\\/notibras23.png\",\"contentUrl\":\"https:\\\/\\\/www.notibras.com\\\/site\\\/wp-content\\\/uploads\\\/2023\\\/01\\\/notibras23.png\",\"width\":350,\"height\":87,\"caption\":\"Grupo Notibras de Comunica\u00e7\u00e3o\"},\"image\":{\"@id\":\"https:\\\/\\\/www.notibras.com\\\/site\\\/#\\\/schema\\\/logo\\\/image\\\/\"},\"sameAs\":[\"https:\\\/\\\/www.facebook.com\\\/notibras\\\/\",\"https:\\\/\\\/x.com\\\/Notibras\",\"https:\\\/\\\/www.instagram.com\\\/notibras\\\/\"]},{\"@type\":\"Person\",\"@id\":\"https:\\\/\\\/www.notibras.com\\\/site\\\/#\\\/schema\\\/person\\\/36ab0979449956132d3e5b517ea76ac8\",\"name\":\"Reda\u00e7\u00e3o\",\"image\":{\"@type\":\"ImageObject\",\"inLanguage\":\"pt-BR\",\"@id\":\"https:\\\/\\\/secure.gravatar.com\\\/avatar\\\/e0a867bdedb85fd243eadf09663511f96fc81e0720a4a42581f334ad4303aa6b?s=96&d=mm&r=g\",\"url\":\"https:\\\/\\\/secure.gravatar.com\\\/avatar\\\/e0a867bdedb85fd243eadf09663511f96fc81e0720a4a42581f334ad4303aa6b?s=96&d=mm&r=g\",\"contentUrl\":\"https:\\\/\\\/secure.gravatar.com\\\/avatar\\\/e0a867bdedb85fd243eadf09663511f96fc81e0720a4a42581f334ad4303aa6b?s=96&d=mm&r=g\",\"caption\":\"Reda\u00e7\u00e3o\"}}]}<\/script>\n<!-- \/ Yoast SEO plugin. -->","yoast_head_json":{"title":"Padroeiro de cavaleiros, S\u00e3o Jorge deixa cavalheiro na m\u00e3o - Notibras","robots":{"index":"index","follow":"follow","max-snippet":"max-snippet:-1","max-image-preview":"max-image-preview:large","max-video-preview":"max-video-preview:-1"},"canonical":"https:\/\/www.notibras.com\/site\/padroeiro-de-cavaleiros-sao-jorge-deixa-cavalheiro-na-mao\/","og_locale":"pt_BR","og_type":"article","og_title":"Padroeiro de cavaleiros, S\u00e3o Jorge deixa cavalheiro na m\u00e3o - Notibras","og_description":"A matriz da empresa em que Saulo trabalhava era em S\u00e3o Paulo. Ele, engenheiro s\u00eanior da filial do Rio de Janeiro, ficara encarregado de ministrar um pequeno curso telepresencial aos novos contratados na matriz. Sua base, no Rio, providenciara todo o necess\u00e1rio para que o evento ocorresse. No dia designado, palestrou on line para seis [&hellip;]","og_url":"https:\/\/www.notibras.com\/site\/padroeiro-de-cavaleiros-sao-jorge-deixa-cavalheiro-na-mao\/","og_site_name":"Notibras","article_publisher":"https:\/\/www.facebook.com\/notibras\/","article_published_time":"2024-04-15T19:55:51+00:00","og_image":[{"width":1024,"height":1024,"url":"https:\/\/www.notibras.com\/site\/wp-content\/uploads\/2024\/04\/0dc2e8b6-a9ef-4032-9926-de3138af9911.jpg","type":"image\/jpeg"}],"author":"Reda\u00e7\u00e3o","twitter_card":"summary_large_image","twitter_creator":"@Notibras","twitter_site":"@Notibras","twitter_misc":{"Escrito por":"Reda\u00e7\u00e3o","Est. tempo de leitura":"6 minutos"},"schema":{"@context":"https:\/\/schema.org","@graph":[{"@type":"Article","@id":"https:\/\/www.notibras.com\/site\/padroeiro-de-cavaleiros-sao-jorge-deixa-cavalheiro-na-mao\/#article","isPartOf":{"@id":"https:\/\/www.notibras.com\/site\/padroeiro-de-cavaleiros-sao-jorge-deixa-cavalheiro-na-mao\/"},"author":{"name":"Reda\u00e7\u00e3o","@id":"https:\/\/www.notibras.com\/site\/#\/schema\/person\/36ab0979449956132d3e5b517ea76ac8"},"headline":"Padroeiro de cavaleiros, S\u00e3o Jorge deixa cavalheiro na m\u00e3o","datePublished":"2024-04-15T19:55:51+00:00","mainEntityOfPage":{"@id":"https:\/\/www.notibras.com\/site\/padroeiro-de-cavaleiros-sao-jorge-deixa-cavalheiro-na-mao\/"},"wordCount":1132,"publisher":{"@id":"https:\/\/www.notibras.com\/site\/#organization"},"image":{"@id":"https:\/\/www.notibras.com\/site\/padroeiro-de-cavaleiros-sao-jorge-deixa-cavalheiro-na-mao\/#primaryimage"},"thumbnailUrl":"https:\/\/www.notibras.com\/site\/wp-content\/uploads\/2024\/04\/0dc2e8b6-a9ef-4032-9926-de3138af9911.jpg","articleSection":["Quadradinho em Foco"],"inLanguage":"pt-BR"},{"@type":"WebPage","@id":"https:\/\/www.notibras.com\/site\/padroeiro-de-cavaleiros-sao-jorge-deixa-cavalheiro-na-mao\/","url":"https:\/\/www.notibras.com\/site\/padroeiro-de-cavaleiros-sao-jorge-deixa-cavalheiro-na-mao\/","name":"Padroeiro de cavaleiros, S\u00e3o Jorge deixa cavalheiro na m\u00e3o - Notibras","isPartOf":{"@id":"https:\/\/www.notibras.com\/site\/#website"},"primaryImageOfPage":{"@id":"https:\/\/www.notibras.com\/site\/padroeiro-de-cavaleiros-sao-jorge-deixa-cavalheiro-na-mao\/#primaryimage"},"image":{"@id":"https:\/\/www.notibras.com\/site\/padroeiro-de-cavaleiros-sao-jorge-deixa-cavalheiro-na-mao\/#primaryimage"},"thumbnailUrl":"https:\/\/www.notibras.com\/site\/wp-content\/uploads\/2024\/04\/0dc2e8b6-a9ef-4032-9926-de3138af9911.jpg","datePublished":"2024-04-15T19:55:51+00:00","breadcrumb":{"@id":"https:\/\/www.notibras.com\/site\/padroeiro-de-cavaleiros-sao-jorge-deixa-cavalheiro-na-mao\/#breadcrumb"},"inLanguage":"pt-BR","potentialAction":[{"@type":"ReadAction","target":["https:\/\/www.notibras.com\/site\/padroeiro-de-cavaleiros-sao-jorge-deixa-cavalheiro-na-mao\/"]}]},{"@type":"ImageObject","inLanguage":"pt-BR","@id":"https:\/\/www.notibras.com\/site\/padroeiro-de-cavaleiros-sao-jorge-deixa-cavalheiro-na-mao\/#primaryimage","url":"https:\/\/www.notibras.com\/site\/wp-content\/uploads\/2024\/04\/0dc2e8b6-a9ef-4032-9926-de3138af9911.jpg","contentUrl":"https:\/\/www.notibras.com\/site\/wp-content\/uploads\/2024\/04\/0dc2e8b6-a9ef-4032-9926-de3138af9911.jpg","width":1024,"height":1024},{"@type":"BreadcrumbList","@id":"https:\/\/www.notibras.com\/site\/padroeiro-de-cavaleiros-sao-jorge-deixa-cavalheiro-na-mao\/#breadcrumb","itemListElement":[{"@type":"ListItem","position":1,"name":"In\u00edcio","item":"https:\/\/www.notibras.com\/site\/"},{"@type":"ListItem","position":2,"name":"Padroeiro de cavaleiros, S\u00e3o Jorge deixa cavalheiro na m\u00e3o"}]},{"@type":"WebSite","@id":"https:\/\/www.notibras.com\/site\/#website","url":"https:\/\/www.notibras.com\/site\/","name":"Notibras","description":"Not\u00edcias de Bras\u00edlia, do Brasil e do Mundo","publisher":{"@id":"https:\/\/www.notibras.com\/site\/#organization"},"potentialAction":[{"@type":"SearchAction","target":{"@type":"EntryPoint","urlTemplate":"https:\/\/www.notibras.com\/site\/?s={search_term_string}"},"query-input":{"@type":"PropertyValueSpecification","valueRequired":true,"valueName":"search_term_string"}}],"inLanguage":"pt-BR"},{"@type":"Organization","@id":"https:\/\/www.notibras.com\/site\/#organization","name":"Grupo Notibras de Comunica\u00e7\u00e3o","url":"https:\/\/www.notibras.com\/site\/","logo":{"@type":"ImageObject","inLanguage":"pt-BR","@id":"https:\/\/www.notibras.com\/site\/#\/schema\/logo\/image\/","url":"https:\/\/www.notibras.com\/site\/wp-content\/uploads\/2023\/01\/notibras23.png","contentUrl":"https:\/\/www.notibras.com\/site\/wp-content\/uploads\/2023\/01\/notibras23.png","width":350,"height":87,"caption":"Grupo Notibras de Comunica\u00e7\u00e3o"},"image":{"@id":"https:\/\/www.notibras.com\/site\/#\/schema\/logo\/image\/"},"sameAs":["https:\/\/www.facebook.com\/notibras\/","https:\/\/x.com\/Notibras","https:\/\/www.instagram.com\/notibras\/"]},{"@type":"Person","@id":"https:\/\/www.notibras.com\/site\/#\/schema\/person\/36ab0979449956132d3e5b517ea76ac8","name":"Reda\u00e7\u00e3o","image":{"@type":"ImageObject","inLanguage":"pt-BR","@id":"https:\/\/secure.gravatar.com\/avatar\/e0a867bdedb85fd243eadf09663511f96fc81e0720a4a42581f334ad4303aa6b?s=96&d=mm&r=g","url":"https:\/\/secure.gravatar.com\/avatar\/e0a867bdedb85fd243eadf09663511f96fc81e0720a4a42581f334ad4303aa6b?s=96&d=mm&r=g","contentUrl":"https:\/\/secure.gravatar.com\/avatar\/e0a867bdedb85fd243eadf09663511f96fc81e0720a4a42581f334ad4303aa6b?s=96&d=mm&r=g","caption":"Reda\u00e7\u00e3o"}}]}},"amp_enabled":true,"_links":{"self":[{"href":"https:\/\/www.notibras.com\/site\/wp-json\/wp\/v2\/posts\/326787","targetHints":{"allow":["GET"]}}],"collection":[{"href":"https:\/\/www.notibras.com\/site\/wp-json\/wp\/v2\/posts"}],"about":[{"href":"https:\/\/www.notibras.com\/site\/wp-json\/wp\/v2\/types\/post"}],"author":[{"embeddable":true,"href":"https:\/\/www.notibras.com\/site\/wp-json\/wp\/v2\/users\/2"}],"replies":[{"embeddable":true,"href":"https:\/\/www.notibras.com\/site\/wp-json\/wp\/v2\/comments?post=326787"}],"version-history":[{"count":1,"href":"https:\/\/www.notibras.com\/site\/wp-json\/wp\/v2\/posts\/326787\/revisions"}],"predecessor-version":[{"id":326789,"href":"https:\/\/www.notibras.com\/site\/wp-json\/wp\/v2\/posts\/326787\/revisions\/326789"}],"wp:featuredmedia":[{"embeddable":true,"href":"https:\/\/www.notibras.com\/site\/wp-json\/wp\/v2\/media\/326788"}],"wp:attachment":[{"href":"https:\/\/www.notibras.com\/site\/wp-json\/wp\/v2\/media?parent=326787"}],"wp:term":[{"taxonomy":"category","embeddable":true,"href":"https:\/\/www.notibras.com\/site\/wp-json\/wp\/v2\/categories?post=326787"},{"taxonomy":"post_tag","embeddable":true,"href":"https:\/\/www.notibras.com\/site\/wp-json\/wp\/v2\/tags?post=326787"}],"curies":[{"name":"wp","href":"https:\/\/api.w.org\/{rel}","templated":true}]}}