{"id":326815,"date":"2024-04-16T07:44:16","date_gmt":"2024-04-16T10:44:16","guid":{"rendered":"https:\/\/www.notibras.com\/site\/?p=326815"},"modified":"2024-04-16T09:20:05","modified_gmt":"2024-04-16T12:20:05","slug":"almerindo-viveu-esquecido-na-masmorra-por-uma-pedrada","status":"publish","type":"post","link":"https:\/\/www.notibras.com\/site\/almerindo-viveu-esquecido-na-masmorra-por-uma-pedrada\/","title":{"rendered":"Almerindo viveu esquecido na masmorra por uma pedrada"},"content":{"rendered":"<p>Ningu\u00e9m mais se lembrava por que aquele velho caqu\u00e9tico teria sido jogado, h\u00e1 muito, naquela cela. Mas se estava ali, que ficasse at\u00e9 apodrecer. Que se saiba, ningu\u00e9m foi l\u00e1 reclamar. Preso aos 18 anos, que permanecesse at\u00e9 os 100, caso vivesse isso tudo. Pura esc\u00f3ria!<\/p>\n<p>E foi nesse estado de pen\u00faria que tal homem recebeu a visita da assistente social Irenilde. A mulher quase n\u00e3o percebeu que havia gente naquele chiqueiro, at\u00e9 que ouviu um gemido vindo l\u00e1 do fundo. Ela parou, tampou o nariz por conta do fedor, apertou os olhos e, finalmente, conseguiu enxergar a figura de um ser humano.<\/p>\n<p>\u2014 Almerindo? O senhor \u00e9 Almerindo das Chagas?<\/p>\n<p>Nenhuma resposta. Irenilde virou-se para o carcereiro ao lado e pediu para que abrisse a cela. O homem lhe lan\u00e7ou um olhar de reprova\u00e7\u00e3o. No entanto, a assistente social manteve-se firme na sua decis\u00e3o.<\/p>\n<p>J\u00e1 pr\u00f3xima \u00e0quele ser deitado no ch\u00e3o imundo e frio da masmorra, Irenilde n\u00e3o acreditava que aquilo fosse poss\u00edvel. Por que aquele homem estava ali naquelas condi\u00e7\u00f5es sub-humanas?<\/p>\n<p>\u2014 O nome do senhor \u00e9 Almerindo das Chagas?<\/p>\n<p>Pela primeira vez, o velho olhou para Irenilde. Os dois se encararam por um momento, at\u00e9 que ele virou novamente o rosto e voltou a cobri-lo com as m\u00e3os rotas.<\/p>\n<p>\u2014 Senhor, preciso saber se o seu nome \u00e9 Almerindo das Chagas.<\/p>\n<p>\u2014 Almerindo?<\/p>\n<p>\u2014 Sim. O senhor \u00e9 Almerindo das Chagas?<\/p>\n<p>\u2014 Almerindo j\u00e1 morreu.<\/p>\n<p>\u2014 E quem \u00e9 o senhor?<\/p>\n<p>\u2014 Sou o governo dos Estados Unidos.<\/p>\n<p>Irenilde suspirou aliviada. Estava diante do homem por quem tanto procurava h\u00e1 meses. Louco, \u00e9 verdade. Todavia, insanidade pior foi a que Almerindo das Chagas havia sido submetido. Sentenciado \u00e0 morte pelo crime de les\u00e3o corporal. Tudo por conta de uma lasquinha de pedra que jogou em um ciclista, que ralou o cotovelo no asfalto. Ralou de leve. Mas ralou!<\/p>\n","protected":false},"excerpt":{"rendered":"<p>Ningu\u00e9m mais se lembrava por que aquele velho caqu\u00e9tico teria sido jogado, h\u00e1 muito, naquela cela. Mas se estava ali, que ficasse at\u00e9 apodrecer. Que se saiba, ningu\u00e9m foi l\u00e1 reclamar. Preso aos 18 anos, que permanecesse at\u00e9 os 100, caso vivesse isso tudo. Pura esc\u00f3ria! E foi nesse estado de pen\u00faria que tal homem [&hellip;]<\/p>\n","protected":false},"author":2,"featured_media":326816,"comment_status":"closed","ping_status":"closed","sticky":false,"template":"","format":"standard","meta":{"_acf_changed":false,"footnotes":""},"categories":[161],"tags":[],"class_list":["post-326815","post","type-post","status-publish","format-standard","has-post-thumbnail","hentry","category-quadradinho-em-foco"],"acf":[],"yoast_head":"<!-- This site is optimized with the Yoast SEO plugin v27.5 - https:\/\/yoast.com\/product\/yoast-seo-wordpress\/ -->\n<title>Almerindo viveu esquecido na masmorra por uma pedrada - Notibras<\/title>\n<meta name=\"robots\" content=\"index, follow, max-snippet:-1, max-image-preview:large, max-video-preview:-1\" \/>\n<link rel=\"canonical\" href=\"https:\/\/www.notibras.com\/site\/almerindo-viveu-esquecido-na-masmorra-por-uma-pedrada\/\" \/>\n<meta property=\"og:locale\" content=\"pt_BR\" \/>\n<meta property=\"og:type\" content=\"article\" \/>\n<meta property=\"og:title\" content=\"Almerindo viveu esquecido na masmorra por uma pedrada - Notibras\" \/>\n<meta property=\"og:description\" content=\"Ningu\u00e9m mais se lembrava por que aquele velho caqu\u00e9tico teria sido jogado, h\u00e1 muito, naquela cela. Mas se estava ali, que ficasse at\u00e9 apodrecer. Que se saiba, ningu\u00e9m foi l\u00e1 reclamar. Preso aos 18 anos, que permanecesse at\u00e9 os 100, caso vivesse isso tudo. Pura esc\u00f3ria! E foi nesse estado de pen\u00faria que tal homem [&hellip;]\" \/>\n<meta property=\"og:url\" content=\"https:\/\/www.notibras.com\/site\/almerindo-viveu-esquecido-na-masmorra-por-uma-pedrada\/\" \/>\n<meta property=\"og:site_name\" content=\"Notibras\" \/>\n<meta property=\"article:publisher\" content=\"https:\/\/www.facebook.com\/notibras\/\" \/>\n<meta property=\"article:published_time\" content=\"2024-04-16T10:44:16+00:00\" \/>\n<meta property=\"article:modified_time\" content=\"2024-04-16T12:20:05+00:00\" \/>\n<meta property=\"og:image\" content=\"https:\/\/www.notibras.com\/site\/wp-content\/uploads\/2024\/04\/afeea9c2-eacf-4ea1-a7a0-9d0f97395ca9.jpg\" \/>\n\t<meta property=\"og:image:width\" content=\"512\" \/>\n\t<meta property=\"og:image:height\" content=\"474\" \/>\n\t<meta property=\"og:image:type\" content=\"image\/jpeg\" \/>\n<meta name=\"author\" content=\"Reda\u00e7\u00e3o\" \/>\n<meta name=\"twitter:card\" content=\"summary_large_image\" \/>\n<meta name=\"twitter:creator\" content=\"@Notibras\" \/>\n<meta name=\"twitter:site\" content=\"@Notibras\" \/>\n<meta name=\"twitter:label1\" content=\"Escrito por\" \/>\n\t<meta name=\"twitter:data1\" content=\"Reda\u00e7\u00e3o\" \/>\n\t<meta name=\"twitter:label2\" content=\"Est. tempo de leitura\" \/>\n\t<meta name=\"twitter:data2\" content=\"2 minutos\" \/>\n<script type=\"application\/ld+json\" class=\"yoast-schema-graph\">{\"@context\":\"https:\\\/\\\/schema.org\",\"@graph\":[{\"@type\":\"Article\",\"@id\":\"https:\\\/\\\/www.notibras.com\\\/site\\\/almerindo-viveu-esquecido-na-masmorra-por-uma-pedrada\\\/#article\",\"isPartOf\":{\"@id\":\"https:\\\/\\\/www.notibras.com\\\/site\\\/almerindo-viveu-esquecido-na-masmorra-por-uma-pedrada\\\/\"},\"author\":{\"name\":\"Reda\u00e7\u00e3o\",\"@id\":\"https:\\\/\\\/www.notibras.com\\\/site\\\/#\\\/schema\\\/person\\\/36ab0979449956132d3e5b517ea76ac8\"},\"headline\":\"Almerindo viveu esquecido na masmorra por uma pedrada\",\"datePublished\":\"2024-04-16T10:44:16+00:00\",\"dateModified\":\"2024-04-16T12:20:05+00:00\",\"mainEntityOfPage\":{\"@id\":\"https:\\\/\\\/www.notibras.com\\\/site\\\/almerindo-viveu-esquecido-na-masmorra-por-uma-pedrada\\\/\"},\"wordCount\":318,\"publisher\":{\"@id\":\"https:\\\/\\\/www.notibras.com\\\/site\\\/#organization\"},\"image\":{\"@id\":\"https:\\\/\\\/www.notibras.com\\\/site\\\/almerindo-viveu-esquecido-na-masmorra-por-uma-pedrada\\\/#primaryimage\"},\"thumbnailUrl\":\"https:\\\/\\\/www.notibras.com\\\/site\\\/wp-content\\\/uploads\\\/2024\\\/04\\\/afeea9c2-eacf-4ea1-a7a0-9d0f97395ca9.jpg\",\"articleSection\":[\"Quadradinho em Foco\"],\"inLanguage\":\"pt-BR\"},{\"@type\":\"WebPage\",\"@id\":\"https:\\\/\\\/www.notibras.com\\\/site\\\/almerindo-viveu-esquecido-na-masmorra-por-uma-pedrada\\\/\",\"url\":\"https:\\\/\\\/www.notibras.com\\\/site\\\/almerindo-viveu-esquecido-na-masmorra-por-uma-pedrada\\\/\",\"name\":\"Almerindo viveu esquecido na masmorra por uma pedrada - Notibras\",\"isPartOf\":{\"@id\":\"https:\\\/\\\/www.notibras.com\\\/site\\\/#website\"},\"primaryImageOfPage\":{\"@id\":\"https:\\\/\\\/www.notibras.com\\\/site\\\/almerindo-viveu-esquecido-na-masmorra-por-uma-pedrada\\\/#primaryimage\"},\"image\":{\"@id\":\"https:\\\/\\\/www.notibras.com\\\/site\\\/almerindo-viveu-esquecido-na-masmorra-por-uma-pedrada\\\/#primaryimage\"},\"thumbnailUrl\":\"https:\\\/\\\/www.notibras.com\\\/site\\\/wp-content\\\/uploads\\\/2024\\\/04\\\/afeea9c2-eacf-4ea1-a7a0-9d0f97395ca9.jpg\",\"datePublished\":\"2024-04-16T10:44:16+00:00\",\"dateModified\":\"2024-04-16T12:20:05+00:00\",\"breadcrumb\":{\"@id\":\"https:\\\/\\\/www.notibras.com\\\/site\\\/almerindo-viveu-esquecido-na-masmorra-por-uma-pedrada\\\/#breadcrumb\"},\"inLanguage\":\"pt-BR\",\"potentialAction\":[{\"@type\":\"ReadAction\",\"target\":[\"https:\\\/\\\/www.notibras.com\\\/site\\\/almerindo-viveu-esquecido-na-masmorra-por-uma-pedrada\\\/\"]}]},{\"@type\":\"ImageObject\",\"inLanguage\":\"pt-BR\",\"@id\":\"https:\\\/\\\/www.notibras.com\\\/site\\\/almerindo-viveu-esquecido-na-masmorra-por-uma-pedrada\\\/#primaryimage\",\"url\":\"https:\\\/\\\/www.notibras.com\\\/site\\\/wp-content\\\/uploads\\\/2024\\\/04\\\/afeea9c2-eacf-4ea1-a7a0-9d0f97395ca9.jpg\",\"contentUrl\":\"https:\\\/\\\/www.notibras.com\\\/site\\\/wp-content\\\/uploads\\\/2024\\\/04\\\/afeea9c2-eacf-4ea1-a7a0-9d0f97395ca9.jpg\",\"width\":512,\"height\":474},{\"@type\":\"BreadcrumbList\",\"@id\":\"https:\\\/\\\/www.notibras.com\\\/site\\\/almerindo-viveu-esquecido-na-masmorra-por-uma-pedrada\\\/#breadcrumb\",\"itemListElement\":[{\"@type\":\"ListItem\",\"position\":1,\"name\":\"In\u00edcio\",\"item\":\"https:\\\/\\\/www.notibras.com\\\/site\\\/\"},{\"@type\":\"ListItem\",\"position\":2,\"name\":\"Almerindo viveu esquecido na masmorra por uma pedrada\"}]},{\"@type\":\"WebSite\",\"@id\":\"https:\\\/\\\/www.notibras.com\\\/site\\\/#website\",\"url\":\"https:\\\/\\\/www.notibras.com\\\/site\\\/\",\"name\":\"Notibras\",\"description\":\"Not\u00edcias de Bras\u00edlia, do Brasil e do Mundo\",\"publisher\":{\"@id\":\"https:\\\/\\\/www.notibras.com\\\/site\\\/#organization\"},\"potentialAction\":[{\"@type\":\"SearchAction\",\"target\":{\"@type\":\"EntryPoint\",\"urlTemplate\":\"https:\\\/\\\/www.notibras.com\\\/site\\\/?s={search_term_string}\"},\"query-input\":{\"@type\":\"PropertyValueSpecification\",\"valueRequired\":true,\"valueName\":\"search_term_string\"}}],\"inLanguage\":\"pt-BR\"},{\"@type\":\"Organization\",\"@id\":\"https:\\\/\\\/www.notibras.com\\\/site\\\/#organization\",\"name\":\"Grupo Notibras de Comunica\u00e7\u00e3o\",\"url\":\"https:\\\/\\\/www.notibras.com\\\/site\\\/\",\"logo\":{\"@type\":\"ImageObject\",\"inLanguage\":\"pt-BR\",\"@id\":\"https:\\\/\\\/www.notibras.com\\\/site\\\/#\\\/schema\\\/logo\\\/image\\\/\",\"url\":\"https:\\\/\\\/www.notibras.com\\\/site\\\/wp-content\\\/uploads\\\/2023\\\/01\\\/notibras23.png\",\"contentUrl\":\"https:\\\/\\\/www.notibras.com\\\/site\\\/wp-content\\\/uploads\\\/2023\\\/01\\\/notibras23.png\",\"width\":350,\"height\":87,\"caption\":\"Grupo Notibras de Comunica\u00e7\u00e3o\"},\"image\":{\"@id\":\"https:\\\/\\\/www.notibras.com\\\/site\\\/#\\\/schema\\\/logo\\\/image\\\/\"},\"sameAs\":[\"https:\\\/\\\/www.facebook.com\\\/notibras\\\/\",\"https:\\\/\\\/x.com\\\/Notibras\",\"https:\\\/\\\/www.instagram.com\\\/notibras\\\/\"]},{\"@type\":\"Person\",\"@id\":\"https:\\\/\\\/www.notibras.com\\\/site\\\/#\\\/schema\\\/person\\\/36ab0979449956132d3e5b517ea76ac8\",\"name\":\"Reda\u00e7\u00e3o\",\"image\":{\"@type\":\"ImageObject\",\"inLanguage\":\"pt-BR\",\"@id\":\"https:\\\/\\\/secure.gravatar.com\\\/avatar\\\/e0a867bdedb85fd243eadf09663511f96fc81e0720a4a42581f334ad4303aa6b?s=96&d=mm&r=g\",\"url\":\"https:\\\/\\\/secure.gravatar.com\\\/avatar\\\/e0a867bdedb85fd243eadf09663511f96fc81e0720a4a42581f334ad4303aa6b?s=96&d=mm&r=g\",\"contentUrl\":\"https:\\\/\\\/secure.gravatar.com\\\/avatar\\\/e0a867bdedb85fd243eadf09663511f96fc81e0720a4a42581f334ad4303aa6b?s=96&d=mm&r=g\",\"caption\":\"Reda\u00e7\u00e3o\"}}]}<\/script>\n<!-- \/ Yoast SEO plugin. -->","yoast_head_json":{"title":"Almerindo viveu esquecido na masmorra por uma pedrada - Notibras","robots":{"index":"index","follow":"follow","max-snippet":"max-snippet:-1","max-image-preview":"max-image-preview:large","max-video-preview":"max-video-preview:-1"},"canonical":"https:\/\/www.notibras.com\/site\/almerindo-viveu-esquecido-na-masmorra-por-uma-pedrada\/","og_locale":"pt_BR","og_type":"article","og_title":"Almerindo viveu esquecido na masmorra por uma pedrada - Notibras","og_description":"Ningu\u00e9m mais se lembrava por que aquele velho caqu\u00e9tico teria sido jogado, h\u00e1 muito, naquela cela. Mas se estava ali, que ficasse at\u00e9 apodrecer. Que se saiba, ningu\u00e9m foi l\u00e1 reclamar. Preso aos 18 anos, que permanecesse at\u00e9 os 100, caso vivesse isso tudo. Pura esc\u00f3ria! E foi nesse estado de pen\u00faria que tal homem [&hellip;]","og_url":"https:\/\/www.notibras.com\/site\/almerindo-viveu-esquecido-na-masmorra-por-uma-pedrada\/","og_site_name":"Notibras","article_publisher":"https:\/\/www.facebook.com\/notibras\/","article_published_time":"2024-04-16T10:44:16+00:00","article_modified_time":"2024-04-16T12:20:05+00:00","og_image":[{"width":512,"height":474,"url":"https:\/\/www.notibras.com\/site\/wp-content\/uploads\/2024\/04\/afeea9c2-eacf-4ea1-a7a0-9d0f97395ca9.jpg","type":"image\/jpeg"}],"author":"Reda\u00e7\u00e3o","twitter_card":"summary_large_image","twitter_creator":"@Notibras","twitter_site":"@Notibras","twitter_misc":{"Escrito por":"Reda\u00e7\u00e3o","Est. tempo de leitura":"2 minutos"},"schema":{"@context":"https:\/\/schema.org","@graph":[{"@type":"Article","@id":"https:\/\/www.notibras.com\/site\/almerindo-viveu-esquecido-na-masmorra-por-uma-pedrada\/#article","isPartOf":{"@id":"https:\/\/www.notibras.com\/site\/almerindo-viveu-esquecido-na-masmorra-por-uma-pedrada\/"},"author":{"name":"Reda\u00e7\u00e3o","@id":"https:\/\/www.notibras.com\/site\/#\/schema\/person\/36ab0979449956132d3e5b517ea76ac8"},"headline":"Almerindo viveu esquecido na masmorra por uma pedrada","datePublished":"2024-04-16T10:44:16+00:00","dateModified":"2024-04-16T12:20:05+00:00","mainEntityOfPage":{"@id":"https:\/\/www.notibras.com\/site\/almerindo-viveu-esquecido-na-masmorra-por-uma-pedrada\/"},"wordCount":318,"publisher":{"@id":"https:\/\/www.notibras.com\/site\/#organization"},"image":{"@id":"https:\/\/www.notibras.com\/site\/almerindo-viveu-esquecido-na-masmorra-por-uma-pedrada\/#primaryimage"},"thumbnailUrl":"https:\/\/www.notibras.com\/site\/wp-content\/uploads\/2024\/04\/afeea9c2-eacf-4ea1-a7a0-9d0f97395ca9.jpg","articleSection":["Quadradinho em Foco"],"inLanguage":"pt-BR"},{"@type":"WebPage","@id":"https:\/\/www.notibras.com\/site\/almerindo-viveu-esquecido-na-masmorra-por-uma-pedrada\/","url":"https:\/\/www.notibras.com\/site\/almerindo-viveu-esquecido-na-masmorra-por-uma-pedrada\/","name":"Almerindo viveu esquecido na masmorra por uma pedrada - Notibras","isPartOf":{"@id":"https:\/\/www.notibras.com\/site\/#website"},"primaryImageOfPage":{"@id":"https:\/\/www.notibras.com\/site\/almerindo-viveu-esquecido-na-masmorra-por-uma-pedrada\/#primaryimage"},"image":{"@id":"https:\/\/www.notibras.com\/site\/almerindo-viveu-esquecido-na-masmorra-por-uma-pedrada\/#primaryimage"},"thumbnailUrl":"https:\/\/www.notibras.com\/site\/wp-content\/uploads\/2024\/04\/afeea9c2-eacf-4ea1-a7a0-9d0f97395ca9.jpg","datePublished":"2024-04-16T10:44:16+00:00","dateModified":"2024-04-16T12:20:05+00:00","breadcrumb":{"@id":"https:\/\/www.notibras.com\/site\/almerindo-viveu-esquecido-na-masmorra-por-uma-pedrada\/#breadcrumb"},"inLanguage":"pt-BR","potentialAction":[{"@type":"ReadAction","target":["https:\/\/www.notibras.com\/site\/almerindo-viveu-esquecido-na-masmorra-por-uma-pedrada\/"]}]},{"@type":"ImageObject","inLanguage":"pt-BR","@id":"https:\/\/www.notibras.com\/site\/almerindo-viveu-esquecido-na-masmorra-por-uma-pedrada\/#primaryimage","url":"https:\/\/www.notibras.com\/site\/wp-content\/uploads\/2024\/04\/afeea9c2-eacf-4ea1-a7a0-9d0f97395ca9.jpg","contentUrl":"https:\/\/www.notibras.com\/site\/wp-content\/uploads\/2024\/04\/afeea9c2-eacf-4ea1-a7a0-9d0f97395ca9.jpg","width":512,"height":474},{"@type":"BreadcrumbList","@id":"https:\/\/www.notibras.com\/site\/almerindo-viveu-esquecido-na-masmorra-por-uma-pedrada\/#breadcrumb","itemListElement":[{"@type":"ListItem","position":1,"name":"In\u00edcio","item":"https:\/\/www.notibras.com\/site\/"},{"@type":"ListItem","position":2,"name":"Almerindo viveu esquecido na masmorra por uma pedrada"}]},{"@type":"WebSite","@id":"https:\/\/www.notibras.com\/site\/#website","url":"https:\/\/www.notibras.com\/site\/","name":"Notibras","description":"Not\u00edcias de Bras\u00edlia, do Brasil e do Mundo","publisher":{"@id":"https:\/\/www.notibras.com\/site\/#organization"},"potentialAction":[{"@type":"SearchAction","target":{"@type":"EntryPoint","urlTemplate":"https:\/\/www.notibras.com\/site\/?s={search_term_string}"},"query-input":{"@type":"PropertyValueSpecification","valueRequired":true,"valueName":"search_term_string"}}],"inLanguage":"pt-BR"},{"@type":"Organization","@id":"https:\/\/www.notibras.com\/site\/#organization","name":"Grupo Notibras de Comunica\u00e7\u00e3o","url":"https:\/\/www.notibras.com\/site\/","logo":{"@type":"ImageObject","inLanguage":"pt-BR","@id":"https:\/\/www.notibras.com\/site\/#\/schema\/logo\/image\/","url":"https:\/\/www.notibras.com\/site\/wp-content\/uploads\/2023\/01\/notibras23.png","contentUrl":"https:\/\/www.notibras.com\/site\/wp-content\/uploads\/2023\/01\/notibras23.png","width":350,"height":87,"caption":"Grupo Notibras de Comunica\u00e7\u00e3o"},"image":{"@id":"https:\/\/www.notibras.com\/site\/#\/schema\/logo\/image\/"},"sameAs":["https:\/\/www.facebook.com\/notibras\/","https:\/\/x.com\/Notibras","https:\/\/www.instagram.com\/notibras\/"]},{"@type":"Person","@id":"https:\/\/www.notibras.com\/site\/#\/schema\/person\/36ab0979449956132d3e5b517ea76ac8","name":"Reda\u00e7\u00e3o","image":{"@type":"ImageObject","inLanguage":"pt-BR","@id":"https:\/\/secure.gravatar.com\/avatar\/e0a867bdedb85fd243eadf09663511f96fc81e0720a4a42581f334ad4303aa6b?s=96&d=mm&r=g","url":"https:\/\/secure.gravatar.com\/avatar\/e0a867bdedb85fd243eadf09663511f96fc81e0720a4a42581f334ad4303aa6b?s=96&d=mm&r=g","contentUrl":"https:\/\/secure.gravatar.com\/avatar\/e0a867bdedb85fd243eadf09663511f96fc81e0720a4a42581f334ad4303aa6b?s=96&d=mm&r=g","caption":"Reda\u00e7\u00e3o"}}]}},"amp_enabled":true,"_links":{"self":[{"href":"https:\/\/www.notibras.com\/site\/wp-json\/wp\/v2\/posts\/326815","targetHints":{"allow":["GET"]}}],"collection":[{"href":"https:\/\/www.notibras.com\/site\/wp-json\/wp\/v2\/posts"}],"about":[{"href":"https:\/\/www.notibras.com\/site\/wp-json\/wp\/v2\/types\/post"}],"author":[{"embeddable":true,"href":"https:\/\/www.notibras.com\/site\/wp-json\/wp\/v2\/users\/2"}],"replies":[{"embeddable":true,"href":"https:\/\/www.notibras.com\/site\/wp-json\/wp\/v2\/comments?post=326815"}],"version-history":[{"count":2,"href":"https:\/\/www.notibras.com\/site\/wp-json\/wp\/v2\/posts\/326815\/revisions"}],"predecessor-version":[{"id":326818,"href":"https:\/\/www.notibras.com\/site\/wp-json\/wp\/v2\/posts\/326815\/revisions\/326818"}],"wp:featuredmedia":[{"embeddable":true,"href":"https:\/\/www.notibras.com\/site\/wp-json\/wp\/v2\/media\/326816"}],"wp:attachment":[{"href":"https:\/\/www.notibras.com\/site\/wp-json\/wp\/v2\/media?parent=326815"}],"wp:term":[{"taxonomy":"category","embeddable":true,"href":"https:\/\/www.notibras.com\/site\/wp-json\/wp\/v2\/categories?post=326815"},{"taxonomy":"post_tag","embeddable":true,"href":"https:\/\/www.notibras.com\/site\/wp-json\/wp\/v2\/tags?post=326815"}],"curies":[{"name":"wp","href":"https:\/\/api.w.org\/{rel}","templated":true}]}}