{"id":326833,"date":"2024-04-16T07:29:04","date_gmt":"2024-04-16T10:29:04","guid":{"rendered":"https:\/\/www.notibras.com\/site\/?p=326833"},"modified":"2024-04-16T11:31:34","modified_gmt":"2024-04-16T14:31:34","slug":"brasilia-64-anos-de-fundacao-confira-a-programacao-completa","status":"publish","type":"post","link":"https:\/\/www.notibras.com\/site\/brasilia-64-anos-de-fundacao-confira-a-programacao-completa\/","title":{"rendered":"Bras\u00edlia, 64 anos de funda\u00e7\u00e3o. Confira a programa\u00e7\u00e3o completa"},"content":{"rendered":"<p>O Governo do Distrito Federal (GDF) preparou uma programa\u00e7\u00e3o extensa para celebrar os 64 anos de Bras\u00edlia. A comemora\u00e7\u00e3o come\u00e7ou com o show do cantor Z\u00e9 Vaqueiro no \u00faltimo domingo (14), no Taguaparque, e segue por todo o m\u00eas com diferentes atra\u00e7\u00f5es gratuitas, que v\u00e3o desde apresenta\u00e7\u00f5es musicais e art\u00edsticas at\u00e9 eventos esportivos e c\u00edvicos se estendendo por toda a cidade. O grande destaque \u00e9 a performance do DJ Alok no dia 20, na Esplanada dos Minist\u00e9rios.<\/p>\n<p>\u201cO anivers\u00e1rio de Bras\u00edlia \u00e9 um dos nossos eventos anuais que representa uma grande oportunidade para promovermos a descentraliza\u00e7\u00e3o da cultura no Distrito Federal, valorizando a diversidade e alcan\u00e7ando o maior n\u00famero de regi\u00f5es\u201d, afirma o secret\u00e1rio de Cultura e Economia Criativa do DF, Claudio Abrantes. \u201cQueremos que n\u00e3o seja apenas uma celebra\u00e7\u00e3o, mas um marco de inclus\u00e3o e participa\u00e7\u00e3o de toda a comunidade brasiliense nas manifesta\u00e7\u00f5es culturais\u201d, completa.<\/p>\n<p><strong>Show<\/strong><br \/>\nNa v\u00e9spera do anivers\u00e1rio de Bras\u00edlia, em 20 de abril, grupos da cidade se apresentar\u00e3o a partir das 15h em estrutura montada no complexo da Torre de TV. No dia seguinte, o espa\u00e7o receber\u00e1 a apresenta\u00e7\u00e3o do cantor Xand Avi\u00e3o, \u00e0s 17h.<\/p>\n<p>No gramado da Esplanada dos Minist\u00e9rios, a festa do dia 20 come\u00e7a a partir das 18h com Adriana Samartini e, \u00e0s 20h, tem o show do grupo de pagode Di Prop\u00f3sito, ambos no Palco Brasil. O \u00e1pice da noite \u00e9 com o DJ Alok a partir das 22h no Palco Pir\u00e2mide. No dia seguinte, a \u00e1rea central receber\u00e1 apresenta\u00e7\u00f5es de DJs infantis, \u00e0s 14h; de DJs locais, a partir das 18h; do cantor Luccas Neto, a partir das 16h; e da Orquestra Sinf\u00f4nica do Teatro Nacional Claudio Santoro, \u00e0s 18h30.<\/p>\n<p>Na Arena Hip-Hop, tamb\u00e9m na Esplanada dos Minist\u00e9rios, a programa\u00e7\u00e3o tem in\u00edcio \u00e0s 13h com apresenta\u00e7\u00e3o de DJs, cantores do movimento rap e batalha de MC.<\/p>\n<p>A Torre Digital de Bras\u00edlia tamb\u00e9m ser\u00e1 palco de apresenta\u00e7\u00f5es musicais. Na sexta-feira (19), \u00e0s 21h, tem show do grupo Biquini. No dia 20 \u00e9 a vez da Banda Ale, \u00e0s 21h. No domingo (21), a partir das 18h, se apresenta o sambista Jorge Arag\u00e3o.<\/p>\n<p>Planaltina, Brazl\u00e2ndia e Santa Maria ser\u00e3o as regi\u00f5es administrativas que receber\u00e3o a programa\u00e7\u00e3o de shows do anivers\u00e1rio. Nas tr\u00eas cidades as apresenta\u00e7\u00f5es ser\u00e3o no dia 21, das 10h \u00e0s 20h, com DJs, artistas locais e nacionais, al\u00e9m de brinquedoteca infantil, oficina de pintura de rosto, anima\u00e7\u00e3o e aul\u00e3o de dan\u00e7a.<\/p>\n<p>Em Planaltina, se apresentar\u00e3o as duplas Alisson &amp; Ariel (15h30), Heverton&amp;e Heverson (18h30) e Paulo &amp; Paulino (20h). Em Brazl\u00e2ndia, a anima\u00e7\u00e3o ficar\u00e1 por conta do cantor Miguel Santos (14h), do grupo Encosta Neu (15h30) e da dupla Roni &amp; Ricardo (20h). J\u00e1 em Santa Maria, a programa\u00e7\u00e3o conta com Gal\u00e3 (14h), Junior Ferreira (15h30), Banda Imagem (17h) e Pedro Paulo &amp; Matheus (20h).<\/p>\n<p>Em Ceil\u00e2ndia, na Cia L\u00e1bios de Lua, ter\u00e1 a exibi\u00e7\u00e3o do espet\u00e1culo musical Esta\u00e7\u00e3o da M\u00fasica Cl\u00e1ssica \u2013 4\u00aa edi\u00e7\u00e3o no dia 30, \u00e0s 20h.<\/p>\n<p><strong>C\u00edvico<\/strong><br \/>\nEntre os dias 16 e 20, o Memorial JK e o Museu do Catetinho receber\u00e3o a cada dia cerca de 40 crian\u00e7as em vulnerabilidade social em visitas guiadas intituladas \u201cDescobrindo Bras\u00edlia: Um passeio pela hist\u00f3ria\u201d. No dia 18, a Secretaria de Esporte e Lazer promove uma visita aos monumentos da cidade para alunos dos centros ol\u00edmpicos. No dia seguinte, a pasta realiza um passeio educativo e guiado pelo Centro Hist\u00f3rico de Bras\u00edlia.<\/p>\n<p>No dia 21, \u00e0s 9h, a Pra\u00e7a dos Tr\u00eas Poderes ter\u00e1 a solenidade de substitui\u00e7\u00e3o da bandeira nacional organizada pela Casa Militar do DF. No mesmo dia, \u00e0s 15h, ocorre a cerim\u00f4nia de outorga da Medalha ao M\u00e9rito Distrital da Cultura Seu Teodoro a 20 personalidades e coletivos no Museu Nacional da Rep\u00fablica. No dia 22, \u00e0s 18h, ocorre a homenagem aos pioneiros de Bras\u00edlia no audit\u00f3rio da C\u00e2mara Legislativa do DF.<\/p>\n<p><strong>Arte e palestras<\/strong><br \/>\nAo longo de todo o m\u00eas de abril, as esta\u00e7\u00f5es do Metr\u00f4 Galeria e Central ter\u00e3o a exposi\u00e7\u00e3o de telas dos artistas pl\u00e1sticos Xande e Rivas, tendo Bras\u00edlia como tema. Aul\u00f5es de dan\u00e7a tamb\u00e9m ser\u00e3o ofertados nos espa\u00e7os culturais do DF \u2013 complexos culturais de Samambaia e de Planaltina, Centro de Dan\u00e7a, Espa\u00e7o Cultural Renato Russo e Casa do Cantador.<\/p>\n<p>J\u00e1 na Biblioteca Nacional de Bras\u00edlia ser\u00e3o realizados clubes de leitura uma vez por semana com a discuss\u00e3o de obras de Nicolas Behr. Durante o m\u00eas ocorre a 1\u00aa edi\u00e7\u00e3o do Concurso Fotografia Regina Santos. Ser\u00e3o contempladas tr\u00eas categorias: fotografias de natureza, de pessoas e de arquitetura. A premia\u00e7\u00e3o varia de R$ 1 mil a R$ 10 mil. As vencedoras ficar\u00e3o expostas no Espa\u00e7o Oscar Niemeyer, na Pra\u00e7a dos Tr\u00eas Poderes.<\/p>\n<p>O Projeto Cantoar e as Aventuras Encantadas oferecer\u00e1 oficinas no Cepi Quero Quero (Recanto das Emas), sempre \u00e0s 10h. J\u00e1 no Sesc Paulo Gracindo (Gama), o projeto far\u00e1 uma apresenta\u00e7\u00e3o musical no dia 17, \u00e0s 10h e \u00e0s 15h. O Sesc Garagem (913 Sul) recebe a apresenta\u00e7\u00e3o do projeto no dia 19, \u00e0s 15h, e no dia 21, \u00e0s 17h.<\/p>\n<p>Do dia 15 a 26 de abril, o Instituto Federal de Bras\u00edlia (IFB) do Recanto das Emas realiza, das 8h \u00e0s 12h, oficinas do projeto Cinema \u00e9 Rala\u00e7\u00e3o. Nos dias 18, 22, 25 e 29, \u00e0s 13h15, ser\u00e3o realizadas oficinas do Projeto LAB Biblioteca Renato Russo no CEM 11 (Recanto das Emas). No dia 19, a Casa Akotirene (Ceil\u00e2ndia) ser\u00e1 o palco do Festival Sarau Voz e Alma, das 19h \u00e0s 23h.<\/p>\n<p>Nos dias 20 e 21, a Esplanada dos Minist\u00e9rios abrigar\u00e1 galp\u00f5es de exposi\u00e7\u00f5es e agricultura familiar, das 10h \u00e0s 18h. Ao lado da Biblioteca Nacional, das 10h \u00e0s 17h, ser\u00e3o realizadas oficinas de break e grafite, batalha de rima e apresenta\u00e7\u00e3o de break.<\/p>\n<p>Na chamada Pra\u00e7a da Crian\u00e7a, tamb\u00e9m na Esplanada, tem apresenta\u00e7\u00e3o circense do Circo Khronos no dia 20, \u00e0s 10h30, 13h e 16h, e no dia 21 \u00e0s 10h30, 13h e 14h30. Ao longo dos dois dias, a pra\u00e7a contar\u00e1 ainda com brinquedos infantis, atividades recreativas, oficinas e apresenta\u00e7\u00f5es das 10h \u00e0s 18h.<\/p>\n<p>Nos dias 22 e 29, o Galp\u00e3o do Centro de Cultura e Desenvolvimento do Parano\u00e1 (Cedec) recebe, \u00e0s 14h, o projeto Cultura alimentar, mem\u00f3ria e resist\u00eancia. Tamb\u00e9m no dia 22 tem a reabertura do Cine Bras\u00edlia com a exibi\u00e7\u00e3o do filme JK \u2013 O reinventar do Brasil, \u00e0s 11h. O cinema receber\u00e1 ainda no dia 30 a exibi\u00e7\u00e3o do filme Conterr\u00e2neos Novos de Guerra, \u00e0s 19h, com sess\u00e3o de conversa na sequ\u00eancia, \u00e0s 20h.<\/p>\n<p>Entre os dias 22 e 24, a Galeria Risofloras (Ceil\u00e2ndia) ter\u00e1 uma exposi\u00e7\u00e3o de arte criada pelo Programa Jovem de Express\u00e3o em exibi\u00e7\u00e3o para os visitantes. No dia 23, todos os 16 restaurantes comunit\u00e1rios do Distrito Federal ter\u00e3o das 11h \u00e0s 14h a\u00e7\u00f5es de Educa\u00e7\u00e3o Alimentar e Nutricional (EAN) com o tema \u201cCultura alimentar em Bras\u00edlia\u201d.<\/p>\n<p>No dia 25, a Casa da Mulher Brasileira de Ceil\u00e2ndia promove a\u00e7\u00e3o de beleza e sa\u00fade, com debate, a partir das 9h.<\/p>\n<p><strong>Esporte e lazer<\/strong><br \/>\nDo dia 18 a 28 de abril, o gramado do Eixo Monumental ser\u00e1 palco da Etapa Nacional do Campeonato de Balonismo, das 14h \u00e0s 18h. Entre os dias 19 e 21 ocorre o evento Bras\u00edlia Bike Camp, das 8h \u00e0s 22h, na Torre Digital de Bras\u00edlia. Ser\u00e3o tr\u00eas dias de prova com passeio cicl\u00edstico, \u00e1rea de camping, pra\u00e7a de alimenta\u00e7\u00e3o de food trucks, espa\u00e7o kids, bungee jump e atra\u00e7\u00f5es musicais.<\/p>\n<p>Nos dias 19 e 20, das 10h \u00e0s 20h, e no dia 21, das 6h20 \u00e0s 13h30, o Pont\u00e3o do Lago Sul recebe o Challenge Cerrado, competi\u00e7\u00e3o de triathlon. J\u00e1 nos dias 20 e 21, a partir das 6h, ocorre a Maratona Bras\u00edlia 2024, corrida de rua com largada e chegada no Museu da Rep\u00fablica, com percursos de 3 km, 5 km, 10 km, 21 km e 42 k.<\/p>\n<p>Nos dias 20 e 21 ter\u00e1 oficina de skate na Esplanada dos Minist\u00e9rios, \u00e0s 10h, e pista liberada a partir das 11h. At\u00e9 \u00e0s 17h tem programa\u00e7\u00e3o com DJs. No mesmo local e data ter\u00e1 muro de escalada, das 10h \u00e0s 17h.<\/p>\n<p>No s\u00e1bado, 20 de abril, o PDADF ter\u00e1 a inaugura\u00e7\u00e3o da Vin\u00edcola Bras\u00edlia, a partir das 11h. O projeto conta com a participa\u00e7\u00e3o de dez vin\u00edcolas localizadas na regi\u00e3o rural do DF. No Taguaparque, nos dias 20 e 21, tem o Lazer Pet Shop, com feira de ado\u00e7\u00e3o, palestras, workshops, \u00e1rea kids e agility para animais, das 8h \u00e0s 18h.<\/p>\n<p><strong>Eventos religiosos<\/strong><br \/>\nNo dia 18, a partir das 14h, o Padre F\u00e1bio de Melo comanda o show cat\u00f3lico em estrutura montada no complexo Torre de TV. No dia 19, a Pedra Fundamental de Planaltina ser\u00e1 o cen\u00e1rio da missa campal em a\u00e7\u00e3o de gra\u00e7as ao anivers\u00e1rio de Bras\u00edlia, \u00e0s 11h. No mesmo dia, a partir das 14h, a cantora gospel Aline Barros faz show religioso na Torre de TV.<\/p>\n<p>Tamb\u00e9m no dia 19, das 17h \u00e0 1h, a Par\u00f3quia S\u00e3o Jorge e Santo Expedito, em Taguatinga, sob o comando do Padre Ribamar, e shows do Trio Sanfona Nova, da dupla Caio Henrique Altair e Alexandre.<\/p>\n<p><strong>Programa\u00e7\u00e3o completa<\/strong><br \/>\nOficinas Cantoar e as Aventura Encantadas<br \/>\nData: Todo o m\u00eas de abril<br \/>\nHor\u00e1rio: 10h<br \/>\nLocal: CEPI Quero Quero \u2013 Nu\u0301cleo Rural Monjolo, Recanto das Emas<\/p>\n<p>Exposic\u0327a\u0303o de telas dos artistas pla\u0301sticos Xande e Rivas sobre Brasi\u0301lia<br \/>\nData: Todo o m\u00eas de abril<br \/>\nLocal: Estac\u0327\u00f5es de metro\u0302 Galeria (Xande) e Central (Rivas)<\/p>\n<p>1\u00aa edic\u0327a\u0303o do Concurso de Fotografia Regina Santos<br \/>\nData da premia\u00e7\u00e3o: 21 de abril<br \/>\nLocal: Espac\u0327o Oscar Niemeyer \u2013 Pra\u00e7a dos Tr\u00eas Poderes<\/p>\n<p>Aulo\u0303es abertos nos espac\u0327os culturais<br \/>\nData: Todo o m\u00eas de abril<br \/>\nLocais: Centro de Danc\u0327a (St. de Autarquias Norte Q 1); Casa do Cantador (St. N Quadra 32 A\u0301rea Especial G \u2013 Ceila\u0302ndia); Complexo Cultural de Planaltina (Avenida Uberdan Cardoso, St. Administrativo Lote 02 \u2013 Planaltina); Espac\u0327o Cultural Renato Russo (Asa Sul Come\u0301rcio Residencial Sul 508 Bloco A \u2013 Asa Sul); Complexo Cultural de Samambaia | (Samambaia Sul)<\/p>\n<p>Clube de leitura de autores brasilienses<br \/>\nData: Realiza\u00e7\u00e3o semanal em abril<br \/>\nLocal: Biblioteca Nacional de Brasi\u0301lia<\/p>\n<p>Projeto Cinema e\u0301 Ralac\u0327a\u0303o \u2013 oficinas<br \/>\nData: 15 a 26\/4<br \/>\nHor\u00e1rio: 8h a\u0300s 12h<br \/>\nLocal: IFB Recanto das Emas<\/p>\n<p>Visita Guiada pelos Patrimo\u0302nios Histo\u0301ricos e Culturais de Brasi\u0301lia<br \/>\nData: 16, 17 e 19\/4 no turno vespertino; 20\/4 no turno matutino<br \/>\nLocal: Memorial JK e Museu do Catetinho<\/p>\n<p>Lan\u00e7amento caf\u00e9 na Casa de Cha\u0301 na Prac\u0327a dos Tre\u0302s Poderes<br \/>\nData: 16\/4<br \/>\nHor\u00e1rio: 10h<br \/>\nLocal: Casa de Cha\u0301, Prac\u0327a dos Tre\u0302s Poderes<\/p>\n<p>Projeto Cantoar e as Aventura Encantadas \u2013 apresenta\u00e7\u00e3o teatral<br \/>\nData: 17\/4<br \/>\nHor\u00e1rio: 10h e a\u0300s 15h<br \/>\nLocal: Sesc Paulo Gracindo, Gama<\/p>\n<p>Projeto LAB Biblioteca Renato Russo \u2013 oficinas<br \/>\nData: 18\/4<br \/>\nHor\u00e1rio: 13h15<br \/>\nLocal: CEM 111, Recanto das Emas<\/p>\n<p>Evento Cato\u0301lico com o Padre Fa\u0301bio de Melo \u2013 apresentac\u0327a\u0303o musical<br \/>\nData: 18\/4<br \/>\nHor\u00e1rio: 14h<br \/>\nLocal: Complexo da Torre de TV<\/p>\n<p>Passeio em visita aos monumentos da cidade<br \/>\nData: 18 e 19\/4<br \/>\nLocal: A\u0301rea Central de Brasi\u0301lia<\/p>\n<p>Etapa Nacional do Campeonato de Balonismo<br \/>\nData: 18 a 28\/4<br \/>\nHor\u00e1rio: 14h a\u0300s 18h<br \/>\nLocal: Gramado do Eixo Monumental<\/p>\n<p>Festival Sarau Voz e Alma<br \/>\nData: 19\/4<br \/>\nHor\u00e1rio: 19 a\u0300 23h<br \/>\nLocal: Casa Akotirene \u2013 QNN 23 conjunto J casa 35, Ceila\u0302ndia; Prac\u0327a da Biblia, QNP 19<\/p>\n<p>Projeto Cantoar e as Aventura Encantadas \u2013 apresenta\u00e7\u00e3o teatral<br \/>\nData: 19\/4<br \/>\nHor\u00e1rio: 15h<br \/>\nLocal: Sesc Garagem \u2013 Via W4 Sul Quadra 713\/913<\/p>\n<p>Missa Campal em A\u00e7\u00e3o de Grac\u0327as pelo Aniversa\u0301rio de Brasi\u0301lia<br \/>\nData: 19\/4<br \/>\nHor\u00e1rio: 11h<br \/>\nLocal: Pedra Fundamental de Planaltina-DF<\/p>\n<p>Evento Evange\u0301lico com Aline Barros \u2013 show<br \/>\nData: 19\/4<br \/>\nHor\u00e1rio: 14h<br \/>\nLocal: Complexo da Torre de TV<\/p>\n<p>Festa da Paro\u0301quia Sa\u0303o Jorge e Santo Expedito<br \/>\nData: 19\/4<br \/>\nHor\u00e1rio: 17h a\u0300s 1h<br \/>\nLocal: QNM 34, AE 5\/6, Taguatinga Norte (ao lado do Shopping JK)<\/p>\n<p>Competic\u0327a\u0303o de Triathlon Challenge Cerrado<br \/>\nData: 19\/4<br \/>\nHor\u00e1rio: 10h a\u0300s 20h<br \/>\nLocal: Ponta\u0303o do Lago Sul<\/p>\n<p>Bras\u00edlia Bike Camp 2024<br \/>\nData: 19\/4<br \/>\nHor\u00e1rio: 8h a\u0300s 21h<br \/>\nLocal: Torre Digital de Brasi\u0301lia<\/p>\n<p>Galpo\u0303es de exposic\u0327o\u0303es, sala\u0303o da agricultura familiar e outros<br \/>\nData: 20 e 21\/4<br \/>\nHor\u00e1rio: 10h a\u0300s 18h<br \/>\nLocal: Esplanada dos Ministe\u0301rios, em frente a Biblioteca Nacional<\/p>\n<p>Arena Hip Hop \u2013 batalha de rima, shows, oficinas e apresenta\u00e7\u00f5es de break<br \/>\nData: 20 e 21\/4<br \/>\nHor\u00e1rio: a partir das 10h<br \/>\nLocal: Esplanada dos Ministe\u0301rios, ao lado da Biblioteca Nacional<\/p>\n<p>Circo Khronos \u2013 apresenta\u00e7\u00e3o circense<br \/>\nData: 20\/4<br \/>\nHor\u00e1rio: 10:30h, 13h e 16h<br \/>\nLocal: Esplanada dos Minist\u00e9rios<\/p>\n<p>Shows de bandas brasilienses<br \/>\nData: 20\/4<br \/>\nHor\u00e1rio: 15h<br \/>\nLocal: Complexo da Torre de TV<\/p>\n<p>Show Adriana Samartini<br \/>\nData: 20\/4<br \/>\nHor\u00e1rio: 18h<br \/>\nLocal: Complexo da Torre de TV<\/p>\n<p>Show Di Prop\u00f3sito<br \/>\nData: 20\/4<br \/>\nHor\u00e1rio: 20h<br \/>\nLocal: Complexo da Torre de TV<\/p>\n<p>Show Alok<br \/>\nData: 20\/4<br \/>\nHor\u00e1rio: 22h<br \/>\nLocal: Complexo da Torre de TV<\/p>\n<p>Competic\u0327a\u0303o de Triathlon Challenge Cerrado<br \/>\nData: 20\/4<br \/>\nHor\u00e1rio: 8h a\u0300s 20h<br \/>\nLocal: Ponta\u0303o do Lago Sul<\/p>\n<p>Bras\u00edlia Bike Camp 2024<br \/>\nData: 20\/4<br \/>\nHor\u00e1rio: 8h a\u0300s 22h<br \/>\nLocal: Torre Digital de Brasi\u0301lia<\/p>\n<p>Maratona Brasi\u0301lia 2024<br \/>\nPercursos de 3km, 5km, 10km, 21km e 42km<br \/>\nData: 21\/4<br \/>\nHor\u00e1rio: 6h<br \/>\nLocal: Torre Digital de Brasi\u0301lia<\/p>\n<p>Oficina de Skate Mini Ramp \u2013 competi\u00e7\u00f5es e apresenta\u00e7\u00f5es musicais<br \/>\nData: 21\/4<br \/>\nHor\u00e1rio: a partir das 10h<br \/>\nLocal: Esplanada dos Ministe\u0301rios, ao lado da Biblioteca Nacional<\/p>\n<p>Inaugura\u00e7\u00e3o da Vin\u00edcola Bras\u00edlia<br \/>\nData: 20\/4<br \/>\nHor\u00e1rio: 11h<br \/>\nLocal: Projeto de Assentamento Dirigido do DF (PAD-DF)<\/p>\n<p>Abertura do Palco Brasi\u0301lia e da prac\u0327a da crianc\u0327a<br \/>\nData: 20\/4<br \/>\nHor\u00e1rio: 10h a\u0300s 18h<br \/>\nLocal: Esplanada dos Minist\u00e9rios, ao lado do Museu Nacional<\/p>\n<p>Fliperama<br \/>\nData: 20 e 21\/4<br \/>\nHor\u00e1rio: Todo o dia<br \/>\nLocal: Esplanada dos Minist\u00e9rios \u2013 Ao lado da Biblioteca Nacional<\/p>\n<p>Lazer Pet Stop<br \/>\nData: 20 e 21\/4<br \/>\nHor\u00e1rio: 8h \u00e0s 18h<br \/>\nLocal: Taguaparque<\/p>\n<p>Circo Khronos<br \/>\nData: 21\/4<br \/>\nHor\u00e1rio: 10h30, 13h e 14h30<br \/>\nLocal: Palco Bras\u00edlia \u2013 Esplanada dos Minist\u00e9rios<\/p>\n<p>Orquestra Sinf\u00f4nica do Teatro Nacional Claudio Santoro<br \/>\nData: 21\/4<br \/>\nHor\u00e1rio: 18h30<br \/>\nLocal: Palco Bras\u00edlia \u2013 Esplanada dos Minist\u00e9rios<\/p>\n<p>Projeto: Cantoar e as Aventura Encantadas<br \/>\nData: 21\/4<br \/>\nHor\u00e1rio: 17h<br \/>\nLocal: Sesc Garagem (Via W4 Sul Quadra 713\/913)<\/p>\n<p>DJs de m\u00fasicas infantis<br \/>\nData: 21\/4<br \/>\nHor\u00e1rio: 14h<br \/>\nLocal: Palco Brasil \u2013 Esplanada dos Minist\u00e9rios<\/p>\n<p>Luccas Neto<br \/>\nData: 21\/4<br \/>\nHor\u00e1rio: 16h<br \/>\nLocal: Palco Brasil \u2013 Esplanada dos Minist\u00e9rios<\/p>\n<p>DJs locais<br \/>\nData: 21\/4<br \/>\nHor\u00e1rio: 18h<br \/>\nLocal: Palco Brasil \u2013 Esplanada dos Minist\u00e9rios<\/p>\n<p>Xand Avi\u00e3o<br \/>\nData: 21\/4<br \/>\nHor\u00e1rio: 17h<br \/>\nLocal: Torre de TV<\/p>\n<p>Festa da Paro\u0301quia Sa\u0303o Jorge e Santo Expedito<br \/>\nData: 21\/4<br \/>\nHor\u00e1rio: 19h \u00e0s 23h<br \/>\nLocal: QNM 34, AE 5\/6, Taguatinga Norte (ao lado do Shopping JK)<\/p>\n<p>Solenidade de Substituic\u0327a\u0303o da Bandeira Nacional na Prac\u0327a dos Tre\u0302s Poderes<br \/>\nData: 21\/4<br \/>\nHor\u00e1rio: 9h<br \/>\nLocal: Pra\u00e7a dos Tr\u00eas Poderes<\/p>\n<p>Cerimo\u0302nia de Outorga da Medalha do Me\u0301rito Distrital da Cultura Seu Teodoro<br \/>\nData: 21\/4<br \/>\nHor\u00e1rio: 15h<br \/>\nLocal: Museu Nacional da Rep\u00fablica<\/p>\n<p>Competic\u0327a\u0303o de Triathlon Challenge Cerrado<br \/>\nData: 21\/4<br \/>\nHor\u00e1rio: 6h20 a\u0300s 13h30<br \/>\nLocal: Ponta\u0303o do Lago Sul<\/p>\n<p>Bras\u00edlia Bike Camp 2024<br \/>\nData: 21\/4<br \/>\nHor\u00e1rio: 6h a\u0300s 18h<br \/>\nLocal: Torre Digital de Brasi\u0301lia<\/p>\n<p>Muro de Escalada<br \/>\nData: 20\/4 e 21\/4<br \/>\nHor\u00e1rio: 10h \u00e0s 17h<br \/>\nEndere\u00e7o: Esplanada dos Minist\u00e9rios \u2013 Ao lado da Biblioteca Nacional<\/p>\n<p>Programa\u00e7\u00e3o nas RAs \u2013 Planaltina<br \/>\nData: 21\/4<br \/>\nHor\u00e1rio: 10h \u00e0s 20h<br \/>\nEndere\u00e7o: Planaltina<\/p>\n<p>Programa\u00e7\u00e3o nas RAs \u2013 Brazl\u00e2ndia<br \/>\nData: 21\/4<br \/>\nHor\u00e1rio: 10h \u00e0s 20h<br \/>\nEndere\u00e7o: Brazl\u00e2ndia<\/p>\n<p>Programa\u00e7\u00e3o nas RAs \u2013 Santa Maria<br \/>\nData: 21\/4<br \/>\nHor\u00e1rio: 10h \u00e0s 20h<br \/>\nEndere\u00e7o: Santa Maria<\/p>\n<p>Reabertura do Cine Brasi\u0301lia<br \/>\nData: 22\/4<br \/>\nHor\u00e1rio: 11h<br \/>\nEndere\u00e7o: Cine Brasi\u0301lia<\/p>\n<p>Projeto: Cultura alimentar, memo\u0301ria e resiste\u0302ncia no Paranoa\u0301 Oficinas<br \/>\nData: 22\/4<br \/>\nHor\u00e1rio: 14h<br \/>\nEndere\u00e7o: Galpa\u0303o do Cedep (Centro de Cultura e Desenvolvimento do Parano\u00e1)<\/p>\n<p>Projeto: LAB Biblioteca Renato Russo<br \/>\nData: 22\/4<br \/>\nHor\u00e1rio: 13h15<br \/>\nEndere\u00e7o: CEM 111 (Recanto das Emas)<\/p>\n<p>Espac\u0327o Aberto Risoflora<br \/>\nData: 22\/4<br \/>\nHor\u00e1rio: 14h \u00e0s 18h<br \/>\nEndere\u00e7o: Galeria Risofloras (EQNM 18\/20 Ceila\u0302ndia Norte)<\/p>\n<p>Homenagem aos Pioneiros de Brasi\u0301lia<br \/>\nData: 22\/4<br \/>\nHor\u00e1rio: 18h<br \/>\nEndere\u00e7o: Audito\u0301rio da Ca\u0302mara Legislativa do Distrito Federal \u2013 CLDF<\/p>\n<p>Festa da Paro\u0301quia Sa\u0303o Jorge e Santo Expedito<br \/>\nData: 23\/4<br \/>\nHor\u00e1rio: 17h \u00e0s 23h30<br \/>\nEndere\u00e7o: QNM 34, AE 5\/6, Taguatinga Norte (ao lado do Shopping JK)<\/p>\n<p>Educac\u0327a\u0303o Alimentar e Nutricional (EAN) nos Restaurantes Comunita\u0301rios<br \/>\nData: 23\/4<br \/>\nHor\u00e1rio: 11h \u00e0s 14h<br \/>\nEndere\u00e7o: Nos 16 Restaurantes Comunita\u0301rios do DF<\/p>\n<p>Ac\u0327a\u0303o de beleza e sau\u0301de, com debate<br \/>\nData: 25\/4<br \/>\nHor\u00e1rio: 9h<br \/>\nEndere\u00e7o: Casa da Mulher Brasileira (Ceil\u00e2ndia)<\/p>\n<p>Projeto: Cultura alimentar, memo\u0301ria e resiste\u0302ncia<br \/>\nData: 29\/4<br \/>\nHor\u00e1rio: 14h<br \/>\nEndere\u00e7o: Galpa\u0303o do Cedep (Centro de Cultura e Desenvolvimento do Parano\u00e1)<\/p>\n<p>Projeto: LAB Biblioteca Renato Russo<br \/>\nData: 29\/4<br \/>\nHor\u00e1rio: 13h15<br \/>\nEndere\u00e7o: CEM 111 (Recanto das Emas)<\/p>\n<p>Projeto: Conterra\u0302neos Novos de Guerra<br \/>\nData: 30\/4<br \/>\nHor\u00e1rio: 19h e 20h<br \/>\nEndere\u00e7o: Cine Brasi\u0301lia ou Museu da Repu\u0301blica<\/p>\n<p>Estac\u0327a\u0303o da Mu\u0301sica Cla\u0301ssica \u2013 4\u00aa Edic\u0327a\u0303o<br \/>\nData: 30\/4<br \/>\nHor\u00e1rio: 20h<br \/>\nLocal: Cia L\u00e1bios da Lua (Quadra 4, Lote 16 Lojas C e D \u2013 Setor Sul \u2013 Gama)<\/p>\n","protected":false},"excerpt":{"rendered":"<p>O Governo do Distrito Federal (GDF) preparou uma programa\u00e7\u00e3o extensa para celebrar os 64 anos de Bras\u00edlia. A comemora\u00e7\u00e3o come\u00e7ou com o show do cantor Z\u00e9 Vaqueiro no \u00faltimo domingo (14), no Taguaparque, e segue por todo o m\u00eas com diferentes atra\u00e7\u00f5es gratuitas, que v\u00e3o desde apresenta\u00e7\u00f5es musicais e art\u00edsticas at\u00e9 eventos esportivos e c\u00edvicos [&hellip;]<\/p>\n","protected":false},"author":2,"featured_media":326834,"comment_status":"closed","ping_status":"closed","sticky":false,"template":"","format":"standard","meta":{"_acf_changed":false,"footnotes":""},"categories":[161],"tags":[],"class_list":["post-326833","post","type-post","status-publish","format-standard","has-post-thumbnail","hentry","category-quadradinho-em-foco"],"acf":[],"yoast_head":"<!-- This site is optimized with the Yoast SEO plugin v27.5 - https:\/\/yoast.com\/product\/yoast-seo-wordpress\/ -->\n<title>Bras\u00edlia, 64 anos de funda\u00e7\u00e3o. Confira a programa\u00e7\u00e3o completa - Notibras<\/title>\n<meta name=\"robots\" content=\"index, follow, max-snippet:-1, max-image-preview:large, max-video-preview:-1\" \/>\n<link rel=\"canonical\" href=\"https:\/\/www.notibras.com\/site\/brasilia-64-anos-de-fundacao-confira-a-programacao-completa\/\" \/>\n<meta property=\"og:locale\" content=\"pt_BR\" \/>\n<meta property=\"og:type\" content=\"article\" \/>\n<meta property=\"og:title\" content=\"Bras\u00edlia, 64 anos de funda\u00e7\u00e3o. Confira a programa\u00e7\u00e3o completa - Notibras\" \/>\n<meta property=\"og:description\" content=\"O Governo do Distrito Federal (GDF) preparou uma programa\u00e7\u00e3o extensa para celebrar os 64 anos de Bras\u00edlia. A comemora\u00e7\u00e3o come\u00e7ou com o show do cantor Z\u00e9 Vaqueiro no \u00faltimo domingo (14), no Taguaparque, e segue por todo o m\u00eas com diferentes atra\u00e7\u00f5es gratuitas, que v\u00e3o desde apresenta\u00e7\u00f5es musicais e art\u00edsticas at\u00e9 eventos esportivos e c\u00edvicos [&hellip;]\" \/>\n<meta property=\"og:url\" content=\"https:\/\/www.notibras.com\/site\/brasilia-64-anos-de-fundacao-confira-a-programacao-completa\/\" \/>\n<meta property=\"og:site_name\" content=\"Notibras\" \/>\n<meta property=\"article:publisher\" content=\"https:\/\/www.facebook.com\/notibras\/\" \/>\n<meta property=\"article:published_time\" content=\"2024-04-16T10:29:04+00:00\" \/>\n<meta property=\"article:modified_time\" content=\"2024-04-16T14:31:34+00:00\" \/>\n<meta property=\"og:image\" content=\"https:\/\/www.notibras.com\/site\/wp-content\/uploads\/2024\/04\/WhatsApp-Image-2024-04-15-at-21.01.19-1-768x510-1.jpeg\" \/>\n\t<meta property=\"og:image:width\" content=\"768\" \/>\n\t<meta property=\"og:image:height\" content=\"510\" \/>\n\t<meta property=\"og:image:type\" content=\"image\/jpeg\" \/>\n<meta name=\"author\" content=\"Reda\u00e7\u00e3o\" \/>\n<meta name=\"twitter:card\" content=\"summary_large_image\" \/>\n<meta name=\"twitter:creator\" content=\"@Notibras\" \/>\n<meta name=\"twitter:site\" content=\"@Notibras\" \/>\n<meta name=\"twitter:label1\" content=\"Escrito por\" \/>\n\t<meta name=\"twitter:data1\" content=\"Reda\u00e7\u00e3o\" \/>\n\t<meta name=\"twitter:label2\" content=\"Est. tempo de leitura\" \/>\n\t<meta name=\"twitter:data2\" content=\"16 minutos\" \/>\n<script type=\"application\/ld+json\" class=\"yoast-schema-graph\">{\"@context\":\"https:\\\/\\\/schema.org\",\"@graph\":[{\"@type\":\"Article\",\"@id\":\"https:\\\/\\\/www.notibras.com\\\/site\\\/brasilia-64-anos-de-fundacao-confira-a-programacao-completa\\\/#article\",\"isPartOf\":{\"@id\":\"https:\\\/\\\/www.notibras.com\\\/site\\\/brasilia-64-anos-de-fundacao-confira-a-programacao-completa\\\/\"},\"author\":{\"name\":\"Reda\u00e7\u00e3o\",\"@id\":\"https:\\\/\\\/www.notibras.com\\\/site\\\/#\\\/schema\\\/person\\\/36ab0979449956132d3e5b517ea76ac8\"},\"headline\":\"Bras\u00edlia, 64 anos de funda\u00e7\u00e3o. Confira a programa\u00e7\u00e3o completa\",\"datePublished\":\"2024-04-16T10:29:04+00:00\",\"dateModified\":\"2024-04-16T14:31:34+00:00\",\"mainEntityOfPage\":{\"@id\":\"https:\\\/\\\/www.notibras.com\\\/site\\\/brasilia-64-anos-de-fundacao-confira-a-programacao-completa\\\/\"},\"wordCount\":2954,\"publisher\":{\"@id\":\"https:\\\/\\\/www.notibras.com\\\/site\\\/#organization\"},\"image\":{\"@id\":\"https:\\\/\\\/www.notibras.com\\\/site\\\/brasilia-64-anos-de-fundacao-confira-a-programacao-completa\\\/#primaryimage\"},\"thumbnailUrl\":\"https:\\\/\\\/www.notibras.com\\\/site\\\/wp-content\\\/uploads\\\/2024\\\/04\\\/WhatsApp-Image-2024-04-15-at-21.01.19-1-768x510-1.jpeg\",\"articleSection\":[\"Quadradinho em Foco\"],\"inLanguage\":\"pt-BR\"},{\"@type\":\"WebPage\",\"@id\":\"https:\\\/\\\/www.notibras.com\\\/site\\\/brasilia-64-anos-de-fundacao-confira-a-programacao-completa\\\/\",\"url\":\"https:\\\/\\\/www.notibras.com\\\/site\\\/brasilia-64-anos-de-fundacao-confira-a-programacao-completa\\\/\",\"name\":\"Bras\u00edlia, 64 anos de funda\u00e7\u00e3o. Confira a programa\u00e7\u00e3o completa - Notibras\",\"isPartOf\":{\"@id\":\"https:\\\/\\\/www.notibras.com\\\/site\\\/#website\"},\"primaryImageOfPage\":{\"@id\":\"https:\\\/\\\/www.notibras.com\\\/site\\\/brasilia-64-anos-de-fundacao-confira-a-programacao-completa\\\/#primaryimage\"},\"image\":{\"@id\":\"https:\\\/\\\/www.notibras.com\\\/site\\\/brasilia-64-anos-de-fundacao-confira-a-programacao-completa\\\/#primaryimage\"},\"thumbnailUrl\":\"https:\\\/\\\/www.notibras.com\\\/site\\\/wp-content\\\/uploads\\\/2024\\\/04\\\/WhatsApp-Image-2024-04-15-at-21.01.19-1-768x510-1.jpeg\",\"datePublished\":\"2024-04-16T10:29:04+00:00\",\"dateModified\":\"2024-04-16T14:31:34+00:00\",\"breadcrumb\":{\"@id\":\"https:\\\/\\\/www.notibras.com\\\/site\\\/brasilia-64-anos-de-fundacao-confira-a-programacao-completa\\\/#breadcrumb\"},\"inLanguage\":\"pt-BR\",\"potentialAction\":[{\"@type\":\"ReadAction\",\"target\":[\"https:\\\/\\\/www.notibras.com\\\/site\\\/brasilia-64-anos-de-fundacao-confira-a-programacao-completa\\\/\"]}]},{\"@type\":\"ImageObject\",\"inLanguage\":\"pt-BR\",\"@id\":\"https:\\\/\\\/www.notibras.com\\\/site\\\/brasilia-64-anos-de-fundacao-confira-a-programacao-completa\\\/#primaryimage\",\"url\":\"https:\\\/\\\/www.notibras.com\\\/site\\\/wp-content\\\/uploads\\\/2024\\\/04\\\/WhatsApp-Image-2024-04-15-at-21.01.19-1-768x510-1.jpeg\",\"contentUrl\":\"https:\\\/\\\/www.notibras.com\\\/site\\\/wp-content\\\/uploads\\\/2024\\\/04\\\/WhatsApp-Image-2024-04-15-at-21.01.19-1-768x510-1.jpeg\",\"width\":768,\"height\":510},{\"@type\":\"BreadcrumbList\",\"@id\":\"https:\\\/\\\/www.notibras.com\\\/site\\\/brasilia-64-anos-de-fundacao-confira-a-programacao-completa\\\/#breadcrumb\",\"itemListElement\":[{\"@type\":\"ListItem\",\"position\":1,\"name\":\"In\u00edcio\",\"item\":\"https:\\\/\\\/www.notibras.com\\\/site\\\/\"},{\"@type\":\"ListItem\",\"position\":2,\"name\":\"Bras\u00edlia, 64 anos de funda\u00e7\u00e3o. Confira a programa\u00e7\u00e3o completa\"}]},{\"@type\":\"WebSite\",\"@id\":\"https:\\\/\\\/www.notibras.com\\\/site\\\/#website\",\"url\":\"https:\\\/\\\/www.notibras.com\\\/site\\\/\",\"name\":\"Notibras\",\"description\":\"Not\u00edcias de Bras\u00edlia, do Brasil e do Mundo\",\"publisher\":{\"@id\":\"https:\\\/\\\/www.notibras.com\\\/site\\\/#organization\"},\"potentialAction\":[{\"@type\":\"SearchAction\",\"target\":{\"@type\":\"EntryPoint\",\"urlTemplate\":\"https:\\\/\\\/www.notibras.com\\\/site\\\/?s={search_term_string}\"},\"query-input\":{\"@type\":\"PropertyValueSpecification\",\"valueRequired\":true,\"valueName\":\"search_term_string\"}}],\"inLanguage\":\"pt-BR\"},{\"@type\":\"Organization\",\"@id\":\"https:\\\/\\\/www.notibras.com\\\/site\\\/#organization\",\"name\":\"Grupo Notibras de Comunica\u00e7\u00e3o\",\"url\":\"https:\\\/\\\/www.notibras.com\\\/site\\\/\",\"logo\":{\"@type\":\"ImageObject\",\"inLanguage\":\"pt-BR\",\"@id\":\"https:\\\/\\\/www.notibras.com\\\/site\\\/#\\\/schema\\\/logo\\\/image\\\/\",\"url\":\"https:\\\/\\\/www.notibras.com\\\/site\\\/wp-content\\\/uploads\\\/2023\\\/01\\\/notibras23.png\",\"contentUrl\":\"https:\\\/\\\/www.notibras.com\\\/site\\\/wp-content\\\/uploads\\\/2023\\\/01\\\/notibras23.png\",\"width\":350,\"height\":87,\"caption\":\"Grupo Notibras de Comunica\u00e7\u00e3o\"},\"image\":{\"@id\":\"https:\\\/\\\/www.notibras.com\\\/site\\\/#\\\/schema\\\/logo\\\/image\\\/\"},\"sameAs\":[\"https:\\\/\\\/www.facebook.com\\\/notibras\\\/\",\"https:\\\/\\\/x.com\\\/Notibras\",\"https:\\\/\\\/www.instagram.com\\\/notibras\\\/\"]},{\"@type\":\"Person\",\"@id\":\"https:\\\/\\\/www.notibras.com\\\/site\\\/#\\\/schema\\\/person\\\/36ab0979449956132d3e5b517ea76ac8\",\"name\":\"Reda\u00e7\u00e3o\",\"image\":{\"@type\":\"ImageObject\",\"inLanguage\":\"pt-BR\",\"@id\":\"https:\\\/\\\/secure.gravatar.com\\\/avatar\\\/e0a867bdedb85fd243eadf09663511f96fc81e0720a4a42581f334ad4303aa6b?s=96&d=mm&r=g\",\"url\":\"https:\\\/\\\/secure.gravatar.com\\\/avatar\\\/e0a867bdedb85fd243eadf09663511f96fc81e0720a4a42581f334ad4303aa6b?s=96&d=mm&r=g\",\"contentUrl\":\"https:\\\/\\\/secure.gravatar.com\\\/avatar\\\/e0a867bdedb85fd243eadf09663511f96fc81e0720a4a42581f334ad4303aa6b?s=96&d=mm&r=g\",\"caption\":\"Reda\u00e7\u00e3o\"}}]}<\/script>\n<!-- \/ Yoast SEO plugin. -->","yoast_head_json":{"title":"Bras\u00edlia, 64 anos de funda\u00e7\u00e3o. Confira a programa\u00e7\u00e3o completa - Notibras","robots":{"index":"index","follow":"follow","max-snippet":"max-snippet:-1","max-image-preview":"max-image-preview:large","max-video-preview":"max-video-preview:-1"},"canonical":"https:\/\/www.notibras.com\/site\/brasilia-64-anos-de-fundacao-confira-a-programacao-completa\/","og_locale":"pt_BR","og_type":"article","og_title":"Bras\u00edlia, 64 anos de funda\u00e7\u00e3o. Confira a programa\u00e7\u00e3o completa - Notibras","og_description":"O Governo do Distrito Federal (GDF) preparou uma programa\u00e7\u00e3o extensa para celebrar os 64 anos de Bras\u00edlia. A comemora\u00e7\u00e3o come\u00e7ou com o show do cantor Z\u00e9 Vaqueiro no \u00faltimo domingo (14), no Taguaparque, e segue por todo o m\u00eas com diferentes atra\u00e7\u00f5es gratuitas, que v\u00e3o desde apresenta\u00e7\u00f5es musicais e art\u00edsticas at\u00e9 eventos esportivos e c\u00edvicos [&hellip;]","og_url":"https:\/\/www.notibras.com\/site\/brasilia-64-anos-de-fundacao-confira-a-programacao-completa\/","og_site_name":"Notibras","article_publisher":"https:\/\/www.facebook.com\/notibras\/","article_published_time":"2024-04-16T10:29:04+00:00","article_modified_time":"2024-04-16T14:31:34+00:00","og_image":[{"width":768,"height":510,"url":"https:\/\/www.notibras.com\/site\/wp-content\/uploads\/2024\/04\/WhatsApp-Image-2024-04-15-at-21.01.19-1-768x510-1.jpeg","type":"image\/jpeg"}],"author":"Reda\u00e7\u00e3o","twitter_card":"summary_large_image","twitter_creator":"@Notibras","twitter_site":"@Notibras","twitter_misc":{"Escrito por":"Reda\u00e7\u00e3o","Est. tempo de leitura":"16 minutos"},"schema":{"@context":"https:\/\/schema.org","@graph":[{"@type":"Article","@id":"https:\/\/www.notibras.com\/site\/brasilia-64-anos-de-fundacao-confira-a-programacao-completa\/#article","isPartOf":{"@id":"https:\/\/www.notibras.com\/site\/brasilia-64-anos-de-fundacao-confira-a-programacao-completa\/"},"author":{"name":"Reda\u00e7\u00e3o","@id":"https:\/\/www.notibras.com\/site\/#\/schema\/person\/36ab0979449956132d3e5b517ea76ac8"},"headline":"Bras\u00edlia, 64 anos de funda\u00e7\u00e3o. Confira a programa\u00e7\u00e3o completa","datePublished":"2024-04-16T10:29:04+00:00","dateModified":"2024-04-16T14:31:34+00:00","mainEntityOfPage":{"@id":"https:\/\/www.notibras.com\/site\/brasilia-64-anos-de-fundacao-confira-a-programacao-completa\/"},"wordCount":2954,"publisher":{"@id":"https:\/\/www.notibras.com\/site\/#organization"},"image":{"@id":"https:\/\/www.notibras.com\/site\/brasilia-64-anos-de-fundacao-confira-a-programacao-completa\/#primaryimage"},"thumbnailUrl":"https:\/\/www.notibras.com\/site\/wp-content\/uploads\/2024\/04\/WhatsApp-Image-2024-04-15-at-21.01.19-1-768x510-1.jpeg","articleSection":["Quadradinho em Foco"],"inLanguage":"pt-BR"},{"@type":"WebPage","@id":"https:\/\/www.notibras.com\/site\/brasilia-64-anos-de-fundacao-confira-a-programacao-completa\/","url":"https:\/\/www.notibras.com\/site\/brasilia-64-anos-de-fundacao-confira-a-programacao-completa\/","name":"Bras\u00edlia, 64 anos de funda\u00e7\u00e3o. Confira a programa\u00e7\u00e3o completa - Notibras","isPartOf":{"@id":"https:\/\/www.notibras.com\/site\/#website"},"primaryImageOfPage":{"@id":"https:\/\/www.notibras.com\/site\/brasilia-64-anos-de-fundacao-confira-a-programacao-completa\/#primaryimage"},"image":{"@id":"https:\/\/www.notibras.com\/site\/brasilia-64-anos-de-fundacao-confira-a-programacao-completa\/#primaryimage"},"thumbnailUrl":"https:\/\/www.notibras.com\/site\/wp-content\/uploads\/2024\/04\/WhatsApp-Image-2024-04-15-at-21.01.19-1-768x510-1.jpeg","datePublished":"2024-04-16T10:29:04+00:00","dateModified":"2024-04-16T14:31:34+00:00","breadcrumb":{"@id":"https:\/\/www.notibras.com\/site\/brasilia-64-anos-de-fundacao-confira-a-programacao-completa\/#breadcrumb"},"inLanguage":"pt-BR","potentialAction":[{"@type":"ReadAction","target":["https:\/\/www.notibras.com\/site\/brasilia-64-anos-de-fundacao-confira-a-programacao-completa\/"]}]},{"@type":"ImageObject","inLanguage":"pt-BR","@id":"https:\/\/www.notibras.com\/site\/brasilia-64-anos-de-fundacao-confira-a-programacao-completa\/#primaryimage","url":"https:\/\/www.notibras.com\/site\/wp-content\/uploads\/2024\/04\/WhatsApp-Image-2024-04-15-at-21.01.19-1-768x510-1.jpeg","contentUrl":"https:\/\/www.notibras.com\/site\/wp-content\/uploads\/2024\/04\/WhatsApp-Image-2024-04-15-at-21.01.19-1-768x510-1.jpeg","width":768,"height":510},{"@type":"BreadcrumbList","@id":"https:\/\/www.notibras.com\/site\/brasilia-64-anos-de-fundacao-confira-a-programacao-completa\/#breadcrumb","itemListElement":[{"@type":"ListItem","position":1,"name":"In\u00edcio","item":"https:\/\/www.notibras.com\/site\/"},{"@type":"ListItem","position":2,"name":"Bras\u00edlia, 64 anos de funda\u00e7\u00e3o. Confira a programa\u00e7\u00e3o completa"}]},{"@type":"WebSite","@id":"https:\/\/www.notibras.com\/site\/#website","url":"https:\/\/www.notibras.com\/site\/","name":"Notibras","description":"Not\u00edcias de Bras\u00edlia, do Brasil e do Mundo","publisher":{"@id":"https:\/\/www.notibras.com\/site\/#organization"},"potentialAction":[{"@type":"SearchAction","target":{"@type":"EntryPoint","urlTemplate":"https:\/\/www.notibras.com\/site\/?s={search_term_string}"},"query-input":{"@type":"PropertyValueSpecification","valueRequired":true,"valueName":"search_term_string"}}],"inLanguage":"pt-BR"},{"@type":"Organization","@id":"https:\/\/www.notibras.com\/site\/#organization","name":"Grupo Notibras de Comunica\u00e7\u00e3o","url":"https:\/\/www.notibras.com\/site\/","logo":{"@type":"ImageObject","inLanguage":"pt-BR","@id":"https:\/\/www.notibras.com\/site\/#\/schema\/logo\/image\/","url":"https:\/\/www.notibras.com\/site\/wp-content\/uploads\/2023\/01\/notibras23.png","contentUrl":"https:\/\/www.notibras.com\/site\/wp-content\/uploads\/2023\/01\/notibras23.png","width":350,"height":87,"caption":"Grupo Notibras de Comunica\u00e7\u00e3o"},"image":{"@id":"https:\/\/www.notibras.com\/site\/#\/schema\/logo\/image\/"},"sameAs":["https:\/\/www.facebook.com\/notibras\/","https:\/\/x.com\/Notibras","https:\/\/www.instagram.com\/notibras\/"]},{"@type":"Person","@id":"https:\/\/www.notibras.com\/site\/#\/schema\/person\/36ab0979449956132d3e5b517ea76ac8","name":"Reda\u00e7\u00e3o","image":{"@type":"ImageObject","inLanguage":"pt-BR","@id":"https:\/\/secure.gravatar.com\/avatar\/e0a867bdedb85fd243eadf09663511f96fc81e0720a4a42581f334ad4303aa6b?s=96&d=mm&r=g","url":"https:\/\/secure.gravatar.com\/avatar\/e0a867bdedb85fd243eadf09663511f96fc81e0720a4a42581f334ad4303aa6b?s=96&d=mm&r=g","contentUrl":"https:\/\/secure.gravatar.com\/avatar\/e0a867bdedb85fd243eadf09663511f96fc81e0720a4a42581f334ad4303aa6b?s=96&d=mm&r=g","caption":"Reda\u00e7\u00e3o"}}]}},"amp_enabled":true,"_links":{"self":[{"href":"https:\/\/www.notibras.com\/site\/wp-json\/wp\/v2\/posts\/326833","targetHints":{"allow":["GET"]}}],"collection":[{"href":"https:\/\/www.notibras.com\/site\/wp-json\/wp\/v2\/posts"}],"about":[{"href":"https:\/\/www.notibras.com\/site\/wp-json\/wp\/v2\/types\/post"}],"author":[{"embeddable":true,"href":"https:\/\/www.notibras.com\/site\/wp-json\/wp\/v2\/users\/2"}],"replies":[{"embeddable":true,"href":"https:\/\/www.notibras.com\/site\/wp-json\/wp\/v2\/comments?post=326833"}],"version-history":[{"count":1,"href":"https:\/\/www.notibras.com\/site\/wp-json\/wp\/v2\/posts\/326833\/revisions"}],"predecessor-version":[{"id":326835,"href":"https:\/\/www.notibras.com\/site\/wp-json\/wp\/v2\/posts\/326833\/revisions\/326835"}],"wp:featuredmedia":[{"embeddable":true,"href":"https:\/\/www.notibras.com\/site\/wp-json\/wp\/v2\/media\/326834"}],"wp:attachment":[{"href":"https:\/\/www.notibras.com\/site\/wp-json\/wp\/v2\/media?parent=326833"}],"wp:term":[{"taxonomy":"category","embeddable":true,"href":"https:\/\/www.notibras.com\/site\/wp-json\/wp\/v2\/categories?post=326833"},{"taxonomy":"post_tag","embeddable":true,"href":"https:\/\/www.notibras.com\/site\/wp-json\/wp\/v2\/tags?post=326833"}],"curies":[{"name":"wp","href":"https:\/\/api.w.org\/{rel}","templated":true}]}}