{"id":326837,"date":"2024-04-16T00:35:27","date_gmt":"2024-04-16T03:35:27","guid":{"rendered":"https:\/\/www.notibras.com\/site\/?p=326837"},"modified":"2024-04-16T11:37:41","modified_gmt":"2024-04-16T14:37:41","slug":"novas-tendas-de-acolhimento-ultrapassam-21-mil-atendimentos","status":"publish","type":"post","link":"https:\/\/www.notibras.com\/site\/novas-tendas-de-acolhimento-ultrapassam-21-mil-atendimentos\/","title":{"rendered":"Novas tendas de acolhimento ultrapassam 2,1 mil atendimentos"},"content":{"rendered":"<p>Mais de 2,1 mil atendimentos foram realizados nas quatro novas tendas de acolhimento a pacientes com dengue desde a \u00faltima quinta-feira (11). As unidades foram inauguradas pelo Governo do Distrito Federal (GDF) no Guar\u00e1, Gama, Parano\u00e1 \u2013 sendo que estas funcionam 24 horas \u2013 e em Planaltina, entregue neste domingo (14). Uma nova unidade ser\u00e1 disponibilizada nesta ter\u00e7a-feira (16), em Ceil\u00e2ndia.<\/p>\n<p>A tenda de Planaltina funciona diariamente, das 7h \u00e0s 19h, e foi instalada no estacionamento do hospital regional da cidade. A unidade foi criada para realizar 150 atendimentos por dia, oferecendo suporte desde a triagem a consult\u00f3rios, farm\u00e1cia e sala de hidrata\u00e7\u00e3o. No entanto, logo no dia de inaugura\u00e7\u00e3o, o espa\u00e7o alcan\u00e7ou 186 atendimentos, sendo que um deles precisou ser levado para tratamentos mais complexos.<\/p>\n<p>Em Ceil\u00e2ndia, a nova tenda funcionar\u00e1 no estacionamento do Hospital Regional de Ceil\u00e2ndia (HRC). Essa ser\u00e1 a segunda da regi\u00e3o; a primeira fica na Administra\u00e7\u00e3o Regional de Ceil\u00e2ndia. As duas t\u00eam funcionamento di\u00e1rio, das 7h \u00e0s 19h.<\/p>\n<p>Ao todo, a capital contar\u00e1 com 20 estruturas de assist\u00eancia a casos da doen\u00e7a: tr\u00eas com atendimento 24 horas e outras 17 com funcionamento das 7h \u00e0s 19h. Destas, seis est\u00e3o em fase de instala\u00e7\u00e3o. \u201cErguidas ao lado de unidades de sa\u00fade, as tendas v\u00e3o reduzir o tempo de espera e ampliar o acesso da popula\u00e7\u00e3o ao atendimento, com um curto tempo de espera, diagn\u00f3stico r\u00e1pido e o tratamento, como hidrata\u00e7\u00e3o e remo\u00e7\u00e3o para outros locais, caso haja necessidade\u201d, aponta a secret\u00e1ria de Sa\u00fade, Lucilene Flor\u00eancio.<\/p>\n<p>Os espa\u00e7os funcionam com estrutura semelhante a de hospitais de campanha e est\u00e3o estrategicamente posicionados perto de hospitais regulares, unidades de pronto atendimento (UPAs) e unidades b\u00e1sicas de sa\u00fade (UBSs) a fim de garantir um atendimento mais c\u00e9lere dos pacientes sintom\u00e1ticos da doen\u00e7a e, consequentemente, reduzindo a press\u00e3o sobre o Sistema \u00danico de Sa\u00fade (SUS).<\/p>\n<p>Desde o in\u00edcio do ano, o GDF j\u00e1 tinha instalado tendas de acolhimento a pacientes com suspeita de dengue em nove administra\u00e7\u00f5es regionais: Ceil\u00e2ndia, Sol Nascente\/P\u00f4r do Sol, Samambaia, Sobradinho, S\u00e3o Sebasti\u00e3o, Estrutural, Recanto das Emas, Brazl\u00e2ndia e Santa Maria. As instala\u00e7\u00f5es atendem diariamente, das 7h \u00e0s 19h.<\/p>\n<p>Confira os hor\u00e1rios e endere\u00e7os das tendas que j\u00e1 atendem 24h<br \/>\n\u2192 Guar\u00e1: em frente \u00e0 Unidade B\u00e1sica de Sa\u00fade (UBS) 1<br \/>\n\u2192 Gama: estacionamento do Hospital Regional do Gama (HRG)<br \/>\n\u2192 Parano\u00e1: estacionamento do Hospital da Regi\u00e3o Leste (HRL)<\/p>\n<p>Veja as regi\u00f5es administrativas com novas tendas de acolhimento com funcionamento di\u00e1rio, das 7h \u00e0s 19h<br \/>\n\u2192 Planaltina: estacionamento do Hospital Regional de Planaltina (HRP) (j\u00e1 em funcionamento)<br \/>\n\u2192 Ceil\u00e2ndia: estacionamento do Hospital Regional de Ceil\u00e2ndia (HRC) (inaugura\u00e7\u00e3o nesta ter\u00e7a-feira, 16\/4)<br \/>\n\u2192 Plano Piloto: estacionamento do Hospital Regional da Asa Norte (Hran)<br \/>\n\u2192 Vicente Pires: estacionamento da Unidade de Pronto Atendimento (UPA)<br \/>\n\u2192 Taguatinga: estacionamento do ambulat\u00f3rio do Hospital Regional de Taguatinga (HRT)<br \/>\n\u2192 \u00c1guas Claras: estacionamento da UBS 1 do Areal<br \/>\n\u2192 Samambaia: estacionamento da UBS 7<br \/>\n\u2192 Varj\u00e3o: atr\u00e1s da UBS 1<\/p>\n","protected":false},"excerpt":{"rendered":"<p>Mais de 2,1 mil atendimentos foram realizados nas quatro novas tendas de acolhimento a pacientes com dengue desde a \u00faltima quinta-feira (11). As unidades foram inauguradas pelo Governo do Distrito Federal (GDF) no Guar\u00e1, Gama, Parano\u00e1 \u2013 sendo que estas funcionam 24 horas \u2013 e em Planaltina, entregue neste domingo (14). Uma nova unidade ser\u00e1 [&hellip;]<\/p>\n","protected":false},"author":2,"featured_media":326838,"comment_status":"closed","ping_status":"closed","sticky":false,"template":"","format":"standard","meta":{"_acf_changed":false,"footnotes":""},"categories":[161],"tags":[],"class_list":["post-326837","post","type-post","status-publish","format-standard","has-post-thumbnail","hentry","category-quadradinho-em-foco"],"acf":[],"yoast_head":"<!-- This site is optimized with the Yoast SEO plugin v27.5 - https:\/\/yoast.com\/product\/yoast-seo-wordpress\/ -->\n<title>Novas tendas de acolhimento ultrapassam 2,1 mil atendimentos - Notibras<\/title>\n<meta name=\"robots\" content=\"index, follow, max-snippet:-1, max-image-preview:large, max-video-preview:-1\" \/>\n<link rel=\"canonical\" href=\"https:\/\/www.notibras.com\/site\/novas-tendas-de-acolhimento-ultrapassam-21-mil-atendimentos\/\" \/>\n<meta property=\"og:locale\" content=\"pt_BR\" \/>\n<meta property=\"og:type\" content=\"article\" \/>\n<meta property=\"og:title\" content=\"Novas tendas de acolhimento ultrapassam 2,1 mil atendimentos - Notibras\" \/>\n<meta property=\"og:description\" content=\"Mais de 2,1 mil atendimentos foram realizados nas quatro novas tendas de acolhimento a pacientes com dengue desde a \u00faltima quinta-feira (11). As unidades foram inauguradas pelo Governo do Distrito Federal (GDF) no Guar\u00e1, Gama, Parano\u00e1 \u2013 sendo que estas funcionam 24 horas \u2013 e em Planaltina, entregue neste domingo (14). Uma nova unidade ser\u00e1 [&hellip;]\" \/>\n<meta property=\"og:url\" content=\"https:\/\/www.notibras.com\/site\/novas-tendas-de-acolhimento-ultrapassam-21-mil-atendimentos\/\" \/>\n<meta property=\"og:site_name\" content=\"Notibras\" \/>\n<meta property=\"article:publisher\" content=\"https:\/\/www.facebook.com\/notibras\/\" \/>\n<meta property=\"article:published_time\" content=\"2024-04-16T03:35:27+00:00\" \/>\n<meta property=\"article:modified_time\" content=\"2024-04-16T14:37:41+00:00\" \/>\n<meta property=\"og:image\" content=\"https:\/\/www.notibras.com\/site\/wp-content\/uploads\/2024\/04\/deguetendas.jpg\" \/>\n\t<meta property=\"og:image:width\" content=\"768\" \/>\n\t<meta property=\"og:image:height\" content=\"512\" \/>\n\t<meta property=\"og:image:type\" content=\"image\/jpeg\" \/>\n<meta name=\"author\" content=\"Reda\u00e7\u00e3o\" \/>\n<meta name=\"twitter:card\" content=\"summary_large_image\" \/>\n<meta name=\"twitter:creator\" content=\"@Notibras\" \/>\n<meta name=\"twitter:site\" content=\"@Notibras\" \/>\n<meta name=\"twitter:label1\" content=\"Escrito por\" \/>\n\t<meta name=\"twitter:data1\" content=\"Reda\u00e7\u00e3o\" \/>\n\t<meta name=\"twitter:label2\" content=\"Est. tempo de leitura\" \/>\n\t<meta name=\"twitter:data2\" content=\"3 minutos\" \/>\n<script type=\"application\/ld+json\" class=\"yoast-schema-graph\">{\"@context\":\"https:\\\/\\\/schema.org\",\"@graph\":[{\"@type\":\"Article\",\"@id\":\"https:\\\/\\\/www.notibras.com\\\/site\\\/novas-tendas-de-acolhimento-ultrapassam-21-mil-atendimentos\\\/#article\",\"isPartOf\":{\"@id\":\"https:\\\/\\\/www.notibras.com\\\/site\\\/novas-tendas-de-acolhimento-ultrapassam-21-mil-atendimentos\\\/\"},\"author\":{\"name\":\"Reda\u00e7\u00e3o\",\"@id\":\"https:\\\/\\\/www.notibras.com\\\/site\\\/#\\\/schema\\\/person\\\/36ab0979449956132d3e5b517ea76ac8\"},\"headline\":\"Novas tendas de acolhimento ultrapassam 2,1 mil atendimentos\",\"datePublished\":\"2024-04-16T03:35:27+00:00\",\"dateModified\":\"2024-04-16T14:37:41+00:00\",\"mainEntityOfPage\":{\"@id\":\"https:\\\/\\\/www.notibras.com\\\/site\\\/novas-tendas-de-acolhimento-ultrapassam-21-mil-atendimentos\\\/\"},\"wordCount\":526,\"publisher\":{\"@id\":\"https:\\\/\\\/www.notibras.com\\\/site\\\/#organization\"},\"image\":{\"@id\":\"https:\\\/\\\/www.notibras.com\\\/site\\\/novas-tendas-de-acolhimento-ultrapassam-21-mil-atendimentos\\\/#primaryimage\"},\"thumbnailUrl\":\"https:\\\/\\\/www.notibras.com\\\/site\\\/wp-content\\\/uploads\\\/2024\\\/04\\\/deguetendas.jpg\",\"articleSection\":[\"Quadradinho em Foco\"],\"inLanguage\":\"pt-BR\"},{\"@type\":\"WebPage\",\"@id\":\"https:\\\/\\\/www.notibras.com\\\/site\\\/novas-tendas-de-acolhimento-ultrapassam-21-mil-atendimentos\\\/\",\"url\":\"https:\\\/\\\/www.notibras.com\\\/site\\\/novas-tendas-de-acolhimento-ultrapassam-21-mil-atendimentos\\\/\",\"name\":\"Novas tendas de acolhimento ultrapassam 2,1 mil atendimentos - Notibras\",\"isPartOf\":{\"@id\":\"https:\\\/\\\/www.notibras.com\\\/site\\\/#website\"},\"primaryImageOfPage\":{\"@id\":\"https:\\\/\\\/www.notibras.com\\\/site\\\/novas-tendas-de-acolhimento-ultrapassam-21-mil-atendimentos\\\/#primaryimage\"},\"image\":{\"@id\":\"https:\\\/\\\/www.notibras.com\\\/site\\\/novas-tendas-de-acolhimento-ultrapassam-21-mil-atendimentos\\\/#primaryimage\"},\"thumbnailUrl\":\"https:\\\/\\\/www.notibras.com\\\/site\\\/wp-content\\\/uploads\\\/2024\\\/04\\\/deguetendas.jpg\",\"datePublished\":\"2024-04-16T03:35:27+00:00\",\"dateModified\":\"2024-04-16T14:37:41+00:00\",\"breadcrumb\":{\"@id\":\"https:\\\/\\\/www.notibras.com\\\/site\\\/novas-tendas-de-acolhimento-ultrapassam-21-mil-atendimentos\\\/#breadcrumb\"},\"inLanguage\":\"pt-BR\",\"potentialAction\":[{\"@type\":\"ReadAction\",\"target\":[\"https:\\\/\\\/www.notibras.com\\\/site\\\/novas-tendas-de-acolhimento-ultrapassam-21-mil-atendimentos\\\/\"]}]},{\"@type\":\"ImageObject\",\"inLanguage\":\"pt-BR\",\"@id\":\"https:\\\/\\\/www.notibras.com\\\/site\\\/novas-tendas-de-acolhimento-ultrapassam-21-mil-atendimentos\\\/#primaryimage\",\"url\":\"https:\\\/\\\/www.notibras.com\\\/site\\\/wp-content\\\/uploads\\\/2024\\\/04\\\/deguetendas.jpg\",\"contentUrl\":\"https:\\\/\\\/www.notibras.com\\\/site\\\/wp-content\\\/uploads\\\/2024\\\/04\\\/deguetendas.jpg\",\"width\":768,\"height\":512},{\"@type\":\"BreadcrumbList\",\"@id\":\"https:\\\/\\\/www.notibras.com\\\/site\\\/novas-tendas-de-acolhimento-ultrapassam-21-mil-atendimentos\\\/#breadcrumb\",\"itemListElement\":[{\"@type\":\"ListItem\",\"position\":1,\"name\":\"In\u00edcio\",\"item\":\"https:\\\/\\\/www.notibras.com\\\/site\\\/\"},{\"@type\":\"ListItem\",\"position\":2,\"name\":\"Novas tendas de acolhimento ultrapassam 2,1 mil atendimentos\"}]},{\"@type\":\"WebSite\",\"@id\":\"https:\\\/\\\/www.notibras.com\\\/site\\\/#website\",\"url\":\"https:\\\/\\\/www.notibras.com\\\/site\\\/\",\"name\":\"Notibras\",\"description\":\"Not\u00edcias de Bras\u00edlia, do Brasil e do Mundo\",\"publisher\":{\"@id\":\"https:\\\/\\\/www.notibras.com\\\/site\\\/#organization\"},\"potentialAction\":[{\"@type\":\"SearchAction\",\"target\":{\"@type\":\"EntryPoint\",\"urlTemplate\":\"https:\\\/\\\/www.notibras.com\\\/site\\\/?s={search_term_string}\"},\"query-input\":{\"@type\":\"PropertyValueSpecification\",\"valueRequired\":true,\"valueName\":\"search_term_string\"}}],\"inLanguage\":\"pt-BR\"},{\"@type\":\"Organization\",\"@id\":\"https:\\\/\\\/www.notibras.com\\\/site\\\/#organization\",\"name\":\"Grupo Notibras de Comunica\u00e7\u00e3o\",\"url\":\"https:\\\/\\\/www.notibras.com\\\/site\\\/\",\"logo\":{\"@type\":\"ImageObject\",\"inLanguage\":\"pt-BR\",\"@id\":\"https:\\\/\\\/www.notibras.com\\\/site\\\/#\\\/schema\\\/logo\\\/image\\\/\",\"url\":\"https:\\\/\\\/www.notibras.com\\\/site\\\/wp-content\\\/uploads\\\/2023\\\/01\\\/notibras23.png\",\"contentUrl\":\"https:\\\/\\\/www.notibras.com\\\/site\\\/wp-content\\\/uploads\\\/2023\\\/01\\\/notibras23.png\",\"width\":350,\"height\":87,\"caption\":\"Grupo Notibras de Comunica\u00e7\u00e3o\"},\"image\":{\"@id\":\"https:\\\/\\\/www.notibras.com\\\/site\\\/#\\\/schema\\\/logo\\\/image\\\/\"},\"sameAs\":[\"https:\\\/\\\/www.facebook.com\\\/notibras\\\/\",\"https:\\\/\\\/x.com\\\/Notibras\",\"https:\\\/\\\/www.instagram.com\\\/notibras\\\/\"]},{\"@type\":\"Person\",\"@id\":\"https:\\\/\\\/www.notibras.com\\\/site\\\/#\\\/schema\\\/person\\\/36ab0979449956132d3e5b517ea76ac8\",\"name\":\"Reda\u00e7\u00e3o\",\"image\":{\"@type\":\"ImageObject\",\"inLanguage\":\"pt-BR\",\"@id\":\"https:\\\/\\\/secure.gravatar.com\\\/avatar\\\/e0a867bdedb85fd243eadf09663511f96fc81e0720a4a42581f334ad4303aa6b?s=96&d=mm&r=g\",\"url\":\"https:\\\/\\\/secure.gravatar.com\\\/avatar\\\/e0a867bdedb85fd243eadf09663511f96fc81e0720a4a42581f334ad4303aa6b?s=96&d=mm&r=g\",\"contentUrl\":\"https:\\\/\\\/secure.gravatar.com\\\/avatar\\\/e0a867bdedb85fd243eadf09663511f96fc81e0720a4a42581f334ad4303aa6b?s=96&d=mm&r=g\",\"caption\":\"Reda\u00e7\u00e3o\"}}]}<\/script>\n<!-- \/ Yoast SEO plugin. -->","yoast_head_json":{"title":"Novas tendas de acolhimento ultrapassam 2,1 mil atendimentos - Notibras","robots":{"index":"index","follow":"follow","max-snippet":"max-snippet:-1","max-image-preview":"max-image-preview:large","max-video-preview":"max-video-preview:-1"},"canonical":"https:\/\/www.notibras.com\/site\/novas-tendas-de-acolhimento-ultrapassam-21-mil-atendimentos\/","og_locale":"pt_BR","og_type":"article","og_title":"Novas tendas de acolhimento ultrapassam 2,1 mil atendimentos - Notibras","og_description":"Mais de 2,1 mil atendimentos foram realizados nas quatro novas tendas de acolhimento a pacientes com dengue desde a \u00faltima quinta-feira (11). As unidades foram inauguradas pelo Governo do Distrito Federal (GDF) no Guar\u00e1, Gama, Parano\u00e1 \u2013 sendo que estas funcionam 24 horas \u2013 e em Planaltina, entregue neste domingo (14). Uma nova unidade ser\u00e1 [&hellip;]","og_url":"https:\/\/www.notibras.com\/site\/novas-tendas-de-acolhimento-ultrapassam-21-mil-atendimentos\/","og_site_name":"Notibras","article_publisher":"https:\/\/www.facebook.com\/notibras\/","article_published_time":"2024-04-16T03:35:27+00:00","article_modified_time":"2024-04-16T14:37:41+00:00","og_image":[{"width":768,"height":512,"url":"https:\/\/www.notibras.com\/site\/wp-content\/uploads\/2024\/04\/deguetendas.jpg","type":"image\/jpeg"}],"author":"Reda\u00e7\u00e3o","twitter_card":"summary_large_image","twitter_creator":"@Notibras","twitter_site":"@Notibras","twitter_misc":{"Escrito por":"Reda\u00e7\u00e3o","Est. tempo de leitura":"3 minutos"},"schema":{"@context":"https:\/\/schema.org","@graph":[{"@type":"Article","@id":"https:\/\/www.notibras.com\/site\/novas-tendas-de-acolhimento-ultrapassam-21-mil-atendimentos\/#article","isPartOf":{"@id":"https:\/\/www.notibras.com\/site\/novas-tendas-de-acolhimento-ultrapassam-21-mil-atendimentos\/"},"author":{"name":"Reda\u00e7\u00e3o","@id":"https:\/\/www.notibras.com\/site\/#\/schema\/person\/36ab0979449956132d3e5b517ea76ac8"},"headline":"Novas tendas de acolhimento ultrapassam 2,1 mil atendimentos","datePublished":"2024-04-16T03:35:27+00:00","dateModified":"2024-04-16T14:37:41+00:00","mainEntityOfPage":{"@id":"https:\/\/www.notibras.com\/site\/novas-tendas-de-acolhimento-ultrapassam-21-mil-atendimentos\/"},"wordCount":526,"publisher":{"@id":"https:\/\/www.notibras.com\/site\/#organization"},"image":{"@id":"https:\/\/www.notibras.com\/site\/novas-tendas-de-acolhimento-ultrapassam-21-mil-atendimentos\/#primaryimage"},"thumbnailUrl":"https:\/\/www.notibras.com\/site\/wp-content\/uploads\/2024\/04\/deguetendas.jpg","articleSection":["Quadradinho em Foco"],"inLanguage":"pt-BR"},{"@type":"WebPage","@id":"https:\/\/www.notibras.com\/site\/novas-tendas-de-acolhimento-ultrapassam-21-mil-atendimentos\/","url":"https:\/\/www.notibras.com\/site\/novas-tendas-de-acolhimento-ultrapassam-21-mil-atendimentos\/","name":"Novas tendas de acolhimento ultrapassam 2,1 mil atendimentos - Notibras","isPartOf":{"@id":"https:\/\/www.notibras.com\/site\/#website"},"primaryImageOfPage":{"@id":"https:\/\/www.notibras.com\/site\/novas-tendas-de-acolhimento-ultrapassam-21-mil-atendimentos\/#primaryimage"},"image":{"@id":"https:\/\/www.notibras.com\/site\/novas-tendas-de-acolhimento-ultrapassam-21-mil-atendimentos\/#primaryimage"},"thumbnailUrl":"https:\/\/www.notibras.com\/site\/wp-content\/uploads\/2024\/04\/deguetendas.jpg","datePublished":"2024-04-16T03:35:27+00:00","dateModified":"2024-04-16T14:37:41+00:00","breadcrumb":{"@id":"https:\/\/www.notibras.com\/site\/novas-tendas-de-acolhimento-ultrapassam-21-mil-atendimentos\/#breadcrumb"},"inLanguage":"pt-BR","potentialAction":[{"@type":"ReadAction","target":["https:\/\/www.notibras.com\/site\/novas-tendas-de-acolhimento-ultrapassam-21-mil-atendimentos\/"]}]},{"@type":"ImageObject","inLanguage":"pt-BR","@id":"https:\/\/www.notibras.com\/site\/novas-tendas-de-acolhimento-ultrapassam-21-mil-atendimentos\/#primaryimage","url":"https:\/\/www.notibras.com\/site\/wp-content\/uploads\/2024\/04\/deguetendas.jpg","contentUrl":"https:\/\/www.notibras.com\/site\/wp-content\/uploads\/2024\/04\/deguetendas.jpg","width":768,"height":512},{"@type":"BreadcrumbList","@id":"https:\/\/www.notibras.com\/site\/novas-tendas-de-acolhimento-ultrapassam-21-mil-atendimentos\/#breadcrumb","itemListElement":[{"@type":"ListItem","position":1,"name":"In\u00edcio","item":"https:\/\/www.notibras.com\/site\/"},{"@type":"ListItem","position":2,"name":"Novas tendas de acolhimento ultrapassam 2,1 mil atendimentos"}]},{"@type":"WebSite","@id":"https:\/\/www.notibras.com\/site\/#website","url":"https:\/\/www.notibras.com\/site\/","name":"Notibras","description":"Not\u00edcias de Bras\u00edlia, do Brasil e do Mundo","publisher":{"@id":"https:\/\/www.notibras.com\/site\/#organization"},"potentialAction":[{"@type":"SearchAction","target":{"@type":"EntryPoint","urlTemplate":"https:\/\/www.notibras.com\/site\/?s={search_term_string}"},"query-input":{"@type":"PropertyValueSpecification","valueRequired":true,"valueName":"search_term_string"}}],"inLanguage":"pt-BR"},{"@type":"Organization","@id":"https:\/\/www.notibras.com\/site\/#organization","name":"Grupo Notibras de Comunica\u00e7\u00e3o","url":"https:\/\/www.notibras.com\/site\/","logo":{"@type":"ImageObject","inLanguage":"pt-BR","@id":"https:\/\/www.notibras.com\/site\/#\/schema\/logo\/image\/","url":"https:\/\/www.notibras.com\/site\/wp-content\/uploads\/2023\/01\/notibras23.png","contentUrl":"https:\/\/www.notibras.com\/site\/wp-content\/uploads\/2023\/01\/notibras23.png","width":350,"height":87,"caption":"Grupo Notibras de Comunica\u00e7\u00e3o"},"image":{"@id":"https:\/\/www.notibras.com\/site\/#\/schema\/logo\/image\/"},"sameAs":["https:\/\/www.facebook.com\/notibras\/","https:\/\/x.com\/Notibras","https:\/\/www.instagram.com\/notibras\/"]},{"@type":"Person","@id":"https:\/\/www.notibras.com\/site\/#\/schema\/person\/36ab0979449956132d3e5b517ea76ac8","name":"Reda\u00e7\u00e3o","image":{"@type":"ImageObject","inLanguage":"pt-BR","@id":"https:\/\/secure.gravatar.com\/avatar\/e0a867bdedb85fd243eadf09663511f96fc81e0720a4a42581f334ad4303aa6b?s=96&d=mm&r=g","url":"https:\/\/secure.gravatar.com\/avatar\/e0a867bdedb85fd243eadf09663511f96fc81e0720a4a42581f334ad4303aa6b?s=96&d=mm&r=g","contentUrl":"https:\/\/secure.gravatar.com\/avatar\/e0a867bdedb85fd243eadf09663511f96fc81e0720a4a42581f334ad4303aa6b?s=96&d=mm&r=g","caption":"Reda\u00e7\u00e3o"}}]}},"amp_enabled":true,"_links":{"self":[{"href":"https:\/\/www.notibras.com\/site\/wp-json\/wp\/v2\/posts\/326837","targetHints":{"allow":["GET"]}}],"collection":[{"href":"https:\/\/www.notibras.com\/site\/wp-json\/wp\/v2\/posts"}],"about":[{"href":"https:\/\/www.notibras.com\/site\/wp-json\/wp\/v2\/types\/post"}],"author":[{"embeddable":true,"href":"https:\/\/www.notibras.com\/site\/wp-json\/wp\/v2\/users\/2"}],"replies":[{"embeddable":true,"href":"https:\/\/www.notibras.com\/site\/wp-json\/wp\/v2\/comments?post=326837"}],"version-history":[{"count":1,"href":"https:\/\/www.notibras.com\/site\/wp-json\/wp\/v2\/posts\/326837\/revisions"}],"predecessor-version":[{"id":326839,"href":"https:\/\/www.notibras.com\/site\/wp-json\/wp\/v2\/posts\/326837\/revisions\/326839"}],"wp:featuredmedia":[{"embeddable":true,"href":"https:\/\/www.notibras.com\/site\/wp-json\/wp\/v2\/media\/326838"}],"wp:attachment":[{"href":"https:\/\/www.notibras.com\/site\/wp-json\/wp\/v2\/media?parent=326837"}],"wp:term":[{"taxonomy":"category","embeddable":true,"href":"https:\/\/www.notibras.com\/site\/wp-json\/wp\/v2\/categories?post=326837"},{"taxonomy":"post_tag","embeddable":true,"href":"https:\/\/www.notibras.com\/site\/wp-json\/wp\/v2\/tags?post=326837"}],"curies":[{"name":"wp","href":"https:\/\/api.w.org\/{rel}","templated":true}]}}