{"id":326840,"date":"2024-04-16T00:00:15","date_gmt":"2024-04-16T03:00:15","guid":{"rendered":"https:\/\/www.notibras.com\/site\/?p=326840"},"modified":"2024-04-16T11:44:34","modified_gmt":"2024-04-16T14:44:34","slug":"projeto-que-beneficia-catadores-encaminhado-aos-distritais","status":"publish","type":"post","link":"https:\/\/www.notibras.com\/site\/projeto-que-beneficia-catadores-encaminhado-aos-distritais\/","title":{"rendered":"Projeto que beneficia catadores encaminhado aos distritais"},"content":{"rendered":"<p>O Governo do Distrito Federal encaminhou \u00e0 C\u00e2mera Legislativa (CLDF), nesta segunda-feira (15), um projeto que institui a Pol\u00edtica Distrital de Fortalecimento das Cooperativas de Catadores, denominada Lei Cei\u00e7a da Construir. A proposta, criada pela Secretaria da Fam\u00edlia e Juventude (Sejuv-DF), tem como finalidade integrar e articular a\u00e7\u00f5es, projetos e programas voltados \u00e0 promo\u00e7\u00e3o e \u00e0 defesa dos direitos humanos nas cooperativas de catadores de materiais recicl\u00e1veis.<\/p>\n<p>Segundo o secret\u00e1rio da Fam\u00edlia e Juventude, Rodrigo Delmasso, as cooperativas de lixos recicl\u00e1veis desempenham um papel fundamental na gest\u00e3o sustent\u00e1vel de res\u00edduos s\u00f3lidos e na promo\u00e7\u00e3o da economia circular. \u201cElas s\u00e3o organiza\u00e7\u00f5es formadas por trabalhadores que se unem para coletar, separar, processar e comercializar os materiais. As cooperativas tamb\u00e9m contribuem para a redu\u00e7\u00e3o do impacto ambiental causado pelo lixo. Com isso, ajudam a reduzir a quantidade de res\u00edduos s\u00f3lidos que s\u00e3o destinados a aterros sanit\u00e1rios\u201d, explicou.<\/p>\n<p>Delmasso afirmou que as cooperativas proporcionam tamb\u00e9m oportunidades de trabalho e renda para trabalhadores, que muitas vezes v\u00eam de comunidades vulner\u00e1veis. \u201cEssas organiza\u00e7\u00f5es promovem a inclus\u00e3o social e econ\u00f4mica, oferecendo oportunidades para gerar receitas com a venda dos materiais recicl\u00e1veis\u201d, observou.<\/p>\n<p>A finalidade da lei ser\u00e1 alcan\u00e7ada por meio de a\u00e7\u00f5es, projetos e programas da administra\u00e7\u00e3o p\u00fablica que fortale\u00e7am associa\u00e7\u00f5es, cooperativas e outras formas de organiza\u00e7\u00e3o de catadoras e de catadores de materiais reutiliz\u00e1veis e recicl\u00e1veis; melhorem as condi\u00e7\u00f5es de trabalho e a inclus\u00e3o socioecon\u00f4mica; e fomentem o financiamento p\u00fablico.<\/p>\n<p>O projeto tamb\u00e9m estabelecer\u00e1 metas que fomentem a expans\u00e3o da coleta seletiva e solid\u00e1ria; da reutiliza\u00e7\u00e3o; da reciclagem; da log\u00edstica reversa; e da educa\u00e7\u00e3o ambiental.<\/p>\n","protected":false},"excerpt":{"rendered":"<p>O Governo do Distrito Federal encaminhou \u00e0 C\u00e2mera Legislativa (CLDF), nesta segunda-feira (15), um projeto que institui a Pol\u00edtica Distrital de Fortalecimento das Cooperativas de Catadores, denominada Lei Cei\u00e7a da Construir. A proposta, criada pela Secretaria da Fam\u00edlia e Juventude (Sejuv-DF), tem como finalidade integrar e articular a\u00e7\u00f5es, projetos e programas voltados \u00e0 promo\u00e7\u00e3o e [&hellip;]<\/p>\n","protected":false},"author":2,"featured_media":326841,"comment_status":"closed","ping_status":"closed","sticky":false,"template":"","format":"standard","meta":{"_acf_changed":false,"footnotes":""},"categories":[161],"tags":[],"class_list":["post-326840","post","type-post","status-publish","format-standard","has-post-thumbnail","hentry","category-quadradinho-em-foco"],"acf":[],"yoast_head":"<!-- This site is optimized with the Yoast SEO plugin v27.5 - https:\/\/yoast.com\/product\/yoast-seo-wordpress\/ -->\n<title>Projeto que beneficia catadores encaminhado aos distritais - Notibras<\/title>\n<meta name=\"robots\" content=\"index, follow, max-snippet:-1, max-image-preview:large, max-video-preview:-1\" \/>\n<link rel=\"canonical\" href=\"https:\/\/www.notibras.com\/site\/projeto-que-beneficia-catadores-encaminhado-aos-distritais\/\" \/>\n<meta property=\"og:locale\" content=\"pt_BR\" \/>\n<meta property=\"og:type\" content=\"article\" \/>\n<meta property=\"og:title\" content=\"Projeto que beneficia catadores encaminhado aos distritais - Notibras\" \/>\n<meta property=\"og:description\" content=\"O Governo do Distrito Federal encaminhou \u00e0 C\u00e2mera Legislativa (CLDF), nesta segunda-feira (15), um projeto que institui a Pol\u00edtica Distrital de Fortalecimento das Cooperativas de Catadores, denominada Lei Cei\u00e7a da Construir. A proposta, criada pela Secretaria da Fam\u00edlia e Juventude (Sejuv-DF), tem como finalidade integrar e articular a\u00e7\u00f5es, projetos e programas voltados \u00e0 promo\u00e7\u00e3o e [&hellip;]\" \/>\n<meta property=\"og:url\" content=\"https:\/\/www.notibras.com\/site\/projeto-que-beneficia-catadores-encaminhado-aos-distritais\/\" \/>\n<meta property=\"og:site_name\" content=\"Notibras\" \/>\n<meta property=\"article:publisher\" content=\"https:\/\/www.facebook.com\/notibras\/\" \/>\n<meta property=\"article:published_time\" content=\"2024-04-16T03:00:15+00:00\" \/>\n<meta property=\"article:modified_time\" content=\"2024-04-16T14:44:34+00:00\" \/>\n<meta property=\"og:image\" content=\"https:\/\/www.notibras.com\/site\/wp-content\/uploads\/2024\/04\/WhatsApp-Image-2024-04-15-at-16.21.47-1-1536x1023-1.jpeg\" \/>\n\t<meta property=\"og:image:width\" content=\"1536\" \/>\n\t<meta property=\"og:image:height\" content=\"1023\" \/>\n\t<meta property=\"og:image:type\" content=\"image\/jpeg\" \/>\n<meta name=\"author\" content=\"Reda\u00e7\u00e3o\" \/>\n<meta name=\"twitter:card\" content=\"summary_large_image\" \/>\n<meta name=\"twitter:creator\" content=\"@Notibras\" \/>\n<meta name=\"twitter:site\" content=\"@Notibras\" \/>\n<meta name=\"twitter:label1\" content=\"Escrito por\" \/>\n\t<meta name=\"twitter:data1\" content=\"Reda\u00e7\u00e3o\" \/>\n\t<meta name=\"twitter:label2\" content=\"Est. tempo de leitura\" \/>\n\t<meta name=\"twitter:data2\" content=\"2 minutos\" \/>\n<script type=\"application\/ld+json\" class=\"yoast-schema-graph\">{\"@context\":\"https:\\\/\\\/schema.org\",\"@graph\":[{\"@type\":\"Article\",\"@id\":\"https:\\\/\\\/www.notibras.com\\\/site\\\/projeto-que-beneficia-catadores-encaminhado-aos-distritais\\\/#article\",\"isPartOf\":{\"@id\":\"https:\\\/\\\/www.notibras.com\\\/site\\\/projeto-que-beneficia-catadores-encaminhado-aos-distritais\\\/\"},\"author\":{\"name\":\"Reda\u00e7\u00e3o\",\"@id\":\"https:\\\/\\\/www.notibras.com\\\/site\\\/#\\\/schema\\\/person\\\/36ab0979449956132d3e5b517ea76ac8\"},\"headline\":\"Projeto que beneficia catadores encaminhado aos distritais\",\"datePublished\":\"2024-04-16T03:00:15+00:00\",\"dateModified\":\"2024-04-16T14:44:34+00:00\",\"mainEntityOfPage\":{\"@id\":\"https:\\\/\\\/www.notibras.com\\\/site\\\/projeto-que-beneficia-catadores-encaminhado-aos-distritais\\\/\"},\"wordCount\":311,\"publisher\":{\"@id\":\"https:\\\/\\\/www.notibras.com\\\/site\\\/#organization\"},\"image\":{\"@id\":\"https:\\\/\\\/www.notibras.com\\\/site\\\/projeto-que-beneficia-catadores-encaminhado-aos-distritais\\\/#primaryimage\"},\"thumbnailUrl\":\"https:\\\/\\\/www.notibras.com\\\/site\\\/wp-content\\\/uploads\\\/2024\\\/04\\\/WhatsApp-Image-2024-04-15-at-16.21.47-1-1536x1023-1.jpeg\",\"articleSection\":[\"Quadradinho em Foco\"],\"inLanguage\":\"pt-BR\"},{\"@type\":\"WebPage\",\"@id\":\"https:\\\/\\\/www.notibras.com\\\/site\\\/projeto-que-beneficia-catadores-encaminhado-aos-distritais\\\/\",\"url\":\"https:\\\/\\\/www.notibras.com\\\/site\\\/projeto-que-beneficia-catadores-encaminhado-aos-distritais\\\/\",\"name\":\"Projeto que beneficia catadores encaminhado aos distritais - Notibras\",\"isPartOf\":{\"@id\":\"https:\\\/\\\/www.notibras.com\\\/site\\\/#website\"},\"primaryImageOfPage\":{\"@id\":\"https:\\\/\\\/www.notibras.com\\\/site\\\/projeto-que-beneficia-catadores-encaminhado-aos-distritais\\\/#primaryimage\"},\"image\":{\"@id\":\"https:\\\/\\\/www.notibras.com\\\/site\\\/projeto-que-beneficia-catadores-encaminhado-aos-distritais\\\/#primaryimage\"},\"thumbnailUrl\":\"https:\\\/\\\/www.notibras.com\\\/site\\\/wp-content\\\/uploads\\\/2024\\\/04\\\/WhatsApp-Image-2024-04-15-at-16.21.47-1-1536x1023-1.jpeg\",\"datePublished\":\"2024-04-16T03:00:15+00:00\",\"dateModified\":\"2024-04-16T14:44:34+00:00\",\"breadcrumb\":{\"@id\":\"https:\\\/\\\/www.notibras.com\\\/site\\\/projeto-que-beneficia-catadores-encaminhado-aos-distritais\\\/#breadcrumb\"},\"inLanguage\":\"pt-BR\",\"potentialAction\":[{\"@type\":\"ReadAction\",\"target\":[\"https:\\\/\\\/www.notibras.com\\\/site\\\/projeto-que-beneficia-catadores-encaminhado-aos-distritais\\\/\"]}]},{\"@type\":\"ImageObject\",\"inLanguage\":\"pt-BR\",\"@id\":\"https:\\\/\\\/www.notibras.com\\\/site\\\/projeto-que-beneficia-catadores-encaminhado-aos-distritais\\\/#primaryimage\",\"url\":\"https:\\\/\\\/www.notibras.com\\\/site\\\/wp-content\\\/uploads\\\/2024\\\/04\\\/WhatsApp-Image-2024-04-15-at-16.21.47-1-1536x1023-1.jpeg\",\"contentUrl\":\"https:\\\/\\\/www.notibras.com\\\/site\\\/wp-content\\\/uploads\\\/2024\\\/04\\\/WhatsApp-Image-2024-04-15-at-16.21.47-1-1536x1023-1.jpeg\",\"width\":1536,\"height\":1023},{\"@type\":\"BreadcrumbList\",\"@id\":\"https:\\\/\\\/www.notibras.com\\\/site\\\/projeto-que-beneficia-catadores-encaminhado-aos-distritais\\\/#breadcrumb\",\"itemListElement\":[{\"@type\":\"ListItem\",\"position\":1,\"name\":\"In\u00edcio\",\"item\":\"https:\\\/\\\/www.notibras.com\\\/site\\\/\"},{\"@type\":\"ListItem\",\"position\":2,\"name\":\"Projeto que beneficia catadores encaminhado aos distritais\"}]},{\"@type\":\"WebSite\",\"@id\":\"https:\\\/\\\/www.notibras.com\\\/site\\\/#website\",\"url\":\"https:\\\/\\\/www.notibras.com\\\/site\\\/\",\"name\":\"Notibras\",\"description\":\"Not\u00edcias de Bras\u00edlia, do Brasil e do Mundo\",\"publisher\":{\"@id\":\"https:\\\/\\\/www.notibras.com\\\/site\\\/#organization\"},\"potentialAction\":[{\"@type\":\"SearchAction\",\"target\":{\"@type\":\"EntryPoint\",\"urlTemplate\":\"https:\\\/\\\/www.notibras.com\\\/site\\\/?s={search_term_string}\"},\"query-input\":{\"@type\":\"PropertyValueSpecification\",\"valueRequired\":true,\"valueName\":\"search_term_string\"}}],\"inLanguage\":\"pt-BR\"},{\"@type\":\"Organization\",\"@id\":\"https:\\\/\\\/www.notibras.com\\\/site\\\/#organization\",\"name\":\"Grupo Notibras de Comunica\u00e7\u00e3o\",\"url\":\"https:\\\/\\\/www.notibras.com\\\/site\\\/\",\"logo\":{\"@type\":\"ImageObject\",\"inLanguage\":\"pt-BR\",\"@id\":\"https:\\\/\\\/www.notibras.com\\\/site\\\/#\\\/schema\\\/logo\\\/image\\\/\",\"url\":\"https:\\\/\\\/www.notibras.com\\\/site\\\/wp-content\\\/uploads\\\/2023\\\/01\\\/notibras23.png\",\"contentUrl\":\"https:\\\/\\\/www.notibras.com\\\/site\\\/wp-content\\\/uploads\\\/2023\\\/01\\\/notibras23.png\",\"width\":350,\"height\":87,\"caption\":\"Grupo Notibras de Comunica\u00e7\u00e3o\"},\"image\":{\"@id\":\"https:\\\/\\\/www.notibras.com\\\/site\\\/#\\\/schema\\\/logo\\\/image\\\/\"},\"sameAs\":[\"https:\\\/\\\/www.facebook.com\\\/notibras\\\/\",\"https:\\\/\\\/x.com\\\/Notibras\",\"https:\\\/\\\/www.instagram.com\\\/notibras\\\/\"]},{\"@type\":\"Person\",\"@id\":\"https:\\\/\\\/www.notibras.com\\\/site\\\/#\\\/schema\\\/person\\\/36ab0979449956132d3e5b517ea76ac8\",\"name\":\"Reda\u00e7\u00e3o\",\"image\":{\"@type\":\"ImageObject\",\"inLanguage\":\"pt-BR\",\"@id\":\"https:\\\/\\\/secure.gravatar.com\\\/avatar\\\/e0a867bdedb85fd243eadf09663511f96fc81e0720a4a42581f334ad4303aa6b?s=96&d=mm&r=g\",\"url\":\"https:\\\/\\\/secure.gravatar.com\\\/avatar\\\/e0a867bdedb85fd243eadf09663511f96fc81e0720a4a42581f334ad4303aa6b?s=96&d=mm&r=g\",\"contentUrl\":\"https:\\\/\\\/secure.gravatar.com\\\/avatar\\\/e0a867bdedb85fd243eadf09663511f96fc81e0720a4a42581f334ad4303aa6b?s=96&d=mm&r=g\",\"caption\":\"Reda\u00e7\u00e3o\"}}]}<\/script>\n<!-- \/ Yoast SEO plugin. -->","yoast_head_json":{"title":"Projeto que beneficia catadores encaminhado aos distritais - Notibras","robots":{"index":"index","follow":"follow","max-snippet":"max-snippet:-1","max-image-preview":"max-image-preview:large","max-video-preview":"max-video-preview:-1"},"canonical":"https:\/\/www.notibras.com\/site\/projeto-que-beneficia-catadores-encaminhado-aos-distritais\/","og_locale":"pt_BR","og_type":"article","og_title":"Projeto que beneficia catadores encaminhado aos distritais - Notibras","og_description":"O Governo do Distrito Federal encaminhou \u00e0 C\u00e2mera Legislativa (CLDF), nesta segunda-feira (15), um projeto que institui a Pol\u00edtica Distrital de Fortalecimento das Cooperativas de Catadores, denominada Lei Cei\u00e7a da Construir. A proposta, criada pela Secretaria da Fam\u00edlia e Juventude (Sejuv-DF), tem como finalidade integrar e articular a\u00e7\u00f5es, projetos e programas voltados \u00e0 promo\u00e7\u00e3o e [&hellip;]","og_url":"https:\/\/www.notibras.com\/site\/projeto-que-beneficia-catadores-encaminhado-aos-distritais\/","og_site_name":"Notibras","article_publisher":"https:\/\/www.facebook.com\/notibras\/","article_published_time":"2024-04-16T03:00:15+00:00","article_modified_time":"2024-04-16T14:44:34+00:00","og_image":[{"width":1536,"height":1023,"url":"https:\/\/www.notibras.com\/site\/wp-content\/uploads\/2024\/04\/WhatsApp-Image-2024-04-15-at-16.21.47-1-1536x1023-1.jpeg","type":"image\/jpeg"}],"author":"Reda\u00e7\u00e3o","twitter_card":"summary_large_image","twitter_creator":"@Notibras","twitter_site":"@Notibras","twitter_misc":{"Escrito por":"Reda\u00e7\u00e3o","Est. tempo de leitura":"2 minutos"},"schema":{"@context":"https:\/\/schema.org","@graph":[{"@type":"Article","@id":"https:\/\/www.notibras.com\/site\/projeto-que-beneficia-catadores-encaminhado-aos-distritais\/#article","isPartOf":{"@id":"https:\/\/www.notibras.com\/site\/projeto-que-beneficia-catadores-encaminhado-aos-distritais\/"},"author":{"name":"Reda\u00e7\u00e3o","@id":"https:\/\/www.notibras.com\/site\/#\/schema\/person\/36ab0979449956132d3e5b517ea76ac8"},"headline":"Projeto que beneficia catadores encaminhado aos distritais","datePublished":"2024-04-16T03:00:15+00:00","dateModified":"2024-04-16T14:44:34+00:00","mainEntityOfPage":{"@id":"https:\/\/www.notibras.com\/site\/projeto-que-beneficia-catadores-encaminhado-aos-distritais\/"},"wordCount":311,"publisher":{"@id":"https:\/\/www.notibras.com\/site\/#organization"},"image":{"@id":"https:\/\/www.notibras.com\/site\/projeto-que-beneficia-catadores-encaminhado-aos-distritais\/#primaryimage"},"thumbnailUrl":"https:\/\/www.notibras.com\/site\/wp-content\/uploads\/2024\/04\/WhatsApp-Image-2024-04-15-at-16.21.47-1-1536x1023-1.jpeg","articleSection":["Quadradinho em Foco"],"inLanguage":"pt-BR"},{"@type":"WebPage","@id":"https:\/\/www.notibras.com\/site\/projeto-que-beneficia-catadores-encaminhado-aos-distritais\/","url":"https:\/\/www.notibras.com\/site\/projeto-que-beneficia-catadores-encaminhado-aos-distritais\/","name":"Projeto que beneficia catadores encaminhado aos distritais - Notibras","isPartOf":{"@id":"https:\/\/www.notibras.com\/site\/#website"},"primaryImageOfPage":{"@id":"https:\/\/www.notibras.com\/site\/projeto-que-beneficia-catadores-encaminhado-aos-distritais\/#primaryimage"},"image":{"@id":"https:\/\/www.notibras.com\/site\/projeto-que-beneficia-catadores-encaminhado-aos-distritais\/#primaryimage"},"thumbnailUrl":"https:\/\/www.notibras.com\/site\/wp-content\/uploads\/2024\/04\/WhatsApp-Image-2024-04-15-at-16.21.47-1-1536x1023-1.jpeg","datePublished":"2024-04-16T03:00:15+00:00","dateModified":"2024-04-16T14:44:34+00:00","breadcrumb":{"@id":"https:\/\/www.notibras.com\/site\/projeto-que-beneficia-catadores-encaminhado-aos-distritais\/#breadcrumb"},"inLanguage":"pt-BR","potentialAction":[{"@type":"ReadAction","target":["https:\/\/www.notibras.com\/site\/projeto-que-beneficia-catadores-encaminhado-aos-distritais\/"]}]},{"@type":"ImageObject","inLanguage":"pt-BR","@id":"https:\/\/www.notibras.com\/site\/projeto-que-beneficia-catadores-encaminhado-aos-distritais\/#primaryimage","url":"https:\/\/www.notibras.com\/site\/wp-content\/uploads\/2024\/04\/WhatsApp-Image-2024-04-15-at-16.21.47-1-1536x1023-1.jpeg","contentUrl":"https:\/\/www.notibras.com\/site\/wp-content\/uploads\/2024\/04\/WhatsApp-Image-2024-04-15-at-16.21.47-1-1536x1023-1.jpeg","width":1536,"height":1023},{"@type":"BreadcrumbList","@id":"https:\/\/www.notibras.com\/site\/projeto-que-beneficia-catadores-encaminhado-aos-distritais\/#breadcrumb","itemListElement":[{"@type":"ListItem","position":1,"name":"In\u00edcio","item":"https:\/\/www.notibras.com\/site\/"},{"@type":"ListItem","position":2,"name":"Projeto que beneficia catadores encaminhado aos distritais"}]},{"@type":"WebSite","@id":"https:\/\/www.notibras.com\/site\/#website","url":"https:\/\/www.notibras.com\/site\/","name":"Notibras","description":"Not\u00edcias de Bras\u00edlia, do Brasil e do Mundo","publisher":{"@id":"https:\/\/www.notibras.com\/site\/#organization"},"potentialAction":[{"@type":"SearchAction","target":{"@type":"EntryPoint","urlTemplate":"https:\/\/www.notibras.com\/site\/?s={search_term_string}"},"query-input":{"@type":"PropertyValueSpecification","valueRequired":true,"valueName":"search_term_string"}}],"inLanguage":"pt-BR"},{"@type":"Organization","@id":"https:\/\/www.notibras.com\/site\/#organization","name":"Grupo Notibras de Comunica\u00e7\u00e3o","url":"https:\/\/www.notibras.com\/site\/","logo":{"@type":"ImageObject","inLanguage":"pt-BR","@id":"https:\/\/www.notibras.com\/site\/#\/schema\/logo\/image\/","url":"https:\/\/www.notibras.com\/site\/wp-content\/uploads\/2023\/01\/notibras23.png","contentUrl":"https:\/\/www.notibras.com\/site\/wp-content\/uploads\/2023\/01\/notibras23.png","width":350,"height":87,"caption":"Grupo Notibras de Comunica\u00e7\u00e3o"},"image":{"@id":"https:\/\/www.notibras.com\/site\/#\/schema\/logo\/image\/"},"sameAs":["https:\/\/www.facebook.com\/notibras\/","https:\/\/x.com\/Notibras","https:\/\/www.instagram.com\/notibras\/"]},{"@type":"Person","@id":"https:\/\/www.notibras.com\/site\/#\/schema\/person\/36ab0979449956132d3e5b517ea76ac8","name":"Reda\u00e7\u00e3o","image":{"@type":"ImageObject","inLanguage":"pt-BR","@id":"https:\/\/secure.gravatar.com\/avatar\/e0a867bdedb85fd243eadf09663511f96fc81e0720a4a42581f334ad4303aa6b?s=96&d=mm&r=g","url":"https:\/\/secure.gravatar.com\/avatar\/e0a867bdedb85fd243eadf09663511f96fc81e0720a4a42581f334ad4303aa6b?s=96&d=mm&r=g","contentUrl":"https:\/\/secure.gravatar.com\/avatar\/e0a867bdedb85fd243eadf09663511f96fc81e0720a4a42581f334ad4303aa6b?s=96&d=mm&r=g","caption":"Reda\u00e7\u00e3o"}}]}},"amp_enabled":true,"_links":{"self":[{"href":"https:\/\/www.notibras.com\/site\/wp-json\/wp\/v2\/posts\/326840","targetHints":{"allow":["GET"]}}],"collection":[{"href":"https:\/\/www.notibras.com\/site\/wp-json\/wp\/v2\/posts"}],"about":[{"href":"https:\/\/www.notibras.com\/site\/wp-json\/wp\/v2\/types\/post"}],"author":[{"embeddable":true,"href":"https:\/\/www.notibras.com\/site\/wp-json\/wp\/v2\/users\/2"}],"replies":[{"embeddable":true,"href":"https:\/\/www.notibras.com\/site\/wp-json\/wp\/v2\/comments?post=326840"}],"version-history":[{"count":1,"href":"https:\/\/www.notibras.com\/site\/wp-json\/wp\/v2\/posts\/326840\/revisions"}],"predecessor-version":[{"id":326842,"href":"https:\/\/www.notibras.com\/site\/wp-json\/wp\/v2\/posts\/326840\/revisions\/326842"}],"wp:featuredmedia":[{"embeddable":true,"href":"https:\/\/www.notibras.com\/site\/wp-json\/wp\/v2\/media\/326841"}],"wp:attachment":[{"href":"https:\/\/www.notibras.com\/site\/wp-json\/wp\/v2\/media?parent=326840"}],"wp:term":[{"taxonomy":"category","embeddable":true,"href":"https:\/\/www.notibras.com\/site\/wp-json\/wp\/v2\/categories?post=326840"},{"taxonomy":"post_tag","embeddable":true,"href":"https:\/\/www.notibras.com\/site\/wp-json\/wp\/v2\/tags?post=326840"}],"curies":[{"name":"wp","href":"https:\/\/api.w.org\/{rel}","templated":true}]}}