{"id":326890,"date":"2024-04-17T08:36:27","date_gmt":"2024-04-17T11:36:27","guid":{"rendered":"https:\/\/www.notibras.com\/site\/?p=326890"},"modified":"2024-04-17T08:36:27","modified_gmt":"2024-04-17T11:36:27","slug":"artur-do-mundo-da-fotografia-real-engole-seco-fantasia-etilica","status":"publish","type":"post","link":"https:\/\/www.notibras.com\/site\/artur-do-mundo-da-fotografia-real-engole-seco-fantasia-etilica\/","title":{"rendered":"Artur, do mundo da fotografia real, engole seco fantasia et\u00edlica"},"content":{"rendered":"<p>Artur n\u00e3o substitu\u00edra a m\u00e1quina de fotografar pelo celular. Achava a primeira muito melhor que o segundo e conclu\u00edra que atitudes como a dele contribuiriam para a verdadeira eterniza\u00e7\u00e3o de momentos atrav\u00e9s das imagens impressas em papel. E se preocupava porque, na sua opini\u00e3o, est\u00e1vamos caminhando para uma gera\u00e7\u00e3o sem fotografias. Afinal de contas, quanto mais se tira foto pelo celular e menos se fixa no papel, maior o risco. Celulares estragam, informa\u00e7\u00f5es se perdem e, na maioria das vezes, n\u00e3o est\u00e3o na nuvem ou num cart\u00e3o de mem\u00f3ria. A\u00ed j\u00e1 era, perde-se tudo.<\/p>\n<p>No papel \u00e9 diferente. Faz-se um \u00e1lbum, guarda-se numa gaveta e, mesmo que passemos anos sem rever, a imagem est\u00e1 l\u00e1, garantida.<\/p>\n<p>Pensando desta forma e lutando muito, Artur fez-se respeitado fot\u00f3grafo na pequena cidade em que residia. E, assim, trocou pelo est\u00fadio e escrit\u00f3rio caprichosamente montados numa galeria comercial da regi\u00e3o central, sua profiss\u00e3o anterior de barman. Loja com mezanino, onde sua criatividade constru\u00eda cen\u00e1rios para fotos de gestantes, rec\u00e9m-nascidos, fotos de crian\u00e7as com as quais sempre tivera muita paci\u00eancia. A moda agora eram as fotos corporativas e os ch\u00e1s-revela\u00e7\u00e3o, que demandavam sua sa\u00edda do est\u00fadio, assim como fazia em batizados e casamentos. Houvesse a inaugura\u00e7\u00e3o de uma loja, uma festa religiosa ou qualquer evento pol\u00edtico, por exemplo, Artur era o fot\u00f3grafo oficial, inclusive com colabora\u00e7\u00e3o para o jornal impresso local.<\/p>\n<p>A paix\u00e3o pela fotografia convivera com o preparo de drinques e, por um per\u00edodo, foi por este substitu\u00edda. \u00c9 verdade que s\u00f3 enveredou pelo caminho das bebidas porque, de princ\u00edpio, a fotografia n\u00e3o dera certo. Ademais, sentiu-se tra\u00eddo num epis\u00f3dio que lhe abalou a voca\u00e7\u00e3o e uma amizade.<\/p>\n<p>Artur tinha um amigo que, se n\u00e3o era de inf\u00e2ncia, estava bem perto dela. Seu nome era Washington J\u00fanior, filho de um industrial local. No fim da adolesc\u00eancia, Washington, bem relacionado e rico, sabendo dos talentos fotogr\u00e1ficos de Artur, convidou-lhe para o projeto de montarem uma revista sobre um tema que, ent\u00e3o, come\u00e7ara a entrar em voga: ecologia e meio ambiente. Ele topou na hora.<\/p>\n<p>A revista divulgaria artigos de pessoas ligadas ao assunto, entremeados por textos de Washington e as fotografias de Artur. O projeto era realmente atraente e, logo, havia anunciantes e assinantes interessados. Era um dos prop\u00f3sitos chamar a aten\u00e7\u00e3o para a riqueza do meio ambiente no entorno da pequena cidade e cada edi\u00e7\u00e3o traria na capa a foto de um ponto pitoresco e importante, al\u00e9m das imagens internas. Grutas, bosques, riachos, cachoeiras, fauna, montanhas: tudo pelas lentes de Artur, sempre apontadas para o \u00e2ngulo certo, sob luz impec\u00e1vel. Deu trabalho para preparar o primeiro n\u00famero e o rapaz era um craque.<\/p>\n<p>Saiu a primeira edi\u00e7\u00e3o, mas, quando recebeu os primeiros exemplares da gr\u00e1fica, Artur reparou que nenhuma de suas fotos era creditada. E que seu nome sa\u00edra apenas na lista de colaboradores, e por \u00faltimo. Achou estranho e questionou Washington J\u00fanior, que ficou bravo:<\/p>\n<p>&#8211; Deixa de ser ego\u00edsta, cara, isso \u00e9 um projeto coletivo. Voc\u00ea devia estar feliz por ter suas imagens eternizadas e divulgadas por a\u00ed!<\/p>\n<p>O autor do discurso do \u201cprojeto coletivo\u201d era o mesmo que tinha seu nome destacado na primeira p\u00e1gina, sob o t\u00edtulo da revista, na frase \u201cdirigida e coordenada por Washington J\u00fanior\u201d.<\/p>\n<p>Ainda que houvesse passado por essa decep\u00e7\u00e3o, Artur ainda \u201ccolaborou\u201d com mais tr\u00eas n\u00fameros da revista, at\u00e9 que, numa discuss\u00e3o, mandou Washington J\u00fanior \u00e0s favas e que fosse procurar outro fot\u00f3grafo. Ele at\u00e9 o fez, mas a revista jamais exibiu fotos t\u00e3o bonitas, e acabou durando s\u00f3 mais poucos n\u00fameros.<\/p>\n<p>Artur ficara t\u00e3o triste com o epis\u00f3dio que, depois de fazer um curso em S\u00e3o Paulo, voltou para a cidade natal especialista em drinques, o que foi, naquele tempo, uma grande novidade. Logo foi convidado para trabalhar em um barzinho descolado e, nos dias de folga, ainda dava expediente em diversas festas preparando mais de trinta receitas que tinha de mem\u00f3ria. Fez sucesso na \u00e1rea.<\/p>\n<p>Mas os anos foram passando, ele se cansando de drinques, a moda caindo, e ele voltou \u00e0 fotografia. At\u00e9 que deu muito certo.<\/p>\n<p>Washington J\u00fanior enveredara por v\u00e1rias \u00e1reas, mas sua voca\u00e7\u00e3o principal era a de herdeiro. Uma certa ocasi\u00e3o, meteu-se com artes pl\u00e1sticas \u2013 virou pintor e escultor. Resolveu preparar um livro-cat\u00e1logo, que lan\u00e7aria numa exposi\u00e7\u00e3o de relativa visibilidade, com uma colet\u00e2nea de obras e textos, sempre laudat\u00f3rios, sobre sua pessoa e sua arte.<\/p>\n<p>E, depois de alguns anos de uma rela\u00e7\u00e3o fria e distante, Artur se surpreendeu quando recebeu, no celular, uma mensagem de Washington. Errara com o amigo no passado e, agora, queria \u201cdar-lhe uma oportunidade\u201d de participar do evento de lan\u00e7amento de seu cat\u00e1logo, e que ele seria a pessoa mais indicada para tanto. Que ele cobrasse o quanto quisesse, e n\u00e3o aceitaria resposta negativa.<\/p>\n<p>Artur pensou bem e resolveu guardar no bolso a velha m\u00e1goa. Afinal, era uma oportunidade de estar entre os que faziam a cidade acontecer, eternizar em imagens os acontecimentos do evento e, quem sabe, seria depois chamado para outros trabalhos, com um p\u00fablico mais de elite do que estava, at\u00e9 ent\u00e3o, acostumado.<\/p>\n<p>Colocou-se, pois, \u00e0 disposi\u00e7\u00e3o do antigo amigo. Respondeu que aceitava o trabalho, que faria com o maior capricho e, se precisasse, poderia indicar um outro profissional que providenciaria o registro em v\u00eddeo a par de seu trabalho de fot\u00f3grafo oficial da noite.<\/p>\n<p>Foi a\u00ed que Washington respondeu-lhe com uma mensagem de \u00e1udio:<\/p>\n<p>&#8211; N\u00e3o \u00e9 nada disso, seu burro. Eu j\u00e1 mandei vir um fot\u00f3grafo de verdade do Rio de Janeiro para o meu evento. Quero apenas que voc\u00ea prepare aquelas bebidas, mais finas do que as que est\u00e1 acostumado. E nada de birita mixuruca, hein! Quero tudo do bom e do melhor. Vai ficar l\u00e1 de oito da noite \u00e0s tr\u00eas da manh\u00e3 \u00e0 disposi\u00e7\u00e3o dos meus convidados. Sugira a\u00ed umas vinte receitas para eu escolher umas dez para o card\u00e1pio e providenciar os ingredientes. Ah, e invente um drinque com meu nome, que leve prosecco, muito elegante e com muitas bolhas!<\/p>\n","protected":false},"excerpt":{"rendered":"<p>Artur n\u00e3o substitu\u00edra a m\u00e1quina de fotografar pelo celular. Achava a primeira muito melhor que o segundo e conclu\u00edra que atitudes como a dele contribuiriam para a verdadeira eterniza\u00e7\u00e3o de momentos atrav\u00e9s das imagens impressas em papel. E se preocupava porque, na sua opini\u00e3o, est\u00e1vamos caminhando para uma gera\u00e7\u00e3o sem fotografias. Afinal de contas, quanto [&hellip;]<\/p>\n","protected":false},"author":2,"featured_media":326891,"comment_status":"closed","ping_status":"closed","sticky":false,"template":"","format":"standard","meta":{"_acf_changed":false,"footnotes":""},"categories":[161],"tags":[],"class_list":["post-326890","post","type-post","status-publish","format-standard","has-post-thumbnail","hentry","category-quadradinho-em-foco"],"acf":[],"yoast_head":"<!-- This site is optimized with the Yoast SEO plugin v27.5 - https:\/\/yoast.com\/product\/yoast-seo-wordpress\/ -->\n<title>Artur, do mundo da fotografia real, engole seco fantasia et\u00edlica - Notibras<\/title>\n<meta name=\"robots\" content=\"index, follow, max-snippet:-1, max-image-preview:large, max-video-preview:-1\" \/>\n<link rel=\"canonical\" href=\"https:\/\/www.notibras.com\/site\/artur-do-mundo-da-fotografia-real-engole-seco-fantasia-etilica\/\" \/>\n<meta property=\"og:locale\" content=\"pt_BR\" \/>\n<meta property=\"og:type\" content=\"article\" \/>\n<meta property=\"og:title\" content=\"Artur, do mundo da fotografia real, engole seco fantasia et\u00edlica - Notibras\" \/>\n<meta property=\"og:description\" content=\"Artur n\u00e3o substitu\u00edra a m\u00e1quina de fotografar pelo celular. Achava a primeira muito melhor que o segundo e conclu\u00edra que atitudes como a dele contribuiriam para a verdadeira eterniza\u00e7\u00e3o de momentos atrav\u00e9s das imagens impressas em papel. E se preocupava porque, na sua opini\u00e3o, est\u00e1vamos caminhando para uma gera\u00e7\u00e3o sem fotografias. Afinal de contas, quanto [&hellip;]\" \/>\n<meta property=\"og:url\" content=\"https:\/\/www.notibras.com\/site\/artur-do-mundo-da-fotografia-real-engole-seco-fantasia-etilica\/\" \/>\n<meta property=\"og:site_name\" content=\"Notibras\" \/>\n<meta property=\"article:publisher\" content=\"https:\/\/www.facebook.com\/notibras\/\" \/>\n<meta property=\"article:published_time\" content=\"2024-04-17T11:36:27+00:00\" \/>\n<meta property=\"og:image\" content=\"https:\/\/www.notibras.com\/site\/wp-content\/uploads\/2024\/04\/20c008b2-bf9e-40aa-a982-a2c6a1cfd991.jpg\" \/>\n\t<meta property=\"og:image:width\" content=\"1024\" \/>\n\t<meta property=\"og:image:height\" content=\"1024\" \/>\n\t<meta property=\"og:image:type\" content=\"image\/jpeg\" \/>\n<meta name=\"author\" content=\"Reda\u00e7\u00e3o\" \/>\n<meta name=\"twitter:card\" content=\"summary_large_image\" \/>\n<meta name=\"twitter:creator\" content=\"@Notibras\" \/>\n<meta name=\"twitter:site\" content=\"@Notibras\" \/>\n<meta name=\"twitter:label1\" content=\"Escrito por\" \/>\n\t<meta name=\"twitter:data1\" content=\"Reda\u00e7\u00e3o\" \/>\n\t<meta name=\"twitter:label2\" content=\"Est. tempo de leitura\" \/>\n\t<meta name=\"twitter:data2\" content=\"6 minutos\" \/>\n<script type=\"application\/ld+json\" class=\"yoast-schema-graph\">{\"@context\":\"https:\\\/\\\/schema.org\",\"@graph\":[{\"@type\":\"Article\",\"@id\":\"https:\\\/\\\/www.notibras.com\\\/site\\\/artur-do-mundo-da-fotografia-real-engole-seco-fantasia-etilica\\\/#article\",\"isPartOf\":{\"@id\":\"https:\\\/\\\/www.notibras.com\\\/site\\\/artur-do-mundo-da-fotografia-real-engole-seco-fantasia-etilica\\\/\"},\"author\":{\"name\":\"Reda\u00e7\u00e3o\",\"@id\":\"https:\\\/\\\/www.notibras.com\\\/site\\\/#\\\/schema\\\/person\\\/36ab0979449956132d3e5b517ea76ac8\"},\"headline\":\"Artur, do mundo da fotografia real, engole seco fantasia et\u00edlica\",\"datePublished\":\"2024-04-17T11:36:27+00:00\",\"mainEntityOfPage\":{\"@id\":\"https:\\\/\\\/www.notibras.com\\\/site\\\/artur-do-mundo-da-fotografia-real-engole-seco-fantasia-etilica\\\/\"},\"wordCount\":1097,\"publisher\":{\"@id\":\"https:\\\/\\\/www.notibras.com\\\/site\\\/#organization\"},\"image\":{\"@id\":\"https:\\\/\\\/www.notibras.com\\\/site\\\/artur-do-mundo-da-fotografia-real-engole-seco-fantasia-etilica\\\/#primaryimage\"},\"thumbnailUrl\":\"https:\\\/\\\/www.notibras.com\\\/site\\\/wp-content\\\/uploads\\\/2024\\\/04\\\/20c008b2-bf9e-40aa-a982-a2c6a1cfd991.jpg\",\"articleSection\":[\"Quadradinho em Foco\"],\"inLanguage\":\"pt-BR\"},{\"@type\":\"WebPage\",\"@id\":\"https:\\\/\\\/www.notibras.com\\\/site\\\/artur-do-mundo-da-fotografia-real-engole-seco-fantasia-etilica\\\/\",\"url\":\"https:\\\/\\\/www.notibras.com\\\/site\\\/artur-do-mundo-da-fotografia-real-engole-seco-fantasia-etilica\\\/\",\"name\":\"Artur, do mundo da fotografia real, engole seco fantasia et\u00edlica - Notibras\",\"isPartOf\":{\"@id\":\"https:\\\/\\\/www.notibras.com\\\/site\\\/#website\"},\"primaryImageOfPage\":{\"@id\":\"https:\\\/\\\/www.notibras.com\\\/site\\\/artur-do-mundo-da-fotografia-real-engole-seco-fantasia-etilica\\\/#primaryimage\"},\"image\":{\"@id\":\"https:\\\/\\\/www.notibras.com\\\/site\\\/artur-do-mundo-da-fotografia-real-engole-seco-fantasia-etilica\\\/#primaryimage\"},\"thumbnailUrl\":\"https:\\\/\\\/www.notibras.com\\\/site\\\/wp-content\\\/uploads\\\/2024\\\/04\\\/20c008b2-bf9e-40aa-a982-a2c6a1cfd991.jpg\",\"datePublished\":\"2024-04-17T11:36:27+00:00\",\"breadcrumb\":{\"@id\":\"https:\\\/\\\/www.notibras.com\\\/site\\\/artur-do-mundo-da-fotografia-real-engole-seco-fantasia-etilica\\\/#breadcrumb\"},\"inLanguage\":\"pt-BR\",\"potentialAction\":[{\"@type\":\"ReadAction\",\"target\":[\"https:\\\/\\\/www.notibras.com\\\/site\\\/artur-do-mundo-da-fotografia-real-engole-seco-fantasia-etilica\\\/\"]}]},{\"@type\":\"ImageObject\",\"inLanguage\":\"pt-BR\",\"@id\":\"https:\\\/\\\/www.notibras.com\\\/site\\\/artur-do-mundo-da-fotografia-real-engole-seco-fantasia-etilica\\\/#primaryimage\",\"url\":\"https:\\\/\\\/www.notibras.com\\\/site\\\/wp-content\\\/uploads\\\/2024\\\/04\\\/20c008b2-bf9e-40aa-a982-a2c6a1cfd991.jpg\",\"contentUrl\":\"https:\\\/\\\/www.notibras.com\\\/site\\\/wp-content\\\/uploads\\\/2024\\\/04\\\/20c008b2-bf9e-40aa-a982-a2c6a1cfd991.jpg\",\"width\":1024,\"height\":1024},{\"@type\":\"BreadcrumbList\",\"@id\":\"https:\\\/\\\/www.notibras.com\\\/site\\\/artur-do-mundo-da-fotografia-real-engole-seco-fantasia-etilica\\\/#breadcrumb\",\"itemListElement\":[{\"@type\":\"ListItem\",\"position\":1,\"name\":\"In\u00edcio\",\"item\":\"https:\\\/\\\/www.notibras.com\\\/site\\\/\"},{\"@type\":\"ListItem\",\"position\":2,\"name\":\"Artur, do mundo da fotografia real, engole seco fantasia et\u00edlica\"}]},{\"@type\":\"WebSite\",\"@id\":\"https:\\\/\\\/www.notibras.com\\\/site\\\/#website\",\"url\":\"https:\\\/\\\/www.notibras.com\\\/site\\\/\",\"name\":\"Notibras\",\"description\":\"Not\u00edcias de Bras\u00edlia, do Brasil e do Mundo\",\"publisher\":{\"@id\":\"https:\\\/\\\/www.notibras.com\\\/site\\\/#organization\"},\"potentialAction\":[{\"@type\":\"SearchAction\",\"target\":{\"@type\":\"EntryPoint\",\"urlTemplate\":\"https:\\\/\\\/www.notibras.com\\\/site\\\/?s={search_term_string}\"},\"query-input\":{\"@type\":\"PropertyValueSpecification\",\"valueRequired\":true,\"valueName\":\"search_term_string\"}}],\"inLanguage\":\"pt-BR\"},{\"@type\":\"Organization\",\"@id\":\"https:\\\/\\\/www.notibras.com\\\/site\\\/#organization\",\"name\":\"Grupo Notibras de Comunica\u00e7\u00e3o\",\"url\":\"https:\\\/\\\/www.notibras.com\\\/site\\\/\",\"logo\":{\"@type\":\"ImageObject\",\"inLanguage\":\"pt-BR\",\"@id\":\"https:\\\/\\\/www.notibras.com\\\/site\\\/#\\\/schema\\\/logo\\\/image\\\/\",\"url\":\"https:\\\/\\\/www.notibras.com\\\/site\\\/wp-content\\\/uploads\\\/2023\\\/01\\\/notibras23.png\",\"contentUrl\":\"https:\\\/\\\/www.notibras.com\\\/site\\\/wp-content\\\/uploads\\\/2023\\\/01\\\/notibras23.png\",\"width\":350,\"height\":87,\"caption\":\"Grupo Notibras de Comunica\u00e7\u00e3o\"},\"image\":{\"@id\":\"https:\\\/\\\/www.notibras.com\\\/site\\\/#\\\/schema\\\/logo\\\/image\\\/\"},\"sameAs\":[\"https:\\\/\\\/www.facebook.com\\\/notibras\\\/\",\"https:\\\/\\\/x.com\\\/Notibras\",\"https:\\\/\\\/www.instagram.com\\\/notibras\\\/\"]},{\"@type\":\"Person\",\"@id\":\"https:\\\/\\\/www.notibras.com\\\/site\\\/#\\\/schema\\\/person\\\/36ab0979449956132d3e5b517ea76ac8\",\"name\":\"Reda\u00e7\u00e3o\",\"image\":{\"@type\":\"ImageObject\",\"inLanguage\":\"pt-BR\",\"@id\":\"https:\\\/\\\/secure.gravatar.com\\\/avatar\\\/e0a867bdedb85fd243eadf09663511f96fc81e0720a4a42581f334ad4303aa6b?s=96&d=mm&r=g\",\"url\":\"https:\\\/\\\/secure.gravatar.com\\\/avatar\\\/e0a867bdedb85fd243eadf09663511f96fc81e0720a4a42581f334ad4303aa6b?s=96&d=mm&r=g\",\"contentUrl\":\"https:\\\/\\\/secure.gravatar.com\\\/avatar\\\/e0a867bdedb85fd243eadf09663511f96fc81e0720a4a42581f334ad4303aa6b?s=96&d=mm&r=g\",\"caption\":\"Reda\u00e7\u00e3o\"}}]}<\/script>\n<!-- \/ Yoast SEO plugin. -->","yoast_head_json":{"title":"Artur, do mundo da fotografia real, engole seco fantasia et\u00edlica - Notibras","robots":{"index":"index","follow":"follow","max-snippet":"max-snippet:-1","max-image-preview":"max-image-preview:large","max-video-preview":"max-video-preview:-1"},"canonical":"https:\/\/www.notibras.com\/site\/artur-do-mundo-da-fotografia-real-engole-seco-fantasia-etilica\/","og_locale":"pt_BR","og_type":"article","og_title":"Artur, do mundo da fotografia real, engole seco fantasia et\u00edlica - Notibras","og_description":"Artur n\u00e3o substitu\u00edra a m\u00e1quina de fotografar pelo celular. Achava a primeira muito melhor que o segundo e conclu\u00edra que atitudes como a dele contribuiriam para a verdadeira eterniza\u00e7\u00e3o de momentos atrav\u00e9s das imagens impressas em papel. E se preocupava porque, na sua opini\u00e3o, est\u00e1vamos caminhando para uma gera\u00e7\u00e3o sem fotografias. Afinal de contas, quanto [&hellip;]","og_url":"https:\/\/www.notibras.com\/site\/artur-do-mundo-da-fotografia-real-engole-seco-fantasia-etilica\/","og_site_name":"Notibras","article_publisher":"https:\/\/www.facebook.com\/notibras\/","article_published_time":"2024-04-17T11:36:27+00:00","og_image":[{"width":1024,"height":1024,"url":"https:\/\/www.notibras.com\/site\/wp-content\/uploads\/2024\/04\/20c008b2-bf9e-40aa-a982-a2c6a1cfd991.jpg","type":"image\/jpeg"}],"author":"Reda\u00e7\u00e3o","twitter_card":"summary_large_image","twitter_creator":"@Notibras","twitter_site":"@Notibras","twitter_misc":{"Escrito por":"Reda\u00e7\u00e3o","Est. tempo de leitura":"6 minutos"},"schema":{"@context":"https:\/\/schema.org","@graph":[{"@type":"Article","@id":"https:\/\/www.notibras.com\/site\/artur-do-mundo-da-fotografia-real-engole-seco-fantasia-etilica\/#article","isPartOf":{"@id":"https:\/\/www.notibras.com\/site\/artur-do-mundo-da-fotografia-real-engole-seco-fantasia-etilica\/"},"author":{"name":"Reda\u00e7\u00e3o","@id":"https:\/\/www.notibras.com\/site\/#\/schema\/person\/36ab0979449956132d3e5b517ea76ac8"},"headline":"Artur, do mundo da fotografia real, engole seco fantasia et\u00edlica","datePublished":"2024-04-17T11:36:27+00:00","mainEntityOfPage":{"@id":"https:\/\/www.notibras.com\/site\/artur-do-mundo-da-fotografia-real-engole-seco-fantasia-etilica\/"},"wordCount":1097,"publisher":{"@id":"https:\/\/www.notibras.com\/site\/#organization"},"image":{"@id":"https:\/\/www.notibras.com\/site\/artur-do-mundo-da-fotografia-real-engole-seco-fantasia-etilica\/#primaryimage"},"thumbnailUrl":"https:\/\/www.notibras.com\/site\/wp-content\/uploads\/2024\/04\/20c008b2-bf9e-40aa-a982-a2c6a1cfd991.jpg","articleSection":["Quadradinho em Foco"],"inLanguage":"pt-BR"},{"@type":"WebPage","@id":"https:\/\/www.notibras.com\/site\/artur-do-mundo-da-fotografia-real-engole-seco-fantasia-etilica\/","url":"https:\/\/www.notibras.com\/site\/artur-do-mundo-da-fotografia-real-engole-seco-fantasia-etilica\/","name":"Artur, do mundo da fotografia real, engole seco fantasia et\u00edlica - Notibras","isPartOf":{"@id":"https:\/\/www.notibras.com\/site\/#website"},"primaryImageOfPage":{"@id":"https:\/\/www.notibras.com\/site\/artur-do-mundo-da-fotografia-real-engole-seco-fantasia-etilica\/#primaryimage"},"image":{"@id":"https:\/\/www.notibras.com\/site\/artur-do-mundo-da-fotografia-real-engole-seco-fantasia-etilica\/#primaryimage"},"thumbnailUrl":"https:\/\/www.notibras.com\/site\/wp-content\/uploads\/2024\/04\/20c008b2-bf9e-40aa-a982-a2c6a1cfd991.jpg","datePublished":"2024-04-17T11:36:27+00:00","breadcrumb":{"@id":"https:\/\/www.notibras.com\/site\/artur-do-mundo-da-fotografia-real-engole-seco-fantasia-etilica\/#breadcrumb"},"inLanguage":"pt-BR","potentialAction":[{"@type":"ReadAction","target":["https:\/\/www.notibras.com\/site\/artur-do-mundo-da-fotografia-real-engole-seco-fantasia-etilica\/"]}]},{"@type":"ImageObject","inLanguage":"pt-BR","@id":"https:\/\/www.notibras.com\/site\/artur-do-mundo-da-fotografia-real-engole-seco-fantasia-etilica\/#primaryimage","url":"https:\/\/www.notibras.com\/site\/wp-content\/uploads\/2024\/04\/20c008b2-bf9e-40aa-a982-a2c6a1cfd991.jpg","contentUrl":"https:\/\/www.notibras.com\/site\/wp-content\/uploads\/2024\/04\/20c008b2-bf9e-40aa-a982-a2c6a1cfd991.jpg","width":1024,"height":1024},{"@type":"BreadcrumbList","@id":"https:\/\/www.notibras.com\/site\/artur-do-mundo-da-fotografia-real-engole-seco-fantasia-etilica\/#breadcrumb","itemListElement":[{"@type":"ListItem","position":1,"name":"In\u00edcio","item":"https:\/\/www.notibras.com\/site\/"},{"@type":"ListItem","position":2,"name":"Artur, do mundo da fotografia real, engole seco fantasia et\u00edlica"}]},{"@type":"WebSite","@id":"https:\/\/www.notibras.com\/site\/#website","url":"https:\/\/www.notibras.com\/site\/","name":"Notibras","description":"Not\u00edcias de Bras\u00edlia, do Brasil e do Mundo","publisher":{"@id":"https:\/\/www.notibras.com\/site\/#organization"},"potentialAction":[{"@type":"SearchAction","target":{"@type":"EntryPoint","urlTemplate":"https:\/\/www.notibras.com\/site\/?s={search_term_string}"},"query-input":{"@type":"PropertyValueSpecification","valueRequired":true,"valueName":"search_term_string"}}],"inLanguage":"pt-BR"},{"@type":"Organization","@id":"https:\/\/www.notibras.com\/site\/#organization","name":"Grupo Notibras de Comunica\u00e7\u00e3o","url":"https:\/\/www.notibras.com\/site\/","logo":{"@type":"ImageObject","inLanguage":"pt-BR","@id":"https:\/\/www.notibras.com\/site\/#\/schema\/logo\/image\/","url":"https:\/\/www.notibras.com\/site\/wp-content\/uploads\/2023\/01\/notibras23.png","contentUrl":"https:\/\/www.notibras.com\/site\/wp-content\/uploads\/2023\/01\/notibras23.png","width":350,"height":87,"caption":"Grupo Notibras de Comunica\u00e7\u00e3o"},"image":{"@id":"https:\/\/www.notibras.com\/site\/#\/schema\/logo\/image\/"},"sameAs":["https:\/\/www.facebook.com\/notibras\/","https:\/\/x.com\/Notibras","https:\/\/www.instagram.com\/notibras\/"]},{"@type":"Person","@id":"https:\/\/www.notibras.com\/site\/#\/schema\/person\/36ab0979449956132d3e5b517ea76ac8","name":"Reda\u00e7\u00e3o","image":{"@type":"ImageObject","inLanguage":"pt-BR","@id":"https:\/\/secure.gravatar.com\/avatar\/e0a867bdedb85fd243eadf09663511f96fc81e0720a4a42581f334ad4303aa6b?s=96&d=mm&r=g","url":"https:\/\/secure.gravatar.com\/avatar\/e0a867bdedb85fd243eadf09663511f96fc81e0720a4a42581f334ad4303aa6b?s=96&d=mm&r=g","contentUrl":"https:\/\/secure.gravatar.com\/avatar\/e0a867bdedb85fd243eadf09663511f96fc81e0720a4a42581f334ad4303aa6b?s=96&d=mm&r=g","caption":"Reda\u00e7\u00e3o"}}]}},"amp_enabled":true,"_links":{"self":[{"href":"https:\/\/www.notibras.com\/site\/wp-json\/wp\/v2\/posts\/326890","targetHints":{"allow":["GET"]}}],"collection":[{"href":"https:\/\/www.notibras.com\/site\/wp-json\/wp\/v2\/posts"}],"about":[{"href":"https:\/\/www.notibras.com\/site\/wp-json\/wp\/v2\/types\/post"}],"author":[{"embeddable":true,"href":"https:\/\/www.notibras.com\/site\/wp-json\/wp\/v2\/users\/2"}],"replies":[{"embeddable":true,"href":"https:\/\/www.notibras.com\/site\/wp-json\/wp\/v2\/comments?post=326890"}],"version-history":[{"count":1,"href":"https:\/\/www.notibras.com\/site\/wp-json\/wp\/v2\/posts\/326890\/revisions"}],"predecessor-version":[{"id":326892,"href":"https:\/\/www.notibras.com\/site\/wp-json\/wp\/v2\/posts\/326890\/revisions\/326892"}],"wp:featuredmedia":[{"embeddable":true,"href":"https:\/\/www.notibras.com\/site\/wp-json\/wp\/v2\/media\/326891"}],"wp:attachment":[{"href":"https:\/\/www.notibras.com\/site\/wp-json\/wp\/v2\/media?parent=326890"}],"wp:term":[{"taxonomy":"category","embeddable":true,"href":"https:\/\/www.notibras.com\/site\/wp-json\/wp\/v2\/categories?post=326890"},{"taxonomy":"post_tag","embeddable":true,"href":"https:\/\/www.notibras.com\/site\/wp-json\/wp\/v2\/tags?post=326890"}],"curies":[{"name":"wp","href":"https:\/\/api.w.org\/{rel}","templated":true}]}}