{"id":326965,"date":"2024-04-18T03:35:52","date_gmt":"2024-04-18T06:35:52","guid":{"rendered":"https:\/\/www.notibras.com\/site\/?p=326965"},"modified":"2024-04-18T03:36:20","modified_gmt":"2024-04-18T06:36:20","slug":"coberta-de-razao-esposa-fica-sem-cobertor-no-frio","status":"publish","type":"post","link":"https:\/\/www.notibras.com\/site\/coberta-de-razao-esposa-fica-sem-cobertor-no-frio\/","title":{"rendered":"Coberta de raz\u00e3o, esposa fica sem cobertor no frio"},"content":{"rendered":"<p>Gerv\u00e1sio, apesar de n\u00e3o ser mudo, nunca teve voz na pr\u00f3pria casa, desde que fora fisgado por Vilma, a ent\u00e3o mais charmosa garota da quadra. Sem tempo para pensar, muito menos para agir, se deixou levar pelos momentos de alcova, que, sejamos sinceros, foram muito generosos para um rapazola sem muitos atrativos.<\/p>\n<p>Vilma, impetuosa e mandona, fazia gato e sapato do namorado. Se o tra\u00eda, n\u00e3o se pode afirmar, mesmo porque. naqueles tempos, tirar uma fotografia indiscreta era complicado. Um flagrante, por sua vez, era algo quase imposs\u00edvel, ainda mais para um rapaz t\u00e3o cr\u00e9dulo que nem o Gerv\u00e1sio. Mas deixemos as fofocas de lado, pois o que importa \u00e9 que, ainda hoje, passados quase 30 anos, aqueles dois pombinhos continuam andando de m\u00e3os dadas por a\u00ed.<\/p>\n<p>Andar de m\u00e3os dadas \u00e9 for\u00e7a de express\u00e3o, pois o que se via era Vilma arrastando o marido. Ele at\u00e9 tentava acompanhar os passos da esposa e, n\u00e3o raro, trope\u00e7ava em algum desn\u00edvel da cal\u00e7ada. Todavia, nada que uma cara de brava n\u00e3o resolvesse. Gerv\u00e1sio tratava logo de se aprumar para n\u00e3o atrasar a paix\u00e3o da sua vida.<\/p>\n<p>Aos 45 anos, Vilma era dona do pr\u00f3prio nariz. N\u00e3o apenas do dela, mas tamb\u00e9m de outros. Nenhum dos filhos se atrevia a contest\u00e1-la. O marido, ent\u00e3o, bem sabia que at\u00e9 para tirar meleca da pr\u00f3pria narina precisava de autoriza\u00e7\u00e3o da mulher.<\/p>\n<p>Pois o que aconteceu na semana passada ali na loja Alves Cobertores deu o que falar. Como sei que aconteceu? Sei porque fui bem informado por uma amiga, que tem uma prima de segundo grau, que \u00e9 pr\u00f3xima a uma funcion\u00e1ria dessa loja, que at\u00e9 estava de folga nesse dia, mas soube por um colega de trabalho.<\/p>\n<p>M\u00eas de julho, quando o frio aperta os mais desprevenidos, l\u00e1 foi o Gerv\u00e1sio em busca de algo para proteg\u00ea-lo nas noites g\u00e9lidas, que, como todos os que moram por estas bandas, sabem como s\u00e3o. Mal pisou na Alves Cobertores, foi prontamente atendido pelo vendedor, justamente aquele colega da tal funcion\u00e1ria, que \u00e9 pr\u00f3xima da prima de segundo grau da minha amiga.<\/p>\n<p>\u2014 Bom dia, senhor Gerv\u00e1sio! O que o senhor deseja?<\/p>\n<p>\u2014 Um bom cobertor, Afr\u00e2nio.<\/p>\n<p>\u2014 Temos um excelente de casal e que est\u00e1 na promo\u00e7\u00e3o.<\/p>\n<p>\u2014 N\u00e3o. Procuro um de solteiro mesmo.<\/p>\n<p>\u2014 Ah, pensei que fosse para o senhor e para a dona Vilma.<\/p>\n<p>\u2014 N\u00e3o. \u00c9 apenas pra mim.<\/p>\n<p>\u2014 U\u00e9, e para a dona Vilma?<\/p>\n<p>\u2014 Aquela nunca passa frio. Est\u00e1 sempre coberta de raz\u00e3o.<\/p>\n","protected":false},"excerpt":{"rendered":"<p>Gerv\u00e1sio, apesar de n\u00e3o ser mudo, nunca teve voz na pr\u00f3pria casa, desde que fora fisgado por Vilma, a ent\u00e3o mais charmosa garota da quadra. Sem tempo para pensar, muito menos para agir, se deixou levar pelos momentos de alcova, que, sejamos sinceros, foram muito generosos para um rapazola sem muitos atrativos. Vilma, impetuosa e [&hellip;]<\/p>\n","protected":false},"author":2,"featured_media":326966,"comment_status":"closed","ping_status":"closed","sticky":false,"template":"","format":"standard","meta":{"_acf_changed":false,"footnotes":""},"categories":[161],"tags":[],"class_list":["post-326965","post","type-post","status-publish","format-standard","has-post-thumbnail","hentry","category-quadradinho-em-foco"],"acf":[],"yoast_head":"<!-- This site is optimized with the Yoast SEO plugin v27.5 - https:\/\/yoast.com\/product\/yoast-seo-wordpress\/ -->\n<title>Coberta de raz\u00e3o, esposa fica sem cobertor no frio - Notibras<\/title>\n<meta name=\"robots\" content=\"index, follow, max-snippet:-1, max-image-preview:large, max-video-preview:-1\" \/>\n<link rel=\"canonical\" href=\"https:\/\/www.notibras.com\/site\/coberta-de-razao-esposa-fica-sem-cobertor-no-frio\/\" \/>\n<meta property=\"og:locale\" content=\"pt_BR\" \/>\n<meta property=\"og:type\" content=\"article\" \/>\n<meta property=\"og:title\" content=\"Coberta de raz\u00e3o, esposa fica sem cobertor no frio - Notibras\" \/>\n<meta property=\"og:description\" content=\"Gerv\u00e1sio, apesar de n\u00e3o ser mudo, nunca teve voz na pr\u00f3pria casa, desde que fora fisgado por Vilma, a ent\u00e3o mais charmosa garota da quadra. Sem tempo para pensar, muito menos para agir, se deixou levar pelos momentos de alcova, que, sejamos sinceros, foram muito generosos para um rapazola sem muitos atrativos. Vilma, impetuosa e [&hellip;]\" \/>\n<meta property=\"og:url\" content=\"https:\/\/www.notibras.com\/site\/coberta-de-razao-esposa-fica-sem-cobertor-no-frio\/\" \/>\n<meta property=\"og:site_name\" content=\"Notibras\" \/>\n<meta property=\"article:publisher\" content=\"https:\/\/www.facebook.com\/notibras\/\" \/>\n<meta property=\"article:published_time\" content=\"2024-04-18T06:35:52+00:00\" \/>\n<meta property=\"article:modified_time\" content=\"2024-04-18T06:36:20+00:00\" \/>\n<meta property=\"og:image\" content=\"https:\/\/www.notibras.com\/site\/wp-content\/uploads\/2024\/04\/ef4ba64c-bc42-4118-a6e9-979e92729f18.jpg\" \/>\n\t<meta property=\"og:image:width\" content=\"512\" \/>\n\t<meta property=\"og:image:height\" content=\"473\" \/>\n\t<meta property=\"og:image:type\" content=\"image\/jpeg\" \/>\n<meta name=\"author\" content=\"Reda\u00e7\u00e3o\" \/>\n<meta name=\"twitter:card\" content=\"summary_large_image\" \/>\n<meta name=\"twitter:creator\" content=\"@Notibras\" \/>\n<meta name=\"twitter:site\" content=\"@Notibras\" \/>\n<meta name=\"twitter:label1\" content=\"Escrito por\" \/>\n\t<meta name=\"twitter:data1\" content=\"Reda\u00e7\u00e3o\" \/>\n\t<meta name=\"twitter:label2\" content=\"Est. tempo de leitura\" \/>\n\t<meta name=\"twitter:data2\" content=\"3 minutos\" \/>\n<script type=\"application\/ld+json\" class=\"yoast-schema-graph\">{\"@context\":\"https:\\\/\\\/schema.org\",\"@graph\":[{\"@type\":\"Article\",\"@id\":\"https:\\\/\\\/www.notibras.com\\\/site\\\/coberta-de-razao-esposa-fica-sem-cobertor-no-frio\\\/#article\",\"isPartOf\":{\"@id\":\"https:\\\/\\\/www.notibras.com\\\/site\\\/coberta-de-razao-esposa-fica-sem-cobertor-no-frio\\\/\"},\"author\":{\"name\":\"Reda\u00e7\u00e3o\",\"@id\":\"https:\\\/\\\/www.notibras.com\\\/site\\\/#\\\/schema\\\/person\\\/36ab0979449956132d3e5b517ea76ac8\"},\"headline\":\"Coberta de raz\u00e3o, esposa fica sem cobertor no frio\",\"datePublished\":\"2024-04-18T06:35:52+00:00\",\"dateModified\":\"2024-04-18T06:36:20+00:00\",\"mainEntityOfPage\":{\"@id\":\"https:\\\/\\\/www.notibras.com\\\/site\\\/coberta-de-razao-esposa-fica-sem-cobertor-no-frio\\\/\"},\"wordCount\":454,\"publisher\":{\"@id\":\"https:\\\/\\\/www.notibras.com\\\/site\\\/#organization\"},\"image\":{\"@id\":\"https:\\\/\\\/www.notibras.com\\\/site\\\/coberta-de-razao-esposa-fica-sem-cobertor-no-frio\\\/#primaryimage\"},\"thumbnailUrl\":\"https:\\\/\\\/www.notibras.com\\\/site\\\/wp-content\\\/uploads\\\/2024\\\/04\\\/ef4ba64c-bc42-4118-a6e9-979e92729f18.jpg\",\"articleSection\":[\"Quadradinho em Foco\"],\"inLanguage\":\"pt-BR\"},{\"@type\":\"WebPage\",\"@id\":\"https:\\\/\\\/www.notibras.com\\\/site\\\/coberta-de-razao-esposa-fica-sem-cobertor-no-frio\\\/\",\"url\":\"https:\\\/\\\/www.notibras.com\\\/site\\\/coberta-de-razao-esposa-fica-sem-cobertor-no-frio\\\/\",\"name\":\"Coberta de raz\u00e3o, esposa fica sem cobertor no frio - Notibras\",\"isPartOf\":{\"@id\":\"https:\\\/\\\/www.notibras.com\\\/site\\\/#website\"},\"primaryImageOfPage\":{\"@id\":\"https:\\\/\\\/www.notibras.com\\\/site\\\/coberta-de-razao-esposa-fica-sem-cobertor-no-frio\\\/#primaryimage\"},\"image\":{\"@id\":\"https:\\\/\\\/www.notibras.com\\\/site\\\/coberta-de-razao-esposa-fica-sem-cobertor-no-frio\\\/#primaryimage\"},\"thumbnailUrl\":\"https:\\\/\\\/www.notibras.com\\\/site\\\/wp-content\\\/uploads\\\/2024\\\/04\\\/ef4ba64c-bc42-4118-a6e9-979e92729f18.jpg\",\"datePublished\":\"2024-04-18T06:35:52+00:00\",\"dateModified\":\"2024-04-18T06:36:20+00:00\",\"breadcrumb\":{\"@id\":\"https:\\\/\\\/www.notibras.com\\\/site\\\/coberta-de-razao-esposa-fica-sem-cobertor-no-frio\\\/#breadcrumb\"},\"inLanguage\":\"pt-BR\",\"potentialAction\":[{\"@type\":\"ReadAction\",\"target\":[\"https:\\\/\\\/www.notibras.com\\\/site\\\/coberta-de-razao-esposa-fica-sem-cobertor-no-frio\\\/\"]}]},{\"@type\":\"ImageObject\",\"inLanguage\":\"pt-BR\",\"@id\":\"https:\\\/\\\/www.notibras.com\\\/site\\\/coberta-de-razao-esposa-fica-sem-cobertor-no-frio\\\/#primaryimage\",\"url\":\"https:\\\/\\\/www.notibras.com\\\/site\\\/wp-content\\\/uploads\\\/2024\\\/04\\\/ef4ba64c-bc42-4118-a6e9-979e92729f18.jpg\",\"contentUrl\":\"https:\\\/\\\/www.notibras.com\\\/site\\\/wp-content\\\/uploads\\\/2024\\\/04\\\/ef4ba64c-bc42-4118-a6e9-979e92729f18.jpg\",\"width\":512,\"height\":473},{\"@type\":\"BreadcrumbList\",\"@id\":\"https:\\\/\\\/www.notibras.com\\\/site\\\/coberta-de-razao-esposa-fica-sem-cobertor-no-frio\\\/#breadcrumb\",\"itemListElement\":[{\"@type\":\"ListItem\",\"position\":1,\"name\":\"In\u00edcio\",\"item\":\"https:\\\/\\\/www.notibras.com\\\/site\\\/\"},{\"@type\":\"ListItem\",\"position\":2,\"name\":\"Coberta de raz\u00e3o, esposa fica sem cobertor no frio\"}]},{\"@type\":\"WebSite\",\"@id\":\"https:\\\/\\\/www.notibras.com\\\/site\\\/#website\",\"url\":\"https:\\\/\\\/www.notibras.com\\\/site\\\/\",\"name\":\"Notibras\",\"description\":\"Not\u00edcias de Bras\u00edlia, do Brasil e do Mundo\",\"publisher\":{\"@id\":\"https:\\\/\\\/www.notibras.com\\\/site\\\/#organization\"},\"potentialAction\":[{\"@type\":\"SearchAction\",\"target\":{\"@type\":\"EntryPoint\",\"urlTemplate\":\"https:\\\/\\\/www.notibras.com\\\/site\\\/?s={search_term_string}\"},\"query-input\":{\"@type\":\"PropertyValueSpecification\",\"valueRequired\":true,\"valueName\":\"search_term_string\"}}],\"inLanguage\":\"pt-BR\"},{\"@type\":\"Organization\",\"@id\":\"https:\\\/\\\/www.notibras.com\\\/site\\\/#organization\",\"name\":\"Grupo Notibras de Comunica\u00e7\u00e3o\",\"url\":\"https:\\\/\\\/www.notibras.com\\\/site\\\/\",\"logo\":{\"@type\":\"ImageObject\",\"inLanguage\":\"pt-BR\",\"@id\":\"https:\\\/\\\/www.notibras.com\\\/site\\\/#\\\/schema\\\/logo\\\/image\\\/\",\"url\":\"https:\\\/\\\/www.notibras.com\\\/site\\\/wp-content\\\/uploads\\\/2023\\\/01\\\/notibras23.png\",\"contentUrl\":\"https:\\\/\\\/www.notibras.com\\\/site\\\/wp-content\\\/uploads\\\/2023\\\/01\\\/notibras23.png\",\"width\":350,\"height\":87,\"caption\":\"Grupo Notibras de Comunica\u00e7\u00e3o\"},\"image\":{\"@id\":\"https:\\\/\\\/www.notibras.com\\\/site\\\/#\\\/schema\\\/logo\\\/image\\\/\"},\"sameAs\":[\"https:\\\/\\\/www.facebook.com\\\/notibras\\\/\",\"https:\\\/\\\/x.com\\\/Notibras\",\"https:\\\/\\\/www.instagram.com\\\/notibras\\\/\"]},{\"@type\":\"Person\",\"@id\":\"https:\\\/\\\/www.notibras.com\\\/site\\\/#\\\/schema\\\/person\\\/36ab0979449956132d3e5b517ea76ac8\",\"name\":\"Reda\u00e7\u00e3o\",\"image\":{\"@type\":\"ImageObject\",\"inLanguage\":\"pt-BR\",\"@id\":\"https:\\\/\\\/secure.gravatar.com\\\/avatar\\\/e0a867bdedb85fd243eadf09663511f96fc81e0720a4a42581f334ad4303aa6b?s=96&d=mm&r=g\",\"url\":\"https:\\\/\\\/secure.gravatar.com\\\/avatar\\\/e0a867bdedb85fd243eadf09663511f96fc81e0720a4a42581f334ad4303aa6b?s=96&d=mm&r=g\",\"contentUrl\":\"https:\\\/\\\/secure.gravatar.com\\\/avatar\\\/e0a867bdedb85fd243eadf09663511f96fc81e0720a4a42581f334ad4303aa6b?s=96&d=mm&r=g\",\"caption\":\"Reda\u00e7\u00e3o\"}}]}<\/script>\n<!-- \/ Yoast SEO plugin. -->","yoast_head_json":{"title":"Coberta de raz\u00e3o, esposa fica sem cobertor no frio - Notibras","robots":{"index":"index","follow":"follow","max-snippet":"max-snippet:-1","max-image-preview":"max-image-preview:large","max-video-preview":"max-video-preview:-1"},"canonical":"https:\/\/www.notibras.com\/site\/coberta-de-razao-esposa-fica-sem-cobertor-no-frio\/","og_locale":"pt_BR","og_type":"article","og_title":"Coberta de raz\u00e3o, esposa fica sem cobertor no frio - Notibras","og_description":"Gerv\u00e1sio, apesar de n\u00e3o ser mudo, nunca teve voz na pr\u00f3pria casa, desde que fora fisgado por Vilma, a ent\u00e3o mais charmosa garota da quadra. Sem tempo para pensar, muito menos para agir, se deixou levar pelos momentos de alcova, que, sejamos sinceros, foram muito generosos para um rapazola sem muitos atrativos. Vilma, impetuosa e [&hellip;]","og_url":"https:\/\/www.notibras.com\/site\/coberta-de-razao-esposa-fica-sem-cobertor-no-frio\/","og_site_name":"Notibras","article_publisher":"https:\/\/www.facebook.com\/notibras\/","article_published_time":"2024-04-18T06:35:52+00:00","article_modified_time":"2024-04-18T06:36:20+00:00","og_image":[{"width":512,"height":473,"url":"https:\/\/www.notibras.com\/site\/wp-content\/uploads\/2024\/04\/ef4ba64c-bc42-4118-a6e9-979e92729f18.jpg","type":"image\/jpeg"}],"author":"Reda\u00e7\u00e3o","twitter_card":"summary_large_image","twitter_creator":"@Notibras","twitter_site":"@Notibras","twitter_misc":{"Escrito por":"Reda\u00e7\u00e3o","Est. tempo de leitura":"3 minutos"},"schema":{"@context":"https:\/\/schema.org","@graph":[{"@type":"Article","@id":"https:\/\/www.notibras.com\/site\/coberta-de-razao-esposa-fica-sem-cobertor-no-frio\/#article","isPartOf":{"@id":"https:\/\/www.notibras.com\/site\/coberta-de-razao-esposa-fica-sem-cobertor-no-frio\/"},"author":{"name":"Reda\u00e7\u00e3o","@id":"https:\/\/www.notibras.com\/site\/#\/schema\/person\/36ab0979449956132d3e5b517ea76ac8"},"headline":"Coberta de raz\u00e3o, esposa fica sem cobertor no frio","datePublished":"2024-04-18T06:35:52+00:00","dateModified":"2024-04-18T06:36:20+00:00","mainEntityOfPage":{"@id":"https:\/\/www.notibras.com\/site\/coberta-de-razao-esposa-fica-sem-cobertor-no-frio\/"},"wordCount":454,"publisher":{"@id":"https:\/\/www.notibras.com\/site\/#organization"},"image":{"@id":"https:\/\/www.notibras.com\/site\/coberta-de-razao-esposa-fica-sem-cobertor-no-frio\/#primaryimage"},"thumbnailUrl":"https:\/\/www.notibras.com\/site\/wp-content\/uploads\/2024\/04\/ef4ba64c-bc42-4118-a6e9-979e92729f18.jpg","articleSection":["Quadradinho em Foco"],"inLanguage":"pt-BR"},{"@type":"WebPage","@id":"https:\/\/www.notibras.com\/site\/coberta-de-razao-esposa-fica-sem-cobertor-no-frio\/","url":"https:\/\/www.notibras.com\/site\/coberta-de-razao-esposa-fica-sem-cobertor-no-frio\/","name":"Coberta de raz\u00e3o, esposa fica sem cobertor no frio - Notibras","isPartOf":{"@id":"https:\/\/www.notibras.com\/site\/#website"},"primaryImageOfPage":{"@id":"https:\/\/www.notibras.com\/site\/coberta-de-razao-esposa-fica-sem-cobertor-no-frio\/#primaryimage"},"image":{"@id":"https:\/\/www.notibras.com\/site\/coberta-de-razao-esposa-fica-sem-cobertor-no-frio\/#primaryimage"},"thumbnailUrl":"https:\/\/www.notibras.com\/site\/wp-content\/uploads\/2024\/04\/ef4ba64c-bc42-4118-a6e9-979e92729f18.jpg","datePublished":"2024-04-18T06:35:52+00:00","dateModified":"2024-04-18T06:36:20+00:00","breadcrumb":{"@id":"https:\/\/www.notibras.com\/site\/coberta-de-razao-esposa-fica-sem-cobertor-no-frio\/#breadcrumb"},"inLanguage":"pt-BR","potentialAction":[{"@type":"ReadAction","target":["https:\/\/www.notibras.com\/site\/coberta-de-razao-esposa-fica-sem-cobertor-no-frio\/"]}]},{"@type":"ImageObject","inLanguage":"pt-BR","@id":"https:\/\/www.notibras.com\/site\/coberta-de-razao-esposa-fica-sem-cobertor-no-frio\/#primaryimage","url":"https:\/\/www.notibras.com\/site\/wp-content\/uploads\/2024\/04\/ef4ba64c-bc42-4118-a6e9-979e92729f18.jpg","contentUrl":"https:\/\/www.notibras.com\/site\/wp-content\/uploads\/2024\/04\/ef4ba64c-bc42-4118-a6e9-979e92729f18.jpg","width":512,"height":473},{"@type":"BreadcrumbList","@id":"https:\/\/www.notibras.com\/site\/coberta-de-razao-esposa-fica-sem-cobertor-no-frio\/#breadcrumb","itemListElement":[{"@type":"ListItem","position":1,"name":"In\u00edcio","item":"https:\/\/www.notibras.com\/site\/"},{"@type":"ListItem","position":2,"name":"Coberta de raz\u00e3o, esposa fica sem cobertor no frio"}]},{"@type":"WebSite","@id":"https:\/\/www.notibras.com\/site\/#website","url":"https:\/\/www.notibras.com\/site\/","name":"Notibras","description":"Not\u00edcias de Bras\u00edlia, do Brasil e do Mundo","publisher":{"@id":"https:\/\/www.notibras.com\/site\/#organization"},"potentialAction":[{"@type":"SearchAction","target":{"@type":"EntryPoint","urlTemplate":"https:\/\/www.notibras.com\/site\/?s={search_term_string}"},"query-input":{"@type":"PropertyValueSpecification","valueRequired":true,"valueName":"search_term_string"}}],"inLanguage":"pt-BR"},{"@type":"Organization","@id":"https:\/\/www.notibras.com\/site\/#organization","name":"Grupo Notibras de Comunica\u00e7\u00e3o","url":"https:\/\/www.notibras.com\/site\/","logo":{"@type":"ImageObject","inLanguage":"pt-BR","@id":"https:\/\/www.notibras.com\/site\/#\/schema\/logo\/image\/","url":"https:\/\/www.notibras.com\/site\/wp-content\/uploads\/2023\/01\/notibras23.png","contentUrl":"https:\/\/www.notibras.com\/site\/wp-content\/uploads\/2023\/01\/notibras23.png","width":350,"height":87,"caption":"Grupo Notibras de Comunica\u00e7\u00e3o"},"image":{"@id":"https:\/\/www.notibras.com\/site\/#\/schema\/logo\/image\/"},"sameAs":["https:\/\/www.facebook.com\/notibras\/","https:\/\/x.com\/Notibras","https:\/\/www.instagram.com\/notibras\/"]},{"@type":"Person","@id":"https:\/\/www.notibras.com\/site\/#\/schema\/person\/36ab0979449956132d3e5b517ea76ac8","name":"Reda\u00e7\u00e3o","image":{"@type":"ImageObject","inLanguage":"pt-BR","@id":"https:\/\/secure.gravatar.com\/avatar\/e0a867bdedb85fd243eadf09663511f96fc81e0720a4a42581f334ad4303aa6b?s=96&d=mm&r=g","url":"https:\/\/secure.gravatar.com\/avatar\/e0a867bdedb85fd243eadf09663511f96fc81e0720a4a42581f334ad4303aa6b?s=96&d=mm&r=g","contentUrl":"https:\/\/secure.gravatar.com\/avatar\/e0a867bdedb85fd243eadf09663511f96fc81e0720a4a42581f334ad4303aa6b?s=96&d=mm&r=g","caption":"Reda\u00e7\u00e3o"}}]}},"amp_enabled":true,"_links":{"self":[{"href":"https:\/\/www.notibras.com\/site\/wp-json\/wp\/v2\/posts\/326965","targetHints":{"allow":["GET"]}}],"collection":[{"href":"https:\/\/www.notibras.com\/site\/wp-json\/wp\/v2\/posts"}],"about":[{"href":"https:\/\/www.notibras.com\/site\/wp-json\/wp\/v2\/types\/post"}],"author":[{"embeddable":true,"href":"https:\/\/www.notibras.com\/site\/wp-json\/wp\/v2\/users\/2"}],"replies":[{"embeddable":true,"href":"https:\/\/www.notibras.com\/site\/wp-json\/wp\/v2\/comments?post=326965"}],"version-history":[{"count":1,"href":"https:\/\/www.notibras.com\/site\/wp-json\/wp\/v2\/posts\/326965\/revisions"}],"predecessor-version":[{"id":326967,"href":"https:\/\/www.notibras.com\/site\/wp-json\/wp\/v2\/posts\/326965\/revisions\/326967"}],"wp:featuredmedia":[{"embeddable":true,"href":"https:\/\/www.notibras.com\/site\/wp-json\/wp\/v2\/media\/326966"}],"wp:attachment":[{"href":"https:\/\/www.notibras.com\/site\/wp-json\/wp\/v2\/media?parent=326965"}],"wp:term":[{"taxonomy":"category","embeddable":true,"href":"https:\/\/www.notibras.com\/site\/wp-json\/wp\/v2\/categories?post=326965"},{"taxonomy":"post_tag","embeddable":true,"href":"https:\/\/www.notibras.com\/site\/wp-json\/wp\/v2\/tags?post=326965"}],"curies":[{"name":"wp","href":"https:\/\/api.w.org\/{rel}","templated":true}]}}