{"id":326997,"date":"2024-04-19T00:00:39","date_gmt":"2024-04-19T03:00:39","guid":{"rendered":"https:\/\/www.notibras.com\/site\/?p=326997"},"modified":"2024-04-19T00:39:04","modified_gmt":"2024-04-19T03:39:04","slug":"buriti-investe-133-milhoes-para-recanto-ter-primeiro-hospital","status":"publish","type":"post","link":"https:\/\/www.notibras.com\/site\/buriti-investe-133-milhoes-para-recanto-ter-primeiro-hospital\/","title":{"rendered":"Buriti investe 133 milh\u00f5es para Recanto ter primeiro hospital"},"content":{"rendered":"<p>O Governo do Distrito Federal (GDF) vai investir R$ 133.701.000 para construir o Hospital Regional do Recanto das Emas (HRE). A autoriza\u00e7\u00e3o para a obra foi dada pelo governador Ibaneis Rocha durante evento na cidade nesta quinta-feira (18) e comemorada pela popula\u00e7\u00e3o de 150 mil habitantes.<\/p>\n<p>A unidade vai ser destinada a atendimentos nas \u00e1reas de cl\u00ednica m\u00e9dica e pediatria. Ao todo, 100 leitos v\u00e3o compor o hospital, sendo 60 de cl\u00ednica m\u00e9dica, 30 de cl\u00ednica pedi\u00e1trica e 10 unidades de interna\u00e7\u00e3o intensiva (UTI) pedi\u00e1trica.<\/p>\n<p>O pr\u00e9dio ter\u00e1 \u00e1rea constru\u00edda de 16.742,49 m\u00b2 e a estrutura conta ainda com centro cir\u00fargico, apoio diagn\u00f3stico e terapia, apoio t\u00e9cnico de nutri\u00e7\u00e3o e diet\u00e9tica, farm\u00e1cia hospitalar e Central de Material Esterilizado (CME), setores administrativo, log\u00edstico, e de ensino e pesquisa. Al\u00e9m disso, o HRE atende requisitos t\u00e9cnicos de tecnologia e meio ambiente, com energia fotovoltaica e reaproveitamento da \u00e1gua.<\/p>\n<p>A constru\u00e7\u00e3o, que vai gerar 250 empregos diretos e cerca de 500 indiretos, ser\u00e1 essencial para complementar a rede do Sistema \u00danico de Sa\u00fade (SUS). Dados do Instituto de Pesquisa e Estat\u00edstica do DF (IPEDF) apontam a necessidade da cria\u00e7\u00e3o de leitos hospitalares na regi\u00e3o, onde mais de 83% da popula\u00e7\u00e3o depende do SUS.<\/p>\n<p>Ao autorizar a obra, o governador Ibaneis Rocha lembrou que, ao lado do viaduto j\u00e1 entregue, a obra do hospital era a mais pedida pelos moradores.<\/p>\n<p>\u201c\u00c9 uma necessidade que n\u00f3s temos no DF de ampliar a nossa rede de servi\u00e7os. Problemas n\u00e3o faltam. Enfrentamos talvez a pior crise sanit\u00e1ria da hist\u00f3ria do mundo, que foi a covid-19. N\u00f3s tivemos a\u00ed todas as unidades hospitalares voltadas para o atendimento \u00e0 covid. Quando come\u00e7amos a sair da crise em 2021, 2022, n\u00f3s voltamos ao atendimento das cirurgias eletivas. Tivemos agora toda essa crise da dengue tamb\u00e9m, que lotou todas as unidades hospitalares. Compete a n\u00f3s, que estamos \u00e0 frente do governo, dar condi\u00e7\u00f5es \u00e0 popula\u00e7\u00e3o para que sejam atendidas. E \u00e9 exatamente isso que n\u00f3s estamos fazendo, ampliando todo o sistema de sa\u00fade\u201d, disse Ibaneis Rocha.<\/p>\n<p>Al\u00e9m da autoriza\u00e7\u00e3o para a obra no Recanto das Emas, o chefe do Executivo falou de outros equipamentos p\u00fablicos, adiantou a constru\u00e7\u00e3o de cinco unidades de pronto atendimento (UPA) e lembrou de reformas em andamento. \u201cEsperamos na semana que vem assinar a ordem de servi\u00e7o do Hospital do Guar\u00e1, que vai melhorar muito a sa\u00fade daquela regi\u00e3o. N\u00e3o estamos cuidando s\u00f3 de novos hospitais, mas reformando e ampliando, como \u00e9 o caso dos hospitais de Brazl\u00e2ndia e Planaltina\u201d, acrescentou.<\/p>\n<p>Para a secret\u00e1ria de Sa\u00fade, Lucilene Flor\u00eancio, a constru\u00e7\u00e3o do hospital representa o atendimento a uma necessidade de uma cidade populosa. \u201cH\u00e1 muito se buscava que o Recanto das Emas tivesse esses leitos hospitalares. Essa cidade caminhava apenas com a aten\u00e7\u00e3o prim\u00e1ria e com a UPA. \u00c9 necess\u00e1rio mais, vamos come\u00e7ar com 100 leitos e poderemos chegar a 229 leitos\u201d, destacou.<\/p>\n<p>J\u00e1 o presidente da Companhia Urbanizadora da Nova Capital (Novacap), Fernando Leite, destacou a grandeza do equipamento p\u00fablico. \u201cA \u00faltima obra desse porte no DF faz praticamente 16 anos. Essa \u00e9 a data que o \u00faltimo hospital foi entregue na capital. Ent\u00e3o, n\u00f3s vamos agora reescrever a hist\u00f3ria da sa\u00fade. E esse \u00e9 o primeiro passo. Teremos um hospital moderno, com 100 leitos, e faremos outros tr\u00eas nesse porte, que \u00e9 o do Guar\u00e1, S\u00e3o Sebasti\u00e3o e Gama\u201d, disse.<\/p>\n<p><strong>Mais sa\u00fade<\/strong><br \/>\nEm 2020, a popula\u00e7\u00e3o da cidade ganhou a Unidade B\u00e1sica de Sa\u00fade (UBS) da Quadra 804, que beneficia, diretamente, cerca de 20 mil pessoas. O investimento foi de R$ 2,3 milh\u00f5es. A regi\u00e3o administrativa conta com outras quatro UBSs e uma unidade de pronto atendimento (UPA).<\/p>\n<p>Com o hospital, espera-se que a regi\u00e3o administrativa se torne independente em rela\u00e7\u00e3o a outras vizinhas, como aponta o administrador Carlos Dalvan. Segundo o gestor, os moradores precisam recorrer ao Hospital de Taguatinga e Hospital de Base quando necessitam de um atendimento de maior complexidade.<\/p>\n<p>\u201c\u00c9 a obra mais esperada da hist\u00f3ria do Recanto das Emas. O hospital vem para atender e para completar nossa rede de atendimento. Temos UBS, temos UPA, mas faltava o hospital. E muitas vezes a nossa UPA n\u00e3o consegue atender a comunidade da forma que a gente gostaria, com a velocidade, com a rapidez, pela falta de um hospital\u201d, opina.<\/p>\n<p>Hospital que vem para aliviar o atendimento de quem mora na cidade, a exemplo do comerciante Luiz Carlos Ara\u00fajo, 58 anos. \u201c\u00c9 de grande import\u00e2ncia porque n\u00f3s ficamos dependendo s\u00f3 desses postos. \u00c9 \u00f3timo que ele seja constru\u00eddo para melhorar o atendimento da popula\u00e7\u00e3o que sai daqui para outra cidade sat\u00e9lite e procura um hospital, n\u00e9? Quanto mais atendimento, mais \u00e1rea abranger, melhor\u201d, afirma.<\/p>\n","protected":false},"excerpt":{"rendered":"<p>O Governo do Distrito Federal (GDF) vai investir R$ 133.701.000 para construir o Hospital Regional do Recanto das Emas (HRE). A autoriza\u00e7\u00e3o para a obra foi dada pelo governador Ibaneis Rocha durante evento na cidade nesta quinta-feira (18) e comemorada pela popula\u00e7\u00e3o de 150 mil habitantes. A unidade vai ser destinada a atendimentos nas \u00e1reas [&hellip;]<\/p>\n","protected":false},"author":2,"featured_media":326998,"comment_status":"closed","ping_status":"closed","sticky":false,"template":"","format":"standard","meta":{"_acf_changed":false,"footnotes":""},"categories":[161],"tags":[],"class_list":["post-326997","post","type-post","status-publish","format-standard","has-post-thumbnail","hentry","category-quadradinho-em-foco"],"acf":[],"yoast_head":"<!-- This site is optimized with the Yoast SEO plugin v27.5 - https:\/\/yoast.com\/product\/yoast-seo-wordpress\/ -->\n<title>Buriti investe 133 milh\u00f5es para Recanto ter primeiro hospital - Notibras<\/title>\n<meta name=\"robots\" content=\"index, follow, max-snippet:-1, max-image-preview:large, max-video-preview:-1\" \/>\n<link rel=\"canonical\" href=\"https:\/\/www.notibras.com\/site\/buriti-investe-133-milhoes-para-recanto-ter-primeiro-hospital\/\" \/>\n<meta property=\"og:locale\" content=\"pt_BR\" \/>\n<meta property=\"og:type\" content=\"article\" \/>\n<meta property=\"og:title\" content=\"Buriti investe 133 milh\u00f5es para Recanto ter primeiro hospital - Notibras\" \/>\n<meta property=\"og:description\" content=\"O Governo do Distrito Federal (GDF) vai investir R$ 133.701.000 para construir o Hospital Regional do Recanto das Emas (HRE). A autoriza\u00e7\u00e3o para a obra foi dada pelo governador Ibaneis Rocha durante evento na cidade nesta quinta-feira (18) e comemorada pela popula\u00e7\u00e3o de 150 mil habitantes. A unidade vai ser destinada a atendimentos nas \u00e1reas [&hellip;]\" \/>\n<meta property=\"og:url\" content=\"https:\/\/www.notibras.com\/site\/buriti-investe-133-milhoes-para-recanto-ter-primeiro-hospital\/\" \/>\n<meta property=\"og:site_name\" content=\"Notibras\" \/>\n<meta property=\"article:publisher\" content=\"https:\/\/www.facebook.com\/notibras\/\" \/>\n<meta property=\"article:published_time\" content=\"2024-04-19T03:00:39+00:00\" \/>\n<meta property=\"article:modified_time\" content=\"2024-04-19T03:39:04+00:00\" \/>\n<meta property=\"og:image\" content=\"https:\/\/www.notibras.com\/site\/wp-content\/uploads\/2024\/04\/53662719960_3a58869297_c.jpg\" \/>\n\t<meta property=\"og:image:width\" content=\"799\" \/>\n\t<meta property=\"og:image:height\" content=\"533\" \/>\n\t<meta property=\"og:image:type\" content=\"image\/jpeg\" \/>\n<meta name=\"author\" content=\"Reda\u00e7\u00e3o\" \/>\n<meta name=\"twitter:card\" content=\"summary_large_image\" \/>\n<meta name=\"twitter:creator\" content=\"@Notibras\" \/>\n<meta name=\"twitter:site\" content=\"@Notibras\" \/>\n<meta name=\"twitter:label1\" content=\"Escrito por\" \/>\n\t<meta name=\"twitter:data1\" content=\"Reda\u00e7\u00e3o\" \/>\n\t<meta name=\"twitter:label2\" content=\"Est. tempo de leitura\" \/>\n\t<meta name=\"twitter:data2\" content=\"5 minutos\" \/>\n<script type=\"application\/ld+json\" class=\"yoast-schema-graph\">{\"@context\":\"https:\\\/\\\/schema.org\",\"@graph\":[{\"@type\":\"Article\",\"@id\":\"https:\\\/\\\/www.notibras.com\\\/site\\\/buriti-investe-133-milhoes-para-recanto-ter-primeiro-hospital\\\/#article\",\"isPartOf\":{\"@id\":\"https:\\\/\\\/www.notibras.com\\\/site\\\/buriti-investe-133-milhoes-para-recanto-ter-primeiro-hospital\\\/\"},\"author\":{\"name\":\"Reda\u00e7\u00e3o\",\"@id\":\"https:\\\/\\\/www.notibras.com\\\/site\\\/#\\\/schema\\\/person\\\/36ab0979449956132d3e5b517ea76ac8\"},\"headline\":\"Buriti investe 133 milh\u00f5es para Recanto ter primeiro hospital\",\"datePublished\":\"2024-04-19T03:00:39+00:00\",\"dateModified\":\"2024-04-19T03:39:04+00:00\",\"mainEntityOfPage\":{\"@id\":\"https:\\\/\\\/www.notibras.com\\\/site\\\/buriti-investe-133-milhoes-para-recanto-ter-primeiro-hospital\\\/\"},\"wordCount\":828,\"publisher\":{\"@id\":\"https:\\\/\\\/www.notibras.com\\\/site\\\/#organization\"},\"image\":{\"@id\":\"https:\\\/\\\/www.notibras.com\\\/site\\\/buriti-investe-133-milhoes-para-recanto-ter-primeiro-hospital\\\/#primaryimage\"},\"thumbnailUrl\":\"https:\\\/\\\/www.notibras.com\\\/site\\\/wp-content\\\/uploads\\\/2024\\\/04\\\/53662719960_3a58869297_c.jpg\",\"articleSection\":[\"Quadradinho em Foco\"],\"inLanguage\":\"pt-BR\"},{\"@type\":\"WebPage\",\"@id\":\"https:\\\/\\\/www.notibras.com\\\/site\\\/buriti-investe-133-milhoes-para-recanto-ter-primeiro-hospital\\\/\",\"url\":\"https:\\\/\\\/www.notibras.com\\\/site\\\/buriti-investe-133-milhoes-para-recanto-ter-primeiro-hospital\\\/\",\"name\":\"Buriti investe 133 milh\u00f5es para Recanto ter primeiro hospital - Notibras\",\"isPartOf\":{\"@id\":\"https:\\\/\\\/www.notibras.com\\\/site\\\/#website\"},\"primaryImageOfPage\":{\"@id\":\"https:\\\/\\\/www.notibras.com\\\/site\\\/buriti-investe-133-milhoes-para-recanto-ter-primeiro-hospital\\\/#primaryimage\"},\"image\":{\"@id\":\"https:\\\/\\\/www.notibras.com\\\/site\\\/buriti-investe-133-milhoes-para-recanto-ter-primeiro-hospital\\\/#primaryimage\"},\"thumbnailUrl\":\"https:\\\/\\\/www.notibras.com\\\/site\\\/wp-content\\\/uploads\\\/2024\\\/04\\\/53662719960_3a58869297_c.jpg\",\"datePublished\":\"2024-04-19T03:00:39+00:00\",\"dateModified\":\"2024-04-19T03:39:04+00:00\",\"breadcrumb\":{\"@id\":\"https:\\\/\\\/www.notibras.com\\\/site\\\/buriti-investe-133-milhoes-para-recanto-ter-primeiro-hospital\\\/#breadcrumb\"},\"inLanguage\":\"pt-BR\",\"potentialAction\":[{\"@type\":\"ReadAction\",\"target\":[\"https:\\\/\\\/www.notibras.com\\\/site\\\/buriti-investe-133-milhoes-para-recanto-ter-primeiro-hospital\\\/\"]}]},{\"@type\":\"ImageObject\",\"inLanguage\":\"pt-BR\",\"@id\":\"https:\\\/\\\/www.notibras.com\\\/site\\\/buriti-investe-133-milhoes-para-recanto-ter-primeiro-hospital\\\/#primaryimage\",\"url\":\"https:\\\/\\\/www.notibras.com\\\/site\\\/wp-content\\\/uploads\\\/2024\\\/04\\\/53662719960_3a58869297_c.jpg\",\"contentUrl\":\"https:\\\/\\\/www.notibras.com\\\/site\\\/wp-content\\\/uploads\\\/2024\\\/04\\\/53662719960_3a58869297_c.jpg\",\"width\":799,\"height\":533},{\"@type\":\"BreadcrumbList\",\"@id\":\"https:\\\/\\\/www.notibras.com\\\/site\\\/buriti-investe-133-milhoes-para-recanto-ter-primeiro-hospital\\\/#breadcrumb\",\"itemListElement\":[{\"@type\":\"ListItem\",\"position\":1,\"name\":\"In\u00edcio\",\"item\":\"https:\\\/\\\/www.notibras.com\\\/site\\\/\"},{\"@type\":\"ListItem\",\"position\":2,\"name\":\"Buriti investe 133 milh\u00f5es para Recanto ter primeiro hospital\"}]},{\"@type\":\"WebSite\",\"@id\":\"https:\\\/\\\/www.notibras.com\\\/site\\\/#website\",\"url\":\"https:\\\/\\\/www.notibras.com\\\/site\\\/\",\"name\":\"Notibras\",\"description\":\"Not\u00edcias de Bras\u00edlia, do Brasil e do Mundo\",\"publisher\":{\"@id\":\"https:\\\/\\\/www.notibras.com\\\/site\\\/#organization\"},\"potentialAction\":[{\"@type\":\"SearchAction\",\"target\":{\"@type\":\"EntryPoint\",\"urlTemplate\":\"https:\\\/\\\/www.notibras.com\\\/site\\\/?s={search_term_string}\"},\"query-input\":{\"@type\":\"PropertyValueSpecification\",\"valueRequired\":true,\"valueName\":\"search_term_string\"}}],\"inLanguage\":\"pt-BR\"},{\"@type\":\"Organization\",\"@id\":\"https:\\\/\\\/www.notibras.com\\\/site\\\/#organization\",\"name\":\"Grupo Notibras de Comunica\u00e7\u00e3o\",\"url\":\"https:\\\/\\\/www.notibras.com\\\/site\\\/\",\"logo\":{\"@type\":\"ImageObject\",\"inLanguage\":\"pt-BR\",\"@id\":\"https:\\\/\\\/www.notibras.com\\\/site\\\/#\\\/schema\\\/logo\\\/image\\\/\",\"url\":\"https:\\\/\\\/www.notibras.com\\\/site\\\/wp-content\\\/uploads\\\/2023\\\/01\\\/notibras23.png\",\"contentUrl\":\"https:\\\/\\\/www.notibras.com\\\/site\\\/wp-content\\\/uploads\\\/2023\\\/01\\\/notibras23.png\",\"width\":350,\"height\":87,\"caption\":\"Grupo Notibras de Comunica\u00e7\u00e3o\"},\"image\":{\"@id\":\"https:\\\/\\\/www.notibras.com\\\/site\\\/#\\\/schema\\\/logo\\\/image\\\/\"},\"sameAs\":[\"https:\\\/\\\/www.facebook.com\\\/notibras\\\/\",\"https:\\\/\\\/x.com\\\/Notibras\",\"https:\\\/\\\/www.instagram.com\\\/notibras\\\/\"]},{\"@type\":\"Person\",\"@id\":\"https:\\\/\\\/www.notibras.com\\\/site\\\/#\\\/schema\\\/person\\\/36ab0979449956132d3e5b517ea76ac8\",\"name\":\"Reda\u00e7\u00e3o\",\"image\":{\"@type\":\"ImageObject\",\"inLanguage\":\"pt-BR\",\"@id\":\"https:\\\/\\\/secure.gravatar.com\\\/avatar\\\/e0a867bdedb85fd243eadf09663511f96fc81e0720a4a42581f334ad4303aa6b?s=96&d=mm&r=g\",\"url\":\"https:\\\/\\\/secure.gravatar.com\\\/avatar\\\/e0a867bdedb85fd243eadf09663511f96fc81e0720a4a42581f334ad4303aa6b?s=96&d=mm&r=g\",\"contentUrl\":\"https:\\\/\\\/secure.gravatar.com\\\/avatar\\\/e0a867bdedb85fd243eadf09663511f96fc81e0720a4a42581f334ad4303aa6b?s=96&d=mm&r=g\",\"caption\":\"Reda\u00e7\u00e3o\"}}]}<\/script>\n<!-- \/ Yoast SEO plugin. -->","yoast_head_json":{"title":"Buriti investe 133 milh\u00f5es para Recanto ter primeiro hospital - Notibras","robots":{"index":"index","follow":"follow","max-snippet":"max-snippet:-1","max-image-preview":"max-image-preview:large","max-video-preview":"max-video-preview:-1"},"canonical":"https:\/\/www.notibras.com\/site\/buriti-investe-133-milhoes-para-recanto-ter-primeiro-hospital\/","og_locale":"pt_BR","og_type":"article","og_title":"Buriti investe 133 milh\u00f5es para Recanto ter primeiro hospital - Notibras","og_description":"O Governo do Distrito Federal (GDF) vai investir R$ 133.701.000 para construir o Hospital Regional do Recanto das Emas (HRE). A autoriza\u00e7\u00e3o para a obra foi dada pelo governador Ibaneis Rocha durante evento na cidade nesta quinta-feira (18) e comemorada pela popula\u00e7\u00e3o de 150 mil habitantes. A unidade vai ser destinada a atendimentos nas \u00e1reas [&hellip;]","og_url":"https:\/\/www.notibras.com\/site\/buriti-investe-133-milhoes-para-recanto-ter-primeiro-hospital\/","og_site_name":"Notibras","article_publisher":"https:\/\/www.facebook.com\/notibras\/","article_published_time":"2024-04-19T03:00:39+00:00","article_modified_time":"2024-04-19T03:39:04+00:00","og_image":[{"width":799,"height":533,"url":"https:\/\/www.notibras.com\/site\/wp-content\/uploads\/2024\/04\/53662719960_3a58869297_c.jpg","type":"image\/jpeg"}],"author":"Reda\u00e7\u00e3o","twitter_card":"summary_large_image","twitter_creator":"@Notibras","twitter_site":"@Notibras","twitter_misc":{"Escrito por":"Reda\u00e7\u00e3o","Est. tempo de leitura":"5 minutos"},"schema":{"@context":"https:\/\/schema.org","@graph":[{"@type":"Article","@id":"https:\/\/www.notibras.com\/site\/buriti-investe-133-milhoes-para-recanto-ter-primeiro-hospital\/#article","isPartOf":{"@id":"https:\/\/www.notibras.com\/site\/buriti-investe-133-milhoes-para-recanto-ter-primeiro-hospital\/"},"author":{"name":"Reda\u00e7\u00e3o","@id":"https:\/\/www.notibras.com\/site\/#\/schema\/person\/36ab0979449956132d3e5b517ea76ac8"},"headline":"Buriti investe 133 milh\u00f5es para Recanto ter primeiro hospital","datePublished":"2024-04-19T03:00:39+00:00","dateModified":"2024-04-19T03:39:04+00:00","mainEntityOfPage":{"@id":"https:\/\/www.notibras.com\/site\/buriti-investe-133-milhoes-para-recanto-ter-primeiro-hospital\/"},"wordCount":828,"publisher":{"@id":"https:\/\/www.notibras.com\/site\/#organization"},"image":{"@id":"https:\/\/www.notibras.com\/site\/buriti-investe-133-milhoes-para-recanto-ter-primeiro-hospital\/#primaryimage"},"thumbnailUrl":"https:\/\/www.notibras.com\/site\/wp-content\/uploads\/2024\/04\/53662719960_3a58869297_c.jpg","articleSection":["Quadradinho em Foco"],"inLanguage":"pt-BR"},{"@type":"WebPage","@id":"https:\/\/www.notibras.com\/site\/buriti-investe-133-milhoes-para-recanto-ter-primeiro-hospital\/","url":"https:\/\/www.notibras.com\/site\/buriti-investe-133-milhoes-para-recanto-ter-primeiro-hospital\/","name":"Buriti investe 133 milh\u00f5es para Recanto ter primeiro hospital - Notibras","isPartOf":{"@id":"https:\/\/www.notibras.com\/site\/#website"},"primaryImageOfPage":{"@id":"https:\/\/www.notibras.com\/site\/buriti-investe-133-milhoes-para-recanto-ter-primeiro-hospital\/#primaryimage"},"image":{"@id":"https:\/\/www.notibras.com\/site\/buriti-investe-133-milhoes-para-recanto-ter-primeiro-hospital\/#primaryimage"},"thumbnailUrl":"https:\/\/www.notibras.com\/site\/wp-content\/uploads\/2024\/04\/53662719960_3a58869297_c.jpg","datePublished":"2024-04-19T03:00:39+00:00","dateModified":"2024-04-19T03:39:04+00:00","breadcrumb":{"@id":"https:\/\/www.notibras.com\/site\/buriti-investe-133-milhoes-para-recanto-ter-primeiro-hospital\/#breadcrumb"},"inLanguage":"pt-BR","potentialAction":[{"@type":"ReadAction","target":["https:\/\/www.notibras.com\/site\/buriti-investe-133-milhoes-para-recanto-ter-primeiro-hospital\/"]}]},{"@type":"ImageObject","inLanguage":"pt-BR","@id":"https:\/\/www.notibras.com\/site\/buriti-investe-133-milhoes-para-recanto-ter-primeiro-hospital\/#primaryimage","url":"https:\/\/www.notibras.com\/site\/wp-content\/uploads\/2024\/04\/53662719960_3a58869297_c.jpg","contentUrl":"https:\/\/www.notibras.com\/site\/wp-content\/uploads\/2024\/04\/53662719960_3a58869297_c.jpg","width":799,"height":533},{"@type":"BreadcrumbList","@id":"https:\/\/www.notibras.com\/site\/buriti-investe-133-milhoes-para-recanto-ter-primeiro-hospital\/#breadcrumb","itemListElement":[{"@type":"ListItem","position":1,"name":"In\u00edcio","item":"https:\/\/www.notibras.com\/site\/"},{"@type":"ListItem","position":2,"name":"Buriti investe 133 milh\u00f5es para Recanto ter primeiro hospital"}]},{"@type":"WebSite","@id":"https:\/\/www.notibras.com\/site\/#website","url":"https:\/\/www.notibras.com\/site\/","name":"Notibras","description":"Not\u00edcias de Bras\u00edlia, do Brasil e do Mundo","publisher":{"@id":"https:\/\/www.notibras.com\/site\/#organization"},"potentialAction":[{"@type":"SearchAction","target":{"@type":"EntryPoint","urlTemplate":"https:\/\/www.notibras.com\/site\/?s={search_term_string}"},"query-input":{"@type":"PropertyValueSpecification","valueRequired":true,"valueName":"search_term_string"}}],"inLanguage":"pt-BR"},{"@type":"Organization","@id":"https:\/\/www.notibras.com\/site\/#organization","name":"Grupo Notibras de Comunica\u00e7\u00e3o","url":"https:\/\/www.notibras.com\/site\/","logo":{"@type":"ImageObject","inLanguage":"pt-BR","@id":"https:\/\/www.notibras.com\/site\/#\/schema\/logo\/image\/","url":"https:\/\/www.notibras.com\/site\/wp-content\/uploads\/2023\/01\/notibras23.png","contentUrl":"https:\/\/www.notibras.com\/site\/wp-content\/uploads\/2023\/01\/notibras23.png","width":350,"height":87,"caption":"Grupo Notibras de Comunica\u00e7\u00e3o"},"image":{"@id":"https:\/\/www.notibras.com\/site\/#\/schema\/logo\/image\/"},"sameAs":["https:\/\/www.facebook.com\/notibras\/","https:\/\/x.com\/Notibras","https:\/\/www.instagram.com\/notibras\/"]},{"@type":"Person","@id":"https:\/\/www.notibras.com\/site\/#\/schema\/person\/36ab0979449956132d3e5b517ea76ac8","name":"Reda\u00e7\u00e3o","image":{"@type":"ImageObject","inLanguage":"pt-BR","@id":"https:\/\/secure.gravatar.com\/avatar\/e0a867bdedb85fd243eadf09663511f96fc81e0720a4a42581f334ad4303aa6b?s=96&d=mm&r=g","url":"https:\/\/secure.gravatar.com\/avatar\/e0a867bdedb85fd243eadf09663511f96fc81e0720a4a42581f334ad4303aa6b?s=96&d=mm&r=g","contentUrl":"https:\/\/secure.gravatar.com\/avatar\/e0a867bdedb85fd243eadf09663511f96fc81e0720a4a42581f334ad4303aa6b?s=96&d=mm&r=g","caption":"Reda\u00e7\u00e3o"}}]}},"amp_enabled":true,"_links":{"self":[{"href":"https:\/\/www.notibras.com\/site\/wp-json\/wp\/v2\/posts\/326997","targetHints":{"allow":["GET"]}}],"collection":[{"href":"https:\/\/www.notibras.com\/site\/wp-json\/wp\/v2\/posts"}],"about":[{"href":"https:\/\/www.notibras.com\/site\/wp-json\/wp\/v2\/types\/post"}],"author":[{"embeddable":true,"href":"https:\/\/www.notibras.com\/site\/wp-json\/wp\/v2\/users\/2"}],"replies":[{"embeddable":true,"href":"https:\/\/www.notibras.com\/site\/wp-json\/wp\/v2\/comments?post=326997"}],"version-history":[{"count":1,"href":"https:\/\/www.notibras.com\/site\/wp-json\/wp\/v2\/posts\/326997\/revisions"}],"predecessor-version":[{"id":326999,"href":"https:\/\/www.notibras.com\/site\/wp-json\/wp\/v2\/posts\/326997\/revisions\/326999"}],"wp:featuredmedia":[{"embeddable":true,"href":"https:\/\/www.notibras.com\/site\/wp-json\/wp\/v2\/media\/326998"}],"wp:attachment":[{"href":"https:\/\/www.notibras.com\/site\/wp-json\/wp\/v2\/media?parent=326997"}],"wp:term":[{"taxonomy":"category","embeddable":true,"href":"https:\/\/www.notibras.com\/site\/wp-json\/wp\/v2\/categories?post=326997"},{"taxonomy":"post_tag","embeddable":true,"href":"https:\/\/www.notibras.com\/site\/wp-json\/wp\/v2\/tags?post=326997"}],"curies":[{"name":"wp","href":"https:\/\/api.w.org\/{rel}","templated":true}]}}