{"id":327000,"date":"2024-04-19T00:00:11","date_gmt":"2024-04-19T03:00:11","guid":{"rendered":"https:\/\/www.notibras.com\/site\/?p=327000"},"modified":"2024-04-19T00:46:40","modified_gmt":"2024-04-19T03:46:40","slug":"policia-militar-forma-147-oficiais-para-atuar-na-gestao-da-corporacao","status":"publish","type":"post","link":"https:\/\/www.notibras.com\/site\/policia-militar-forma-147-oficiais-para-atuar-na-gestao-da-corporacao\/","title":{"rendered":"Pol\u00edcia Militar forma 147 oficiais para atuar na gest\u00e3o da corpora\u00e7\u00e3o"},"content":{"rendered":"<p>O governador Ibaneis Rocha participou nesta quinta-feira (18), da solenidade de formatura do Curso de Habilita\u00e7\u00e3o de Oficiais Administrativos, Especialistas e M\u00e9dicos (CHOAEM) da Pol\u00edcia Militar do DF (PMDF). Na ocasi\u00e3o, 147 policiais deixaram de ser pra\u00e7as para se tornarem oficiais, passando a estar habilitados para atuar na \u00e1rea de administra\u00e7\u00e3o e gest\u00e3o da corpora\u00e7\u00e3o.<\/p>\n<p>Participaram do curso 138 homens e nove mulheres, sendo subtenentes mais antigos, policiais militares que ingressaram por concurso interno e um segundo tenente-administrativo | Fotos: Renato Alves\/Ag\u00eancia Bras\u00edlia<\/p>\n<p>\u201cVoc\u00eas s\u00e3o motivo de orgulho para toda a popula\u00e7\u00e3o da nossa cidade pelo bel\u00edssimo trabalho que desempenham, levando seguran\u00e7a com honestidade, trabalho e dignidade\u201d, afirmou Ibaneis Rocha. \u201cN\u00f3s, do Governo do Distrito Federal, vamos continuar apoiando com todas as nossas for\u00e7as a corpora\u00e7\u00e3o da Pol\u00edcia Militar do Distrito Federal. Que voc\u00eas cumpram com muita dignidade a fun\u00e7\u00e3o que assumem a partir deste momento\u201d, completou.<\/p>\n<p>Coube ao governador entregar a Medalha M\u00e9rito Intelectual Duque de Caxias ao policial militar que conquistou a primeira coloca\u00e7\u00e3o na turma. Os tr\u00eas melhores alunos do curso tamb\u00e9m foram condecorados com pr\u00eamios e espadas em reconhecimento a boa atua\u00e7\u00e3o na forma\u00e7\u00e3o.<\/p>\n<p>Participaram do curso 138 homens e nove mulheres, sendo subtenentes mais antigos, policiais militares que ingressaram por concurso interno e um segundo tenente-administrativo. A forma\u00e7\u00e3o teve como objetivo qualificar os oficiais para assumirem quadros administrativos e de gest\u00e3o dentro da PMDF.<\/p>\n<p>O curso teve in\u00edcio em outubro de 2023 e, durante o per\u00edodo, os profissionais cumpriram 700 horas\/aulas, englobando est\u00e1gios e disciplinas como procedimentos administrativos, aquisi\u00e7\u00f5es institucionais, or\u00e7amento e finan\u00e7as, ci\u00eancias pol\u00edticas e gest\u00e3o de pessoas.<\/p>\n<p>A comandante-geral da PMDF, coronel Ana Paula Habka, aproveitou a cerim\u00f4nia para agradecer o apoio do GDF e dar um recado aos novos oficiais.<\/p>\n<p>\u201cO apoio do Governo do Distrito Federal tem sido fundamental para que possamos juntos manter a integra\u00e7\u00e3o estabelecida com a nossa seguran\u00e7a p\u00fablica. Fica aqui nosso reconhecimento por todo apoio dado e as batalhas travadas em prol da nossa institui\u00e7\u00e3o\u201d, ressaltou. \u201c\u00c0 medida que voc\u00eas assumem novas fun\u00e7\u00f5es lembrem-se de que o verdadeiro l\u00edder \u00e9 aquele que serve\u201d, acrescentou.<\/p>\n<p><strong>Ascens\u00e3o na carreira<\/strong><br \/>\nA segundo-tenente Fab\u00edola Silva de Oliveira \u00e9 uma das policiais concluintes da forma\u00e7\u00e3o. Ela contou que foram seis meses de muito estudo e dedica\u00e7\u00e3o para chegar ao dia da formatura. \u201cDemandou muito da gente, uma energia f\u00edsica e psicol\u00f3gica\u201d, revelou.<\/p>\n<p>Agora, ela e os demais formandos assumem uma nova miss\u00e3o na PMDF. \u201cO curso muda tudo. No quadro de pra\u00e7a, n\u00f3s somos elementos de execu\u00e7\u00e3o. Agora, como oficiais, somos gestores. Somos a parte pensante da pol\u00edcia. Nos cabe organizar a PM, os soldados, pra\u00e7as, cabos, agentes e subtenentes para que possamos fornecer um servi\u00e7o de qualidade \u00e0 popula\u00e7\u00e3o\u201d, explicou.<\/p>\n<p>O segundo-tenente Mailen Souto definiu a forma\u00e7\u00e3o como a realiza\u00e7\u00e3o de um sonho. \u201cO curso \u00e9 uma oportunidade que os policiais t\u00eam de ascender. Ent\u00e3o sa\u00edmos da carreira de combatente nos tornando oficiais da pol\u00edcia no quadro de administra\u00e7\u00e3o. O que vimos aqui hoje \u00e9 a realiza\u00e7\u00e3o de um grande sonho para todos os quase 150 policiais\u201d, comentou.<\/p>\n<p>O comandante da Academia de Pol\u00edcia Militar de Bras\u00edlia, coronel \u00cdtalo Soares, refor\u00e7ou o papel dos novos oficiais na corpora\u00e7\u00e3o: \u201cEstamos entregando pessoas mais capacitadas, n\u00e3o apenas para assessorar seus superiores, mas para desempenhar um bom papel de servir seus comandos atuando como verdadeiros l\u00edderes. S\u00e3o estes novos oficiais que servir\u00e3o entre demanda e solu\u00e7\u00e3o para que nos direcionem a um caminho seguro para alcan\u00e7ar os objetivos institucionais de servir e proteger a nossa popula\u00e7\u00e3o\u201d.<\/p>\n<p>A turma do CHOAEM 2024 recebeu o nome do subtenente Weudes Fernando Barros, policial que ingressou em 1996 e serviu em v\u00e1rias unidades da PMDF. Ele morreu em novembro de 2021 em virtude de complica\u00e7\u00f5es causadas pela covid-19.<\/p>\n","protected":false},"excerpt":{"rendered":"<p>O governador Ibaneis Rocha participou nesta quinta-feira (18), da solenidade de formatura do Curso de Habilita\u00e7\u00e3o de Oficiais Administrativos, Especialistas e M\u00e9dicos (CHOAEM) da Pol\u00edcia Militar do DF (PMDF). Na ocasi\u00e3o, 147 policiais deixaram de ser pra\u00e7as para se tornarem oficiais, passando a estar habilitados para atuar na \u00e1rea de administra\u00e7\u00e3o e gest\u00e3o da corpora\u00e7\u00e3o. [&hellip;]<\/p>\n","protected":false},"author":2,"featured_media":327001,"comment_status":"closed","ping_status":"closed","sticky":false,"template":"","format":"standard","meta":{"_acf_changed":false,"footnotes":""},"categories":[161],"tags":[],"class_list":["post-327000","post","type-post","status-publish","format-standard","has-post-thumbnail","hentry","category-quadradinho-em-foco"],"acf":[],"yoast_head":"<!-- This site is optimized with the Yoast SEO plugin v27.5 - https:\/\/yoast.com\/product\/yoast-seo-wordpress\/ -->\n<title>Pol\u00edcia Militar forma 147 oficiais para atuar na gest\u00e3o da corpora\u00e7\u00e3o - Notibras<\/title>\n<meta name=\"robots\" content=\"index, follow, max-snippet:-1, max-image-preview:large, max-video-preview:-1\" \/>\n<link rel=\"canonical\" href=\"https:\/\/www.notibras.com\/site\/policia-militar-forma-147-oficiais-para-atuar-na-gestao-da-corporacao\/\" \/>\n<meta property=\"og:locale\" content=\"pt_BR\" \/>\n<meta property=\"og:type\" content=\"article\" \/>\n<meta property=\"og:title\" content=\"Pol\u00edcia Militar forma 147 oficiais para atuar na gest\u00e3o da corpora\u00e7\u00e3o - Notibras\" \/>\n<meta property=\"og:description\" content=\"O governador Ibaneis Rocha participou nesta quinta-feira (18), da solenidade de formatura do Curso de Habilita\u00e7\u00e3o de Oficiais Administrativos, Especialistas e M\u00e9dicos (CHOAEM) da Pol\u00edcia Militar do DF (PMDF). Na ocasi\u00e3o, 147 policiais deixaram de ser pra\u00e7as para se tornarem oficiais, passando a estar habilitados para atuar na \u00e1rea de administra\u00e7\u00e3o e gest\u00e3o da corpora\u00e7\u00e3o. [&hellip;]\" \/>\n<meta property=\"og:url\" content=\"https:\/\/www.notibras.com\/site\/policia-militar-forma-147-oficiais-para-atuar-na-gestao-da-corporacao\/\" \/>\n<meta property=\"og:site_name\" content=\"Notibras\" \/>\n<meta property=\"article:publisher\" content=\"https:\/\/www.facebook.com\/notibras\/\" \/>\n<meta property=\"article:published_time\" content=\"2024-04-19T03:00:11+00:00\" \/>\n<meta property=\"article:modified_time\" content=\"2024-04-19T03:46:40+00:00\" \/>\n<meta property=\"og:image\" content=\"https:\/\/www.notibras.com\/site\/wp-content\/uploads\/2024\/04\/pm.oficiais.jpg\" \/>\n\t<meta property=\"og:image:width\" content=\"1536\" \/>\n\t<meta property=\"og:image:height\" content=\"1023\" \/>\n\t<meta property=\"og:image:type\" content=\"image\/jpeg\" \/>\n<meta name=\"author\" content=\"Reda\u00e7\u00e3o\" \/>\n<meta name=\"twitter:card\" content=\"summary_large_image\" \/>\n<meta name=\"twitter:creator\" content=\"@Notibras\" \/>\n<meta name=\"twitter:site\" content=\"@Notibras\" \/>\n<meta name=\"twitter:label1\" content=\"Escrito por\" \/>\n\t<meta name=\"twitter:data1\" content=\"Reda\u00e7\u00e3o\" \/>\n\t<meta name=\"twitter:label2\" content=\"Est. tempo de leitura\" \/>\n\t<meta name=\"twitter:data2\" content=\"4 minutos\" \/>\n<script type=\"application\/ld+json\" class=\"yoast-schema-graph\">{\"@context\":\"https:\\\/\\\/schema.org\",\"@graph\":[{\"@type\":\"Article\",\"@id\":\"https:\\\/\\\/www.notibras.com\\\/site\\\/policia-militar-forma-147-oficiais-para-atuar-na-gestao-da-corporacao\\\/#article\",\"isPartOf\":{\"@id\":\"https:\\\/\\\/www.notibras.com\\\/site\\\/policia-militar-forma-147-oficiais-para-atuar-na-gestao-da-corporacao\\\/\"},\"author\":{\"name\":\"Reda\u00e7\u00e3o\",\"@id\":\"https:\\\/\\\/www.notibras.com\\\/site\\\/#\\\/schema\\\/person\\\/36ab0979449956132d3e5b517ea76ac8\"},\"headline\":\"Pol\u00edcia Militar forma 147 oficiais para atuar na gest\u00e3o da corpora\u00e7\u00e3o\",\"datePublished\":\"2024-04-19T03:00:11+00:00\",\"dateModified\":\"2024-04-19T03:46:40+00:00\",\"mainEntityOfPage\":{\"@id\":\"https:\\\/\\\/www.notibras.com\\\/site\\\/policia-militar-forma-147-oficiais-para-atuar-na-gestao-da-corporacao\\\/\"},\"wordCount\":700,\"publisher\":{\"@id\":\"https:\\\/\\\/www.notibras.com\\\/site\\\/#organization\"},\"image\":{\"@id\":\"https:\\\/\\\/www.notibras.com\\\/site\\\/policia-militar-forma-147-oficiais-para-atuar-na-gestao-da-corporacao\\\/#primaryimage\"},\"thumbnailUrl\":\"https:\\\/\\\/www.notibras.com\\\/site\\\/wp-content\\\/uploads\\\/2024\\\/04\\\/pm.oficiais.jpg\",\"articleSection\":[\"Quadradinho em Foco\"],\"inLanguage\":\"pt-BR\"},{\"@type\":\"WebPage\",\"@id\":\"https:\\\/\\\/www.notibras.com\\\/site\\\/policia-militar-forma-147-oficiais-para-atuar-na-gestao-da-corporacao\\\/\",\"url\":\"https:\\\/\\\/www.notibras.com\\\/site\\\/policia-militar-forma-147-oficiais-para-atuar-na-gestao-da-corporacao\\\/\",\"name\":\"Pol\u00edcia Militar forma 147 oficiais para atuar na gest\u00e3o da corpora\u00e7\u00e3o - Notibras\",\"isPartOf\":{\"@id\":\"https:\\\/\\\/www.notibras.com\\\/site\\\/#website\"},\"primaryImageOfPage\":{\"@id\":\"https:\\\/\\\/www.notibras.com\\\/site\\\/policia-militar-forma-147-oficiais-para-atuar-na-gestao-da-corporacao\\\/#primaryimage\"},\"image\":{\"@id\":\"https:\\\/\\\/www.notibras.com\\\/site\\\/policia-militar-forma-147-oficiais-para-atuar-na-gestao-da-corporacao\\\/#primaryimage\"},\"thumbnailUrl\":\"https:\\\/\\\/www.notibras.com\\\/site\\\/wp-content\\\/uploads\\\/2024\\\/04\\\/pm.oficiais.jpg\",\"datePublished\":\"2024-04-19T03:00:11+00:00\",\"dateModified\":\"2024-04-19T03:46:40+00:00\",\"breadcrumb\":{\"@id\":\"https:\\\/\\\/www.notibras.com\\\/site\\\/policia-militar-forma-147-oficiais-para-atuar-na-gestao-da-corporacao\\\/#breadcrumb\"},\"inLanguage\":\"pt-BR\",\"potentialAction\":[{\"@type\":\"ReadAction\",\"target\":[\"https:\\\/\\\/www.notibras.com\\\/site\\\/policia-militar-forma-147-oficiais-para-atuar-na-gestao-da-corporacao\\\/\"]}]},{\"@type\":\"ImageObject\",\"inLanguage\":\"pt-BR\",\"@id\":\"https:\\\/\\\/www.notibras.com\\\/site\\\/policia-militar-forma-147-oficiais-para-atuar-na-gestao-da-corporacao\\\/#primaryimage\",\"url\":\"https:\\\/\\\/www.notibras.com\\\/site\\\/wp-content\\\/uploads\\\/2024\\\/04\\\/pm.oficiais.jpg\",\"contentUrl\":\"https:\\\/\\\/www.notibras.com\\\/site\\\/wp-content\\\/uploads\\\/2024\\\/04\\\/pm.oficiais.jpg\",\"width\":1536,\"height\":1023},{\"@type\":\"BreadcrumbList\",\"@id\":\"https:\\\/\\\/www.notibras.com\\\/site\\\/policia-militar-forma-147-oficiais-para-atuar-na-gestao-da-corporacao\\\/#breadcrumb\",\"itemListElement\":[{\"@type\":\"ListItem\",\"position\":1,\"name\":\"In\u00edcio\",\"item\":\"https:\\\/\\\/www.notibras.com\\\/site\\\/\"},{\"@type\":\"ListItem\",\"position\":2,\"name\":\"Pol\u00edcia Militar forma 147 oficiais para atuar na gest\u00e3o da corpora\u00e7\u00e3o\"}]},{\"@type\":\"WebSite\",\"@id\":\"https:\\\/\\\/www.notibras.com\\\/site\\\/#website\",\"url\":\"https:\\\/\\\/www.notibras.com\\\/site\\\/\",\"name\":\"Notibras\",\"description\":\"Not\u00edcias de Bras\u00edlia, do Brasil e do Mundo\",\"publisher\":{\"@id\":\"https:\\\/\\\/www.notibras.com\\\/site\\\/#organization\"},\"potentialAction\":[{\"@type\":\"SearchAction\",\"target\":{\"@type\":\"EntryPoint\",\"urlTemplate\":\"https:\\\/\\\/www.notibras.com\\\/site\\\/?s={search_term_string}\"},\"query-input\":{\"@type\":\"PropertyValueSpecification\",\"valueRequired\":true,\"valueName\":\"search_term_string\"}}],\"inLanguage\":\"pt-BR\"},{\"@type\":\"Organization\",\"@id\":\"https:\\\/\\\/www.notibras.com\\\/site\\\/#organization\",\"name\":\"Grupo Notibras de Comunica\u00e7\u00e3o\",\"url\":\"https:\\\/\\\/www.notibras.com\\\/site\\\/\",\"logo\":{\"@type\":\"ImageObject\",\"inLanguage\":\"pt-BR\",\"@id\":\"https:\\\/\\\/www.notibras.com\\\/site\\\/#\\\/schema\\\/logo\\\/image\\\/\",\"url\":\"https:\\\/\\\/www.notibras.com\\\/site\\\/wp-content\\\/uploads\\\/2023\\\/01\\\/notibras23.png\",\"contentUrl\":\"https:\\\/\\\/www.notibras.com\\\/site\\\/wp-content\\\/uploads\\\/2023\\\/01\\\/notibras23.png\",\"width\":350,\"height\":87,\"caption\":\"Grupo Notibras de Comunica\u00e7\u00e3o\"},\"image\":{\"@id\":\"https:\\\/\\\/www.notibras.com\\\/site\\\/#\\\/schema\\\/logo\\\/image\\\/\"},\"sameAs\":[\"https:\\\/\\\/www.facebook.com\\\/notibras\\\/\",\"https:\\\/\\\/x.com\\\/Notibras\",\"https:\\\/\\\/www.instagram.com\\\/notibras\\\/\"]},{\"@type\":\"Person\",\"@id\":\"https:\\\/\\\/www.notibras.com\\\/site\\\/#\\\/schema\\\/person\\\/36ab0979449956132d3e5b517ea76ac8\",\"name\":\"Reda\u00e7\u00e3o\",\"image\":{\"@type\":\"ImageObject\",\"inLanguage\":\"pt-BR\",\"@id\":\"https:\\\/\\\/secure.gravatar.com\\\/avatar\\\/e0a867bdedb85fd243eadf09663511f96fc81e0720a4a42581f334ad4303aa6b?s=96&d=mm&r=g\",\"url\":\"https:\\\/\\\/secure.gravatar.com\\\/avatar\\\/e0a867bdedb85fd243eadf09663511f96fc81e0720a4a42581f334ad4303aa6b?s=96&d=mm&r=g\",\"contentUrl\":\"https:\\\/\\\/secure.gravatar.com\\\/avatar\\\/e0a867bdedb85fd243eadf09663511f96fc81e0720a4a42581f334ad4303aa6b?s=96&d=mm&r=g\",\"caption\":\"Reda\u00e7\u00e3o\"}}]}<\/script>\n<!-- \/ Yoast SEO plugin. -->","yoast_head_json":{"title":"Pol\u00edcia Militar forma 147 oficiais para atuar na gest\u00e3o da corpora\u00e7\u00e3o - Notibras","robots":{"index":"index","follow":"follow","max-snippet":"max-snippet:-1","max-image-preview":"max-image-preview:large","max-video-preview":"max-video-preview:-1"},"canonical":"https:\/\/www.notibras.com\/site\/policia-militar-forma-147-oficiais-para-atuar-na-gestao-da-corporacao\/","og_locale":"pt_BR","og_type":"article","og_title":"Pol\u00edcia Militar forma 147 oficiais para atuar na gest\u00e3o da corpora\u00e7\u00e3o - Notibras","og_description":"O governador Ibaneis Rocha participou nesta quinta-feira (18), da solenidade de formatura do Curso de Habilita\u00e7\u00e3o de Oficiais Administrativos, Especialistas e M\u00e9dicos (CHOAEM) da Pol\u00edcia Militar do DF (PMDF). Na ocasi\u00e3o, 147 policiais deixaram de ser pra\u00e7as para se tornarem oficiais, passando a estar habilitados para atuar na \u00e1rea de administra\u00e7\u00e3o e gest\u00e3o da corpora\u00e7\u00e3o. [&hellip;]","og_url":"https:\/\/www.notibras.com\/site\/policia-militar-forma-147-oficiais-para-atuar-na-gestao-da-corporacao\/","og_site_name":"Notibras","article_publisher":"https:\/\/www.facebook.com\/notibras\/","article_published_time":"2024-04-19T03:00:11+00:00","article_modified_time":"2024-04-19T03:46:40+00:00","og_image":[{"width":1536,"height":1023,"url":"https:\/\/www.notibras.com\/site\/wp-content\/uploads\/2024\/04\/pm.oficiais.jpg","type":"image\/jpeg"}],"author":"Reda\u00e7\u00e3o","twitter_card":"summary_large_image","twitter_creator":"@Notibras","twitter_site":"@Notibras","twitter_misc":{"Escrito por":"Reda\u00e7\u00e3o","Est. tempo de leitura":"4 minutos"},"schema":{"@context":"https:\/\/schema.org","@graph":[{"@type":"Article","@id":"https:\/\/www.notibras.com\/site\/policia-militar-forma-147-oficiais-para-atuar-na-gestao-da-corporacao\/#article","isPartOf":{"@id":"https:\/\/www.notibras.com\/site\/policia-militar-forma-147-oficiais-para-atuar-na-gestao-da-corporacao\/"},"author":{"name":"Reda\u00e7\u00e3o","@id":"https:\/\/www.notibras.com\/site\/#\/schema\/person\/36ab0979449956132d3e5b517ea76ac8"},"headline":"Pol\u00edcia Militar forma 147 oficiais para atuar na gest\u00e3o da corpora\u00e7\u00e3o","datePublished":"2024-04-19T03:00:11+00:00","dateModified":"2024-04-19T03:46:40+00:00","mainEntityOfPage":{"@id":"https:\/\/www.notibras.com\/site\/policia-militar-forma-147-oficiais-para-atuar-na-gestao-da-corporacao\/"},"wordCount":700,"publisher":{"@id":"https:\/\/www.notibras.com\/site\/#organization"},"image":{"@id":"https:\/\/www.notibras.com\/site\/policia-militar-forma-147-oficiais-para-atuar-na-gestao-da-corporacao\/#primaryimage"},"thumbnailUrl":"https:\/\/www.notibras.com\/site\/wp-content\/uploads\/2024\/04\/pm.oficiais.jpg","articleSection":["Quadradinho em Foco"],"inLanguage":"pt-BR"},{"@type":"WebPage","@id":"https:\/\/www.notibras.com\/site\/policia-militar-forma-147-oficiais-para-atuar-na-gestao-da-corporacao\/","url":"https:\/\/www.notibras.com\/site\/policia-militar-forma-147-oficiais-para-atuar-na-gestao-da-corporacao\/","name":"Pol\u00edcia Militar forma 147 oficiais para atuar na gest\u00e3o da corpora\u00e7\u00e3o - Notibras","isPartOf":{"@id":"https:\/\/www.notibras.com\/site\/#website"},"primaryImageOfPage":{"@id":"https:\/\/www.notibras.com\/site\/policia-militar-forma-147-oficiais-para-atuar-na-gestao-da-corporacao\/#primaryimage"},"image":{"@id":"https:\/\/www.notibras.com\/site\/policia-militar-forma-147-oficiais-para-atuar-na-gestao-da-corporacao\/#primaryimage"},"thumbnailUrl":"https:\/\/www.notibras.com\/site\/wp-content\/uploads\/2024\/04\/pm.oficiais.jpg","datePublished":"2024-04-19T03:00:11+00:00","dateModified":"2024-04-19T03:46:40+00:00","breadcrumb":{"@id":"https:\/\/www.notibras.com\/site\/policia-militar-forma-147-oficiais-para-atuar-na-gestao-da-corporacao\/#breadcrumb"},"inLanguage":"pt-BR","potentialAction":[{"@type":"ReadAction","target":["https:\/\/www.notibras.com\/site\/policia-militar-forma-147-oficiais-para-atuar-na-gestao-da-corporacao\/"]}]},{"@type":"ImageObject","inLanguage":"pt-BR","@id":"https:\/\/www.notibras.com\/site\/policia-militar-forma-147-oficiais-para-atuar-na-gestao-da-corporacao\/#primaryimage","url":"https:\/\/www.notibras.com\/site\/wp-content\/uploads\/2024\/04\/pm.oficiais.jpg","contentUrl":"https:\/\/www.notibras.com\/site\/wp-content\/uploads\/2024\/04\/pm.oficiais.jpg","width":1536,"height":1023},{"@type":"BreadcrumbList","@id":"https:\/\/www.notibras.com\/site\/policia-militar-forma-147-oficiais-para-atuar-na-gestao-da-corporacao\/#breadcrumb","itemListElement":[{"@type":"ListItem","position":1,"name":"In\u00edcio","item":"https:\/\/www.notibras.com\/site\/"},{"@type":"ListItem","position":2,"name":"Pol\u00edcia Militar forma 147 oficiais para atuar na gest\u00e3o da corpora\u00e7\u00e3o"}]},{"@type":"WebSite","@id":"https:\/\/www.notibras.com\/site\/#website","url":"https:\/\/www.notibras.com\/site\/","name":"Notibras","description":"Not\u00edcias de Bras\u00edlia, do Brasil e do Mundo","publisher":{"@id":"https:\/\/www.notibras.com\/site\/#organization"},"potentialAction":[{"@type":"SearchAction","target":{"@type":"EntryPoint","urlTemplate":"https:\/\/www.notibras.com\/site\/?s={search_term_string}"},"query-input":{"@type":"PropertyValueSpecification","valueRequired":true,"valueName":"search_term_string"}}],"inLanguage":"pt-BR"},{"@type":"Organization","@id":"https:\/\/www.notibras.com\/site\/#organization","name":"Grupo Notibras de Comunica\u00e7\u00e3o","url":"https:\/\/www.notibras.com\/site\/","logo":{"@type":"ImageObject","inLanguage":"pt-BR","@id":"https:\/\/www.notibras.com\/site\/#\/schema\/logo\/image\/","url":"https:\/\/www.notibras.com\/site\/wp-content\/uploads\/2023\/01\/notibras23.png","contentUrl":"https:\/\/www.notibras.com\/site\/wp-content\/uploads\/2023\/01\/notibras23.png","width":350,"height":87,"caption":"Grupo Notibras de Comunica\u00e7\u00e3o"},"image":{"@id":"https:\/\/www.notibras.com\/site\/#\/schema\/logo\/image\/"},"sameAs":["https:\/\/www.facebook.com\/notibras\/","https:\/\/x.com\/Notibras","https:\/\/www.instagram.com\/notibras\/"]},{"@type":"Person","@id":"https:\/\/www.notibras.com\/site\/#\/schema\/person\/36ab0979449956132d3e5b517ea76ac8","name":"Reda\u00e7\u00e3o","image":{"@type":"ImageObject","inLanguage":"pt-BR","@id":"https:\/\/secure.gravatar.com\/avatar\/e0a867bdedb85fd243eadf09663511f96fc81e0720a4a42581f334ad4303aa6b?s=96&d=mm&r=g","url":"https:\/\/secure.gravatar.com\/avatar\/e0a867bdedb85fd243eadf09663511f96fc81e0720a4a42581f334ad4303aa6b?s=96&d=mm&r=g","contentUrl":"https:\/\/secure.gravatar.com\/avatar\/e0a867bdedb85fd243eadf09663511f96fc81e0720a4a42581f334ad4303aa6b?s=96&d=mm&r=g","caption":"Reda\u00e7\u00e3o"}}]}},"amp_enabled":true,"_links":{"self":[{"href":"https:\/\/www.notibras.com\/site\/wp-json\/wp\/v2\/posts\/327000","targetHints":{"allow":["GET"]}}],"collection":[{"href":"https:\/\/www.notibras.com\/site\/wp-json\/wp\/v2\/posts"}],"about":[{"href":"https:\/\/www.notibras.com\/site\/wp-json\/wp\/v2\/types\/post"}],"author":[{"embeddable":true,"href":"https:\/\/www.notibras.com\/site\/wp-json\/wp\/v2\/users\/2"}],"replies":[{"embeddable":true,"href":"https:\/\/www.notibras.com\/site\/wp-json\/wp\/v2\/comments?post=327000"}],"version-history":[{"count":1,"href":"https:\/\/www.notibras.com\/site\/wp-json\/wp\/v2\/posts\/327000\/revisions"}],"predecessor-version":[{"id":327002,"href":"https:\/\/www.notibras.com\/site\/wp-json\/wp\/v2\/posts\/327000\/revisions\/327002"}],"wp:featuredmedia":[{"embeddable":true,"href":"https:\/\/www.notibras.com\/site\/wp-json\/wp\/v2\/media\/327001"}],"wp:attachment":[{"href":"https:\/\/www.notibras.com\/site\/wp-json\/wp\/v2\/media?parent=327000"}],"wp:term":[{"taxonomy":"category","embeddable":true,"href":"https:\/\/www.notibras.com\/site\/wp-json\/wp\/v2\/categories?post=327000"},{"taxonomy":"post_tag","embeddable":true,"href":"https:\/\/www.notibras.com\/site\/wp-json\/wp\/v2\/tags?post=327000"}],"curies":[{"name":"wp","href":"https:\/\/api.w.org\/{rel}","templated":true}]}}