{"id":327003,"date":"2024-04-19T00:00:14","date_gmt":"2024-04-19T03:00:14","guid":{"rendered":"https:\/\/www.notibras.com\/site\/?p=327003"},"modified":"2024-04-19T01:13:33","modified_gmt":"2024-04-19T04:13:33","slug":"saude-amplia-universo-para-vacinacao-de-criancas-e-adolescentes","status":"publish","type":"post","link":"https:\/\/www.notibras.com\/site\/saude-amplia-universo-para-vacinacao-de-criancas-e-adolescentes\/","title":{"rendered":"Sa\u00fade amplia universo para vacina\u00e7\u00e3o de crian\u00e7as e adolescentes"},"content":{"rendered":"<p>O an\u00fancio do Governo do Distrito Federal da amplia\u00e7\u00e3o da faixa et\u00e1ria da vacina da dengue para 6 a 16 anos fez com que muitas fam\u00edlias levassem os filhos para receber a primeira dose do imunizante. Anteriormente, a autoriza\u00e7\u00e3o era para o p\u00fablico de 10 a 14 anos.<\/p>\n<p>\u00c9 o caso da servidora p\u00fablica Aline Alves, que foi at\u00e9 a Unidade B\u00e1sica de Sa\u00fade (UBS) 1 da Asa Sul para levar os g\u00eameos Oliver e Maya, de 8 anos, para a vacina\u00e7\u00e3o.<\/p>\n<p>\u201cTodo mundo est\u00e1 com medo da dengue. Estava aguardando a libera\u00e7\u00e3o e vim logo\u201d, conta a moradora da Asa Norte. Embora tenham medo de agulha, os filhos de Aline aguardavam a vez ansiosamente. \u201cD\u00f3i, mas \u00e9 bom tomar a vacina\u201d, disse Oliver Alves.<\/p>\n<p>Na mesma UBS, a pequena Luiza Soares, 8 anos, segurou bravamente o choro. \u201cFoi bom. Doeu um pouco, mas consegui n\u00e3o chorar\u201d, afirmou. A m\u00e3e da garotinha, a estat\u00edstica Aretha Soares, 37 anos, moradora do Mangueiral, disse que se sente aliviada com a amplia\u00e7\u00e3o da vacina\u00e7\u00e3o a partir desta quinta-feira (18). \u201cCaso pegue, pelo menos ser\u00e1 mais brando\u201d, disse, ao se referir aos sintomas da doen\u00e7a.<\/p>\n<p>A vacina\u00e7\u00e3o foi aproveitada tanto pelo p\u00fablico com menos de 10 anos quanto para os que t\u00eam mais de 14 anos. O estudante Gabriel Enrique Sampaio Carneiro, 15 anos, morador do Sudoeste, garantiu que n\u00e3o sentiu nada ao tomar a vacina. \u201cFico mais tranquilo porque dizem que os sintomas s\u00e3o muito ruins\u201d, conta.<\/p>\n<p>Essas e outras fam\u00edlias atenderam ao chamado do GDF feito logo pela manh\u00e3 quando o governador Ibaneis Rocha e a secret\u00e1ria de Sa\u00fade, Lucilene Flor\u00eancio, anunciaram a chegada de mais 12 mil doses do imunizante contra a dengue. \u201cNossas UBSs t\u00eam a vacina Qdenga. Ontem, o DF recebeu mais 12 mil doses contra a dengue\u201d, disse a secret\u00e1ria durante evento de lan\u00e7amento da obra do Hospital do Recanto das Emas (HRE), onde fez o an\u00fancio.<\/p>\n<p>O DF foi uma das primeiras unidades da Federa\u00e7\u00e3o a iniciar a vacina\u00e7\u00e3o e at\u00e9 o momento j\u00e1 aplicou mais de 54 mil doses da vacina.<\/p>\n<p><strong>Imuniza\u00e7\u00e3o<\/strong><br \/>\nA Secretaria de Sa\u00fade segue a orienta\u00e7\u00e3o do Minist\u00e9rio da Sa\u00fade para a imuniza\u00e7\u00e3o. Pais ou respons\u00e1veis devem apresentar documento de identidade e a caderneta de vacina\u00e7\u00e3o. Caso a crian\u00e7a ou adolescente tenha tido dengue, \u00e9 necess\u00e1rio aguardar seis meses para iniciar o esquema vacinal. Se ocorrer no intervalo do esquema vacinal, deve-se aguardar 30 dias entre a infec\u00e7\u00e3o e a segunda dose.<\/p>\n<p>Para informa\u00e7\u00f5es sobre locais de vacina\u00e7\u00e3o, hor\u00e1rios e demais orienta\u00e7\u00f5es, basta acessar o site da SES Vacina\u00e7\u00e3o contra a dengue.<\/p>\n","protected":false},"excerpt":{"rendered":"<p>O an\u00fancio do Governo do Distrito Federal da amplia\u00e7\u00e3o da faixa et\u00e1ria da vacina da dengue para 6 a 16 anos fez com que muitas fam\u00edlias levassem os filhos para receber a primeira dose do imunizante. Anteriormente, a autoriza\u00e7\u00e3o era para o p\u00fablico de 10 a 14 anos. \u00c9 o caso da servidora p\u00fablica Aline [&hellip;]<\/p>\n","protected":false},"author":2,"featured_media":327004,"comment_status":"closed","ping_status":"closed","sticky":false,"template":"","format":"standard","meta":{"_acf_changed":false,"footnotes":""},"categories":[161],"tags":[],"class_list":["post-327003","post","type-post","status-publish","format-standard","has-post-thumbnail","hentry","category-quadradinho-em-foco"],"acf":[],"yoast_head":"<!-- This site is optimized with the Yoast SEO plugin v27.5 - https:\/\/yoast.com\/product\/yoast-seo-wordpress\/ -->\n<title>Sa\u00fade amplia universo para vacina\u00e7\u00e3o de crian\u00e7as e adolescentes - Notibras<\/title>\n<meta name=\"robots\" content=\"index, follow, max-snippet:-1, max-image-preview:large, max-video-preview:-1\" \/>\n<link rel=\"canonical\" href=\"https:\/\/www.notibras.com\/site\/saude-amplia-universo-para-vacinacao-de-criancas-e-adolescentes\/\" \/>\n<meta property=\"og:locale\" content=\"pt_BR\" \/>\n<meta property=\"og:type\" content=\"article\" \/>\n<meta property=\"og:title\" content=\"Sa\u00fade amplia universo para vacina\u00e7\u00e3o de crian\u00e7as e adolescentes - Notibras\" \/>\n<meta property=\"og:description\" content=\"O an\u00fancio do Governo do Distrito Federal da amplia\u00e7\u00e3o da faixa et\u00e1ria da vacina da dengue para 6 a 16 anos fez com que muitas fam\u00edlias levassem os filhos para receber a primeira dose do imunizante. Anteriormente, a autoriza\u00e7\u00e3o era para o p\u00fablico de 10 a 14 anos. \u00c9 o caso da servidora p\u00fablica Aline [&hellip;]\" \/>\n<meta property=\"og:url\" content=\"https:\/\/www.notibras.com\/site\/saude-amplia-universo-para-vacinacao-de-criancas-e-adolescentes\/\" \/>\n<meta property=\"og:site_name\" content=\"Notibras\" \/>\n<meta property=\"article:publisher\" content=\"https:\/\/www.facebook.com\/notibras\/\" \/>\n<meta property=\"article:published_time\" content=\"2024-04-19T03:00:14+00:00\" \/>\n<meta property=\"article:modified_time\" content=\"2024-04-19T04:13:33+00:00\" \/>\n<meta property=\"og:image\" content=\"https:\/\/www.notibras.com\/site\/wp-content\/uploads\/2024\/04\/PHC_8839.jpg\" \/>\n\t<meta property=\"og:image:width\" content=\"1181\" \/>\n\t<meta property=\"og:image:height\" content=\"787\" \/>\n\t<meta property=\"og:image:type\" content=\"image\/jpeg\" \/>\n<meta name=\"author\" content=\"Reda\u00e7\u00e3o\" \/>\n<meta name=\"twitter:card\" content=\"summary_large_image\" \/>\n<meta name=\"twitter:creator\" content=\"@Notibras\" \/>\n<meta name=\"twitter:site\" content=\"@Notibras\" \/>\n<meta name=\"twitter:label1\" content=\"Escrito por\" \/>\n\t<meta name=\"twitter:data1\" content=\"Reda\u00e7\u00e3o\" \/>\n\t<meta name=\"twitter:label2\" content=\"Est. tempo de leitura\" \/>\n\t<meta name=\"twitter:data2\" content=\"3 minutos\" \/>\n<script type=\"application\/ld+json\" class=\"yoast-schema-graph\">{\"@context\":\"https:\\\/\\\/schema.org\",\"@graph\":[{\"@type\":\"Article\",\"@id\":\"https:\\\/\\\/www.notibras.com\\\/site\\\/saude-amplia-universo-para-vacinacao-de-criancas-e-adolescentes\\\/#article\",\"isPartOf\":{\"@id\":\"https:\\\/\\\/www.notibras.com\\\/site\\\/saude-amplia-universo-para-vacinacao-de-criancas-e-adolescentes\\\/\"},\"author\":{\"name\":\"Reda\u00e7\u00e3o\",\"@id\":\"https:\\\/\\\/www.notibras.com\\\/site\\\/#\\\/schema\\\/person\\\/36ab0979449956132d3e5b517ea76ac8\"},\"headline\":\"Sa\u00fade amplia universo para vacina\u00e7\u00e3o de crian\u00e7as e adolescentes\",\"datePublished\":\"2024-04-19T03:00:14+00:00\",\"dateModified\":\"2024-04-19T04:13:33+00:00\",\"mainEntityOfPage\":{\"@id\":\"https:\\\/\\\/www.notibras.com\\\/site\\\/saude-amplia-universo-para-vacinacao-de-criancas-e-adolescentes\\\/\"},\"wordCount\":472,\"publisher\":{\"@id\":\"https:\\\/\\\/www.notibras.com\\\/site\\\/#organization\"},\"image\":{\"@id\":\"https:\\\/\\\/www.notibras.com\\\/site\\\/saude-amplia-universo-para-vacinacao-de-criancas-e-adolescentes\\\/#primaryimage\"},\"thumbnailUrl\":\"https:\\\/\\\/www.notibras.com\\\/site\\\/wp-content\\\/uploads\\\/2024\\\/04\\\/PHC_8839.jpg\",\"articleSection\":[\"Quadradinho em Foco\"],\"inLanguage\":\"pt-BR\"},{\"@type\":\"WebPage\",\"@id\":\"https:\\\/\\\/www.notibras.com\\\/site\\\/saude-amplia-universo-para-vacinacao-de-criancas-e-adolescentes\\\/\",\"url\":\"https:\\\/\\\/www.notibras.com\\\/site\\\/saude-amplia-universo-para-vacinacao-de-criancas-e-adolescentes\\\/\",\"name\":\"Sa\u00fade amplia universo para vacina\u00e7\u00e3o de crian\u00e7as e adolescentes - Notibras\",\"isPartOf\":{\"@id\":\"https:\\\/\\\/www.notibras.com\\\/site\\\/#website\"},\"primaryImageOfPage\":{\"@id\":\"https:\\\/\\\/www.notibras.com\\\/site\\\/saude-amplia-universo-para-vacinacao-de-criancas-e-adolescentes\\\/#primaryimage\"},\"image\":{\"@id\":\"https:\\\/\\\/www.notibras.com\\\/site\\\/saude-amplia-universo-para-vacinacao-de-criancas-e-adolescentes\\\/#primaryimage\"},\"thumbnailUrl\":\"https:\\\/\\\/www.notibras.com\\\/site\\\/wp-content\\\/uploads\\\/2024\\\/04\\\/PHC_8839.jpg\",\"datePublished\":\"2024-04-19T03:00:14+00:00\",\"dateModified\":\"2024-04-19T04:13:33+00:00\",\"breadcrumb\":{\"@id\":\"https:\\\/\\\/www.notibras.com\\\/site\\\/saude-amplia-universo-para-vacinacao-de-criancas-e-adolescentes\\\/#breadcrumb\"},\"inLanguage\":\"pt-BR\",\"potentialAction\":[{\"@type\":\"ReadAction\",\"target\":[\"https:\\\/\\\/www.notibras.com\\\/site\\\/saude-amplia-universo-para-vacinacao-de-criancas-e-adolescentes\\\/\"]}]},{\"@type\":\"ImageObject\",\"inLanguage\":\"pt-BR\",\"@id\":\"https:\\\/\\\/www.notibras.com\\\/site\\\/saude-amplia-universo-para-vacinacao-de-criancas-e-adolescentes\\\/#primaryimage\",\"url\":\"https:\\\/\\\/www.notibras.com\\\/site\\\/wp-content\\\/uploads\\\/2024\\\/04\\\/PHC_8839.jpg\",\"contentUrl\":\"https:\\\/\\\/www.notibras.com\\\/site\\\/wp-content\\\/uploads\\\/2024\\\/04\\\/PHC_8839.jpg\",\"width\":1181,\"height\":787},{\"@type\":\"BreadcrumbList\",\"@id\":\"https:\\\/\\\/www.notibras.com\\\/site\\\/saude-amplia-universo-para-vacinacao-de-criancas-e-adolescentes\\\/#breadcrumb\",\"itemListElement\":[{\"@type\":\"ListItem\",\"position\":1,\"name\":\"In\u00edcio\",\"item\":\"https:\\\/\\\/www.notibras.com\\\/site\\\/\"},{\"@type\":\"ListItem\",\"position\":2,\"name\":\"Sa\u00fade amplia universo para vacina\u00e7\u00e3o de crian\u00e7as e adolescentes\"}]},{\"@type\":\"WebSite\",\"@id\":\"https:\\\/\\\/www.notibras.com\\\/site\\\/#website\",\"url\":\"https:\\\/\\\/www.notibras.com\\\/site\\\/\",\"name\":\"Notibras\",\"description\":\"Not\u00edcias de Bras\u00edlia, do Brasil e do Mundo\",\"publisher\":{\"@id\":\"https:\\\/\\\/www.notibras.com\\\/site\\\/#organization\"},\"potentialAction\":[{\"@type\":\"SearchAction\",\"target\":{\"@type\":\"EntryPoint\",\"urlTemplate\":\"https:\\\/\\\/www.notibras.com\\\/site\\\/?s={search_term_string}\"},\"query-input\":{\"@type\":\"PropertyValueSpecification\",\"valueRequired\":true,\"valueName\":\"search_term_string\"}}],\"inLanguage\":\"pt-BR\"},{\"@type\":\"Organization\",\"@id\":\"https:\\\/\\\/www.notibras.com\\\/site\\\/#organization\",\"name\":\"Grupo Notibras de Comunica\u00e7\u00e3o\",\"url\":\"https:\\\/\\\/www.notibras.com\\\/site\\\/\",\"logo\":{\"@type\":\"ImageObject\",\"inLanguage\":\"pt-BR\",\"@id\":\"https:\\\/\\\/www.notibras.com\\\/site\\\/#\\\/schema\\\/logo\\\/image\\\/\",\"url\":\"https:\\\/\\\/www.notibras.com\\\/site\\\/wp-content\\\/uploads\\\/2023\\\/01\\\/notibras23.png\",\"contentUrl\":\"https:\\\/\\\/www.notibras.com\\\/site\\\/wp-content\\\/uploads\\\/2023\\\/01\\\/notibras23.png\",\"width\":350,\"height\":87,\"caption\":\"Grupo Notibras de Comunica\u00e7\u00e3o\"},\"image\":{\"@id\":\"https:\\\/\\\/www.notibras.com\\\/site\\\/#\\\/schema\\\/logo\\\/image\\\/\"},\"sameAs\":[\"https:\\\/\\\/www.facebook.com\\\/notibras\\\/\",\"https:\\\/\\\/x.com\\\/Notibras\",\"https:\\\/\\\/www.instagram.com\\\/notibras\\\/\"]},{\"@type\":\"Person\",\"@id\":\"https:\\\/\\\/www.notibras.com\\\/site\\\/#\\\/schema\\\/person\\\/36ab0979449956132d3e5b517ea76ac8\",\"name\":\"Reda\u00e7\u00e3o\",\"image\":{\"@type\":\"ImageObject\",\"inLanguage\":\"pt-BR\",\"@id\":\"https:\\\/\\\/secure.gravatar.com\\\/avatar\\\/e0a867bdedb85fd243eadf09663511f96fc81e0720a4a42581f334ad4303aa6b?s=96&d=mm&r=g\",\"url\":\"https:\\\/\\\/secure.gravatar.com\\\/avatar\\\/e0a867bdedb85fd243eadf09663511f96fc81e0720a4a42581f334ad4303aa6b?s=96&d=mm&r=g\",\"contentUrl\":\"https:\\\/\\\/secure.gravatar.com\\\/avatar\\\/e0a867bdedb85fd243eadf09663511f96fc81e0720a4a42581f334ad4303aa6b?s=96&d=mm&r=g\",\"caption\":\"Reda\u00e7\u00e3o\"}}]}<\/script>\n<!-- \/ Yoast SEO plugin. -->","yoast_head_json":{"title":"Sa\u00fade amplia universo para vacina\u00e7\u00e3o de crian\u00e7as e adolescentes - Notibras","robots":{"index":"index","follow":"follow","max-snippet":"max-snippet:-1","max-image-preview":"max-image-preview:large","max-video-preview":"max-video-preview:-1"},"canonical":"https:\/\/www.notibras.com\/site\/saude-amplia-universo-para-vacinacao-de-criancas-e-adolescentes\/","og_locale":"pt_BR","og_type":"article","og_title":"Sa\u00fade amplia universo para vacina\u00e7\u00e3o de crian\u00e7as e adolescentes - Notibras","og_description":"O an\u00fancio do Governo do Distrito Federal da amplia\u00e7\u00e3o da faixa et\u00e1ria da vacina da dengue para 6 a 16 anos fez com que muitas fam\u00edlias levassem os filhos para receber a primeira dose do imunizante. Anteriormente, a autoriza\u00e7\u00e3o era para o p\u00fablico de 10 a 14 anos. \u00c9 o caso da servidora p\u00fablica Aline [&hellip;]","og_url":"https:\/\/www.notibras.com\/site\/saude-amplia-universo-para-vacinacao-de-criancas-e-adolescentes\/","og_site_name":"Notibras","article_publisher":"https:\/\/www.facebook.com\/notibras\/","article_published_time":"2024-04-19T03:00:14+00:00","article_modified_time":"2024-04-19T04:13:33+00:00","og_image":[{"width":1181,"height":787,"url":"https:\/\/www.notibras.com\/site\/wp-content\/uploads\/2024\/04\/PHC_8839.jpg","type":"image\/jpeg"}],"author":"Reda\u00e7\u00e3o","twitter_card":"summary_large_image","twitter_creator":"@Notibras","twitter_site":"@Notibras","twitter_misc":{"Escrito por":"Reda\u00e7\u00e3o","Est. tempo de leitura":"3 minutos"},"schema":{"@context":"https:\/\/schema.org","@graph":[{"@type":"Article","@id":"https:\/\/www.notibras.com\/site\/saude-amplia-universo-para-vacinacao-de-criancas-e-adolescentes\/#article","isPartOf":{"@id":"https:\/\/www.notibras.com\/site\/saude-amplia-universo-para-vacinacao-de-criancas-e-adolescentes\/"},"author":{"name":"Reda\u00e7\u00e3o","@id":"https:\/\/www.notibras.com\/site\/#\/schema\/person\/36ab0979449956132d3e5b517ea76ac8"},"headline":"Sa\u00fade amplia universo para vacina\u00e7\u00e3o de crian\u00e7as e adolescentes","datePublished":"2024-04-19T03:00:14+00:00","dateModified":"2024-04-19T04:13:33+00:00","mainEntityOfPage":{"@id":"https:\/\/www.notibras.com\/site\/saude-amplia-universo-para-vacinacao-de-criancas-e-adolescentes\/"},"wordCount":472,"publisher":{"@id":"https:\/\/www.notibras.com\/site\/#organization"},"image":{"@id":"https:\/\/www.notibras.com\/site\/saude-amplia-universo-para-vacinacao-de-criancas-e-adolescentes\/#primaryimage"},"thumbnailUrl":"https:\/\/www.notibras.com\/site\/wp-content\/uploads\/2024\/04\/PHC_8839.jpg","articleSection":["Quadradinho em Foco"],"inLanguage":"pt-BR"},{"@type":"WebPage","@id":"https:\/\/www.notibras.com\/site\/saude-amplia-universo-para-vacinacao-de-criancas-e-adolescentes\/","url":"https:\/\/www.notibras.com\/site\/saude-amplia-universo-para-vacinacao-de-criancas-e-adolescentes\/","name":"Sa\u00fade amplia universo para vacina\u00e7\u00e3o de crian\u00e7as e adolescentes - Notibras","isPartOf":{"@id":"https:\/\/www.notibras.com\/site\/#website"},"primaryImageOfPage":{"@id":"https:\/\/www.notibras.com\/site\/saude-amplia-universo-para-vacinacao-de-criancas-e-adolescentes\/#primaryimage"},"image":{"@id":"https:\/\/www.notibras.com\/site\/saude-amplia-universo-para-vacinacao-de-criancas-e-adolescentes\/#primaryimage"},"thumbnailUrl":"https:\/\/www.notibras.com\/site\/wp-content\/uploads\/2024\/04\/PHC_8839.jpg","datePublished":"2024-04-19T03:00:14+00:00","dateModified":"2024-04-19T04:13:33+00:00","breadcrumb":{"@id":"https:\/\/www.notibras.com\/site\/saude-amplia-universo-para-vacinacao-de-criancas-e-adolescentes\/#breadcrumb"},"inLanguage":"pt-BR","potentialAction":[{"@type":"ReadAction","target":["https:\/\/www.notibras.com\/site\/saude-amplia-universo-para-vacinacao-de-criancas-e-adolescentes\/"]}]},{"@type":"ImageObject","inLanguage":"pt-BR","@id":"https:\/\/www.notibras.com\/site\/saude-amplia-universo-para-vacinacao-de-criancas-e-adolescentes\/#primaryimage","url":"https:\/\/www.notibras.com\/site\/wp-content\/uploads\/2024\/04\/PHC_8839.jpg","contentUrl":"https:\/\/www.notibras.com\/site\/wp-content\/uploads\/2024\/04\/PHC_8839.jpg","width":1181,"height":787},{"@type":"BreadcrumbList","@id":"https:\/\/www.notibras.com\/site\/saude-amplia-universo-para-vacinacao-de-criancas-e-adolescentes\/#breadcrumb","itemListElement":[{"@type":"ListItem","position":1,"name":"In\u00edcio","item":"https:\/\/www.notibras.com\/site\/"},{"@type":"ListItem","position":2,"name":"Sa\u00fade amplia universo para vacina\u00e7\u00e3o de crian\u00e7as e adolescentes"}]},{"@type":"WebSite","@id":"https:\/\/www.notibras.com\/site\/#website","url":"https:\/\/www.notibras.com\/site\/","name":"Notibras","description":"Not\u00edcias de Bras\u00edlia, do Brasil e do Mundo","publisher":{"@id":"https:\/\/www.notibras.com\/site\/#organization"},"potentialAction":[{"@type":"SearchAction","target":{"@type":"EntryPoint","urlTemplate":"https:\/\/www.notibras.com\/site\/?s={search_term_string}"},"query-input":{"@type":"PropertyValueSpecification","valueRequired":true,"valueName":"search_term_string"}}],"inLanguage":"pt-BR"},{"@type":"Organization","@id":"https:\/\/www.notibras.com\/site\/#organization","name":"Grupo Notibras de Comunica\u00e7\u00e3o","url":"https:\/\/www.notibras.com\/site\/","logo":{"@type":"ImageObject","inLanguage":"pt-BR","@id":"https:\/\/www.notibras.com\/site\/#\/schema\/logo\/image\/","url":"https:\/\/www.notibras.com\/site\/wp-content\/uploads\/2023\/01\/notibras23.png","contentUrl":"https:\/\/www.notibras.com\/site\/wp-content\/uploads\/2023\/01\/notibras23.png","width":350,"height":87,"caption":"Grupo Notibras de Comunica\u00e7\u00e3o"},"image":{"@id":"https:\/\/www.notibras.com\/site\/#\/schema\/logo\/image\/"},"sameAs":["https:\/\/www.facebook.com\/notibras\/","https:\/\/x.com\/Notibras","https:\/\/www.instagram.com\/notibras\/"]},{"@type":"Person","@id":"https:\/\/www.notibras.com\/site\/#\/schema\/person\/36ab0979449956132d3e5b517ea76ac8","name":"Reda\u00e7\u00e3o","image":{"@type":"ImageObject","inLanguage":"pt-BR","@id":"https:\/\/secure.gravatar.com\/avatar\/e0a867bdedb85fd243eadf09663511f96fc81e0720a4a42581f334ad4303aa6b?s=96&d=mm&r=g","url":"https:\/\/secure.gravatar.com\/avatar\/e0a867bdedb85fd243eadf09663511f96fc81e0720a4a42581f334ad4303aa6b?s=96&d=mm&r=g","contentUrl":"https:\/\/secure.gravatar.com\/avatar\/e0a867bdedb85fd243eadf09663511f96fc81e0720a4a42581f334ad4303aa6b?s=96&d=mm&r=g","caption":"Reda\u00e7\u00e3o"}}]}},"amp_enabled":true,"_links":{"self":[{"href":"https:\/\/www.notibras.com\/site\/wp-json\/wp\/v2\/posts\/327003","targetHints":{"allow":["GET"]}}],"collection":[{"href":"https:\/\/www.notibras.com\/site\/wp-json\/wp\/v2\/posts"}],"about":[{"href":"https:\/\/www.notibras.com\/site\/wp-json\/wp\/v2\/types\/post"}],"author":[{"embeddable":true,"href":"https:\/\/www.notibras.com\/site\/wp-json\/wp\/v2\/users\/2"}],"replies":[{"embeddable":true,"href":"https:\/\/www.notibras.com\/site\/wp-json\/wp\/v2\/comments?post=327003"}],"version-history":[{"count":1,"href":"https:\/\/www.notibras.com\/site\/wp-json\/wp\/v2\/posts\/327003\/revisions"}],"predecessor-version":[{"id":327005,"href":"https:\/\/www.notibras.com\/site\/wp-json\/wp\/v2\/posts\/327003\/revisions\/327005"}],"wp:featuredmedia":[{"embeddable":true,"href":"https:\/\/www.notibras.com\/site\/wp-json\/wp\/v2\/media\/327004"}],"wp:attachment":[{"href":"https:\/\/www.notibras.com\/site\/wp-json\/wp\/v2\/media?parent=327003"}],"wp:term":[{"taxonomy":"category","embeddable":true,"href":"https:\/\/www.notibras.com\/site\/wp-json\/wp\/v2\/categories?post=327003"},{"taxonomy":"post_tag","embeddable":true,"href":"https:\/\/www.notibras.com\/site\/wp-json\/wp\/v2\/tags?post=327003"}],"curies":[{"name":"wp","href":"https:\/\/api.w.org\/{rel}","templated":true}]}}