{"id":327009,"date":"2024-04-19T00:01:21","date_gmt":"2024-04-19T03:01:21","guid":{"rendered":"https:\/\/www.notibras.com\/site\/?p=327009"},"modified":"2024-04-19T01:24:38","modified_gmt":"2024-04-19T04:24:38","slug":"tribunal-manda-parar-ppp-do-metro-ate-edital-ser-corrigido","status":"publish","type":"post","link":"https:\/\/www.notibras.com\/site\/tribunal-manda-parar-ppp-do-metro-ate-edital-ser-corrigido\/","title":{"rendered":"Tribunal manda parar PPP do Metr\u00f4 at\u00e9 edital ser corrigido"},"content":{"rendered":"<p>O Tribunal de Contas do Distrito Federal (TCDF) deu um prazo de 30 dias para a Casa Civil do DF (Caci\/DF) e a Companhia do Metropolitano do DF (Metr\u00f4\/DF) se pronunciarem sobre o interesse do Governo do DF em continuar com o projeto de parceria p\u00fablico-privada (PPP) do Metr\u00f4\/DF. Os \u00f3rg\u00e3os do GDF tamb\u00e9m devem explicar ao Tribunal como os investimentos de R$ 2,5 bilh\u00f5es em parceria com o Governo Federal afetar\u00e3o o projeto. Segundo noticiado recentemente, esses investimentos devem custear a constru\u00e7\u00e3o de novas esta\u00e7\u00f5es, a compra de vag\u00f5es e a amplia\u00e7\u00e3o da rede metrovi\u00e1ria do DF \u2013 melhorias que podem ser semelhantes \u00e0 proposta de PPP do executivo distrital.<\/p>\n<p>O TCDF tamb\u00e9m determinou que a Secretaria de Transporte e Mobilidade (Semob\/DF) corrija uma s\u00e9rie de falhas na documenta\u00e7\u00e3o do projeto. Uma dessas falhas diz respeito \u00e0 incompatibilidade dos pre\u00e7os de m\u00f3veis e equipamentos de acessibilidade com os valores de mercado. A documenta\u00e7\u00e3o do projeto tamb\u00e9m deve atribuir \u00e0 futura contratada a responsabilidade pelos custos com paralisa\u00e7\u00f5es decorrentes de chuvas, problemas el\u00e9tricos ou alagamentos. O Tribunal ainda reiterou que a Semob detalhe como foi calculada a quantidade de profissionais necess\u00e1rios ao empreendimento, bem como os custos com essa m\u00e3o de obra.<\/p>\n<p>A decis\u00e3o da Corte de Contas foi comunicada \u00e0 Secretaria de Transporte e Mobilidade, \u00e0 Casa Civil e ao Metr\u00f4\/DF no \u00faltimo dia 5 de abril. Esta \u00e9 a terceira vez que o Tribunal determina corre\u00e7\u00f5es de irregularidades na documenta\u00e7\u00e3o do projeto. Essas falhas impedem o lan\u00e7amento da licita\u00e7\u00e3o (Processo n\u00ba 00600-00000288\/2021-87-e).<\/p>\n<p><strong>Sobre o projeto de PPP do Metr\u00f4<\/strong><br \/>\nO projeto de PPP do Metr\u00f4\/DF prev\u00ea a transfer\u00eancia para a iniciativa privada dos servi\u00e7os de gest\u00e3o, opera\u00e7\u00e3o e manuten\u00e7\u00e3o na rede metrovi\u00e1ria do DF pelo per\u00edodo de 30 anos. A empresa ou grupo de empresas que vencer a licita\u00e7\u00e3o deve aumentar a frota, com a compra ou reforma de trens existentes. O projeto tamb\u00e9m prev\u00ea melhorias, como a instala\u00e7\u00e3o de aparelhos de ar-condicionado em todos os ve\u00edculos e a substitui\u00e7\u00e3o de l\u00e2mpadas fluorescentes por l\u00e2mpadas de LED \u2013 que consomem menos energia e t\u00eam melhor desempenho e durabilidade.<\/p>\n<p>Segundo o site da companhia, o Metr\u00f4\/DF tem 29 esta\u00e7\u00f5es, das quais 27 est\u00e3o em funcionamento. Com uma frota de 32 trens, transporta em m\u00e9dia 160 mil passageiros por dia. O Metr\u00f4\/DF liga a regi\u00e3o central de Bras\u00edlia \u00e0s de Ceil\u00e2ndia e Samambaia, passando pela Asa Sul, Setor Policial Sul, Estrada Parque Ind\u00fastria e Abastecimento (EPIA), Guar\u00e1, Park Way, \u00c1guas Claras e Taguatinga.<\/p>\n","protected":false},"excerpt":{"rendered":"<p>O Tribunal de Contas do Distrito Federal (TCDF) deu um prazo de 30 dias para a Casa Civil do DF (Caci\/DF) e a Companhia do Metropolitano do DF (Metr\u00f4\/DF) se pronunciarem sobre o interesse do Governo do DF em continuar com o projeto de parceria p\u00fablico-privada (PPP) do Metr\u00f4\/DF. Os \u00f3rg\u00e3os do GDF tamb\u00e9m devem [&hellip;]<\/p>\n","protected":false},"author":2,"featured_media":279552,"comment_status":"closed","ping_status":"closed","sticky":false,"template":"","format":"standard","meta":{"_acf_changed":false,"footnotes":""},"categories":[161],"tags":[],"class_list":["post-327009","post","type-post","status-publish","format-standard","has-post-thumbnail","hentry","category-quadradinho-em-foco"],"acf":[],"yoast_head":"<!-- This site is optimized with the Yoast SEO plugin v27.5 - https:\/\/yoast.com\/product\/yoast-seo-wordpress\/ -->\n<title>Tribunal manda parar PPP do Metr\u00f4 at\u00e9 edital ser corrigido - Notibras<\/title>\n<meta name=\"robots\" content=\"index, follow, max-snippet:-1, max-image-preview:large, max-video-preview:-1\" \/>\n<link rel=\"canonical\" href=\"https:\/\/www.notibras.com\/site\/tribunal-manda-parar-ppp-do-metro-ate-edital-ser-corrigido\/\" \/>\n<meta property=\"og:locale\" content=\"pt_BR\" \/>\n<meta property=\"og:type\" content=\"article\" \/>\n<meta property=\"og:title\" content=\"Tribunal manda parar PPP do Metr\u00f4 at\u00e9 edital ser corrigido - Notibras\" \/>\n<meta property=\"og:description\" content=\"O Tribunal de Contas do Distrito Federal (TCDF) deu um prazo de 30 dias para a Casa Civil do DF (Caci\/DF) e a Companhia do Metropolitano do DF (Metr\u00f4\/DF) se pronunciarem sobre o interesse do Governo do DF em continuar com o projeto de parceria p\u00fablico-privada (PPP) do Metr\u00f4\/DF. Os \u00f3rg\u00e3os do GDF tamb\u00e9m devem [&hellip;]\" \/>\n<meta property=\"og:url\" content=\"https:\/\/www.notibras.com\/site\/tribunal-manda-parar-ppp-do-metro-ate-edital-ser-corrigido\/\" \/>\n<meta property=\"og:site_name\" content=\"Notibras\" \/>\n<meta property=\"article:publisher\" content=\"https:\/\/www.facebook.com\/notibras\/\" \/>\n<meta property=\"article:published_time\" content=\"2024-04-19T03:01:21+00:00\" \/>\n<meta property=\"article:modified_time\" content=\"2024-04-19T04:24:38+00:00\" \/>\n<meta property=\"og:image\" content=\"https:\/\/www.notibras.com\/site\/wp-content\/uploads\/2022\/02\/3.2.-Metro.-Foto-Tony-Oliveira-Agencia-Brasilia2.jpeg\" \/>\n\t<meta property=\"og:image:width\" content=\"1280\" \/>\n\t<meta property=\"og:image:height\" content=\"853\" \/>\n\t<meta property=\"og:image:type\" content=\"image\/jpeg\" \/>\n<meta name=\"author\" content=\"Reda\u00e7\u00e3o\" \/>\n<meta name=\"twitter:card\" content=\"summary_large_image\" \/>\n<meta name=\"twitter:creator\" content=\"@Notibras\" \/>\n<meta name=\"twitter:site\" content=\"@Notibras\" \/>\n<meta name=\"twitter:label1\" content=\"Escrito por\" \/>\n\t<meta name=\"twitter:data1\" content=\"Reda\u00e7\u00e3o\" \/>\n\t<meta name=\"twitter:label2\" content=\"Est. tempo de leitura\" \/>\n\t<meta name=\"twitter:data2\" content=\"3 minutos\" \/>\n<script type=\"application\/ld+json\" class=\"yoast-schema-graph\">{\"@context\":\"https:\\\/\\\/schema.org\",\"@graph\":[{\"@type\":\"Article\",\"@id\":\"https:\\\/\\\/www.notibras.com\\\/site\\\/tribunal-manda-parar-ppp-do-metro-ate-edital-ser-corrigido\\\/#article\",\"isPartOf\":{\"@id\":\"https:\\\/\\\/www.notibras.com\\\/site\\\/tribunal-manda-parar-ppp-do-metro-ate-edital-ser-corrigido\\\/\"},\"author\":{\"name\":\"Reda\u00e7\u00e3o\",\"@id\":\"https:\\\/\\\/www.notibras.com\\\/site\\\/#\\\/schema\\\/person\\\/36ab0979449956132d3e5b517ea76ac8\"},\"headline\":\"Tribunal manda parar PPP do Metr\u00f4 at\u00e9 edital ser corrigido\",\"datePublished\":\"2024-04-19T03:01:21+00:00\",\"dateModified\":\"2024-04-19T04:24:38+00:00\",\"mainEntityOfPage\":{\"@id\":\"https:\\\/\\\/www.notibras.com\\\/site\\\/tribunal-manda-parar-ppp-do-metro-ate-edital-ser-corrigido\\\/\"},\"wordCount\":465,\"publisher\":{\"@id\":\"https:\\\/\\\/www.notibras.com\\\/site\\\/#organization\"},\"image\":{\"@id\":\"https:\\\/\\\/www.notibras.com\\\/site\\\/tribunal-manda-parar-ppp-do-metro-ate-edital-ser-corrigido\\\/#primaryimage\"},\"thumbnailUrl\":\"https:\\\/\\\/www.notibras.com\\\/site\\\/wp-content\\\/uploads\\\/2022\\\/02\\\/3.2.-Metro.-Foto-Tony-Oliveira-Agencia-Brasilia2.jpeg\",\"articleSection\":[\"Quadradinho em Foco\"],\"inLanguage\":\"pt-BR\"},{\"@type\":\"WebPage\",\"@id\":\"https:\\\/\\\/www.notibras.com\\\/site\\\/tribunal-manda-parar-ppp-do-metro-ate-edital-ser-corrigido\\\/\",\"url\":\"https:\\\/\\\/www.notibras.com\\\/site\\\/tribunal-manda-parar-ppp-do-metro-ate-edital-ser-corrigido\\\/\",\"name\":\"Tribunal manda parar PPP do Metr\u00f4 at\u00e9 edital ser corrigido - Notibras\",\"isPartOf\":{\"@id\":\"https:\\\/\\\/www.notibras.com\\\/site\\\/#website\"},\"primaryImageOfPage\":{\"@id\":\"https:\\\/\\\/www.notibras.com\\\/site\\\/tribunal-manda-parar-ppp-do-metro-ate-edital-ser-corrigido\\\/#primaryimage\"},\"image\":{\"@id\":\"https:\\\/\\\/www.notibras.com\\\/site\\\/tribunal-manda-parar-ppp-do-metro-ate-edital-ser-corrigido\\\/#primaryimage\"},\"thumbnailUrl\":\"https:\\\/\\\/www.notibras.com\\\/site\\\/wp-content\\\/uploads\\\/2022\\\/02\\\/3.2.-Metro.-Foto-Tony-Oliveira-Agencia-Brasilia2.jpeg\",\"datePublished\":\"2024-04-19T03:01:21+00:00\",\"dateModified\":\"2024-04-19T04:24:38+00:00\",\"breadcrumb\":{\"@id\":\"https:\\\/\\\/www.notibras.com\\\/site\\\/tribunal-manda-parar-ppp-do-metro-ate-edital-ser-corrigido\\\/#breadcrumb\"},\"inLanguage\":\"pt-BR\",\"potentialAction\":[{\"@type\":\"ReadAction\",\"target\":[\"https:\\\/\\\/www.notibras.com\\\/site\\\/tribunal-manda-parar-ppp-do-metro-ate-edital-ser-corrigido\\\/\"]}]},{\"@type\":\"ImageObject\",\"inLanguage\":\"pt-BR\",\"@id\":\"https:\\\/\\\/www.notibras.com\\\/site\\\/tribunal-manda-parar-ppp-do-metro-ate-edital-ser-corrigido\\\/#primaryimage\",\"url\":\"https:\\\/\\\/www.notibras.com\\\/site\\\/wp-content\\\/uploads\\\/2022\\\/02\\\/3.2.-Metro.-Foto-Tony-Oliveira-Agencia-Brasilia2.jpeg\",\"contentUrl\":\"https:\\\/\\\/www.notibras.com\\\/site\\\/wp-content\\\/uploads\\\/2022\\\/02\\\/3.2.-Metro.-Foto-Tony-Oliveira-Agencia-Brasilia2.jpeg\",\"width\":1280,\"height\":853},{\"@type\":\"BreadcrumbList\",\"@id\":\"https:\\\/\\\/www.notibras.com\\\/site\\\/tribunal-manda-parar-ppp-do-metro-ate-edital-ser-corrigido\\\/#breadcrumb\",\"itemListElement\":[{\"@type\":\"ListItem\",\"position\":1,\"name\":\"In\u00edcio\",\"item\":\"https:\\\/\\\/www.notibras.com\\\/site\\\/\"},{\"@type\":\"ListItem\",\"position\":2,\"name\":\"Tribunal manda parar PPP do Metr\u00f4 at\u00e9 edital ser corrigido\"}]},{\"@type\":\"WebSite\",\"@id\":\"https:\\\/\\\/www.notibras.com\\\/site\\\/#website\",\"url\":\"https:\\\/\\\/www.notibras.com\\\/site\\\/\",\"name\":\"Notibras\",\"description\":\"Not\u00edcias de Bras\u00edlia, do Brasil e do Mundo\",\"publisher\":{\"@id\":\"https:\\\/\\\/www.notibras.com\\\/site\\\/#organization\"},\"potentialAction\":[{\"@type\":\"SearchAction\",\"target\":{\"@type\":\"EntryPoint\",\"urlTemplate\":\"https:\\\/\\\/www.notibras.com\\\/site\\\/?s={search_term_string}\"},\"query-input\":{\"@type\":\"PropertyValueSpecification\",\"valueRequired\":true,\"valueName\":\"search_term_string\"}}],\"inLanguage\":\"pt-BR\"},{\"@type\":\"Organization\",\"@id\":\"https:\\\/\\\/www.notibras.com\\\/site\\\/#organization\",\"name\":\"Grupo Notibras de Comunica\u00e7\u00e3o\",\"url\":\"https:\\\/\\\/www.notibras.com\\\/site\\\/\",\"logo\":{\"@type\":\"ImageObject\",\"inLanguage\":\"pt-BR\",\"@id\":\"https:\\\/\\\/www.notibras.com\\\/site\\\/#\\\/schema\\\/logo\\\/image\\\/\",\"url\":\"https:\\\/\\\/www.notibras.com\\\/site\\\/wp-content\\\/uploads\\\/2023\\\/01\\\/notibras23.png\",\"contentUrl\":\"https:\\\/\\\/www.notibras.com\\\/site\\\/wp-content\\\/uploads\\\/2023\\\/01\\\/notibras23.png\",\"width\":350,\"height\":87,\"caption\":\"Grupo Notibras de Comunica\u00e7\u00e3o\"},\"image\":{\"@id\":\"https:\\\/\\\/www.notibras.com\\\/site\\\/#\\\/schema\\\/logo\\\/image\\\/\"},\"sameAs\":[\"https:\\\/\\\/www.facebook.com\\\/notibras\\\/\",\"https:\\\/\\\/x.com\\\/Notibras\",\"https:\\\/\\\/www.instagram.com\\\/notibras\\\/\"]},{\"@type\":\"Person\",\"@id\":\"https:\\\/\\\/www.notibras.com\\\/site\\\/#\\\/schema\\\/person\\\/36ab0979449956132d3e5b517ea76ac8\",\"name\":\"Reda\u00e7\u00e3o\",\"image\":{\"@type\":\"ImageObject\",\"inLanguage\":\"pt-BR\",\"@id\":\"https:\\\/\\\/secure.gravatar.com\\\/avatar\\\/e0a867bdedb85fd243eadf09663511f96fc81e0720a4a42581f334ad4303aa6b?s=96&d=mm&r=g\",\"url\":\"https:\\\/\\\/secure.gravatar.com\\\/avatar\\\/e0a867bdedb85fd243eadf09663511f96fc81e0720a4a42581f334ad4303aa6b?s=96&d=mm&r=g\",\"contentUrl\":\"https:\\\/\\\/secure.gravatar.com\\\/avatar\\\/e0a867bdedb85fd243eadf09663511f96fc81e0720a4a42581f334ad4303aa6b?s=96&d=mm&r=g\",\"caption\":\"Reda\u00e7\u00e3o\"}}]}<\/script>\n<!-- \/ Yoast SEO plugin. -->","yoast_head_json":{"title":"Tribunal manda parar PPP do Metr\u00f4 at\u00e9 edital ser corrigido - Notibras","robots":{"index":"index","follow":"follow","max-snippet":"max-snippet:-1","max-image-preview":"max-image-preview:large","max-video-preview":"max-video-preview:-1"},"canonical":"https:\/\/www.notibras.com\/site\/tribunal-manda-parar-ppp-do-metro-ate-edital-ser-corrigido\/","og_locale":"pt_BR","og_type":"article","og_title":"Tribunal manda parar PPP do Metr\u00f4 at\u00e9 edital ser corrigido - Notibras","og_description":"O Tribunal de Contas do Distrito Federal (TCDF) deu um prazo de 30 dias para a Casa Civil do DF (Caci\/DF) e a Companhia do Metropolitano do DF (Metr\u00f4\/DF) se pronunciarem sobre o interesse do Governo do DF em continuar com o projeto de parceria p\u00fablico-privada (PPP) do Metr\u00f4\/DF. Os \u00f3rg\u00e3os do GDF tamb\u00e9m devem [&hellip;]","og_url":"https:\/\/www.notibras.com\/site\/tribunal-manda-parar-ppp-do-metro-ate-edital-ser-corrigido\/","og_site_name":"Notibras","article_publisher":"https:\/\/www.facebook.com\/notibras\/","article_published_time":"2024-04-19T03:01:21+00:00","article_modified_time":"2024-04-19T04:24:38+00:00","og_image":[{"width":1280,"height":853,"url":"https:\/\/www.notibras.com\/site\/wp-content\/uploads\/2022\/02\/3.2.-Metro.-Foto-Tony-Oliveira-Agencia-Brasilia2.jpeg","type":"image\/jpeg"}],"author":"Reda\u00e7\u00e3o","twitter_card":"summary_large_image","twitter_creator":"@Notibras","twitter_site":"@Notibras","twitter_misc":{"Escrito por":"Reda\u00e7\u00e3o","Est. tempo de leitura":"3 minutos"},"schema":{"@context":"https:\/\/schema.org","@graph":[{"@type":"Article","@id":"https:\/\/www.notibras.com\/site\/tribunal-manda-parar-ppp-do-metro-ate-edital-ser-corrigido\/#article","isPartOf":{"@id":"https:\/\/www.notibras.com\/site\/tribunal-manda-parar-ppp-do-metro-ate-edital-ser-corrigido\/"},"author":{"name":"Reda\u00e7\u00e3o","@id":"https:\/\/www.notibras.com\/site\/#\/schema\/person\/36ab0979449956132d3e5b517ea76ac8"},"headline":"Tribunal manda parar PPP do Metr\u00f4 at\u00e9 edital ser corrigido","datePublished":"2024-04-19T03:01:21+00:00","dateModified":"2024-04-19T04:24:38+00:00","mainEntityOfPage":{"@id":"https:\/\/www.notibras.com\/site\/tribunal-manda-parar-ppp-do-metro-ate-edital-ser-corrigido\/"},"wordCount":465,"publisher":{"@id":"https:\/\/www.notibras.com\/site\/#organization"},"image":{"@id":"https:\/\/www.notibras.com\/site\/tribunal-manda-parar-ppp-do-metro-ate-edital-ser-corrigido\/#primaryimage"},"thumbnailUrl":"https:\/\/www.notibras.com\/site\/wp-content\/uploads\/2022\/02\/3.2.-Metro.-Foto-Tony-Oliveira-Agencia-Brasilia2.jpeg","articleSection":["Quadradinho em Foco"],"inLanguage":"pt-BR"},{"@type":"WebPage","@id":"https:\/\/www.notibras.com\/site\/tribunal-manda-parar-ppp-do-metro-ate-edital-ser-corrigido\/","url":"https:\/\/www.notibras.com\/site\/tribunal-manda-parar-ppp-do-metro-ate-edital-ser-corrigido\/","name":"Tribunal manda parar PPP do Metr\u00f4 at\u00e9 edital ser corrigido - Notibras","isPartOf":{"@id":"https:\/\/www.notibras.com\/site\/#website"},"primaryImageOfPage":{"@id":"https:\/\/www.notibras.com\/site\/tribunal-manda-parar-ppp-do-metro-ate-edital-ser-corrigido\/#primaryimage"},"image":{"@id":"https:\/\/www.notibras.com\/site\/tribunal-manda-parar-ppp-do-metro-ate-edital-ser-corrigido\/#primaryimage"},"thumbnailUrl":"https:\/\/www.notibras.com\/site\/wp-content\/uploads\/2022\/02\/3.2.-Metro.-Foto-Tony-Oliveira-Agencia-Brasilia2.jpeg","datePublished":"2024-04-19T03:01:21+00:00","dateModified":"2024-04-19T04:24:38+00:00","breadcrumb":{"@id":"https:\/\/www.notibras.com\/site\/tribunal-manda-parar-ppp-do-metro-ate-edital-ser-corrigido\/#breadcrumb"},"inLanguage":"pt-BR","potentialAction":[{"@type":"ReadAction","target":["https:\/\/www.notibras.com\/site\/tribunal-manda-parar-ppp-do-metro-ate-edital-ser-corrigido\/"]}]},{"@type":"ImageObject","inLanguage":"pt-BR","@id":"https:\/\/www.notibras.com\/site\/tribunal-manda-parar-ppp-do-metro-ate-edital-ser-corrigido\/#primaryimage","url":"https:\/\/www.notibras.com\/site\/wp-content\/uploads\/2022\/02\/3.2.-Metro.-Foto-Tony-Oliveira-Agencia-Brasilia2.jpeg","contentUrl":"https:\/\/www.notibras.com\/site\/wp-content\/uploads\/2022\/02\/3.2.-Metro.-Foto-Tony-Oliveira-Agencia-Brasilia2.jpeg","width":1280,"height":853},{"@type":"BreadcrumbList","@id":"https:\/\/www.notibras.com\/site\/tribunal-manda-parar-ppp-do-metro-ate-edital-ser-corrigido\/#breadcrumb","itemListElement":[{"@type":"ListItem","position":1,"name":"In\u00edcio","item":"https:\/\/www.notibras.com\/site\/"},{"@type":"ListItem","position":2,"name":"Tribunal manda parar PPP do Metr\u00f4 at\u00e9 edital ser corrigido"}]},{"@type":"WebSite","@id":"https:\/\/www.notibras.com\/site\/#website","url":"https:\/\/www.notibras.com\/site\/","name":"Notibras","description":"Not\u00edcias de Bras\u00edlia, do Brasil e do Mundo","publisher":{"@id":"https:\/\/www.notibras.com\/site\/#organization"},"potentialAction":[{"@type":"SearchAction","target":{"@type":"EntryPoint","urlTemplate":"https:\/\/www.notibras.com\/site\/?s={search_term_string}"},"query-input":{"@type":"PropertyValueSpecification","valueRequired":true,"valueName":"search_term_string"}}],"inLanguage":"pt-BR"},{"@type":"Organization","@id":"https:\/\/www.notibras.com\/site\/#organization","name":"Grupo Notibras de Comunica\u00e7\u00e3o","url":"https:\/\/www.notibras.com\/site\/","logo":{"@type":"ImageObject","inLanguage":"pt-BR","@id":"https:\/\/www.notibras.com\/site\/#\/schema\/logo\/image\/","url":"https:\/\/www.notibras.com\/site\/wp-content\/uploads\/2023\/01\/notibras23.png","contentUrl":"https:\/\/www.notibras.com\/site\/wp-content\/uploads\/2023\/01\/notibras23.png","width":350,"height":87,"caption":"Grupo Notibras de Comunica\u00e7\u00e3o"},"image":{"@id":"https:\/\/www.notibras.com\/site\/#\/schema\/logo\/image\/"},"sameAs":["https:\/\/www.facebook.com\/notibras\/","https:\/\/x.com\/Notibras","https:\/\/www.instagram.com\/notibras\/"]},{"@type":"Person","@id":"https:\/\/www.notibras.com\/site\/#\/schema\/person\/36ab0979449956132d3e5b517ea76ac8","name":"Reda\u00e7\u00e3o","image":{"@type":"ImageObject","inLanguage":"pt-BR","@id":"https:\/\/secure.gravatar.com\/avatar\/e0a867bdedb85fd243eadf09663511f96fc81e0720a4a42581f334ad4303aa6b?s=96&d=mm&r=g","url":"https:\/\/secure.gravatar.com\/avatar\/e0a867bdedb85fd243eadf09663511f96fc81e0720a4a42581f334ad4303aa6b?s=96&d=mm&r=g","contentUrl":"https:\/\/secure.gravatar.com\/avatar\/e0a867bdedb85fd243eadf09663511f96fc81e0720a4a42581f334ad4303aa6b?s=96&d=mm&r=g","caption":"Reda\u00e7\u00e3o"}}]}},"amp_enabled":true,"_links":{"self":[{"href":"https:\/\/www.notibras.com\/site\/wp-json\/wp\/v2\/posts\/327009","targetHints":{"allow":["GET"]}}],"collection":[{"href":"https:\/\/www.notibras.com\/site\/wp-json\/wp\/v2\/posts"}],"about":[{"href":"https:\/\/www.notibras.com\/site\/wp-json\/wp\/v2\/types\/post"}],"author":[{"embeddable":true,"href":"https:\/\/www.notibras.com\/site\/wp-json\/wp\/v2\/users\/2"}],"replies":[{"embeddable":true,"href":"https:\/\/www.notibras.com\/site\/wp-json\/wp\/v2\/comments?post=327009"}],"version-history":[{"count":1,"href":"https:\/\/www.notibras.com\/site\/wp-json\/wp\/v2\/posts\/327009\/revisions"}],"predecessor-version":[{"id":327010,"href":"https:\/\/www.notibras.com\/site\/wp-json\/wp\/v2\/posts\/327009\/revisions\/327010"}],"wp:featuredmedia":[{"embeddable":true,"href":"https:\/\/www.notibras.com\/site\/wp-json\/wp\/v2\/media\/279552"}],"wp:attachment":[{"href":"https:\/\/www.notibras.com\/site\/wp-json\/wp\/v2\/media?parent=327009"}],"wp:term":[{"taxonomy":"category","embeddable":true,"href":"https:\/\/www.notibras.com\/site\/wp-json\/wp\/v2\/categories?post=327009"},{"taxonomy":"post_tag","embeddable":true,"href":"https:\/\/www.notibras.com\/site\/wp-json\/wp\/v2\/tags?post=327009"}],"curies":[{"name":"wp","href":"https:\/\/api.w.org\/{rel}","templated":true}]}}