{"id":327011,"date":"2024-04-19T05:39:43","date_gmt":"2024-04-19T08:39:43","guid":{"rendered":"https:\/\/www.notibras.com\/site\/?p=327011"},"modified":"2024-04-19T01:42:53","modified_gmt":"2024-04-19T04:42:53","slug":"vovo-e-a-fotografia-de-1910-oferecida-por-100-levada-por-30","status":"publish","type":"post","link":"https:\/\/www.notibras.com\/site\/vovo-e-a-fotografia-de-1910-oferecida-por-100-levada-por-30\/","title":{"rendered":"Vov\u00f3 e a fotografia de 1910, oferecida por 100, levada por 30"},"content":{"rendered":"<p>Vov\u00f3 hoje deu para recorda\u00e7\u00f5es. Mal coloquei o p\u00e9 na sala, ela j\u00e1 me mandou ir at\u00e9 a estante e pegar um grosso volume debaixo de um jarro de flores de pl\u00e1stico. Um \u00e1lbum de fotografias, que, ao abri-lo, percebi que h\u00e1 muito n\u00e3o era aberto, pois foi poss\u00edvel enxergar a poeira que subiu, gra\u00e7as \u00e0 luz que entrava pela janela entreaberta.<\/p>\n<p>Minha av\u00f3 me mandou sentar ao seu lado no sof\u00e1 de tr\u00eas lugares. Do seu outro lado j\u00e1 se encontrava o Virgulino, gato vira-lata que poderia se passar por angor\u00e1 aos olhos de algu\u00e9m menos avisado, tamanha exuber\u00e2ncia da sua pelagem. N\u00e3o era puro, mas isso n\u00e3o era empecilho para os mimos de vov\u00f3, que os atendia sem reservas, apesar dos protestos de vov\u00f4, que andava cada vez mais entretido com a pr\u00f3pria rabugice.<\/p>\n<p>As primeiras fotografias, diversas que me recordavam de t\u00ea-las visto no meu tempo de menino, continuavam l\u00e1. Algumas desbotadas, outras querendo se despregar por conta da cola vencida. Meu bisav\u00f4, sentado em uma poltrona, era a que mais conhecia, mesmo porque havia um porta-retratos com uma c\u00f3pia maior bem na mesinha de centro. Seus olhos claros se destacavam, apesar do preto e branco da fotografia.<\/p>\n<p>\u2014 Papai possu\u00eda os olhos azuis que nem c\u00e9u em dia de brincar no parque. Nenhum dos filhos puxou os olhos dele. Os seus lembram um pouco os do dele, mas os de papai eram mais bonitos.<\/p>\n<p>Ao lado da fotografia do meu bisav\u00f4, encontrava-se a minha bisav\u00f3. Ela estava diante do port\u00e3o da antiga casa da fam\u00edlia. Era n\u00edtida a semelhan\u00e7a da minha av\u00f3 com sua m\u00e3e. No entanto, a filha, hoje aos 80, poderia se passar por av\u00f3 da pr\u00f3pria m\u00e3e, que, no retrato, deveria estar perto dos 30 anos.<\/p>\n<p>V\u00e1rias p\u00e1ginas viradas, vov\u00f3 contando uma coisa ou outra sobre as pessoas, inclusive sobre um cachorro que surgiu ao lado do irm\u00e3o, meu tio-av\u00f4 Reynaldo. Ela me contou que o danado aprendia truques novos a cada semana, o que divertia a fam\u00edlia. Mas eis que uma fotografia me chamou a aten\u00e7\u00e3o. Datava de 1910, que sabia ser bem antes do nascimento da minha av\u00f3.<\/p>\n<p>\u2014 N\u00e3o sei de onde \u00e9 essa, Jorge. Mas h\u00e1 dois ou tr\u00eas anos estava passeando e me deparei com ela numa banca de camel\u00f4. N\u00e3o tive d\u00favida e resolvi compr\u00e1-la. O homem queria vend\u00ea-la por 100 reais. Disse que pagava 10, mas acabamos negociando por 30.<\/p>\n<p>\u2014 Excelente neg\u00f3cio, vov\u00f3!<\/p>\n<p>\u2014 \u00c9 uma belezura, n\u00e3o \u00e9?<\/p>\n<p>\u2014 Linda!<\/p>\n<p>\u2014 Pois ela \u00e9 sua. Mas com uma condi\u00e7\u00e3o!<\/p>\n<p>\u2014 Que condi\u00e7\u00e3o, vov\u00f3?<\/p>\n<p>\u2014 Escreva uma hist\u00f3ria sobre ela.<\/p>\n","protected":false},"excerpt":{"rendered":"<p>Vov\u00f3 hoje deu para recorda\u00e7\u00f5es. Mal coloquei o p\u00e9 na sala, ela j\u00e1 me mandou ir at\u00e9 a estante e pegar um grosso volume debaixo de um jarro de flores de pl\u00e1stico. Um \u00e1lbum de fotografias, que, ao abri-lo, percebi que h\u00e1 muito n\u00e3o era aberto, pois foi poss\u00edvel enxergar a poeira que subiu, gra\u00e7as [&hellip;]<\/p>\n","protected":false},"author":2,"featured_media":327012,"comment_status":"closed","ping_status":"closed","sticky":false,"template":"","format":"standard","meta":{"_acf_changed":false,"footnotes":""},"categories":[161],"tags":[],"class_list":["post-327011","post","type-post","status-publish","format-standard","has-post-thumbnail","hentry","category-quadradinho-em-foco"],"acf":[],"yoast_head":"<!-- This site is optimized with the Yoast SEO plugin v27.5 - https:\/\/yoast.com\/product\/yoast-seo-wordpress\/ -->\n<title>Vov\u00f3 e a fotografia de 1910, oferecida por 100, levada por 30 - Notibras<\/title>\n<meta name=\"robots\" content=\"index, follow, max-snippet:-1, max-image-preview:large, max-video-preview:-1\" \/>\n<link rel=\"canonical\" href=\"https:\/\/www.notibras.com\/site\/vovo-e-a-fotografia-de-1910-oferecida-por-100-levada-por-30\/\" \/>\n<meta property=\"og:locale\" content=\"pt_BR\" \/>\n<meta property=\"og:type\" content=\"article\" \/>\n<meta property=\"og:title\" content=\"Vov\u00f3 e a fotografia de 1910, oferecida por 100, levada por 30 - Notibras\" \/>\n<meta property=\"og:description\" content=\"Vov\u00f3 hoje deu para recorda\u00e7\u00f5es. Mal coloquei o p\u00e9 na sala, ela j\u00e1 me mandou ir at\u00e9 a estante e pegar um grosso volume debaixo de um jarro de flores de pl\u00e1stico. Um \u00e1lbum de fotografias, que, ao abri-lo, percebi que h\u00e1 muito n\u00e3o era aberto, pois foi poss\u00edvel enxergar a poeira que subiu, gra\u00e7as [&hellip;]\" \/>\n<meta property=\"og:url\" content=\"https:\/\/www.notibras.com\/site\/vovo-e-a-fotografia-de-1910-oferecida-por-100-levada-por-30\/\" \/>\n<meta property=\"og:site_name\" content=\"Notibras\" \/>\n<meta property=\"article:publisher\" content=\"https:\/\/www.facebook.com\/notibras\/\" \/>\n<meta property=\"article:published_time\" content=\"2024-04-19T08:39:43+00:00\" \/>\n<meta property=\"og:image\" content=\"https:\/\/www.notibras.com\/site\/wp-content\/uploads\/2024\/04\/6649e492-5dbf-4e86-9c0a-189645ee0ed8.jpg\" \/>\n\t<meta property=\"og:image:width\" content=\"256\" \/>\n\t<meta property=\"og:image:height\" content=\"320\" \/>\n\t<meta property=\"og:image:type\" content=\"image\/jpeg\" \/>\n<meta name=\"author\" content=\"Reda\u00e7\u00e3o\" \/>\n<meta name=\"twitter:card\" content=\"summary_large_image\" \/>\n<meta name=\"twitter:creator\" content=\"@Notibras\" \/>\n<meta name=\"twitter:site\" content=\"@Notibras\" \/>\n<meta name=\"twitter:label1\" content=\"Escrito por\" \/>\n\t<meta name=\"twitter:data1\" content=\"Reda\u00e7\u00e3o\" \/>\n\t<meta name=\"twitter:label2\" content=\"Est. tempo de leitura\" \/>\n\t<meta name=\"twitter:data2\" content=\"3 minutos\" \/>\n<script type=\"application\/ld+json\" class=\"yoast-schema-graph\">{\"@context\":\"https:\\\/\\\/schema.org\",\"@graph\":[{\"@type\":\"Article\",\"@id\":\"https:\\\/\\\/www.notibras.com\\\/site\\\/vovo-e-a-fotografia-de-1910-oferecida-por-100-levada-por-30\\\/#article\",\"isPartOf\":{\"@id\":\"https:\\\/\\\/www.notibras.com\\\/site\\\/vovo-e-a-fotografia-de-1910-oferecida-por-100-levada-por-30\\\/\"},\"author\":{\"name\":\"Reda\u00e7\u00e3o\",\"@id\":\"https:\\\/\\\/www.notibras.com\\\/site\\\/#\\\/schema\\\/person\\\/36ab0979449956132d3e5b517ea76ac8\"},\"headline\":\"Vov\u00f3 e a fotografia de 1910, oferecida por 100, levada por 30\",\"datePublished\":\"2024-04-19T08:39:43+00:00\",\"mainEntityOfPage\":{\"@id\":\"https:\\\/\\\/www.notibras.com\\\/site\\\/vovo-e-a-fotografia-de-1910-oferecida-por-100-levada-por-30\\\/\"},\"wordCount\":463,\"publisher\":{\"@id\":\"https:\\\/\\\/www.notibras.com\\\/site\\\/#organization\"},\"image\":{\"@id\":\"https:\\\/\\\/www.notibras.com\\\/site\\\/vovo-e-a-fotografia-de-1910-oferecida-por-100-levada-por-30\\\/#primaryimage\"},\"thumbnailUrl\":\"https:\\\/\\\/www.notibras.com\\\/site\\\/wp-content\\\/uploads\\\/2024\\\/04\\\/6649e492-5dbf-4e86-9c0a-189645ee0ed8.jpg\",\"articleSection\":[\"Quadradinho em Foco\"],\"inLanguage\":\"pt-BR\"},{\"@type\":\"WebPage\",\"@id\":\"https:\\\/\\\/www.notibras.com\\\/site\\\/vovo-e-a-fotografia-de-1910-oferecida-por-100-levada-por-30\\\/\",\"url\":\"https:\\\/\\\/www.notibras.com\\\/site\\\/vovo-e-a-fotografia-de-1910-oferecida-por-100-levada-por-30\\\/\",\"name\":\"Vov\u00f3 e a fotografia de 1910, oferecida por 100, levada por 30 - Notibras\",\"isPartOf\":{\"@id\":\"https:\\\/\\\/www.notibras.com\\\/site\\\/#website\"},\"primaryImageOfPage\":{\"@id\":\"https:\\\/\\\/www.notibras.com\\\/site\\\/vovo-e-a-fotografia-de-1910-oferecida-por-100-levada-por-30\\\/#primaryimage\"},\"image\":{\"@id\":\"https:\\\/\\\/www.notibras.com\\\/site\\\/vovo-e-a-fotografia-de-1910-oferecida-por-100-levada-por-30\\\/#primaryimage\"},\"thumbnailUrl\":\"https:\\\/\\\/www.notibras.com\\\/site\\\/wp-content\\\/uploads\\\/2024\\\/04\\\/6649e492-5dbf-4e86-9c0a-189645ee0ed8.jpg\",\"datePublished\":\"2024-04-19T08:39:43+00:00\",\"breadcrumb\":{\"@id\":\"https:\\\/\\\/www.notibras.com\\\/site\\\/vovo-e-a-fotografia-de-1910-oferecida-por-100-levada-por-30\\\/#breadcrumb\"},\"inLanguage\":\"pt-BR\",\"potentialAction\":[{\"@type\":\"ReadAction\",\"target\":[\"https:\\\/\\\/www.notibras.com\\\/site\\\/vovo-e-a-fotografia-de-1910-oferecida-por-100-levada-por-30\\\/\"]}]},{\"@type\":\"ImageObject\",\"inLanguage\":\"pt-BR\",\"@id\":\"https:\\\/\\\/www.notibras.com\\\/site\\\/vovo-e-a-fotografia-de-1910-oferecida-por-100-levada-por-30\\\/#primaryimage\",\"url\":\"https:\\\/\\\/www.notibras.com\\\/site\\\/wp-content\\\/uploads\\\/2024\\\/04\\\/6649e492-5dbf-4e86-9c0a-189645ee0ed8.jpg\",\"contentUrl\":\"https:\\\/\\\/www.notibras.com\\\/site\\\/wp-content\\\/uploads\\\/2024\\\/04\\\/6649e492-5dbf-4e86-9c0a-189645ee0ed8.jpg\",\"width\":256,\"height\":320},{\"@type\":\"BreadcrumbList\",\"@id\":\"https:\\\/\\\/www.notibras.com\\\/site\\\/vovo-e-a-fotografia-de-1910-oferecida-por-100-levada-por-30\\\/#breadcrumb\",\"itemListElement\":[{\"@type\":\"ListItem\",\"position\":1,\"name\":\"In\u00edcio\",\"item\":\"https:\\\/\\\/www.notibras.com\\\/site\\\/\"},{\"@type\":\"ListItem\",\"position\":2,\"name\":\"Vov\u00f3 e a fotografia de 1910, oferecida por 100, levada por 30\"}]},{\"@type\":\"WebSite\",\"@id\":\"https:\\\/\\\/www.notibras.com\\\/site\\\/#website\",\"url\":\"https:\\\/\\\/www.notibras.com\\\/site\\\/\",\"name\":\"Notibras\",\"description\":\"Not\u00edcias de Bras\u00edlia, do Brasil e do Mundo\",\"publisher\":{\"@id\":\"https:\\\/\\\/www.notibras.com\\\/site\\\/#organization\"},\"potentialAction\":[{\"@type\":\"SearchAction\",\"target\":{\"@type\":\"EntryPoint\",\"urlTemplate\":\"https:\\\/\\\/www.notibras.com\\\/site\\\/?s={search_term_string}\"},\"query-input\":{\"@type\":\"PropertyValueSpecification\",\"valueRequired\":true,\"valueName\":\"search_term_string\"}}],\"inLanguage\":\"pt-BR\"},{\"@type\":\"Organization\",\"@id\":\"https:\\\/\\\/www.notibras.com\\\/site\\\/#organization\",\"name\":\"Grupo Notibras de Comunica\u00e7\u00e3o\",\"url\":\"https:\\\/\\\/www.notibras.com\\\/site\\\/\",\"logo\":{\"@type\":\"ImageObject\",\"inLanguage\":\"pt-BR\",\"@id\":\"https:\\\/\\\/www.notibras.com\\\/site\\\/#\\\/schema\\\/logo\\\/image\\\/\",\"url\":\"https:\\\/\\\/www.notibras.com\\\/site\\\/wp-content\\\/uploads\\\/2023\\\/01\\\/notibras23.png\",\"contentUrl\":\"https:\\\/\\\/www.notibras.com\\\/site\\\/wp-content\\\/uploads\\\/2023\\\/01\\\/notibras23.png\",\"width\":350,\"height\":87,\"caption\":\"Grupo Notibras de Comunica\u00e7\u00e3o\"},\"image\":{\"@id\":\"https:\\\/\\\/www.notibras.com\\\/site\\\/#\\\/schema\\\/logo\\\/image\\\/\"},\"sameAs\":[\"https:\\\/\\\/www.facebook.com\\\/notibras\\\/\",\"https:\\\/\\\/x.com\\\/Notibras\",\"https:\\\/\\\/www.instagram.com\\\/notibras\\\/\"]},{\"@type\":\"Person\",\"@id\":\"https:\\\/\\\/www.notibras.com\\\/site\\\/#\\\/schema\\\/person\\\/36ab0979449956132d3e5b517ea76ac8\",\"name\":\"Reda\u00e7\u00e3o\",\"image\":{\"@type\":\"ImageObject\",\"inLanguage\":\"pt-BR\",\"@id\":\"https:\\\/\\\/secure.gravatar.com\\\/avatar\\\/e0a867bdedb85fd243eadf09663511f96fc81e0720a4a42581f334ad4303aa6b?s=96&d=mm&r=g\",\"url\":\"https:\\\/\\\/secure.gravatar.com\\\/avatar\\\/e0a867bdedb85fd243eadf09663511f96fc81e0720a4a42581f334ad4303aa6b?s=96&d=mm&r=g\",\"contentUrl\":\"https:\\\/\\\/secure.gravatar.com\\\/avatar\\\/e0a867bdedb85fd243eadf09663511f96fc81e0720a4a42581f334ad4303aa6b?s=96&d=mm&r=g\",\"caption\":\"Reda\u00e7\u00e3o\"}}]}<\/script>\n<!-- \/ Yoast SEO plugin. -->","yoast_head_json":{"title":"Vov\u00f3 e a fotografia de 1910, oferecida por 100, levada por 30 - Notibras","robots":{"index":"index","follow":"follow","max-snippet":"max-snippet:-1","max-image-preview":"max-image-preview:large","max-video-preview":"max-video-preview:-1"},"canonical":"https:\/\/www.notibras.com\/site\/vovo-e-a-fotografia-de-1910-oferecida-por-100-levada-por-30\/","og_locale":"pt_BR","og_type":"article","og_title":"Vov\u00f3 e a fotografia de 1910, oferecida por 100, levada por 30 - Notibras","og_description":"Vov\u00f3 hoje deu para recorda\u00e7\u00f5es. Mal coloquei o p\u00e9 na sala, ela j\u00e1 me mandou ir at\u00e9 a estante e pegar um grosso volume debaixo de um jarro de flores de pl\u00e1stico. Um \u00e1lbum de fotografias, que, ao abri-lo, percebi que h\u00e1 muito n\u00e3o era aberto, pois foi poss\u00edvel enxergar a poeira que subiu, gra\u00e7as [&hellip;]","og_url":"https:\/\/www.notibras.com\/site\/vovo-e-a-fotografia-de-1910-oferecida-por-100-levada-por-30\/","og_site_name":"Notibras","article_publisher":"https:\/\/www.facebook.com\/notibras\/","article_published_time":"2024-04-19T08:39:43+00:00","og_image":[{"width":256,"height":320,"url":"https:\/\/www.notibras.com\/site\/wp-content\/uploads\/2024\/04\/6649e492-5dbf-4e86-9c0a-189645ee0ed8.jpg","type":"image\/jpeg"}],"author":"Reda\u00e7\u00e3o","twitter_card":"summary_large_image","twitter_creator":"@Notibras","twitter_site":"@Notibras","twitter_misc":{"Escrito por":"Reda\u00e7\u00e3o","Est. tempo de leitura":"3 minutos"},"schema":{"@context":"https:\/\/schema.org","@graph":[{"@type":"Article","@id":"https:\/\/www.notibras.com\/site\/vovo-e-a-fotografia-de-1910-oferecida-por-100-levada-por-30\/#article","isPartOf":{"@id":"https:\/\/www.notibras.com\/site\/vovo-e-a-fotografia-de-1910-oferecida-por-100-levada-por-30\/"},"author":{"name":"Reda\u00e7\u00e3o","@id":"https:\/\/www.notibras.com\/site\/#\/schema\/person\/36ab0979449956132d3e5b517ea76ac8"},"headline":"Vov\u00f3 e a fotografia de 1910, oferecida por 100, levada por 30","datePublished":"2024-04-19T08:39:43+00:00","mainEntityOfPage":{"@id":"https:\/\/www.notibras.com\/site\/vovo-e-a-fotografia-de-1910-oferecida-por-100-levada-por-30\/"},"wordCount":463,"publisher":{"@id":"https:\/\/www.notibras.com\/site\/#organization"},"image":{"@id":"https:\/\/www.notibras.com\/site\/vovo-e-a-fotografia-de-1910-oferecida-por-100-levada-por-30\/#primaryimage"},"thumbnailUrl":"https:\/\/www.notibras.com\/site\/wp-content\/uploads\/2024\/04\/6649e492-5dbf-4e86-9c0a-189645ee0ed8.jpg","articleSection":["Quadradinho em Foco"],"inLanguage":"pt-BR"},{"@type":"WebPage","@id":"https:\/\/www.notibras.com\/site\/vovo-e-a-fotografia-de-1910-oferecida-por-100-levada-por-30\/","url":"https:\/\/www.notibras.com\/site\/vovo-e-a-fotografia-de-1910-oferecida-por-100-levada-por-30\/","name":"Vov\u00f3 e a fotografia de 1910, oferecida por 100, levada por 30 - Notibras","isPartOf":{"@id":"https:\/\/www.notibras.com\/site\/#website"},"primaryImageOfPage":{"@id":"https:\/\/www.notibras.com\/site\/vovo-e-a-fotografia-de-1910-oferecida-por-100-levada-por-30\/#primaryimage"},"image":{"@id":"https:\/\/www.notibras.com\/site\/vovo-e-a-fotografia-de-1910-oferecida-por-100-levada-por-30\/#primaryimage"},"thumbnailUrl":"https:\/\/www.notibras.com\/site\/wp-content\/uploads\/2024\/04\/6649e492-5dbf-4e86-9c0a-189645ee0ed8.jpg","datePublished":"2024-04-19T08:39:43+00:00","breadcrumb":{"@id":"https:\/\/www.notibras.com\/site\/vovo-e-a-fotografia-de-1910-oferecida-por-100-levada-por-30\/#breadcrumb"},"inLanguage":"pt-BR","potentialAction":[{"@type":"ReadAction","target":["https:\/\/www.notibras.com\/site\/vovo-e-a-fotografia-de-1910-oferecida-por-100-levada-por-30\/"]}]},{"@type":"ImageObject","inLanguage":"pt-BR","@id":"https:\/\/www.notibras.com\/site\/vovo-e-a-fotografia-de-1910-oferecida-por-100-levada-por-30\/#primaryimage","url":"https:\/\/www.notibras.com\/site\/wp-content\/uploads\/2024\/04\/6649e492-5dbf-4e86-9c0a-189645ee0ed8.jpg","contentUrl":"https:\/\/www.notibras.com\/site\/wp-content\/uploads\/2024\/04\/6649e492-5dbf-4e86-9c0a-189645ee0ed8.jpg","width":256,"height":320},{"@type":"BreadcrumbList","@id":"https:\/\/www.notibras.com\/site\/vovo-e-a-fotografia-de-1910-oferecida-por-100-levada-por-30\/#breadcrumb","itemListElement":[{"@type":"ListItem","position":1,"name":"In\u00edcio","item":"https:\/\/www.notibras.com\/site\/"},{"@type":"ListItem","position":2,"name":"Vov\u00f3 e a fotografia de 1910, oferecida por 100, levada por 30"}]},{"@type":"WebSite","@id":"https:\/\/www.notibras.com\/site\/#website","url":"https:\/\/www.notibras.com\/site\/","name":"Notibras","description":"Not\u00edcias de Bras\u00edlia, do Brasil e do Mundo","publisher":{"@id":"https:\/\/www.notibras.com\/site\/#organization"},"potentialAction":[{"@type":"SearchAction","target":{"@type":"EntryPoint","urlTemplate":"https:\/\/www.notibras.com\/site\/?s={search_term_string}"},"query-input":{"@type":"PropertyValueSpecification","valueRequired":true,"valueName":"search_term_string"}}],"inLanguage":"pt-BR"},{"@type":"Organization","@id":"https:\/\/www.notibras.com\/site\/#organization","name":"Grupo Notibras de Comunica\u00e7\u00e3o","url":"https:\/\/www.notibras.com\/site\/","logo":{"@type":"ImageObject","inLanguage":"pt-BR","@id":"https:\/\/www.notibras.com\/site\/#\/schema\/logo\/image\/","url":"https:\/\/www.notibras.com\/site\/wp-content\/uploads\/2023\/01\/notibras23.png","contentUrl":"https:\/\/www.notibras.com\/site\/wp-content\/uploads\/2023\/01\/notibras23.png","width":350,"height":87,"caption":"Grupo Notibras de Comunica\u00e7\u00e3o"},"image":{"@id":"https:\/\/www.notibras.com\/site\/#\/schema\/logo\/image\/"},"sameAs":["https:\/\/www.facebook.com\/notibras\/","https:\/\/x.com\/Notibras","https:\/\/www.instagram.com\/notibras\/"]},{"@type":"Person","@id":"https:\/\/www.notibras.com\/site\/#\/schema\/person\/36ab0979449956132d3e5b517ea76ac8","name":"Reda\u00e7\u00e3o","image":{"@type":"ImageObject","inLanguage":"pt-BR","@id":"https:\/\/secure.gravatar.com\/avatar\/e0a867bdedb85fd243eadf09663511f96fc81e0720a4a42581f334ad4303aa6b?s=96&d=mm&r=g","url":"https:\/\/secure.gravatar.com\/avatar\/e0a867bdedb85fd243eadf09663511f96fc81e0720a4a42581f334ad4303aa6b?s=96&d=mm&r=g","contentUrl":"https:\/\/secure.gravatar.com\/avatar\/e0a867bdedb85fd243eadf09663511f96fc81e0720a4a42581f334ad4303aa6b?s=96&d=mm&r=g","caption":"Reda\u00e7\u00e3o"}}]}},"amp_enabled":true,"_links":{"self":[{"href":"https:\/\/www.notibras.com\/site\/wp-json\/wp\/v2\/posts\/327011","targetHints":{"allow":["GET"]}}],"collection":[{"href":"https:\/\/www.notibras.com\/site\/wp-json\/wp\/v2\/posts"}],"about":[{"href":"https:\/\/www.notibras.com\/site\/wp-json\/wp\/v2\/types\/post"}],"author":[{"embeddable":true,"href":"https:\/\/www.notibras.com\/site\/wp-json\/wp\/v2\/users\/2"}],"replies":[{"embeddable":true,"href":"https:\/\/www.notibras.com\/site\/wp-json\/wp\/v2\/comments?post=327011"}],"version-history":[{"count":1,"href":"https:\/\/www.notibras.com\/site\/wp-json\/wp\/v2\/posts\/327011\/revisions"}],"predecessor-version":[{"id":327013,"href":"https:\/\/www.notibras.com\/site\/wp-json\/wp\/v2\/posts\/327011\/revisions\/327013"}],"wp:featuredmedia":[{"embeddable":true,"href":"https:\/\/www.notibras.com\/site\/wp-json\/wp\/v2\/media\/327012"}],"wp:attachment":[{"href":"https:\/\/www.notibras.com\/site\/wp-json\/wp\/v2\/media?parent=327011"}],"wp:term":[{"taxonomy":"category","embeddable":true,"href":"https:\/\/www.notibras.com\/site\/wp-json\/wp\/v2\/categories?post=327011"},{"taxonomy":"post_tag","embeddable":true,"href":"https:\/\/www.notibras.com\/site\/wp-json\/wp\/v2\/tags?post=327011"}],"curies":[{"name":"wp","href":"https:\/\/api.w.org\/{rel}","templated":true}]}}