{"id":327054,"date":"2024-04-20T00:00:44","date_gmt":"2024-04-20T03:00:44","guid":{"rendered":"https:\/\/www.notibras.com\/site\/?p=327054"},"modified":"2024-04-20T09:14:38","modified_gmt":"2024-04-20T12:14:38","slug":"governo-dara-mais-comida-a-pessoas-em-situacao-de-rua","status":"publish","type":"post","link":"https:\/\/www.notibras.com\/site\/governo-dara-mais-comida-a-pessoas-em-situacao-de-rua\/","title":{"rendered":"Governo dar\u00e1 mais comida a pessoas em situa\u00e7\u00e3o de rua"},"content":{"rendered":"<p>O Governo do Distrito Federal publicou nesta sexta-feira (19), no Di\u00e1rio Oficial do Distrito Federal o Decreto n\u00ba 45.715, que amplia a quantidade de refei\u00e7\u00f5es servidas gratuitamente para a popula\u00e7\u00e3o em situa\u00e7\u00e3o de rua nos restaurantes comunit\u00e1rios do DF. A medida altera o Decreto n\u00ba 33.329, de 10\/11\/2011, que regulamenta a Lei n\u00ba 4.601, de 14 de julho de 2011, respons\u00e1vel por instituir o Plano pela Supera\u00e7\u00e3o da Extrema Pobreza \u2013 DF sem Mis\u00e9ria.<\/p>\n<p>Com as novas determina\u00e7\u00f5es, ser\u00e3o servidos, sem custo, caf\u00e9 da manh\u00e3, almo\u00e7o e jantar para as pessoas em situa\u00e7\u00e3o de rua. Atualmente, esse p\u00fablico, acompanhado pelas equipes do Servi\u00e7o Especializado em Abordagem Social (Seas), j\u00e1 pode almo\u00e7ar gratuitamente nos 16 restaurantes comunit\u00e1rios do DF; e, nas duas unidades do Centro de Refer\u00eancia para Popula\u00e7\u00e3o em Situa\u00e7\u00e3o de Rua (Centros Pop) em Taguatinga e no Plano Piloto, tem direito a quatro refei\u00e7\u00f5es por dia (caf\u00e9 da manh\u00e3, almo\u00e7o, jantar e lanche).<\/p>\n<p><strong>Demanda<\/strong><br \/>\nCom o decreto, a Secretaria de Desenvolvimento Social (Sedes) vai incluir a oferta de caf\u00e9 da manh\u00e3 e jantar para a popula\u00e7\u00e3o em situa\u00e7\u00e3o de rua, aditivando os contratos com as empresas terceirizadas respons\u00e1veis pela gest\u00e3o e produ\u00e7\u00e3o das refei\u00e7\u00f5es.<\/p>\n<p>\u201cNo contexto de amplia\u00e7\u00e3o da demanda, \u00e9 preciso fazer um ajuste no contrato para operacionalizar a oferta de refei\u00e7\u00f5es para a popula\u00e7\u00e3o de rua\u201d, explica a titular da Sedes, Ana Paula Marra. No DF, hoje, as tr\u00eas refei\u00e7\u00f5es s\u00e3o oferecidas diariamente nos restaurantes comunit\u00e1rios de Arniqueira, Sol Nascente\/P\u00f4r do Sol, Recanto das Emas e Planaltina.<\/p>\n<p>\u201cO Governo do Distrito Federal (GDF) vai ampliar o servi\u00e7o, com a oferta de caf\u00e9 da manh\u00e3, almo\u00e7o e jantar, e abertura de domingo a domingo, para todas as unidades\u201d, refor\u00e7a a secret\u00e1ria de Desenvolvimento Social. \u201cNeste ano, j\u00e1 teremos mais restaurantes com a amplia\u00e7\u00e3o da oferta de refei\u00e7\u00f5es, al\u00e9m dos dois novos que ser\u00e3o inaugurados no Varj\u00e3o e em Samambaia Portelinha.\u201d<\/p>\n","protected":false},"excerpt":{"rendered":"<p>O Governo do Distrito Federal publicou nesta sexta-feira (19), no Di\u00e1rio Oficial do Distrito Federal o Decreto n\u00ba 45.715, que amplia a quantidade de refei\u00e7\u00f5es servidas gratuitamente para a popula\u00e7\u00e3o em situa\u00e7\u00e3o de rua nos restaurantes comunit\u00e1rios do DF. A medida altera o Decreto n\u00ba 33.329, de 10\/11\/2011, que regulamenta a Lei n\u00ba 4.601, de [&hellip;]<\/p>\n","protected":false},"author":2,"featured_media":327055,"comment_status":"closed","ping_status":"closed","sticky":false,"template":"","format":"standard","meta":{"_acf_changed":false,"footnotes":""},"categories":[161],"tags":[],"class_list":["post-327054","post","type-post","status-publish","format-standard","has-post-thumbnail","hentry","category-quadradinho-em-foco"],"acf":[],"yoast_head":"<!-- This site is optimized with the Yoast SEO plugin v27.5 - https:\/\/yoast.com\/product\/yoast-seo-wordpress\/ -->\n<title>Governo dar\u00e1 mais comida a pessoas em situa\u00e7\u00e3o de rua - Notibras<\/title>\n<meta name=\"robots\" content=\"index, follow, max-snippet:-1, max-image-preview:large, max-video-preview:-1\" \/>\n<link rel=\"canonical\" href=\"https:\/\/www.notibras.com\/site\/governo-dara-mais-comida-a-pessoas-em-situacao-de-rua\/\" \/>\n<meta property=\"og:locale\" content=\"pt_BR\" \/>\n<meta property=\"og:type\" content=\"article\" \/>\n<meta property=\"og:title\" content=\"Governo dar\u00e1 mais comida a pessoas em situa\u00e7\u00e3o de rua - Notibras\" \/>\n<meta property=\"og:description\" content=\"O Governo do Distrito Federal publicou nesta sexta-feira (19), no Di\u00e1rio Oficial do Distrito Federal o Decreto n\u00ba 45.715, que amplia a quantidade de refei\u00e7\u00f5es servidas gratuitamente para a popula\u00e7\u00e3o em situa\u00e7\u00e3o de rua nos restaurantes comunit\u00e1rios do DF. A medida altera o Decreto n\u00ba 33.329, de 10\/11\/2011, que regulamenta a Lei n\u00ba 4.601, de [&hellip;]\" \/>\n<meta property=\"og:url\" content=\"https:\/\/www.notibras.com\/site\/governo-dara-mais-comida-a-pessoas-em-situacao-de-rua\/\" \/>\n<meta property=\"og:site_name\" content=\"Notibras\" \/>\n<meta property=\"article:publisher\" content=\"https:\/\/www.facebook.com\/notibras\/\" \/>\n<meta property=\"article:published_time\" content=\"2024-04-20T03:00:44+00:00\" \/>\n<meta property=\"article:modified_time\" content=\"2024-04-20T12:14:38+00:00\" \/>\n<meta property=\"og:image\" content=\"https:\/\/www.notibras.com\/site\/wp-content\/uploads\/2024\/04\/rua.comida.jpg\" \/>\n\t<meta property=\"og:image:width\" content=\"1536\" \/>\n\t<meta property=\"og:image:height\" content=\"1023\" \/>\n\t<meta property=\"og:image:type\" content=\"image\/jpeg\" \/>\n<meta name=\"author\" content=\"Reda\u00e7\u00e3o\" \/>\n<meta name=\"twitter:card\" content=\"summary_large_image\" \/>\n<meta name=\"twitter:creator\" content=\"@Notibras\" \/>\n<meta name=\"twitter:site\" content=\"@Notibras\" \/>\n<meta name=\"twitter:label1\" content=\"Escrito por\" \/>\n\t<meta name=\"twitter:data1\" content=\"Reda\u00e7\u00e3o\" \/>\n\t<meta name=\"twitter:label2\" content=\"Est. tempo de leitura\" \/>\n\t<meta name=\"twitter:data2\" content=\"2 minutos\" \/>\n<script type=\"application\/ld+json\" class=\"yoast-schema-graph\">{\"@context\":\"https:\\\/\\\/schema.org\",\"@graph\":[{\"@type\":\"Article\",\"@id\":\"https:\\\/\\\/www.notibras.com\\\/site\\\/governo-dara-mais-comida-a-pessoas-em-situacao-de-rua\\\/#article\",\"isPartOf\":{\"@id\":\"https:\\\/\\\/www.notibras.com\\\/site\\\/governo-dara-mais-comida-a-pessoas-em-situacao-de-rua\\\/\"},\"author\":{\"name\":\"Reda\u00e7\u00e3o\",\"@id\":\"https:\\\/\\\/www.notibras.com\\\/site\\\/#\\\/schema\\\/person\\\/36ab0979449956132d3e5b517ea76ac8\"},\"headline\":\"Governo dar\u00e1 mais comida a pessoas em situa\u00e7\u00e3o de rua\",\"datePublished\":\"2024-04-20T03:00:44+00:00\",\"dateModified\":\"2024-04-20T12:14:38+00:00\",\"mainEntityOfPage\":{\"@id\":\"https:\\\/\\\/www.notibras.com\\\/site\\\/governo-dara-mais-comida-a-pessoas-em-situacao-de-rua\\\/\"},\"wordCount\":358,\"publisher\":{\"@id\":\"https:\\\/\\\/www.notibras.com\\\/site\\\/#organization\"},\"image\":{\"@id\":\"https:\\\/\\\/www.notibras.com\\\/site\\\/governo-dara-mais-comida-a-pessoas-em-situacao-de-rua\\\/#primaryimage\"},\"thumbnailUrl\":\"https:\\\/\\\/www.notibras.com\\\/site\\\/wp-content\\\/uploads\\\/2024\\\/04\\\/rua.comida.jpg\",\"articleSection\":[\"Quadradinho em Foco\"],\"inLanguage\":\"pt-BR\"},{\"@type\":\"WebPage\",\"@id\":\"https:\\\/\\\/www.notibras.com\\\/site\\\/governo-dara-mais-comida-a-pessoas-em-situacao-de-rua\\\/\",\"url\":\"https:\\\/\\\/www.notibras.com\\\/site\\\/governo-dara-mais-comida-a-pessoas-em-situacao-de-rua\\\/\",\"name\":\"Governo dar\u00e1 mais comida a pessoas em situa\u00e7\u00e3o de rua - Notibras\",\"isPartOf\":{\"@id\":\"https:\\\/\\\/www.notibras.com\\\/site\\\/#website\"},\"primaryImageOfPage\":{\"@id\":\"https:\\\/\\\/www.notibras.com\\\/site\\\/governo-dara-mais-comida-a-pessoas-em-situacao-de-rua\\\/#primaryimage\"},\"image\":{\"@id\":\"https:\\\/\\\/www.notibras.com\\\/site\\\/governo-dara-mais-comida-a-pessoas-em-situacao-de-rua\\\/#primaryimage\"},\"thumbnailUrl\":\"https:\\\/\\\/www.notibras.com\\\/site\\\/wp-content\\\/uploads\\\/2024\\\/04\\\/rua.comida.jpg\",\"datePublished\":\"2024-04-20T03:00:44+00:00\",\"dateModified\":\"2024-04-20T12:14:38+00:00\",\"breadcrumb\":{\"@id\":\"https:\\\/\\\/www.notibras.com\\\/site\\\/governo-dara-mais-comida-a-pessoas-em-situacao-de-rua\\\/#breadcrumb\"},\"inLanguage\":\"pt-BR\",\"potentialAction\":[{\"@type\":\"ReadAction\",\"target\":[\"https:\\\/\\\/www.notibras.com\\\/site\\\/governo-dara-mais-comida-a-pessoas-em-situacao-de-rua\\\/\"]}]},{\"@type\":\"ImageObject\",\"inLanguage\":\"pt-BR\",\"@id\":\"https:\\\/\\\/www.notibras.com\\\/site\\\/governo-dara-mais-comida-a-pessoas-em-situacao-de-rua\\\/#primaryimage\",\"url\":\"https:\\\/\\\/www.notibras.com\\\/site\\\/wp-content\\\/uploads\\\/2024\\\/04\\\/rua.comida.jpg\",\"contentUrl\":\"https:\\\/\\\/www.notibras.com\\\/site\\\/wp-content\\\/uploads\\\/2024\\\/04\\\/rua.comida.jpg\",\"width\":1536,\"height\":1023},{\"@type\":\"BreadcrumbList\",\"@id\":\"https:\\\/\\\/www.notibras.com\\\/site\\\/governo-dara-mais-comida-a-pessoas-em-situacao-de-rua\\\/#breadcrumb\",\"itemListElement\":[{\"@type\":\"ListItem\",\"position\":1,\"name\":\"In\u00edcio\",\"item\":\"https:\\\/\\\/www.notibras.com\\\/site\\\/\"},{\"@type\":\"ListItem\",\"position\":2,\"name\":\"Governo dar\u00e1 mais comida a pessoas em situa\u00e7\u00e3o de rua\"}]},{\"@type\":\"WebSite\",\"@id\":\"https:\\\/\\\/www.notibras.com\\\/site\\\/#website\",\"url\":\"https:\\\/\\\/www.notibras.com\\\/site\\\/\",\"name\":\"Notibras\",\"description\":\"Not\u00edcias de Bras\u00edlia, do Brasil e do Mundo\",\"publisher\":{\"@id\":\"https:\\\/\\\/www.notibras.com\\\/site\\\/#organization\"},\"potentialAction\":[{\"@type\":\"SearchAction\",\"target\":{\"@type\":\"EntryPoint\",\"urlTemplate\":\"https:\\\/\\\/www.notibras.com\\\/site\\\/?s={search_term_string}\"},\"query-input\":{\"@type\":\"PropertyValueSpecification\",\"valueRequired\":true,\"valueName\":\"search_term_string\"}}],\"inLanguage\":\"pt-BR\"},{\"@type\":\"Organization\",\"@id\":\"https:\\\/\\\/www.notibras.com\\\/site\\\/#organization\",\"name\":\"Grupo Notibras de Comunica\u00e7\u00e3o\",\"url\":\"https:\\\/\\\/www.notibras.com\\\/site\\\/\",\"logo\":{\"@type\":\"ImageObject\",\"inLanguage\":\"pt-BR\",\"@id\":\"https:\\\/\\\/www.notibras.com\\\/site\\\/#\\\/schema\\\/logo\\\/image\\\/\",\"url\":\"https:\\\/\\\/www.notibras.com\\\/site\\\/wp-content\\\/uploads\\\/2023\\\/01\\\/notibras23.png\",\"contentUrl\":\"https:\\\/\\\/www.notibras.com\\\/site\\\/wp-content\\\/uploads\\\/2023\\\/01\\\/notibras23.png\",\"width\":350,\"height\":87,\"caption\":\"Grupo Notibras de Comunica\u00e7\u00e3o\"},\"image\":{\"@id\":\"https:\\\/\\\/www.notibras.com\\\/site\\\/#\\\/schema\\\/logo\\\/image\\\/\"},\"sameAs\":[\"https:\\\/\\\/www.facebook.com\\\/notibras\\\/\",\"https:\\\/\\\/x.com\\\/Notibras\",\"https:\\\/\\\/www.instagram.com\\\/notibras\\\/\"]},{\"@type\":\"Person\",\"@id\":\"https:\\\/\\\/www.notibras.com\\\/site\\\/#\\\/schema\\\/person\\\/36ab0979449956132d3e5b517ea76ac8\",\"name\":\"Reda\u00e7\u00e3o\",\"image\":{\"@type\":\"ImageObject\",\"inLanguage\":\"pt-BR\",\"@id\":\"https:\\\/\\\/secure.gravatar.com\\\/avatar\\\/e0a867bdedb85fd243eadf09663511f96fc81e0720a4a42581f334ad4303aa6b?s=96&d=mm&r=g\",\"url\":\"https:\\\/\\\/secure.gravatar.com\\\/avatar\\\/e0a867bdedb85fd243eadf09663511f96fc81e0720a4a42581f334ad4303aa6b?s=96&d=mm&r=g\",\"contentUrl\":\"https:\\\/\\\/secure.gravatar.com\\\/avatar\\\/e0a867bdedb85fd243eadf09663511f96fc81e0720a4a42581f334ad4303aa6b?s=96&d=mm&r=g\",\"caption\":\"Reda\u00e7\u00e3o\"}}]}<\/script>\n<!-- \/ Yoast SEO plugin. -->","yoast_head_json":{"title":"Governo dar\u00e1 mais comida a pessoas em situa\u00e7\u00e3o de rua - Notibras","robots":{"index":"index","follow":"follow","max-snippet":"max-snippet:-1","max-image-preview":"max-image-preview:large","max-video-preview":"max-video-preview:-1"},"canonical":"https:\/\/www.notibras.com\/site\/governo-dara-mais-comida-a-pessoas-em-situacao-de-rua\/","og_locale":"pt_BR","og_type":"article","og_title":"Governo dar\u00e1 mais comida a pessoas em situa\u00e7\u00e3o de rua - Notibras","og_description":"O Governo do Distrito Federal publicou nesta sexta-feira (19), no Di\u00e1rio Oficial do Distrito Federal o Decreto n\u00ba 45.715, que amplia a quantidade de refei\u00e7\u00f5es servidas gratuitamente para a popula\u00e7\u00e3o em situa\u00e7\u00e3o de rua nos restaurantes comunit\u00e1rios do DF. A medida altera o Decreto n\u00ba 33.329, de 10\/11\/2011, que regulamenta a Lei n\u00ba 4.601, de [&hellip;]","og_url":"https:\/\/www.notibras.com\/site\/governo-dara-mais-comida-a-pessoas-em-situacao-de-rua\/","og_site_name":"Notibras","article_publisher":"https:\/\/www.facebook.com\/notibras\/","article_published_time":"2024-04-20T03:00:44+00:00","article_modified_time":"2024-04-20T12:14:38+00:00","og_image":[{"width":1536,"height":1023,"url":"https:\/\/www.notibras.com\/site\/wp-content\/uploads\/2024\/04\/rua.comida.jpg","type":"image\/jpeg"}],"author":"Reda\u00e7\u00e3o","twitter_card":"summary_large_image","twitter_creator":"@Notibras","twitter_site":"@Notibras","twitter_misc":{"Escrito por":"Reda\u00e7\u00e3o","Est. tempo de leitura":"2 minutos"},"schema":{"@context":"https:\/\/schema.org","@graph":[{"@type":"Article","@id":"https:\/\/www.notibras.com\/site\/governo-dara-mais-comida-a-pessoas-em-situacao-de-rua\/#article","isPartOf":{"@id":"https:\/\/www.notibras.com\/site\/governo-dara-mais-comida-a-pessoas-em-situacao-de-rua\/"},"author":{"name":"Reda\u00e7\u00e3o","@id":"https:\/\/www.notibras.com\/site\/#\/schema\/person\/36ab0979449956132d3e5b517ea76ac8"},"headline":"Governo dar\u00e1 mais comida a pessoas em situa\u00e7\u00e3o de rua","datePublished":"2024-04-20T03:00:44+00:00","dateModified":"2024-04-20T12:14:38+00:00","mainEntityOfPage":{"@id":"https:\/\/www.notibras.com\/site\/governo-dara-mais-comida-a-pessoas-em-situacao-de-rua\/"},"wordCount":358,"publisher":{"@id":"https:\/\/www.notibras.com\/site\/#organization"},"image":{"@id":"https:\/\/www.notibras.com\/site\/governo-dara-mais-comida-a-pessoas-em-situacao-de-rua\/#primaryimage"},"thumbnailUrl":"https:\/\/www.notibras.com\/site\/wp-content\/uploads\/2024\/04\/rua.comida.jpg","articleSection":["Quadradinho em Foco"],"inLanguage":"pt-BR"},{"@type":"WebPage","@id":"https:\/\/www.notibras.com\/site\/governo-dara-mais-comida-a-pessoas-em-situacao-de-rua\/","url":"https:\/\/www.notibras.com\/site\/governo-dara-mais-comida-a-pessoas-em-situacao-de-rua\/","name":"Governo dar\u00e1 mais comida a pessoas em situa\u00e7\u00e3o de rua - Notibras","isPartOf":{"@id":"https:\/\/www.notibras.com\/site\/#website"},"primaryImageOfPage":{"@id":"https:\/\/www.notibras.com\/site\/governo-dara-mais-comida-a-pessoas-em-situacao-de-rua\/#primaryimage"},"image":{"@id":"https:\/\/www.notibras.com\/site\/governo-dara-mais-comida-a-pessoas-em-situacao-de-rua\/#primaryimage"},"thumbnailUrl":"https:\/\/www.notibras.com\/site\/wp-content\/uploads\/2024\/04\/rua.comida.jpg","datePublished":"2024-04-20T03:00:44+00:00","dateModified":"2024-04-20T12:14:38+00:00","breadcrumb":{"@id":"https:\/\/www.notibras.com\/site\/governo-dara-mais-comida-a-pessoas-em-situacao-de-rua\/#breadcrumb"},"inLanguage":"pt-BR","potentialAction":[{"@type":"ReadAction","target":["https:\/\/www.notibras.com\/site\/governo-dara-mais-comida-a-pessoas-em-situacao-de-rua\/"]}]},{"@type":"ImageObject","inLanguage":"pt-BR","@id":"https:\/\/www.notibras.com\/site\/governo-dara-mais-comida-a-pessoas-em-situacao-de-rua\/#primaryimage","url":"https:\/\/www.notibras.com\/site\/wp-content\/uploads\/2024\/04\/rua.comida.jpg","contentUrl":"https:\/\/www.notibras.com\/site\/wp-content\/uploads\/2024\/04\/rua.comida.jpg","width":1536,"height":1023},{"@type":"BreadcrumbList","@id":"https:\/\/www.notibras.com\/site\/governo-dara-mais-comida-a-pessoas-em-situacao-de-rua\/#breadcrumb","itemListElement":[{"@type":"ListItem","position":1,"name":"In\u00edcio","item":"https:\/\/www.notibras.com\/site\/"},{"@type":"ListItem","position":2,"name":"Governo dar\u00e1 mais comida a pessoas em situa\u00e7\u00e3o de rua"}]},{"@type":"WebSite","@id":"https:\/\/www.notibras.com\/site\/#website","url":"https:\/\/www.notibras.com\/site\/","name":"Notibras","description":"Not\u00edcias de Bras\u00edlia, do Brasil e do Mundo","publisher":{"@id":"https:\/\/www.notibras.com\/site\/#organization"},"potentialAction":[{"@type":"SearchAction","target":{"@type":"EntryPoint","urlTemplate":"https:\/\/www.notibras.com\/site\/?s={search_term_string}"},"query-input":{"@type":"PropertyValueSpecification","valueRequired":true,"valueName":"search_term_string"}}],"inLanguage":"pt-BR"},{"@type":"Organization","@id":"https:\/\/www.notibras.com\/site\/#organization","name":"Grupo Notibras de Comunica\u00e7\u00e3o","url":"https:\/\/www.notibras.com\/site\/","logo":{"@type":"ImageObject","inLanguage":"pt-BR","@id":"https:\/\/www.notibras.com\/site\/#\/schema\/logo\/image\/","url":"https:\/\/www.notibras.com\/site\/wp-content\/uploads\/2023\/01\/notibras23.png","contentUrl":"https:\/\/www.notibras.com\/site\/wp-content\/uploads\/2023\/01\/notibras23.png","width":350,"height":87,"caption":"Grupo Notibras de Comunica\u00e7\u00e3o"},"image":{"@id":"https:\/\/www.notibras.com\/site\/#\/schema\/logo\/image\/"},"sameAs":["https:\/\/www.facebook.com\/notibras\/","https:\/\/x.com\/Notibras","https:\/\/www.instagram.com\/notibras\/"]},{"@type":"Person","@id":"https:\/\/www.notibras.com\/site\/#\/schema\/person\/36ab0979449956132d3e5b517ea76ac8","name":"Reda\u00e7\u00e3o","image":{"@type":"ImageObject","inLanguage":"pt-BR","@id":"https:\/\/secure.gravatar.com\/avatar\/e0a867bdedb85fd243eadf09663511f96fc81e0720a4a42581f334ad4303aa6b?s=96&d=mm&r=g","url":"https:\/\/secure.gravatar.com\/avatar\/e0a867bdedb85fd243eadf09663511f96fc81e0720a4a42581f334ad4303aa6b?s=96&d=mm&r=g","contentUrl":"https:\/\/secure.gravatar.com\/avatar\/e0a867bdedb85fd243eadf09663511f96fc81e0720a4a42581f334ad4303aa6b?s=96&d=mm&r=g","caption":"Reda\u00e7\u00e3o"}}]}},"amp_enabled":true,"_links":{"self":[{"href":"https:\/\/www.notibras.com\/site\/wp-json\/wp\/v2\/posts\/327054","targetHints":{"allow":["GET"]}}],"collection":[{"href":"https:\/\/www.notibras.com\/site\/wp-json\/wp\/v2\/posts"}],"about":[{"href":"https:\/\/www.notibras.com\/site\/wp-json\/wp\/v2\/types\/post"}],"author":[{"embeddable":true,"href":"https:\/\/www.notibras.com\/site\/wp-json\/wp\/v2\/users\/2"}],"replies":[{"embeddable":true,"href":"https:\/\/www.notibras.com\/site\/wp-json\/wp\/v2\/comments?post=327054"}],"version-history":[{"count":1,"href":"https:\/\/www.notibras.com\/site\/wp-json\/wp\/v2\/posts\/327054\/revisions"}],"predecessor-version":[{"id":327056,"href":"https:\/\/www.notibras.com\/site\/wp-json\/wp\/v2\/posts\/327054\/revisions\/327056"}],"wp:featuredmedia":[{"embeddable":true,"href":"https:\/\/www.notibras.com\/site\/wp-json\/wp\/v2\/media\/327055"}],"wp:attachment":[{"href":"https:\/\/www.notibras.com\/site\/wp-json\/wp\/v2\/media?parent=327054"}],"wp:term":[{"taxonomy":"category","embeddable":true,"href":"https:\/\/www.notibras.com\/site\/wp-json\/wp\/v2\/categories?post=327054"},{"taxonomy":"post_tag","embeddable":true,"href":"https:\/\/www.notibras.com\/site\/wp-json\/wp\/v2\/tags?post=327054"}],"curies":[{"name":"wp","href":"https:\/\/api.w.org\/{rel}","templated":true}]}}