{"id":327080,"date":"2024-04-20T14:11:44","date_gmt":"2024-04-20T17:11:44","guid":{"rendered":"https:\/\/www.notibras.com\/site\/?p=327080"},"modified":"2024-04-20T19:13:43","modified_gmt":"2024-04-20T22:13:43","slug":"brasilia-aposta-em-uva-por-mais-renda-empregos-e-turistas","status":"publish","type":"post","link":"https:\/\/www.notibras.com\/site\/brasilia-aposta-em-uva-por-mais-renda-empregos-e-turistas\/","title":{"rendered":"Bras\u00edlia aposta em uva por mais renda, empregos e turistas"},"content":{"rendered":"<p>Bras\u00edlia tem um potencial tur\u00edstico diverso, que cresce entre os tra\u00e7os c\u00edvicos e belezas naturais da regi\u00e3o. Com objetivo de incentivar o desenvolvimento de mais uma rota de turismo na capital, o Governo do Distrito Federal (GDF) lan\u00e7ou, neste s\u00e1bado (20), a Rota das Uvas de Bras\u00edlia.<\/p>\n<p>O an\u00fancio foi feito pelo governador Ibaneis Rocha, durante evento de inaugura\u00e7\u00e3o da Vin\u00edcola Bras\u00edlia, no Programa de Assentamento Dirigido do Distrito Federal (PAD-DF). Segundo o governador, a iniciativa ser\u00e1 mais um polo de gera\u00e7\u00e3o de emprego e renda, com o fomento da cadeia produtiva em torno da fruta.<\/p>\n<p>\u201cEste \u00e9 mais um local para a popula\u00e7\u00e3o do Distrito Federal conhecer, e conhecer com muito empenho, porque realmente est\u00e1 sendo feito um trabalho de grande \u00eaxito aqui nessa regi\u00e3o como um todo\u201d, avalia o chefe do Executivo local. \u201cEu tenho certeza que isso aqui vai ser um sucesso, que vai render excelentes frutos para o Distrito Federal, para a nossa economia, para o emprego e para a renda da nossa cidade.\u201d<\/p>\n<p>O secret\u00e1rio de Governo, Jos\u00e9 Humberto Pires de Ara\u00fajo, avalia que o lan\u00e7amento da rota coroa o processo de incentivo e apoio do GDF desenvolvido por um grupo de trabalho criado h\u00e1 oito meses por decreto do governador. \u201cA nossa cidade precisava de mais alternativas para o turista ter oportunidade de conhecer um pouquinho essa \u00e1rea do agroneg\u00f3cio, que \u00e9 t\u00e3o forte na nossa cidade. Agora ter\u00e1, com a rota do vinho. O enoturismo est\u00e1 crescendo muito, temos muita gente investindo neste segmento\u201d.<\/p>\n<p>O secret\u00e1rio de Turismo Cristiano Ara\u00fajo, destaca as oportunidades criadas pelo crescimento deste mercado. \u201cA produ\u00e7\u00e3o de uvas e vinhos no DF vem crescendo nos \u00faltimos anos, possibilitando aos produtores oferecerem experi\u00eancias diferenciadas aos visitantes, como a visita aos parreirais, gastronomia harmonizada, hist\u00f3ria e cultura do vinho no DF, al\u00e9m da degusta\u00e7\u00e3o de vinhos\u201d, disse.<\/p>\n<p>O GDF tem atuado de maneira cont\u00ednua para impulsionar a economia e o desenvolvimento do setor. \u201cDessa maneira, a Secretaria de Turismo providenciou um guia com algumas vin\u00edcolas, para orientar os visitantes sobre as atividades e produtos da regi\u00e3o, que ser\u00e1 chamado de \u201cA Rota das Uvas de Bras\u00edlia\u201d a proposta \u00e9 informar a popula\u00e7\u00e3o e colaborar com a divulga\u00e7\u00e3o do Enoturismo de Bras\u00edlia\u201d, finaliza Cristiano Ara\u00fajo.<\/p>\n<p><strong>Pluralidade de neg\u00f3cios<\/strong><br \/>\nA Vin\u00edcola Bras\u00edlia surgiu a partir da uni\u00e3o de dez vinhedos de fam\u00edlias que chegaram ao DF no final da d\u00e9cada de 1970 e in\u00edcio de 1980. Vindos da Regi\u00e3o Sul e com tradi\u00e7\u00e3o agr\u00edcola, os empres\u00e1rios decidiram se unir em torno de algo que sempre tiveram em comum: a paix\u00e3o por vinhos.<\/p>\n<p>O neg\u00f3cio \u00e9 focado em processos que garantem a produ\u00e7\u00e3o e qualidade \u00e0s uvas, pr\u00e1ticas sustent\u00e1veis que focam na reutiliza\u00e7\u00e3o da \u00e1gua e preserva\u00e7\u00e3o da vegeta\u00e7\u00e3o nativa, al\u00e9m de movimentar a economia do DF. De acordo com os propriet\u00e1rios, s\u00e3o cerca de 100 empregos diretos e potencial para mais outros 800 indiretos em torno da cadeia produtiva que envolve a Vin\u00edcola, que oferecer\u00e1 visitas, degusta\u00e7\u00f5es guiadas e cursos, entre outros atrativos.<\/p>\n<p>O empreendimento abrir\u00e1 as portas ao p\u00fablico no anivers\u00e1rio de Bras\u00edlia, neste domingo (21), com a apresenta\u00e7\u00e3o de r\u00f3tulos que homenageiam a cidade. O Monumental Syrah, lan\u00e7ado em 2023, ficou entre os 16 melhores na Avalia\u00e7\u00e3o Nacional de Vinhos, realizada em Bento Gon\u00e7alves (RS), em novembro passado, promovido pela Associa\u00e7\u00e3o Brasileira de Enologia. Tamb\u00e9m fazem parte da carta o Ros\u00e9 Pilotis, o Sauvignon Blanc Cobog\u00f3, o Malbec Syrah Croqui, o Malbec Alvorada e o Syrah Alvorada. A estimativa \u00e9 produzir cerca de 300 mil garrafas por ano.<\/p>\n<p>A arquitetura da vin\u00edcola tamb\u00e9m remete aos elementos t\u00edpicos de Bras\u00edlia, com muito concreto, arcos e um espelho d\u2019\u00e1gua.<\/p>\n<p><strong>Qualidade da produ\u00e7\u00e3o<\/strong><br \/>\nFabr\u00edcio Marchese, um dos s\u00f3cios, explica que a t\u00e9cnica de dupla poda, realizada nas parreiras duas vezes ao ano, faz o ciclo de colheita das frutas acontecer entre julho e agosto, per\u00edodo em que os dias quentes e as noites frias auxiliam na matura\u00e7\u00e3o das uvas.<\/p>\n<p>\u201cNosso sistema de produ\u00e7\u00e3o \u00e9 baseado na dupla poda, que possibilita a colheita no inverno, fora do nosso per\u00edodo chuvoso. No mundo todo, a uva \u00e9 colhida no ver\u00e3o, quando tamb\u00e9m n\u00e3o h\u00e1 chuva\u201d, explica Fabr\u00edcio Marchese.<\/p>\n<p>O gerente comercial e de enoturismo da Vin\u00edcola Bras\u00edlia, Artur Farias, acredita que o empreendimento ajuda a promover uma nova tradi\u00e7\u00e3o no DF. \u201cS\u00e3o 10 produtores agr\u00edcolas com ra\u00edzes em Bras\u00edlia que decidiram plantar parreiras com essa caracter\u00edstica de produ\u00e7\u00e3o num lugar muito at\u00edpico. Viemos para ser uma vin\u00edcola disruptiva, inovadora e mostrar que \u00e9 poss\u00edvel produzir com alt\u00edssima qualidade no Planalto Central\u201d, afirma Artur Farias.<\/p>\n","protected":false},"excerpt":{"rendered":"<p>Bras\u00edlia tem um potencial tur\u00edstico diverso, que cresce entre os tra\u00e7os c\u00edvicos e belezas naturais da regi\u00e3o. Com objetivo de incentivar o desenvolvimento de mais uma rota de turismo na capital, o Governo do Distrito Federal (GDF) lan\u00e7ou, neste s\u00e1bado (20), a Rota das Uvas de Bras\u00edlia. O an\u00fancio foi feito pelo governador Ibaneis Rocha, [&hellip;]<\/p>\n","protected":false},"author":2,"featured_media":327081,"comment_status":"closed","ping_status":"closed","sticky":false,"template":"","format":"standard","meta":{"_acf_changed":false,"footnotes":""},"categories":[161],"tags":[],"class_list":["post-327080","post","type-post","status-publish","format-standard","has-post-thumbnail","hentry","category-quadradinho-em-foco"],"acf":[],"yoast_head":"<!-- This site is optimized with the Yoast SEO plugin v27.5 - https:\/\/yoast.com\/product\/yoast-seo-wordpress\/ -->\n<title>Bras\u00edlia aposta em uva por mais renda, empregos e turistas - Notibras<\/title>\n<meta name=\"robots\" content=\"index, follow, max-snippet:-1, max-image-preview:large, max-video-preview:-1\" \/>\n<link rel=\"canonical\" href=\"https:\/\/www.notibras.com\/site\/brasilia-aposta-em-uva-por-mais-renda-empregos-e-turistas\/\" \/>\n<meta property=\"og:locale\" content=\"pt_BR\" \/>\n<meta property=\"og:type\" content=\"article\" \/>\n<meta property=\"og:title\" content=\"Bras\u00edlia aposta em uva por mais renda, empregos e turistas - Notibras\" \/>\n<meta property=\"og:description\" content=\"Bras\u00edlia tem um potencial tur\u00edstico diverso, que cresce entre os tra\u00e7os c\u00edvicos e belezas naturais da regi\u00e3o. Com objetivo de incentivar o desenvolvimento de mais uma rota de turismo na capital, o Governo do Distrito Federal (GDF) lan\u00e7ou, neste s\u00e1bado (20), a Rota das Uvas de Bras\u00edlia. O an\u00fancio foi feito pelo governador Ibaneis Rocha, [&hellip;]\" \/>\n<meta property=\"og:url\" content=\"https:\/\/www.notibras.com\/site\/brasilia-aposta-em-uva-por-mais-renda-empregos-e-turistas\/\" \/>\n<meta property=\"og:site_name\" content=\"Notibras\" \/>\n<meta property=\"article:publisher\" content=\"https:\/\/www.facebook.com\/notibras\/\" \/>\n<meta property=\"article:published_time\" content=\"2024-04-20T17:11:44+00:00\" \/>\n<meta property=\"article:modified_time\" content=\"2024-04-20T22:13:43+00:00\" \/>\n<meta property=\"og:image\" content=\"https:\/\/www.notibras.com\/site\/wp-content\/uploads\/2024\/04\/WhatsApp-Image-2024-04-20-at-14.07.15-1536x1023-1.jpeg\" \/>\n\t<meta property=\"og:image:width\" content=\"1536\" \/>\n\t<meta property=\"og:image:height\" content=\"1023\" \/>\n\t<meta property=\"og:image:type\" content=\"image\/jpeg\" \/>\n<meta name=\"author\" content=\"Reda\u00e7\u00e3o\" \/>\n<meta name=\"twitter:card\" content=\"summary_large_image\" \/>\n<meta name=\"twitter:creator\" content=\"@Notibras\" \/>\n<meta name=\"twitter:site\" content=\"@Notibras\" \/>\n<meta name=\"twitter:label1\" content=\"Escrito por\" \/>\n\t<meta name=\"twitter:data1\" content=\"Reda\u00e7\u00e3o\" \/>\n\t<meta name=\"twitter:label2\" content=\"Est. tempo de leitura\" \/>\n\t<meta name=\"twitter:data2\" content=\"5 minutos\" \/>\n<script type=\"application\/ld+json\" class=\"yoast-schema-graph\">{\"@context\":\"https:\\\/\\\/schema.org\",\"@graph\":[{\"@type\":\"Article\",\"@id\":\"https:\\\/\\\/www.notibras.com\\\/site\\\/brasilia-aposta-em-uva-por-mais-renda-empregos-e-turistas\\\/#article\",\"isPartOf\":{\"@id\":\"https:\\\/\\\/www.notibras.com\\\/site\\\/brasilia-aposta-em-uva-por-mais-renda-empregos-e-turistas\\\/\"},\"author\":{\"name\":\"Reda\u00e7\u00e3o\",\"@id\":\"https:\\\/\\\/www.notibras.com\\\/site\\\/#\\\/schema\\\/person\\\/36ab0979449956132d3e5b517ea76ac8\"},\"headline\":\"Bras\u00edlia aposta em uva por mais renda, empregos e turistas\",\"datePublished\":\"2024-04-20T17:11:44+00:00\",\"dateModified\":\"2024-04-20T22:13:43+00:00\",\"mainEntityOfPage\":{\"@id\":\"https:\\\/\\\/www.notibras.com\\\/site\\\/brasilia-aposta-em-uva-por-mais-renda-empregos-e-turistas\\\/\"},\"wordCount\":850,\"publisher\":{\"@id\":\"https:\\\/\\\/www.notibras.com\\\/site\\\/#organization\"},\"image\":{\"@id\":\"https:\\\/\\\/www.notibras.com\\\/site\\\/brasilia-aposta-em-uva-por-mais-renda-empregos-e-turistas\\\/#primaryimage\"},\"thumbnailUrl\":\"https:\\\/\\\/www.notibras.com\\\/site\\\/wp-content\\\/uploads\\\/2024\\\/04\\\/WhatsApp-Image-2024-04-20-at-14.07.15-1536x1023-1.jpeg\",\"articleSection\":[\"Quadradinho em Foco\"],\"inLanguage\":\"pt-BR\"},{\"@type\":\"WebPage\",\"@id\":\"https:\\\/\\\/www.notibras.com\\\/site\\\/brasilia-aposta-em-uva-por-mais-renda-empregos-e-turistas\\\/\",\"url\":\"https:\\\/\\\/www.notibras.com\\\/site\\\/brasilia-aposta-em-uva-por-mais-renda-empregos-e-turistas\\\/\",\"name\":\"Bras\u00edlia aposta em uva por mais renda, empregos e turistas - Notibras\",\"isPartOf\":{\"@id\":\"https:\\\/\\\/www.notibras.com\\\/site\\\/#website\"},\"primaryImageOfPage\":{\"@id\":\"https:\\\/\\\/www.notibras.com\\\/site\\\/brasilia-aposta-em-uva-por-mais-renda-empregos-e-turistas\\\/#primaryimage\"},\"image\":{\"@id\":\"https:\\\/\\\/www.notibras.com\\\/site\\\/brasilia-aposta-em-uva-por-mais-renda-empregos-e-turistas\\\/#primaryimage\"},\"thumbnailUrl\":\"https:\\\/\\\/www.notibras.com\\\/site\\\/wp-content\\\/uploads\\\/2024\\\/04\\\/WhatsApp-Image-2024-04-20-at-14.07.15-1536x1023-1.jpeg\",\"datePublished\":\"2024-04-20T17:11:44+00:00\",\"dateModified\":\"2024-04-20T22:13:43+00:00\",\"breadcrumb\":{\"@id\":\"https:\\\/\\\/www.notibras.com\\\/site\\\/brasilia-aposta-em-uva-por-mais-renda-empregos-e-turistas\\\/#breadcrumb\"},\"inLanguage\":\"pt-BR\",\"potentialAction\":[{\"@type\":\"ReadAction\",\"target\":[\"https:\\\/\\\/www.notibras.com\\\/site\\\/brasilia-aposta-em-uva-por-mais-renda-empregos-e-turistas\\\/\"]}]},{\"@type\":\"ImageObject\",\"inLanguage\":\"pt-BR\",\"@id\":\"https:\\\/\\\/www.notibras.com\\\/site\\\/brasilia-aposta-em-uva-por-mais-renda-empregos-e-turistas\\\/#primaryimage\",\"url\":\"https:\\\/\\\/www.notibras.com\\\/site\\\/wp-content\\\/uploads\\\/2024\\\/04\\\/WhatsApp-Image-2024-04-20-at-14.07.15-1536x1023-1.jpeg\",\"contentUrl\":\"https:\\\/\\\/www.notibras.com\\\/site\\\/wp-content\\\/uploads\\\/2024\\\/04\\\/WhatsApp-Image-2024-04-20-at-14.07.15-1536x1023-1.jpeg\",\"width\":1536,\"height\":1023},{\"@type\":\"BreadcrumbList\",\"@id\":\"https:\\\/\\\/www.notibras.com\\\/site\\\/brasilia-aposta-em-uva-por-mais-renda-empregos-e-turistas\\\/#breadcrumb\",\"itemListElement\":[{\"@type\":\"ListItem\",\"position\":1,\"name\":\"In\u00edcio\",\"item\":\"https:\\\/\\\/www.notibras.com\\\/site\\\/\"},{\"@type\":\"ListItem\",\"position\":2,\"name\":\"Bras\u00edlia aposta em uva por mais renda, empregos e turistas\"}]},{\"@type\":\"WebSite\",\"@id\":\"https:\\\/\\\/www.notibras.com\\\/site\\\/#website\",\"url\":\"https:\\\/\\\/www.notibras.com\\\/site\\\/\",\"name\":\"Notibras\",\"description\":\"Not\u00edcias de Bras\u00edlia, do Brasil e do Mundo\",\"publisher\":{\"@id\":\"https:\\\/\\\/www.notibras.com\\\/site\\\/#organization\"},\"potentialAction\":[{\"@type\":\"SearchAction\",\"target\":{\"@type\":\"EntryPoint\",\"urlTemplate\":\"https:\\\/\\\/www.notibras.com\\\/site\\\/?s={search_term_string}\"},\"query-input\":{\"@type\":\"PropertyValueSpecification\",\"valueRequired\":true,\"valueName\":\"search_term_string\"}}],\"inLanguage\":\"pt-BR\"},{\"@type\":\"Organization\",\"@id\":\"https:\\\/\\\/www.notibras.com\\\/site\\\/#organization\",\"name\":\"Grupo Notibras de Comunica\u00e7\u00e3o\",\"url\":\"https:\\\/\\\/www.notibras.com\\\/site\\\/\",\"logo\":{\"@type\":\"ImageObject\",\"inLanguage\":\"pt-BR\",\"@id\":\"https:\\\/\\\/www.notibras.com\\\/site\\\/#\\\/schema\\\/logo\\\/image\\\/\",\"url\":\"https:\\\/\\\/www.notibras.com\\\/site\\\/wp-content\\\/uploads\\\/2023\\\/01\\\/notibras23.png\",\"contentUrl\":\"https:\\\/\\\/www.notibras.com\\\/site\\\/wp-content\\\/uploads\\\/2023\\\/01\\\/notibras23.png\",\"width\":350,\"height\":87,\"caption\":\"Grupo Notibras de Comunica\u00e7\u00e3o\"},\"image\":{\"@id\":\"https:\\\/\\\/www.notibras.com\\\/site\\\/#\\\/schema\\\/logo\\\/image\\\/\"},\"sameAs\":[\"https:\\\/\\\/www.facebook.com\\\/notibras\\\/\",\"https:\\\/\\\/x.com\\\/Notibras\",\"https:\\\/\\\/www.instagram.com\\\/notibras\\\/\"]},{\"@type\":\"Person\",\"@id\":\"https:\\\/\\\/www.notibras.com\\\/site\\\/#\\\/schema\\\/person\\\/36ab0979449956132d3e5b517ea76ac8\",\"name\":\"Reda\u00e7\u00e3o\",\"image\":{\"@type\":\"ImageObject\",\"inLanguage\":\"pt-BR\",\"@id\":\"https:\\\/\\\/secure.gravatar.com\\\/avatar\\\/e0a867bdedb85fd243eadf09663511f96fc81e0720a4a42581f334ad4303aa6b?s=96&d=mm&r=g\",\"url\":\"https:\\\/\\\/secure.gravatar.com\\\/avatar\\\/e0a867bdedb85fd243eadf09663511f96fc81e0720a4a42581f334ad4303aa6b?s=96&d=mm&r=g\",\"contentUrl\":\"https:\\\/\\\/secure.gravatar.com\\\/avatar\\\/e0a867bdedb85fd243eadf09663511f96fc81e0720a4a42581f334ad4303aa6b?s=96&d=mm&r=g\",\"caption\":\"Reda\u00e7\u00e3o\"}}]}<\/script>\n<!-- \/ Yoast SEO plugin. -->","yoast_head_json":{"title":"Bras\u00edlia aposta em uva por mais renda, empregos e turistas - Notibras","robots":{"index":"index","follow":"follow","max-snippet":"max-snippet:-1","max-image-preview":"max-image-preview:large","max-video-preview":"max-video-preview:-1"},"canonical":"https:\/\/www.notibras.com\/site\/brasilia-aposta-em-uva-por-mais-renda-empregos-e-turistas\/","og_locale":"pt_BR","og_type":"article","og_title":"Bras\u00edlia aposta em uva por mais renda, empregos e turistas - Notibras","og_description":"Bras\u00edlia tem um potencial tur\u00edstico diverso, que cresce entre os tra\u00e7os c\u00edvicos e belezas naturais da regi\u00e3o. Com objetivo de incentivar o desenvolvimento de mais uma rota de turismo na capital, o Governo do Distrito Federal (GDF) lan\u00e7ou, neste s\u00e1bado (20), a Rota das Uvas de Bras\u00edlia. O an\u00fancio foi feito pelo governador Ibaneis Rocha, [&hellip;]","og_url":"https:\/\/www.notibras.com\/site\/brasilia-aposta-em-uva-por-mais-renda-empregos-e-turistas\/","og_site_name":"Notibras","article_publisher":"https:\/\/www.facebook.com\/notibras\/","article_published_time":"2024-04-20T17:11:44+00:00","article_modified_time":"2024-04-20T22:13:43+00:00","og_image":[{"width":1536,"height":1023,"url":"https:\/\/www.notibras.com\/site\/wp-content\/uploads\/2024\/04\/WhatsApp-Image-2024-04-20-at-14.07.15-1536x1023-1.jpeg","type":"image\/jpeg"}],"author":"Reda\u00e7\u00e3o","twitter_card":"summary_large_image","twitter_creator":"@Notibras","twitter_site":"@Notibras","twitter_misc":{"Escrito por":"Reda\u00e7\u00e3o","Est. tempo de leitura":"5 minutos"},"schema":{"@context":"https:\/\/schema.org","@graph":[{"@type":"Article","@id":"https:\/\/www.notibras.com\/site\/brasilia-aposta-em-uva-por-mais-renda-empregos-e-turistas\/#article","isPartOf":{"@id":"https:\/\/www.notibras.com\/site\/brasilia-aposta-em-uva-por-mais-renda-empregos-e-turistas\/"},"author":{"name":"Reda\u00e7\u00e3o","@id":"https:\/\/www.notibras.com\/site\/#\/schema\/person\/36ab0979449956132d3e5b517ea76ac8"},"headline":"Bras\u00edlia aposta em uva por mais renda, empregos e turistas","datePublished":"2024-04-20T17:11:44+00:00","dateModified":"2024-04-20T22:13:43+00:00","mainEntityOfPage":{"@id":"https:\/\/www.notibras.com\/site\/brasilia-aposta-em-uva-por-mais-renda-empregos-e-turistas\/"},"wordCount":850,"publisher":{"@id":"https:\/\/www.notibras.com\/site\/#organization"},"image":{"@id":"https:\/\/www.notibras.com\/site\/brasilia-aposta-em-uva-por-mais-renda-empregos-e-turistas\/#primaryimage"},"thumbnailUrl":"https:\/\/www.notibras.com\/site\/wp-content\/uploads\/2024\/04\/WhatsApp-Image-2024-04-20-at-14.07.15-1536x1023-1.jpeg","articleSection":["Quadradinho em Foco"],"inLanguage":"pt-BR"},{"@type":"WebPage","@id":"https:\/\/www.notibras.com\/site\/brasilia-aposta-em-uva-por-mais-renda-empregos-e-turistas\/","url":"https:\/\/www.notibras.com\/site\/brasilia-aposta-em-uva-por-mais-renda-empregos-e-turistas\/","name":"Bras\u00edlia aposta em uva por mais renda, empregos e turistas - Notibras","isPartOf":{"@id":"https:\/\/www.notibras.com\/site\/#website"},"primaryImageOfPage":{"@id":"https:\/\/www.notibras.com\/site\/brasilia-aposta-em-uva-por-mais-renda-empregos-e-turistas\/#primaryimage"},"image":{"@id":"https:\/\/www.notibras.com\/site\/brasilia-aposta-em-uva-por-mais-renda-empregos-e-turistas\/#primaryimage"},"thumbnailUrl":"https:\/\/www.notibras.com\/site\/wp-content\/uploads\/2024\/04\/WhatsApp-Image-2024-04-20-at-14.07.15-1536x1023-1.jpeg","datePublished":"2024-04-20T17:11:44+00:00","dateModified":"2024-04-20T22:13:43+00:00","breadcrumb":{"@id":"https:\/\/www.notibras.com\/site\/brasilia-aposta-em-uva-por-mais-renda-empregos-e-turistas\/#breadcrumb"},"inLanguage":"pt-BR","potentialAction":[{"@type":"ReadAction","target":["https:\/\/www.notibras.com\/site\/brasilia-aposta-em-uva-por-mais-renda-empregos-e-turistas\/"]}]},{"@type":"ImageObject","inLanguage":"pt-BR","@id":"https:\/\/www.notibras.com\/site\/brasilia-aposta-em-uva-por-mais-renda-empregos-e-turistas\/#primaryimage","url":"https:\/\/www.notibras.com\/site\/wp-content\/uploads\/2024\/04\/WhatsApp-Image-2024-04-20-at-14.07.15-1536x1023-1.jpeg","contentUrl":"https:\/\/www.notibras.com\/site\/wp-content\/uploads\/2024\/04\/WhatsApp-Image-2024-04-20-at-14.07.15-1536x1023-1.jpeg","width":1536,"height":1023},{"@type":"BreadcrumbList","@id":"https:\/\/www.notibras.com\/site\/brasilia-aposta-em-uva-por-mais-renda-empregos-e-turistas\/#breadcrumb","itemListElement":[{"@type":"ListItem","position":1,"name":"In\u00edcio","item":"https:\/\/www.notibras.com\/site\/"},{"@type":"ListItem","position":2,"name":"Bras\u00edlia aposta em uva por mais renda, empregos e turistas"}]},{"@type":"WebSite","@id":"https:\/\/www.notibras.com\/site\/#website","url":"https:\/\/www.notibras.com\/site\/","name":"Notibras","description":"Not\u00edcias de Bras\u00edlia, do Brasil e do Mundo","publisher":{"@id":"https:\/\/www.notibras.com\/site\/#organization"},"potentialAction":[{"@type":"SearchAction","target":{"@type":"EntryPoint","urlTemplate":"https:\/\/www.notibras.com\/site\/?s={search_term_string}"},"query-input":{"@type":"PropertyValueSpecification","valueRequired":true,"valueName":"search_term_string"}}],"inLanguage":"pt-BR"},{"@type":"Organization","@id":"https:\/\/www.notibras.com\/site\/#organization","name":"Grupo Notibras de Comunica\u00e7\u00e3o","url":"https:\/\/www.notibras.com\/site\/","logo":{"@type":"ImageObject","inLanguage":"pt-BR","@id":"https:\/\/www.notibras.com\/site\/#\/schema\/logo\/image\/","url":"https:\/\/www.notibras.com\/site\/wp-content\/uploads\/2023\/01\/notibras23.png","contentUrl":"https:\/\/www.notibras.com\/site\/wp-content\/uploads\/2023\/01\/notibras23.png","width":350,"height":87,"caption":"Grupo Notibras de Comunica\u00e7\u00e3o"},"image":{"@id":"https:\/\/www.notibras.com\/site\/#\/schema\/logo\/image\/"},"sameAs":["https:\/\/www.facebook.com\/notibras\/","https:\/\/x.com\/Notibras","https:\/\/www.instagram.com\/notibras\/"]},{"@type":"Person","@id":"https:\/\/www.notibras.com\/site\/#\/schema\/person\/36ab0979449956132d3e5b517ea76ac8","name":"Reda\u00e7\u00e3o","image":{"@type":"ImageObject","inLanguage":"pt-BR","@id":"https:\/\/secure.gravatar.com\/avatar\/e0a867bdedb85fd243eadf09663511f96fc81e0720a4a42581f334ad4303aa6b?s=96&d=mm&r=g","url":"https:\/\/secure.gravatar.com\/avatar\/e0a867bdedb85fd243eadf09663511f96fc81e0720a4a42581f334ad4303aa6b?s=96&d=mm&r=g","contentUrl":"https:\/\/secure.gravatar.com\/avatar\/e0a867bdedb85fd243eadf09663511f96fc81e0720a4a42581f334ad4303aa6b?s=96&d=mm&r=g","caption":"Reda\u00e7\u00e3o"}}]}},"amp_enabled":true,"_links":{"self":[{"href":"https:\/\/www.notibras.com\/site\/wp-json\/wp\/v2\/posts\/327080","targetHints":{"allow":["GET"]}}],"collection":[{"href":"https:\/\/www.notibras.com\/site\/wp-json\/wp\/v2\/posts"}],"about":[{"href":"https:\/\/www.notibras.com\/site\/wp-json\/wp\/v2\/types\/post"}],"author":[{"embeddable":true,"href":"https:\/\/www.notibras.com\/site\/wp-json\/wp\/v2\/users\/2"}],"replies":[{"embeddable":true,"href":"https:\/\/www.notibras.com\/site\/wp-json\/wp\/v2\/comments?post=327080"}],"version-history":[{"count":1,"href":"https:\/\/www.notibras.com\/site\/wp-json\/wp\/v2\/posts\/327080\/revisions"}],"predecessor-version":[{"id":327082,"href":"https:\/\/www.notibras.com\/site\/wp-json\/wp\/v2\/posts\/327080\/revisions\/327082"}],"wp:featuredmedia":[{"embeddable":true,"href":"https:\/\/www.notibras.com\/site\/wp-json\/wp\/v2\/media\/327081"}],"wp:attachment":[{"href":"https:\/\/www.notibras.com\/site\/wp-json\/wp\/v2\/media?parent=327080"}],"wp:term":[{"taxonomy":"category","embeddable":true,"href":"https:\/\/www.notibras.com\/site\/wp-json\/wp\/v2\/categories?post=327080"},{"taxonomy":"post_tag","embeddable":true,"href":"https:\/\/www.notibras.com\/site\/wp-json\/wp\/v2\/tags?post=327080"}],"curies":[{"name":"wp","href":"https:\/\/api.w.org\/{rel}","templated":true}]}}