{"id":327083,"date":"2024-04-20T12:18:23","date_gmt":"2024-04-20T15:18:23","guid":{"rendered":"https:\/\/www.notibras.com\/site\/?p=327083"},"modified":"2024-04-20T19:19:49","modified_gmt":"2024-04-20T22:19:49","slug":"receita-apreende-carga-de-cerveja-sem-as-notas-fiscais","status":"publish","type":"post","link":"https:\/\/www.notibras.com\/site\/receita-apreende-carga-de-cerveja-sem-as-notas-fiscais\/","title":{"rendered":"Receita apreende carga de cerveja sem as notas fiscais"},"content":{"rendered":"<p>Durante a sexta-feira (19) e a manh\u00e3 deste s\u00e1bado (20), auditores da fiscaliza\u00e7\u00e3o tribut\u00e1ria da Secretaria de Economia (Seec) apreenderam R$ 414 mil de mercadorias irregulares. Entre os produtos, foi retida uma carreta com 100.800 latas de cerveja sem documenta\u00e7\u00e3o fiscal, e tamb\u00e9m houve a apreens\u00e3o de madeira, farinha de trigo e sorvete. As a\u00e7\u00f5es foram realizadas em Ceil\u00e2ndia e nas BRs 020, 029 e 060.<\/p>\n<p>Os produtos entrariam em circula\u00e7\u00e3o com notas fiscais irregulares. Entre os documentos encontrados est\u00e3o erros de registro das notas e falsas informa\u00e7\u00f5es, que seriam usadas por vendedores e compradores para sonegar impostos.<\/p>\n<p>\u201c\u00c9 importante lembrar que a fiscaliza\u00e7\u00e3o tribut\u00e1ria da Secretaria de Economia atua 24h por dia, sete dias por semana para combater a pr\u00e1tica de sonega\u00e7\u00e3o\u201d, refor\u00e7a o coordenador de Fiscaliza\u00e7\u00e3o Tribut\u00e1ria, Silvino Nogueira Filho.<\/p>\n<p>As opera\u00e7\u00f5es foram conduzidas pela Ger\u00eancia de Fiscaliza\u00e7\u00e3o de Mercadorias em Tr\u00e2nsito (GEFMT). Os impostos recolhidos s\u00e3o utilizados pelo estado como receitas tribut\u00e1rias aplicadas no desenvolvimento de pol\u00edticas p\u00fablicas (obras, educa\u00e7\u00e3o, sa\u00fade, seguran\u00e7a, mobilidade, programas sociais, etc.) e a atua\u00e7\u00e3o sistem\u00e1tica do Fisco tem por objetivo recuperar recursos que deixariam de entrar nos cofres p\u00fablicos do DF.<\/p>\n","protected":false},"excerpt":{"rendered":"<p>Durante a sexta-feira (19) e a manh\u00e3 deste s\u00e1bado (20), auditores da fiscaliza\u00e7\u00e3o tribut\u00e1ria da Secretaria de Economia (Seec) apreenderam R$ 414 mil de mercadorias irregulares. Entre os produtos, foi retida uma carreta com 100.800 latas de cerveja sem documenta\u00e7\u00e3o fiscal, e tamb\u00e9m houve a apreens\u00e3o de madeira, farinha de trigo e sorvete. As a\u00e7\u00f5es [&hellip;]<\/p>\n","protected":false},"author":2,"featured_media":327084,"comment_status":"closed","ping_status":"closed","sticky":false,"template":"","format":"standard","meta":{"_acf_changed":false,"footnotes":""},"categories":[161],"tags":[],"class_list":["post-327083","post","type-post","status-publish","format-standard","has-post-thumbnail","hentry","category-quadradinho-em-foco"],"acf":[],"yoast_head":"<!-- This site is optimized with the Yoast SEO plugin v27.5 - https:\/\/yoast.com\/product\/yoast-seo-wordpress\/ -->\n<title>Receita apreende carga de cerveja sem as notas fiscais - Notibras<\/title>\n<meta name=\"robots\" content=\"index, follow, max-snippet:-1, max-image-preview:large, max-video-preview:-1\" \/>\n<link rel=\"canonical\" href=\"https:\/\/www.notibras.com\/site\/receita-apreende-carga-de-cerveja-sem-as-notas-fiscais\/\" \/>\n<meta property=\"og:locale\" content=\"pt_BR\" \/>\n<meta property=\"og:type\" content=\"article\" \/>\n<meta property=\"og:title\" content=\"Receita apreende carga de cerveja sem as notas fiscais - Notibras\" \/>\n<meta property=\"og:description\" content=\"Durante a sexta-feira (19) e a manh\u00e3 deste s\u00e1bado (20), auditores da fiscaliza\u00e7\u00e3o tribut\u00e1ria da Secretaria de Economia (Seec) apreenderam R$ 414 mil de mercadorias irregulares. Entre os produtos, foi retida uma carreta com 100.800 latas de cerveja sem documenta\u00e7\u00e3o fiscal, e tamb\u00e9m houve a apreens\u00e3o de madeira, farinha de trigo e sorvete. As a\u00e7\u00f5es [&hellip;]\" \/>\n<meta property=\"og:url\" content=\"https:\/\/www.notibras.com\/site\/receita-apreende-carga-de-cerveja-sem-as-notas-fiscais\/\" \/>\n<meta property=\"og:site_name\" content=\"Notibras\" \/>\n<meta property=\"article:publisher\" content=\"https:\/\/www.facebook.com\/notibras\/\" \/>\n<meta property=\"article:published_time\" content=\"2024-04-20T15:18:23+00:00\" \/>\n<meta property=\"article:modified_time\" content=\"2024-04-20T22:19:49+00:00\" \/>\n<meta property=\"og:image\" content=\"https:\/\/www.notibras.com\/site\/wp-content\/uploads\/2024\/04\/WhatsApp-Image-2024-04-20-at-09.14.37.jpeg\" \/>\n\t<meta property=\"og:image:width\" content=\"1064\" \/>\n\t<meta property=\"og:image:height\" content=\"1217\" \/>\n\t<meta property=\"og:image:type\" content=\"image\/jpeg\" \/>\n<meta name=\"author\" content=\"Reda\u00e7\u00e3o\" \/>\n<meta name=\"twitter:card\" content=\"summary_large_image\" \/>\n<meta name=\"twitter:creator\" content=\"@Notibras\" \/>\n<meta name=\"twitter:site\" content=\"@Notibras\" \/>\n<meta name=\"twitter:label1\" content=\"Escrito por\" \/>\n\t<meta name=\"twitter:data1\" content=\"Reda\u00e7\u00e3o\" \/>\n\t<meta name=\"twitter:label2\" content=\"Est. tempo de leitura\" \/>\n\t<meta name=\"twitter:data2\" content=\"2 minutos\" \/>\n<script type=\"application\/ld+json\" class=\"yoast-schema-graph\">{\"@context\":\"https:\\\/\\\/schema.org\",\"@graph\":[{\"@type\":\"Article\",\"@id\":\"https:\\\/\\\/www.notibras.com\\\/site\\\/receita-apreende-carga-de-cerveja-sem-as-notas-fiscais\\\/#article\",\"isPartOf\":{\"@id\":\"https:\\\/\\\/www.notibras.com\\\/site\\\/receita-apreende-carga-de-cerveja-sem-as-notas-fiscais\\\/\"},\"author\":{\"name\":\"Reda\u00e7\u00e3o\",\"@id\":\"https:\\\/\\\/www.notibras.com\\\/site\\\/#\\\/schema\\\/person\\\/36ab0979449956132d3e5b517ea76ac8\"},\"headline\":\"Receita apreende carga de cerveja sem as notas fiscais\",\"datePublished\":\"2024-04-20T15:18:23+00:00\",\"dateModified\":\"2024-04-20T22:19:49+00:00\",\"mainEntityOfPage\":{\"@id\":\"https:\\\/\\\/www.notibras.com\\\/site\\\/receita-apreende-carga-de-cerveja-sem-as-notas-fiscais\\\/\"},\"wordCount\":222,\"publisher\":{\"@id\":\"https:\\\/\\\/www.notibras.com\\\/site\\\/#organization\"},\"image\":{\"@id\":\"https:\\\/\\\/www.notibras.com\\\/site\\\/receita-apreende-carga-de-cerveja-sem-as-notas-fiscais\\\/#primaryimage\"},\"thumbnailUrl\":\"https:\\\/\\\/www.notibras.com\\\/site\\\/wp-content\\\/uploads\\\/2024\\\/04\\\/WhatsApp-Image-2024-04-20-at-09.14.37.jpeg\",\"articleSection\":[\"Quadradinho em Foco\"],\"inLanguage\":\"pt-BR\"},{\"@type\":\"WebPage\",\"@id\":\"https:\\\/\\\/www.notibras.com\\\/site\\\/receita-apreende-carga-de-cerveja-sem-as-notas-fiscais\\\/\",\"url\":\"https:\\\/\\\/www.notibras.com\\\/site\\\/receita-apreende-carga-de-cerveja-sem-as-notas-fiscais\\\/\",\"name\":\"Receita apreende carga de cerveja sem as notas fiscais - Notibras\",\"isPartOf\":{\"@id\":\"https:\\\/\\\/www.notibras.com\\\/site\\\/#website\"},\"primaryImageOfPage\":{\"@id\":\"https:\\\/\\\/www.notibras.com\\\/site\\\/receita-apreende-carga-de-cerveja-sem-as-notas-fiscais\\\/#primaryimage\"},\"image\":{\"@id\":\"https:\\\/\\\/www.notibras.com\\\/site\\\/receita-apreende-carga-de-cerveja-sem-as-notas-fiscais\\\/#primaryimage\"},\"thumbnailUrl\":\"https:\\\/\\\/www.notibras.com\\\/site\\\/wp-content\\\/uploads\\\/2024\\\/04\\\/WhatsApp-Image-2024-04-20-at-09.14.37.jpeg\",\"datePublished\":\"2024-04-20T15:18:23+00:00\",\"dateModified\":\"2024-04-20T22:19:49+00:00\",\"breadcrumb\":{\"@id\":\"https:\\\/\\\/www.notibras.com\\\/site\\\/receita-apreende-carga-de-cerveja-sem-as-notas-fiscais\\\/#breadcrumb\"},\"inLanguage\":\"pt-BR\",\"potentialAction\":[{\"@type\":\"ReadAction\",\"target\":[\"https:\\\/\\\/www.notibras.com\\\/site\\\/receita-apreende-carga-de-cerveja-sem-as-notas-fiscais\\\/\"]}]},{\"@type\":\"ImageObject\",\"inLanguage\":\"pt-BR\",\"@id\":\"https:\\\/\\\/www.notibras.com\\\/site\\\/receita-apreende-carga-de-cerveja-sem-as-notas-fiscais\\\/#primaryimage\",\"url\":\"https:\\\/\\\/www.notibras.com\\\/site\\\/wp-content\\\/uploads\\\/2024\\\/04\\\/WhatsApp-Image-2024-04-20-at-09.14.37.jpeg\",\"contentUrl\":\"https:\\\/\\\/www.notibras.com\\\/site\\\/wp-content\\\/uploads\\\/2024\\\/04\\\/WhatsApp-Image-2024-04-20-at-09.14.37.jpeg\",\"width\":1064,\"height\":1217},{\"@type\":\"BreadcrumbList\",\"@id\":\"https:\\\/\\\/www.notibras.com\\\/site\\\/receita-apreende-carga-de-cerveja-sem-as-notas-fiscais\\\/#breadcrumb\",\"itemListElement\":[{\"@type\":\"ListItem\",\"position\":1,\"name\":\"In\u00edcio\",\"item\":\"https:\\\/\\\/www.notibras.com\\\/site\\\/\"},{\"@type\":\"ListItem\",\"position\":2,\"name\":\"Receita apreende carga de cerveja sem as notas fiscais\"}]},{\"@type\":\"WebSite\",\"@id\":\"https:\\\/\\\/www.notibras.com\\\/site\\\/#website\",\"url\":\"https:\\\/\\\/www.notibras.com\\\/site\\\/\",\"name\":\"Notibras\",\"description\":\"Not\u00edcias de Bras\u00edlia, do Brasil e do Mundo\",\"publisher\":{\"@id\":\"https:\\\/\\\/www.notibras.com\\\/site\\\/#organization\"},\"potentialAction\":[{\"@type\":\"SearchAction\",\"target\":{\"@type\":\"EntryPoint\",\"urlTemplate\":\"https:\\\/\\\/www.notibras.com\\\/site\\\/?s={search_term_string}\"},\"query-input\":{\"@type\":\"PropertyValueSpecification\",\"valueRequired\":true,\"valueName\":\"search_term_string\"}}],\"inLanguage\":\"pt-BR\"},{\"@type\":\"Organization\",\"@id\":\"https:\\\/\\\/www.notibras.com\\\/site\\\/#organization\",\"name\":\"Grupo Notibras de Comunica\u00e7\u00e3o\",\"url\":\"https:\\\/\\\/www.notibras.com\\\/site\\\/\",\"logo\":{\"@type\":\"ImageObject\",\"inLanguage\":\"pt-BR\",\"@id\":\"https:\\\/\\\/www.notibras.com\\\/site\\\/#\\\/schema\\\/logo\\\/image\\\/\",\"url\":\"https:\\\/\\\/www.notibras.com\\\/site\\\/wp-content\\\/uploads\\\/2023\\\/01\\\/notibras23.png\",\"contentUrl\":\"https:\\\/\\\/www.notibras.com\\\/site\\\/wp-content\\\/uploads\\\/2023\\\/01\\\/notibras23.png\",\"width\":350,\"height\":87,\"caption\":\"Grupo Notibras de Comunica\u00e7\u00e3o\"},\"image\":{\"@id\":\"https:\\\/\\\/www.notibras.com\\\/site\\\/#\\\/schema\\\/logo\\\/image\\\/\"},\"sameAs\":[\"https:\\\/\\\/www.facebook.com\\\/notibras\\\/\",\"https:\\\/\\\/x.com\\\/Notibras\",\"https:\\\/\\\/www.instagram.com\\\/notibras\\\/\"]},{\"@type\":\"Person\",\"@id\":\"https:\\\/\\\/www.notibras.com\\\/site\\\/#\\\/schema\\\/person\\\/36ab0979449956132d3e5b517ea76ac8\",\"name\":\"Reda\u00e7\u00e3o\",\"image\":{\"@type\":\"ImageObject\",\"inLanguage\":\"pt-BR\",\"@id\":\"https:\\\/\\\/secure.gravatar.com\\\/avatar\\\/e0a867bdedb85fd243eadf09663511f96fc81e0720a4a42581f334ad4303aa6b?s=96&d=mm&r=g\",\"url\":\"https:\\\/\\\/secure.gravatar.com\\\/avatar\\\/e0a867bdedb85fd243eadf09663511f96fc81e0720a4a42581f334ad4303aa6b?s=96&d=mm&r=g\",\"contentUrl\":\"https:\\\/\\\/secure.gravatar.com\\\/avatar\\\/e0a867bdedb85fd243eadf09663511f96fc81e0720a4a42581f334ad4303aa6b?s=96&d=mm&r=g\",\"caption\":\"Reda\u00e7\u00e3o\"}}]}<\/script>\n<!-- \/ Yoast SEO plugin. -->","yoast_head_json":{"title":"Receita apreende carga de cerveja sem as notas fiscais - Notibras","robots":{"index":"index","follow":"follow","max-snippet":"max-snippet:-1","max-image-preview":"max-image-preview:large","max-video-preview":"max-video-preview:-1"},"canonical":"https:\/\/www.notibras.com\/site\/receita-apreende-carga-de-cerveja-sem-as-notas-fiscais\/","og_locale":"pt_BR","og_type":"article","og_title":"Receita apreende carga de cerveja sem as notas fiscais - Notibras","og_description":"Durante a sexta-feira (19) e a manh\u00e3 deste s\u00e1bado (20), auditores da fiscaliza\u00e7\u00e3o tribut\u00e1ria da Secretaria de Economia (Seec) apreenderam R$ 414 mil de mercadorias irregulares. Entre os produtos, foi retida uma carreta com 100.800 latas de cerveja sem documenta\u00e7\u00e3o fiscal, e tamb\u00e9m houve a apreens\u00e3o de madeira, farinha de trigo e sorvete. As a\u00e7\u00f5es [&hellip;]","og_url":"https:\/\/www.notibras.com\/site\/receita-apreende-carga-de-cerveja-sem-as-notas-fiscais\/","og_site_name":"Notibras","article_publisher":"https:\/\/www.facebook.com\/notibras\/","article_published_time":"2024-04-20T15:18:23+00:00","article_modified_time":"2024-04-20T22:19:49+00:00","og_image":[{"width":1064,"height":1217,"url":"https:\/\/www.notibras.com\/site\/wp-content\/uploads\/2024\/04\/WhatsApp-Image-2024-04-20-at-09.14.37.jpeg","type":"image\/jpeg"}],"author":"Reda\u00e7\u00e3o","twitter_card":"summary_large_image","twitter_creator":"@Notibras","twitter_site":"@Notibras","twitter_misc":{"Escrito por":"Reda\u00e7\u00e3o","Est. tempo de leitura":"2 minutos"},"schema":{"@context":"https:\/\/schema.org","@graph":[{"@type":"Article","@id":"https:\/\/www.notibras.com\/site\/receita-apreende-carga-de-cerveja-sem-as-notas-fiscais\/#article","isPartOf":{"@id":"https:\/\/www.notibras.com\/site\/receita-apreende-carga-de-cerveja-sem-as-notas-fiscais\/"},"author":{"name":"Reda\u00e7\u00e3o","@id":"https:\/\/www.notibras.com\/site\/#\/schema\/person\/36ab0979449956132d3e5b517ea76ac8"},"headline":"Receita apreende carga de cerveja sem as notas fiscais","datePublished":"2024-04-20T15:18:23+00:00","dateModified":"2024-04-20T22:19:49+00:00","mainEntityOfPage":{"@id":"https:\/\/www.notibras.com\/site\/receita-apreende-carga-de-cerveja-sem-as-notas-fiscais\/"},"wordCount":222,"publisher":{"@id":"https:\/\/www.notibras.com\/site\/#organization"},"image":{"@id":"https:\/\/www.notibras.com\/site\/receita-apreende-carga-de-cerveja-sem-as-notas-fiscais\/#primaryimage"},"thumbnailUrl":"https:\/\/www.notibras.com\/site\/wp-content\/uploads\/2024\/04\/WhatsApp-Image-2024-04-20-at-09.14.37.jpeg","articleSection":["Quadradinho em Foco"],"inLanguage":"pt-BR"},{"@type":"WebPage","@id":"https:\/\/www.notibras.com\/site\/receita-apreende-carga-de-cerveja-sem-as-notas-fiscais\/","url":"https:\/\/www.notibras.com\/site\/receita-apreende-carga-de-cerveja-sem-as-notas-fiscais\/","name":"Receita apreende carga de cerveja sem as notas fiscais - Notibras","isPartOf":{"@id":"https:\/\/www.notibras.com\/site\/#website"},"primaryImageOfPage":{"@id":"https:\/\/www.notibras.com\/site\/receita-apreende-carga-de-cerveja-sem-as-notas-fiscais\/#primaryimage"},"image":{"@id":"https:\/\/www.notibras.com\/site\/receita-apreende-carga-de-cerveja-sem-as-notas-fiscais\/#primaryimage"},"thumbnailUrl":"https:\/\/www.notibras.com\/site\/wp-content\/uploads\/2024\/04\/WhatsApp-Image-2024-04-20-at-09.14.37.jpeg","datePublished":"2024-04-20T15:18:23+00:00","dateModified":"2024-04-20T22:19:49+00:00","breadcrumb":{"@id":"https:\/\/www.notibras.com\/site\/receita-apreende-carga-de-cerveja-sem-as-notas-fiscais\/#breadcrumb"},"inLanguage":"pt-BR","potentialAction":[{"@type":"ReadAction","target":["https:\/\/www.notibras.com\/site\/receita-apreende-carga-de-cerveja-sem-as-notas-fiscais\/"]}]},{"@type":"ImageObject","inLanguage":"pt-BR","@id":"https:\/\/www.notibras.com\/site\/receita-apreende-carga-de-cerveja-sem-as-notas-fiscais\/#primaryimage","url":"https:\/\/www.notibras.com\/site\/wp-content\/uploads\/2024\/04\/WhatsApp-Image-2024-04-20-at-09.14.37.jpeg","contentUrl":"https:\/\/www.notibras.com\/site\/wp-content\/uploads\/2024\/04\/WhatsApp-Image-2024-04-20-at-09.14.37.jpeg","width":1064,"height":1217},{"@type":"BreadcrumbList","@id":"https:\/\/www.notibras.com\/site\/receita-apreende-carga-de-cerveja-sem-as-notas-fiscais\/#breadcrumb","itemListElement":[{"@type":"ListItem","position":1,"name":"In\u00edcio","item":"https:\/\/www.notibras.com\/site\/"},{"@type":"ListItem","position":2,"name":"Receita apreende carga de cerveja sem as notas fiscais"}]},{"@type":"WebSite","@id":"https:\/\/www.notibras.com\/site\/#website","url":"https:\/\/www.notibras.com\/site\/","name":"Notibras","description":"Not\u00edcias de Bras\u00edlia, do Brasil e do Mundo","publisher":{"@id":"https:\/\/www.notibras.com\/site\/#organization"},"potentialAction":[{"@type":"SearchAction","target":{"@type":"EntryPoint","urlTemplate":"https:\/\/www.notibras.com\/site\/?s={search_term_string}"},"query-input":{"@type":"PropertyValueSpecification","valueRequired":true,"valueName":"search_term_string"}}],"inLanguage":"pt-BR"},{"@type":"Organization","@id":"https:\/\/www.notibras.com\/site\/#organization","name":"Grupo Notibras de Comunica\u00e7\u00e3o","url":"https:\/\/www.notibras.com\/site\/","logo":{"@type":"ImageObject","inLanguage":"pt-BR","@id":"https:\/\/www.notibras.com\/site\/#\/schema\/logo\/image\/","url":"https:\/\/www.notibras.com\/site\/wp-content\/uploads\/2023\/01\/notibras23.png","contentUrl":"https:\/\/www.notibras.com\/site\/wp-content\/uploads\/2023\/01\/notibras23.png","width":350,"height":87,"caption":"Grupo Notibras de Comunica\u00e7\u00e3o"},"image":{"@id":"https:\/\/www.notibras.com\/site\/#\/schema\/logo\/image\/"},"sameAs":["https:\/\/www.facebook.com\/notibras\/","https:\/\/x.com\/Notibras","https:\/\/www.instagram.com\/notibras\/"]},{"@type":"Person","@id":"https:\/\/www.notibras.com\/site\/#\/schema\/person\/36ab0979449956132d3e5b517ea76ac8","name":"Reda\u00e7\u00e3o","image":{"@type":"ImageObject","inLanguage":"pt-BR","@id":"https:\/\/secure.gravatar.com\/avatar\/e0a867bdedb85fd243eadf09663511f96fc81e0720a4a42581f334ad4303aa6b?s=96&d=mm&r=g","url":"https:\/\/secure.gravatar.com\/avatar\/e0a867bdedb85fd243eadf09663511f96fc81e0720a4a42581f334ad4303aa6b?s=96&d=mm&r=g","contentUrl":"https:\/\/secure.gravatar.com\/avatar\/e0a867bdedb85fd243eadf09663511f96fc81e0720a4a42581f334ad4303aa6b?s=96&d=mm&r=g","caption":"Reda\u00e7\u00e3o"}}]}},"amp_enabled":true,"_links":{"self":[{"href":"https:\/\/www.notibras.com\/site\/wp-json\/wp\/v2\/posts\/327083","targetHints":{"allow":["GET"]}}],"collection":[{"href":"https:\/\/www.notibras.com\/site\/wp-json\/wp\/v2\/posts"}],"about":[{"href":"https:\/\/www.notibras.com\/site\/wp-json\/wp\/v2\/types\/post"}],"author":[{"embeddable":true,"href":"https:\/\/www.notibras.com\/site\/wp-json\/wp\/v2\/users\/2"}],"replies":[{"embeddable":true,"href":"https:\/\/www.notibras.com\/site\/wp-json\/wp\/v2\/comments?post=327083"}],"version-history":[{"count":1,"href":"https:\/\/www.notibras.com\/site\/wp-json\/wp\/v2\/posts\/327083\/revisions"}],"predecessor-version":[{"id":327085,"href":"https:\/\/www.notibras.com\/site\/wp-json\/wp\/v2\/posts\/327083\/revisions\/327085"}],"wp:featuredmedia":[{"embeddable":true,"href":"https:\/\/www.notibras.com\/site\/wp-json\/wp\/v2\/media\/327084"}],"wp:attachment":[{"href":"https:\/\/www.notibras.com\/site\/wp-json\/wp\/v2\/media?parent=327083"}],"wp:term":[{"taxonomy":"category","embeddable":true,"href":"https:\/\/www.notibras.com\/site\/wp-json\/wp\/v2\/categories?post=327083"},{"taxonomy":"post_tag","embeddable":true,"href":"https:\/\/www.notibras.com\/site\/wp-json\/wp\/v2\/tags?post=327083"}],"curies":[{"name":"wp","href":"https:\/\/api.w.org\/{rel}","templated":true}]}}