{"id":327086,"date":"2024-04-20T12:27:03","date_gmt":"2024-04-20T15:27:03","guid":{"rendered":"https:\/\/www.notibras.com\/site\/?p=327086"},"modified":"2024-04-20T19:30:56","modified_gmt":"2024-04-20T22:30:56","slug":"saida-leste-fica-melhor-com-inauguracao-do-viaduto-itapoa-paranoa","status":"publish","type":"post","link":"https:\/\/www.notibras.com\/site\/saida-leste-fica-melhor-com-inauguracao-do-viaduto-itapoa-paranoa\/","title":{"rendered":"Sa\u00edda Leste fica melhor com inaugura\u00e7\u00e3o do viaduto Itapo\u00e3\/Parano\u00e1"},"content":{"rendered":"<p>Maior obra do Complexo Vi\u00e1rio Sa\u00edda Leste, o Viaduto do Itapo\u00e3\/Parano\u00e1 foi inaugurado na manh\u00e3 deste s\u00e1bado (20) pelo governador Ibaneis Rocha. O elevado conecta a DF-250 \u00e0 DF-015, interligando as duas regi\u00f5es administrativas, e contribui significativamente para um deslocamento mais c\u00e9lere, seguro e confort\u00e1vel para quem acessa ou reside na parte leste do Distrito Federal.<\/p>\n<p>Em todo o complexo foram investidos mais de R$ 95 milh\u00f5es. O viaduto era a grande obra aguardada pela popula\u00e7\u00e3o e foi totalmente liberado neste s\u00e1bado. Ele conta com uma estrutura em dois n\u00edveis: o inferior, com acesso entre Sobradinho e a Barragem do Parano\u00e1; e o superior, entre a regi\u00e3o de condom\u00ednios e o Lago Norte. Tr\u00eas faixas de rolamento em cada sentido e nove al\u00e7as de acesso ajudam a tornar o tr\u00e2nsito mais fluido para aproximadamente 60 mil motoristas que trafegam pela regi\u00e3o diariamente.<\/p>\n<p>Durante o evento, o governador Ibaneis Rocha afirmou que as obras do Complexo Vi\u00e1rio Sa\u00edda Leste atendem a uma demanda de d\u00e9cadas dos moradores. \u201cSaiu na ordem de R$ 95 milh\u00f5es, um investimento feito por n\u00f3s, mas no interesse de toda a comunidade. Temos certeza que com isso n\u00f3s atenderemos toda a sociedade do Itapo\u00e3, do Parano\u00e1 e regi\u00f5es adjacentes. Fizemos aqui outras obras complementares, como a duplica\u00e7\u00e3o da DF-250, e estamos com obras nas duas cidades. O investimento aqui na regi\u00e3o tem sido muito forte\u201d, afirmou.<\/p>\n<p>As obras do viaduto inaugurado neste s\u00e1bado (20) foram executadas por um cons\u00f3rcio de empresas terceirizadas contratadas pelo Departamento de Estradas de Rodagem do Distrito Federal (DER-DF), gerando cerca de 200 empregos diretos e indiretos.<\/p>\n<p>Presidente do DER-DF, Fauzi Nacfur J\u00fanior destacou o tamanho da obra e o quanto ela traz benef\u00edcios a quem mora e passa pela regi\u00e3o. \u201cEm torno de 100 mil pessoas moram nessa regi\u00e3o e cerca de 60 mil, 70 mil motoristas trafegam todos os dias. Esse era um ponto de entroncamento que a gente precisava tirar esse n\u00f3. E com esse grande complexo de viadutos e al\u00e7as, a gente se livra desse problema. Mas, n\u00e3o \u00e9 s\u00f3 isso. Duplicamos a DF-250 e pavimentamos a DF-456. S\u00e3o em torno de R$ 100 milh\u00f5es em obras para essa bela regi\u00e3o\u201d, detalha Fauzi Nacfur J\u00fanior.<\/p>\n<p>Ao longo desta semana, a obra recebeu os \u00faltimos retoques, como plantio de grama nos taludes, instala\u00e7\u00e3o de sinaliza\u00e7\u00f5es verticais e horizontais, das barreiras de concreto New Jersey e demais conten\u00e7\u00f5es necess\u00e1rias para a seguran\u00e7a vi\u00e1ria. Na ocasi\u00e3o, tamb\u00e9m foram instalados pela Companhia Energ\u00e9tica de Bras\u00edlia (CEB Ipes) os postes de ilumina\u00e7\u00e3o p\u00fablica em LED.<\/p>\n<p><strong>Quatro novas passarelas<\/strong> &#8211; O governador Ibaneis Rocha tamb\u00e9m autorizou a licita\u00e7\u00e3o para constru\u00e7\u00e3o de quatro passarelas nas liga\u00e7\u00f5es entre as cidades do Parano\u00e1 e Itapo\u00e3. Cabe lembrar que atualmente a regi\u00e3o disp\u00f5e de sem\u00e1foros e faixas de pedestres para travessias seguras.<\/p>\n<p>Quando as passarelas ficarem prontas, tanto os sem\u00e1foros como as faixas ser\u00e3o removidas para dar mais fluidez e permitir que a travessia de pedestres e ciclistas seja feita exclusivamente pelas passarelas.<\/p>\n<p>As estruturas a\u00e9reas ser\u00e3o constru\u00eddas nas radiais localizadas nas proximidades da obra de arte especial, respectivamente na DF-250, na Estrada Parque Tamandu\u00e1 (DF-015) e outras duas na Estrada Parque Contorno (DF-001). Elas ser\u00e3o constru\u00eddas em estrutura mista de concreto e a\u00e7o. O investimento total ser\u00e1 de R$ 16 milh\u00f5es.<\/p>\n<p>\u201cHoje, o pedestre est\u00e1 muito bem servido por sem\u00e1foros, passagens de pedestres, cal\u00e7adas e ciclovias. Temos, inclusive, placas grandes indicando o trajeto que o pedestre tem que fazer, que o ciclista tem que fazer. Est\u00e1 muito bem encaminhada a preocupa\u00e7\u00e3o com a mobilidade\u201d, detalha Fauzi Nacfur J\u00fanior.<\/p>\n<p>A Secretaria de Transporte e Mobilidade do Distrito Federal (Semob) vai descentralizar recursos para a execu\u00e7\u00e3o de tr\u00eas passarelas e a outra passagem ser\u00e1 constru\u00edda por meio de emenda parlamentar do deputado Rafael Prudente.<\/p>\n<p>Essas estruturas ser\u00e3o interligadas com cal\u00e7adas. Tamb\u00e9m ser\u00e3o constru\u00eddos abrigos para passageiros do transporte p\u00fablico, al\u00e9m da execu\u00e7\u00e3o da parte de acessibilidade entre as duas cidades.<\/p>\n<p><strong>Pacote de obras<\/strong> &#8211; O principal objetivo do elevado \u00e9 solucionar de vez os recorrentes congestionamentos na regi\u00e3o, especialmente nos hor\u00e1rios de pico. Desde dezembro, o tr\u00e2nsito de ve\u00edculos j\u00e1 estava liberado nas pistas superiores, uma medida adotada pelo GDF para dinamizar a circula\u00e7\u00e3o e reduzir o tempo de deslocamento antes mesmo da entrega integral da obra vi\u00e1ria.<\/p>\n<p>\u201cS\u00e3o obras importantes e v\u00e3o destravar a cidade para os pr\u00f3ximos 50 anos, porque o DF cresce a todo momento e a estrutura da cidade estava abandonada h\u00e1 d\u00e9cadas\u201d, acrescentou Ibaneis Rocha.<\/p>\n<p>Agora totalmente entregue, o Viaduto do Itapo\u00e3\/Parano\u00e1 integra o Complexo Vi\u00e1rio Sa\u00edda Leste. Al\u00e9m do elevado, o pacote de interven\u00e7\u00f5es do GDF na mobilidade urbana da regi\u00e3o incluiu obras de duplica\u00e7\u00e3o de 5,3 km da DF-250 e pavimenta\u00e7\u00e3o de 6 km da DF-456, somando cerca de R$ 100 milh\u00f5es em investimentos.<\/p>\n<p>O superintendente de obras do DER, Cristiano Cavalcante, classifica a entrega do viaduto e das demais obras de mobilidade urbana como um marco para Itapo\u00e3 e Parano\u00e1. \u201c\u00c9 um complexo de obras bastante expressivo e importante, que vai mudar a vida das pessoas, trazendo mais mobilidade e facilitando o deslocamento\u201d, enfatizou.<\/p>\n<p><strong>Emo\u00e7\u00e3o<\/strong> &#8211; Aos 70 anos, o pedreiro Francisco Idalino Vale diz ter acompanhado cada etapa da constru\u00e7\u00e3o da estrutura e hoje se emociona com a dimens\u00e3o da obra vi\u00e1ria. \u201cA gente n\u00e3o esperava. Uma obra muito grande, que, no Parano\u00e1, a gente n\u00e3o imaginava ver uma melhoria dessas chegando\u201d, disse. \u201cO sentimento \u00e9 de gratid\u00e3o, \u00e9 algo que, at\u00e9 ent\u00e3o, o Parano\u00e1 n\u00e3o tinha visto\u201d, prosseguiu.<\/p>\n<p>As palavras emocionadas do idoso encontram eco entre outros moradores da cidade. H\u00e1 22 anos na regi\u00e3o, a comerciante Waldenice Cordeiro, 53, comemora mais essa entrega do GDF. \u201c\u00c9 a primeira vez que eu vejo uma obra dessa propor\u00e7\u00e3o, dessa magnitude\u201d, destacou. \u201cA gente cr\u00ea que esse viaduto trar\u00e1 um conforto para os moradores daqui. Com o viaduto, o fluxo de carros vai ser \u00f3timo, antes tinha muito congestionamento. Era muito pesado mesmo, era terr\u00edvel. Vai facilitar muito a vida de todos\u201d, finalizou.<\/p>\n","protected":false},"excerpt":{"rendered":"<p>Maior obra do Complexo Vi\u00e1rio Sa\u00edda Leste, o Viaduto do Itapo\u00e3\/Parano\u00e1 foi inaugurado na manh\u00e3 deste s\u00e1bado (20) pelo governador Ibaneis Rocha. O elevado conecta a DF-250 \u00e0 DF-015, interligando as duas regi\u00f5es administrativas, e contribui significativamente para um deslocamento mais c\u00e9lere, seguro e confort\u00e1vel para quem acessa ou reside na parte leste do Distrito [&hellip;]<\/p>\n","protected":false},"author":2,"featured_media":327087,"comment_status":"closed","ping_status":"closed","sticky":false,"template":"","format":"standard","meta":{"_acf_changed":false,"footnotes":""},"categories":[161],"tags":[],"class_list":["post-327086","post","type-post","status-publish","format-standard","has-post-thumbnail","hentry","category-quadradinho-em-foco"],"acf":[],"yoast_head":"<!-- This site is optimized with the Yoast SEO plugin v27.5 - https:\/\/yoast.com\/product\/yoast-seo-wordpress\/ -->\n<title>Sa\u00edda Leste fica melhor com inaugura\u00e7\u00e3o do viaduto Itapo\u00e3\/Parano\u00e1 - Notibras<\/title>\n<meta name=\"robots\" content=\"index, follow, max-snippet:-1, max-image-preview:large, max-video-preview:-1\" \/>\n<link rel=\"canonical\" href=\"https:\/\/www.notibras.com\/site\/saida-leste-fica-melhor-com-inauguracao-do-viaduto-itapoa-paranoa\/\" \/>\n<meta property=\"og:locale\" content=\"pt_BR\" \/>\n<meta property=\"og:type\" content=\"article\" \/>\n<meta property=\"og:title\" content=\"Sa\u00edda Leste fica melhor com inaugura\u00e7\u00e3o do viaduto Itapo\u00e3\/Parano\u00e1 - Notibras\" \/>\n<meta property=\"og:description\" content=\"Maior obra do Complexo Vi\u00e1rio Sa\u00edda Leste, o Viaduto do Itapo\u00e3\/Parano\u00e1 foi inaugurado na manh\u00e3 deste s\u00e1bado (20) pelo governador Ibaneis Rocha. O elevado conecta a DF-250 \u00e0 DF-015, interligando as duas regi\u00f5es administrativas, e contribui significativamente para um deslocamento mais c\u00e9lere, seguro e confort\u00e1vel para quem acessa ou reside na parte leste do Distrito [&hellip;]\" \/>\n<meta property=\"og:url\" content=\"https:\/\/www.notibras.com\/site\/saida-leste-fica-melhor-com-inauguracao-do-viaduto-itapoa-paranoa\/\" \/>\n<meta property=\"og:site_name\" content=\"Notibras\" \/>\n<meta property=\"article:publisher\" content=\"https:\/\/www.facebook.com\/notibras\/\" \/>\n<meta property=\"article:published_time\" content=\"2024-04-20T15:27:03+00:00\" \/>\n<meta property=\"article:modified_time\" content=\"2024-04-20T22:30:56+00:00\" \/>\n<meta property=\"og:image\" content=\"https:\/\/www.notibras.com\/site\/wp-content\/uploads\/2024\/04\/WhatsApp-Image-2024-04-20-at-11.59.25-1-1536x1023-1.jpeg\" \/>\n\t<meta property=\"og:image:width\" content=\"1536\" \/>\n\t<meta property=\"og:image:height\" content=\"1023\" \/>\n\t<meta property=\"og:image:type\" content=\"image\/jpeg\" \/>\n<meta name=\"author\" content=\"Reda\u00e7\u00e3o\" \/>\n<meta name=\"twitter:card\" content=\"summary_large_image\" \/>\n<meta name=\"twitter:creator\" content=\"@Notibras\" \/>\n<meta name=\"twitter:site\" content=\"@Notibras\" \/>\n<meta name=\"twitter:label1\" content=\"Escrito por\" \/>\n\t<meta name=\"twitter:data1\" content=\"Reda\u00e7\u00e3o\" \/>\n\t<meta name=\"twitter:label2\" content=\"Est. tempo de leitura\" \/>\n\t<meta name=\"twitter:data2\" content=\"6 minutos\" \/>\n<script type=\"application\/ld+json\" class=\"yoast-schema-graph\">{\"@context\":\"https:\\\/\\\/schema.org\",\"@graph\":[{\"@type\":\"Article\",\"@id\":\"https:\\\/\\\/www.notibras.com\\\/site\\\/saida-leste-fica-melhor-com-inauguracao-do-viaduto-itapoa-paranoa\\\/#article\",\"isPartOf\":{\"@id\":\"https:\\\/\\\/www.notibras.com\\\/site\\\/saida-leste-fica-melhor-com-inauguracao-do-viaduto-itapoa-paranoa\\\/\"},\"author\":{\"name\":\"Reda\u00e7\u00e3o\",\"@id\":\"https:\\\/\\\/www.notibras.com\\\/site\\\/#\\\/schema\\\/person\\\/36ab0979449956132d3e5b517ea76ac8\"},\"headline\":\"Sa\u00edda Leste fica melhor com inaugura\u00e7\u00e3o do viaduto Itapo\u00e3\\\/Parano\u00e1\",\"datePublished\":\"2024-04-20T15:27:03+00:00\",\"dateModified\":\"2024-04-20T22:30:56+00:00\",\"mainEntityOfPage\":{\"@id\":\"https:\\\/\\\/www.notibras.com\\\/site\\\/saida-leste-fica-melhor-com-inauguracao-do-viaduto-itapoa-paranoa\\\/\"},\"wordCount\":1090,\"publisher\":{\"@id\":\"https:\\\/\\\/www.notibras.com\\\/site\\\/#organization\"},\"image\":{\"@id\":\"https:\\\/\\\/www.notibras.com\\\/site\\\/saida-leste-fica-melhor-com-inauguracao-do-viaduto-itapoa-paranoa\\\/#primaryimage\"},\"thumbnailUrl\":\"https:\\\/\\\/www.notibras.com\\\/site\\\/wp-content\\\/uploads\\\/2024\\\/04\\\/WhatsApp-Image-2024-04-20-at-11.59.25-1-1536x1023-1.jpeg\",\"articleSection\":[\"Quadradinho em Foco\"],\"inLanguage\":\"pt-BR\"},{\"@type\":\"WebPage\",\"@id\":\"https:\\\/\\\/www.notibras.com\\\/site\\\/saida-leste-fica-melhor-com-inauguracao-do-viaduto-itapoa-paranoa\\\/\",\"url\":\"https:\\\/\\\/www.notibras.com\\\/site\\\/saida-leste-fica-melhor-com-inauguracao-do-viaduto-itapoa-paranoa\\\/\",\"name\":\"Sa\u00edda Leste fica melhor com inaugura\u00e7\u00e3o do viaduto Itapo\u00e3\\\/Parano\u00e1 - Notibras\",\"isPartOf\":{\"@id\":\"https:\\\/\\\/www.notibras.com\\\/site\\\/#website\"},\"primaryImageOfPage\":{\"@id\":\"https:\\\/\\\/www.notibras.com\\\/site\\\/saida-leste-fica-melhor-com-inauguracao-do-viaduto-itapoa-paranoa\\\/#primaryimage\"},\"image\":{\"@id\":\"https:\\\/\\\/www.notibras.com\\\/site\\\/saida-leste-fica-melhor-com-inauguracao-do-viaduto-itapoa-paranoa\\\/#primaryimage\"},\"thumbnailUrl\":\"https:\\\/\\\/www.notibras.com\\\/site\\\/wp-content\\\/uploads\\\/2024\\\/04\\\/WhatsApp-Image-2024-04-20-at-11.59.25-1-1536x1023-1.jpeg\",\"datePublished\":\"2024-04-20T15:27:03+00:00\",\"dateModified\":\"2024-04-20T22:30:56+00:00\",\"breadcrumb\":{\"@id\":\"https:\\\/\\\/www.notibras.com\\\/site\\\/saida-leste-fica-melhor-com-inauguracao-do-viaduto-itapoa-paranoa\\\/#breadcrumb\"},\"inLanguage\":\"pt-BR\",\"potentialAction\":[{\"@type\":\"ReadAction\",\"target\":[\"https:\\\/\\\/www.notibras.com\\\/site\\\/saida-leste-fica-melhor-com-inauguracao-do-viaduto-itapoa-paranoa\\\/\"]}]},{\"@type\":\"ImageObject\",\"inLanguage\":\"pt-BR\",\"@id\":\"https:\\\/\\\/www.notibras.com\\\/site\\\/saida-leste-fica-melhor-com-inauguracao-do-viaduto-itapoa-paranoa\\\/#primaryimage\",\"url\":\"https:\\\/\\\/www.notibras.com\\\/site\\\/wp-content\\\/uploads\\\/2024\\\/04\\\/WhatsApp-Image-2024-04-20-at-11.59.25-1-1536x1023-1.jpeg\",\"contentUrl\":\"https:\\\/\\\/www.notibras.com\\\/site\\\/wp-content\\\/uploads\\\/2024\\\/04\\\/WhatsApp-Image-2024-04-20-at-11.59.25-1-1536x1023-1.jpeg\",\"width\":1536,\"height\":1023},{\"@type\":\"BreadcrumbList\",\"@id\":\"https:\\\/\\\/www.notibras.com\\\/site\\\/saida-leste-fica-melhor-com-inauguracao-do-viaduto-itapoa-paranoa\\\/#breadcrumb\",\"itemListElement\":[{\"@type\":\"ListItem\",\"position\":1,\"name\":\"In\u00edcio\",\"item\":\"https:\\\/\\\/www.notibras.com\\\/site\\\/\"},{\"@type\":\"ListItem\",\"position\":2,\"name\":\"Sa\u00edda Leste fica melhor com inaugura\u00e7\u00e3o do viaduto Itapo\u00e3\\\/Parano\u00e1\"}]},{\"@type\":\"WebSite\",\"@id\":\"https:\\\/\\\/www.notibras.com\\\/site\\\/#website\",\"url\":\"https:\\\/\\\/www.notibras.com\\\/site\\\/\",\"name\":\"Notibras\",\"description\":\"Not\u00edcias de Bras\u00edlia, do Brasil e do Mundo\",\"publisher\":{\"@id\":\"https:\\\/\\\/www.notibras.com\\\/site\\\/#organization\"},\"potentialAction\":[{\"@type\":\"SearchAction\",\"target\":{\"@type\":\"EntryPoint\",\"urlTemplate\":\"https:\\\/\\\/www.notibras.com\\\/site\\\/?s={search_term_string}\"},\"query-input\":{\"@type\":\"PropertyValueSpecification\",\"valueRequired\":true,\"valueName\":\"search_term_string\"}}],\"inLanguage\":\"pt-BR\"},{\"@type\":\"Organization\",\"@id\":\"https:\\\/\\\/www.notibras.com\\\/site\\\/#organization\",\"name\":\"Grupo Notibras de Comunica\u00e7\u00e3o\",\"url\":\"https:\\\/\\\/www.notibras.com\\\/site\\\/\",\"logo\":{\"@type\":\"ImageObject\",\"inLanguage\":\"pt-BR\",\"@id\":\"https:\\\/\\\/www.notibras.com\\\/site\\\/#\\\/schema\\\/logo\\\/image\\\/\",\"url\":\"https:\\\/\\\/www.notibras.com\\\/site\\\/wp-content\\\/uploads\\\/2023\\\/01\\\/notibras23.png\",\"contentUrl\":\"https:\\\/\\\/www.notibras.com\\\/site\\\/wp-content\\\/uploads\\\/2023\\\/01\\\/notibras23.png\",\"width\":350,\"height\":87,\"caption\":\"Grupo Notibras de Comunica\u00e7\u00e3o\"},\"image\":{\"@id\":\"https:\\\/\\\/www.notibras.com\\\/site\\\/#\\\/schema\\\/logo\\\/image\\\/\"},\"sameAs\":[\"https:\\\/\\\/www.facebook.com\\\/notibras\\\/\",\"https:\\\/\\\/x.com\\\/Notibras\",\"https:\\\/\\\/www.instagram.com\\\/notibras\\\/\"]},{\"@type\":\"Person\",\"@id\":\"https:\\\/\\\/www.notibras.com\\\/site\\\/#\\\/schema\\\/person\\\/36ab0979449956132d3e5b517ea76ac8\",\"name\":\"Reda\u00e7\u00e3o\",\"image\":{\"@type\":\"ImageObject\",\"inLanguage\":\"pt-BR\",\"@id\":\"https:\\\/\\\/secure.gravatar.com\\\/avatar\\\/e0a867bdedb85fd243eadf09663511f96fc81e0720a4a42581f334ad4303aa6b?s=96&d=mm&r=g\",\"url\":\"https:\\\/\\\/secure.gravatar.com\\\/avatar\\\/e0a867bdedb85fd243eadf09663511f96fc81e0720a4a42581f334ad4303aa6b?s=96&d=mm&r=g\",\"contentUrl\":\"https:\\\/\\\/secure.gravatar.com\\\/avatar\\\/e0a867bdedb85fd243eadf09663511f96fc81e0720a4a42581f334ad4303aa6b?s=96&d=mm&r=g\",\"caption\":\"Reda\u00e7\u00e3o\"}}]}<\/script>\n<!-- \/ Yoast SEO plugin. -->","yoast_head_json":{"title":"Sa\u00edda Leste fica melhor com inaugura\u00e7\u00e3o do viaduto Itapo\u00e3\/Parano\u00e1 - Notibras","robots":{"index":"index","follow":"follow","max-snippet":"max-snippet:-1","max-image-preview":"max-image-preview:large","max-video-preview":"max-video-preview:-1"},"canonical":"https:\/\/www.notibras.com\/site\/saida-leste-fica-melhor-com-inauguracao-do-viaduto-itapoa-paranoa\/","og_locale":"pt_BR","og_type":"article","og_title":"Sa\u00edda Leste fica melhor com inaugura\u00e7\u00e3o do viaduto Itapo\u00e3\/Parano\u00e1 - Notibras","og_description":"Maior obra do Complexo Vi\u00e1rio Sa\u00edda Leste, o Viaduto do Itapo\u00e3\/Parano\u00e1 foi inaugurado na manh\u00e3 deste s\u00e1bado (20) pelo governador Ibaneis Rocha. O elevado conecta a DF-250 \u00e0 DF-015, interligando as duas regi\u00f5es administrativas, e contribui significativamente para um deslocamento mais c\u00e9lere, seguro e confort\u00e1vel para quem acessa ou reside na parte leste do Distrito [&hellip;]","og_url":"https:\/\/www.notibras.com\/site\/saida-leste-fica-melhor-com-inauguracao-do-viaduto-itapoa-paranoa\/","og_site_name":"Notibras","article_publisher":"https:\/\/www.facebook.com\/notibras\/","article_published_time":"2024-04-20T15:27:03+00:00","article_modified_time":"2024-04-20T22:30:56+00:00","og_image":[{"width":1536,"height":1023,"url":"https:\/\/www.notibras.com\/site\/wp-content\/uploads\/2024\/04\/WhatsApp-Image-2024-04-20-at-11.59.25-1-1536x1023-1.jpeg","type":"image\/jpeg"}],"author":"Reda\u00e7\u00e3o","twitter_card":"summary_large_image","twitter_creator":"@Notibras","twitter_site":"@Notibras","twitter_misc":{"Escrito por":"Reda\u00e7\u00e3o","Est. tempo de leitura":"6 minutos"},"schema":{"@context":"https:\/\/schema.org","@graph":[{"@type":"Article","@id":"https:\/\/www.notibras.com\/site\/saida-leste-fica-melhor-com-inauguracao-do-viaduto-itapoa-paranoa\/#article","isPartOf":{"@id":"https:\/\/www.notibras.com\/site\/saida-leste-fica-melhor-com-inauguracao-do-viaduto-itapoa-paranoa\/"},"author":{"name":"Reda\u00e7\u00e3o","@id":"https:\/\/www.notibras.com\/site\/#\/schema\/person\/36ab0979449956132d3e5b517ea76ac8"},"headline":"Sa\u00edda Leste fica melhor com inaugura\u00e7\u00e3o do viaduto Itapo\u00e3\/Parano\u00e1","datePublished":"2024-04-20T15:27:03+00:00","dateModified":"2024-04-20T22:30:56+00:00","mainEntityOfPage":{"@id":"https:\/\/www.notibras.com\/site\/saida-leste-fica-melhor-com-inauguracao-do-viaduto-itapoa-paranoa\/"},"wordCount":1090,"publisher":{"@id":"https:\/\/www.notibras.com\/site\/#organization"},"image":{"@id":"https:\/\/www.notibras.com\/site\/saida-leste-fica-melhor-com-inauguracao-do-viaduto-itapoa-paranoa\/#primaryimage"},"thumbnailUrl":"https:\/\/www.notibras.com\/site\/wp-content\/uploads\/2024\/04\/WhatsApp-Image-2024-04-20-at-11.59.25-1-1536x1023-1.jpeg","articleSection":["Quadradinho em Foco"],"inLanguage":"pt-BR"},{"@type":"WebPage","@id":"https:\/\/www.notibras.com\/site\/saida-leste-fica-melhor-com-inauguracao-do-viaduto-itapoa-paranoa\/","url":"https:\/\/www.notibras.com\/site\/saida-leste-fica-melhor-com-inauguracao-do-viaduto-itapoa-paranoa\/","name":"Sa\u00edda Leste fica melhor com inaugura\u00e7\u00e3o do viaduto Itapo\u00e3\/Parano\u00e1 - Notibras","isPartOf":{"@id":"https:\/\/www.notibras.com\/site\/#website"},"primaryImageOfPage":{"@id":"https:\/\/www.notibras.com\/site\/saida-leste-fica-melhor-com-inauguracao-do-viaduto-itapoa-paranoa\/#primaryimage"},"image":{"@id":"https:\/\/www.notibras.com\/site\/saida-leste-fica-melhor-com-inauguracao-do-viaduto-itapoa-paranoa\/#primaryimage"},"thumbnailUrl":"https:\/\/www.notibras.com\/site\/wp-content\/uploads\/2024\/04\/WhatsApp-Image-2024-04-20-at-11.59.25-1-1536x1023-1.jpeg","datePublished":"2024-04-20T15:27:03+00:00","dateModified":"2024-04-20T22:30:56+00:00","breadcrumb":{"@id":"https:\/\/www.notibras.com\/site\/saida-leste-fica-melhor-com-inauguracao-do-viaduto-itapoa-paranoa\/#breadcrumb"},"inLanguage":"pt-BR","potentialAction":[{"@type":"ReadAction","target":["https:\/\/www.notibras.com\/site\/saida-leste-fica-melhor-com-inauguracao-do-viaduto-itapoa-paranoa\/"]}]},{"@type":"ImageObject","inLanguage":"pt-BR","@id":"https:\/\/www.notibras.com\/site\/saida-leste-fica-melhor-com-inauguracao-do-viaduto-itapoa-paranoa\/#primaryimage","url":"https:\/\/www.notibras.com\/site\/wp-content\/uploads\/2024\/04\/WhatsApp-Image-2024-04-20-at-11.59.25-1-1536x1023-1.jpeg","contentUrl":"https:\/\/www.notibras.com\/site\/wp-content\/uploads\/2024\/04\/WhatsApp-Image-2024-04-20-at-11.59.25-1-1536x1023-1.jpeg","width":1536,"height":1023},{"@type":"BreadcrumbList","@id":"https:\/\/www.notibras.com\/site\/saida-leste-fica-melhor-com-inauguracao-do-viaduto-itapoa-paranoa\/#breadcrumb","itemListElement":[{"@type":"ListItem","position":1,"name":"In\u00edcio","item":"https:\/\/www.notibras.com\/site\/"},{"@type":"ListItem","position":2,"name":"Sa\u00edda Leste fica melhor com inaugura\u00e7\u00e3o do viaduto Itapo\u00e3\/Parano\u00e1"}]},{"@type":"WebSite","@id":"https:\/\/www.notibras.com\/site\/#website","url":"https:\/\/www.notibras.com\/site\/","name":"Notibras","description":"Not\u00edcias de Bras\u00edlia, do Brasil e do Mundo","publisher":{"@id":"https:\/\/www.notibras.com\/site\/#organization"},"potentialAction":[{"@type":"SearchAction","target":{"@type":"EntryPoint","urlTemplate":"https:\/\/www.notibras.com\/site\/?s={search_term_string}"},"query-input":{"@type":"PropertyValueSpecification","valueRequired":true,"valueName":"search_term_string"}}],"inLanguage":"pt-BR"},{"@type":"Organization","@id":"https:\/\/www.notibras.com\/site\/#organization","name":"Grupo Notibras de Comunica\u00e7\u00e3o","url":"https:\/\/www.notibras.com\/site\/","logo":{"@type":"ImageObject","inLanguage":"pt-BR","@id":"https:\/\/www.notibras.com\/site\/#\/schema\/logo\/image\/","url":"https:\/\/www.notibras.com\/site\/wp-content\/uploads\/2023\/01\/notibras23.png","contentUrl":"https:\/\/www.notibras.com\/site\/wp-content\/uploads\/2023\/01\/notibras23.png","width":350,"height":87,"caption":"Grupo Notibras de Comunica\u00e7\u00e3o"},"image":{"@id":"https:\/\/www.notibras.com\/site\/#\/schema\/logo\/image\/"},"sameAs":["https:\/\/www.facebook.com\/notibras\/","https:\/\/x.com\/Notibras","https:\/\/www.instagram.com\/notibras\/"]},{"@type":"Person","@id":"https:\/\/www.notibras.com\/site\/#\/schema\/person\/36ab0979449956132d3e5b517ea76ac8","name":"Reda\u00e7\u00e3o","image":{"@type":"ImageObject","inLanguage":"pt-BR","@id":"https:\/\/secure.gravatar.com\/avatar\/e0a867bdedb85fd243eadf09663511f96fc81e0720a4a42581f334ad4303aa6b?s=96&d=mm&r=g","url":"https:\/\/secure.gravatar.com\/avatar\/e0a867bdedb85fd243eadf09663511f96fc81e0720a4a42581f334ad4303aa6b?s=96&d=mm&r=g","contentUrl":"https:\/\/secure.gravatar.com\/avatar\/e0a867bdedb85fd243eadf09663511f96fc81e0720a4a42581f334ad4303aa6b?s=96&d=mm&r=g","caption":"Reda\u00e7\u00e3o"}}]}},"amp_enabled":true,"_links":{"self":[{"href":"https:\/\/www.notibras.com\/site\/wp-json\/wp\/v2\/posts\/327086","targetHints":{"allow":["GET"]}}],"collection":[{"href":"https:\/\/www.notibras.com\/site\/wp-json\/wp\/v2\/posts"}],"about":[{"href":"https:\/\/www.notibras.com\/site\/wp-json\/wp\/v2\/types\/post"}],"author":[{"embeddable":true,"href":"https:\/\/www.notibras.com\/site\/wp-json\/wp\/v2\/users\/2"}],"replies":[{"embeddable":true,"href":"https:\/\/www.notibras.com\/site\/wp-json\/wp\/v2\/comments?post=327086"}],"version-history":[{"count":1,"href":"https:\/\/www.notibras.com\/site\/wp-json\/wp\/v2\/posts\/327086\/revisions"}],"predecessor-version":[{"id":327088,"href":"https:\/\/www.notibras.com\/site\/wp-json\/wp\/v2\/posts\/327086\/revisions\/327088"}],"wp:featuredmedia":[{"embeddable":true,"href":"https:\/\/www.notibras.com\/site\/wp-json\/wp\/v2\/media\/327087"}],"wp:attachment":[{"href":"https:\/\/www.notibras.com\/site\/wp-json\/wp\/v2\/media?parent=327086"}],"wp:term":[{"taxonomy":"category","embeddable":true,"href":"https:\/\/www.notibras.com\/site\/wp-json\/wp\/v2\/categories?post=327086"},{"taxonomy":"post_tag","embeddable":true,"href":"https:\/\/www.notibras.com\/site\/wp-json\/wp\/v2\/tags?post=327086"}],"curies":[{"name":"wp","href":"https:\/\/api.w.org\/{rel}","templated":true}]}}