{"id":327089,"date":"2024-04-21T00:09:10","date_gmt":"2024-04-21T03:09:10","guid":{"rendered":"https:\/\/www.notibras.com\/site\/?p=327089"},"modified":"2024-04-21T00:08:44","modified_gmt":"2024-04-21T03:08:44","slug":"tarifa-zero-aumenta-numero-de-passageiros-mostra-estudo","status":"publish","type":"post","link":"https:\/\/www.notibras.com\/site\/tarifa-zero-aumenta-numero-de-passageiros-mostra-estudo\/","title":{"rendered":"Tarifa zero aumenta n\u00famero de passageiros, mostra estudo"},"content":{"rendered":"<p>Estudo da Associa\u00e7\u00e3o Nacional das Empresas de Transportes Urbanos (NTU) mostra um aumento significativo no n\u00famero de passageiros nas localidades onde foi implementada a tarifa zero no transporte coletivo p\u00fablico. No total, segundo a pesquisa, h\u00e1 106 munic\u00edpios no pa\u00eds que re\u00fanem mais de 5 milh\u00f5es de habitantes em que n\u00e3o h\u00e1 nenhuma cobran\u00e7a no transporte urbano de \u00f4nibus, a tarifa zero universal.<\/p>\n<p>O levantamento comparou a quantidade de passageiros antes e depois da ado\u00e7\u00e3o do passe livre em 12 cidades. Em todos os munic\u00edpios pesquisados houve eleva\u00e7\u00e3o significativa na demanda por viagens de \u00f4nibus, que variou de 33% a 371%.<\/p>\n<p>Entre as cidades pesquisadas est\u00e3o Caucaia (CE), que adotou a tarifa zero em 2021, e 2 anos depois viu o n\u00famero de passageiros subir 371%, de 510 mil mensais para 2,4 milh\u00f5es mensais. Luzi\u00e2nia (GO) teve eleva\u00e7\u00e3o de 202% no n\u00famero de passageiros em um per\u00edodo de 2 meses, de 4,3 mil por dia, em outubro de 2023, quando adotou o passe livre, para 13 mil por dia, em dezembro de 2023.<\/p>\n<p>Maric\u00e1 (RJ) teve aumento de 144% ap\u00f3s tr\u00eas anos da ado\u00e7\u00e3o da tarifa zero; Ibirit\u00e9 (MG), de 106%, ap\u00f3s tr\u00eas meses; S\u00e3o Caetano do Sul (SP), de 218%, ap\u00f3s quatro meses; Paranagu\u00e1 (PR), de 146%, ap\u00f3s um ano; Balne\u00e1rio Cambori\u00fa (SC), de 43%, ap\u00f3s seis meses; Itapeva (SP), de 267%, ap\u00f3s um ano e meio; Cianorte (PR), de 99%, ap\u00f3s um ano; Lins (SP), de 150%, ap\u00f3s um m\u00eas; Mariana (MG), de 145%, ap\u00f3s dois anos; e Santa Isabel (SP), de 33%, ap\u00f3s um ano e meio.<\/p>\n<p>\u201cO aumento da demanda indica o potencial de uso do transporte p\u00fablico pela popula\u00e7\u00e3o. A tarifa zero promove uma maior mobilidade e acessibilidade, facilitando deslocamentos para as atividades essenciais no ambiente urbano, em diferentes hor\u00e1rios do dia, n\u00e3o s\u00f3 em hor\u00e1rio de pico\u201d, avalia o diretor executivo da NTU, Francisco Christovam.<\/p>\n<p>\u201cEsse aumento da demanda precisa ser considerado pela prefeitura que planeja adotar a tarifa zero. N\u00e3o basta ter recursos para cobrir o custo atual, \u00e9 preciso avaliar a necessidade de aumento da frota e definir fontes permanentes de recursos, para que a tarifa zero tenha sustenta\u00e7\u00e3o\u201d, acrescentou Christovam.<\/p>\n","protected":false},"excerpt":{"rendered":"<p>Estudo da Associa\u00e7\u00e3o Nacional das Empresas de Transportes Urbanos (NTU) mostra um aumento significativo no n\u00famero de passageiros nas localidades onde foi implementada a tarifa zero no transporte coletivo p\u00fablico. No total, segundo a pesquisa, h\u00e1 106 munic\u00edpios no pa\u00eds que re\u00fanem mais de 5 milh\u00f5es de habitantes em que n\u00e3o h\u00e1 nenhuma cobran\u00e7a no [&hellip;]<\/p>\n","protected":false},"author":2,"featured_media":327090,"comment_status":"closed","ping_status":"closed","sticky":false,"template":"","format":"standard","meta":{"_acf_changed":false,"footnotes":""},"categories":[166,167,168,169,165,170,171,172,173,174],"tags":[],"class_list":["post-327089","post","type-post","status-publish","format-standard","has-post-thumbnail","hentry","category-alagoas","category-bahia","category-ceara","category-maranhao","category-nordeste","category-paraiba-nordeste","category-pernambuco-nordeste","category-piaui","category-rio-grande-do-norte","category-sergipe"],"acf":[],"yoast_head":"<!-- This site is optimized with the Yoast SEO plugin v27.5 - https:\/\/yoast.com\/product\/yoast-seo-wordpress\/ -->\n<title>Tarifa zero aumenta n\u00famero de passageiros, mostra estudo - Notibras<\/title>\n<meta name=\"robots\" content=\"index, follow, max-snippet:-1, max-image-preview:large, max-video-preview:-1\" \/>\n<link rel=\"canonical\" href=\"https:\/\/www.notibras.com\/site\/tarifa-zero-aumenta-numero-de-passageiros-mostra-estudo\/\" \/>\n<meta property=\"og:locale\" content=\"pt_BR\" \/>\n<meta property=\"og:type\" content=\"article\" \/>\n<meta property=\"og:title\" content=\"Tarifa zero aumenta n\u00famero de passageiros, mostra estudo - Notibras\" \/>\n<meta property=\"og:description\" content=\"Estudo da Associa\u00e7\u00e3o Nacional das Empresas de Transportes Urbanos (NTU) mostra um aumento significativo no n\u00famero de passageiros nas localidades onde foi implementada a tarifa zero no transporte coletivo p\u00fablico. No total, segundo a pesquisa, h\u00e1 106 munic\u00edpios no pa\u00eds que re\u00fanem mais de 5 milh\u00f5es de habitantes em que n\u00e3o h\u00e1 nenhuma cobran\u00e7a no [&hellip;]\" \/>\n<meta property=\"og:url\" content=\"https:\/\/www.notibras.com\/site\/tarifa-zero-aumenta-numero-de-passageiros-mostra-estudo\/\" \/>\n<meta property=\"og:site_name\" content=\"Notibras\" \/>\n<meta property=\"article:publisher\" content=\"https:\/\/www.facebook.com\/notibras\/\" \/>\n<meta property=\"article:published_time\" content=\"2024-04-21T03:09:10+00:00\" \/>\n<meta property=\"og:image\" content=\"https:\/\/www.notibras.com\/site\/wp-content\/uploads\/2024\/04\/tarifa-zero.webp\" \/>\n\t<meta property=\"og:image:width\" content=\"1170\" \/>\n\t<meta property=\"og:image:height\" content=\"700\" \/>\n\t<meta property=\"og:image:type\" content=\"image\/webp\" \/>\n<meta name=\"author\" content=\"Reda\u00e7\u00e3o\" \/>\n<meta name=\"twitter:card\" content=\"summary_large_image\" \/>\n<meta name=\"twitter:creator\" content=\"@Notibras\" \/>\n<meta name=\"twitter:site\" content=\"@Notibras\" \/>\n<meta name=\"twitter:label1\" content=\"Escrito por\" \/>\n\t<meta name=\"twitter:data1\" content=\"Reda\u00e7\u00e3o\" \/>\n\t<meta name=\"twitter:label2\" content=\"Est. tempo de leitura\" \/>\n\t<meta name=\"twitter:data2\" content=\"3 minutos\" \/>\n<script type=\"application\/ld+json\" class=\"yoast-schema-graph\">{\"@context\":\"https:\\\/\\\/schema.org\",\"@graph\":[{\"@type\":\"Article\",\"@id\":\"https:\\\/\\\/www.notibras.com\\\/site\\\/tarifa-zero-aumenta-numero-de-passageiros-mostra-estudo\\\/#article\",\"isPartOf\":{\"@id\":\"https:\\\/\\\/www.notibras.com\\\/site\\\/tarifa-zero-aumenta-numero-de-passageiros-mostra-estudo\\\/\"},\"author\":{\"name\":\"Reda\u00e7\u00e3o\",\"@id\":\"https:\\\/\\\/www.notibras.com\\\/site\\\/#\\\/schema\\\/person\\\/36ab0979449956132d3e5b517ea76ac8\"},\"headline\":\"Tarifa zero aumenta n\u00famero de passageiros, mostra estudo\",\"datePublished\":\"2024-04-21T03:09:10+00:00\",\"mainEntityOfPage\":{\"@id\":\"https:\\\/\\\/www.notibras.com\\\/site\\\/tarifa-zero-aumenta-numero-de-passageiros-mostra-estudo\\\/\"},\"wordCount\":383,\"publisher\":{\"@id\":\"https:\\\/\\\/www.notibras.com\\\/site\\\/#organization\"},\"image\":{\"@id\":\"https:\\\/\\\/www.notibras.com\\\/site\\\/tarifa-zero-aumenta-numero-de-passageiros-mostra-estudo\\\/#primaryimage\"},\"thumbnailUrl\":\"https:\\\/\\\/www.notibras.com\\\/site\\\/wp-content\\\/uploads\\\/2024\\\/04\\\/tarifa-zero.webp\",\"articleSection\":[\"Alagoas\",\"Bahia\",\"Cear\u00e1\",\"Maranh\u00e3o\",\"Nordeste\",\"Para\u00edba\",\"Pernambuco\",\"Piau\u00ed\",\"Rio Grande do Norte\",\"Sergipe\"],\"inLanguage\":\"pt-BR\"},{\"@type\":\"WebPage\",\"@id\":\"https:\\\/\\\/www.notibras.com\\\/site\\\/tarifa-zero-aumenta-numero-de-passageiros-mostra-estudo\\\/\",\"url\":\"https:\\\/\\\/www.notibras.com\\\/site\\\/tarifa-zero-aumenta-numero-de-passageiros-mostra-estudo\\\/\",\"name\":\"Tarifa zero aumenta n\u00famero de passageiros, mostra estudo - Notibras\",\"isPartOf\":{\"@id\":\"https:\\\/\\\/www.notibras.com\\\/site\\\/#website\"},\"primaryImageOfPage\":{\"@id\":\"https:\\\/\\\/www.notibras.com\\\/site\\\/tarifa-zero-aumenta-numero-de-passageiros-mostra-estudo\\\/#primaryimage\"},\"image\":{\"@id\":\"https:\\\/\\\/www.notibras.com\\\/site\\\/tarifa-zero-aumenta-numero-de-passageiros-mostra-estudo\\\/#primaryimage\"},\"thumbnailUrl\":\"https:\\\/\\\/www.notibras.com\\\/site\\\/wp-content\\\/uploads\\\/2024\\\/04\\\/tarifa-zero.webp\",\"datePublished\":\"2024-04-21T03:09:10+00:00\",\"breadcrumb\":{\"@id\":\"https:\\\/\\\/www.notibras.com\\\/site\\\/tarifa-zero-aumenta-numero-de-passageiros-mostra-estudo\\\/#breadcrumb\"},\"inLanguage\":\"pt-BR\",\"potentialAction\":[{\"@type\":\"ReadAction\",\"target\":[\"https:\\\/\\\/www.notibras.com\\\/site\\\/tarifa-zero-aumenta-numero-de-passageiros-mostra-estudo\\\/\"]}]},{\"@type\":\"ImageObject\",\"inLanguage\":\"pt-BR\",\"@id\":\"https:\\\/\\\/www.notibras.com\\\/site\\\/tarifa-zero-aumenta-numero-de-passageiros-mostra-estudo\\\/#primaryimage\",\"url\":\"https:\\\/\\\/www.notibras.com\\\/site\\\/wp-content\\\/uploads\\\/2024\\\/04\\\/tarifa-zero.webp\",\"contentUrl\":\"https:\\\/\\\/www.notibras.com\\\/site\\\/wp-content\\\/uploads\\\/2024\\\/04\\\/tarifa-zero.webp\",\"width\":1170,\"height\":700},{\"@type\":\"BreadcrumbList\",\"@id\":\"https:\\\/\\\/www.notibras.com\\\/site\\\/tarifa-zero-aumenta-numero-de-passageiros-mostra-estudo\\\/#breadcrumb\",\"itemListElement\":[{\"@type\":\"ListItem\",\"position\":1,\"name\":\"In\u00edcio\",\"item\":\"https:\\\/\\\/www.notibras.com\\\/site\\\/\"},{\"@type\":\"ListItem\",\"position\":2,\"name\":\"Tarifa zero aumenta n\u00famero de passageiros, mostra estudo\"}]},{\"@type\":\"WebSite\",\"@id\":\"https:\\\/\\\/www.notibras.com\\\/site\\\/#website\",\"url\":\"https:\\\/\\\/www.notibras.com\\\/site\\\/\",\"name\":\"Notibras\",\"description\":\"Not\u00edcias de Bras\u00edlia, do Brasil e do Mundo\",\"publisher\":{\"@id\":\"https:\\\/\\\/www.notibras.com\\\/site\\\/#organization\"},\"potentialAction\":[{\"@type\":\"SearchAction\",\"target\":{\"@type\":\"EntryPoint\",\"urlTemplate\":\"https:\\\/\\\/www.notibras.com\\\/site\\\/?s={search_term_string}\"},\"query-input\":{\"@type\":\"PropertyValueSpecification\",\"valueRequired\":true,\"valueName\":\"search_term_string\"}}],\"inLanguage\":\"pt-BR\"},{\"@type\":\"Organization\",\"@id\":\"https:\\\/\\\/www.notibras.com\\\/site\\\/#organization\",\"name\":\"Grupo Notibras de Comunica\u00e7\u00e3o\",\"url\":\"https:\\\/\\\/www.notibras.com\\\/site\\\/\",\"logo\":{\"@type\":\"ImageObject\",\"inLanguage\":\"pt-BR\",\"@id\":\"https:\\\/\\\/www.notibras.com\\\/site\\\/#\\\/schema\\\/logo\\\/image\\\/\",\"url\":\"https:\\\/\\\/www.notibras.com\\\/site\\\/wp-content\\\/uploads\\\/2023\\\/01\\\/notibras23.png\",\"contentUrl\":\"https:\\\/\\\/www.notibras.com\\\/site\\\/wp-content\\\/uploads\\\/2023\\\/01\\\/notibras23.png\",\"width\":350,\"height\":87,\"caption\":\"Grupo Notibras de Comunica\u00e7\u00e3o\"},\"image\":{\"@id\":\"https:\\\/\\\/www.notibras.com\\\/site\\\/#\\\/schema\\\/logo\\\/image\\\/\"},\"sameAs\":[\"https:\\\/\\\/www.facebook.com\\\/notibras\\\/\",\"https:\\\/\\\/x.com\\\/Notibras\",\"https:\\\/\\\/www.instagram.com\\\/notibras\\\/\"]},{\"@type\":\"Person\",\"@id\":\"https:\\\/\\\/www.notibras.com\\\/site\\\/#\\\/schema\\\/person\\\/36ab0979449956132d3e5b517ea76ac8\",\"name\":\"Reda\u00e7\u00e3o\",\"image\":{\"@type\":\"ImageObject\",\"inLanguage\":\"pt-BR\",\"@id\":\"https:\\\/\\\/secure.gravatar.com\\\/avatar\\\/e0a867bdedb85fd243eadf09663511f96fc81e0720a4a42581f334ad4303aa6b?s=96&d=mm&r=g\",\"url\":\"https:\\\/\\\/secure.gravatar.com\\\/avatar\\\/e0a867bdedb85fd243eadf09663511f96fc81e0720a4a42581f334ad4303aa6b?s=96&d=mm&r=g\",\"contentUrl\":\"https:\\\/\\\/secure.gravatar.com\\\/avatar\\\/e0a867bdedb85fd243eadf09663511f96fc81e0720a4a42581f334ad4303aa6b?s=96&d=mm&r=g\",\"caption\":\"Reda\u00e7\u00e3o\"}}]}<\/script>\n<!-- \/ Yoast SEO plugin. -->","yoast_head_json":{"title":"Tarifa zero aumenta n\u00famero de passageiros, mostra estudo - Notibras","robots":{"index":"index","follow":"follow","max-snippet":"max-snippet:-1","max-image-preview":"max-image-preview:large","max-video-preview":"max-video-preview:-1"},"canonical":"https:\/\/www.notibras.com\/site\/tarifa-zero-aumenta-numero-de-passageiros-mostra-estudo\/","og_locale":"pt_BR","og_type":"article","og_title":"Tarifa zero aumenta n\u00famero de passageiros, mostra estudo - Notibras","og_description":"Estudo da Associa\u00e7\u00e3o Nacional das Empresas de Transportes Urbanos (NTU) mostra um aumento significativo no n\u00famero de passageiros nas localidades onde foi implementada a tarifa zero no transporte coletivo p\u00fablico. No total, segundo a pesquisa, h\u00e1 106 munic\u00edpios no pa\u00eds que re\u00fanem mais de 5 milh\u00f5es de habitantes em que n\u00e3o h\u00e1 nenhuma cobran\u00e7a no [&hellip;]","og_url":"https:\/\/www.notibras.com\/site\/tarifa-zero-aumenta-numero-de-passageiros-mostra-estudo\/","og_site_name":"Notibras","article_publisher":"https:\/\/www.facebook.com\/notibras\/","article_published_time":"2024-04-21T03:09:10+00:00","og_image":[{"width":1170,"height":700,"url":"https:\/\/www.notibras.com\/site\/wp-content\/uploads\/2024\/04\/tarifa-zero.webp","type":"image\/webp"}],"author":"Reda\u00e7\u00e3o","twitter_card":"summary_large_image","twitter_creator":"@Notibras","twitter_site":"@Notibras","twitter_misc":{"Escrito por":"Reda\u00e7\u00e3o","Est. tempo de leitura":"3 minutos"},"schema":{"@context":"https:\/\/schema.org","@graph":[{"@type":"Article","@id":"https:\/\/www.notibras.com\/site\/tarifa-zero-aumenta-numero-de-passageiros-mostra-estudo\/#article","isPartOf":{"@id":"https:\/\/www.notibras.com\/site\/tarifa-zero-aumenta-numero-de-passageiros-mostra-estudo\/"},"author":{"name":"Reda\u00e7\u00e3o","@id":"https:\/\/www.notibras.com\/site\/#\/schema\/person\/36ab0979449956132d3e5b517ea76ac8"},"headline":"Tarifa zero aumenta n\u00famero de passageiros, mostra estudo","datePublished":"2024-04-21T03:09:10+00:00","mainEntityOfPage":{"@id":"https:\/\/www.notibras.com\/site\/tarifa-zero-aumenta-numero-de-passageiros-mostra-estudo\/"},"wordCount":383,"publisher":{"@id":"https:\/\/www.notibras.com\/site\/#organization"},"image":{"@id":"https:\/\/www.notibras.com\/site\/tarifa-zero-aumenta-numero-de-passageiros-mostra-estudo\/#primaryimage"},"thumbnailUrl":"https:\/\/www.notibras.com\/site\/wp-content\/uploads\/2024\/04\/tarifa-zero.webp","articleSection":["Alagoas","Bahia","Cear\u00e1","Maranh\u00e3o","Nordeste","Para\u00edba","Pernambuco","Piau\u00ed","Rio Grande do Norte","Sergipe"],"inLanguage":"pt-BR"},{"@type":"WebPage","@id":"https:\/\/www.notibras.com\/site\/tarifa-zero-aumenta-numero-de-passageiros-mostra-estudo\/","url":"https:\/\/www.notibras.com\/site\/tarifa-zero-aumenta-numero-de-passageiros-mostra-estudo\/","name":"Tarifa zero aumenta n\u00famero de passageiros, mostra estudo - Notibras","isPartOf":{"@id":"https:\/\/www.notibras.com\/site\/#website"},"primaryImageOfPage":{"@id":"https:\/\/www.notibras.com\/site\/tarifa-zero-aumenta-numero-de-passageiros-mostra-estudo\/#primaryimage"},"image":{"@id":"https:\/\/www.notibras.com\/site\/tarifa-zero-aumenta-numero-de-passageiros-mostra-estudo\/#primaryimage"},"thumbnailUrl":"https:\/\/www.notibras.com\/site\/wp-content\/uploads\/2024\/04\/tarifa-zero.webp","datePublished":"2024-04-21T03:09:10+00:00","breadcrumb":{"@id":"https:\/\/www.notibras.com\/site\/tarifa-zero-aumenta-numero-de-passageiros-mostra-estudo\/#breadcrumb"},"inLanguage":"pt-BR","potentialAction":[{"@type":"ReadAction","target":["https:\/\/www.notibras.com\/site\/tarifa-zero-aumenta-numero-de-passageiros-mostra-estudo\/"]}]},{"@type":"ImageObject","inLanguage":"pt-BR","@id":"https:\/\/www.notibras.com\/site\/tarifa-zero-aumenta-numero-de-passageiros-mostra-estudo\/#primaryimage","url":"https:\/\/www.notibras.com\/site\/wp-content\/uploads\/2024\/04\/tarifa-zero.webp","contentUrl":"https:\/\/www.notibras.com\/site\/wp-content\/uploads\/2024\/04\/tarifa-zero.webp","width":1170,"height":700},{"@type":"BreadcrumbList","@id":"https:\/\/www.notibras.com\/site\/tarifa-zero-aumenta-numero-de-passageiros-mostra-estudo\/#breadcrumb","itemListElement":[{"@type":"ListItem","position":1,"name":"In\u00edcio","item":"https:\/\/www.notibras.com\/site\/"},{"@type":"ListItem","position":2,"name":"Tarifa zero aumenta n\u00famero de passageiros, mostra estudo"}]},{"@type":"WebSite","@id":"https:\/\/www.notibras.com\/site\/#website","url":"https:\/\/www.notibras.com\/site\/","name":"Notibras","description":"Not\u00edcias de Bras\u00edlia, do Brasil e do Mundo","publisher":{"@id":"https:\/\/www.notibras.com\/site\/#organization"},"potentialAction":[{"@type":"SearchAction","target":{"@type":"EntryPoint","urlTemplate":"https:\/\/www.notibras.com\/site\/?s={search_term_string}"},"query-input":{"@type":"PropertyValueSpecification","valueRequired":true,"valueName":"search_term_string"}}],"inLanguage":"pt-BR"},{"@type":"Organization","@id":"https:\/\/www.notibras.com\/site\/#organization","name":"Grupo Notibras de Comunica\u00e7\u00e3o","url":"https:\/\/www.notibras.com\/site\/","logo":{"@type":"ImageObject","inLanguage":"pt-BR","@id":"https:\/\/www.notibras.com\/site\/#\/schema\/logo\/image\/","url":"https:\/\/www.notibras.com\/site\/wp-content\/uploads\/2023\/01\/notibras23.png","contentUrl":"https:\/\/www.notibras.com\/site\/wp-content\/uploads\/2023\/01\/notibras23.png","width":350,"height":87,"caption":"Grupo Notibras de Comunica\u00e7\u00e3o"},"image":{"@id":"https:\/\/www.notibras.com\/site\/#\/schema\/logo\/image\/"},"sameAs":["https:\/\/www.facebook.com\/notibras\/","https:\/\/x.com\/Notibras","https:\/\/www.instagram.com\/notibras\/"]},{"@type":"Person","@id":"https:\/\/www.notibras.com\/site\/#\/schema\/person\/36ab0979449956132d3e5b517ea76ac8","name":"Reda\u00e7\u00e3o","image":{"@type":"ImageObject","inLanguage":"pt-BR","@id":"https:\/\/secure.gravatar.com\/avatar\/e0a867bdedb85fd243eadf09663511f96fc81e0720a4a42581f334ad4303aa6b?s=96&d=mm&r=g","url":"https:\/\/secure.gravatar.com\/avatar\/e0a867bdedb85fd243eadf09663511f96fc81e0720a4a42581f334ad4303aa6b?s=96&d=mm&r=g","contentUrl":"https:\/\/secure.gravatar.com\/avatar\/e0a867bdedb85fd243eadf09663511f96fc81e0720a4a42581f334ad4303aa6b?s=96&d=mm&r=g","caption":"Reda\u00e7\u00e3o"}}]}},"amp_enabled":true,"_links":{"self":[{"href":"https:\/\/www.notibras.com\/site\/wp-json\/wp\/v2\/posts\/327089","targetHints":{"allow":["GET"]}}],"collection":[{"href":"https:\/\/www.notibras.com\/site\/wp-json\/wp\/v2\/posts"}],"about":[{"href":"https:\/\/www.notibras.com\/site\/wp-json\/wp\/v2\/types\/post"}],"author":[{"embeddable":true,"href":"https:\/\/www.notibras.com\/site\/wp-json\/wp\/v2\/users\/2"}],"replies":[{"embeddable":true,"href":"https:\/\/www.notibras.com\/site\/wp-json\/wp\/v2\/comments?post=327089"}],"version-history":[{"count":1,"href":"https:\/\/www.notibras.com\/site\/wp-json\/wp\/v2\/posts\/327089\/revisions"}],"predecessor-version":[{"id":327091,"href":"https:\/\/www.notibras.com\/site\/wp-json\/wp\/v2\/posts\/327089\/revisions\/327091"}],"wp:featuredmedia":[{"embeddable":true,"href":"https:\/\/www.notibras.com\/site\/wp-json\/wp\/v2\/media\/327090"}],"wp:attachment":[{"href":"https:\/\/www.notibras.com\/site\/wp-json\/wp\/v2\/media?parent=327089"}],"wp:term":[{"taxonomy":"category","embeddable":true,"href":"https:\/\/www.notibras.com\/site\/wp-json\/wp\/v2\/categories?post=327089"},{"taxonomy":"post_tag","embeddable":true,"href":"https:\/\/www.notibras.com\/site\/wp-json\/wp\/v2\/tags?post=327089"}],"curies":[{"name":"wp","href":"https:\/\/api.w.org\/{rel}","templated":true}]}}