{"id":327104,"date":"2024-04-21T00:51:15","date_gmt":"2024-04-21T03:51:15","guid":{"rendered":"https:\/\/www.notibras.com\/site\/?p=327104"},"modified":"2024-04-21T00:51:15","modified_gmt":"2024-04-21T03:51:15","slug":"fgv-arte-inaugura-exposicao-brasilia-a-arte-da-democracia","status":"publish","type":"post","link":"https:\/\/www.notibras.com\/site\/fgv-arte-inaugura-exposicao-brasilia-a-arte-da-democracia\/","title":{"rendered":"FGV Arte inaugura exposi\u00e7\u00e3o Bras\u00edlia, a arte da democracia"},"content":{"rendered":"<p>A FGV Arte, espa\u00e7o experimental e de pesquisa art\u00edstica da Funda\u00e7\u00e3o Getulio Vargas, inaugurou sua segunda exposi\u00e7\u00e3o intitulada Bras\u00edlia, a arte da democracia, sob curadoria de Paulo Herkenhoff. De acordo com o curador, \u201ca conceitua\u00e7\u00e3o desta exposi\u00e7\u00e3o perfaz um arco hist\u00f3rico, desde a cria\u00e7\u00e3o da cidade at\u00e9 os atuais movimentos em defesa da democracia e da liberdade. Se Bras\u00edlia \u00e9 uma epopeia not\u00e1vel no plano internacional, sua hist\u00f3ria da cultura se desdobra, ao longo de seis d\u00e9cadas, por brasilienses e por brasileiros de todos os recantos\u201d.<\/p>\n<p>Durante os \u00faltimos 4 anos, Herkenhoff levantou um material t\u00e3o extenso que precisou dividir em etapas. Segundo o curador, a de Bras\u00edlia, a arte da democracia re\u00fane artistas das cinco regi\u00f5es do pa\u00eds, que recorrem a uma vasta diversidade de t\u00e9cnicas e modos de vivenciar a arte, \u201ccomo \u2018exerc\u00edcio experimental da liberdade\u2019, conforme o aforismo de M\u00e1rio Pedrosa, considerado o maior cr\u00edtico de arte de todos os tempos\u201d.<\/p>\n<p>Com aproximadamente 180 itens de cerca de 80 artistas, incluindo documentos, como o diploma de candango conferido aos oper\u00e1rios que levantaram a nova cidade por Juscelino Kubitschek, presidente do Brasil, de 1955 a 1961, respons\u00e1vel pela constru\u00e7\u00e3o de Bras\u00edlia e a transfer\u00eancia do poder do Rio de Janeiro para o planalto central; o croqui do plano piloto assinado por L\u00facio Costa; e o manuscrito de Oscar Niemeyer sobre o monumento JK.<\/p>\n<p><strong>FGV Arte<\/strong><br \/>\nLocalizada na sede da FGV, na Praia de Botafogo, no Rio de Janeiro, a FGV Arte \u00e9 um espa\u00e7o voltado \u00e0 valoriza\u00e7\u00e3o, \u00e0 experimenta\u00e7\u00e3o art\u00edstica e aos debates contempor\u00e2neos em torno da arte e da cultura que busca incentivar o di\u00e1logo com setores mais criativos e heterog\u00eaneos da sociedade.<\/p>\n<p>A mostra fica aberta ao p\u00fablico at\u00e9 14 de julho e pode ser vista de ter\u00e7a-feira a domingo. Nos fins de semana e feriados, a mostra fica aberta das 10h \u00e0s 18h. A mostra tem recursos de acessibilidade, no formato de libras e audiodescri\u00e7\u00e3o.<\/p>\n","protected":false},"excerpt":{"rendered":"<p>A FGV Arte, espa\u00e7o experimental e de pesquisa art\u00edstica da Funda\u00e7\u00e3o Getulio Vargas, inaugurou sua segunda exposi\u00e7\u00e3o intitulada Bras\u00edlia, a arte da democracia, sob curadoria de Paulo Herkenhoff. De acordo com o curador, \u201ca conceitua\u00e7\u00e3o desta exposi\u00e7\u00e3o perfaz um arco hist\u00f3rico, desde a cria\u00e7\u00e3o da cidade at\u00e9 os atuais movimentos em defesa da democracia e [&hellip;]<\/p>\n","protected":false},"author":2,"featured_media":327105,"comment_status":"closed","ping_status":"closed","sticky":false,"template":"","format":"standard","meta":{"_acf_changed":false,"footnotes":""},"categories":[161],"tags":[],"class_list":["post-327104","post","type-post","status-publish","format-standard","has-post-thumbnail","hentry","category-quadradinho-em-foco"],"acf":[],"yoast_head":"<!-- This site is optimized with the Yoast SEO plugin v27.5 - https:\/\/yoast.com\/product\/yoast-seo-wordpress\/ -->\n<title>FGV Arte inaugura exposi\u00e7\u00e3o Bras\u00edlia, a arte da democracia - Notibras<\/title>\n<meta name=\"robots\" content=\"index, follow, max-snippet:-1, max-image-preview:large, max-video-preview:-1\" \/>\n<link rel=\"canonical\" href=\"https:\/\/www.notibras.com\/site\/fgv-arte-inaugura-exposicao-brasilia-a-arte-da-democracia\/\" \/>\n<meta property=\"og:locale\" content=\"pt_BR\" \/>\n<meta property=\"og:type\" content=\"article\" \/>\n<meta property=\"og:title\" content=\"FGV Arte inaugura exposi\u00e7\u00e3o Bras\u00edlia, a arte da democracia - Notibras\" \/>\n<meta property=\"og:description\" content=\"A FGV Arte, espa\u00e7o experimental e de pesquisa art\u00edstica da Funda\u00e7\u00e3o Getulio Vargas, inaugurou sua segunda exposi\u00e7\u00e3o intitulada Bras\u00edlia, a arte da democracia, sob curadoria de Paulo Herkenhoff. De acordo com o curador, \u201ca conceitua\u00e7\u00e3o desta exposi\u00e7\u00e3o perfaz um arco hist\u00f3rico, desde a cria\u00e7\u00e3o da cidade at\u00e9 os atuais movimentos em defesa da democracia e [&hellip;]\" \/>\n<meta property=\"og:url\" content=\"https:\/\/www.notibras.com\/site\/fgv-arte-inaugura-exposicao-brasilia-a-arte-da-democracia\/\" \/>\n<meta property=\"og:site_name\" content=\"Notibras\" \/>\n<meta property=\"article:publisher\" content=\"https:\/\/www.facebook.com\/notibras\/\" \/>\n<meta property=\"article:published_time\" content=\"2024-04-21T03:51:15+00:00\" \/>\n<meta property=\"og:image\" content=\"https:\/\/www.notibras.com\/site\/wp-content\/uploads\/2024\/04\/fgvbsb.webp\" \/>\n\t<meta property=\"og:image:width\" content=\"1170\" \/>\n\t<meta property=\"og:image:height\" content=\"700\" \/>\n\t<meta property=\"og:image:type\" content=\"image\/webp\" \/>\n<meta name=\"author\" content=\"Reda\u00e7\u00e3o\" \/>\n<meta name=\"twitter:card\" content=\"summary_large_image\" \/>\n<meta name=\"twitter:creator\" content=\"@Notibras\" \/>\n<meta name=\"twitter:site\" content=\"@Notibras\" \/>\n<meta name=\"twitter:label1\" content=\"Escrito por\" \/>\n\t<meta name=\"twitter:data1\" content=\"Reda\u00e7\u00e3o\" \/>\n\t<meta name=\"twitter:label2\" content=\"Est. tempo de leitura\" \/>\n\t<meta name=\"twitter:data2\" content=\"3 minutos\" \/>\n<script type=\"application\/ld+json\" class=\"yoast-schema-graph\">{\"@context\":\"https:\\\/\\\/schema.org\",\"@graph\":[{\"@type\":\"Article\",\"@id\":\"https:\\\/\\\/www.notibras.com\\\/site\\\/fgv-arte-inaugura-exposicao-brasilia-a-arte-da-democracia\\\/#article\",\"isPartOf\":{\"@id\":\"https:\\\/\\\/www.notibras.com\\\/site\\\/fgv-arte-inaugura-exposicao-brasilia-a-arte-da-democracia\\\/\"},\"author\":{\"name\":\"Reda\u00e7\u00e3o\",\"@id\":\"https:\\\/\\\/www.notibras.com\\\/site\\\/#\\\/schema\\\/person\\\/36ab0979449956132d3e5b517ea76ac8\"},\"headline\":\"FGV Arte inaugura exposi\u00e7\u00e3o Bras\u00edlia, a arte da democracia\",\"datePublished\":\"2024-04-21T03:51:15+00:00\",\"mainEntityOfPage\":{\"@id\":\"https:\\\/\\\/www.notibras.com\\\/site\\\/fgv-arte-inaugura-exposicao-brasilia-a-arte-da-democracia\\\/\"},\"wordCount\":359,\"publisher\":{\"@id\":\"https:\\\/\\\/www.notibras.com\\\/site\\\/#organization\"},\"image\":{\"@id\":\"https:\\\/\\\/www.notibras.com\\\/site\\\/fgv-arte-inaugura-exposicao-brasilia-a-arte-da-democracia\\\/#primaryimage\"},\"thumbnailUrl\":\"https:\\\/\\\/www.notibras.com\\\/site\\\/wp-content\\\/uploads\\\/2024\\\/04\\\/fgvbsb.webp\",\"articleSection\":[\"Quadradinho em Foco\"],\"inLanguage\":\"pt-BR\"},{\"@type\":\"WebPage\",\"@id\":\"https:\\\/\\\/www.notibras.com\\\/site\\\/fgv-arte-inaugura-exposicao-brasilia-a-arte-da-democracia\\\/\",\"url\":\"https:\\\/\\\/www.notibras.com\\\/site\\\/fgv-arte-inaugura-exposicao-brasilia-a-arte-da-democracia\\\/\",\"name\":\"FGV Arte inaugura exposi\u00e7\u00e3o Bras\u00edlia, a arte da democracia - Notibras\",\"isPartOf\":{\"@id\":\"https:\\\/\\\/www.notibras.com\\\/site\\\/#website\"},\"primaryImageOfPage\":{\"@id\":\"https:\\\/\\\/www.notibras.com\\\/site\\\/fgv-arte-inaugura-exposicao-brasilia-a-arte-da-democracia\\\/#primaryimage\"},\"image\":{\"@id\":\"https:\\\/\\\/www.notibras.com\\\/site\\\/fgv-arte-inaugura-exposicao-brasilia-a-arte-da-democracia\\\/#primaryimage\"},\"thumbnailUrl\":\"https:\\\/\\\/www.notibras.com\\\/site\\\/wp-content\\\/uploads\\\/2024\\\/04\\\/fgvbsb.webp\",\"datePublished\":\"2024-04-21T03:51:15+00:00\",\"breadcrumb\":{\"@id\":\"https:\\\/\\\/www.notibras.com\\\/site\\\/fgv-arte-inaugura-exposicao-brasilia-a-arte-da-democracia\\\/#breadcrumb\"},\"inLanguage\":\"pt-BR\",\"potentialAction\":[{\"@type\":\"ReadAction\",\"target\":[\"https:\\\/\\\/www.notibras.com\\\/site\\\/fgv-arte-inaugura-exposicao-brasilia-a-arte-da-democracia\\\/\"]}]},{\"@type\":\"ImageObject\",\"inLanguage\":\"pt-BR\",\"@id\":\"https:\\\/\\\/www.notibras.com\\\/site\\\/fgv-arte-inaugura-exposicao-brasilia-a-arte-da-democracia\\\/#primaryimage\",\"url\":\"https:\\\/\\\/www.notibras.com\\\/site\\\/wp-content\\\/uploads\\\/2024\\\/04\\\/fgvbsb.webp\",\"contentUrl\":\"https:\\\/\\\/www.notibras.com\\\/site\\\/wp-content\\\/uploads\\\/2024\\\/04\\\/fgvbsb.webp\",\"width\":1170,\"height\":700},{\"@type\":\"BreadcrumbList\",\"@id\":\"https:\\\/\\\/www.notibras.com\\\/site\\\/fgv-arte-inaugura-exposicao-brasilia-a-arte-da-democracia\\\/#breadcrumb\",\"itemListElement\":[{\"@type\":\"ListItem\",\"position\":1,\"name\":\"In\u00edcio\",\"item\":\"https:\\\/\\\/www.notibras.com\\\/site\\\/\"},{\"@type\":\"ListItem\",\"position\":2,\"name\":\"FGV Arte inaugura exposi\u00e7\u00e3o Bras\u00edlia, a arte da democracia\"}]},{\"@type\":\"WebSite\",\"@id\":\"https:\\\/\\\/www.notibras.com\\\/site\\\/#website\",\"url\":\"https:\\\/\\\/www.notibras.com\\\/site\\\/\",\"name\":\"Notibras\",\"description\":\"Not\u00edcias de Bras\u00edlia, do Brasil e do Mundo\",\"publisher\":{\"@id\":\"https:\\\/\\\/www.notibras.com\\\/site\\\/#organization\"},\"potentialAction\":[{\"@type\":\"SearchAction\",\"target\":{\"@type\":\"EntryPoint\",\"urlTemplate\":\"https:\\\/\\\/www.notibras.com\\\/site\\\/?s={search_term_string}\"},\"query-input\":{\"@type\":\"PropertyValueSpecification\",\"valueRequired\":true,\"valueName\":\"search_term_string\"}}],\"inLanguage\":\"pt-BR\"},{\"@type\":\"Organization\",\"@id\":\"https:\\\/\\\/www.notibras.com\\\/site\\\/#organization\",\"name\":\"Grupo Notibras de Comunica\u00e7\u00e3o\",\"url\":\"https:\\\/\\\/www.notibras.com\\\/site\\\/\",\"logo\":{\"@type\":\"ImageObject\",\"inLanguage\":\"pt-BR\",\"@id\":\"https:\\\/\\\/www.notibras.com\\\/site\\\/#\\\/schema\\\/logo\\\/image\\\/\",\"url\":\"https:\\\/\\\/www.notibras.com\\\/site\\\/wp-content\\\/uploads\\\/2023\\\/01\\\/notibras23.png\",\"contentUrl\":\"https:\\\/\\\/www.notibras.com\\\/site\\\/wp-content\\\/uploads\\\/2023\\\/01\\\/notibras23.png\",\"width\":350,\"height\":87,\"caption\":\"Grupo Notibras de Comunica\u00e7\u00e3o\"},\"image\":{\"@id\":\"https:\\\/\\\/www.notibras.com\\\/site\\\/#\\\/schema\\\/logo\\\/image\\\/\"},\"sameAs\":[\"https:\\\/\\\/www.facebook.com\\\/notibras\\\/\",\"https:\\\/\\\/x.com\\\/Notibras\",\"https:\\\/\\\/www.instagram.com\\\/notibras\\\/\"]},{\"@type\":\"Person\",\"@id\":\"https:\\\/\\\/www.notibras.com\\\/site\\\/#\\\/schema\\\/person\\\/36ab0979449956132d3e5b517ea76ac8\",\"name\":\"Reda\u00e7\u00e3o\",\"image\":{\"@type\":\"ImageObject\",\"inLanguage\":\"pt-BR\",\"@id\":\"https:\\\/\\\/secure.gravatar.com\\\/avatar\\\/e0a867bdedb85fd243eadf09663511f96fc81e0720a4a42581f334ad4303aa6b?s=96&d=mm&r=g\",\"url\":\"https:\\\/\\\/secure.gravatar.com\\\/avatar\\\/e0a867bdedb85fd243eadf09663511f96fc81e0720a4a42581f334ad4303aa6b?s=96&d=mm&r=g\",\"contentUrl\":\"https:\\\/\\\/secure.gravatar.com\\\/avatar\\\/e0a867bdedb85fd243eadf09663511f96fc81e0720a4a42581f334ad4303aa6b?s=96&d=mm&r=g\",\"caption\":\"Reda\u00e7\u00e3o\"}}]}<\/script>\n<!-- \/ Yoast SEO plugin. -->","yoast_head_json":{"title":"FGV Arte inaugura exposi\u00e7\u00e3o Bras\u00edlia, a arte da democracia - Notibras","robots":{"index":"index","follow":"follow","max-snippet":"max-snippet:-1","max-image-preview":"max-image-preview:large","max-video-preview":"max-video-preview:-1"},"canonical":"https:\/\/www.notibras.com\/site\/fgv-arte-inaugura-exposicao-brasilia-a-arte-da-democracia\/","og_locale":"pt_BR","og_type":"article","og_title":"FGV Arte inaugura exposi\u00e7\u00e3o Bras\u00edlia, a arte da democracia - Notibras","og_description":"A FGV Arte, espa\u00e7o experimental e de pesquisa art\u00edstica da Funda\u00e7\u00e3o Getulio Vargas, inaugurou sua segunda exposi\u00e7\u00e3o intitulada Bras\u00edlia, a arte da democracia, sob curadoria de Paulo Herkenhoff. De acordo com o curador, \u201ca conceitua\u00e7\u00e3o desta exposi\u00e7\u00e3o perfaz um arco hist\u00f3rico, desde a cria\u00e7\u00e3o da cidade at\u00e9 os atuais movimentos em defesa da democracia e [&hellip;]","og_url":"https:\/\/www.notibras.com\/site\/fgv-arte-inaugura-exposicao-brasilia-a-arte-da-democracia\/","og_site_name":"Notibras","article_publisher":"https:\/\/www.facebook.com\/notibras\/","article_published_time":"2024-04-21T03:51:15+00:00","og_image":[{"width":1170,"height":700,"url":"https:\/\/www.notibras.com\/site\/wp-content\/uploads\/2024\/04\/fgvbsb.webp","type":"image\/webp"}],"author":"Reda\u00e7\u00e3o","twitter_card":"summary_large_image","twitter_creator":"@Notibras","twitter_site":"@Notibras","twitter_misc":{"Escrito por":"Reda\u00e7\u00e3o","Est. tempo de leitura":"3 minutos"},"schema":{"@context":"https:\/\/schema.org","@graph":[{"@type":"Article","@id":"https:\/\/www.notibras.com\/site\/fgv-arte-inaugura-exposicao-brasilia-a-arte-da-democracia\/#article","isPartOf":{"@id":"https:\/\/www.notibras.com\/site\/fgv-arte-inaugura-exposicao-brasilia-a-arte-da-democracia\/"},"author":{"name":"Reda\u00e7\u00e3o","@id":"https:\/\/www.notibras.com\/site\/#\/schema\/person\/36ab0979449956132d3e5b517ea76ac8"},"headline":"FGV Arte inaugura exposi\u00e7\u00e3o Bras\u00edlia, a arte da democracia","datePublished":"2024-04-21T03:51:15+00:00","mainEntityOfPage":{"@id":"https:\/\/www.notibras.com\/site\/fgv-arte-inaugura-exposicao-brasilia-a-arte-da-democracia\/"},"wordCount":359,"publisher":{"@id":"https:\/\/www.notibras.com\/site\/#organization"},"image":{"@id":"https:\/\/www.notibras.com\/site\/fgv-arte-inaugura-exposicao-brasilia-a-arte-da-democracia\/#primaryimage"},"thumbnailUrl":"https:\/\/www.notibras.com\/site\/wp-content\/uploads\/2024\/04\/fgvbsb.webp","articleSection":["Quadradinho em Foco"],"inLanguage":"pt-BR"},{"@type":"WebPage","@id":"https:\/\/www.notibras.com\/site\/fgv-arte-inaugura-exposicao-brasilia-a-arte-da-democracia\/","url":"https:\/\/www.notibras.com\/site\/fgv-arte-inaugura-exposicao-brasilia-a-arte-da-democracia\/","name":"FGV Arte inaugura exposi\u00e7\u00e3o Bras\u00edlia, a arte da democracia - Notibras","isPartOf":{"@id":"https:\/\/www.notibras.com\/site\/#website"},"primaryImageOfPage":{"@id":"https:\/\/www.notibras.com\/site\/fgv-arte-inaugura-exposicao-brasilia-a-arte-da-democracia\/#primaryimage"},"image":{"@id":"https:\/\/www.notibras.com\/site\/fgv-arte-inaugura-exposicao-brasilia-a-arte-da-democracia\/#primaryimage"},"thumbnailUrl":"https:\/\/www.notibras.com\/site\/wp-content\/uploads\/2024\/04\/fgvbsb.webp","datePublished":"2024-04-21T03:51:15+00:00","breadcrumb":{"@id":"https:\/\/www.notibras.com\/site\/fgv-arte-inaugura-exposicao-brasilia-a-arte-da-democracia\/#breadcrumb"},"inLanguage":"pt-BR","potentialAction":[{"@type":"ReadAction","target":["https:\/\/www.notibras.com\/site\/fgv-arte-inaugura-exposicao-brasilia-a-arte-da-democracia\/"]}]},{"@type":"ImageObject","inLanguage":"pt-BR","@id":"https:\/\/www.notibras.com\/site\/fgv-arte-inaugura-exposicao-brasilia-a-arte-da-democracia\/#primaryimage","url":"https:\/\/www.notibras.com\/site\/wp-content\/uploads\/2024\/04\/fgvbsb.webp","contentUrl":"https:\/\/www.notibras.com\/site\/wp-content\/uploads\/2024\/04\/fgvbsb.webp","width":1170,"height":700},{"@type":"BreadcrumbList","@id":"https:\/\/www.notibras.com\/site\/fgv-arte-inaugura-exposicao-brasilia-a-arte-da-democracia\/#breadcrumb","itemListElement":[{"@type":"ListItem","position":1,"name":"In\u00edcio","item":"https:\/\/www.notibras.com\/site\/"},{"@type":"ListItem","position":2,"name":"FGV Arte inaugura exposi\u00e7\u00e3o Bras\u00edlia, a arte da democracia"}]},{"@type":"WebSite","@id":"https:\/\/www.notibras.com\/site\/#website","url":"https:\/\/www.notibras.com\/site\/","name":"Notibras","description":"Not\u00edcias de Bras\u00edlia, do Brasil e do Mundo","publisher":{"@id":"https:\/\/www.notibras.com\/site\/#organization"},"potentialAction":[{"@type":"SearchAction","target":{"@type":"EntryPoint","urlTemplate":"https:\/\/www.notibras.com\/site\/?s={search_term_string}"},"query-input":{"@type":"PropertyValueSpecification","valueRequired":true,"valueName":"search_term_string"}}],"inLanguage":"pt-BR"},{"@type":"Organization","@id":"https:\/\/www.notibras.com\/site\/#organization","name":"Grupo Notibras de Comunica\u00e7\u00e3o","url":"https:\/\/www.notibras.com\/site\/","logo":{"@type":"ImageObject","inLanguage":"pt-BR","@id":"https:\/\/www.notibras.com\/site\/#\/schema\/logo\/image\/","url":"https:\/\/www.notibras.com\/site\/wp-content\/uploads\/2023\/01\/notibras23.png","contentUrl":"https:\/\/www.notibras.com\/site\/wp-content\/uploads\/2023\/01\/notibras23.png","width":350,"height":87,"caption":"Grupo Notibras de Comunica\u00e7\u00e3o"},"image":{"@id":"https:\/\/www.notibras.com\/site\/#\/schema\/logo\/image\/"},"sameAs":["https:\/\/www.facebook.com\/notibras\/","https:\/\/x.com\/Notibras","https:\/\/www.instagram.com\/notibras\/"]},{"@type":"Person","@id":"https:\/\/www.notibras.com\/site\/#\/schema\/person\/36ab0979449956132d3e5b517ea76ac8","name":"Reda\u00e7\u00e3o","image":{"@type":"ImageObject","inLanguage":"pt-BR","@id":"https:\/\/secure.gravatar.com\/avatar\/e0a867bdedb85fd243eadf09663511f96fc81e0720a4a42581f334ad4303aa6b?s=96&d=mm&r=g","url":"https:\/\/secure.gravatar.com\/avatar\/e0a867bdedb85fd243eadf09663511f96fc81e0720a4a42581f334ad4303aa6b?s=96&d=mm&r=g","contentUrl":"https:\/\/secure.gravatar.com\/avatar\/e0a867bdedb85fd243eadf09663511f96fc81e0720a4a42581f334ad4303aa6b?s=96&d=mm&r=g","caption":"Reda\u00e7\u00e3o"}}]}},"amp_enabled":true,"_links":{"self":[{"href":"https:\/\/www.notibras.com\/site\/wp-json\/wp\/v2\/posts\/327104","targetHints":{"allow":["GET"]}}],"collection":[{"href":"https:\/\/www.notibras.com\/site\/wp-json\/wp\/v2\/posts"}],"about":[{"href":"https:\/\/www.notibras.com\/site\/wp-json\/wp\/v2\/types\/post"}],"author":[{"embeddable":true,"href":"https:\/\/www.notibras.com\/site\/wp-json\/wp\/v2\/users\/2"}],"replies":[{"embeddable":true,"href":"https:\/\/www.notibras.com\/site\/wp-json\/wp\/v2\/comments?post=327104"}],"version-history":[{"count":1,"href":"https:\/\/www.notibras.com\/site\/wp-json\/wp\/v2\/posts\/327104\/revisions"}],"predecessor-version":[{"id":327106,"href":"https:\/\/www.notibras.com\/site\/wp-json\/wp\/v2\/posts\/327104\/revisions\/327106"}],"wp:featuredmedia":[{"embeddable":true,"href":"https:\/\/www.notibras.com\/site\/wp-json\/wp\/v2\/media\/327105"}],"wp:attachment":[{"href":"https:\/\/www.notibras.com\/site\/wp-json\/wp\/v2\/media?parent=327104"}],"wp:term":[{"taxonomy":"category","embeddable":true,"href":"https:\/\/www.notibras.com\/site\/wp-json\/wp\/v2\/categories?post=327104"},{"taxonomy":"post_tag","embeddable":true,"href":"https:\/\/www.notibras.com\/site\/wp-json\/wp\/v2\/tags?post=327104"}],"curies":[{"name":"wp","href":"https:\/\/api.w.org\/{rel}","templated":true}]}}