{"id":327107,"date":"2024-04-21T00:02:22","date_gmt":"2024-04-21T03:02:22","guid":{"rendered":"https:\/\/www.notibras.com\/site\/?p=327107"},"modified":"2024-04-21T00:59:43","modified_gmt":"2024-04-21T03:59:43","slug":"fantasiar-se-e-terapeutico-dizem-jovens-presentes-em-evento-geek","status":"publish","type":"post","link":"https:\/\/www.notibras.com\/site\/fantasiar-se-e-terapeutico-dizem-jovens-presentes-em-evento-geek\/","title":{"rendered":"Fantasiar-se \u00e9 terap\u00eautico, dizem jovens presentes em evento geek"},"content":{"rendered":"<p>Com o spray laranja nas m\u00e3os, a universit\u00e1ria Manuela Rodrigues, de 20 anos de idade, j\u00e1 vestida como Velma, do desenho do Scooby-Doo, cuida de cada detalhe do cabelo do amigo Gabriel Ara\u00fajo, da mesma idade e sala na faculdade de letras. O rapaz vai incorporar outra personagem feminina, a Daphne, da mesma anima\u00e7\u00e3o. Os colegas moram na regi\u00e3o de Planaltina, de onde sa\u00edram para participar do Anime Summit, o maior evento geek do Centro-Oeste para o p\u00fablico apreciador da cultura nerd. Eles, como outros jovens de \u00e1reas perif\u00e9ricas, entendem que a atividade de cosplay faz bem para a sa\u00fade mental.<\/p>\n<p>Manuela e Gabriel queriam representar \u201cjovens cerebrais\u201d. Mas, com receio de serem hostilizados no \u00f4nibus, optaram por se fantasiar antes da porta do evento. \u201cComo a minha roupa \u00e9 curta, tamb\u00e9m fiquei com medo de ass\u00e9dio no caminho\u201d, revela Manuela.<\/p>\n<p>Faz um ano que eles planejam essa homenagem. \u00c9 um dia, segundo os jovens, para aumentar a intera\u00e7\u00e3o entre pessoas da mesma idade e at\u00e9 receberem a aten\u00e7\u00e3o de fotografias.<\/p>\n<p>Segundo a organiza\u00e7\u00e3o do evento, que acontece desde quinta-feira (18) e vai at\u00e9 este domingo (21), no pavilh\u00e3o do Parque da Cidade, h\u00e1 um p\u00fablico de pelo menos 15 mil pessoas por dia, que, al\u00e9m de se vestir, passeiam pelas atra\u00e7\u00f5es de 72 expositores de artesanatos, literatura, gastronomia e apresenta\u00e7\u00f5es musicais. O ingresso custa R$ 60, com meia entrada a R$ 30.<\/p>\n<p>\u201cO Anime Summit movimenta mais de R$ 10 milh\u00f5es com vendas, fornecedores e arrecada\u00e7\u00e3o de ingressos. S\u00e3o mais de 100 ilustradores que est\u00e3o aqui e 80 artes\u00e3os\u201d, informa o organizador do evento, Mario Kodama.<\/p>\n<p><strong>Intera\u00e7\u00e3o<\/strong><br \/>\ncorpora o personagem Pyramid Head durante o Anime Summit. Foto: Marcelo Camargo\/Ag\u00eancia Brasil<br \/>\nUm dos cosplayer mais requisitados para foto no interior do pavilh\u00e3o era o estudante de ensino m\u00e9dio Jos\u00e9 Emanuel Carvalho, de 18 anos de idade, que incorporou a personagem Pyramid Head. Morador da Ceil\u00e2ndia, varreu v\u00eddeos na internet para aprender a desenhar e fazer o capacete. \u201cUsei material recicl\u00e1vel e ficou mais f\u00e1cil. Minha turma n\u00e3o \u00e9 muito de conversar. A gente se fala mais nos jogos. Hoje \u00e9 um dia que a gente interage e faz bem para nossa cabe\u00e7a\u201d.<\/p>\n<p>Ele filosofou que todos os dias ele e os amigos usam algum tipo de m\u00e1scara, seja para a fam\u00edlia, na escola ou no trabalho. \u201cEssa que eu uso hoje, pelo menos, chama aten\u00e7\u00e3o das pessoas, e deixam os outros encantados. Querem tirar fotos comigo e isso me deixa muito bem\u201d, afirma. Ele estava acompanhado do amigo Guilherme Rosa, tamb\u00e9m de 18 anos, morador de Samambaia, e fantasiado como Trevor Belmomt, protagonista do jogo Castlevania. \u201c\u00c9 dif\u00edcil a gente conversar pessoalmente. A gente passou pela pandemia e cada um ficou em casa\u201d, disse.<\/p>\n<p><strong>Uma TV na cabe\u00e7a<\/strong><br \/>\nUm dos jovens que fez quest\u00e3o de tirar foto com o Pyramid Head foi o estudante Isaac Arthur, de 17 anos de idade, tamb\u00e9m morador de \u00e1rea perif\u00e9rica em Samambaia. Ele tamb\u00e9m chamava aten\u00e7\u00e3o com uma fantasia inusitada e autoral. Isaac criou, para o evento, a personagem Cabe\u00e7a de TV.<\/p>\n<p>O monitor, que se transformou em capacete, foi encontrado no entulho perto de casa. O adere\u00e7o, segundo garante, n\u00e3o atrapalhou a comunica\u00e7\u00e3o com outras pessoas. \u201cPelo contr\u00e1rio, muita gente veio falar comigo. Quando querem aprofundar a conversa, eu tiro o monitor da cabe\u00e7a. Sou uma pessoa mais alegre quando estou com a fantasia\u201d, explica.<\/p>\n<p><strong>Feridas e terapia<\/strong><br \/>\nNo evento, a atriz e dubladora paulista Tati Keplmair, a Nami, do anime One Piece, e a Sakura, de Naruto, testemunha que a cultura nerd e o gosto por esse tipo de g\u00eanero t\u00eam ajudado os jovens a se comunicarem melhor. \u201cEles passaram praticamente tr\u00eas anos isolados dentro de casa. Agora, est\u00e3o voltando a se encontrar. Tenho percebido isso nesse tipo de evento\u201d.<\/p>\n<p>No camarim para se apresentar como cosplay, Leandro Kristian, de 27 anos de idade, morador de Vicente Pires, e a namorada Gabriela Gomes, de 25 anos, do Gama, cuidam da maquiagem das \u201cferidas\u201d no rapaz, para tamb\u00e9m representar Pyramid Head. Ambos consideram a atividade amadora como uma terapia. \u201cEssa \u00e9 uma arte pelo prazer\u201d, diz Leandro.<\/p>\n<p><strong>Fantasias da vida real<\/strong><br \/>\nDo lado de fora do evento, a batalha informal tamb\u00e9m tem suas fantasias. O comerciante paraense Kleber Borges, de 53 anos, estava trajado com uma camisa de seu grupo de capoeira. Ele vendia alimentos n\u00e3o-perec\u00edveis a R$ 10 para os frequentadores poderem comprar ingresso como meia entrada social. \u201cVisto v\u00e1rias fantasias todos os dias. Vendo alimentos, capas de chuva, qualquer coisa para sobreviver. Luto como se fosse o [ator] Bruce Lee [1940 &#8211; 1973]\u201d.<\/p>\n<p>Na \u00e1rea de estacionamento, Francisco H\u00e9rcules, de 44 anos, j\u00e1 sonhou se fantasiar de Jaspion (s\u00e9rie de TV da d\u00e9cada de 1980). Mas a prioridade hoje \u00e9 cuidar dos carros e ganhar \u201cum qualquer\u201d. Morador do Novo Gama (GO), faz a viagem de 1 hora 40 minutos de \u00f4nibus todos os dias, com a fantasia de hoje na mochila. \u201cO colete de guardador de carros \u00e9 minha conquista, minha roupa h\u00e1 24 anos, com o dinheiro que ganho para sustentar os meus tr\u00eas filhos\u201d. O desfile dele pelo meio dos carros vai at\u00e9 as 23h. Depois, guarda a fantasia e volta para casa.<\/p>\n","protected":false},"excerpt":{"rendered":"<p>Com o spray laranja nas m\u00e3os, a universit\u00e1ria Manuela Rodrigues, de 20 anos de idade, j\u00e1 vestida como Velma, do desenho do Scooby-Doo, cuida de cada detalhe do cabelo do amigo Gabriel Ara\u00fajo, da mesma idade e sala na faculdade de letras. O rapaz vai incorporar outra personagem feminina, a Daphne, da mesma anima\u00e7\u00e3o. Os [&hellip;]<\/p>\n","protected":false},"author":2,"featured_media":327108,"comment_status":"closed","ping_status":"closed","sticky":false,"template":"","format":"standard","meta":{"_acf_changed":false,"footnotes":""},"categories":[161],"tags":[],"class_list":["post-327107","post","type-post","status-publish","format-standard","has-post-thumbnail","hentry","category-quadradinho-em-foco"],"acf":[],"yoast_head":"<!-- This site is optimized with the Yoast SEO plugin v27.5 - https:\/\/yoast.com\/product\/yoast-seo-wordpress\/ -->\n<title>Fantasiar-se \u00e9 terap\u00eautico, dizem jovens presentes em evento geek - Notibras<\/title>\n<meta name=\"robots\" content=\"index, follow, max-snippet:-1, max-image-preview:large, max-video-preview:-1\" \/>\n<link rel=\"canonical\" href=\"https:\/\/www.notibras.com\/site\/fantasiar-se-e-terapeutico-dizem-jovens-presentes-em-evento-geek\/\" \/>\n<meta property=\"og:locale\" content=\"pt_BR\" \/>\n<meta property=\"og:type\" content=\"article\" \/>\n<meta property=\"og:title\" content=\"Fantasiar-se \u00e9 terap\u00eautico, dizem jovens presentes em evento geek - Notibras\" \/>\n<meta property=\"og:description\" content=\"Com o spray laranja nas m\u00e3os, a universit\u00e1ria Manuela Rodrigues, de 20 anos de idade, j\u00e1 vestida como Velma, do desenho do Scooby-Doo, cuida de cada detalhe do cabelo do amigo Gabriel Ara\u00fajo, da mesma idade e sala na faculdade de letras. O rapaz vai incorporar outra personagem feminina, a Daphne, da mesma anima\u00e7\u00e3o. Os [&hellip;]\" \/>\n<meta property=\"og:url\" content=\"https:\/\/www.notibras.com\/site\/fantasiar-se-e-terapeutico-dizem-jovens-presentes-em-evento-geek\/\" \/>\n<meta property=\"og:site_name\" content=\"Notibras\" \/>\n<meta property=\"article:publisher\" content=\"https:\/\/www.facebook.com\/notibras\/\" \/>\n<meta property=\"article:published_time\" content=\"2024-04-21T03:02:22+00:00\" \/>\n<meta property=\"article:modified_time\" content=\"2024-04-21T03:59:43+00:00\" \/>\n<meta property=\"og:image\" content=\"https:\/\/www.notibras.com\/site\/wp-content\/uploads\/2024\/04\/geek.df_.webp\" \/>\n\t<meta property=\"og:image:width\" content=\"1170\" \/>\n\t<meta property=\"og:image:height\" content=\"700\" \/>\n\t<meta property=\"og:image:type\" content=\"image\/webp\" \/>\n<meta name=\"author\" content=\"Reda\u00e7\u00e3o\" \/>\n<meta name=\"twitter:card\" content=\"summary_large_image\" \/>\n<meta name=\"twitter:creator\" content=\"@Notibras\" \/>\n<meta name=\"twitter:site\" content=\"@Notibras\" \/>\n<meta name=\"twitter:label1\" content=\"Escrito por\" \/>\n\t<meta name=\"twitter:data1\" content=\"Reda\u00e7\u00e3o\" \/>\n\t<meta name=\"twitter:label2\" content=\"Est. tempo de leitura\" \/>\n\t<meta name=\"twitter:data2\" content=\"6 minutos\" \/>\n<script type=\"application\/ld+json\" class=\"yoast-schema-graph\">{\"@context\":\"https:\\\/\\\/schema.org\",\"@graph\":[{\"@type\":\"Article\",\"@id\":\"https:\\\/\\\/www.notibras.com\\\/site\\\/fantasiar-se-e-terapeutico-dizem-jovens-presentes-em-evento-geek\\\/#article\",\"isPartOf\":{\"@id\":\"https:\\\/\\\/www.notibras.com\\\/site\\\/fantasiar-se-e-terapeutico-dizem-jovens-presentes-em-evento-geek\\\/\"},\"author\":{\"name\":\"Reda\u00e7\u00e3o\",\"@id\":\"https:\\\/\\\/www.notibras.com\\\/site\\\/#\\\/schema\\\/person\\\/36ab0979449956132d3e5b517ea76ac8\"},\"headline\":\"Fantasiar-se \u00e9 terap\u00eautico, dizem jovens presentes em evento geek\",\"datePublished\":\"2024-04-21T03:02:22+00:00\",\"dateModified\":\"2024-04-21T03:59:43+00:00\",\"mainEntityOfPage\":{\"@id\":\"https:\\\/\\\/www.notibras.com\\\/site\\\/fantasiar-se-e-terapeutico-dizem-jovens-presentes-em-evento-geek\\\/\"},\"wordCount\":907,\"publisher\":{\"@id\":\"https:\\\/\\\/www.notibras.com\\\/site\\\/#organization\"},\"image\":{\"@id\":\"https:\\\/\\\/www.notibras.com\\\/site\\\/fantasiar-se-e-terapeutico-dizem-jovens-presentes-em-evento-geek\\\/#primaryimage\"},\"thumbnailUrl\":\"https:\\\/\\\/www.notibras.com\\\/site\\\/wp-content\\\/uploads\\\/2024\\\/04\\\/geek.df_.webp\",\"articleSection\":[\"Quadradinho em Foco\"],\"inLanguage\":\"pt-BR\"},{\"@type\":\"WebPage\",\"@id\":\"https:\\\/\\\/www.notibras.com\\\/site\\\/fantasiar-se-e-terapeutico-dizem-jovens-presentes-em-evento-geek\\\/\",\"url\":\"https:\\\/\\\/www.notibras.com\\\/site\\\/fantasiar-se-e-terapeutico-dizem-jovens-presentes-em-evento-geek\\\/\",\"name\":\"Fantasiar-se \u00e9 terap\u00eautico, dizem jovens presentes em evento geek - Notibras\",\"isPartOf\":{\"@id\":\"https:\\\/\\\/www.notibras.com\\\/site\\\/#website\"},\"primaryImageOfPage\":{\"@id\":\"https:\\\/\\\/www.notibras.com\\\/site\\\/fantasiar-se-e-terapeutico-dizem-jovens-presentes-em-evento-geek\\\/#primaryimage\"},\"image\":{\"@id\":\"https:\\\/\\\/www.notibras.com\\\/site\\\/fantasiar-se-e-terapeutico-dizem-jovens-presentes-em-evento-geek\\\/#primaryimage\"},\"thumbnailUrl\":\"https:\\\/\\\/www.notibras.com\\\/site\\\/wp-content\\\/uploads\\\/2024\\\/04\\\/geek.df_.webp\",\"datePublished\":\"2024-04-21T03:02:22+00:00\",\"dateModified\":\"2024-04-21T03:59:43+00:00\",\"breadcrumb\":{\"@id\":\"https:\\\/\\\/www.notibras.com\\\/site\\\/fantasiar-se-e-terapeutico-dizem-jovens-presentes-em-evento-geek\\\/#breadcrumb\"},\"inLanguage\":\"pt-BR\",\"potentialAction\":[{\"@type\":\"ReadAction\",\"target\":[\"https:\\\/\\\/www.notibras.com\\\/site\\\/fantasiar-se-e-terapeutico-dizem-jovens-presentes-em-evento-geek\\\/\"]}]},{\"@type\":\"ImageObject\",\"inLanguage\":\"pt-BR\",\"@id\":\"https:\\\/\\\/www.notibras.com\\\/site\\\/fantasiar-se-e-terapeutico-dizem-jovens-presentes-em-evento-geek\\\/#primaryimage\",\"url\":\"https:\\\/\\\/www.notibras.com\\\/site\\\/wp-content\\\/uploads\\\/2024\\\/04\\\/geek.df_.webp\",\"contentUrl\":\"https:\\\/\\\/www.notibras.com\\\/site\\\/wp-content\\\/uploads\\\/2024\\\/04\\\/geek.df_.webp\",\"width\":1170,\"height\":700},{\"@type\":\"BreadcrumbList\",\"@id\":\"https:\\\/\\\/www.notibras.com\\\/site\\\/fantasiar-se-e-terapeutico-dizem-jovens-presentes-em-evento-geek\\\/#breadcrumb\",\"itemListElement\":[{\"@type\":\"ListItem\",\"position\":1,\"name\":\"In\u00edcio\",\"item\":\"https:\\\/\\\/www.notibras.com\\\/site\\\/\"},{\"@type\":\"ListItem\",\"position\":2,\"name\":\"Fantasiar-se \u00e9 terap\u00eautico, dizem jovens presentes em evento geek\"}]},{\"@type\":\"WebSite\",\"@id\":\"https:\\\/\\\/www.notibras.com\\\/site\\\/#website\",\"url\":\"https:\\\/\\\/www.notibras.com\\\/site\\\/\",\"name\":\"Notibras\",\"description\":\"Not\u00edcias de Bras\u00edlia, do Brasil e do Mundo\",\"publisher\":{\"@id\":\"https:\\\/\\\/www.notibras.com\\\/site\\\/#organization\"},\"potentialAction\":[{\"@type\":\"SearchAction\",\"target\":{\"@type\":\"EntryPoint\",\"urlTemplate\":\"https:\\\/\\\/www.notibras.com\\\/site\\\/?s={search_term_string}\"},\"query-input\":{\"@type\":\"PropertyValueSpecification\",\"valueRequired\":true,\"valueName\":\"search_term_string\"}}],\"inLanguage\":\"pt-BR\"},{\"@type\":\"Organization\",\"@id\":\"https:\\\/\\\/www.notibras.com\\\/site\\\/#organization\",\"name\":\"Grupo Notibras de Comunica\u00e7\u00e3o\",\"url\":\"https:\\\/\\\/www.notibras.com\\\/site\\\/\",\"logo\":{\"@type\":\"ImageObject\",\"inLanguage\":\"pt-BR\",\"@id\":\"https:\\\/\\\/www.notibras.com\\\/site\\\/#\\\/schema\\\/logo\\\/image\\\/\",\"url\":\"https:\\\/\\\/www.notibras.com\\\/site\\\/wp-content\\\/uploads\\\/2023\\\/01\\\/notibras23.png\",\"contentUrl\":\"https:\\\/\\\/www.notibras.com\\\/site\\\/wp-content\\\/uploads\\\/2023\\\/01\\\/notibras23.png\",\"width\":350,\"height\":87,\"caption\":\"Grupo Notibras de Comunica\u00e7\u00e3o\"},\"image\":{\"@id\":\"https:\\\/\\\/www.notibras.com\\\/site\\\/#\\\/schema\\\/logo\\\/image\\\/\"},\"sameAs\":[\"https:\\\/\\\/www.facebook.com\\\/notibras\\\/\",\"https:\\\/\\\/x.com\\\/Notibras\",\"https:\\\/\\\/www.instagram.com\\\/notibras\\\/\"]},{\"@type\":\"Person\",\"@id\":\"https:\\\/\\\/www.notibras.com\\\/site\\\/#\\\/schema\\\/person\\\/36ab0979449956132d3e5b517ea76ac8\",\"name\":\"Reda\u00e7\u00e3o\",\"image\":{\"@type\":\"ImageObject\",\"inLanguage\":\"pt-BR\",\"@id\":\"https:\\\/\\\/secure.gravatar.com\\\/avatar\\\/e0a867bdedb85fd243eadf09663511f96fc81e0720a4a42581f334ad4303aa6b?s=96&d=mm&r=g\",\"url\":\"https:\\\/\\\/secure.gravatar.com\\\/avatar\\\/e0a867bdedb85fd243eadf09663511f96fc81e0720a4a42581f334ad4303aa6b?s=96&d=mm&r=g\",\"contentUrl\":\"https:\\\/\\\/secure.gravatar.com\\\/avatar\\\/e0a867bdedb85fd243eadf09663511f96fc81e0720a4a42581f334ad4303aa6b?s=96&d=mm&r=g\",\"caption\":\"Reda\u00e7\u00e3o\"}}]}<\/script>\n<!-- \/ Yoast SEO plugin. -->","yoast_head_json":{"title":"Fantasiar-se \u00e9 terap\u00eautico, dizem jovens presentes em evento geek - Notibras","robots":{"index":"index","follow":"follow","max-snippet":"max-snippet:-1","max-image-preview":"max-image-preview:large","max-video-preview":"max-video-preview:-1"},"canonical":"https:\/\/www.notibras.com\/site\/fantasiar-se-e-terapeutico-dizem-jovens-presentes-em-evento-geek\/","og_locale":"pt_BR","og_type":"article","og_title":"Fantasiar-se \u00e9 terap\u00eautico, dizem jovens presentes em evento geek - Notibras","og_description":"Com o spray laranja nas m\u00e3os, a universit\u00e1ria Manuela Rodrigues, de 20 anos de idade, j\u00e1 vestida como Velma, do desenho do Scooby-Doo, cuida de cada detalhe do cabelo do amigo Gabriel Ara\u00fajo, da mesma idade e sala na faculdade de letras. O rapaz vai incorporar outra personagem feminina, a Daphne, da mesma anima\u00e7\u00e3o. Os [&hellip;]","og_url":"https:\/\/www.notibras.com\/site\/fantasiar-se-e-terapeutico-dizem-jovens-presentes-em-evento-geek\/","og_site_name":"Notibras","article_publisher":"https:\/\/www.facebook.com\/notibras\/","article_published_time":"2024-04-21T03:02:22+00:00","article_modified_time":"2024-04-21T03:59:43+00:00","og_image":[{"width":1170,"height":700,"url":"https:\/\/www.notibras.com\/site\/wp-content\/uploads\/2024\/04\/geek.df_.webp","type":"image\/webp"}],"author":"Reda\u00e7\u00e3o","twitter_card":"summary_large_image","twitter_creator":"@Notibras","twitter_site":"@Notibras","twitter_misc":{"Escrito por":"Reda\u00e7\u00e3o","Est. tempo de leitura":"6 minutos"},"schema":{"@context":"https:\/\/schema.org","@graph":[{"@type":"Article","@id":"https:\/\/www.notibras.com\/site\/fantasiar-se-e-terapeutico-dizem-jovens-presentes-em-evento-geek\/#article","isPartOf":{"@id":"https:\/\/www.notibras.com\/site\/fantasiar-se-e-terapeutico-dizem-jovens-presentes-em-evento-geek\/"},"author":{"name":"Reda\u00e7\u00e3o","@id":"https:\/\/www.notibras.com\/site\/#\/schema\/person\/36ab0979449956132d3e5b517ea76ac8"},"headline":"Fantasiar-se \u00e9 terap\u00eautico, dizem jovens presentes em evento geek","datePublished":"2024-04-21T03:02:22+00:00","dateModified":"2024-04-21T03:59:43+00:00","mainEntityOfPage":{"@id":"https:\/\/www.notibras.com\/site\/fantasiar-se-e-terapeutico-dizem-jovens-presentes-em-evento-geek\/"},"wordCount":907,"publisher":{"@id":"https:\/\/www.notibras.com\/site\/#organization"},"image":{"@id":"https:\/\/www.notibras.com\/site\/fantasiar-se-e-terapeutico-dizem-jovens-presentes-em-evento-geek\/#primaryimage"},"thumbnailUrl":"https:\/\/www.notibras.com\/site\/wp-content\/uploads\/2024\/04\/geek.df_.webp","articleSection":["Quadradinho em Foco"],"inLanguage":"pt-BR"},{"@type":"WebPage","@id":"https:\/\/www.notibras.com\/site\/fantasiar-se-e-terapeutico-dizem-jovens-presentes-em-evento-geek\/","url":"https:\/\/www.notibras.com\/site\/fantasiar-se-e-terapeutico-dizem-jovens-presentes-em-evento-geek\/","name":"Fantasiar-se \u00e9 terap\u00eautico, dizem jovens presentes em evento geek - Notibras","isPartOf":{"@id":"https:\/\/www.notibras.com\/site\/#website"},"primaryImageOfPage":{"@id":"https:\/\/www.notibras.com\/site\/fantasiar-se-e-terapeutico-dizem-jovens-presentes-em-evento-geek\/#primaryimage"},"image":{"@id":"https:\/\/www.notibras.com\/site\/fantasiar-se-e-terapeutico-dizem-jovens-presentes-em-evento-geek\/#primaryimage"},"thumbnailUrl":"https:\/\/www.notibras.com\/site\/wp-content\/uploads\/2024\/04\/geek.df_.webp","datePublished":"2024-04-21T03:02:22+00:00","dateModified":"2024-04-21T03:59:43+00:00","breadcrumb":{"@id":"https:\/\/www.notibras.com\/site\/fantasiar-se-e-terapeutico-dizem-jovens-presentes-em-evento-geek\/#breadcrumb"},"inLanguage":"pt-BR","potentialAction":[{"@type":"ReadAction","target":["https:\/\/www.notibras.com\/site\/fantasiar-se-e-terapeutico-dizem-jovens-presentes-em-evento-geek\/"]}]},{"@type":"ImageObject","inLanguage":"pt-BR","@id":"https:\/\/www.notibras.com\/site\/fantasiar-se-e-terapeutico-dizem-jovens-presentes-em-evento-geek\/#primaryimage","url":"https:\/\/www.notibras.com\/site\/wp-content\/uploads\/2024\/04\/geek.df_.webp","contentUrl":"https:\/\/www.notibras.com\/site\/wp-content\/uploads\/2024\/04\/geek.df_.webp","width":1170,"height":700},{"@type":"BreadcrumbList","@id":"https:\/\/www.notibras.com\/site\/fantasiar-se-e-terapeutico-dizem-jovens-presentes-em-evento-geek\/#breadcrumb","itemListElement":[{"@type":"ListItem","position":1,"name":"In\u00edcio","item":"https:\/\/www.notibras.com\/site\/"},{"@type":"ListItem","position":2,"name":"Fantasiar-se \u00e9 terap\u00eautico, dizem jovens presentes em evento geek"}]},{"@type":"WebSite","@id":"https:\/\/www.notibras.com\/site\/#website","url":"https:\/\/www.notibras.com\/site\/","name":"Notibras","description":"Not\u00edcias de Bras\u00edlia, do Brasil e do Mundo","publisher":{"@id":"https:\/\/www.notibras.com\/site\/#organization"},"potentialAction":[{"@type":"SearchAction","target":{"@type":"EntryPoint","urlTemplate":"https:\/\/www.notibras.com\/site\/?s={search_term_string}"},"query-input":{"@type":"PropertyValueSpecification","valueRequired":true,"valueName":"search_term_string"}}],"inLanguage":"pt-BR"},{"@type":"Organization","@id":"https:\/\/www.notibras.com\/site\/#organization","name":"Grupo Notibras de Comunica\u00e7\u00e3o","url":"https:\/\/www.notibras.com\/site\/","logo":{"@type":"ImageObject","inLanguage":"pt-BR","@id":"https:\/\/www.notibras.com\/site\/#\/schema\/logo\/image\/","url":"https:\/\/www.notibras.com\/site\/wp-content\/uploads\/2023\/01\/notibras23.png","contentUrl":"https:\/\/www.notibras.com\/site\/wp-content\/uploads\/2023\/01\/notibras23.png","width":350,"height":87,"caption":"Grupo Notibras de Comunica\u00e7\u00e3o"},"image":{"@id":"https:\/\/www.notibras.com\/site\/#\/schema\/logo\/image\/"},"sameAs":["https:\/\/www.facebook.com\/notibras\/","https:\/\/x.com\/Notibras","https:\/\/www.instagram.com\/notibras\/"]},{"@type":"Person","@id":"https:\/\/www.notibras.com\/site\/#\/schema\/person\/36ab0979449956132d3e5b517ea76ac8","name":"Reda\u00e7\u00e3o","image":{"@type":"ImageObject","inLanguage":"pt-BR","@id":"https:\/\/secure.gravatar.com\/avatar\/e0a867bdedb85fd243eadf09663511f96fc81e0720a4a42581f334ad4303aa6b?s=96&d=mm&r=g","url":"https:\/\/secure.gravatar.com\/avatar\/e0a867bdedb85fd243eadf09663511f96fc81e0720a4a42581f334ad4303aa6b?s=96&d=mm&r=g","contentUrl":"https:\/\/secure.gravatar.com\/avatar\/e0a867bdedb85fd243eadf09663511f96fc81e0720a4a42581f334ad4303aa6b?s=96&d=mm&r=g","caption":"Reda\u00e7\u00e3o"}}]}},"amp_enabled":true,"_links":{"self":[{"href":"https:\/\/www.notibras.com\/site\/wp-json\/wp\/v2\/posts\/327107","targetHints":{"allow":["GET"]}}],"collection":[{"href":"https:\/\/www.notibras.com\/site\/wp-json\/wp\/v2\/posts"}],"about":[{"href":"https:\/\/www.notibras.com\/site\/wp-json\/wp\/v2\/types\/post"}],"author":[{"embeddable":true,"href":"https:\/\/www.notibras.com\/site\/wp-json\/wp\/v2\/users\/2"}],"replies":[{"embeddable":true,"href":"https:\/\/www.notibras.com\/site\/wp-json\/wp\/v2\/comments?post=327107"}],"version-history":[{"count":1,"href":"https:\/\/www.notibras.com\/site\/wp-json\/wp\/v2\/posts\/327107\/revisions"}],"predecessor-version":[{"id":327109,"href":"https:\/\/www.notibras.com\/site\/wp-json\/wp\/v2\/posts\/327107\/revisions\/327109"}],"wp:featuredmedia":[{"embeddable":true,"href":"https:\/\/www.notibras.com\/site\/wp-json\/wp\/v2\/media\/327108"}],"wp:attachment":[{"href":"https:\/\/www.notibras.com\/site\/wp-json\/wp\/v2\/media?parent=327107"}],"wp:term":[{"taxonomy":"category","embeddable":true,"href":"https:\/\/www.notibras.com\/site\/wp-json\/wp\/v2\/categories?post=327107"},{"taxonomy":"post_tag","embeddable":true,"href":"https:\/\/www.notibras.com\/site\/wp-json\/wp\/v2\/tags?post=327107"}],"curies":[{"name":"wp","href":"https:\/\/api.w.org\/{rel}","templated":true}]}}