{"id":327113,"date":"2024-04-21T00:00:00","date_gmt":"2024-04-21T03:00:00","guid":{"rendered":"https:\/\/www.notibras.com\/site\/?p=327113"},"modified":"2024-04-21T01:14:50","modified_gmt":"2024-04-21T04:14:50","slug":"planalto-oferece-a-servidores-da-educacao-reajuste-de-9","status":"publish","type":"post","link":"https:\/\/www.notibras.com\/site\/planalto-oferece-a-servidores-da-educacao-reajuste-de-9\/","title":{"rendered":"Planalto oferece a servidores da educa\u00e7\u00e3o reajuste de 9%"},"content":{"rendered":"<p>O governo federal apresentou proposta de reestrutura\u00e7\u00e3o da carreira dos servidores t\u00e9cnico-administrativos de universidades e institutos federais. As categorias est\u00e3o em greve na UnB e em boa parte do pa\u00eds. Pela proposta, ser\u00e1 concedido aos servidores reajuste de 9%, a partir de janeiro de 2025, e de 3,5%, em maio de 2026. A informa\u00e7\u00e3o foi divulgada pelo Minist\u00e9rio da Gest\u00e3o e da Inova\u00e7\u00e3o em Servi\u00e7os P\u00fablicos (MGI).<\/p>\n<p>Para 2024, o governo j\u00e1 havia formalizado, para todos os servidores federais, proposta de reajuste no aux\u00edlio-alimenta\u00e7\u00e3o, que passaria de R$ 658 para R$ 1 mil (51,9% a mais), de aumento de 51% nos recursos destinados \u00e0 assist\u00eancia \u00e0 sa\u00fade suplementar (aux\u00edlio-sa\u00fade) e de acr\u00e9scimo na assist\u00eancia pr\u00e9-escolar (aux\u00edlio-creche), de R$ 321 para R$ 484,90.<\/p>\n<p>Segundo o minist\u00e9rio, se forem considerados o aumento nos benef\u00edcios e o reajuste de 9% concedido no ano passado, al\u00e9m da proposta feita nesta sexta-feira, os t\u00e9cnicos teriam um reajuste m\u00e9dio global de mais de 20% para a carreira.<\/p>\n<p>De acordo com o MGI, a proposta apresentada nesta sexta-feira inclui ainda a verticaliza\u00e7\u00e3o das carreiras \u201ccom uma matriz \u00fanica com 19 padr\u00f5es; a diminui\u00e7\u00e3o do interst\u00edcio da progress\u00e3o por m\u00e9rito de 18 para 12 meses; a mudan\u00e7a no tempo decorrido at\u00e9 o topo das carreiras, que passa a ser de 18 anos\u201d.<\/p>\n<p><strong>Servidores<\/strong><br \/>\nOs servidores t\u00e9cnico-administrativos da \u00e1rea de educa\u00e7\u00e3o classificaram de \u201cirris\u00f3ria e decepcionante\u201d a proposta apresentada pelo governo federal. Segundo o Sindicato Nacional dos Servidores da Educa\u00e7\u00e3o B\u00e1sica, Profissional e Tecnol\u00f3gica (Sinasefe), as negocia\u00e7\u00f5es pela manh\u00e3 foram dedicadas \u00e0 carreira dos t\u00e9cnicos. Na parte da tarde, segundo ele, a mesa de negocia\u00e7\u00e3o trataria da carreira dos docentes.<\/p>\n<p>Al\u00e9m de reivindicar, inicialmente, uma recomposi\u00e7\u00e3o salarial que varia de 22,71% a 34,32%, dependendo da categoria, os servidores pedem a reestrutura\u00e7\u00e3o das carreiras da \u00e1rea t\u00e9cnico-administrativa e de docentes; a revoga\u00e7\u00e3o de \u201ctodas as normas que prejudicam a educa\u00e7\u00e3o federal aprovadas nos governos Temer e Bolsonaro\u201d, bem como a recomposi\u00e7\u00e3o do or\u00e7amento e o reajuste imediato dos aux\u00edlios e bolsas dos estudantes.<\/p>\n<p>De acordo com o Sinasefe, a tend\u00eancia \u00e9 que a greve continue, pois o termo apresentado pelo governo, at\u00e9 o momento, n\u00e3o recomp\u00f5e sal\u00e1rios nem reestrutura as carreiras. \u201cA proposta do governo foi de um reajuste de 9% para janeiro de 2025 e 3,5% para maio de 2026 . Isso significa a manuten\u00e7\u00e3o do congelamento salarial para 2024\u201d, avalia o sindicato.<\/p>\n<p>A decis\u00e3o dos servidores da \u00e1rea de educa\u00e7\u00e3o ser\u00e1 oficializada ap\u00f3s consulta \u00e0s assembleias locais e apresenta\u00e7\u00e3o durante a plen\u00e1ria nacional, ainda a ser convocada.<\/p>\n","protected":false},"excerpt":{"rendered":"<p>O governo federal apresentou proposta de reestrutura\u00e7\u00e3o da carreira dos servidores t\u00e9cnico-administrativos de universidades e institutos federais. As categorias est\u00e3o em greve na UnB e em boa parte do pa\u00eds. Pela proposta, ser\u00e1 concedido aos servidores reajuste de 9%, a partir de janeiro de 2025, e de 3,5%, em maio de 2026. A informa\u00e7\u00e3o foi [&hellip;]<\/p>\n","protected":false},"author":2,"featured_media":327114,"comment_status":"closed","ping_status":"closed","sticky":false,"template":"","format":"standard","meta":{"_acf_changed":false,"footnotes":""},"categories":[161],"tags":[],"class_list":["post-327113","post","type-post","status-publish","format-standard","has-post-thumbnail","hentry","category-quadradinho-em-foco"],"acf":[],"yoast_head":"<!-- This site is optimized with the Yoast SEO plugin v27.5 - https:\/\/yoast.com\/product\/yoast-seo-wordpress\/ -->\n<title>Planalto oferece a servidores da educa\u00e7\u00e3o reajuste de 9% - Notibras<\/title>\n<meta name=\"robots\" content=\"index, follow, max-snippet:-1, max-image-preview:large, max-video-preview:-1\" \/>\n<link rel=\"canonical\" href=\"https:\/\/www.notibras.com\/site\/planalto-oferece-a-servidores-da-educacao-reajuste-de-9\/\" \/>\n<meta property=\"og:locale\" content=\"pt_BR\" \/>\n<meta property=\"og:type\" content=\"article\" \/>\n<meta property=\"og:title\" content=\"Planalto oferece a servidores da educa\u00e7\u00e3o reajuste de 9% - Notibras\" \/>\n<meta property=\"og:description\" content=\"O governo federal apresentou proposta de reestrutura\u00e7\u00e3o da carreira dos servidores t\u00e9cnico-administrativos de universidades e institutos federais. As categorias est\u00e3o em greve na UnB e em boa parte do pa\u00eds. Pela proposta, ser\u00e1 concedido aos servidores reajuste de 9%, a partir de janeiro de 2025, e de 3,5%, em maio de 2026. A informa\u00e7\u00e3o foi [&hellip;]\" \/>\n<meta property=\"og:url\" content=\"https:\/\/www.notibras.com\/site\/planalto-oferece-a-servidores-da-educacao-reajuste-de-9\/\" \/>\n<meta property=\"og:site_name\" content=\"Notibras\" \/>\n<meta property=\"article:publisher\" content=\"https:\/\/www.facebook.com\/notibras\/\" \/>\n<meta property=\"article:published_time\" content=\"2024-04-21T03:00:00+00:00\" \/>\n<meta property=\"article:modified_time\" content=\"2024-04-21T04:14:50+00:00\" \/>\n<meta property=\"og:image\" content=\"https:\/\/www.notibras.com\/site\/wp-content\/uploads\/2024\/04\/ungreve.webp\" \/>\n\t<meta property=\"og:image:width\" content=\"1170\" \/>\n\t<meta property=\"og:image:height\" content=\"700\" \/>\n\t<meta property=\"og:image:type\" content=\"image\/webp\" \/>\n<meta name=\"author\" content=\"Reda\u00e7\u00e3o\" \/>\n<meta name=\"twitter:card\" content=\"summary_large_image\" \/>\n<meta name=\"twitter:creator\" content=\"@Notibras\" \/>\n<meta name=\"twitter:site\" content=\"@Notibras\" \/>\n<meta name=\"twitter:label1\" content=\"Escrito por\" \/>\n\t<meta name=\"twitter:data1\" content=\"Reda\u00e7\u00e3o\" \/>\n\t<meta name=\"twitter:label2\" content=\"Est. tempo de leitura\" \/>\n\t<meta name=\"twitter:data2\" content=\"3 minutos\" \/>\n<script type=\"application\/ld+json\" class=\"yoast-schema-graph\">{\"@context\":\"https:\\\/\\\/schema.org\",\"@graph\":[{\"@type\":\"Article\",\"@id\":\"https:\\\/\\\/www.notibras.com\\\/site\\\/planalto-oferece-a-servidores-da-educacao-reajuste-de-9\\\/#article\",\"isPartOf\":{\"@id\":\"https:\\\/\\\/www.notibras.com\\\/site\\\/planalto-oferece-a-servidores-da-educacao-reajuste-de-9\\\/\"},\"author\":{\"name\":\"Reda\u00e7\u00e3o\",\"@id\":\"https:\\\/\\\/www.notibras.com\\\/site\\\/#\\\/schema\\\/person\\\/36ab0979449956132d3e5b517ea76ac8\"},\"headline\":\"Planalto oferece a servidores da educa\u00e7\u00e3o reajuste de 9%\",\"datePublished\":\"2024-04-21T03:00:00+00:00\",\"dateModified\":\"2024-04-21T04:14:50+00:00\",\"mainEntityOfPage\":{\"@id\":\"https:\\\/\\\/www.notibras.com\\\/site\\\/planalto-oferece-a-servidores-da-educacao-reajuste-de-9\\\/\"},\"wordCount\":459,\"publisher\":{\"@id\":\"https:\\\/\\\/www.notibras.com\\\/site\\\/#organization\"},\"image\":{\"@id\":\"https:\\\/\\\/www.notibras.com\\\/site\\\/planalto-oferece-a-servidores-da-educacao-reajuste-de-9\\\/#primaryimage\"},\"thumbnailUrl\":\"https:\\\/\\\/www.notibras.com\\\/site\\\/wp-content\\\/uploads\\\/2024\\\/04\\\/ungreve.webp\",\"articleSection\":[\"Quadradinho em Foco\"],\"inLanguage\":\"pt-BR\"},{\"@type\":\"WebPage\",\"@id\":\"https:\\\/\\\/www.notibras.com\\\/site\\\/planalto-oferece-a-servidores-da-educacao-reajuste-de-9\\\/\",\"url\":\"https:\\\/\\\/www.notibras.com\\\/site\\\/planalto-oferece-a-servidores-da-educacao-reajuste-de-9\\\/\",\"name\":\"Planalto oferece a servidores da educa\u00e7\u00e3o reajuste de 9% - Notibras\",\"isPartOf\":{\"@id\":\"https:\\\/\\\/www.notibras.com\\\/site\\\/#website\"},\"primaryImageOfPage\":{\"@id\":\"https:\\\/\\\/www.notibras.com\\\/site\\\/planalto-oferece-a-servidores-da-educacao-reajuste-de-9\\\/#primaryimage\"},\"image\":{\"@id\":\"https:\\\/\\\/www.notibras.com\\\/site\\\/planalto-oferece-a-servidores-da-educacao-reajuste-de-9\\\/#primaryimage\"},\"thumbnailUrl\":\"https:\\\/\\\/www.notibras.com\\\/site\\\/wp-content\\\/uploads\\\/2024\\\/04\\\/ungreve.webp\",\"datePublished\":\"2024-04-21T03:00:00+00:00\",\"dateModified\":\"2024-04-21T04:14:50+00:00\",\"breadcrumb\":{\"@id\":\"https:\\\/\\\/www.notibras.com\\\/site\\\/planalto-oferece-a-servidores-da-educacao-reajuste-de-9\\\/#breadcrumb\"},\"inLanguage\":\"pt-BR\",\"potentialAction\":[{\"@type\":\"ReadAction\",\"target\":[\"https:\\\/\\\/www.notibras.com\\\/site\\\/planalto-oferece-a-servidores-da-educacao-reajuste-de-9\\\/\"]}]},{\"@type\":\"ImageObject\",\"inLanguage\":\"pt-BR\",\"@id\":\"https:\\\/\\\/www.notibras.com\\\/site\\\/planalto-oferece-a-servidores-da-educacao-reajuste-de-9\\\/#primaryimage\",\"url\":\"https:\\\/\\\/www.notibras.com\\\/site\\\/wp-content\\\/uploads\\\/2024\\\/04\\\/ungreve.webp\",\"contentUrl\":\"https:\\\/\\\/www.notibras.com\\\/site\\\/wp-content\\\/uploads\\\/2024\\\/04\\\/ungreve.webp\",\"width\":1170,\"height\":700},{\"@type\":\"BreadcrumbList\",\"@id\":\"https:\\\/\\\/www.notibras.com\\\/site\\\/planalto-oferece-a-servidores-da-educacao-reajuste-de-9\\\/#breadcrumb\",\"itemListElement\":[{\"@type\":\"ListItem\",\"position\":1,\"name\":\"In\u00edcio\",\"item\":\"https:\\\/\\\/www.notibras.com\\\/site\\\/\"},{\"@type\":\"ListItem\",\"position\":2,\"name\":\"Planalto oferece a servidores da educa\u00e7\u00e3o reajuste de 9%\"}]},{\"@type\":\"WebSite\",\"@id\":\"https:\\\/\\\/www.notibras.com\\\/site\\\/#website\",\"url\":\"https:\\\/\\\/www.notibras.com\\\/site\\\/\",\"name\":\"Notibras\",\"description\":\"Not\u00edcias de Bras\u00edlia, do Brasil e do Mundo\",\"publisher\":{\"@id\":\"https:\\\/\\\/www.notibras.com\\\/site\\\/#organization\"},\"potentialAction\":[{\"@type\":\"SearchAction\",\"target\":{\"@type\":\"EntryPoint\",\"urlTemplate\":\"https:\\\/\\\/www.notibras.com\\\/site\\\/?s={search_term_string}\"},\"query-input\":{\"@type\":\"PropertyValueSpecification\",\"valueRequired\":true,\"valueName\":\"search_term_string\"}}],\"inLanguage\":\"pt-BR\"},{\"@type\":\"Organization\",\"@id\":\"https:\\\/\\\/www.notibras.com\\\/site\\\/#organization\",\"name\":\"Grupo Notibras de Comunica\u00e7\u00e3o\",\"url\":\"https:\\\/\\\/www.notibras.com\\\/site\\\/\",\"logo\":{\"@type\":\"ImageObject\",\"inLanguage\":\"pt-BR\",\"@id\":\"https:\\\/\\\/www.notibras.com\\\/site\\\/#\\\/schema\\\/logo\\\/image\\\/\",\"url\":\"https:\\\/\\\/www.notibras.com\\\/site\\\/wp-content\\\/uploads\\\/2023\\\/01\\\/notibras23.png\",\"contentUrl\":\"https:\\\/\\\/www.notibras.com\\\/site\\\/wp-content\\\/uploads\\\/2023\\\/01\\\/notibras23.png\",\"width\":350,\"height\":87,\"caption\":\"Grupo Notibras de Comunica\u00e7\u00e3o\"},\"image\":{\"@id\":\"https:\\\/\\\/www.notibras.com\\\/site\\\/#\\\/schema\\\/logo\\\/image\\\/\"},\"sameAs\":[\"https:\\\/\\\/www.facebook.com\\\/notibras\\\/\",\"https:\\\/\\\/x.com\\\/Notibras\",\"https:\\\/\\\/www.instagram.com\\\/notibras\\\/\"]},{\"@type\":\"Person\",\"@id\":\"https:\\\/\\\/www.notibras.com\\\/site\\\/#\\\/schema\\\/person\\\/36ab0979449956132d3e5b517ea76ac8\",\"name\":\"Reda\u00e7\u00e3o\",\"image\":{\"@type\":\"ImageObject\",\"inLanguage\":\"pt-BR\",\"@id\":\"https:\\\/\\\/secure.gravatar.com\\\/avatar\\\/e0a867bdedb85fd243eadf09663511f96fc81e0720a4a42581f334ad4303aa6b?s=96&d=mm&r=g\",\"url\":\"https:\\\/\\\/secure.gravatar.com\\\/avatar\\\/e0a867bdedb85fd243eadf09663511f96fc81e0720a4a42581f334ad4303aa6b?s=96&d=mm&r=g\",\"contentUrl\":\"https:\\\/\\\/secure.gravatar.com\\\/avatar\\\/e0a867bdedb85fd243eadf09663511f96fc81e0720a4a42581f334ad4303aa6b?s=96&d=mm&r=g\",\"caption\":\"Reda\u00e7\u00e3o\"}}]}<\/script>\n<!-- \/ Yoast SEO plugin. -->","yoast_head_json":{"title":"Planalto oferece a servidores da educa\u00e7\u00e3o reajuste de 9% - Notibras","robots":{"index":"index","follow":"follow","max-snippet":"max-snippet:-1","max-image-preview":"max-image-preview:large","max-video-preview":"max-video-preview:-1"},"canonical":"https:\/\/www.notibras.com\/site\/planalto-oferece-a-servidores-da-educacao-reajuste-de-9\/","og_locale":"pt_BR","og_type":"article","og_title":"Planalto oferece a servidores da educa\u00e7\u00e3o reajuste de 9% - Notibras","og_description":"O governo federal apresentou proposta de reestrutura\u00e7\u00e3o da carreira dos servidores t\u00e9cnico-administrativos de universidades e institutos federais. As categorias est\u00e3o em greve na UnB e em boa parte do pa\u00eds. Pela proposta, ser\u00e1 concedido aos servidores reajuste de 9%, a partir de janeiro de 2025, e de 3,5%, em maio de 2026. A informa\u00e7\u00e3o foi [&hellip;]","og_url":"https:\/\/www.notibras.com\/site\/planalto-oferece-a-servidores-da-educacao-reajuste-de-9\/","og_site_name":"Notibras","article_publisher":"https:\/\/www.facebook.com\/notibras\/","article_published_time":"2024-04-21T03:00:00+00:00","article_modified_time":"2024-04-21T04:14:50+00:00","og_image":[{"width":1170,"height":700,"url":"https:\/\/www.notibras.com\/site\/wp-content\/uploads\/2024\/04\/ungreve.webp","type":"image\/webp"}],"author":"Reda\u00e7\u00e3o","twitter_card":"summary_large_image","twitter_creator":"@Notibras","twitter_site":"@Notibras","twitter_misc":{"Escrito por":"Reda\u00e7\u00e3o","Est. tempo de leitura":"3 minutos"},"schema":{"@context":"https:\/\/schema.org","@graph":[{"@type":"Article","@id":"https:\/\/www.notibras.com\/site\/planalto-oferece-a-servidores-da-educacao-reajuste-de-9\/#article","isPartOf":{"@id":"https:\/\/www.notibras.com\/site\/planalto-oferece-a-servidores-da-educacao-reajuste-de-9\/"},"author":{"name":"Reda\u00e7\u00e3o","@id":"https:\/\/www.notibras.com\/site\/#\/schema\/person\/36ab0979449956132d3e5b517ea76ac8"},"headline":"Planalto oferece a servidores da educa\u00e7\u00e3o reajuste de 9%","datePublished":"2024-04-21T03:00:00+00:00","dateModified":"2024-04-21T04:14:50+00:00","mainEntityOfPage":{"@id":"https:\/\/www.notibras.com\/site\/planalto-oferece-a-servidores-da-educacao-reajuste-de-9\/"},"wordCount":459,"publisher":{"@id":"https:\/\/www.notibras.com\/site\/#organization"},"image":{"@id":"https:\/\/www.notibras.com\/site\/planalto-oferece-a-servidores-da-educacao-reajuste-de-9\/#primaryimage"},"thumbnailUrl":"https:\/\/www.notibras.com\/site\/wp-content\/uploads\/2024\/04\/ungreve.webp","articleSection":["Quadradinho em Foco"],"inLanguage":"pt-BR"},{"@type":"WebPage","@id":"https:\/\/www.notibras.com\/site\/planalto-oferece-a-servidores-da-educacao-reajuste-de-9\/","url":"https:\/\/www.notibras.com\/site\/planalto-oferece-a-servidores-da-educacao-reajuste-de-9\/","name":"Planalto oferece a servidores da educa\u00e7\u00e3o reajuste de 9% - Notibras","isPartOf":{"@id":"https:\/\/www.notibras.com\/site\/#website"},"primaryImageOfPage":{"@id":"https:\/\/www.notibras.com\/site\/planalto-oferece-a-servidores-da-educacao-reajuste-de-9\/#primaryimage"},"image":{"@id":"https:\/\/www.notibras.com\/site\/planalto-oferece-a-servidores-da-educacao-reajuste-de-9\/#primaryimage"},"thumbnailUrl":"https:\/\/www.notibras.com\/site\/wp-content\/uploads\/2024\/04\/ungreve.webp","datePublished":"2024-04-21T03:00:00+00:00","dateModified":"2024-04-21T04:14:50+00:00","breadcrumb":{"@id":"https:\/\/www.notibras.com\/site\/planalto-oferece-a-servidores-da-educacao-reajuste-de-9\/#breadcrumb"},"inLanguage":"pt-BR","potentialAction":[{"@type":"ReadAction","target":["https:\/\/www.notibras.com\/site\/planalto-oferece-a-servidores-da-educacao-reajuste-de-9\/"]}]},{"@type":"ImageObject","inLanguage":"pt-BR","@id":"https:\/\/www.notibras.com\/site\/planalto-oferece-a-servidores-da-educacao-reajuste-de-9\/#primaryimage","url":"https:\/\/www.notibras.com\/site\/wp-content\/uploads\/2024\/04\/ungreve.webp","contentUrl":"https:\/\/www.notibras.com\/site\/wp-content\/uploads\/2024\/04\/ungreve.webp","width":1170,"height":700},{"@type":"BreadcrumbList","@id":"https:\/\/www.notibras.com\/site\/planalto-oferece-a-servidores-da-educacao-reajuste-de-9\/#breadcrumb","itemListElement":[{"@type":"ListItem","position":1,"name":"In\u00edcio","item":"https:\/\/www.notibras.com\/site\/"},{"@type":"ListItem","position":2,"name":"Planalto oferece a servidores da educa\u00e7\u00e3o reajuste de 9%"}]},{"@type":"WebSite","@id":"https:\/\/www.notibras.com\/site\/#website","url":"https:\/\/www.notibras.com\/site\/","name":"Notibras","description":"Not\u00edcias de Bras\u00edlia, do Brasil e do Mundo","publisher":{"@id":"https:\/\/www.notibras.com\/site\/#organization"},"potentialAction":[{"@type":"SearchAction","target":{"@type":"EntryPoint","urlTemplate":"https:\/\/www.notibras.com\/site\/?s={search_term_string}"},"query-input":{"@type":"PropertyValueSpecification","valueRequired":true,"valueName":"search_term_string"}}],"inLanguage":"pt-BR"},{"@type":"Organization","@id":"https:\/\/www.notibras.com\/site\/#organization","name":"Grupo Notibras de Comunica\u00e7\u00e3o","url":"https:\/\/www.notibras.com\/site\/","logo":{"@type":"ImageObject","inLanguage":"pt-BR","@id":"https:\/\/www.notibras.com\/site\/#\/schema\/logo\/image\/","url":"https:\/\/www.notibras.com\/site\/wp-content\/uploads\/2023\/01\/notibras23.png","contentUrl":"https:\/\/www.notibras.com\/site\/wp-content\/uploads\/2023\/01\/notibras23.png","width":350,"height":87,"caption":"Grupo Notibras de Comunica\u00e7\u00e3o"},"image":{"@id":"https:\/\/www.notibras.com\/site\/#\/schema\/logo\/image\/"},"sameAs":["https:\/\/www.facebook.com\/notibras\/","https:\/\/x.com\/Notibras","https:\/\/www.instagram.com\/notibras\/"]},{"@type":"Person","@id":"https:\/\/www.notibras.com\/site\/#\/schema\/person\/36ab0979449956132d3e5b517ea76ac8","name":"Reda\u00e7\u00e3o","image":{"@type":"ImageObject","inLanguage":"pt-BR","@id":"https:\/\/secure.gravatar.com\/avatar\/e0a867bdedb85fd243eadf09663511f96fc81e0720a4a42581f334ad4303aa6b?s=96&d=mm&r=g","url":"https:\/\/secure.gravatar.com\/avatar\/e0a867bdedb85fd243eadf09663511f96fc81e0720a4a42581f334ad4303aa6b?s=96&d=mm&r=g","contentUrl":"https:\/\/secure.gravatar.com\/avatar\/e0a867bdedb85fd243eadf09663511f96fc81e0720a4a42581f334ad4303aa6b?s=96&d=mm&r=g","caption":"Reda\u00e7\u00e3o"}}]}},"amp_enabled":true,"_links":{"self":[{"href":"https:\/\/www.notibras.com\/site\/wp-json\/wp\/v2\/posts\/327113","targetHints":{"allow":["GET"]}}],"collection":[{"href":"https:\/\/www.notibras.com\/site\/wp-json\/wp\/v2\/posts"}],"about":[{"href":"https:\/\/www.notibras.com\/site\/wp-json\/wp\/v2\/types\/post"}],"author":[{"embeddable":true,"href":"https:\/\/www.notibras.com\/site\/wp-json\/wp\/v2\/users\/2"}],"replies":[{"embeddable":true,"href":"https:\/\/www.notibras.com\/site\/wp-json\/wp\/v2\/comments?post=327113"}],"version-history":[{"count":1,"href":"https:\/\/www.notibras.com\/site\/wp-json\/wp\/v2\/posts\/327113\/revisions"}],"predecessor-version":[{"id":327115,"href":"https:\/\/www.notibras.com\/site\/wp-json\/wp\/v2\/posts\/327113\/revisions\/327115"}],"wp:featuredmedia":[{"embeddable":true,"href":"https:\/\/www.notibras.com\/site\/wp-json\/wp\/v2\/media\/327114"}],"wp:attachment":[{"href":"https:\/\/www.notibras.com\/site\/wp-json\/wp\/v2\/media?parent=327113"}],"wp:term":[{"taxonomy":"category","embeddable":true,"href":"https:\/\/www.notibras.com\/site\/wp-json\/wp\/v2\/categories?post=327113"},{"taxonomy":"post_tag","embeddable":true,"href":"https:\/\/www.notibras.com\/site\/wp-json\/wp\/v2\/tags?post=327113"}],"curies":[{"name":"wp","href":"https:\/\/api.w.org\/{rel}","templated":true}]}}