{"id":327116,"date":"2024-04-21T01:25:16","date_gmt":"2024-04-21T04:25:16","guid":{"rendered":"https:\/\/www.notibras.com\/site\/?p=327116"},"modified":"2024-04-21T01:25:16","modified_gmt":"2024-04-21T04:25:16","slug":"jorge-aragao-e-xand-aviao-agitam-a-festa-dos-64-anos-da-cidade","status":"publish","type":"post","link":"https:\/\/www.notibras.com\/site\/jorge-aragao-e-xand-aviao-agitam-a-festa-dos-64-anos-da-cidade\/","title":{"rendered":"Jorge Arag\u00e3o e Xand Avi\u00e3o agitam a festa dos 64 anos da cidade"},"content":{"rendered":"<p>Bras\u00edlia completa 64 anos neste domingo (21) e, para comemorar a data, o Governo do Distrito Federal (GDF) preparou uma programa\u00e7\u00e3o diversificada, gratuita e repleta de atividades para todas as idades, com op\u00e7\u00f5es que v\u00e3o desde eventos culturais at\u00e9 atividades esportivas, com shows e exposi\u00e7\u00f5es.<\/p>\n<p>O grande destaque da agenda do anivers\u00e1rio da capital federal \u00e9 o show de Xand Avi\u00e3o, na estrutura montada no complexo da Torre de TV, a partir das 19h30. Autor de sucessos como Inquilina, Mente pra Mim e Risca Faca, o ex-vocalista da banda Avi\u00f5es do Forr\u00f3 promete uma apresenta\u00e7\u00e3o vibrante nos 64 anos de Bras\u00edlia.<\/p>\n<p>Antes, a partir das 14h, DJs e artistas locais se apresentam no Palco Brasil, na Esplanada dos Minist\u00e9rios. Os shows ocorrem na mesma estrutura da apresenta\u00e7\u00e3o do DJ Alok na noite de s\u00e1bado (20). A regi\u00e3o ainda abriga galp\u00f5es de exposi\u00e7\u00f5es e agricultura familiar, abertos das 10h \u00e0s 18h. Ao lado da Biblioteca Nacional, das 10h \u00e0s 17h, ser\u00e3o realizadas oficinas de break e grafitti, batalha de rima e apresenta\u00e7\u00e3o de break.<\/p>\n<p>A 20 km da Esplanada, na Torre Digital de Bras\u00edlia, quem se apresenta \u00e9 o consagrado sambista Jorge Arag\u00e3o. O \u00edcone da m\u00fasica popular brasileira traz um repert\u00f3rio que conquistou o cora\u00e7\u00e3o dos amantes do samba e do pagode, com m\u00fasicas que fizeram sucesso no grupo Fundo de Quintal e outras marcantes como Eu e voc\u00ea sempre, Malandro, Coisinha do Pai e J\u00e1 \u00e9.<\/p>\n<p><strong>Nas cidades<\/strong><br \/>\nE tem mais m\u00fasica pelas regi\u00f5es administrativas do Distrito Federal. No domingo, Planaltina, Brazl\u00e2ndia e Santa Maria ter\u00e3o apresenta\u00e7\u00f5es das 10h \u00e0s 20h, com DJs, artistas locais e nacionais, al\u00e9m de brinquedoteca infantil, shows e oficinas. Em Taguatinga, ocorre mais uma edi\u00e7\u00e3o da festa da Par\u00f3quia S\u00e3o Jorge e Santo Expedito \u2013 das 19h \u00e0s 23h, o p\u00fablico poder\u00e1 curtir apresenta\u00e7\u00f5es musicais do grupo So\u0301 pra Xamegar e da dupla Alisson &amp; Ariel.<\/p>\n<p>A Pra\u00e7a da Crian\u00e7a, na \u00e1rea central da capital, conta com brinquedos infantis, atividades recreativas, oficinas e apresenta\u00e7\u00f5es das 10h \u00e0s 18h<\/p>\n<p><strong>Para a crian\u00e7ada<\/strong><br \/>\nA Esplanada tamb\u00e9m recebe diversas op\u00e7\u00f5es culturais para a garotada, que poder\u00e1 comemorar o anivers\u00e1rio de Bras\u00edlia com a apresenta\u00e7\u00e3o circense do Circo Khronos, \u00e0s 10h30, 13h e 14h30. Ao longo do dia, a Pra\u00e7a da Crian\u00e7a, na \u00e1rea central da capital, conta com brinquedos infantis, atividades recreativas, oficinas e apresenta\u00e7\u00f5es das 10h \u00e0s 18h.<\/p>\n<p>Oficinas infantis tamb\u00e9m s\u00e3o oferecidas no Cepi Quero Quero, no Recanto das Emas, com o Projeto Cantoar e as Aventuras Encantadas, a partir das 10h. Ainda na regi\u00e3o, at\u00e9 26 de abril, o Instituto Federal de Bras\u00edlia (IFB) realiza, das 8h \u00e0s 12h, oficinas do projeto Cinema \u00e9 Rala\u00e7\u00e3o.<\/p>\n<p><strong>Solenidade c\u00edvica, esporte e cultura<\/strong><br \/>\n\u00c0s 9h, a Pra\u00e7a dos Tr\u00eas Poderes ter\u00e1 a solenidade de substitui\u00e7\u00e3o da bandeira nacional organizada pela Casa Militar do DF. \u00c0s 15h, ocorre a cerim\u00f4nia de outorga da Medalha ao M\u00e9rito Distrital da Cultura Seu Teodoro a 20 personalidades e coletivos no Museu Nacional da Rep\u00fablica.<\/p>\n<p>O Bras\u00edlia Bike Camp ser\u00e1 realizado das 8h \u00e0s 22h, na Torre Digital de Bras\u00edlia. Ser\u00e3o tr\u00eas dias de prova com passeio cicl\u00edstico, \u00e1rea de camping, pra\u00e7a de alimenta\u00e7\u00e3o com food trucks, espa\u00e7o kids, bungee jump e atra\u00e7\u00f5es musicais. J\u00e1 na Esplanada, oficina de skate e muro de escalada completam as atividades esportivas.<\/p>\n<p>Ainda neste domingo, o gramado do Eixo Monumental recebe mais uma etapa nacional do Campeonato de Balonismo, das 14h \u00e0s 18h \u2013 o evento segue at\u00e9 28 de abril.<\/p>\n<p>Confira a programa\u00e7\u00e3o completa do anivers\u00e1rio de Bras\u00edlia neste domingo (21):<\/p>\n<p>Esplanada dos Minist\u00e9rios<\/p>\n<p>\u2192 Setor Arena Show \u2013 Palco Brasil BSB 6.4<br \/>\n14h \u2013 DJ Filipe e Rafaela (m\u00fasicas infantis)<br \/>\n15h \u2013 Celia Porto, com a apresenta\u00e7\u00e3o muscial Samba na Areia<br \/>\n16h \u2013 Luccas Neto<br \/>\n17h30 \u2013 Bloco Eduardo e M\u00f4nica<br \/>\n19h \u2013 DJ Cavalher<br \/>\n19h30 \u2013 Coletivo Criolina (na pir\u00e2mide)<\/p>\n<p>\u2192 Setor de Exposi\u00e7\u00f5es<br \/>\nGalp\u00f5es de exposi\u00e7\u00e3o, Sal\u00e3o da Agricultura Familiar e outros<br \/>\nEm frente ao Museu da Rep\u00fablica<br \/>\nDas 10h \u00e0s 18h<\/p>\n<p>\u2192 Setor Circense<br \/>\nApresenta\u00e7\u00e3o do Circo Khronos<br \/>\nEm frente \u00e0 Biblioteca Nacional<br \/>\n\u00c0s 10h30, 13h e 14h30<br \/>\nAcesso por ordem de chegada, com capacidade m\u00e1xima de 1 mil pessoas por sess\u00e3o<\/p>\n<p>\u2192 Setor Palco Bras\u00edlia e Pra\u00e7a da Crian\u00e7a<br \/>\nShows, brinquedos infantis, atividades recreativas e oficinas<br \/>\nAo lado do Museu da Rep\u00fablica<br \/>\nPrograma\u00e7\u00e3o:<br \/>\n13h \u2013 DJ<br \/>\n14h \u2013 Vitor Lopes<br \/>\n15h \u2013 Samba News<br \/>\n18h \u2013 Dhi Ribeiro e Orquestra Sinf\u00f4nica de Bras\u00edlia<br \/>\n19h \u2013 DJ<br \/>\n20h \u2013 P\u00e9 de Cerrado<\/p>\n<p>\u2192 Setor Pra\u00e7a da Juventude<br \/>\nAo lado da Biblioteca Nacional<br \/>\nDas 10h \u00e0s 18h<\/p>\n<p>\u2022 Skate Mini Ramp e Circuito Street<br \/>\n10h \u2013 DJ e oficina de Skate Mini Ramp<br \/>\n11h \u2013 Pista Skate Mini Ramp liberada<br \/>\n14h \u2013 DJ<br \/>\n15h \u2013 Oficina de Skate Street<br \/>\n16h \u2013 Pista Skate Street liberada<br \/>\n18h \u2013 Encerramento<\/p>\n<p>\u2022 Muro de escalada<br \/>\n10h \u2013 Muro liberado para o p\u00fablico<br \/>\n11h \u2013 Oficina de escalada<br \/>\n12h \u2013 Muro liberado para o p\u00fablico<br \/>\n15h \u2013 Oficina de escalada<br \/>\n16h \u2013 Muro liberado para o p\u00fablico<br \/>\n18h \u2013 Encerramento<\/p>\n<p>\u2022 Graffiti<br \/>\n10h \u2013 Oficina de graffiti<br \/>\n11h \u2013 Pintura de painel<br \/>\n15h \u2013 Oficina de graffiti<br \/>\n16h \u2013 Pintura de painel<br \/>\n18h \u2013 Encerramento<\/p>\n<p>\u2022 Arena de basquete 3\u00d73<br \/>\n10h \u2013 DJ e oficina de basquete<br \/>\n11h \u2013 Oficina de Freestyle Streetball<br \/>\n12h \u2013 Quadra livre<br \/>\n14h \u2013 In\u00edcio dos jogos femininos<br \/>\n15h \u2013 Premia\u00e7\u00e3o do feminino<br \/>\n15h30 \u2013 DJ<br \/>\n16h \u2013 In\u00edcio dos jogos masculinos<br \/>\n17h40 \u2013 Semifinal masculino<br \/>\n18h \u2013 Final masculino<br \/>\n18h30 \u2013 Desafios e pr\u00eamios<br \/>\n19h \u2013 Premia\u00e7\u00e3o masculino<br \/>\n20h \u2013 Encerramento<\/p>\n<p>\u2022 Palco Hip-Hop<br \/>\n10h \u2013 Workshop e oficinas de breaking<br \/>\n14h \u2013 In\u00edcio das batalhas de breaking<br \/>\n15h30 \u2013 Apresenta\u00e7\u00e3o do grupo de dan\u00e7a Black Spin Breakers<br \/>\n16h30 \u2013 Apresenta\u00e7\u00e3o de dan\u00e7a de grupo de charme<br \/>\n17h30 \u2013 DJ e roda livre para o p\u00fablico<br \/>\n18h \u2013 Apresenta\u00e7\u00e3o de artista local<br \/>\n19h \u2013 Rap Voz sem Medo<\/p>\n<p>\u2192 Espa\u00e7o Circomvida<br \/>\nAtividades circenses<br \/>\nDas 10h \u00e0s 16h<\/p>\n<p>Pra\u00e7a dos Tr\u00eas Poderes<br \/>\nSolenidade de substituic\u0327a\u0303o da bandeira nacional<br \/>\n\u00c0s 9h<\/p>\n<p>Museu Nacional da Rep\u00fablica<br \/>\nCerimo\u0302nia de outorga da Medalha do Me\u0301rito Distrital da Cultura Seu Teodoro<br \/>\n\u00c0s 15h<\/p>\n<p>Eixo Monumental<br \/>\n\u2022 Etapa Nacional do Campeonato de Balonismo<br \/>\nNo gramado central<br \/>\nDas 14h a\u0300s 18h<\/p>\n<p>Memorial dos Povos Ind\u00edgenas<br \/>\n\u2022 Espet\u00e1culo infantil Kwat e Jai \u2013 Acalantos Ind\u00edgena<br \/>\nEm frente ao Memorial JK<br \/>\n\u00c0s 16h<\/p>\n<p>\u2192 Complexo da Torre de TV<\/p>\n<p>\u2022 Show do Xand Avi\u00e3o<br \/>\n\u00c0s 19h30<\/p>\n<p>Torre Digital de Bras\u00edlia<br \/>\n\u2022 Maratona Brasi\u0301lia 2024<br \/>\nPercursos de 3km, 5km, 10km, 21km e 42km<br \/>\n\u00c0s 6h<\/p>\n<p>\u2022 Bras\u00edlia Bike Camp 2024<br \/>\nDas 6h a\u0300s 18h<\/p>\n<p>\u2022 Show do Jorge Arag\u00e3o<br \/>\n\u00c0s 18h<\/p>\n<p>Pont\u00e3o do Lago Sul<br \/>\n\u2022 Competic\u0327a\u0303o de Triathlon Challenge Cerrado<br \/>\nDas 6h20 a\u0300s 13h30<\/p>\n<p>Sesc Garagem (Quadra 713\/913)<br \/>\n\u2022 Projeto Cantoar e as Aventura Encantadas<br \/>\n\u00c0s 17h<\/p>\n<p>Recanto das Emas<br \/>\n\u2022 Oficinas Cantoar e as Aventura Encantadas<br \/>\nNo Cepi Quero Quero (Nu\u0301cleo Rural Monjolo)<br \/>\n\u00c0s 10h<\/p>\n<p>\u2022 Oficinas do projeto Cinema e\u0301 Ralac\u0327a\u0303o<br \/>\nNo Instituto Federal de Bras\u00edlia (IFB)<br \/>\nDas 8h a\u0300s 12h<\/p>\n<p>Taguatinga<br \/>\n\u2022 Lazer Pet Stop<br \/>\nNo Taguaparque<br \/>\nDas 8h \u00e0s 18h<\/p>\n<p>\u2022 Festa da Paro\u0301quia Sa\u0303o Jorge e Santo Expedito<br \/>\nQNM 34, AE 5\/6, Taguatinga Norte (ao lado do Shopping JK)<br \/>\nDas 19h \u00e0s 23h<\/p>\n<p>Planaltina<br \/>\n\u2022 Shows com Amanda Amaral e as duplas Heverton &amp; Heverson e Di Paullo &amp; Paulino<br \/>\nNo estacionamento do Espa\u00e7o Multifun\u00e7\u00f5es<br \/>\nA partir das 10h; \u00faltimo show marcado para 20h<\/p>\n<p>Brazl\u00e2ndia<br \/>\n\u2022 Atra\u00e7\u00f5es culturais e show com a cantora Allana Macedo<br \/>\nNa Pra\u00e7a do La\u00e7o<br \/>\nA partir das 10h; \u00faltimo show marcado para 20h<\/p>\n<p>Santa Maria<br \/>\n\u2022 Atra\u00e7\u00f5es culturais e show com a dupla Pedro Paulo &amp; Matheus<br \/>\nNo Quadrad\u00e3o Cultural<br \/>\nA partir das 10h; \u00faltimo show marcado para 20h<\/p>\n","protected":false},"excerpt":{"rendered":"<p>Bras\u00edlia completa 64 anos neste domingo (21) e, para comemorar a data, o Governo do Distrito Federal (GDF) preparou uma programa\u00e7\u00e3o diversificada, gratuita e repleta de atividades para todas as idades, com op\u00e7\u00f5es que v\u00e3o desde eventos culturais at\u00e9 atividades esportivas, com shows e exposi\u00e7\u00f5es. O grande destaque da agenda do anivers\u00e1rio da capital federal [&hellip;]<\/p>\n","protected":false},"author":2,"featured_media":327117,"comment_status":"closed","ping_status":"closed","sticky":false,"template":"","format":"standard","meta":{"_acf_changed":false,"footnotes":""},"categories":[161],"tags":[],"class_list":["post-327116","post","type-post","status-publish","format-standard","has-post-thumbnail","hentry","category-quadradinho-em-foco"],"acf":[],"yoast_head":"<!-- This site is optimized with the Yoast SEO plugin v27.5 - https:\/\/yoast.com\/product\/yoast-seo-wordpress\/ -->\n<title>Jorge Arag\u00e3o e Xand Avi\u00e3o agitam a festa dos 64 anos da cidade - Notibras<\/title>\n<meta name=\"robots\" content=\"index, follow, max-snippet:-1, max-image-preview:large, max-video-preview:-1\" \/>\n<link rel=\"canonical\" href=\"https:\/\/www.notibras.com\/site\/jorge-aragao-e-xand-aviao-agitam-a-festa-dos-64-anos-da-cidade\/\" \/>\n<meta property=\"og:locale\" content=\"pt_BR\" \/>\n<meta property=\"og:type\" content=\"article\" \/>\n<meta property=\"og:title\" content=\"Jorge Arag\u00e3o e Xand Avi\u00e3o agitam a festa dos 64 anos da cidade - Notibras\" \/>\n<meta property=\"og:description\" content=\"Bras\u00edlia completa 64 anos neste domingo (21) e, para comemorar a data, o Governo do Distrito Federal (GDF) preparou uma programa\u00e7\u00e3o diversificada, gratuita e repleta de atividades para todas as idades, com op\u00e7\u00f5es que v\u00e3o desde eventos culturais at\u00e9 atividades esportivas, com shows e exposi\u00e7\u00f5es. O grande destaque da agenda do anivers\u00e1rio da capital federal [&hellip;]\" \/>\n<meta property=\"og:url\" content=\"https:\/\/www.notibras.com\/site\/jorge-aragao-e-xand-aviao-agitam-a-festa-dos-64-anos-da-cidade\/\" \/>\n<meta property=\"og:site_name\" content=\"Notibras\" \/>\n<meta property=\"article:publisher\" content=\"https:\/\/www.facebook.com\/notibras\/\" \/>\n<meta property=\"article:published_time\" content=\"2024-04-21T04:25:16+00:00\" \/>\n<meta property=\"og:image\" content=\"https:\/\/www.notibras.com\/site\/wp-content\/uploads\/2024\/04\/Reproducao-Instagram-2.jpeg\" \/>\n\t<meta property=\"og:image:width\" content=\"1080\" \/>\n\t<meta property=\"og:image:height\" content=\"1078\" \/>\n\t<meta property=\"og:image:type\" content=\"image\/jpeg\" \/>\n<meta name=\"author\" content=\"Reda\u00e7\u00e3o\" \/>\n<meta name=\"twitter:card\" content=\"summary_large_image\" \/>\n<meta name=\"twitter:creator\" content=\"@Notibras\" \/>\n<meta name=\"twitter:site\" content=\"@Notibras\" \/>\n<meta name=\"twitter:label1\" content=\"Escrito por\" \/>\n\t<meta name=\"twitter:data1\" content=\"Reda\u00e7\u00e3o\" \/>\n\t<meta name=\"twitter:label2\" content=\"Est. tempo de leitura\" \/>\n\t<meta name=\"twitter:data2\" content=\"8 minutos\" \/>\n<script type=\"application\/ld+json\" class=\"yoast-schema-graph\">{\"@context\":\"https:\\\/\\\/schema.org\",\"@graph\":[{\"@type\":\"Article\",\"@id\":\"https:\\\/\\\/www.notibras.com\\\/site\\\/jorge-aragao-e-xand-aviao-agitam-a-festa-dos-64-anos-da-cidade\\\/#article\",\"isPartOf\":{\"@id\":\"https:\\\/\\\/www.notibras.com\\\/site\\\/jorge-aragao-e-xand-aviao-agitam-a-festa-dos-64-anos-da-cidade\\\/\"},\"author\":{\"name\":\"Reda\u00e7\u00e3o\",\"@id\":\"https:\\\/\\\/www.notibras.com\\\/site\\\/#\\\/schema\\\/person\\\/36ab0979449956132d3e5b517ea76ac8\"},\"headline\":\"Jorge Arag\u00e3o e Xand Avi\u00e3o agitam a festa dos 64 anos da cidade\",\"datePublished\":\"2024-04-21T04:25:16+00:00\",\"mainEntityOfPage\":{\"@id\":\"https:\\\/\\\/www.notibras.com\\\/site\\\/jorge-aragao-e-xand-aviao-agitam-a-festa-dos-64-anos-da-cidade\\\/\"},\"wordCount\":1336,\"publisher\":{\"@id\":\"https:\\\/\\\/www.notibras.com\\\/site\\\/#organization\"},\"image\":{\"@id\":\"https:\\\/\\\/www.notibras.com\\\/site\\\/jorge-aragao-e-xand-aviao-agitam-a-festa-dos-64-anos-da-cidade\\\/#primaryimage\"},\"thumbnailUrl\":\"https:\\\/\\\/www.notibras.com\\\/site\\\/wp-content\\\/uploads\\\/2024\\\/04\\\/Reproducao-Instagram-2.jpeg\",\"articleSection\":[\"Quadradinho em Foco\"],\"inLanguage\":\"pt-BR\"},{\"@type\":\"WebPage\",\"@id\":\"https:\\\/\\\/www.notibras.com\\\/site\\\/jorge-aragao-e-xand-aviao-agitam-a-festa-dos-64-anos-da-cidade\\\/\",\"url\":\"https:\\\/\\\/www.notibras.com\\\/site\\\/jorge-aragao-e-xand-aviao-agitam-a-festa-dos-64-anos-da-cidade\\\/\",\"name\":\"Jorge Arag\u00e3o e Xand Avi\u00e3o agitam a festa dos 64 anos da cidade - Notibras\",\"isPartOf\":{\"@id\":\"https:\\\/\\\/www.notibras.com\\\/site\\\/#website\"},\"primaryImageOfPage\":{\"@id\":\"https:\\\/\\\/www.notibras.com\\\/site\\\/jorge-aragao-e-xand-aviao-agitam-a-festa-dos-64-anos-da-cidade\\\/#primaryimage\"},\"image\":{\"@id\":\"https:\\\/\\\/www.notibras.com\\\/site\\\/jorge-aragao-e-xand-aviao-agitam-a-festa-dos-64-anos-da-cidade\\\/#primaryimage\"},\"thumbnailUrl\":\"https:\\\/\\\/www.notibras.com\\\/site\\\/wp-content\\\/uploads\\\/2024\\\/04\\\/Reproducao-Instagram-2.jpeg\",\"datePublished\":\"2024-04-21T04:25:16+00:00\",\"breadcrumb\":{\"@id\":\"https:\\\/\\\/www.notibras.com\\\/site\\\/jorge-aragao-e-xand-aviao-agitam-a-festa-dos-64-anos-da-cidade\\\/#breadcrumb\"},\"inLanguage\":\"pt-BR\",\"potentialAction\":[{\"@type\":\"ReadAction\",\"target\":[\"https:\\\/\\\/www.notibras.com\\\/site\\\/jorge-aragao-e-xand-aviao-agitam-a-festa-dos-64-anos-da-cidade\\\/\"]}]},{\"@type\":\"ImageObject\",\"inLanguage\":\"pt-BR\",\"@id\":\"https:\\\/\\\/www.notibras.com\\\/site\\\/jorge-aragao-e-xand-aviao-agitam-a-festa-dos-64-anos-da-cidade\\\/#primaryimage\",\"url\":\"https:\\\/\\\/www.notibras.com\\\/site\\\/wp-content\\\/uploads\\\/2024\\\/04\\\/Reproducao-Instagram-2.jpeg\",\"contentUrl\":\"https:\\\/\\\/www.notibras.com\\\/site\\\/wp-content\\\/uploads\\\/2024\\\/04\\\/Reproducao-Instagram-2.jpeg\",\"width\":1080,\"height\":1078},{\"@type\":\"BreadcrumbList\",\"@id\":\"https:\\\/\\\/www.notibras.com\\\/site\\\/jorge-aragao-e-xand-aviao-agitam-a-festa-dos-64-anos-da-cidade\\\/#breadcrumb\",\"itemListElement\":[{\"@type\":\"ListItem\",\"position\":1,\"name\":\"In\u00edcio\",\"item\":\"https:\\\/\\\/www.notibras.com\\\/site\\\/\"},{\"@type\":\"ListItem\",\"position\":2,\"name\":\"Jorge Arag\u00e3o e Xand Avi\u00e3o agitam a festa dos 64 anos da cidade\"}]},{\"@type\":\"WebSite\",\"@id\":\"https:\\\/\\\/www.notibras.com\\\/site\\\/#website\",\"url\":\"https:\\\/\\\/www.notibras.com\\\/site\\\/\",\"name\":\"Notibras\",\"description\":\"Not\u00edcias de Bras\u00edlia, do Brasil e do Mundo\",\"publisher\":{\"@id\":\"https:\\\/\\\/www.notibras.com\\\/site\\\/#organization\"},\"potentialAction\":[{\"@type\":\"SearchAction\",\"target\":{\"@type\":\"EntryPoint\",\"urlTemplate\":\"https:\\\/\\\/www.notibras.com\\\/site\\\/?s={search_term_string}\"},\"query-input\":{\"@type\":\"PropertyValueSpecification\",\"valueRequired\":true,\"valueName\":\"search_term_string\"}}],\"inLanguage\":\"pt-BR\"},{\"@type\":\"Organization\",\"@id\":\"https:\\\/\\\/www.notibras.com\\\/site\\\/#organization\",\"name\":\"Grupo Notibras de Comunica\u00e7\u00e3o\",\"url\":\"https:\\\/\\\/www.notibras.com\\\/site\\\/\",\"logo\":{\"@type\":\"ImageObject\",\"inLanguage\":\"pt-BR\",\"@id\":\"https:\\\/\\\/www.notibras.com\\\/site\\\/#\\\/schema\\\/logo\\\/image\\\/\",\"url\":\"https:\\\/\\\/www.notibras.com\\\/site\\\/wp-content\\\/uploads\\\/2023\\\/01\\\/notibras23.png\",\"contentUrl\":\"https:\\\/\\\/www.notibras.com\\\/site\\\/wp-content\\\/uploads\\\/2023\\\/01\\\/notibras23.png\",\"width\":350,\"height\":87,\"caption\":\"Grupo Notibras de Comunica\u00e7\u00e3o\"},\"image\":{\"@id\":\"https:\\\/\\\/www.notibras.com\\\/site\\\/#\\\/schema\\\/logo\\\/image\\\/\"},\"sameAs\":[\"https:\\\/\\\/www.facebook.com\\\/notibras\\\/\",\"https:\\\/\\\/x.com\\\/Notibras\",\"https:\\\/\\\/www.instagram.com\\\/notibras\\\/\"]},{\"@type\":\"Person\",\"@id\":\"https:\\\/\\\/www.notibras.com\\\/site\\\/#\\\/schema\\\/person\\\/36ab0979449956132d3e5b517ea76ac8\",\"name\":\"Reda\u00e7\u00e3o\",\"image\":{\"@type\":\"ImageObject\",\"inLanguage\":\"pt-BR\",\"@id\":\"https:\\\/\\\/secure.gravatar.com\\\/avatar\\\/e0a867bdedb85fd243eadf09663511f96fc81e0720a4a42581f334ad4303aa6b?s=96&d=mm&r=g\",\"url\":\"https:\\\/\\\/secure.gravatar.com\\\/avatar\\\/e0a867bdedb85fd243eadf09663511f96fc81e0720a4a42581f334ad4303aa6b?s=96&d=mm&r=g\",\"contentUrl\":\"https:\\\/\\\/secure.gravatar.com\\\/avatar\\\/e0a867bdedb85fd243eadf09663511f96fc81e0720a4a42581f334ad4303aa6b?s=96&d=mm&r=g\",\"caption\":\"Reda\u00e7\u00e3o\"}}]}<\/script>\n<!-- \/ Yoast SEO plugin. -->","yoast_head_json":{"title":"Jorge Arag\u00e3o e Xand Avi\u00e3o agitam a festa dos 64 anos da cidade - Notibras","robots":{"index":"index","follow":"follow","max-snippet":"max-snippet:-1","max-image-preview":"max-image-preview:large","max-video-preview":"max-video-preview:-1"},"canonical":"https:\/\/www.notibras.com\/site\/jorge-aragao-e-xand-aviao-agitam-a-festa-dos-64-anos-da-cidade\/","og_locale":"pt_BR","og_type":"article","og_title":"Jorge Arag\u00e3o e Xand Avi\u00e3o agitam a festa dos 64 anos da cidade - Notibras","og_description":"Bras\u00edlia completa 64 anos neste domingo (21) e, para comemorar a data, o Governo do Distrito Federal (GDF) preparou uma programa\u00e7\u00e3o diversificada, gratuita e repleta de atividades para todas as idades, com op\u00e7\u00f5es que v\u00e3o desde eventos culturais at\u00e9 atividades esportivas, com shows e exposi\u00e7\u00f5es. O grande destaque da agenda do anivers\u00e1rio da capital federal [&hellip;]","og_url":"https:\/\/www.notibras.com\/site\/jorge-aragao-e-xand-aviao-agitam-a-festa-dos-64-anos-da-cidade\/","og_site_name":"Notibras","article_publisher":"https:\/\/www.facebook.com\/notibras\/","article_published_time":"2024-04-21T04:25:16+00:00","og_image":[{"width":1080,"height":1078,"url":"https:\/\/www.notibras.com\/site\/wp-content\/uploads\/2024\/04\/Reproducao-Instagram-2.jpeg","type":"image\/jpeg"}],"author":"Reda\u00e7\u00e3o","twitter_card":"summary_large_image","twitter_creator":"@Notibras","twitter_site":"@Notibras","twitter_misc":{"Escrito por":"Reda\u00e7\u00e3o","Est. tempo de leitura":"8 minutos"},"schema":{"@context":"https:\/\/schema.org","@graph":[{"@type":"Article","@id":"https:\/\/www.notibras.com\/site\/jorge-aragao-e-xand-aviao-agitam-a-festa-dos-64-anos-da-cidade\/#article","isPartOf":{"@id":"https:\/\/www.notibras.com\/site\/jorge-aragao-e-xand-aviao-agitam-a-festa-dos-64-anos-da-cidade\/"},"author":{"name":"Reda\u00e7\u00e3o","@id":"https:\/\/www.notibras.com\/site\/#\/schema\/person\/36ab0979449956132d3e5b517ea76ac8"},"headline":"Jorge Arag\u00e3o e Xand Avi\u00e3o agitam a festa dos 64 anos da cidade","datePublished":"2024-04-21T04:25:16+00:00","mainEntityOfPage":{"@id":"https:\/\/www.notibras.com\/site\/jorge-aragao-e-xand-aviao-agitam-a-festa-dos-64-anos-da-cidade\/"},"wordCount":1336,"publisher":{"@id":"https:\/\/www.notibras.com\/site\/#organization"},"image":{"@id":"https:\/\/www.notibras.com\/site\/jorge-aragao-e-xand-aviao-agitam-a-festa-dos-64-anos-da-cidade\/#primaryimage"},"thumbnailUrl":"https:\/\/www.notibras.com\/site\/wp-content\/uploads\/2024\/04\/Reproducao-Instagram-2.jpeg","articleSection":["Quadradinho em Foco"],"inLanguage":"pt-BR"},{"@type":"WebPage","@id":"https:\/\/www.notibras.com\/site\/jorge-aragao-e-xand-aviao-agitam-a-festa-dos-64-anos-da-cidade\/","url":"https:\/\/www.notibras.com\/site\/jorge-aragao-e-xand-aviao-agitam-a-festa-dos-64-anos-da-cidade\/","name":"Jorge Arag\u00e3o e Xand Avi\u00e3o agitam a festa dos 64 anos da cidade - Notibras","isPartOf":{"@id":"https:\/\/www.notibras.com\/site\/#website"},"primaryImageOfPage":{"@id":"https:\/\/www.notibras.com\/site\/jorge-aragao-e-xand-aviao-agitam-a-festa-dos-64-anos-da-cidade\/#primaryimage"},"image":{"@id":"https:\/\/www.notibras.com\/site\/jorge-aragao-e-xand-aviao-agitam-a-festa-dos-64-anos-da-cidade\/#primaryimage"},"thumbnailUrl":"https:\/\/www.notibras.com\/site\/wp-content\/uploads\/2024\/04\/Reproducao-Instagram-2.jpeg","datePublished":"2024-04-21T04:25:16+00:00","breadcrumb":{"@id":"https:\/\/www.notibras.com\/site\/jorge-aragao-e-xand-aviao-agitam-a-festa-dos-64-anos-da-cidade\/#breadcrumb"},"inLanguage":"pt-BR","potentialAction":[{"@type":"ReadAction","target":["https:\/\/www.notibras.com\/site\/jorge-aragao-e-xand-aviao-agitam-a-festa-dos-64-anos-da-cidade\/"]}]},{"@type":"ImageObject","inLanguage":"pt-BR","@id":"https:\/\/www.notibras.com\/site\/jorge-aragao-e-xand-aviao-agitam-a-festa-dos-64-anos-da-cidade\/#primaryimage","url":"https:\/\/www.notibras.com\/site\/wp-content\/uploads\/2024\/04\/Reproducao-Instagram-2.jpeg","contentUrl":"https:\/\/www.notibras.com\/site\/wp-content\/uploads\/2024\/04\/Reproducao-Instagram-2.jpeg","width":1080,"height":1078},{"@type":"BreadcrumbList","@id":"https:\/\/www.notibras.com\/site\/jorge-aragao-e-xand-aviao-agitam-a-festa-dos-64-anos-da-cidade\/#breadcrumb","itemListElement":[{"@type":"ListItem","position":1,"name":"In\u00edcio","item":"https:\/\/www.notibras.com\/site\/"},{"@type":"ListItem","position":2,"name":"Jorge Arag\u00e3o e Xand Avi\u00e3o agitam a festa dos 64 anos da cidade"}]},{"@type":"WebSite","@id":"https:\/\/www.notibras.com\/site\/#website","url":"https:\/\/www.notibras.com\/site\/","name":"Notibras","description":"Not\u00edcias de Bras\u00edlia, do Brasil e do Mundo","publisher":{"@id":"https:\/\/www.notibras.com\/site\/#organization"},"potentialAction":[{"@type":"SearchAction","target":{"@type":"EntryPoint","urlTemplate":"https:\/\/www.notibras.com\/site\/?s={search_term_string}"},"query-input":{"@type":"PropertyValueSpecification","valueRequired":true,"valueName":"search_term_string"}}],"inLanguage":"pt-BR"},{"@type":"Organization","@id":"https:\/\/www.notibras.com\/site\/#organization","name":"Grupo Notibras de Comunica\u00e7\u00e3o","url":"https:\/\/www.notibras.com\/site\/","logo":{"@type":"ImageObject","inLanguage":"pt-BR","@id":"https:\/\/www.notibras.com\/site\/#\/schema\/logo\/image\/","url":"https:\/\/www.notibras.com\/site\/wp-content\/uploads\/2023\/01\/notibras23.png","contentUrl":"https:\/\/www.notibras.com\/site\/wp-content\/uploads\/2023\/01\/notibras23.png","width":350,"height":87,"caption":"Grupo Notibras de Comunica\u00e7\u00e3o"},"image":{"@id":"https:\/\/www.notibras.com\/site\/#\/schema\/logo\/image\/"},"sameAs":["https:\/\/www.facebook.com\/notibras\/","https:\/\/x.com\/Notibras","https:\/\/www.instagram.com\/notibras\/"]},{"@type":"Person","@id":"https:\/\/www.notibras.com\/site\/#\/schema\/person\/36ab0979449956132d3e5b517ea76ac8","name":"Reda\u00e7\u00e3o","image":{"@type":"ImageObject","inLanguage":"pt-BR","@id":"https:\/\/secure.gravatar.com\/avatar\/e0a867bdedb85fd243eadf09663511f96fc81e0720a4a42581f334ad4303aa6b?s=96&d=mm&r=g","url":"https:\/\/secure.gravatar.com\/avatar\/e0a867bdedb85fd243eadf09663511f96fc81e0720a4a42581f334ad4303aa6b?s=96&d=mm&r=g","contentUrl":"https:\/\/secure.gravatar.com\/avatar\/e0a867bdedb85fd243eadf09663511f96fc81e0720a4a42581f334ad4303aa6b?s=96&d=mm&r=g","caption":"Reda\u00e7\u00e3o"}}]}},"amp_enabled":true,"_links":{"self":[{"href":"https:\/\/www.notibras.com\/site\/wp-json\/wp\/v2\/posts\/327116","targetHints":{"allow":["GET"]}}],"collection":[{"href":"https:\/\/www.notibras.com\/site\/wp-json\/wp\/v2\/posts"}],"about":[{"href":"https:\/\/www.notibras.com\/site\/wp-json\/wp\/v2\/types\/post"}],"author":[{"embeddable":true,"href":"https:\/\/www.notibras.com\/site\/wp-json\/wp\/v2\/users\/2"}],"replies":[{"embeddable":true,"href":"https:\/\/www.notibras.com\/site\/wp-json\/wp\/v2\/comments?post=327116"}],"version-history":[{"count":1,"href":"https:\/\/www.notibras.com\/site\/wp-json\/wp\/v2\/posts\/327116\/revisions"}],"predecessor-version":[{"id":327118,"href":"https:\/\/www.notibras.com\/site\/wp-json\/wp\/v2\/posts\/327116\/revisions\/327118"}],"wp:featuredmedia":[{"embeddable":true,"href":"https:\/\/www.notibras.com\/site\/wp-json\/wp\/v2\/media\/327117"}],"wp:attachment":[{"href":"https:\/\/www.notibras.com\/site\/wp-json\/wp\/v2\/media?parent=327116"}],"wp:term":[{"taxonomy":"category","embeddable":true,"href":"https:\/\/www.notibras.com\/site\/wp-json\/wp\/v2\/categories?post=327116"},{"taxonomy":"post_tag","embeddable":true,"href":"https:\/\/www.notibras.com\/site\/wp-json\/wp\/v2\/tags?post=327116"}],"curies":[{"name":"wp","href":"https:\/\/api.w.org\/{rel}","templated":true}]}}