{"id":327119,"date":"2024-04-21T01:37:32","date_gmt":"2024-04-21T04:37:32","guid":{"rendered":"https:\/\/www.notibras.com\/site\/?p=327119"},"modified":"2024-04-21T01:37:25","modified_gmt":"2024-04-21T04:37:25","slug":"celeiro-de-gente-boa-capital-e-obrigada-a-conviver-com-gente-ma","status":"publish","type":"post","link":"https:\/\/www.notibras.com\/site\/celeiro-de-gente-boa-capital-e-obrigada-a-conviver-com-gente-ma\/","title":{"rendered":"Celeiro de gente boa, capital \u00e9 obrigada a conviver com gente m\u00e1"},"content":{"rendered":"<p>Aproveitando a deixa po\u00e9tica do fil\u00f3sofo baiano Caetano Veloso, alguma coisa aconteceu em meu cora\u00e7\u00e3o quando aportei em Bras\u00edlia. \u201c\u00c9 que quando cheguei por aqui eu nada entendi\u201d. Olhava para um lado buscando minhas esquinas cariocas, mas o que via eram bal\u00f5es, tesourinhas, quebra-molas de quase meio metro e asas de um avi\u00e3o que n\u00e3o voava. N\u00e3o me assustei, mas achei engra\u00e7ado ao cruzar a Asa Norte e a Asa Sul pelo Buraco do Tatu. \u00c9 isso mesmo. Nunca vi o tatu, mas o buraco, devidamente urbanizado e muito bem-sinalizado, faz parte do meu folclore brasiliense. Ele est\u00e1 l\u00e1 at\u00e9 hoje, como se fosse a primeira vis\u00e3o sonhada por Dom Bosco. A pedido de L\u00facio Costa, me acostumei r\u00e1pido a imaginar o c\u00e9u do Planalto como o mar da minha extinta Guanabara;<\/p>\n<p>Troquei a Cidade Maravilhosa pela inspiradora beleza da vastid\u00e3o de Bras\u00edlia. N\u00e3o foi amor \u00e0 primeira vista. Talvez na terceira ou quarta. E da\u00ed se ele \u00e9 eterno? Com 20 anos de vida plena e ainda virginal, Bras\u00edlia despontou para mim em 1984, mais precisamente na virada para 1985. Me instalei pertinho da terra vermelha e ut\u00f3pica do j\u00e1 popularesco Conjunto Nacional, de onde s\u00f3 sa\u00eda para vislumbrar a lua e as estrelas que cobriam a Pra\u00e7a dos Tr\u00eas Poderes. Um dos principais s\u00edmbolos da cidade, a pra\u00e7a era o palco em que o povo se reunia para cobrar melhorias para a vida do \u201cpovo oprimido nas filas, nas vilas e favelas\u201d. Nada mais do que isso. Infelizmente, a Capital e o centro do poder foram descobertos pelos v\u00e2ndalos e pelos golpistas 40 anos depois.<\/p>\n<p>Os pol\u00edticos s\u00e9rios e os sem no\u00e7\u00e3o chegaram antes. Alguns morreram por aqui. Assustam o povo, mas n\u00e3o incomodam tanto quanto o morto-vivo que perambula tentando recuperar o osso. Voltando a 1984, lembro ter passado meu primeiro Ano Novo sentado em um dos bancos de concreto incrustrado entre a mo\u00e7a cega do Judici\u00e1rio e as obras primas do deus da modernidade, Oscar Niemeyer. Mais uma vez parafraseando o mestre Caetano, foi um dif\u00edcil come\u00e7o. Obrigado a encar\u00e1-la frente a frente, aprendi depressa a cham\u00e1-la de minha realidade. Me encantava com os ip\u00eas multicoloridos, mas ainda n\u00e3o havia para mim K\u00e1tia Regina, tampouco os frutos de sua completa sedu\u00e7\u00e3o.<\/p>\n<p>Vim, vi e venci na cidade nascida de um sonho sonhado e criada para sorrir, receber, doar, capitanear e fazer sonhar. N\u00e3o sinto mais falta das minhas esquinas. Bras\u00edlia, esta jovem senhora de 64 anos, me convenceu a ficar. Palco iluminado de intensas transforma\u00e7\u00f5es e repleta de diversidades econ\u00f4micas e sociais, a cidade que viu surgir variadas gera\u00e7\u00f5es de pol\u00edticos e que j\u00e1 enfrentou de tudo um pouco, n\u00e3o merecia receber tantos \u201cpatriotas\u201d servis como recebeu em janeiro de 2023. Foi o pior dos sofrimentos. \u00c9 a chamada ingratid\u00e3o dos homens p\u00fablicos que se acham eternos. Eles chegam, se aboletam, se dizem adoradores do que veem, vencem, se locupletam, enriquecem e, na primeira oportunidade, escarram no prato em que comeram por quatro, dez ou 30 anos.<\/p>\n<p>Assim s\u00e3o as criaturas. Como lobos insaci\u00e1veis, a cada quatro ou oito anos elas tentam transformar o ber\u00e7o de uma nova e robusta civiliza\u00e7\u00e3o em um covil com porteiras escancaradas e vigiadas por brucutus tamb\u00e9m \u00e1vidos pelas sobras do que seria para o povo. Criaturas desprez\u00edveis, pois n\u00e3o respeitam Dom Bosco, Jos\u00e9 Bonif\u00e1cio, Juscelino Kubitschek, Oscar Niemeyer, L\u00facio Costa, Bernardo Say\u00e3o e um Patrim\u00f4nio Cultural da Humanidade sexagen\u00e1rio. O bom da vida \u00e9 que os c\u00e3es ladram, a caravana passa e Bras\u00edlia permanece assexuada, encantadora, livre e democraticamente de todos os brasileiros. De um quase epit\u00e1fio antecipado pela loucura de um espantalho do tipo retirante, a joia do Cerrado deu a volta por cima.<\/p>\n<p>Capital de linhas arquitet\u00f4nicas modernas e com monumentos hist\u00f3ricos de fazer inveja aos mais ricos, ela \u00e9 a ca\u00e7ula do Planalto Central. Famosa pelo misticismo e pelas hist\u00f3rias, gl\u00f3rias, conflitos, amores, desamores, mentiras, panela\u00e7os, apita\u00e7os e estardalha\u00e7os, Bras\u00edlia nem sempre respirou ar puro, mas jamais deixou de expirar oportunidades e acolhimento para diferentes gent\u00edlicos, nacionalidades, etnias, ra\u00e7as, credos e at\u00e9 para forasteiros mal-intencionados. Apoiada em alicerces fortemente democr\u00e1ticos, ela conteve briosamente o terremoto golpista, sobreviveu e se manteve altiva, serena e acolhedora dos poderes, dos poderosos e dos que concedem poderes imerecidos aos que n\u00e3o mereciam estar entre n\u00f3s. Esta \u00e9 a Bras\u00edlia que me trouxe do Rio de Janeiro para nunca mais voltar. Parab\u00e9ns, dona Bras\u00edlia, a m\u00e3e de todas as capitais do Brasil varonil.<\/p>\n<p><strong>*Armando Cardoso \u00e9 presidente do Conselho Editorial de <em>Notibras<\/em><\/strong><\/p>\n","protected":false},"excerpt":{"rendered":"<p>Aproveitando a deixa po\u00e9tica do fil\u00f3sofo baiano Caetano Veloso, alguma coisa aconteceu em meu cora\u00e7\u00e3o quando aportei em Bras\u00edlia. \u201c\u00c9 que quando cheguei por aqui eu nada entendi\u201d. Olhava para um lado buscando minhas esquinas cariocas, mas o que via eram bal\u00f5es, tesourinhas, quebra-molas de quase meio metro e asas de um avi\u00e3o que n\u00e3o [&hellip;]<\/p>\n","protected":false},"author":2,"featured_media":305845,"comment_status":"closed","ping_status":"closed","sticky":false,"template":"","format":"standard","meta":{"_acf_changed":false,"footnotes":""},"categories":[161],"tags":[95],"class_list":["post-327119","post","type-post","status-publish","format-standard","has-post-thumbnail","hentry","category-quadradinho-em-foco","tag-capa"],"acf":[],"yoast_head":"<!-- This site is optimized with the Yoast SEO plugin v27.5 - https:\/\/yoast.com\/product\/yoast-seo-wordpress\/ -->\n<title>Celeiro de gente boa, capital \u00e9 obrigada a conviver com gente m\u00e1 - Notibras<\/title>\n<meta name=\"robots\" content=\"index, follow, max-snippet:-1, max-image-preview:large, max-video-preview:-1\" \/>\n<link rel=\"canonical\" href=\"https:\/\/www.notibras.com\/site\/celeiro-de-gente-boa-capital-e-obrigada-a-conviver-com-gente-ma\/\" \/>\n<meta property=\"og:locale\" content=\"pt_BR\" \/>\n<meta property=\"og:type\" content=\"article\" \/>\n<meta property=\"og:title\" content=\"Celeiro de gente boa, capital \u00e9 obrigada a conviver com gente m\u00e1 - Notibras\" \/>\n<meta property=\"og:description\" content=\"Aproveitando a deixa po\u00e9tica do fil\u00f3sofo baiano Caetano Veloso, alguma coisa aconteceu em meu cora\u00e7\u00e3o quando aportei em Bras\u00edlia. \u201c\u00c9 que quando cheguei por aqui eu nada entendi\u201d. Olhava para um lado buscando minhas esquinas cariocas, mas o que via eram bal\u00f5es, tesourinhas, quebra-molas de quase meio metro e asas de um avi\u00e3o que n\u00e3o [&hellip;]\" \/>\n<meta property=\"og:url\" content=\"https:\/\/www.notibras.com\/site\/celeiro-de-gente-boa-capital-e-obrigada-a-conviver-com-gente-ma\/\" \/>\n<meta property=\"og:site_name\" content=\"Notibras\" \/>\n<meta property=\"article:publisher\" content=\"https:\/\/www.facebook.com\/notibras\/\" \/>\n<meta property=\"article:published_time\" content=\"2024-04-21T04:37:32+00:00\" \/>\n<meta property=\"og:image\" content=\"https:\/\/www.notibras.com\/site\/wp-content\/uploads\/2023\/05\/pzzb0185.jpg\" \/>\n\t<meta property=\"og:image:width\" content=\"1170\" \/>\n\t<meta property=\"og:image:height\" content=\"700\" \/>\n\t<meta property=\"og:image:type\" content=\"image\/jpeg\" \/>\n<meta name=\"author\" content=\"Reda\u00e7\u00e3o\" \/>\n<meta name=\"twitter:card\" content=\"summary_large_image\" \/>\n<meta name=\"twitter:creator\" content=\"@Notibras\" \/>\n<meta name=\"twitter:site\" content=\"@Notibras\" \/>\n<meta name=\"twitter:label1\" content=\"Escrito por\" \/>\n\t<meta name=\"twitter:data1\" content=\"Reda\u00e7\u00e3o\" \/>\n\t<meta name=\"twitter:label2\" content=\"Est. tempo de leitura\" \/>\n\t<meta name=\"twitter:data2\" content=\"5 minutos\" \/>\n<script type=\"application\/ld+json\" class=\"yoast-schema-graph\">{\"@context\":\"https:\\\/\\\/schema.org\",\"@graph\":[{\"@type\":\"Article\",\"@id\":\"https:\\\/\\\/www.notibras.com\\\/site\\\/celeiro-de-gente-boa-capital-e-obrigada-a-conviver-com-gente-ma\\\/#article\",\"isPartOf\":{\"@id\":\"https:\\\/\\\/www.notibras.com\\\/site\\\/celeiro-de-gente-boa-capital-e-obrigada-a-conviver-com-gente-ma\\\/\"},\"author\":{\"name\":\"Reda\u00e7\u00e3o\",\"@id\":\"https:\\\/\\\/www.notibras.com\\\/site\\\/#\\\/schema\\\/person\\\/36ab0979449956132d3e5b517ea76ac8\"},\"headline\":\"Celeiro de gente boa, capital \u00e9 obrigada a conviver com gente m\u00e1\",\"datePublished\":\"2024-04-21T04:37:32+00:00\",\"mainEntityOfPage\":{\"@id\":\"https:\\\/\\\/www.notibras.com\\\/site\\\/celeiro-de-gente-boa-capital-e-obrigada-a-conviver-com-gente-ma\\\/\"},\"wordCount\":824,\"publisher\":{\"@id\":\"https:\\\/\\\/www.notibras.com\\\/site\\\/#organization\"},\"image\":{\"@id\":\"https:\\\/\\\/www.notibras.com\\\/site\\\/celeiro-de-gente-boa-capital-e-obrigada-a-conviver-com-gente-ma\\\/#primaryimage\"},\"thumbnailUrl\":\"https:\\\/\\\/www.notibras.com\\\/site\\\/wp-content\\\/uploads\\\/2023\\\/05\\\/pzzb0185.jpg\",\"keywords\":[\"capa\"],\"articleSection\":[\"Quadradinho em Foco\"],\"inLanguage\":\"pt-BR\"},{\"@type\":\"WebPage\",\"@id\":\"https:\\\/\\\/www.notibras.com\\\/site\\\/celeiro-de-gente-boa-capital-e-obrigada-a-conviver-com-gente-ma\\\/\",\"url\":\"https:\\\/\\\/www.notibras.com\\\/site\\\/celeiro-de-gente-boa-capital-e-obrigada-a-conviver-com-gente-ma\\\/\",\"name\":\"Celeiro de gente boa, capital \u00e9 obrigada a conviver com gente m\u00e1 - Notibras\",\"isPartOf\":{\"@id\":\"https:\\\/\\\/www.notibras.com\\\/site\\\/#website\"},\"primaryImageOfPage\":{\"@id\":\"https:\\\/\\\/www.notibras.com\\\/site\\\/celeiro-de-gente-boa-capital-e-obrigada-a-conviver-com-gente-ma\\\/#primaryimage\"},\"image\":{\"@id\":\"https:\\\/\\\/www.notibras.com\\\/site\\\/celeiro-de-gente-boa-capital-e-obrigada-a-conviver-com-gente-ma\\\/#primaryimage\"},\"thumbnailUrl\":\"https:\\\/\\\/www.notibras.com\\\/site\\\/wp-content\\\/uploads\\\/2023\\\/05\\\/pzzb0185.jpg\",\"datePublished\":\"2024-04-21T04:37:32+00:00\",\"breadcrumb\":{\"@id\":\"https:\\\/\\\/www.notibras.com\\\/site\\\/celeiro-de-gente-boa-capital-e-obrigada-a-conviver-com-gente-ma\\\/#breadcrumb\"},\"inLanguage\":\"pt-BR\",\"potentialAction\":[{\"@type\":\"ReadAction\",\"target\":[\"https:\\\/\\\/www.notibras.com\\\/site\\\/celeiro-de-gente-boa-capital-e-obrigada-a-conviver-com-gente-ma\\\/\"]}]},{\"@type\":\"ImageObject\",\"inLanguage\":\"pt-BR\",\"@id\":\"https:\\\/\\\/www.notibras.com\\\/site\\\/celeiro-de-gente-boa-capital-e-obrigada-a-conviver-com-gente-ma\\\/#primaryimage\",\"url\":\"https:\\\/\\\/www.notibras.com\\\/site\\\/wp-content\\\/uploads\\\/2023\\\/05\\\/pzzb0185.jpg\",\"contentUrl\":\"https:\\\/\\\/www.notibras.com\\\/site\\\/wp-content\\\/uploads\\\/2023\\\/05\\\/pzzb0185.jpg\",\"width\":1170,\"height\":700,\"caption\":\"Bras\u00edlia - 22.05.2023 - Foto da Fachada do Congresso Nacional, em Bras\u00edlia. Foto: Ant\u00f4nio Cruz\\\/ Ag\u00eancia Brasil\"},{\"@type\":\"BreadcrumbList\",\"@id\":\"https:\\\/\\\/www.notibras.com\\\/site\\\/celeiro-de-gente-boa-capital-e-obrigada-a-conviver-com-gente-ma\\\/#breadcrumb\",\"itemListElement\":[{\"@type\":\"ListItem\",\"position\":1,\"name\":\"In\u00edcio\",\"item\":\"https:\\\/\\\/www.notibras.com\\\/site\\\/\"},{\"@type\":\"ListItem\",\"position\":2,\"name\":\"Celeiro de gente boa, capital \u00e9 obrigada a conviver com gente m\u00e1\"}]},{\"@type\":\"WebSite\",\"@id\":\"https:\\\/\\\/www.notibras.com\\\/site\\\/#website\",\"url\":\"https:\\\/\\\/www.notibras.com\\\/site\\\/\",\"name\":\"Notibras\",\"description\":\"Not\u00edcias de Bras\u00edlia, do Brasil e do Mundo\",\"publisher\":{\"@id\":\"https:\\\/\\\/www.notibras.com\\\/site\\\/#organization\"},\"potentialAction\":[{\"@type\":\"SearchAction\",\"target\":{\"@type\":\"EntryPoint\",\"urlTemplate\":\"https:\\\/\\\/www.notibras.com\\\/site\\\/?s={search_term_string}\"},\"query-input\":{\"@type\":\"PropertyValueSpecification\",\"valueRequired\":true,\"valueName\":\"search_term_string\"}}],\"inLanguage\":\"pt-BR\"},{\"@type\":\"Organization\",\"@id\":\"https:\\\/\\\/www.notibras.com\\\/site\\\/#organization\",\"name\":\"Grupo Notibras de Comunica\u00e7\u00e3o\",\"url\":\"https:\\\/\\\/www.notibras.com\\\/site\\\/\",\"logo\":{\"@type\":\"ImageObject\",\"inLanguage\":\"pt-BR\",\"@id\":\"https:\\\/\\\/www.notibras.com\\\/site\\\/#\\\/schema\\\/logo\\\/image\\\/\",\"url\":\"https:\\\/\\\/www.notibras.com\\\/site\\\/wp-content\\\/uploads\\\/2023\\\/01\\\/notibras23.png\",\"contentUrl\":\"https:\\\/\\\/www.notibras.com\\\/site\\\/wp-content\\\/uploads\\\/2023\\\/01\\\/notibras23.png\",\"width\":350,\"height\":87,\"caption\":\"Grupo Notibras de Comunica\u00e7\u00e3o\"},\"image\":{\"@id\":\"https:\\\/\\\/www.notibras.com\\\/site\\\/#\\\/schema\\\/logo\\\/image\\\/\"},\"sameAs\":[\"https:\\\/\\\/www.facebook.com\\\/notibras\\\/\",\"https:\\\/\\\/x.com\\\/Notibras\",\"https:\\\/\\\/www.instagram.com\\\/notibras\\\/\"]},{\"@type\":\"Person\",\"@id\":\"https:\\\/\\\/www.notibras.com\\\/site\\\/#\\\/schema\\\/person\\\/36ab0979449956132d3e5b517ea76ac8\",\"name\":\"Reda\u00e7\u00e3o\",\"image\":{\"@type\":\"ImageObject\",\"inLanguage\":\"pt-BR\",\"@id\":\"https:\\\/\\\/secure.gravatar.com\\\/avatar\\\/e0a867bdedb85fd243eadf09663511f96fc81e0720a4a42581f334ad4303aa6b?s=96&d=mm&r=g\",\"url\":\"https:\\\/\\\/secure.gravatar.com\\\/avatar\\\/e0a867bdedb85fd243eadf09663511f96fc81e0720a4a42581f334ad4303aa6b?s=96&d=mm&r=g\",\"contentUrl\":\"https:\\\/\\\/secure.gravatar.com\\\/avatar\\\/e0a867bdedb85fd243eadf09663511f96fc81e0720a4a42581f334ad4303aa6b?s=96&d=mm&r=g\",\"caption\":\"Reda\u00e7\u00e3o\"}}]}<\/script>\n<!-- \/ Yoast SEO plugin. -->","yoast_head_json":{"title":"Celeiro de gente boa, capital \u00e9 obrigada a conviver com gente m\u00e1 - Notibras","robots":{"index":"index","follow":"follow","max-snippet":"max-snippet:-1","max-image-preview":"max-image-preview:large","max-video-preview":"max-video-preview:-1"},"canonical":"https:\/\/www.notibras.com\/site\/celeiro-de-gente-boa-capital-e-obrigada-a-conviver-com-gente-ma\/","og_locale":"pt_BR","og_type":"article","og_title":"Celeiro de gente boa, capital \u00e9 obrigada a conviver com gente m\u00e1 - Notibras","og_description":"Aproveitando a deixa po\u00e9tica do fil\u00f3sofo baiano Caetano Veloso, alguma coisa aconteceu em meu cora\u00e7\u00e3o quando aportei em Bras\u00edlia. \u201c\u00c9 que quando cheguei por aqui eu nada entendi\u201d. Olhava para um lado buscando minhas esquinas cariocas, mas o que via eram bal\u00f5es, tesourinhas, quebra-molas de quase meio metro e asas de um avi\u00e3o que n\u00e3o [&hellip;]","og_url":"https:\/\/www.notibras.com\/site\/celeiro-de-gente-boa-capital-e-obrigada-a-conviver-com-gente-ma\/","og_site_name":"Notibras","article_publisher":"https:\/\/www.facebook.com\/notibras\/","article_published_time":"2024-04-21T04:37:32+00:00","og_image":[{"width":1170,"height":700,"url":"https:\/\/www.notibras.com\/site\/wp-content\/uploads\/2023\/05\/pzzb0185.jpg","type":"image\/jpeg"}],"author":"Reda\u00e7\u00e3o","twitter_card":"summary_large_image","twitter_creator":"@Notibras","twitter_site":"@Notibras","twitter_misc":{"Escrito por":"Reda\u00e7\u00e3o","Est. tempo de leitura":"5 minutos"},"schema":{"@context":"https:\/\/schema.org","@graph":[{"@type":"Article","@id":"https:\/\/www.notibras.com\/site\/celeiro-de-gente-boa-capital-e-obrigada-a-conviver-com-gente-ma\/#article","isPartOf":{"@id":"https:\/\/www.notibras.com\/site\/celeiro-de-gente-boa-capital-e-obrigada-a-conviver-com-gente-ma\/"},"author":{"name":"Reda\u00e7\u00e3o","@id":"https:\/\/www.notibras.com\/site\/#\/schema\/person\/36ab0979449956132d3e5b517ea76ac8"},"headline":"Celeiro de gente boa, capital \u00e9 obrigada a conviver com gente m\u00e1","datePublished":"2024-04-21T04:37:32+00:00","mainEntityOfPage":{"@id":"https:\/\/www.notibras.com\/site\/celeiro-de-gente-boa-capital-e-obrigada-a-conviver-com-gente-ma\/"},"wordCount":824,"publisher":{"@id":"https:\/\/www.notibras.com\/site\/#organization"},"image":{"@id":"https:\/\/www.notibras.com\/site\/celeiro-de-gente-boa-capital-e-obrigada-a-conviver-com-gente-ma\/#primaryimage"},"thumbnailUrl":"https:\/\/www.notibras.com\/site\/wp-content\/uploads\/2023\/05\/pzzb0185.jpg","keywords":["capa"],"articleSection":["Quadradinho em Foco"],"inLanguage":"pt-BR"},{"@type":"WebPage","@id":"https:\/\/www.notibras.com\/site\/celeiro-de-gente-boa-capital-e-obrigada-a-conviver-com-gente-ma\/","url":"https:\/\/www.notibras.com\/site\/celeiro-de-gente-boa-capital-e-obrigada-a-conviver-com-gente-ma\/","name":"Celeiro de gente boa, capital \u00e9 obrigada a conviver com gente m\u00e1 - Notibras","isPartOf":{"@id":"https:\/\/www.notibras.com\/site\/#website"},"primaryImageOfPage":{"@id":"https:\/\/www.notibras.com\/site\/celeiro-de-gente-boa-capital-e-obrigada-a-conviver-com-gente-ma\/#primaryimage"},"image":{"@id":"https:\/\/www.notibras.com\/site\/celeiro-de-gente-boa-capital-e-obrigada-a-conviver-com-gente-ma\/#primaryimage"},"thumbnailUrl":"https:\/\/www.notibras.com\/site\/wp-content\/uploads\/2023\/05\/pzzb0185.jpg","datePublished":"2024-04-21T04:37:32+00:00","breadcrumb":{"@id":"https:\/\/www.notibras.com\/site\/celeiro-de-gente-boa-capital-e-obrigada-a-conviver-com-gente-ma\/#breadcrumb"},"inLanguage":"pt-BR","potentialAction":[{"@type":"ReadAction","target":["https:\/\/www.notibras.com\/site\/celeiro-de-gente-boa-capital-e-obrigada-a-conviver-com-gente-ma\/"]}]},{"@type":"ImageObject","inLanguage":"pt-BR","@id":"https:\/\/www.notibras.com\/site\/celeiro-de-gente-boa-capital-e-obrigada-a-conviver-com-gente-ma\/#primaryimage","url":"https:\/\/www.notibras.com\/site\/wp-content\/uploads\/2023\/05\/pzzb0185.jpg","contentUrl":"https:\/\/www.notibras.com\/site\/wp-content\/uploads\/2023\/05\/pzzb0185.jpg","width":1170,"height":700,"caption":"Bras\u00edlia - 22.05.2023 - Foto da Fachada do Congresso Nacional, em Bras\u00edlia. Foto: Ant\u00f4nio Cruz\/ Ag\u00eancia Brasil"},{"@type":"BreadcrumbList","@id":"https:\/\/www.notibras.com\/site\/celeiro-de-gente-boa-capital-e-obrigada-a-conviver-com-gente-ma\/#breadcrumb","itemListElement":[{"@type":"ListItem","position":1,"name":"In\u00edcio","item":"https:\/\/www.notibras.com\/site\/"},{"@type":"ListItem","position":2,"name":"Celeiro de gente boa, capital \u00e9 obrigada a conviver com gente m\u00e1"}]},{"@type":"WebSite","@id":"https:\/\/www.notibras.com\/site\/#website","url":"https:\/\/www.notibras.com\/site\/","name":"Notibras","description":"Not\u00edcias de Bras\u00edlia, do Brasil e do Mundo","publisher":{"@id":"https:\/\/www.notibras.com\/site\/#organization"},"potentialAction":[{"@type":"SearchAction","target":{"@type":"EntryPoint","urlTemplate":"https:\/\/www.notibras.com\/site\/?s={search_term_string}"},"query-input":{"@type":"PropertyValueSpecification","valueRequired":true,"valueName":"search_term_string"}}],"inLanguage":"pt-BR"},{"@type":"Organization","@id":"https:\/\/www.notibras.com\/site\/#organization","name":"Grupo Notibras de Comunica\u00e7\u00e3o","url":"https:\/\/www.notibras.com\/site\/","logo":{"@type":"ImageObject","inLanguage":"pt-BR","@id":"https:\/\/www.notibras.com\/site\/#\/schema\/logo\/image\/","url":"https:\/\/www.notibras.com\/site\/wp-content\/uploads\/2023\/01\/notibras23.png","contentUrl":"https:\/\/www.notibras.com\/site\/wp-content\/uploads\/2023\/01\/notibras23.png","width":350,"height":87,"caption":"Grupo Notibras de Comunica\u00e7\u00e3o"},"image":{"@id":"https:\/\/www.notibras.com\/site\/#\/schema\/logo\/image\/"},"sameAs":["https:\/\/www.facebook.com\/notibras\/","https:\/\/x.com\/Notibras","https:\/\/www.instagram.com\/notibras\/"]},{"@type":"Person","@id":"https:\/\/www.notibras.com\/site\/#\/schema\/person\/36ab0979449956132d3e5b517ea76ac8","name":"Reda\u00e7\u00e3o","image":{"@type":"ImageObject","inLanguage":"pt-BR","@id":"https:\/\/secure.gravatar.com\/avatar\/e0a867bdedb85fd243eadf09663511f96fc81e0720a4a42581f334ad4303aa6b?s=96&d=mm&r=g","url":"https:\/\/secure.gravatar.com\/avatar\/e0a867bdedb85fd243eadf09663511f96fc81e0720a4a42581f334ad4303aa6b?s=96&d=mm&r=g","contentUrl":"https:\/\/secure.gravatar.com\/avatar\/e0a867bdedb85fd243eadf09663511f96fc81e0720a4a42581f334ad4303aa6b?s=96&d=mm&r=g","caption":"Reda\u00e7\u00e3o"}}]}},"amp_enabled":true,"_links":{"self":[{"href":"https:\/\/www.notibras.com\/site\/wp-json\/wp\/v2\/posts\/327119","targetHints":{"allow":["GET"]}}],"collection":[{"href":"https:\/\/www.notibras.com\/site\/wp-json\/wp\/v2\/posts"}],"about":[{"href":"https:\/\/www.notibras.com\/site\/wp-json\/wp\/v2\/types\/post"}],"author":[{"embeddable":true,"href":"https:\/\/www.notibras.com\/site\/wp-json\/wp\/v2\/users\/2"}],"replies":[{"embeddable":true,"href":"https:\/\/www.notibras.com\/site\/wp-json\/wp\/v2\/comments?post=327119"}],"version-history":[{"count":1,"href":"https:\/\/www.notibras.com\/site\/wp-json\/wp\/v2\/posts\/327119\/revisions"}],"predecessor-version":[{"id":327120,"href":"https:\/\/www.notibras.com\/site\/wp-json\/wp\/v2\/posts\/327119\/revisions\/327120"}],"wp:featuredmedia":[{"embeddable":true,"href":"https:\/\/www.notibras.com\/site\/wp-json\/wp\/v2\/media\/305845"}],"wp:attachment":[{"href":"https:\/\/www.notibras.com\/site\/wp-json\/wp\/v2\/media?parent=327119"}],"wp:term":[{"taxonomy":"category","embeddable":true,"href":"https:\/\/www.notibras.com\/site\/wp-json\/wp\/v2\/categories?post=327119"},{"taxonomy":"post_tag","embeddable":true,"href":"https:\/\/www.notibras.com\/site\/wp-json\/wp\/v2\/tags?post=327119"}],"curies":[{"name":"wp","href":"https:\/\/api.w.org\/{rel}","templated":true}]}}