{"id":327125,"date":"2024-04-21T02:08:15","date_gmt":"2024-04-21T05:08:15","guid":{"rendered":"https:\/\/www.notibras.com\/site\/?p=327125"},"modified":"2024-04-21T14:36:10","modified_gmt":"2024-04-21T17:36:10","slug":"celina-pensa-em-psicologa-e-delegado-dara-entrevista","status":"publish","type":"post","link":"https:\/\/www.notibras.com\/site\/celina-pensa-em-psicologa-e-delegado-dara-entrevista\/","title":{"rendered":"Celina pensa em psic\u00f3loga e delegado dar\u00e1 entrevista"},"content":{"rendered":"<p>A pol\u00edcia civil foi acionada e, em seguida, l\u00e1 estavam os agentes Mariane, Pedro e Gustavo, respons\u00e1veis pelo caso. A per\u00edcia criminal logo chegou ao local, onde foram tiradas fotografias e o p\u00e9 sem corpo foi meticulosamente depositado em um saco pl\u00e1stico. Foi preciso colocar um cord\u00e3o de isolamento, tamanho o n\u00famero de curiosos que se aglomerou.<\/p>\n<p>Sentada a menos de 10 metros, Celina acariciava sua vira-lata, quando, ent\u00e3o, os policiais se aproximaram. Os olhos arregalados da mulher demonstravam que ela ainda n\u00e3o havia digerido aquela situa\u00e7\u00e3o t\u00e3o traum\u00e1tica. Traum\u00e1tica at\u00e9 demais, diga-se de passagem.<\/p>\n<p>\u2014 Foi a senhora que encontrou o p\u00e9, n\u00e3o foi? &#8211; Mariane perguntou.<\/p>\n<p>\u2014 N\u00e3o. Na verdade, foi a Clarinha.<\/p>\n<p>\u2014 Clarinha? E onde est\u00e1 essa Clarinha?<\/p>\n<p>\u2014 Bem aqui &#8211; Celina apontou para a cachorra.<\/p>\n<p>\u2014 Ah, t\u00e1!<\/p>\n<p>Mariane coletou o depoimento informal de Celina e, em seguida, lhe entregou uma intima\u00e7\u00e3o para que ela comparecesse \u00e0 delegacia na semana seguinte. Apesar de n\u00e3o ser uma testemunha do suposto homic\u00eddio, era, at\u00e9 aquele momento, a primeira ponta da investiga\u00e7\u00e3o.<\/p>\n<p>Assim que foi liberada, a mulher e a vira-lata entraram no ve\u00edculo, estacionado logo ali, e foram embora. Celina, que acordara pensando em correr para manter o corpo em forma, constatou que precisava marcar urgentemente nova consulta com sua psic\u00f3loga. A \u00faltima, de acordo com os seus c\u00e1lculos, havia sido h\u00e1 quase tr\u00eas anos, logo depois que se separou do marido.<\/p>\n<p>Enquanto isso, Mariane, Pedro e Gustavo permaneceram no Parque da Cidade, onde procuraram alguma c\u00e2mera que pudesse ter captado imagens do autor do fato. Nenhuma. Eles precisariam esperar pela per\u00edcia. Talvez alguma digital fosse coletada ou, ent\u00e3o, algu\u00e9m reclamaria por um p\u00e9 desaparecido. Seja como for, a imprensa havia chegado ao local, e os agentes resolveram voltar para a delegacia. Mesmo porque, o delegado Hudson j\u00e1 estava fazendo os \u00faltimos preparativos para a entrevista que iria conceder.<\/p>\n<p><strong>O Cap\u00edtulo III deste folhetim ser\u00e1 publicado na segunda-feira, 22.<\/strong><\/p>\n","protected":false},"excerpt":{"rendered":"<p>A pol\u00edcia civil foi acionada e, em seguida, l\u00e1 estavam os agentes Mariane, Pedro e Gustavo, respons\u00e1veis pelo caso. A per\u00edcia criminal logo chegou ao local, onde foram tiradas fotografias e o p\u00e9 sem corpo foi meticulosamente depositado em um saco pl\u00e1stico. Foi preciso colocar um cord\u00e3o de isolamento, tamanho o n\u00famero de curiosos que [&hellip;]<\/p>\n","protected":false},"author":2,"featured_media":327126,"comment_status":"closed","ping_status":"closed","sticky":false,"template":"","format":"standard","meta":{"_acf_changed":false,"footnotes":""},"categories":[161],"tags":[],"class_list":["post-327125","post","type-post","status-publish","format-standard","has-post-thumbnail","hentry","category-quadradinho-em-foco"],"acf":[],"yoast_head":"<!-- This site is optimized with the Yoast SEO plugin v27.5 - https:\/\/yoast.com\/product\/yoast-seo-wordpress\/ -->\n<title>Celina pensa em psic\u00f3loga e delegado dar\u00e1 entrevista - Notibras<\/title>\n<meta name=\"robots\" content=\"index, follow, max-snippet:-1, max-image-preview:large, max-video-preview:-1\" \/>\n<link rel=\"canonical\" href=\"https:\/\/www.notibras.com\/site\/celina-pensa-em-psicologa-e-delegado-dara-entrevista\/\" \/>\n<meta property=\"og:locale\" content=\"pt_BR\" \/>\n<meta property=\"og:type\" content=\"article\" \/>\n<meta property=\"og:title\" content=\"Celina pensa em psic\u00f3loga e delegado dar\u00e1 entrevista - Notibras\" \/>\n<meta property=\"og:description\" content=\"A pol\u00edcia civil foi acionada e, em seguida, l\u00e1 estavam os agentes Mariane, Pedro e Gustavo, respons\u00e1veis pelo caso. A per\u00edcia criminal logo chegou ao local, onde foram tiradas fotografias e o p\u00e9 sem corpo foi meticulosamente depositado em um saco pl\u00e1stico. Foi preciso colocar um cord\u00e3o de isolamento, tamanho o n\u00famero de curiosos que [&hellip;]\" \/>\n<meta property=\"og:url\" content=\"https:\/\/www.notibras.com\/site\/celina-pensa-em-psicologa-e-delegado-dara-entrevista\/\" \/>\n<meta property=\"og:site_name\" content=\"Notibras\" \/>\n<meta property=\"article:publisher\" content=\"https:\/\/www.facebook.com\/notibras\/\" \/>\n<meta property=\"article:published_time\" content=\"2024-04-21T05:08:15+00:00\" \/>\n<meta property=\"article:modified_time\" content=\"2024-04-21T17:36:10+00:00\" \/>\n<meta property=\"og:image\" content=\"https:\/\/www.notibras.com\/site\/wp-content\/uploads\/2024\/04\/fd0a56f8-e749-4811-8e08-cf3f860fdbd9.jpg\" \/>\n\t<meta property=\"og:image:width\" content=\"1024\" \/>\n\t<meta property=\"og:image:height\" content=\"1024\" \/>\n\t<meta property=\"og:image:type\" content=\"image\/jpeg\" \/>\n<meta name=\"author\" content=\"Reda\u00e7\u00e3o\" \/>\n<meta name=\"twitter:card\" content=\"summary_large_image\" \/>\n<meta name=\"twitter:creator\" content=\"@Notibras\" \/>\n<meta name=\"twitter:site\" content=\"@Notibras\" \/>\n<meta name=\"twitter:label1\" content=\"Escrito por\" \/>\n\t<meta name=\"twitter:data1\" content=\"Reda\u00e7\u00e3o\" \/>\n\t<meta name=\"twitter:label2\" content=\"Est. tempo de leitura\" \/>\n\t<meta name=\"twitter:data2\" content=\"3 minutos\" \/>\n<script type=\"application\/ld+json\" class=\"yoast-schema-graph\">{\"@context\":\"https:\\\/\\\/schema.org\",\"@graph\":[{\"@type\":\"Article\",\"@id\":\"https:\\\/\\\/www.notibras.com\\\/site\\\/celina-pensa-em-psicologa-e-delegado-dara-entrevista\\\/#article\",\"isPartOf\":{\"@id\":\"https:\\\/\\\/www.notibras.com\\\/site\\\/celina-pensa-em-psicologa-e-delegado-dara-entrevista\\\/\"},\"author\":{\"name\":\"Reda\u00e7\u00e3o\",\"@id\":\"https:\\\/\\\/www.notibras.com\\\/site\\\/#\\\/schema\\\/person\\\/36ab0979449956132d3e5b517ea76ac8\"},\"headline\":\"Celina pensa em psic\u00f3loga e delegado dar\u00e1 entrevista\",\"datePublished\":\"2024-04-21T05:08:15+00:00\",\"dateModified\":\"2024-04-21T17:36:10+00:00\",\"mainEntityOfPage\":{\"@id\":\"https:\\\/\\\/www.notibras.com\\\/site\\\/celina-pensa-em-psicologa-e-delegado-dara-entrevista\\\/\"},\"wordCount\":351,\"publisher\":{\"@id\":\"https:\\\/\\\/www.notibras.com\\\/site\\\/#organization\"},\"image\":{\"@id\":\"https:\\\/\\\/www.notibras.com\\\/site\\\/celina-pensa-em-psicologa-e-delegado-dara-entrevista\\\/#primaryimage\"},\"thumbnailUrl\":\"https:\\\/\\\/www.notibras.com\\\/site\\\/wp-content\\\/uploads\\\/2024\\\/04\\\/fd0a56f8-e749-4811-8e08-cf3f860fdbd9.jpg\",\"articleSection\":[\"Quadradinho em Foco\"],\"inLanguage\":\"pt-BR\"},{\"@type\":\"WebPage\",\"@id\":\"https:\\\/\\\/www.notibras.com\\\/site\\\/celina-pensa-em-psicologa-e-delegado-dara-entrevista\\\/\",\"url\":\"https:\\\/\\\/www.notibras.com\\\/site\\\/celina-pensa-em-psicologa-e-delegado-dara-entrevista\\\/\",\"name\":\"Celina pensa em psic\u00f3loga e delegado dar\u00e1 entrevista - Notibras\",\"isPartOf\":{\"@id\":\"https:\\\/\\\/www.notibras.com\\\/site\\\/#website\"},\"primaryImageOfPage\":{\"@id\":\"https:\\\/\\\/www.notibras.com\\\/site\\\/celina-pensa-em-psicologa-e-delegado-dara-entrevista\\\/#primaryimage\"},\"image\":{\"@id\":\"https:\\\/\\\/www.notibras.com\\\/site\\\/celina-pensa-em-psicologa-e-delegado-dara-entrevista\\\/#primaryimage\"},\"thumbnailUrl\":\"https:\\\/\\\/www.notibras.com\\\/site\\\/wp-content\\\/uploads\\\/2024\\\/04\\\/fd0a56f8-e749-4811-8e08-cf3f860fdbd9.jpg\",\"datePublished\":\"2024-04-21T05:08:15+00:00\",\"dateModified\":\"2024-04-21T17:36:10+00:00\",\"breadcrumb\":{\"@id\":\"https:\\\/\\\/www.notibras.com\\\/site\\\/celina-pensa-em-psicologa-e-delegado-dara-entrevista\\\/#breadcrumb\"},\"inLanguage\":\"pt-BR\",\"potentialAction\":[{\"@type\":\"ReadAction\",\"target\":[\"https:\\\/\\\/www.notibras.com\\\/site\\\/celina-pensa-em-psicologa-e-delegado-dara-entrevista\\\/\"]}]},{\"@type\":\"ImageObject\",\"inLanguage\":\"pt-BR\",\"@id\":\"https:\\\/\\\/www.notibras.com\\\/site\\\/celina-pensa-em-psicologa-e-delegado-dara-entrevista\\\/#primaryimage\",\"url\":\"https:\\\/\\\/www.notibras.com\\\/site\\\/wp-content\\\/uploads\\\/2024\\\/04\\\/fd0a56f8-e749-4811-8e08-cf3f860fdbd9.jpg\",\"contentUrl\":\"https:\\\/\\\/www.notibras.com\\\/site\\\/wp-content\\\/uploads\\\/2024\\\/04\\\/fd0a56f8-e749-4811-8e08-cf3f860fdbd9.jpg\",\"width\":1024,\"height\":1024},{\"@type\":\"BreadcrumbList\",\"@id\":\"https:\\\/\\\/www.notibras.com\\\/site\\\/celina-pensa-em-psicologa-e-delegado-dara-entrevista\\\/#breadcrumb\",\"itemListElement\":[{\"@type\":\"ListItem\",\"position\":1,\"name\":\"In\u00edcio\",\"item\":\"https:\\\/\\\/www.notibras.com\\\/site\\\/\"},{\"@type\":\"ListItem\",\"position\":2,\"name\":\"Celina pensa em psic\u00f3loga e delegado dar\u00e1 entrevista\"}]},{\"@type\":\"WebSite\",\"@id\":\"https:\\\/\\\/www.notibras.com\\\/site\\\/#website\",\"url\":\"https:\\\/\\\/www.notibras.com\\\/site\\\/\",\"name\":\"Notibras\",\"description\":\"Not\u00edcias de Bras\u00edlia, do Brasil e do Mundo\",\"publisher\":{\"@id\":\"https:\\\/\\\/www.notibras.com\\\/site\\\/#organization\"},\"potentialAction\":[{\"@type\":\"SearchAction\",\"target\":{\"@type\":\"EntryPoint\",\"urlTemplate\":\"https:\\\/\\\/www.notibras.com\\\/site\\\/?s={search_term_string}\"},\"query-input\":{\"@type\":\"PropertyValueSpecification\",\"valueRequired\":true,\"valueName\":\"search_term_string\"}}],\"inLanguage\":\"pt-BR\"},{\"@type\":\"Organization\",\"@id\":\"https:\\\/\\\/www.notibras.com\\\/site\\\/#organization\",\"name\":\"Grupo Notibras de Comunica\u00e7\u00e3o\",\"url\":\"https:\\\/\\\/www.notibras.com\\\/site\\\/\",\"logo\":{\"@type\":\"ImageObject\",\"inLanguage\":\"pt-BR\",\"@id\":\"https:\\\/\\\/www.notibras.com\\\/site\\\/#\\\/schema\\\/logo\\\/image\\\/\",\"url\":\"https:\\\/\\\/www.notibras.com\\\/site\\\/wp-content\\\/uploads\\\/2023\\\/01\\\/notibras23.png\",\"contentUrl\":\"https:\\\/\\\/www.notibras.com\\\/site\\\/wp-content\\\/uploads\\\/2023\\\/01\\\/notibras23.png\",\"width\":350,\"height\":87,\"caption\":\"Grupo Notibras de Comunica\u00e7\u00e3o\"},\"image\":{\"@id\":\"https:\\\/\\\/www.notibras.com\\\/site\\\/#\\\/schema\\\/logo\\\/image\\\/\"},\"sameAs\":[\"https:\\\/\\\/www.facebook.com\\\/notibras\\\/\",\"https:\\\/\\\/x.com\\\/Notibras\",\"https:\\\/\\\/www.instagram.com\\\/notibras\\\/\"]},{\"@type\":\"Person\",\"@id\":\"https:\\\/\\\/www.notibras.com\\\/site\\\/#\\\/schema\\\/person\\\/36ab0979449956132d3e5b517ea76ac8\",\"name\":\"Reda\u00e7\u00e3o\",\"image\":{\"@type\":\"ImageObject\",\"inLanguage\":\"pt-BR\",\"@id\":\"https:\\\/\\\/secure.gravatar.com\\\/avatar\\\/e0a867bdedb85fd243eadf09663511f96fc81e0720a4a42581f334ad4303aa6b?s=96&d=mm&r=g\",\"url\":\"https:\\\/\\\/secure.gravatar.com\\\/avatar\\\/e0a867bdedb85fd243eadf09663511f96fc81e0720a4a42581f334ad4303aa6b?s=96&d=mm&r=g\",\"contentUrl\":\"https:\\\/\\\/secure.gravatar.com\\\/avatar\\\/e0a867bdedb85fd243eadf09663511f96fc81e0720a4a42581f334ad4303aa6b?s=96&d=mm&r=g\",\"caption\":\"Reda\u00e7\u00e3o\"}}]}<\/script>\n<!-- \/ Yoast SEO plugin. -->","yoast_head_json":{"title":"Celina pensa em psic\u00f3loga e delegado dar\u00e1 entrevista - Notibras","robots":{"index":"index","follow":"follow","max-snippet":"max-snippet:-1","max-image-preview":"max-image-preview:large","max-video-preview":"max-video-preview:-1"},"canonical":"https:\/\/www.notibras.com\/site\/celina-pensa-em-psicologa-e-delegado-dara-entrevista\/","og_locale":"pt_BR","og_type":"article","og_title":"Celina pensa em psic\u00f3loga e delegado dar\u00e1 entrevista - Notibras","og_description":"A pol\u00edcia civil foi acionada e, em seguida, l\u00e1 estavam os agentes Mariane, Pedro e Gustavo, respons\u00e1veis pelo caso. A per\u00edcia criminal logo chegou ao local, onde foram tiradas fotografias e o p\u00e9 sem corpo foi meticulosamente depositado em um saco pl\u00e1stico. Foi preciso colocar um cord\u00e3o de isolamento, tamanho o n\u00famero de curiosos que [&hellip;]","og_url":"https:\/\/www.notibras.com\/site\/celina-pensa-em-psicologa-e-delegado-dara-entrevista\/","og_site_name":"Notibras","article_publisher":"https:\/\/www.facebook.com\/notibras\/","article_published_time":"2024-04-21T05:08:15+00:00","article_modified_time":"2024-04-21T17:36:10+00:00","og_image":[{"width":1024,"height":1024,"url":"https:\/\/www.notibras.com\/site\/wp-content\/uploads\/2024\/04\/fd0a56f8-e749-4811-8e08-cf3f860fdbd9.jpg","type":"image\/jpeg"}],"author":"Reda\u00e7\u00e3o","twitter_card":"summary_large_image","twitter_creator":"@Notibras","twitter_site":"@Notibras","twitter_misc":{"Escrito por":"Reda\u00e7\u00e3o","Est. tempo de leitura":"3 minutos"},"schema":{"@context":"https:\/\/schema.org","@graph":[{"@type":"Article","@id":"https:\/\/www.notibras.com\/site\/celina-pensa-em-psicologa-e-delegado-dara-entrevista\/#article","isPartOf":{"@id":"https:\/\/www.notibras.com\/site\/celina-pensa-em-psicologa-e-delegado-dara-entrevista\/"},"author":{"name":"Reda\u00e7\u00e3o","@id":"https:\/\/www.notibras.com\/site\/#\/schema\/person\/36ab0979449956132d3e5b517ea76ac8"},"headline":"Celina pensa em psic\u00f3loga e delegado dar\u00e1 entrevista","datePublished":"2024-04-21T05:08:15+00:00","dateModified":"2024-04-21T17:36:10+00:00","mainEntityOfPage":{"@id":"https:\/\/www.notibras.com\/site\/celina-pensa-em-psicologa-e-delegado-dara-entrevista\/"},"wordCount":351,"publisher":{"@id":"https:\/\/www.notibras.com\/site\/#organization"},"image":{"@id":"https:\/\/www.notibras.com\/site\/celina-pensa-em-psicologa-e-delegado-dara-entrevista\/#primaryimage"},"thumbnailUrl":"https:\/\/www.notibras.com\/site\/wp-content\/uploads\/2024\/04\/fd0a56f8-e749-4811-8e08-cf3f860fdbd9.jpg","articleSection":["Quadradinho em Foco"],"inLanguage":"pt-BR"},{"@type":"WebPage","@id":"https:\/\/www.notibras.com\/site\/celina-pensa-em-psicologa-e-delegado-dara-entrevista\/","url":"https:\/\/www.notibras.com\/site\/celina-pensa-em-psicologa-e-delegado-dara-entrevista\/","name":"Celina pensa em psic\u00f3loga e delegado dar\u00e1 entrevista - Notibras","isPartOf":{"@id":"https:\/\/www.notibras.com\/site\/#website"},"primaryImageOfPage":{"@id":"https:\/\/www.notibras.com\/site\/celina-pensa-em-psicologa-e-delegado-dara-entrevista\/#primaryimage"},"image":{"@id":"https:\/\/www.notibras.com\/site\/celina-pensa-em-psicologa-e-delegado-dara-entrevista\/#primaryimage"},"thumbnailUrl":"https:\/\/www.notibras.com\/site\/wp-content\/uploads\/2024\/04\/fd0a56f8-e749-4811-8e08-cf3f860fdbd9.jpg","datePublished":"2024-04-21T05:08:15+00:00","dateModified":"2024-04-21T17:36:10+00:00","breadcrumb":{"@id":"https:\/\/www.notibras.com\/site\/celina-pensa-em-psicologa-e-delegado-dara-entrevista\/#breadcrumb"},"inLanguage":"pt-BR","potentialAction":[{"@type":"ReadAction","target":["https:\/\/www.notibras.com\/site\/celina-pensa-em-psicologa-e-delegado-dara-entrevista\/"]}]},{"@type":"ImageObject","inLanguage":"pt-BR","@id":"https:\/\/www.notibras.com\/site\/celina-pensa-em-psicologa-e-delegado-dara-entrevista\/#primaryimage","url":"https:\/\/www.notibras.com\/site\/wp-content\/uploads\/2024\/04\/fd0a56f8-e749-4811-8e08-cf3f860fdbd9.jpg","contentUrl":"https:\/\/www.notibras.com\/site\/wp-content\/uploads\/2024\/04\/fd0a56f8-e749-4811-8e08-cf3f860fdbd9.jpg","width":1024,"height":1024},{"@type":"BreadcrumbList","@id":"https:\/\/www.notibras.com\/site\/celina-pensa-em-psicologa-e-delegado-dara-entrevista\/#breadcrumb","itemListElement":[{"@type":"ListItem","position":1,"name":"In\u00edcio","item":"https:\/\/www.notibras.com\/site\/"},{"@type":"ListItem","position":2,"name":"Celina pensa em psic\u00f3loga e delegado dar\u00e1 entrevista"}]},{"@type":"WebSite","@id":"https:\/\/www.notibras.com\/site\/#website","url":"https:\/\/www.notibras.com\/site\/","name":"Notibras","description":"Not\u00edcias de Bras\u00edlia, do Brasil e do Mundo","publisher":{"@id":"https:\/\/www.notibras.com\/site\/#organization"},"potentialAction":[{"@type":"SearchAction","target":{"@type":"EntryPoint","urlTemplate":"https:\/\/www.notibras.com\/site\/?s={search_term_string}"},"query-input":{"@type":"PropertyValueSpecification","valueRequired":true,"valueName":"search_term_string"}}],"inLanguage":"pt-BR"},{"@type":"Organization","@id":"https:\/\/www.notibras.com\/site\/#organization","name":"Grupo Notibras de Comunica\u00e7\u00e3o","url":"https:\/\/www.notibras.com\/site\/","logo":{"@type":"ImageObject","inLanguage":"pt-BR","@id":"https:\/\/www.notibras.com\/site\/#\/schema\/logo\/image\/","url":"https:\/\/www.notibras.com\/site\/wp-content\/uploads\/2023\/01\/notibras23.png","contentUrl":"https:\/\/www.notibras.com\/site\/wp-content\/uploads\/2023\/01\/notibras23.png","width":350,"height":87,"caption":"Grupo Notibras de Comunica\u00e7\u00e3o"},"image":{"@id":"https:\/\/www.notibras.com\/site\/#\/schema\/logo\/image\/"},"sameAs":["https:\/\/www.facebook.com\/notibras\/","https:\/\/x.com\/Notibras","https:\/\/www.instagram.com\/notibras\/"]},{"@type":"Person","@id":"https:\/\/www.notibras.com\/site\/#\/schema\/person\/36ab0979449956132d3e5b517ea76ac8","name":"Reda\u00e7\u00e3o","image":{"@type":"ImageObject","inLanguage":"pt-BR","@id":"https:\/\/secure.gravatar.com\/avatar\/e0a867bdedb85fd243eadf09663511f96fc81e0720a4a42581f334ad4303aa6b?s=96&d=mm&r=g","url":"https:\/\/secure.gravatar.com\/avatar\/e0a867bdedb85fd243eadf09663511f96fc81e0720a4a42581f334ad4303aa6b?s=96&d=mm&r=g","contentUrl":"https:\/\/secure.gravatar.com\/avatar\/e0a867bdedb85fd243eadf09663511f96fc81e0720a4a42581f334ad4303aa6b?s=96&d=mm&r=g","caption":"Reda\u00e7\u00e3o"}}]}},"amp_enabled":true,"_links":{"self":[{"href":"https:\/\/www.notibras.com\/site\/wp-json\/wp\/v2\/posts\/327125","targetHints":{"allow":["GET"]}}],"collection":[{"href":"https:\/\/www.notibras.com\/site\/wp-json\/wp\/v2\/posts"}],"about":[{"href":"https:\/\/www.notibras.com\/site\/wp-json\/wp\/v2\/types\/post"}],"author":[{"embeddable":true,"href":"https:\/\/www.notibras.com\/site\/wp-json\/wp\/v2\/users\/2"}],"replies":[{"embeddable":true,"href":"https:\/\/www.notibras.com\/site\/wp-json\/wp\/v2\/comments?post=327125"}],"version-history":[{"count":5,"href":"https:\/\/www.notibras.com\/site\/wp-json\/wp\/v2\/posts\/327125\/revisions"}],"predecessor-version":[{"id":327163,"href":"https:\/\/www.notibras.com\/site\/wp-json\/wp\/v2\/posts\/327125\/revisions\/327163"}],"wp:featuredmedia":[{"embeddable":true,"href":"https:\/\/www.notibras.com\/site\/wp-json\/wp\/v2\/media\/327126"}],"wp:attachment":[{"href":"https:\/\/www.notibras.com\/site\/wp-json\/wp\/v2\/media?parent=327125"}],"wp:term":[{"taxonomy":"category","embeddable":true,"href":"https:\/\/www.notibras.com\/site\/wp-json\/wp\/v2\/categories?post=327125"},{"taxonomy":"post_tag","embeddable":true,"href":"https:\/\/www.notibras.com\/site\/wp-json\/wp\/v2\/tags?post=327125"}],"curies":[{"name":"wp","href":"https:\/\/api.w.org\/{rel}","templated":true}]}}