{"id":32716,"date":"2015-01-02T05:57:21","date_gmt":"2015-01-02T08:57:21","guid":{"rendered":"http:\/\/www.notibras.com\/site\/?p=32716"},"modified":"2015-01-02T11:55:49","modified_gmt":"2015-01-02T14:55:49","slug":"berzoini-vai-tocar-regulacao-da-midia-mas-surge-a-duvida-alvos-serao-monopolio-ou-conteudo-editorial","status":"publish","type":"post","link":"https:\/\/www.notibras.com\/site\/berzoini-vai-tocar-regulacao-da-midia-mas-surge-a-duvida-alvos-serao-monopolio-ou-conteudo-editorial\/","title":{"rendered":"Berzoini toca regula\u00e7\u00e3o da m\u00eddia; d\u00favida s\u00e3o os alvos"},"content":{"rendered":"<p>O ministro Ricard Berzoini vai se debru\u00e7ar, nos primeiros dias em que estiver \u00e0 frente da pasta das Comunica\u00e7\u00f5es, sobre o pol\u00eamico tema de regula\u00e7\u00e3o da m\u00eddia. A orienta\u00e7\u00e3o da presidente Dilma Rousseff \u00e9 no sentido de ser enviado um projeto compacto ao Congresso Nacional, para ser aprovado ao longo de 2015.<\/p>\n<p>Os meios de comunica\u00e7\u00e3o, por\u00e9m, est\u00e3o cautelosos. At\u00e9 agora n\u00e3o ficou claro se ser\u00e3o confrontados os monop\u00f3lios, ou se estar\u00e1 buscando uma forma indireta de censurar a imprensa, com um controle mais r\u00edgido do conte\u00fado editorial.<\/p>\n<p>Nos meios jornal\u00edsticos comandados pelos monop\u00f3lios do setor cresce a temida expectativa de que o &#8216;esqueleto&#8217; do projeto de regula\u00e7\u00e3o se inspire na tese defendida pelo ex-ministro da Casa Civil Jos\u00e9 Dirceu. Condenado no Mensal\u00e3o &#8211; em grande parte, diz o petista, por persegui\u00e7\u00e3o da imprensa &#8211; ele veria a regula\u00e7\u00e3o como uma forma de vingan\u00e7a.<\/p>\n<p>Entretanto, asseguram correligion\u00e1rios de Dirceu, n\u00e3o \u00e9 isso que passa pela cabe\u00e7a de um dos principais mentores do ex-presidente Luis In\u00e1cio Lula da Silva. O que ele quer, sim, \u00e9 colocar em pr\u00e1tica dispositivos da Constitui\u00e7\u00e3o de 1988, que continuam na gaveta.<\/p>\n<p>A maior preocupa\u00e7\u00e3o de Jos\u00e9 Dirceu prende-se a curtas passagens da Carta Magna, a saber:<\/p>\n<blockquote><p>1) \u201cOs meios de comunica\u00e7\u00e3o social n\u00e3o podem, direta ou indiretamente, ser objeto de monop\u00f3lio ou oligop\u00f3lio\u201d (art. 220, \u00a7 5\u00ba);<\/p>\n<p>2) As leis federais para regulamenta\u00e7\u00e3o do setor devem \u201cestabelecer os meios legais que garantam \u00e0 pessoa e \u00e0 fam\u00edlia a possibilidade de se defenderem de programas ou programa\u00e7\u00f5es de r\u00e1dio e televis\u00e3o\u201d (art. 220, \u00a7 3\u00ba, inc. II); e<\/p>\n<p>3) \u201cA produ\u00e7\u00e3o e a programa\u00e7\u00e3o das emissoras de r\u00e1dio e televis\u00e3o atender\u00e3o aos seguintes princ\u00edpios: I \u2013 prefer\u00eancia a finalidades educativas, art\u00edsticas, culturais e informativas; II \u2013 promo\u00e7\u00e3o da cultura nacional e regional e est\u00edmulo \u00e0 produ\u00e7\u00e3o independente que objetive sua divulga\u00e7\u00e3o; III \u2013 regionaliza\u00e7\u00e3o da produ\u00e7\u00e3o cultural, art\u00edstica e jornal\u00edstica, conforme percentuais estabelecidos em lei; IV \u2013 respeito aos valores \u00e9ticos e sociais da pessoa e da fam\u00edlia\u201d (art. 221).<\/p><\/blockquote>\n<p>Respeitado esse racioc\u00ednio de Jos\u00e9 Dirceu, regulamentar o funcionamento dos meios de comunica\u00e7\u00e3o social brasileiros n\u00e3o pode ser considerado um atentado \u00e0 liberdade de imprensa ou \u00e0 democracia, porque antes se revela uma necessidade expressa na pr\u00f3pria Constitui\u00e7\u00e3o.<\/p>\n<p>&#8211; Uma necessidade com dimens\u00f5es evidentes nos \u00e2mbitos jur\u00eddicos, pol\u00edticos, sociais, culturais e econ\u00f4micos. Buscar um debate profundo \u2013 na sociedade, no Congresso, nas organiza\u00e7\u00f5es sociais e nos ve\u00edculos de comunica\u00e7\u00e3o \u2013 sobre uma nova lei de m\u00eddia \u00e9 perseguir valiosos princ\u00edpios democr\u00e1ticos em nosso pa\u00eds, sublinha Dirceu em defesa da sua tese..<\/p>\n<p>O pr\u00f3prio ex-chefe da Casa Civil de Lula admite que a condi\u00e7\u00e3o \u00fanica, e sobre a qual h\u00e1 consenso, \u00e9 que a nova legisla\u00e7\u00e3o deve ter como somat\u00f3ria assegurar maior seguran\u00e7a aos agentes econ\u00f4micos, ampliar a competi\u00e7\u00e3o, estimular processos de inova\u00e7\u00e3o e desenvolvimento tecnol\u00f3gico, garantir os direitos dos cidad\u00e3os quando ofendidos em sua honra, multiplicar os meios de oferta de informa\u00e7\u00e3o, valorizar a produ\u00e7\u00e3o regional e promover o conhecimento via comunica\u00e7\u00e3o.<\/p>\n<blockquote><p>Paralelamente \u00e0 decis\u00e3o de Dilma de pedir a Berzoini prioridade ao tema, come\u00e7aram a circular trechos de um artigo de Jos\u00e9 Dirceu, onde ele condena supostas tentativas de ligar a regula\u00e7\u00e3o da m\u00eddia a &#8220;inten\u00e7\u00f5es ocultas de reintroduzir no Pa\u00eds a abomin\u00e1vel pr\u00e1tica da censura&#8221;. Na verdade, o que se pretende, sublinha, \u00e9 abrir espa\u00e7o para discutir de que forma avan\u00e7aremos no caminho do novo marco legal.<\/p><\/blockquote>\n<p>Para sustentar sua teoria, ele lembra como agiram alguns pa\u00edses supostamente \u00e0 frente do Brasil em termos democr\u00e1ticos. No caso, Fran\u00e7a, Portugal, Reino Unido e Estados Unidos, que trabalharam suas legisla\u00e7\u00f5es de comunica\u00e7\u00e3o social tendo em alto valor o estabelecimento de deveres e garantias de direitos .<\/p>\n<p>Na desequilibrada rela\u00e7\u00e3o entre corpora\u00e7\u00f5es de m\u00eddia e cidad\u00e3os, justifica Jos\u00e9 Dirceu, a preocupa\u00e7\u00e3o tem sido a de assegurar os direitos de defesa perante a cal\u00fania e a difama\u00e7\u00e3o que perpetuam a destrui\u00e7\u00e3o de reputa\u00e7\u00f5es e que em nada t\u00eam de exerc\u00edcio da liberdade de express\u00e3o \u2013 tratou-se de criar mecanismos em obedi\u00eancia ao que determina o inc. II do \u00a7 3\u00ba do art. 220 de nossa Constitui\u00e7\u00e3o.<\/p>\n<blockquote><p>Jos\u00e9 Dirceu pode at\u00e9 n\u00e3o pensar em vingan\u00e7a, mas costuma insistir no exemplo brit\u00e2nico de regula\u00e7\u00e3o da m\u00eddia. L\u00e1, a liberdade de imprensa est\u00e1 assegurada pela Lei de Direitos Humanos de 1998. A livre express\u00e3o \u00e9 garantida. Por\u00e9m, por via das d\u00favidas, ao mesmo tempo protege qualquer pessoa em seu direito \u00e0 privacidade e contra qualquer tipo de difama\u00e7\u00e3o por parte dos ve\u00edculos de comunica\u00e7\u00e3o.<\/p><\/blockquote>\n","protected":false},"excerpt":{"rendered":"<p>O ministro Ricard Berzoini vai se debru\u00e7ar, nos primeiros dias em que estiver \u00e0 frente da pasta das Comunica\u00e7\u00f5es, sobre o pol\u00eamico tema de regula\u00e7\u00e3o da m\u00eddia. A orienta\u00e7\u00e3o da presidente Dilma Rousseff \u00e9 no sentido de ser enviado um projeto compacto ao Congresso Nacional, para ser aprovado ao longo de 2015. Os meios de [&hellip;]<\/p>\n","protected":false},"author":2,"featured_media":32717,"comment_status":"open","ping_status":"closed","sticky":false,"template":"","format":"standard","meta":{"_acf_changed":false,"footnotes":""},"categories":[16],"tags":[],"class_list":["post-32716","post","type-post","status-publish","format-standard","has-post-thumbnail","hentry","category-brasil"],"acf":[],"yoast_head":"<!-- This site is optimized with the Yoast SEO plugin v27.2 - https:\/\/yoast.com\/product\/yoast-seo-wordpress\/ -->\n<title>Berzoini toca regula\u00e7\u00e3o da m\u00eddia; d\u00favida s\u00e3o os alvos - Notibras<\/title>\n<meta name=\"robots\" content=\"index, follow, max-snippet:-1, max-image-preview:large, max-video-preview:-1\" \/>\n<link rel=\"canonical\" href=\"https:\/\/www.notibras.com\/site\/berzoini-vai-tocar-regulacao-da-midia-mas-surge-a-duvida-alvos-serao-monopolio-ou-conteudo-editorial\/\" \/>\n<meta property=\"og:locale\" content=\"pt_BR\" \/>\n<meta property=\"og:type\" content=\"article\" \/>\n<meta property=\"og:title\" content=\"Berzoini toca regula\u00e7\u00e3o da m\u00eddia; d\u00favida s\u00e3o os alvos - Notibras\" \/>\n<meta property=\"og:description\" content=\"O ministro Ricard Berzoini vai se debru\u00e7ar, nos primeiros dias em que estiver \u00e0 frente da pasta das Comunica\u00e7\u00f5es, sobre o pol\u00eamico tema de regula\u00e7\u00e3o da m\u00eddia. A orienta\u00e7\u00e3o da presidente Dilma Rousseff \u00e9 no sentido de ser enviado um projeto compacto ao Congresso Nacional, para ser aprovado ao longo de 2015. Os meios de [&hellip;]\" \/>\n<meta property=\"og:url\" content=\"https:\/\/www.notibras.com\/site\/berzoini-vai-tocar-regulacao-da-midia-mas-surge-a-duvida-alvos-serao-monopolio-ou-conteudo-editorial\/\" \/>\n<meta property=\"og:site_name\" content=\"Notibras\" \/>\n<meta property=\"article:publisher\" content=\"https:\/\/www.facebook.com\/notibras\/\" \/>\n<meta property=\"article:published_time\" content=\"2015-01-02T08:57:21+00:00\" \/>\n<meta property=\"article:modified_time\" content=\"2015-01-02T14:55:49+00:00\" \/>\n<meta property=\"og:image\" content=\"https:\/\/www.notibras.com\/site\/wp-content\/uploads\/2015\/01\/14093940.jpeg\" \/>\n\t<meta property=\"og:image:width\" content=\"635\" \/>\n\t<meta property=\"og:image:height\" content=\"474\" \/>\n\t<meta property=\"og:image:type\" content=\"image\/jpeg\" \/>\n<meta name=\"author\" content=\"Reda\u00e7\u00e3o\" \/>\n<meta name=\"twitter:card\" content=\"summary_large_image\" \/>\n<meta name=\"twitter:creator\" content=\"@Notibras\" \/>\n<meta name=\"twitter:site\" content=\"@Notibras\" \/>\n<meta name=\"twitter:label1\" content=\"Escrito por\" \/>\n\t<meta name=\"twitter:data1\" content=\"Reda\u00e7\u00e3o\" \/>\n\t<meta name=\"twitter:label2\" content=\"Est. tempo de leitura\" \/>\n\t<meta name=\"twitter:data2\" content=\"4 minutos\" \/>\n<script type=\"application\/ld+json\" class=\"yoast-schema-graph\">{\"@context\":\"https:\/\/schema.org\",\"@graph\":[{\"@type\":\"Article\",\"@id\":\"https:\/\/www.notibras.com\/site\/berzoini-vai-tocar-regulacao-da-midia-mas-surge-a-duvida-alvos-serao-monopolio-ou-conteudo-editorial\/#article\",\"isPartOf\":{\"@id\":\"https:\/\/www.notibras.com\/site\/berzoini-vai-tocar-regulacao-da-midia-mas-surge-a-duvida-alvos-serao-monopolio-ou-conteudo-editorial\/\"},\"author\":{\"name\":\"Reda\u00e7\u00e3o\",\"@id\":\"https:\/\/www.notibras.com\/site\/#\/schema\/person\/36ab0979449956132d3e5b517ea76ac8\"},\"headline\":\"Berzoini toca regula\u00e7\u00e3o da m\u00eddia; d\u00favida s\u00e3o os alvos\",\"datePublished\":\"2015-01-02T08:57:21+00:00\",\"dateModified\":\"2015-01-02T14:55:49+00:00\",\"mainEntityOfPage\":{\"@id\":\"https:\/\/www.notibras.com\/site\/berzoini-vai-tocar-regulacao-da-midia-mas-surge-a-duvida-alvos-serao-monopolio-ou-conteudo-editorial\/\"},\"wordCount\":839,\"commentCount\":0,\"publisher\":{\"@id\":\"https:\/\/www.notibras.com\/site\/#organization\"},\"image\":{\"@id\":\"https:\/\/www.notibras.com\/site\/berzoini-vai-tocar-regulacao-da-midia-mas-surge-a-duvida-alvos-serao-monopolio-ou-conteudo-editorial\/#primaryimage\"},\"thumbnailUrl\":\"https:\/\/www.notibras.com\/site\/wp-content\/uploads\/2015\/01\/14093940.jpeg\",\"articleSection\":[\"Brasil\"],\"inLanguage\":\"pt-BR\",\"potentialAction\":[{\"@type\":\"CommentAction\",\"name\":\"Comment\",\"target\":[\"https:\/\/www.notibras.com\/site\/berzoini-vai-tocar-regulacao-da-midia-mas-surge-a-duvida-alvos-serao-monopolio-ou-conteudo-editorial\/#respond\"]}]},{\"@type\":\"WebPage\",\"@id\":\"https:\/\/www.notibras.com\/site\/berzoini-vai-tocar-regulacao-da-midia-mas-surge-a-duvida-alvos-serao-monopolio-ou-conteudo-editorial\/\",\"url\":\"https:\/\/www.notibras.com\/site\/berzoini-vai-tocar-regulacao-da-midia-mas-surge-a-duvida-alvos-serao-monopolio-ou-conteudo-editorial\/\",\"name\":\"Berzoini toca regula\u00e7\u00e3o da m\u00eddia; d\u00favida s\u00e3o os alvos - Notibras\",\"isPartOf\":{\"@id\":\"https:\/\/www.notibras.com\/site\/#website\"},\"primaryImageOfPage\":{\"@id\":\"https:\/\/www.notibras.com\/site\/berzoini-vai-tocar-regulacao-da-midia-mas-surge-a-duvida-alvos-serao-monopolio-ou-conteudo-editorial\/#primaryimage\"},\"image\":{\"@id\":\"https:\/\/www.notibras.com\/site\/berzoini-vai-tocar-regulacao-da-midia-mas-surge-a-duvida-alvos-serao-monopolio-ou-conteudo-editorial\/#primaryimage\"},\"thumbnailUrl\":\"https:\/\/www.notibras.com\/site\/wp-content\/uploads\/2015\/01\/14093940.jpeg\",\"datePublished\":\"2015-01-02T08:57:21+00:00\",\"dateModified\":\"2015-01-02T14:55:49+00:00\",\"breadcrumb\":{\"@id\":\"https:\/\/www.notibras.com\/site\/berzoini-vai-tocar-regulacao-da-midia-mas-surge-a-duvida-alvos-serao-monopolio-ou-conteudo-editorial\/#breadcrumb\"},\"inLanguage\":\"pt-BR\",\"potentialAction\":[{\"@type\":\"ReadAction\",\"target\":[\"https:\/\/www.notibras.com\/site\/berzoini-vai-tocar-regulacao-da-midia-mas-surge-a-duvida-alvos-serao-monopolio-ou-conteudo-editorial\/\"]}]},{\"@type\":\"ImageObject\",\"inLanguage\":\"pt-BR\",\"@id\":\"https:\/\/www.notibras.com\/site\/berzoini-vai-tocar-regulacao-da-midia-mas-surge-a-duvida-alvos-serao-monopolio-ou-conteudo-editorial\/#primaryimage\",\"url\":\"https:\/\/www.notibras.com\/site\/wp-content\/uploads\/2015\/01\/14093940.jpeg\",\"contentUrl\":\"https:\/\/www.notibras.com\/site\/wp-content\/uploads\/2015\/01\/14093940.jpeg\",\"width\":635,\"height\":474},{\"@type\":\"BreadcrumbList\",\"@id\":\"https:\/\/www.notibras.com\/site\/berzoini-vai-tocar-regulacao-da-midia-mas-surge-a-duvida-alvos-serao-monopolio-ou-conteudo-editorial\/#breadcrumb\",\"itemListElement\":[{\"@type\":\"ListItem\",\"position\":1,\"name\":\"In\u00edcio\",\"item\":\"https:\/\/www.notibras.com\/site\/\"},{\"@type\":\"ListItem\",\"position\":2,\"name\":\"Berzoini toca regula\u00e7\u00e3o da m\u00eddia; d\u00favida s\u00e3o os alvos\"}]},{\"@type\":\"WebSite\",\"@id\":\"https:\/\/www.notibras.com\/site\/#website\",\"url\":\"https:\/\/www.notibras.com\/site\/\",\"name\":\"Notibras\",\"description\":\"Not\u00edcias de Bras\u00edlia, do Brasil e do Mundo\",\"publisher\":{\"@id\":\"https:\/\/www.notibras.com\/site\/#organization\"},\"potentialAction\":[{\"@type\":\"SearchAction\",\"target\":{\"@type\":\"EntryPoint\",\"urlTemplate\":\"https:\/\/www.notibras.com\/site\/?s={search_term_string}\"},\"query-input\":{\"@type\":\"PropertyValueSpecification\",\"valueRequired\":true,\"valueName\":\"search_term_string\"}}],\"inLanguage\":\"pt-BR\"},{\"@type\":\"Organization\",\"@id\":\"https:\/\/www.notibras.com\/site\/#organization\",\"name\":\"Grupo Notibras de Comunica\u00e7\u00e3o\",\"url\":\"https:\/\/www.notibras.com\/site\/\",\"logo\":{\"@type\":\"ImageObject\",\"inLanguage\":\"pt-BR\",\"@id\":\"https:\/\/www.notibras.com\/site\/#\/schema\/logo\/image\/\",\"url\":\"https:\/\/www.notibras.com\/site\/wp-content\/uploads\/2023\/01\/notibras23.png\",\"contentUrl\":\"https:\/\/www.notibras.com\/site\/wp-content\/uploads\/2023\/01\/notibras23.png\",\"width\":350,\"height\":87,\"caption\":\"Grupo Notibras de Comunica\u00e7\u00e3o\"},\"image\":{\"@id\":\"https:\/\/www.notibras.com\/site\/#\/schema\/logo\/image\/\"},\"sameAs\":[\"https:\/\/www.facebook.com\/notibras\/\",\"https:\/\/x.com\/Notibras\",\"https:\/\/www.instagram.com\/notibras\/\"]},{\"@type\":\"Person\",\"@id\":\"https:\/\/www.notibras.com\/site\/#\/schema\/person\/36ab0979449956132d3e5b517ea76ac8\",\"name\":\"Reda\u00e7\u00e3o\",\"image\":{\"@type\":\"ImageObject\",\"inLanguage\":\"pt-BR\",\"@id\":\"https:\/\/secure.gravatar.com\/avatar\/e0a867bdedb85fd243eadf09663511f96fc81e0720a4a42581f334ad4303aa6b?s=96&d=mm&r=g\",\"url\":\"https:\/\/secure.gravatar.com\/avatar\/e0a867bdedb85fd243eadf09663511f96fc81e0720a4a42581f334ad4303aa6b?s=96&d=mm&r=g\",\"contentUrl\":\"https:\/\/secure.gravatar.com\/avatar\/e0a867bdedb85fd243eadf09663511f96fc81e0720a4a42581f334ad4303aa6b?s=96&d=mm&r=g\",\"caption\":\"Reda\u00e7\u00e3o\"}}]}<\/script>\n<!-- \/ Yoast SEO plugin. -->","yoast_head_json":{"title":"Berzoini toca regula\u00e7\u00e3o da m\u00eddia; d\u00favida s\u00e3o os alvos - Notibras","robots":{"index":"index","follow":"follow","max-snippet":"max-snippet:-1","max-image-preview":"max-image-preview:large","max-video-preview":"max-video-preview:-1"},"canonical":"https:\/\/www.notibras.com\/site\/berzoini-vai-tocar-regulacao-da-midia-mas-surge-a-duvida-alvos-serao-monopolio-ou-conteudo-editorial\/","og_locale":"pt_BR","og_type":"article","og_title":"Berzoini toca regula\u00e7\u00e3o da m\u00eddia; d\u00favida s\u00e3o os alvos - Notibras","og_description":"O ministro Ricard Berzoini vai se debru\u00e7ar, nos primeiros dias em que estiver \u00e0 frente da pasta das Comunica\u00e7\u00f5es, sobre o pol\u00eamico tema de regula\u00e7\u00e3o da m\u00eddia. A orienta\u00e7\u00e3o da presidente Dilma Rousseff \u00e9 no sentido de ser enviado um projeto compacto ao Congresso Nacional, para ser aprovado ao longo de 2015. Os meios de [&hellip;]","og_url":"https:\/\/www.notibras.com\/site\/berzoini-vai-tocar-regulacao-da-midia-mas-surge-a-duvida-alvos-serao-monopolio-ou-conteudo-editorial\/","og_site_name":"Notibras","article_publisher":"https:\/\/www.facebook.com\/notibras\/","article_published_time":"2015-01-02T08:57:21+00:00","article_modified_time":"2015-01-02T14:55:49+00:00","og_image":[{"width":635,"height":474,"url":"https:\/\/www.notibras.com\/site\/wp-content\/uploads\/2015\/01\/14093940.jpeg","type":"image\/jpeg"}],"author":"Reda\u00e7\u00e3o","twitter_card":"summary_large_image","twitter_creator":"@Notibras","twitter_site":"@Notibras","twitter_misc":{"Escrito por":"Reda\u00e7\u00e3o","Est. tempo de leitura":"4 minutos"},"schema":{"@context":"https:\/\/schema.org","@graph":[{"@type":"Article","@id":"https:\/\/www.notibras.com\/site\/berzoini-vai-tocar-regulacao-da-midia-mas-surge-a-duvida-alvos-serao-monopolio-ou-conteudo-editorial\/#article","isPartOf":{"@id":"https:\/\/www.notibras.com\/site\/berzoini-vai-tocar-regulacao-da-midia-mas-surge-a-duvida-alvos-serao-monopolio-ou-conteudo-editorial\/"},"author":{"name":"Reda\u00e7\u00e3o","@id":"https:\/\/www.notibras.com\/site\/#\/schema\/person\/36ab0979449956132d3e5b517ea76ac8"},"headline":"Berzoini toca regula\u00e7\u00e3o da m\u00eddia; d\u00favida s\u00e3o os alvos","datePublished":"2015-01-02T08:57:21+00:00","dateModified":"2015-01-02T14:55:49+00:00","mainEntityOfPage":{"@id":"https:\/\/www.notibras.com\/site\/berzoini-vai-tocar-regulacao-da-midia-mas-surge-a-duvida-alvos-serao-monopolio-ou-conteudo-editorial\/"},"wordCount":839,"commentCount":0,"publisher":{"@id":"https:\/\/www.notibras.com\/site\/#organization"},"image":{"@id":"https:\/\/www.notibras.com\/site\/berzoini-vai-tocar-regulacao-da-midia-mas-surge-a-duvida-alvos-serao-monopolio-ou-conteudo-editorial\/#primaryimage"},"thumbnailUrl":"https:\/\/www.notibras.com\/site\/wp-content\/uploads\/2015\/01\/14093940.jpeg","articleSection":["Brasil"],"inLanguage":"pt-BR","potentialAction":[{"@type":"CommentAction","name":"Comment","target":["https:\/\/www.notibras.com\/site\/berzoini-vai-tocar-regulacao-da-midia-mas-surge-a-duvida-alvos-serao-monopolio-ou-conteudo-editorial\/#respond"]}]},{"@type":"WebPage","@id":"https:\/\/www.notibras.com\/site\/berzoini-vai-tocar-regulacao-da-midia-mas-surge-a-duvida-alvos-serao-monopolio-ou-conteudo-editorial\/","url":"https:\/\/www.notibras.com\/site\/berzoini-vai-tocar-regulacao-da-midia-mas-surge-a-duvida-alvos-serao-monopolio-ou-conteudo-editorial\/","name":"Berzoini toca regula\u00e7\u00e3o da m\u00eddia; d\u00favida s\u00e3o os alvos - Notibras","isPartOf":{"@id":"https:\/\/www.notibras.com\/site\/#website"},"primaryImageOfPage":{"@id":"https:\/\/www.notibras.com\/site\/berzoini-vai-tocar-regulacao-da-midia-mas-surge-a-duvida-alvos-serao-monopolio-ou-conteudo-editorial\/#primaryimage"},"image":{"@id":"https:\/\/www.notibras.com\/site\/berzoini-vai-tocar-regulacao-da-midia-mas-surge-a-duvida-alvos-serao-monopolio-ou-conteudo-editorial\/#primaryimage"},"thumbnailUrl":"https:\/\/www.notibras.com\/site\/wp-content\/uploads\/2015\/01\/14093940.jpeg","datePublished":"2015-01-02T08:57:21+00:00","dateModified":"2015-01-02T14:55:49+00:00","breadcrumb":{"@id":"https:\/\/www.notibras.com\/site\/berzoini-vai-tocar-regulacao-da-midia-mas-surge-a-duvida-alvos-serao-monopolio-ou-conteudo-editorial\/#breadcrumb"},"inLanguage":"pt-BR","potentialAction":[{"@type":"ReadAction","target":["https:\/\/www.notibras.com\/site\/berzoini-vai-tocar-regulacao-da-midia-mas-surge-a-duvida-alvos-serao-monopolio-ou-conteudo-editorial\/"]}]},{"@type":"ImageObject","inLanguage":"pt-BR","@id":"https:\/\/www.notibras.com\/site\/berzoini-vai-tocar-regulacao-da-midia-mas-surge-a-duvida-alvos-serao-monopolio-ou-conteudo-editorial\/#primaryimage","url":"https:\/\/www.notibras.com\/site\/wp-content\/uploads\/2015\/01\/14093940.jpeg","contentUrl":"https:\/\/www.notibras.com\/site\/wp-content\/uploads\/2015\/01\/14093940.jpeg","width":635,"height":474},{"@type":"BreadcrumbList","@id":"https:\/\/www.notibras.com\/site\/berzoini-vai-tocar-regulacao-da-midia-mas-surge-a-duvida-alvos-serao-monopolio-ou-conteudo-editorial\/#breadcrumb","itemListElement":[{"@type":"ListItem","position":1,"name":"In\u00edcio","item":"https:\/\/www.notibras.com\/site\/"},{"@type":"ListItem","position":2,"name":"Berzoini toca regula\u00e7\u00e3o da m\u00eddia; d\u00favida s\u00e3o os alvos"}]},{"@type":"WebSite","@id":"https:\/\/www.notibras.com\/site\/#website","url":"https:\/\/www.notibras.com\/site\/","name":"Notibras","description":"Not\u00edcias de Bras\u00edlia, do Brasil e do Mundo","publisher":{"@id":"https:\/\/www.notibras.com\/site\/#organization"},"potentialAction":[{"@type":"SearchAction","target":{"@type":"EntryPoint","urlTemplate":"https:\/\/www.notibras.com\/site\/?s={search_term_string}"},"query-input":{"@type":"PropertyValueSpecification","valueRequired":true,"valueName":"search_term_string"}}],"inLanguage":"pt-BR"},{"@type":"Organization","@id":"https:\/\/www.notibras.com\/site\/#organization","name":"Grupo Notibras de Comunica\u00e7\u00e3o","url":"https:\/\/www.notibras.com\/site\/","logo":{"@type":"ImageObject","inLanguage":"pt-BR","@id":"https:\/\/www.notibras.com\/site\/#\/schema\/logo\/image\/","url":"https:\/\/www.notibras.com\/site\/wp-content\/uploads\/2023\/01\/notibras23.png","contentUrl":"https:\/\/www.notibras.com\/site\/wp-content\/uploads\/2023\/01\/notibras23.png","width":350,"height":87,"caption":"Grupo Notibras de Comunica\u00e7\u00e3o"},"image":{"@id":"https:\/\/www.notibras.com\/site\/#\/schema\/logo\/image\/"},"sameAs":["https:\/\/www.facebook.com\/notibras\/","https:\/\/x.com\/Notibras","https:\/\/www.instagram.com\/notibras\/"]},{"@type":"Person","@id":"https:\/\/www.notibras.com\/site\/#\/schema\/person\/36ab0979449956132d3e5b517ea76ac8","name":"Reda\u00e7\u00e3o","image":{"@type":"ImageObject","inLanguage":"pt-BR","@id":"https:\/\/secure.gravatar.com\/avatar\/e0a867bdedb85fd243eadf09663511f96fc81e0720a4a42581f334ad4303aa6b?s=96&d=mm&r=g","url":"https:\/\/secure.gravatar.com\/avatar\/e0a867bdedb85fd243eadf09663511f96fc81e0720a4a42581f334ad4303aa6b?s=96&d=mm&r=g","contentUrl":"https:\/\/secure.gravatar.com\/avatar\/e0a867bdedb85fd243eadf09663511f96fc81e0720a4a42581f334ad4303aa6b?s=96&d=mm&r=g","caption":"Reda\u00e7\u00e3o"}}]}},"amp_enabled":true,"_links":{"self":[{"href":"https:\/\/www.notibras.com\/site\/wp-json\/wp\/v2\/posts\/32716","targetHints":{"allow":["GET"]}}],"collection":[{"href":"https:\/\/www.notibras.com\/site\/wp-json\/wp\/v2\/posts"}],"about":[{"href":"https:\/\/www.notibras.com\/site\/wp-json\/wp\/v2\/types\/post"}],"author":[{"embeddable":true,"href":"https:\/\/www.notibras.com\/site\/wp-json\/wp\/v2\/users\/2"}],"replies":[{"embeddable":true,"href":"https:\/\/www.notibras.com\/site\/wp-json\/wp\/v2\/comments?post=32716"}],"version-history":[{"count":0,"href":"https:\/\/www.notibras.com\/site\/wp-json\/wp\/v2\/posts\/32716\/revisions"}],"wp:featuredmedia":[{"embeddable":true,"href":"https:\/\/www.notibras.com\/site\/wp-json\/wp\/v2\/media\/32717"}],"wp:attachment":[{"href":"https:\/\/www.notibras.com\/site\/wp-json\/wp\/v2\/media?parent=32716"}],"wp:term":[{"taxonomy":"category","embeddable":true,"href":"https:\/\/www.notibras.com\/site\/wp-json\/wp\/v2\/categories?post=32716"},{"taxonomy":"post_tag","embeddable":true,"href":"https:\/\/www.notibras.com\/site\/wp-json\/wp\/v2\/tags?post=32716"}],"curies":[{"name":"wp","href":"https:\/\/api.w.org\/{rel}","templated":true}]}}