{"id":327177,"date":"2024-04-22T00:00:27","date_gmt":"2024-04-22T03:00:27","guid":{"rendered":"https:\/\/www.notibras.com\/site\/?p=327177"},"modified":"2024-04-22T07:28:13","modified_gmt":"2024-04-22T10:28:13","slug":"roda-de-choro-encanta-brasilia-a-capital-da-esperanca","status":"publish","type":"post","link":"https:\/\/www.notibras.com\/site\/roda-de-choro-encanta-brasilia-a-capital-da-esperanca\/","title":{"rendered":"Roda de choro encanta Bras\u00edlia, a capital da esperan\u00e7a"},"content":{"rendered":"<p>Conhecida como a capital do rock na d\u00e9cada de 1980, Bras\u00edlia deixou de ser lembrada no cen\u00e1rio cultural apenas pelo sucesso das bandas Legi\u00e3o Urbana e Capital Inicial.<\/p>\n<p>Todos os domingos, o grupo brasiliense Choro Livre se re\u00fane no Eix\u00e3o Norte, uma das principais avenidas da cidade, para tocar os cl\u00e1ssicos do ritmo brasileiro. Conhecido como Eix\u00e3o do Lazer, a avenida \u00e9 fechada para carros aos domingos, quando a popula\u00e7\u00e3o aproveita para fazer caminhadas, andar de bicicleta e participar de eventos culturais.<\/p>\n<p>Para comemorar o anivers\u00e1rio de Bras\u00edlia, o grupo reuniu convidados em mais uma edi\u00e7\u00e3o do Choro no Eixo. Enquanto ouvia os cl\u00e1ssicos do choro, o p\u00fablico apreciava as barracas de comidas e buscava as sombras das \u00e1rvores para fugir do calor de aproximadamente 27\u00b0C.<\/p>\n<p>Reunidos em roda comandada pelo cavaquista M\u00e1rcio Marinho, os artistas receberam convidados e tocaram can\u00e7\u00f5es pr\u00f3prias e cl\u00e1ssicos do choro.<\/p>\n<p>Marinho afirmou que o objetivo do Choro no Eixo \u00e9 levar a cultura para a popula\u00e7\u00e3o. &#8220;A gente continua fomentando esse projeto. \u00c9 sempre importante mobilizar a cultura popular brasileira, porque ela est\u00e1 sempre em transforma\u00e7\u00e3o. O que estamos fazendo aqui \u00e9 hist\u00f3ria, transformando a cultura brasileira&#8221;, acrescentou.<\/p>\n<p>Durante o evento, a Articula\u00e7\u00e3o dos Povos Ind\u00edgenas (Apib) aproveitou para mobilizar a popula\u00e7\u00e3o a se posicionar contra o marco temporal de suas terras. Uma barraca foi montada para distribui\u00e7\u00e3o de panfletos destinados \u00e0 conscientiza\u00e7\u00e3o sobre a causa ind\u00edgena. Cerca de 8 mil ind\u00edgenas est\u00e3o mobilizados em Bras\u00edlia para 20\u00b0 Acampamento Terra Livre, cujas atividades come\u00e7am nesta segunda-feira (22).<\/p>\n<p>&#8220;Simbolicamente, se juntam os povos ind\u00edgenas e o choro, s\u00edmbolo da cultura brasileira, para fazer uma luta pela democracia, pela sociedade e pelos povos ind\u00edgenas&#8221;, afirmou Kleber Karipuna, representante da Apib.<\/p>\n<p>O presidente do Instituto do Patrim\u00f4nio Hist\u00f3rico e Art\u00edstico Nacional (Iphan), Leandro Grass, tamb\u00e9m participou do evento e lembrou que o \u00f3rg\u00e3o reconheceu neste ano o choro como patrim\u00f4nio cultural imaterial do pa\u00eds.<\/p>\n<p>&#8220;Agora a gente vai para as escolas, para as pra\u00e7as, ruas e todos os lugares&#8221;, completou.<\/p>\n","protected":false},"excerpt":{"rendered":"<p>Conhecida como a capital do rock na d\u00e9cada de 1980, Bras\u00edlia deixou de ser lembrada no cen\u00e1rio cultural apenas pelo sucesso das bandas Legi\u00e3o Urbana e Capital Inicial. Todos os domingos, o grupo brasiliense Choro Livre se re\u00fane no Eix\u00e3o Norte, uma das principais avenidas da cidade, para tocar os cl\u00e1ssicos do ritmo brasileiro. Conhecido [&hellip;]<\/p>\n","protected":false},"author":2,"featured_media":327178,"comment_status":"closed","ping_status":"closed","sticky":false,"template":"","format":"standard","meta":{"_acf_changed":false,"footnotes":""},"categories":[161],"tags":[],"class_list":["post-327177","post","type-post","status-publish","format-standard","has-post-thumbnail","hentry","category-quadradinho-em-foco"],"acf":[],"yoast_head":"<!-- This site is optimized with the Yoast SEO plugin v27.5 - https:\/\/yoast.com\/product\/yoast-seo-wordpress\/ -->\n<title>Roda de choro encanta Bras\u00edlia, a capital da esperan\u00e7a - Notibras<\/title>\n<meta name=\"robots\" content=\"index, follow, max-snippet:-1, max-image-preview:large, max-video-preview:-1\" \/>\n<link rel=\"canonical\" href=\"https:\/\/www.notibras.com\/site\/roda-de-choro-encanta-brasilia-a-capital-da-esperanca\/\" \/>\n<meta property=\"og:locale\" content=\"pt_BR\" \/>\n<meta property=\"og:type\" content=\"article\" \/>\n<meta property=\"og:title\" content=\"Roda de choro encanta Bras\u00edlia, a capital da esperan\u00e7a - Notibras\" \/>\n<meta property=\"og:description\" content=\"Conhecida como a capital do rock na d\u00e9cada de 1980, Bras\u00edlia deixou de ser lembrada no cen\u00e1rio cultural apenas pelo sucesso das bandas Legi\u00e3o Urbana e Capital Inicial. Todos os domingos, o grupo brasiliense Choro Livre se re\u00fane no Eix\u00e3o Norte, uma das principais avenidas da cidade, para tocar os cl\u00e1ssicos do ritmo brasileiro. Conhecido [&hellip;]\" \/>\n<meta property=\"og:url\" content=\"https:\/\/www.notibras.com\/site\/roda-de-choro-encanta-brasilia-a-capital-da-esperanca\/\" \/>\n<meta property=\"og:site_name\" content=\"Notibras\" \/>\n<meta property=\"article:publisher\" content=\"https:\/\/www.facebook.com\/notibras\/\" \/>\n<meta property=\"article:published_time\" content=\"2024-04-22T03:00:27+00:00\" \/>\n<meta property=\"article:modified_time\" content=\"2024-04-22T10:28:13+00:00\" \/>\n<meta property=\"og:image\" content=\"https:\/\/www.notibras.com\/site\/wp-content\/uploads\/2024\/04\/bsb.rodadechoro.webp\" \/>\n\t<meta property=\"og:image:width\" content=\"1170\" \/>\n\t<meta property=\"og:image:height\" content=\"700\" \/>\n\t<meta property=\"og:image:type\" content=\"image\/webp\" \/>\n<meta name=\"author\" content=\"Reda\u00e7\u00e3o\" \/>\n<meta name=\"twitter:card\" content=\"summary_large_image\" \/>\n<meta name=\"twitter:creator\" content=\"@Notibras\" \/>\n<meta name=\"twitter:site\" content=\"@Notibras\" \/>\n<meta name=\"twitter:label1\" content=\"Escrito por\" \/>\n\t<meta name=\"twitter:data1\" content=\"Reda\u00e7\u00e3o\" \/>\n\t<meta name=\"twitter:label2\" content=\"Est. tempo de leitura\" \/>\n\t<meta name=\"twitter:data2\" content=\"3 minutos\" \/>\n<script type=\"application\/ld+json\" class=\"yoast-schema-graph\">{\"@context\":\"https:\\\/\\\/schema.org\",\"@graph\":[{\"@type\":\"Article\",\"@id\":\"https:\\\/\\\/www.notibras.com\\\/site\\\/roda-de-choro-encanta-brasilia-a-capital-da-esperanca\\\/#article\",\"isPartOf\":{\"@id\":\"https:\\\/\\\/www.notibras.com\\\/site\\\/roda-de-choro-encanta-brasilia-a-capital-da-esperanca\\\/\"},\"author\":{\"name\":\"Reda\u00e7\u00e3o\",\"@id\":\"https:\\\/\\\/www.notibras.com\\\/site\\\/#\\\/schema\\\/person\\\/36ab0979449956132d3e5b517ea76ac8\"},\"headline\":\"Roda de choro encanta Bras\u00edlia, a capital da esperan\u00e7a\",\"datePublished\":\"2024-04-22T03:00:27+00:00\",\"dateModified\":\"2024-04-22T10:28:13+00:00\",\"mainEntityOfPage\":{\"@id\":\"https:\\\/\\\/www.notibras.com\\\/site\\\/roda-de-choro-encanta-brasilia-a-capital-da-esperanca\\\/\"},\"wordCount\":377,\"publisher\":{\"@id\":\"https:\\\/\\\/www.notibras.com\\\/site\\\/#organization\"},\"image\":{\"@id\":\"https:\\\/\\\/www.notibras.com\\\/site\\\/roda-de-choro-encanta-brasilia-a-capital-da-esperanca\\\/#primaryimage\"},\"thumbnailUrl\":\"https:\\\/\\\/www.notibras.com\\\/site\\\/wp-content\\\/uploads\\\/2024\\\/04\\\/bsb.rodadechoro.webp\",\"articleSection\":[\"Quadradinho em Foco\"],\"inLanguage\":\"pt-BR\"},{\"@type\":\"WebPage\",\"@id\":\"https:\\\/\\\/www.notibras.com\\\/site\\\/roda-de-choro-encanta-brasilia-a-capital-da-esperanca\\\/\",\"url\":\"https:\\\/\\\/www.notibras.com\\\/site\\\/roda-de-choro-encanta-brasilia-a-capital-da-esperanca\\\/\",\"name\":\"Roda de choro encanta Bras\u00edlia, a capital da esperan\u00e7a - Notibras\",\"isPartOf\":{\"@id\":\"https:\\\/\\\/www.notibras.com\\\/site\\\/#website\"},\"primaryImageOfPage\":{\"@id\":\"https:\\\/\\\/www.notibras.com\\\/site\\\/roda-de-choro-encanta-brasilia-a-capital-da-esperanca\\\/#primaryimage\"},\"image\":{\"@id\":\"https:\\\/\\\/www.notibras.com\\\/site\\\/roda-de-choro-encanta-brasilia-a-capital-da-esperanca\\\/#primaryimage\"},\"thumbnailUrl\":\"https:\\\/\\\/www.notibras.com\\\/site\\\/wp-content\\\/uploads\\\/2024\\\/04\\\/bsb.rodadechoro.webp\",\"datePublished\":\"2024-04-22T03:00:27+00:00\",\"dateModified\":\"2024-04-22T10:28:13+00:00\",\"breadcrumb\":{\"@id\":\"https:\\\/\\\/www.notibras.com\\\/site\\\/roda-de-choro-encanta-brasilia-a-capital-da-esperanca\\\/#breadcrumb\"},\"inLanguage\":\"pt-BR\",\"potentialAction\":[{\"@type\":\"ReadAction\",\"target\":[\"https:\\\/\\\/www.notibras.com\\\/site\\\/roda-de-choro-encanta-brasilia-a-capital-da-esperanca\\\/\"]}]},{\"@type\":\"ImageObject\",\"inLanguage\":\"pt-BR\",\"@id\":\"https:\\\/\\\/www.notibras.com\\\/site\\\/roda-de-choro-encanta-brasilia-a-capital-da-esperanca\\\/#primaryimage\",\"url\":\"https:\\\/\\\/www.notibras.com\\\/site\\\/wp-content\\\/uploads\\\/2024\\\/04\\\/bsb.rodadechoro.webp\",\"contentUrl\":\"https:\\\/\\\/www.notibras.com\\\/site\\\/wp-content\\\/uploads\\\/2024\\\/04\\\/bsb.rodadechoro.webp\",\"width\":1170,\"height\":700},{\"@type\":\"BreadcrumbList\",\"@id\":\"https:\\\/\\\/www.notibras.com\\\/site\\\/roda-de-choro-encanta-brasilia-a-capital-da-esperanca\\\/#breadcrumb\",\"itemListElement\":[{\"@type\":\"ListItem\",\"position\":1,\"name\":\"In\u00edcio\",\"item\":\"https:\\\/\\\/www.notibras.com\\\/site\\\/\"},{\"@type\":\"ListItem\",\"position\":2,\"name\":\"Roda de choro encanta Bras\u00edlia, a capital da esperan\u00e7a\"}]},{\"@type\":\"WebSite\",\"@id\":\"https:\\\/\\\/www.notibras.com\\\/site\\\/#website\",\"url\":\"https:\\\/\\\/www.notibras.com\\\/site\\\/\",\"name\":\"Notibras\",\"description\":\"Not\u00edcias de Bras\u00edlia, do Brasil e do Mundo\",\"publisher\":{\"@id\":\"https:\\\/\\\/www.notibras.com\\\/site\\\/#organization\"},\"potentialAction\":[{\"@type\":\"SearchAction\",\"target\":{\"@type\":\"EntryPoint\",\"urlTemplate\":\"https:\\\/\\\/www.notibras.com\\\/site\\\/?s={search_term_string}\"},\"query-input\":{\"@type\":\"PropertyValueSpecification\",\"valueRequired\":true,\"valueName\":\"search_term_string\"}}],\"inLanguage\":\"pt-BR\"},{\"@type\":\"Organization\",\"@id\":\"https:\\\/\\\/www.notibras.com\\\/site\\\/#organization\",\"name\":\"Grupo Notibras de Comunica\u00e7\u00e3o\",\"url\":\"https:\\\/\\\/www.notibras.com\\\/site\\\/\",\"logo\":{\"@type\":\"ImageObject\",\"inLanguage\":\"pt-BR\",\"@id\":\"https:\\\/\\\/www.notibras.com\\\/site\\\/#\\\/schema\\\/logo\\\/image\\\/\",\"url\":\"https:\\\/\\\/www.notibras.com\\\/site\\\/wp-content\\\/uploads\\\/2023\\\/01\\\/notibras23.png\",\"contentUrl\":\"https:\\\/\\\/www.notibras.com\\\/site\\\/wp-content\\\/uploads\\\/2023\\\/01\\\/notibras23.png\",\"width\":350,\"height\":87,\"caption\":\"Grupo Notibras de Comunica\u00e7\u00e3o\"},\"image\":{\"@id\":\"https:\\\/\\\/www.notibras.com\\\/site\\\/#\\\/schema\\\/logo\\\/image\\\/\"},\"sameAs\":[\"https:\\\/\\\/www.facebook.com\\\/notibras\\\/\",\"https:\\\/\\\/x.com\\\/Notibras\",\"https:\\\/\\\/www.instagram.com\\\/notibras\\\/\"]},{\"@type\":\"Person\",\"@id\":\"https:\\\/\\\/www.notibras.com\\\/site\\\/#\\\/schema\\\/person\\\/36ab0979449956132d3e5b517ea76ac8\",\"name\":\"Reda\u00e7\u00e3o\",\"image\":{\"@type\":\"ImageObject\",\"inLanguage\":\"pt-BR\",\"@id\":\"https:\\\/\\\/secure.gravatar.com\\\/avatar\\\/e0a867bdedb85fd243eadf09663511f96fc81e0720a4a42581f334ad4303aa6b?s=96&d=mm&r=g\",\"url\":\"https:\\\/\\\/secure.gravatar.com\\\/avatar\\\/e0a867bdedb85fd243eadf09663511f96fc81e0720a4a42581f334ad4303aa6b?s=96&d=mm&r=g\",\"contentUrl\":\"https:\\\/\\\/secure.gravatar.com\\\/avatar\\\/e0a867bdedb85fd243eadf09663511f96fc81e0720a4a42581f334ad4303aa6b?s=96&d=mm&r=g\",\"caption\":\"Reda\u00e7\u00e3o\"}}]}<\/script>\n<!-- \/ Yoast SEO plugin. -->","yoast_head_json":{"title":"Roda de choro encanta Bras\u00edlia, a capital da esperan\u00e7a - Notibras","robots":{"index":"index","follow":"follow","max-snippet":"max-snippet:-1","max-image-preview":"max-image-preview:large","max-video-preview":"max-video-preview:-1"},"canonical":"https:\/\/www.notibras.com\/site\/roda-de-choro-encanta-brasilia-a-capital-da-esperanca\/","og_locale":"pt_BR","og_type":"article","og_title":"Roda de choro encanta Bras\u00edlia, a capital da esperan\u00e7a - Notibras","og_description":"Conhecida como a capital do rock na d\u00e9cada de 1980, Bras\u00edlia deixou de ser lembrada no cen\u00e1rio cultural apenas pelo sucesso das bandas Legi\u00e3o Urbana e Capital Inicial. Todos os domingos, o grupo brasiliense Choro Livre se re\u00fane no Eix\u00e3o Norte, uma das principais avenidas da cidade, para tocar os cl\u00e1ssicos do ritmo brasileiro. Conhecido [&hellip;]","og_url":"https:\/\/www.notibras.com\/site\/roda-de-choro-encanta-brasilia-a-capital-da-esperanca\/","og_site_name":"Notibras","article_publisher":"https:\/\/www.facebook.com\/notibras\/","article_published_time":"2024-04-22T03:00:27+00:00","article_modified_time":"2024-04-22T10:28:13+00:00","og_image":[{"width":1170,"height":700,"url":"https:\/\/www.notibras.com\/site\/wp-content\/uploads\/2024\/04\/bsb.rodadechoro.webp","type":"image\/webp"}],"author":"Reda\u00e7\u00e3o","twitter_card":"summary_large_image","twitter_creator":"@Notibras","twitter_site":"@Notibras","twitter_misc":{"Escrito por":"Reda\u00e7\u00e3o","Est. tempo de leitura":"3 minutos"},"schema":{"@context":"https:\/\/schema.org","@graph":[{"@type":"Article","@id":"https:\/\/www.notibras.com\/site\/roda-de-choro-encanta-brasilia-a-capital-da-esperanca\/#article","isPartOf":{"@id":"https:\/\/www.notibras.com\/site\/roda-de-choro-encanta-brasilia-a-capital-da-esperanca\/"},"author":{"name":"Reda\u00e7\u00e3o","@id":"https:\/\/www.notibras.com\/site\/#\/schema\/person\/36ab0979449956132d3e5b517ea76ac8"},"headline":"Roda de choro encanta Bras\u00edlia, a capital da esperan\u00e7a","datePublished":"2024-04-22T03:00:27+00:00","dateModified":"2024-04-22T10:28:13+00:00","mainEntityOfPage":{"@id":"https:\/\/www.notibras.com\/site\/roda-de-choro-encanta-brasilia-a-capital-da-esperanca\/"},"wordCount":377,"publisher":{"@id":"https:\/\/www.notibras.com\/site\/#organization"},"image":{"@id":"https:\/\/www.notibras.com\/site\/roda-de-choro-encanta-brasilia-a-capital-da-esperanca\/#primaryimage"},"thumbnailUrl":"https:\/\/www.notibras.com\/site\/wp-content\/uploads\/2024\/04\/bsb.rodadechoro.webp","articleSection":["Quadradinho em Foco"],"inLanguage":"pt-BR"},{"@type":"WebPage","@id":"https:\/\/www.notibras.com\/site\/roda-de-choro-encanta-brasilia-a-capital-da-esperanca\/","url":"https:\/\/www.notibras.com\/site\/roda-de-choro-encanta-brasilia-a-capital-da-esperanca\/","name":"Roda de choro encanta Bras\u00edlia, a capital da esperan\u00e7a - Notibras","isPartOf":{"@id":"https:\/\/www.notibras.com\/site\/#website"},"primaryImageOfPage":{"@id":"https:\/\/www.notibras.com\/site\/roda-de-choro-encanta-brasilia-a-capital-da-esperanca\/#primaryimage"},"image":{"@id":"https:\/\/www.notibras.com\/site\/roda-de-choro-encanta-brasilia-a-capital-da-esperanca\/#primaryimage"},"thumbnailUrl":"https:\/\/www.notibras.com\/site\/wp-content\/uploads\/2024\/04\/bsb.rodadechoro.webp","datePublished":"2024-04-22T03:00:27+00:00","dateModified":"2024-04-22T10:28:13+00:00","breadcrumb":{"@id":"https:\/\/www.notibras.com\/site\/roda-de-choro-encanta-brasilia-a-capital-da-esperanca\/#breadcrumb"},"inLanguage":"pt-BR","potentialAction":[{"@type":"ReadAction","target":["https:\/\/www.notibras.com\/site\/roda-de-choro-encanta-brasilia-a-capital-da-esperanca\/"]}]},{"@type":"ImageObject","inLanguage":"pt-BR","@id":"https:\/\/www.notibras.com\/site\/roda-de-choro-encanta-brasilia-a-capital-da-esperanca\/#primaryimage","url":"https:\/\/www.notibras.com\/site\/wp-content\/uploads\/2024\/04\/bsb.rodadechoro.webp","contentUrl":"https:\/\/www.notibras.com\/site\/wp-content\/uploads\/2024\/04\/bsb.rodadechoro.webp","width":1170,"height":700},{"@type":"BreadcrumbList","@id":"https:\/\/www.notibras.com\/site\/roda-de-choro-encanta-brasilia-a-capital-da-esperanca\/#breadcrumb","itemListElement":[{"@type":"ListItem","position":1,"name":"In\u00edcio","item":"https:\/\/www.notibras.com\/site\/"},{"@type":"ListItem","position":2,"name":"Roda de choro encanta Bras\u00edlia, a capital da esperan\u00e7a"}]},{"@type":"WebSite","@id":"https:\/\/www.notibras.com\/site\/#website","url":"https:\/\/www.notibras.com\/site\/","name":"Notibras","description":"Not\u00edcias de Bras\u00edlia, do Brasil e do Mundo","publisher":{"@id":"https:\/\/www.notibras.com\/site\/#organization"},"potentialAction":[{"@type":"SearchAction","target":{"@type":"EntryPoint","urlTemplate":"https:\/\/www.notibras.com\/site\/?s={search_term_string}"},"query-input":{"@type":"PropertyValueSpecification","valueRequired":true,"valueName":"search_term_string"}}],"inLanguage":"pt-BR"},{"@type":"Organization","@id":"https:\/\/www.notibras.com\/site\/#organization","name":"Grupo Notibras de Comunica\u00e7\u00e3o","url":"https:\/\/www.notibras.com\/site\/","logo":{"@type":"ImageObject","inLanguage":"pt-BR","@id":"https:\/\/www.notibras.com\/site\/#\/schema\/logo\/image\/","url":"https:\/\/www.notibras.com\/site\/wp-content\/uploads\/2023\/01\/notibras23.png","contentUrl":"https:\/\/www.notibras.com\/site\/wp-content\/uploads\/2023\/01\/notibras23.png","width":350,"height":87,"caption":"Grupo Notibras de Comunica\u00e7\u00e3o"},"image":{"@id":"https:\/\/www.notibras.com\/site\/#\/schema\/logo\/image\/"},"sameAs":["https:\/\/www.facebook.com\/notibras\/","https:\/\/x.com\/Notibras","https:\/\/www.instagram.com\/notibras\/"]},{"@type":"Person","@id":"https:\/\/www.notibras.com\/site\/#\/schema\/person\/36ab0979449956132d3e5b517ea76ac8","name":"Reda\u00e7\u00e3o","image":{"@type":"ImageObject","inLanguage":"pt-BR","@id":"https:\/\/secure.gravatar.com\/avatar\/e0a867bdedb85fd243eadf09663511f96fc81e0720a4a42581f334ad4303aa6b?s=96&d=mm&r=g","url":"https:\/\/secure.gravatar.com\/avatar\/e0a867bdedb85fd243eadf09663511f96fc81e0720a4a42581f334ad4303aa6b?s=96&d=mm&r=g","contentUrl":"https:\/\/secure.gravatar.com\/avatar\/e0a867bdedb85fd243eadf09663511f96fc81e0720a4a42581f334ad4303aa6b?s=96&d=mm&r=g","caption":"Reda\u00e7\u00e3o"}}]}},"amp_enabled":true,"_links":{"self":[{"href":"https:\/\/www.notibras.com\/site\/wp-json\/wp\/v2\/posts\/327177","targetHints":{"allow":["GET"]}}],"collection":[{"href":"https:\/\/www.notibras.com\/site\/wp-json\/wp\/v2\/posts"}],"about":[{"href":"https:\/\/www.notibras.com\/site\/wp-json\/wp\/v2\/types\/post"}],"author":[{"embeddable":true,"href":"https:\/\/www.notibras.com\/site\/wp-json\/wp\/v2\/users\/2"}],"replies":[{"embeddable":true,"href":"https:\/\/www.notibras.com\/site\/wp-json\/wp\/v2\/comments?post=327177"}],"version-history":[{"count":1,"href":"https:\/\/www.notibras.com\/site\/wp-json\/wp\/v2\/posts\/327177\/revisions"}],"predecessor-version":[{"id":327179,"href":"https:\/\/www.notibras.com\/site\/wp-json\/wp\/v2\/posts\/327177\/revisions\/327179"}],"wp:featuredmedia":[{"embeddable":true,"href":"https:\/\/www.notibras.com\/site\/wp-json\/wp\/v2\/media\/327178"}],"wp:attachment":[{"href":"https:\/\/www.notibras.com\/site\/wp-json\/wp\/v2\/media?parent=327177"}],"wp:term":[{"taxonomy":"category","embeddable":true,"href":"https:\/\/www.notibras.com\/site\/wp-json\/wp\/v2\/categories?post=327177"},{"taxonomy":"post_tag","embeddable":true,"href":"https:\/\/www.notibras.com\/site\/wp-json\/wp\/v2\/tags?post=327177"}],"curies":[{"name":"wp","href":"https:\/\/api.w.org\/{rel}","templated":true}]}}