{"id":327203,"date":"2024-04-22T07:04:23","date_gmt":"2024-04-22T10:04:23","guid":{"rendered":"https:\/\/www.notibras.com\/site\/?p=327203"},"modified":"2024-04-22T09:11:16","modified_gmt":"2024-04-22T12:11:16","slug":"dias-dificeis-com-corrupcao-e-mortes-acabam-em-final-feliz","status":"publish","type":"post","link":"https:\/\/www.notibras.com\/site\/dias-dificeis-com-corrupcao-e-mortes-acabam-em-final-feliz\/","title":{"rendered":"Dias dif\u00edceis, com corrup\u00e7\u00e3o e mortes, acabam em final feliz"},"content":{"rendered":"<p>Era uma quarta-feira qualquer, na cidade do Rio de Janeiro. Eu trabalhava numa empresa de tecnologia que prestava servi\u00e7os para o governo. Haviam descoberto rela\u00e7\u00f5es pouco republicanas do diretor-presidente com pol\u00edticos locais. O caso estava sendo noticiado pela imprensa: licita\u00e7\u00f5es compradas, pagamento de propina, lavagem de dinheiro com notas fiscais fornecidas pela contabilidade da empresa&#8230; As fraudes chegavam a vinte milh\u00f5es de reais. O caos estava instalado e come\u00e7avam a falar em cortes e devassas.<\/p>\n<p>Eu nada tinha a ver com os malfeitos, trabalhava no setor de tecnologia e sempre fora um empregado exemplar. Acabara de ser pai, minha esposa ainda se encontrava de licen\u00e7a-maternidade, e entr\u00e1ramos num financiamento banc\u00e1rio para a compra de nosso primeiro apartamento. Eu fiquei em p\u00e2nico com a perspectiva de perder o emprego. Sa\u00ed para almo\u00e7ar na hora habitual e n\u00e3o pude voltar \u00e0 minha sala \u2013 a pol\u00edcia federal estava cumprindo mandados de busca e apreens\u00e3o na sede da empresa e ningu\u00e9m mais entrava. Os que estavam dentro, foram liberados imediatamente.<\/p>\n<p>N\u00e3o sabia como a not\u00edcia iria repercutir em casa, e pensava em como contar para minha mulher. Peguei o carro e, desolado, fui dirigindo em dire\u00e7\u00e3o \u00e0 minha casa, mas, pr\u00f3ximo ao Viaduto dos Marinheiros, entrei em dire\u00e7\u00e3o \u00e0 Tijuca e subi at\u00e9 a Pracinha do Alto, quase que mecanicamente, e, at\u00e9 hoje sem entender exatamente o porqu\u00ea, fui parar no lugar denominado Bom Retiro, dentro da Floresta da Tijuca. Para quem n\u00e3o est\u00e1 familiarizado com esse recanto do Rio, trata-se de um pequeno largo, cercado de florestas, do qual sai uma trilha que leva ao Pico da Tijuca, ponto mais elevado do parque. H\u00e1 tamb\u00e9m um obelisco e um pequeno pavilh\u00e3o.<\/p>\n<p>Ia chegando perto, at\u00e9 o ponto em que se estaciona, e reparei que, em meio \u00e0 solid\u00e3o da floresta, eu n\u00e3o estava s\u00f3. Um grupo de meninas, vestidas do que me pareceu um uniforme escolar muito antiquado, brincavam por ali, cantando em roda, de m\u00e3os dadas, uma antiqu\u00edssima cantiga.<\/p>\n<p>Fiquei alguns minutos olhando aquelas meninas, absorto e muito distante dos meus pensamentos de pouco antes, e fui observando que seus uniformes estavam gastos e seus p\u00e9s, descal\u00e7os, encontravam-se bem sujos. Olhei em volta e n\u00e3o encontrei nenhum ve\u00edculo escolar no qual aquelas meninas pudessem haver chegado at\u00e9 ali. Fiquei surpreso em pensar como poderiam haver subido, at\u00e9 t\u00e3o distante da entrada do parque, a p\u00e9 e descal\u00e7as.<\/p>\n<p>De repente, todas pararam a brincadeira e voltaram-se para mim, me encarando. Foi quando, atr\u00e1s de mim, notei a figura de uma mulher alta, magra, vestida de forma t\u00e3o anacr\u00f4nica quanto as meninas, com um vestido comprido e de um cinza estranho, desagrad\u00e1vel, apesar de sua express\u00e3o de bondade. Seus cabelos louros, presos a um coque, encontravam-se em certo desalinho e seus olhos, muito claros, pareciam tristes, ou extremamente exaustos. Dirigindo-se a mim, ela me perguntou:<\/p>\n<p>\u2013 O senhor estava apreciando o canto de nossas meninas?<\/p>\n<p>A forma g\u00e9lida com que ela falou me arrepiou dos p\u00e9s \u00e0 cabe\u00e7a. Eu respondi:<\/p>\n<p>\u2013 N\u00e3o, estava apenas olhando o movimento. Acho que n\u00e3o estou me sentindo bem, estou tendo um dia muito dif\u00edcil&#8230;<\/p>\n<p>\u2013 Elas tamb\u00e9m \u2013 respondeu-me a mulher \u2013 por isso trouxe-as at\u00e9 aqui. Para se distra\u00edrem um pouco enquanto se desligam das coisas l\u00e1 embaixo. Esta floresta tem uma energia muito boa. Elas vivem numa situa\u00e7\u00e3o complicada, est\u00e3o afastadas de suas fam\u00edlias, passando por uma certa&#8230; Perturba\u00e7\u00e3o.<\/p>\n<p>Achei curiosa a forma como a mulher foi reticente no fim de sua frase. Pensei que, embora eu mesmo estivesse numa situa\u00e7\u00e3o dif\u00edcil, as meninas experimentavam um quadro pior. Senti uma compaix\u00e3o inexplic\u00e1vel por elas e perguntei \u00e0 acompanhante:<\/p>\n<p>\u2013 A senhora \u00e9 professora?<\/p>\n<p>\u2013 De certa forma, sim. Fui designada para estar com elas hoje. Ensino e aprendo muito com essas meninas.<\/p>\n<p>Aquelas meninas e o ambiente que criavam me deixava estranhamente fascinado. Minha cabe\u00e7a, agora esquecida dos acontecimentos da manh\u00e3, come\u00e7ava a latejar e escutava como um zumbido em meus ouvidos. Tive o \u00edmpeto de perguntar se podia fazer algo e onde elas moravam.<\/p>\n<p>\u2013 No momento creio que n\u00e3o haja o que o senhor possa fazer, e agradecemos muito. Elas j\u00e1 n\u00e3o precisam de nada material. Mas o senhor pode ajud\u00e1-las muit\u00edssimo com uma coisa simples de fazer: ora\u00e7\u00e3o. Uma ora\u00e7\u00e3o sincera, vinda do fundo da alma.<\/p>\n<p>Eu n\u00e3o acreditava muito em Deus, nem atribu\u00eda efeitos pr\u00e1ticos a ora\u00e7\u00f5es. A f\u00e9 era-me quase uma desconhecida. Por isso insisti:<\/p>\n<p>\u2013 Mas fa\u00e7o quest\u00e3o de prestar algum aux\u00edlio. O que for preciso. Onde posso encontr\u00e1-las?<\/p>\n<p>\u2013 Hoje em dia elas ficam no Educand\u00e1rio Santa Euf\u00eamia, quase o tempo todo. L\u00e1 encontram o ambiente tranquilo de que precisam muito agora.<\/p>\n<p>Com essa informa\u00e7\u00e3o, eu me dei por satisfeito e, ap\u00f3s alguns minutos mais contemplando a cena, como as meninas haviam voltado para suas brincadeiras, agora dispersas em grupos menores, despedi-me da mulher e voltei para o meu carro, indo embora para casa.<\/p>\n<p>Minha mente retornou aos problemas anteriores e, quando cheguei, nosso pequeno beb\u00ea dormia tranquilamente, enquanto minha esposa, ao lado do bercinho, arrumava algumas roupas rec\u00e9m lavadas para guardar.<\/p>\n<p>Cumprimentei-a com um beijo carinhoso e ela me perguntou:<\/p>\n<p>\u2013 Tudo bem hoje?<\/p>\n<p>Ao que respondi:<\/p>\n<p>\u2013 Sim! Tudo bem. Enquanto estivermos juntos, nos amando, tudo estar\u00e1 bem. Sempre muito bem.<\/p>\n<p>Nos dias pr\u00f3ximos, a poeira baixou, o caso na empresa foi momentaneamente resolvido com a troca de toda a diretoria, para a qual vieram executivos estrangeiros, e demiss\u00f5es em v\u00e1rios setores foram efetivadas, todas relacionadas aos envolvidos com as falcatruas descobertas. Eu permaneci onde estava, at\u00e9 que, semanas depois, fui chamado para uma reuni\u00e3o na diretoria. Fui apavorado, mas, l\u00e1 chegando, me convidaram para assumir um cargo de diretoria, com significativo aumento de sal\u00e1rio. Tudo ficara bem e ainda melhor.<\/p>\n<p>Mas n\u00e3o esquecera daquela tarde em que vira as meninas na floresta e passei semanas em busca de refer\u00eancias sobre o Educand\u00e1rio Santa Euf\u00eamia, sobre o qual nada achava, at\u00e9 que, pesquisando na internet, descobri refer\u00eancias a ele, que funcionara at\u00e9 os anos de 1950, num velho casar\u00e3o do bairro do Cosme Velho.<\/p>\n<p>Como j\u00e1 havia comprado len\u00e7\u00f3is, travesseiros, material de higiene e brinquedos para doar, resolvi ir at\u00e9 l\u00e1 num s\u00e1bado de manh\u00e3, contrariando a possibilidade do local estar desativado.<\/p>\n<p>Encontrei a rua do endere\u00e7o, sem sa\u00edda, com uma guarita na esquina, dessas de vigil\u00e2ncia privada.<\/p>\n<p>Mas, como n\u00e3o identificara o pr\u00e9dio da escola, perguntei ao vigia da guarita se conhecia algum educand\u00e1rio nas imedia\u00e7\u00f5es, ao que ele me respondeu:<\/p>\n<p>\u2013 H\u00e1 muito anos houve um, sim, ali no fim da rua. Mas foi acabando aos poucos, at\u00e9 que ficaram umas dez ou doze meninas \u00f3rf\u00e3s e mais uma preceptora. Mas elas morreram h\u00e1 muitos anos num acidente de \u00f4nibus quando, numa tarde, regressavam de um passeio na Floresta da Tijuca&#8230;<\/p>\n","protected":false},"excerpt":{"rendered":"<p>Era uma quarta-feira qualquer, na cidade do Rio de Janeiro. Eu trabalhava numa empresa de tecnologia que prestava servi\u00e7os para o governo. Haviam descoberto rela\u00e7\u00f5es pouco republicanas do diretor-presidente com pol\u00edticos locais. O caso estava sendo noticiado pela imprensa: licita\u00e7\u00f5es compradas, pagamento de propina, lavagem de dinheiro com notas fiscais fornecidas pela contabilidade da empresa&#8230; [&hellip;]<\/p>\n","protected":false},"author":2,"featured_media":327204,"comment_status":"closed","ping_status":"closed","sticky":false,"template":"","format":"standard","meta":{"_acf_changed":false,"footnotes":""},"categories":[161],"tags":[],"class_list":["post-327203","post","type-post","status-publish","format-standard","has-post-thumbnail","hentry","category-quadradinho-em-foco"],"acf":[],"yoast_head":"<!-- This site is optimized with the Yoast SEO plugin v27.5 - https:\/\/yoast.com\/product\/yoast-seo-wordpress\/ -->\n<title>Dias dif\u00edceis, com corrup\u00e7\u00e3o e mortes, acabam em final feliz - Notibras<\/title>\n<meta name=\"robots\" content=\"index, follow, max-snippet:-1, max-image-preview:large, max-video-preview:-1\" \/>\n<link rel=\"canonical\" href=\"https:\/\/www.notibras.com\/site\/dias-dificeis-com-corrupcao-e-mortes-acabam-em-final-feliz\/\" \/>\n<meta property=\"og:locale\" content=\"pt_BR\" \/>\n<meta property=\"og:type\" content=\"article\" \/>\n<meta property=\"og:title\" content=\"Dias dif\u00edceis, com corrup\u00e7\u00e3o e mortes, acabam em final feliz - Notibras\" \/>\n<meta property=\"og:description\" content=\"Era uma quarta-feira qualquer, na cidade do Rio de Janeiro. Eu trabalhava numa empresa de tecnologia que prestava servi\u00e7os para o governo. Haviam descoberto rela\u00e7\u00f5es pouco republicanas do diretor-presidente com pol\u00edticos locais. O caso estava sendo noticiado pela imprensa: licita\u00e7\u00f5es compradas, pagamento de propina, lavagem de dinheiro com notas fiscais fornecidas pela contabilidade da empresa&#8230; [&hellip;]\" \/>\n<meta property=\"og:url\" content=\"https:\/\/www.notibras.com\/site\/dias-dificeis-com-corrupcao-e-mortes-acabam-em-final-feliz\/\" \/>\n<meta property=\"og:site_name\" content=\"Notibras\" \/>\n<meta property=\"article:publisher\" content=\"https:\/\/www.facebook.com\/notibras\/\" \/>\n<meta property=\"article:published_time\" content=\"2024-04-22T10:04:23+00:00\" \/>\n<meta property=\"article:modified_time\" content=\"2024-04-22T12:11:16+00:00\" \/>\n<meta property=\"og:image\" content=\"https:\/\/www.notibras.com\/site\/wp-content\/uploads\/2024\/04\/b403447a-5bd3-484c-8b9b-1bdf8a8cf886.jpg\" \/>\n\t<meta property=\"og:image:width\" content=\"1024\" \/>\n\t<meta property=\"og:image:height\" content=\"1024\" \/>\n\t<meta property=\"og:image:type\" content=\"image\/jpeg\" \/>\n<meta name=\"author\" content=\"Reda\u00e7\u00e3o\" \/>\n<meta name=\"twitter:card\" content=\"summary_large_image\" \/>\n<meta name=\"twitter:creator\" content=\"@Notibras\" \/>\n<meta name=\"twitter:site\" content=\"@Notibras\" \/>\n<meta name=\"twitter:label1\" content=\"Escrito por\" \/>\n\t<meta name=\"twitter:data1\" content=\"Reda\u00e7\u00e3o\" \/>\n\t<meta name=\"twitter:label2\" content=\"Est. tempo de leitura\" \/>\n\t<meta name=\"twitter:data2\" content=\"7 minutos\" \/>\n<script type=\"application\/ld+json\" class=\"yoast-schema-graph\">{\"@context\":\"https:\\\/\\\/schema.org\",\"@graph\":[{\"@type\":\"Article\",\"@id\":\"https:\\\/\\\/www.notibras.com\\\/site\\\/dias-dificeis-com-corrupcao-e-mortes-acabam-em-final-feliz\\\/#article\",\"isPartOf\":{\"@id\":\"https:\\\/\\\/www.notibras.com\\\/site\\\/dias-dificeis-com-corrupcao-e-mortes-acabam-em-final-feliz\\\/\"},\"author\":{\"name\":\"Reda\u00e7\u00e3o\",\"@id\":\"https:\\\/\\\/www.notibras.com\\\/site\\\/#\\\/schema\\\/person\\\/36ab0979449956132d3e5b517ea76ac8\"},\"headline\":\"Dias dif\u00edceis, com corrup\u00e7\u00e3o e mortes, acabam em final feliz\",\"datePublished\":\"2024-04-22T10:04:23+00:00\",\"dateModified\":\"2024-04-22T12:11:16+00:00\",\"mainEntityOfPage\":{\"@id\":\"https:\\\/\\\/www.notibras.com\\\/site\\\/dias-dificeis-com-corrupcao-e-mortes-acabam-em-final-feliz\\\/\"},\"wordCount\":1213,\"publisher\":{\"@id\":\"https:\\\/\\\/www.notibras.com\\\/site\\\/#organization\"},\"image\":{\"@id\":\"https:\\\/\\\/www.notibras.com\\\/site\\\/dias-dificeis-com-corrupcao-e-mortes-acabam-em-final-feliz\\\/#primaryimage\"},\"thumbnailUrl\":\"https:\\\/\\\/www.notibras.com\\\/site\\\/wp-content\\\/uploads\\\/2024\\\/04\\\/b403447a-5bd3-484c-8b9b-1bdf8a8cf886.jpg\",\"articleSection\":[\"Quadradinho em Foco\"],\"inLanguage\":\"pt-BR\"},{\"@type\":\"WebPage\",\"@id\":\"https:\\\/\\\/www.notibras.com\\\/site\\\/dias-dificeis-com-corrupcao-e-mortes-acabam-em-final-feliz\\\/\",\"url\":\"https:\\\/\\\/www.notibras.com\\\/site\\\/dias-dificeis-com-corrupcao-e-mortes-acabam-em-final-feliz\\\/\",\"name\":\"Dias dif\u00edceis, com corrup\u00e7\u00e3o e mortes, acabam em final feliz - Notibras\",\"isPartOf\":{\"@id\":\"https:\\\/\\\/www.notibras.com\\\/site\\\/#website\"},\"primaryImageOfPage\":{\"@id\":\"https:\\\/\\\/www.notibras.com\\\/site\\\/dias-dificeis-com-corrupcao-e-mortes-acabam-em-final-feliz\\\/#primaryimage\"},\"image\":{\"@id\":\"https:\\\/\\\/www.notibras.com\\\/site\\\/dias-dificeis-com-corrupcao-e-mortes-acabam-em-final-feliz\\\/#primaryimage\"},\"thumbnailUrl\":\"https:\\\/\\\/www.notibras.com\\\/site\\\/wp-content\\\/uploads\\\/2024\\\/04\\\/b403447a-5bd3-484c-8b9b-1bdf8a8cf886.jpg\",\"datePublished\":\"2024-04-22T10:04:23+00:00\",\"dateModified\":\"2024-04-22T12:11:16+00:00\",\"breadcrumb\":{\"@id\":\"https:\\\/\\\/www.notibras.com\\\/site\\\/dias-dificeis-com-corrupcao-e-mortes-acabam-em-final-feliz\\\/#breadcrumb\"},\"inLanguage\":\"pt-BR\",\"potentialAction\":[{\"@type\":\"ReadAction\",\"target\":[\"https:\\\/\\\/www.notibras.com\\\/site\\\/dias-dificeis-com-corrupcao-e-mortes-acabam-em-final-feliz\\\/\"]}]},{\"@type\":\"ImageObject\",\"inLanguage\":\"pt-BR\",\"@id\":\"https:\\\/\\\/www.notibras.com\\\/site\\\/dias-dificeis-com-corrupcao-e-mortes-acabam-em-final-feliz\\\/#primaryimage\",\"url\":\"https:\\\/\\\/www.notibras.com\\\/site\\\/wp-content\\\/uploads\\\/2024\\\/04\\\/b403447a-5bd3-484c-8b9b-1bdf8a8cf886.jpg\",\"contentUrl\":\"https:\\\/\\\/www.notibras.com\\\/site\\\/wp-content\\\/uploads\\\/2024\\\/04\\\/b403447a-5bd3-484c-8b9b-1bdf8a8cf886.jpg\",\"width\":1024,\"height\":1024},{\"@type\":\"BreadcrumbList\",\"@id\":\"https:\\\/\\\/www.notibras.com\\\/site\\\/dias-dificeis-com-corrupcao-e-mortes-acabam-em-final-feliz\\\/#breadcrumb\",\"itemListElement\":[{\"@type\":\"ListItem\",\"position\":1,\"name\":\"In\u00edcio\",\"item\":\"https:\\\/\\\/www.notibras.com\\\/site\\\/\"},{\"@type\":\"ListItem\",\"position\":2,\"name\":\"Dias dif\u00edceis, com corrup\u00e7\u00e3o e mortes, acabam em final feliz\"}]},{\"@type\":\"WebSite\",\"@id\":\"https:\\\/\\\/www.notibras.com\\\/site\\\/#website\",\"url\":\"https:\\\/\\\/www.notibras.com\\\/site\\\/\",\"name\":\"Notibras\",\"description\":\"Not\u00edcias de Bras\u00edlia, do Brasil e do Mundo\",\"publisher\":{\"@id\":\"https:\\\/\\\/www.notibras.com\\\/site\\\/#organization\"},\"potentialAction\":[{\"@type\":\"SearchAction\",\"target\":{\"@type\":\"EntryPoint\",\"urlTemplate\":\"https:\\\/\\\/www.notibras.com\\\/site\\\/?s={search_term_string}\"},\"query-input\":{\"@type\":\"PropertyValueSpecification\",\"valueRequired\":true,\"valueName\":\"search_term_string\"}}],\"inLanguage\":\"pt-BR\"},{\"@type\":\"Organization\",\"@id\":\"https:\\\/\\\/www.notibras.com\\\/site\\\/#organization\",\"name\":\"Grupo Notibras de Comunica\u00e7\u00e3o\",\"url\":\"https:\\\/\\\/www.notibras.com\\\/site\\\/\",\"logo\":{\"@type\":\"ImageObject\",\"inLanguage\":\"pt-BR\",\"@id\":\"https:\\\/\\\/www.notibras.com\\\/site\\\/#\\\/schema\\\/logo\\\/image\\\/\",\"url\":\"https:\\\/\\\/www.notibras.com\\\/site\\\/wp-content\\\/uploads\\\/2023\\\/01\\\/notibras23.png\",\"contentUrl\":\"https:\\\/\\\/www.notibras.com\\\/site\\\/wp-content\\\/uploads\\\/2023\\\/01\\\/notibras23.png\",\"width\":350,\"height\":87,\"caption\":\"Grupo Notibras de Comunica\u00e7\u00e3o\"},\"image\":{\"@id\":\"https:\\\/\\\/www.notibras.com\\\/site\\\/#\\\/schema\\\/logo\\\/image\\\/\"},\"sameAs\":[\"https:\\\/\\\/www.facebook.com\\\/notibras\\\/\",\"https:\\\/\\\/x.com\\\/Notibras\",\"https:\\\/\\\/www.instagram.com\\\/notibras\\\/\"]},{\"@type\":\"Person\",\"@id\":\"https:\\\/\\\/www.notibras.com\\\/site\\\/#\\\/schema\\\/person\\\/36ab0979449956132d3e5b517ea76ac8\",\"name\":\"Reda\u00e7\u00e3o\",\"image\":{\"@type\":\"ImageObject\",\"inLanguage\":\"pt-BR\",\"@id\":\"https:\\\/\\\/secure.gravatar.com\\\/avatar\\\/e0a867bdedb85fd243eadf09663511f96fc81e0720a4a42581f334ad4303aa6b?s=96&d=mm&r=g\",\"url\":\"https:\\\/\\\/secure.gravatar.com\\\/avatar\\\/e0a867bdedb85fd243eadf09663511f96fc81e0720a4a42581f334ad4303aa6b?s=96&d=mm&r=g\",\"contentUrl\":\"https:\\\/\\\/secure.gravatar.com\\\/avatar\\\/e0a867bdedb85fd243eadf09663511f96fc81e0720a4a42581f334ad4303aa6b?s=96&d=mm&r=g\",\"caption\":\"Reda\u00e7\u00e3o\"}}]}<\/script>\n<!-- \/ Yoast SEO plugin. -->","yoast_head_json":{"title":"Dias dif\u00edceis, com corrup\u00e7\u00e3o e mortes, acabam em final feliz - Notibras","robots":{"index":"index","follow":"follow","max-snippet":"max-snippet:-1","max-image-preview":"max-image-preview:large","max-video-preview":"max-video-preview:-1"},"canonical":"https:\/\/www.notibras.com\/site\/dias-dificeis-com-corrupcao-e-mortes-acabam-em-final-feliz\/","og_locale":"pt_BR","og_type":"article","og_title":"Dias dif\u00edceis, com corrup\u00e7\u00e3o e mortes, acabam em final feliz - Notibras","og_description":"Era uma quarta-feira qualquer, na cidade do Rio de Janeiro. Eu trabalhava numa empresa de tecnologia que prestava servi\u00e7os para o governo. Haviam descoberto rela\u00e7\u00f5es pouco republicanas do diretor-presidente com pol\u00edticos locais. O caso estava sendo noticiado pela imprensa: licita\u00e7\u00f5es compradas, pagamento de propina, lavagem de dinheiro com notas fiscais fornecidas pela contabilidade da empresa&#8230; [&hellip;]","og_url":"https:\/\/www.notibras.com\/site\/dias-dificeis-com-corrupcao-e-mortes-acabam-em-final-feliz\/","og_site_name":"Notibras","article_publisher":"https:\/\/www.facebook.com\/notibras\/","article_published_time":"2024-04-22T10:04:23+00:00","article_modified_time":"2024-04-22T12:11:16+00:00","og_image":[{"width":1024,"height":1024,"url":"https:\/\/www.notibras.com\/site\/wp-content\/uploads\/2024\/04\/b403447a-5bd3-484c-8b9b-1bdf8a8cf886.jpg","type":"image\/jpeg"}],"author":"Reda\u00e7\u00e3o","twitter_card":"summary_large_image","twitter_creator":"@Notibras","twitter_site":"@Notibras","twitter_misc":{"Escrito por":"Reda\u00e7\u00e3o","Est. tempo de leitura":"7 minutos"},"schema":{"@context":"https:\/\/schema.org","@graph":[{"@type":"Article","@id":"https:\/\/www.notibras.com\/site\/dias-dificeis-com-corrupcao-e-mortes-acabam-em-final-feliz\/#article","isPartOf":{"@id":"https:\/\/www.notibras.com\/site\/dias-dificeis-com-corrupcao-e-mortes-acabam-em-final-feliz\/"},"author":{"name":"Reda\u00e7\u00e3o","@id":"https:\/\/www.notibras.com\/site\/#\/schema\/person\/36ab0979449956132d3e5b517ea76ac8"},"headline":"Dias dif\u00edceis, com corrup\u00e7\u00e3o e mortes, acabam em final feliz","datePublished":"2024-04-22T10:04:23+00:00","dateModified":"2024-04-22T12:11:16+00:00","mainEntityOfPage":{"@id":"https:\/\/www.notibras.com\/site\/dias-dificeis-com-corrupcao-e-mortes-acabam-em-final-feliz\/"},"wordCount":1213,"publisher":{"@id":"https:\/\/www.notibras.com\/site\/#organization"},"image":{"@id":"https:\/\/www.notibras.com\/site\/dias-dificeis-com-corrupcao-e-mortes-acabam-em-final-feliz\/#primaryimage"},"thumbnailUrl":"https:\/\/www.notibras.com\/site\/wp-content\/uploads\/2024\/04\/b403447a-5bd3-484c-8b9b-1bdf8a8cf886.jpg","articleSection":["Quadradinho em Foco"],"inLanguage":"pt-BR"},{"@type":"WebPage","@id":"https:\/\/www.notibras.com\/site\/dias-dificeis-com-corrupcao-e-mortes-acabam-em-final-feliz\/","url":"https:\/\/www.notibras.com\/site\/dias-dificeis-com-corrupcao-e-mortes-acabam-em-final-feliz\/","name":"Dias dif\u00edceis, com corrup\u00e7\u00e3o e mortes, acabam em final feliz - Notibras","isPartOf":{"@id":"https:\/\/www.notibras.com\/site\/#website"},"primaryImageOfPage":{"@id":"https:\/\/www.notibras.com\/site\/dias-dificeis-com-corrupcao-e-mortes-acabam-em-final-feliz\/#primaryimage"},"image":{"@id":"https:\/\/www.notibras.com\/site\/dias-dificeis-com-corrupcao-e-mortes-acabam-em-final-feliz\/#primaryimage"},"thumbnailUrl":"https:\/\/www.notibras.com\/site\/wp-content\/uploads\/2024\/04\/b403447a-5bd3-484c-8b9b-1bdf8a8cf886.jpg","datePublished":"2024-04-22T10:04:23+00:00","dateModified":"2024-04-22T12:11:16+00:00","breadcrumb":{"@id":"https:\/\/www.notibras.com\/site\/dias-dificeis-com-corrupcao-e-mortes-acabam-em-final-feliz\/#breadcrumb"},"inLanguage":"pt-BR","potentialAction":[{"@type":"ReadAction","target":["https:\/\/www.notibras.com\/site\/dias-dificeis-com-corrupcao-e-mortes-acabam-em-final-feliz\/"]}]},{"@type":"ImageObject","inLanguage":"pt-BR","@id":"https:\/\/www.notibras.com\/site\/dias-dificeis-com-corrupcao-e-mortes-acabam-em-final-feliz\/#primaryimage","url":"https:\/\/www.notibras.com\/site\/wp-content\/uploads\/2024\/04\/b403447a-5bd3-484c-8b9b-1bdf8a8cf886.jpg","contentUrl":"https:\/\/www.notibras.com\/site\/wp-content\/uploads\/2024\/04\/b403447a-5bd3-484c-8b9b-1bdf8a8cf886.jpg","width":1024,"height":1024},{"@type":"BreadcrumbList","@id":"https:\/\/www.notibras.com\/site\/dias-dificeis-com-corrupcao-e-mortes-acabam-em-final-feliz\/#breadcrumb","itemListElement":[{"@type":"ListItem","position":1,"name":"In\u00edcio","item":"https:\/\/www.notibras.com\/site\/"},{"@type":"ListItem","position":2,"name":"Dias dif\u00edceis, com corrup\u00e7\u00e3o e mortes, acabam em final feliz"}]},{"@type":"WebSite","@id":"https:\/\/www.notibras.com\/site\/#website","url":"https:\/\/www.notibras.com\/site\/","name":"Notibras","description":"Not\u00edcias de Bras\u00edlia, do Brasil e do Mundo","publisher":{"@id":"https:\/\/www.notibras.com\/site\/#organization"},"potentialAction":[{"@type":"SearchAction","target":{"@type":"EntryPoint","urlTemplate":"https:\/\/www.notibras.com\/site\/?s={search_term_string}"},"query-input":{"@type":"PropertyValueSpecification","valueRequired":true,"valueName":"search_term_string"}}],"inLanguage":"pt-BR"},{"@type":"Organization","@id":"https:\/\/www.notibras.com\/site\/#organization","name":"Grupo Notibras de Comunica\u00e7\u00e3o","url":"https:\/\/www.notibras.com\/site\/","logo":{"@type":"ImageObject","inLanguage":"pt-BR","@id":"https:\/\/www.notibras.com\/site\/#\/schema\/logo\/image\/","url":"https:\/\/www.notibras.com\/site\/wp-content\/uploads\/2023\/01\/notibras23.png","contentUrl":"https:\/\/www.notibras.com\/site\/wp-content\/uploads\/2023\/01\/notibras23.png","width":350,"height":87,"caption":"Grupo Notibras de Comunica\u00e7\u00e3o"},"image":{"@id":"https:\/\/www.notibras.com\/site\/#\/schema\/logo\/image\/"},"sameAs":["https:\/\/www.facebook.com\/notibras\/","https:\/\/x.com\/Notibras","https:\/\/www.instagram.com\/notibras\/"]},{"@type":"Person","@id":"https:\/\/www.notibras.com\/site\/#\/schema\/person\/36ab0979449956132d3e5b517ea76ac8","name":"Reda\u00e7\u00e3o","image":{"@type":"ImageObject","inLanguage":"pt-BR","@id":"https:\/\/secure.gravatar.com\/avatar\/e0a867bdedb85fd243eadf09663511f96fc81e0720a4a42581f334ad4303aa6b?s=96&d=mm&r=g","url":"https:\/\/secure.gravatar.com\/avatar\/e0a867bdedb85fd243eadf09663511f96fc81e0720a4a42581f334ad4303aa6b?s=96&d=mm&r=g","contentUrl":"https:\/\/secure.gravatar.com\/avatar\/e0a867bdedb85fd243eadf09663511f96fc81e0720a4a42581f334ad4303aa6b?s=96&d=mm&r=g","caption":"Reda\u00e7\u00e3o"}}]}},"amp_enabled":true,"_links":{"self":[{"href":"https:\/\/www.notibras.com\/site\/wp-json\/wp\/v2\/posts\/327203","targetHints":{"allow":["GET"]}}],"collection":[{"href":"https:\/\/www.notibras.com\/site\/wp-json\/wp\/v2\/posts"}],"about":[{"href":"https:\/\/www.notibras.com\/site\/wp-json\/wp\/v2\/types\/post"}],"author":[{"embeddable":true,"href":"https:\/\/www.notibras.com\/site\/wp-json\/wp\/v2\/users\/2"}],"replies":[{"embeddable":true,"href":"https:\/\/www.notibras.com\/site\/wp-json\/wp\/v2\/comments?post=327203"}],"version-history":[{"count":1,"href":"https:\/\/www.notibras.com\/site\/wp-json\/wp\/v2\/posts\/327203\/revisions"}],"predecessor-version":[{"id":327205,"href":"https:\/\/www.notibras.com\/site\/wp-json\/wp\/v2\/posts\/327203\/revisions\/327205"}],"wp:featuredmedia":[{"embeddable":true,"href":"https:\/\/www.notibras.com\/site\/wp-json\/wp\/v2\/media\/327204"}],"wp:attachment":[{"href":"https:\/\/www.notibras.com\/site\/wp-json\/wp\/v2\/media?parent=327203"}],"wp:term":[{"taxonomy":"category","embeddable":true,"href":"https:\/\/www.notibras.com\/site\/wp-json\/wp\/v2\/categories?post=327203"},{"taxonomy":"post_tag","embeddable":true,"href":"https:\/\/www.notibras.com\/site\/wp-json\/wp\/v2\/tags?post=327203"}],"curies":[{"name":"wp","href":"https:\/\/api.w.org\/{rel}","templated":true}]}}