{"id":327206,"date":"2024-04-22T09:23:05","date_gmt":"2024-04-22T12:23:05","guid":{"rendered":"https:\/\/www.notibras.com\/site\/?p=327206"},"modified":"2024-04-22T09:23:54","modified_gmt":"2024-04-22T12:23:54","slug":"suspeito-de-crime-no-parque-corta-abaixo-dos-maleolos","status":"publish","type":"post","link":"https:\/\/www.notibras.com\/site\/suspeito-de-crime-no-parque-corta-abaixo-dos-maleolos\/","title":{"rendered":"Suspeito de crime no Parque corta abaixo dos mal\u00e9olos"},"content":{"rendered":"<p>A per\u00edcia constatou que o p\u00e9 encontrado havia sido cortado abaixo dos mal\u00e9olos. Um corte preciso, o que indicava que o autor era, no m\u00ednimo, algu\u00e9m que entendia de anatomia. M\u00e9dico? Veterin\u00e1rio? A\u00e7ougueiro? Essas foram algumas das possibilidades levantadas pelos policiais Mariane, Pedro e Gustavo, assim que receberam o laudo.<\/p>\n<p>A despeito da profiss\u00e3o, a v\u00edtima cal\u00e7ava 39 e, tudo indicava, se tratava de um homem. N\u00e3o pelo tamanho, haja vista ser a numera\u00e7\u00e3o de muitas mulheres. Era por conta da apar\u00eancia cheia de cut\u00edculas, sem falar na enorme profus\u00e3o de sujeira debaixo das unhas, especialmente dos ded\u00f5es.<\/p>\n<p>Quanto \u00e0s digitais, elas n\u00e3o bateram com nenhuma dos bancos dos dados. Isso porque as chances eram m\u00ednimas, pois apenas as digitais dos p\u00e9s s\u00f3 eram coletadas de alguns indiv\u00edduos que tivessem passado pelo sistema prisional. Foi coletado material para um poss\u00edvel futuro teste de DNA.<\/p>\n<p>Sem muitas pistas, o trio precisava de algo mais concreto para prosseguirem a investiga\u00e7\u00e3o. H\u00e1 quase 10 dias, a testemunha, Celina, havia sido ouvida na delegacia. Entretanto, n\u00e3o foi poss\u00edvel revelar nada al\u00e9m do que os agentes j\u00e1 soubessem. Por isso, ela foi dispensada assim que assinou a oitiva. Provavelmente, nunca mais voltaria \u00e0 delegacia, a n\u00e3o ser, \u00e9 claro, que fosse registrar outro ocorrido como, por exemplo, um extravio de documento ou um acidente de tr\u00e2nsito sem v\u00edtima.<\/p>\n<p>Mariane deu a ideia de fazerem campana naquela noite no Parque da Cidade. Seus colegas estavam cientes de que aquilo era quase como procurar uma agulha no palheiro. No entanto, sem melhores perspectivas pela frente, Pedro e Gustavo concordaram.<\/p>\n<p>Os tr\u00eas entraram na viatura descaracterizada e, antes que rumassem para o local combinado, passaram na rodovi\u00e1ria, onde compraram algumas latas de refrigerante e meia d\u00fazia de past\u00e9is. Quatro de carne para os rapazes, dois de queijo para Mariane. Ela, h\u00e1 quase seis meses, ap\u00f3s assistir a um document\u00e1rio sobre cria\u00e7\u00e3o e abate de animais, passou a evitar carne.<\/p>\n<p>A mulher estava ao volante e, assim que a viatura entrou no Parque da Cidade, ela resolveu estacionar a pouco mais de 200 metros da lixeira onde o p\u00e9 havia sido encontrado. Desligou o ve\u00edculo, apagou os far\u00f3is. Agora era travar uma batalha contra o t\u00e9dio e tentar espantar o sono, que, invariavelmente, era mais um advers\u00e1rio a ser enfrentado.<\/p>\n<p>Ap\u00f3s quase tr\u00eas horas de campana, os tr\u00eas agentes estavam enfastiados n\u00e3o apenas pelos past\u00e9is e refrigerantes, mas pela mesmice da situa\u00e7\u00e3o. Pedro, talvez o mais agoniado, sugeriu que fossem embora. Gustavo olhou para Mariane, que concordou. Todavia, antes que ligasse o autom\u00f3vel, um outro ve\u00edculo estacionou a aproximadamente 500 metros. Os agentes decidiram aguardar o desenrolar daquela situa\u00e7\u00e3o.<\/p>\n<p>Quase meia hora de espera. Ningu\u00e9m havia sa\u00eddo do ve\u00edculo observado pelos policiais. Pedro sugeriu que fosse feita a abordagem. Mariane e Gustavo concordaram.<\/p>\n<p>Os policiais desceram da viatura e, cautelosamente, rumaram em dire\u00e7\u00e3o ao autom\u00f3vel suspeito. O sil\u00eancio era quase ensurdecedor, caso n\u00e3o fosse pela voz da Mariane, que, em sussurros, orientou a posi\u00e7\u00e3o dos colegas. Pedro ficou encarregado de se posicionar na traseira do autom\u00f3vel, enquanto Gustavo ficaria com a parte direita. Mariane, que iria fazer a abordagem, foi at\u00e9 a porta do motorista.<\/p>\n<p>Arma em punho, Mariane deu dois toques no vidro do autom\u00f3vel e, em seguida, dois passos atr\u00e1s. Voz firme, mandou que o motorista sa\u00edsse do carro. N\u00e3o tardou, um homem abriu a porta.<\/p>\n<p>\u2014 Pol\u00edcia! Saia do ve\u00edculo, senhor!<\/p>\n<p>Um homem de mais de um metro e oitenta, uns 100 quilos, saiu. Ele tentava fechar o z\u00edper da cal\u00e7a, enquanto o passageiro, aparentando ainda mais constrangimento, abriu a outra porta e se deparou com Gustavo.<\/p>\n<p>Feita a abordagem de praxe, os dois homens foram dispensados pelos policiais. Mariane, Pedro e Gustavo tiveram certeza de que aqueles sujeitos n\u00e3o seriam respons\u00e1veis por qualquer crime, isto \u00e9, pelo menos n\u00e3o pelo crime pelo qual estavam investigando naquele momento. A campana terminou naquele instante.<\/p>\n<p><strong>O Cap\u00edtulo IV deste folhetim ser\u00e1 publicado na ter\u00e7a-feira, 23.<\/strong><\/p>\n","protected":false},"excerpt":{"rendered":"<p>A per\u00edcia constatou que o p\u00e9 encontrado havia sido cortado abaixo dos mal\u00e9olos. Um corte preciso, o que indicava que o autor era, no m\u00ednimo, algu\u00e9m que entendia de anatomia. M\u00e9dico? Veterin\u00e1rio? A\u00e7ougueiro? Essas foram algumas das possibilidades levantadas pelos policiais Mariane, Pedro e Gustavo, assim que receberam o laudo. A despeito da profiss\u00e3o, a [&hellip;]<\/p>\n","protected":false},"author":2,"featured_media":327207,"comment_status":"closed","ping_status":"closed","sticky":false,"template":"","format":"standard","meta":{"_acf_changed":false,"footnotes":""},"categories":[161],"tags":[],"class_list":["post-327206","post","type-post","status-publish","format-standard","has-post-thumbnail","hentry","category-quadradinho-em-foco"],"acf":[],"yoast_head":"<!-- This site is optimized with the Yoast SEO plugin v27.5 - https:\/\/yoast.com\/product\/yoast-seo-wordpress\/ -->\n<title>Suspeito de crime no Parque corta abaixo dos mal\u00e9olos - Notibras<\/title>\n<meta name=\"robots\" content=\"index, follow, max-snippet:-1, max-image-preview:large, max-video-preview:-1\" \/>\n<link rel=\"canonical\" href=\"https:\/\/www.notibras.com\/site\/suspeito-de-crime-no-parque-corta-abaixo-dos-maleolos\/\" \/>\n<meta property=\"og:locale\" content=\"pt_BR\" \/>\n<meta property=\"og:type\" content=\"article\" \/>\n<meta property=\"og:title\" content=\"Suspeito de crime no Parque corta abaixo dos mal\u00e9olos - Notibras\" \/>\n<meta property=\"og:description\" content=\"A per\u00edcia constatou que o p\u00e9 encontrado havia sido cortado abaixo dos mal\u00e9olos. Um corte preciso, o que indicava que o autor era, no m\u00ednimo, algu\u00e9m que entendia de anatomia. M\u00e9dico? Veterin\u00e1rio? A\u00e7ougueiro? Essas foram algumas das possibilidades levantadas pelos policiais Mariane, Pedro e Gustavo, assim que receberam o laudo. A despeito da profiss\u00e3o, a [&hellip;]\" \/>\n<meta property=\"og:url\" content=\"https:\/\/www.notibras.com\/site\/suspeito-de-crime-no-parque-corta-abaixo-dos-maleolos\/\" \/>\n<meta property=\"og:site_name\" content=\"Notibras\" \/>\n<meta property=\"article:publisher\" content=\"https:\/\/www.facebook.com\/notibras\/\" \/>\n<meta property=\"article:published_time\" content=\"2024-04-22T12:23:05+00:00\" \/>\n<meta property=\"article:modified_time\" content=\"2024-04-22T12:23:54+00:00\" \/>\n<meta property=\"og:image\" content=\"https:\/\/www.notibras.com\/site\/wp-content\/uploads\/2024\/04\/d5cb1cc3-0195-482b-afef-0d5869db8816.jpg\" \/>\n\t<meta property=\"og:image:width\" content=\"1024\" \/>\n\t<meta property=\"og:image:height\" content=\"1024\" \/>\n\t<meta property=\"og:image:type\" content=\"image\/jpeg\" \/>\n<meta name=\"author\" content=\"Reda\u00e7\u00e3o\" \/>\n<meta name=\"twitter:card\" content=\"summary_large_image\" \/>\n<meta name=\"twitter:creator\" content=\"@Notibras\" \/>\n<meta name=\"twitter:site\" content=\"@Notibras\" \/>\n<meta name=\"twitter:label1\" content=\"Escrito por\" \/>\n\t<meta name=\"twitter:data1\" content=\"Reda\u00e7\u00e3o\" \/>\n\t<meta name=\"twitter:label2\" content=\"Est. tempo de leitura\" \/>\n\t<meta name=\"twitter:data2\" content=\"4 minutos\" \/>\n<script type=\"application\/ld+json\" class=\"yoast-schema-graph\">{\"@context\":\"https:\\\/\\\/schema.org\",\"@graph\":[{\"@type\":\"Article\",\"@id\":\"https:\\\/\\\/www.notibras.com\\\/site\\\/suspeito-de-crime-no-parque-corta-abaixo-dos-maleolos\\\/#article\",\"isPartOf\":{\"@id\":\"https:\\\/\\\/www.notibras.com\\\/site\\\/suspeito-de-crime-no-parque-corta-abaixo-dos-maleolos\\\/\"},\"author\":{\"name\":\"Reda\u00e7\u00e3o\",\"@id\":\"https:\\\/\\\/www.notibras.com\\\/site\\\/#\\\/schema\\\/person\\\/36ab0979449956132d3e5b517ea76ac8\"},\"headline\":\"Suspeito de crime no Parque corta abaixo dos mal\u00e9olos\",\"datePublished\":\"2024-04-22T12:23:05+00:00\",\"dateModified\":\"2024-04-22T12:23:54+00:00\",\"mainEntityOfPage\":{\"@id\":\"https:\\\/\\\/www.notibras.com\\\/site\\\/suspeito-de-crime-no-parque-corta-abaixo-dos-maleolos\\\/\"},\"wordCount\":727,\"publisher\":{\"@id\":\"https:\\\/\\\/www.notibras.com\\\/site\\\/#organization\"},\"image\":{\"@id\":\"https:\\\/\\\/www.notibras.com\\\/site\\\/suspeito-de-crime-no-parque-corta-abaixo-dos-maleolos\\\/#primaryimage\"},\"thumbnailUrl\":\"https:\\\/\\\/www.notibras.com\\\/site\\\/wp-content\\\/uploads\\\/2024\\\/04\\\/d5cb1cc3-0195-482b-afef-0d5869db8816.jpg\",\"articleSection\":[\"Quadradinho em Foco\"],\"inLanguage\":\"pt-BR\"},{\"@type\":\"WebPage\",\"@id\":\"https:\\\/\\\/www.notibras.com\\\/site\\\/suspeito-de-crime-no-parque-corta-abaixo-dos-maleolos\\\/\",\"url\":\"https:\\\/\\\/www.notibras.com\\\/site\\\/suspeito-de-crime-no-parque-corta-abaixo-dos-maleolos\\\/\",\"name\":\"Suspeito de crime no Parque corta abaixo dos mal\u00e9olos - Notibras\",\"isPartOf\":{\"@id\":\"https:\\\/\\\/www.notibras.com\\\/site\\\/#website\"},\"primaryImageOfPage\":{\"@id\":\"https:\\\/\\\/www.notibras.com\\\/site\\\/suspeito-de-crime-no-parque-corta-abaixo-dos-maleolos\\\/#primaryimage\"},\"image\":{\"@id\":\"https:\\\/\\\/www.notibras.com\\\/site\\\/suspeito-de-crime-no-parque-corta-abaixo-dos-maleolos\\\/#primaryimage\"},\"thumbnailUrl\":\"https:\\\/\\\/www.notibras.com\\\/site\\\/wp-content\\\/uploads\\\/2024\\\/04\\\/d5cb1cc3-0195-482b-afef-0d5869db8816.jpg\",\"datePublished\":\"2024-04-22T12:23:05+00:00\",\"dateModified\":\"2024-04-22T12:23:54+00:00\",\"breadcrumb\":{\"@id\":\"https:\\\/\\\/www.notibras.com\\\/site\\\/suspeito-de-crime-no-parque-corta-abaixo-dos-maleolos\\\/#breadcrumb\"},\"inLanguage\":\"pt-BR\",\"potentialAction\":[{\"@type\":\"ReadAction\",\"target\":[\"https:\\\/\\\/www.notibras.com\\\/site\\\/suspeito-de-crime-no-parque-corta-abaixo-dos-maleolos\\\/\"]}]},{\"@type\":\"ImageObject\",\"inLanguage\":\"pt-BR\",\"@id\":\"https:\\\/\\\/www.notibras.com\\\/site\\\/suspeito-de-crime-no-parque-corta-abaixo-dos-maleolos\\\/#primaryimage\",\"url\":\"https:\\\/\\\/www.notibras.com\\\/site\\\/wp-content\\\/uploads\\\/2024\\\/04\\\/d5cb1cc3-0195-482b-afef-0d5869db8816.jpg\",\"contentUrl\":\"https:\\\/\\\/www.notibras.com\\\/site\\\/wp-content\\\/uploads\\\/2024\\\/04\\\/d5cb1cc3-0195-482b-afef-0d5869db8816.jpg\",\"width\":1024,\"height\":1024},{\"@type\":\"BreadcrumbList\",\"@id\":\"https:\\\/\\\/www.notibras.com\\\/site\\\/suspeito-de-crime-no-parque-corta-abaixo-dos-maleolos\\\/#breadcrumb\",\"itemListElement\":[{\"@type\":\"ListItem\",\"position\":1,\"name\":\"In\u00edcio\",\"item\":\"https:\\\/\\\/www.notibras.com\\\/site\\\/\"},{\"@type\":\"ListItem\",\"position\":2,\"name\":\"Suspeito de crime no Parque corta abaixo dos mal\u00e9olos\"}]},{\"@type\":\"WebSite\",\"@id\":\"https:\\\/\\\/www.notibras.com\\\/site\\\/#website\",\"url\":\"https:\\\/\\\/www.notibras.com\\\/site\\\/\",\"name\":\"Notibras\",\"description\":\"Not\u00edcias de Bras\u00edlia, do Brasil e do Mundo\",\"publisher\":{\"@id\":\"https:\\\/\\\/www.notibras.com\\\/site\\\/#organization\"},\"potentialAction\":[{\"@type\":\"SearchAction\",\"target\":{\"@type\":\"EntryPoint\",\"urlTemplate\":\"https:\\\/\\\/www.notibras.com\\\/site\\\/?s={search_term_string}\"},\"query-input\":{\"@type\":\"PropertyValueSpecification\",\"valueRequired\":true,\"valueName\":\"search_term_string\"}}],\"inLanguage\":\"pt-BR\"},{\"@type\":\"Organization\",\"@id\":\"https:\\\/\\\/www.notibras.com\\\/site\\\/#organization\",\"name\":\"Grupo Notibras de Comunica\u00e7\u00e3o\",\"url\":\"https:\\\/\\\/www.notibras.com\\\/site\\\/\",\"logo\":{\"@type\":\"ImageObject\",\"inLanguage\":\"pt-BR\",\"@id\":\"https:\\\/\\\/www.notibras.com\\\/site\\\/#\\\/schema\\\/logo\\\/image\\\/\",\"url\":\"https:\\\/\\\/www.notibras.com\\\/site\\\/wp-content\\\/uploads\\\/2023\\\/01\\\/notibras23.png\",\"contentUrl\":\"https:\\\/\\\/www.notibras.com\\\/site\\\/wp-content\\\/uploads\\\/2023\\\/01\\\/notibras23.png\",\"width\":350,\"height\":87,\"caption\":\"Grupo Notibras de Comunica\u00e7\u00e3o\"},\"image\":{\"@id\":\"https:\\\/\\\/www.notibras.com\\\/site\\\/#\\\/schema\\\/logo\\\/image\\\/\"},\"sameAs\":[\"https:\\\/\\\/www.facebook.com\\\/notibras\\\/\",\"https:\\\/\\\/x.com\\\/Notibras\",\"https:\\\/\\\/www.instagram.com\\\/notibras\\\/\"]},{\"@type\":\"Person\",\"@id\":\"https:\\\/\\\/www.notibras.com\\\/site\\\/#\\\/schema\\\/person\\\/36ab0979449956132d3e5b517ea76ac8\",\"name\":\"Reda\u00e7\u00e3o\",\"image\":{\"@type\":\"ImageObject\",\"inLanguage\":\"pt-BR\",\"@id\":\"https:\\\/\\\/secure.gravatar.com\\\/avatar\\\/e0a867bdedb85fd243eadf09663511f96fc81e0720a4a42581f334ad4303aa6b?s=96&d=mm&r=g\",\"url\":\"https:\\\/\\\/secure.gravatar.com\\\/avatar\\\/e0a867bdedb85fd243eadf09663511f96fc81e0720a4a42581f334ad4303aa6b?s=96&d=mm&r=g\",\"contentUrl\":\"https:\\\/\\\/secure.gravatar.com\\\/avatar\\\/e0a867bdedb85fd243eadf09663511f96fc81e0720a4a42581f334ad4303aa6b?s=96&d=mm&r=g\",\"caption\":\"Reda\u00e7\u00e3o\"}}]}<\/script>\n<!-- \/ Yoast SEO plugin. -->","yoast_head_json":{"title":"Suspeito de crime no Parque corta abaixo dos mal\u00e9olos - Notibras","robots":{"index":"index","follow":"follow","max-snippet":"max-snippet:-1","max-image-preview":"max-image-preview:large","max-video-preview":"max-video-preview:-1"},"canonical":"https:\/\/www.notibras.com\/site\/suspeito-de-crime-no-parque-corta-abaixo-dos-maleolos\/","og_locale":"pt_BR","og_type":"article","og_title":"Suspeito de crime no Parque corta abaixo dos mal\u00e9olos - Notibras","og_description":"A per\u00edcia constatou que o p\u00e9 encontrado havia sido cortado abaixo dos mal\u00e9olos. Um corte preciso, o que indicava que o autor era, no m\u00ednimo, algu\u00e9m que entendia de anatomia. M\u00e9dico? Veterin\u00e1rio? A\u00e7ougueiro? Essas foram algumas das possibilidades levantadas pelos policiais Mariane, Pedro e Gustavo, assim que receberam o laudo. A despeito da profiss\u00e3o, a [&hellip;]","og_url":"https:\/\/www.notibras.com\/site\/suspeito-de-crime-no-parque-corta-abaixo-dos-maleolos\/","og_site_name":"Notibras","article_publisher":"https:\/\/www.facebook.com\/notibras\/","article_published_time":"2024-04-22T12:23:05+00:00","article_modified_time":"2024-04-22T12:23:54+00:00","og_image":[{"width":1024,"height":1024,"url":"https:\/\/www.notibras.com\/site\/wp-content\/uploads\/2024\/04\/d5cb1cc3-0195-482b-afef-0d5869db8816.jpg","type":"image\/jpeg"}],"author":"Reda\u00e7\u00e3o","twitter_card":"summary_large_image","twitter_creator":"@Notibras","twitter_site":"@Notibras","twitter_misc":{"Escrito por":"Reda\u00e7\u00e3o","Est. tempo de leitura":"4 minutos"},"schema":{"@context":"https:\/\/schema.org","@graph":[{"@type":"Article","@id":"https:\/\/www.notibras.com\/site\/suspeito-de-crime-no-parque-corta-abaixo-dos-maleolos\/#article","isPartOf":{"@id":"https:\/\/www.notibras.com\/site\/suspeito-de-crime-no-parque-corta-abaixo-dos-maleolos\/"},"author":{"name":"Reda\u00e7\u00e3o","@id":"https:\/\/www.notibras.com\/site\/#\/schema\/person\/36ab0979449956132d3e5b517ea76ac8"},"headline":"Suspeito de crime no Parque corta abaixo dos mal\u00e9olos","datePublished":"2024-04-22T12:23:05+00:00","dateModified":"2024-04-22T12:23:54+00:00","mainEntityOfPage":{"@id":"https:\/\/www.notibras.com\/site\/suspeito-de-crime-no-parque-corta-abaixo-dos-maleolos\/"},"wordCount":727,"publisher":{"@id":"https:\/\/www.notibras.com\/site\/#organization"},"image":{"@id":"https:\/\/www.notibras.com\/site\/suspeito-de-crime-no-parque-corta-abaixo-dos-maleolos\/#primaryimage"},"thumbnailUrl":"https:\/\/www.notibras.com\/site\/wp-content\/uploads\/2024\/04\/d5cb1cc3-0195-482b-afef-0d5869db8816.jpg","articleSection":["Quadradinho em Foco"],"inLanguage":"pt-BR"},{"@type":"WebPage","@id":"https:\/\/www.notibras.com\/site\/suspeito-de-crime-no-parque-corta-abaixo-dos-maleolos\/","url":"https:\/\/www.notibras.com\/site\/suspeito-de-crime-no-parque-corta-abaixo-dos-maleolos\/","name":"Suspeito de crime no Parque corta abaixo dos mal\u00e9olos - Notibras","isPartOf":{"@id":"https:\/\/www.notibras.com\/site\/#website"},"primaryImageOfPage":{"@id":"https:\/\/www.notibras.com\/site\/suspeito-de-crime-no-parque-corta-abaixo-dos-maleolos\/#primaryimage"},"image":{"@id":"https:\/\/www.notibras.com\/site\/suspeito-de-crime-no-parque-corta-abaixo-dos-maleolos\/#primaryimage"},"thumbnailUrl":"https:\/\/www.notibras.com\/site\/wp-content\/uploads\/2024\/04\/d5cb1cc3-0195-482b-afef-0d5869db8816.jpg","datePublished":"2024-04-22T12:23:05+00:00","dateModified":"2024-04-22T12:23:54+00:00","breadcrumb":{"@id":"https:\/\/www.notibras.com\/site\/suspeito-de-crime-no-parque-corta-abaixo-dos-maleolos\/#breadcrumb"},"inLanguage":"pt-BR","potentialAction":[{"@type":"ReadAction","target":["https:\/\/www.notibras.com\/site\/suspeito-de-crime-no-parque-corta-abaixo-dos-maleolos\/"]}]},{"@type":"ImageObject","inLanguage":"pt-BR","@id":"https:\/\/www.notibras.com\/site\/suspeito-de-crime-no-parque-corta-abaixo-dos-maleolos\/#primaryimage","url":"https:\/\/www.notibras.com\/site\/wp-content\/uploads\/2024\/04\/d5cb1cc3-0195-482b-afef-0d5869db8816.jpg","contentUrl":"https:\/\/www.notibras.com\/site\/wp-content\/uploads\/2024\/04\/d5cb1cc3-0195-482b-afef-0d5869db8816.jpg","width":1024,"height":1024},{"@type":"BreadcrumbList","@id":"https:\/\/www.notibras.com\/site\/suspeito-de-crime-no-parque-corta-abaixo-dos-maleolos\/#breadcrumb","itemListElement":[{"@type":"ListItem","position":1,"name":"In\u00edcio","item":"https:\/\/www.notibras.com\/site\/"},{"@type":"ListItem","position":2,"name":"Suspeito de crime no Parque corta abaixo dos mal\u00e9olos"}]},{"@type":"WebSite","@id":"https:\/\/www.notibras.com\/site\/#website","url":"https:\/\/www.notibras.com\/site\/","name":"Notibras","description":"Not\u00edcias de Bras\u00edlia, do Brasil e do Mundo","publisher":{"@id":"https:\/\/www.notibras.com\/site\/#organization"},"potentialAction":[{"@type":"SearchAction","target":{"@type":"EntryPoint","urlTemplate":"https:\/\/www.notibras.com\/site\/?s={search_term_string}"},"query-input":{"@type":"PropertyValueSpecification","valueRequired":true,"valueName":"search_term_string"}}],"inLanguage":"pt-BR"},{"@type":"Organization","@id":"https:\/\/www.notibras.com\/site\/#organization","name":"Grupo Notibras de Comunica\u00e7\u00e3o","url":"https:\/\/www.notibras.com\/site\/","logo":{"@type":"ImageObject","inLanguage":"pt-BR","@id":"https:\/\/www.notibras.com\/site\/#\/schema\/logo\/image\/","url":"https:\/\/www.notibras.com\/site\/wp-content\/uploads\/2023\/01\/notibras23.png","contentUrl":"https:\/\/www.notibras.com\/site\/wp-content\/uploads\/2023\/01\/notibras23.png","width":350,"height":87,"caption":"Grupo Notibras de Comunica\u00e7\u00e3o"},"image":{"@id":"https:\/\/www.notibras.com\/site\/#\/schema\/logo\/image\/"},"sameAs":["https:\/\/www.facebook.com\/notibras\/","https:\/\/x.com\/Notibras","https:\/\/www.instagram.com\/notibras\/"]},{"@type":"Person","@id":"https:\/\/www.notibras.com\/site\/#\/schema\/person\/36ab0979449956132d3e5b517ea76ac8","name":"Reda\u00e7\u00e3o","image":{"@type":"ImageObject","inLanguage":"pt-BR","@id":"https:\/\/secure.gravatar.com\/avatar\/e0a867bdedb85fd243eadf09663511f96fc81e0720a4a42581f334ad4303aa6b?s=96&d=mm&r=g","url":"https:\/\/secure.gravatar.com\/avatar\/e0a867bdedb85fd243eadf09663511f96fc81e0720a4a42581f334ad4303aa6b?s=96&d=mm&r=g","contentUrl":"https:\/\/secure.gravatar.com\/avatar\/e0a867bdedb85fd243eadf09663511f96fc81e0720a4a42581f334ad4303aa6b?s=96&d=mm&r=g","caption":"Reda\u00e7\u00e3o"}}]}},"amp_enabled":true,"_links":{"self":[{"href":"https:\/\/www.notibras.com\/site\/wp-json\/wp\/v2\/posts\/327206","targetHints":{"allow":["GET"]}}],"collection":[{"href":"https:\/\/www.notibras.com\/site\/wp-json\/wp\/v2\/posts"}],"about":[{"href":"https:\/\/www.notibras.com\/site\/wp-json\/wp\/v2\/types\/post"}],"author":[{"embeddable":true,"href":"https:\/\/www.notibras.com\/site\/wp-json\/wp\/v2\/users\/2"}],"replies":[{"embeddable":true,"href":"https:\/\/www.notibras.com\/site\/wp-json\/wp\/v2\/comments?post=327206"}],"version-history":[{"count":2,"href":"https:\/\/www.notibras.com\/site\/wp-json\/wp\/v2\/posts\/327206\/revisions"}],"predecessor-version":[{"id":327209,"href":"https:\/\/www.notibras.com\/site\/wp-json\/wp\/v2\/posts\/327206\/revisions\/327209"}],"wp:featuredmedia":[{"embeddable":true,"href":"https:\/\/www.notibras.com\/site\/wp-json\/wp\/v2\/media\/327207"}],"wp:attachment":[{"href":"https:\/\/www.notibras.com\/site\/wp-json\/wp\/v2\/media?parent=327206"}],"wp:term":[{"taxonomy":"category","embeddable":true,"href":"https:\/\/www.notibras.com\/site\/wp-json\/wp\/v2\/categories?post=327206"},{"taxonomy":"post_tag","embeddable":true,"href":"https:\/\/www.notibras.com\/site\/wp-json\/wp\/v2\/tags?post=327206"}],"curies":[{"name":"wp","href":"https:\/\/api.w.org\/{rel}","templated":true}]}}