{"id":327213,"date":"2024-04-22T00:00:16","date_gmt":"2024-04-22T03:00:16","guid":{"rendered":"https:\/\/www.notibras.com\/site\/?p=327213"},"modified":"2024-04-22T09:37:38","modified_gmt":"2024-04-22T12:37:38","slug":"intervencoes-urbanas-mostram-brasilia-alem-do-lado-oficial","status":"publish","type":"post","link":"https:\/\/www.notibras.com\/site\/intervencoes-urbanas-mostram-brasilia-alem-do-lado-oficial\/","title":{"rendered":"Interven\u00e7\u00f5es urbanas mostram Bras\u00edlia al\u00e9m do lado oficial"},"content":{"rendered":"<p>\u201cVai se amar. Vai se amar. Vai se amar\u201d. \u201cMeu \u00fatero \u00e9 sagrado. Mas \u00e9 laico\u201d. \u201cA \u00e1gua toma a forma do corpo\u201d. \u201cObede\u00e7a \u00e0s paredes\u201d. \u201cPaulo, te amo\u201d. \u201cRebeca, saudades\u201d. \u201cLembra do meu beijo?\u201d. \u201cDemocracia j\u00e1\u201d. \u201cN\u00e3o deixe o futuro repetir o passado\u201d. Os passos apressados fazem os olhares misturarem as palavras, as formas e os pensamentos no andar de baixo do Eixo Rodovi\u00e1rio de Bras\u00edlia, a principal avenida que interliga as asas do Plano Piloto.<\/p>\n<p>Al\u00e9m das hist\u00f3rias oficiais, que remetem a uma paisagem arquitet\u00f4nica diferenciada, outro olhar pode ser explorado a partir de um cen\u00e1rio de interven\u00e7\u00f5es urbanas. Bras\u00edlia, a jovem que completou 64 anos neste domingo, tamb\u00e9m pode ser encontrada na multiplicidade de express\u00f5es que buscam definir belezas e desigualdades sob o mesmo c\u00e9u.<\/p>\n<p><strong>O andar de baixo<\/strong><br \/>\nSob o mesmo c\u00e9u, ou sob o mesmo teto. As passagens por baixo do Eix\u00e3o s\u00e3o verdadeiras galerias art\u00edsticas de grafites, picha\u00e7\u00f5es e recados, de amor ou de dor. \u201cMas, mo\u00e7a, se dores fossem flores, qu\u00e3o florido seria teu cora\u00e7\u00e3o?\u201d, questiona um verso sem assinatura na passagem pr\u00f3xima \u00e0 quadra 207, na Asa Norte. A bab\u00e1 Carolina Sales, de 33 anos, olhou para os versos e teve a certeza de que o cora\u00e7\u00e3o estaria repleto de margaridas, rosas e azaleias. Ela \u00e9 moradora da cidade de Santo Ant\u00f4nio do Descoberto (GO), no Entorno do Distrito Federal, a duas horas de \u00f4nibus de onde trabalha.<\/p>\n<p>Na rotina dela, o caminhar apressado pelas passagens subterr\u00e2neas \u00e9 apenas uma parte do percurso. Precisa correr para pegar o \u00f4nibus. No caminho, pensa nos quatro filhos que deixou em casa para poder trabalhar e cuidar de outras duas crian\u00e7as na casa de uma fam\u00edlia que n\u00e3o \u00e9 a sua. \u201cFico com o cora\u00e7\u00e3o apertado sim. Fa\u00e7o esse mesmo caminho h\u00e1 cinco anos e sempre passo por aqui. N\u00e3o consigo ler ou ver tudo. Mas acho bom. Al\u00e9m disso, n\u00e3o vou me arriscar a atravessar aqui por cima, pelo Eix\u00e3o\u201d<\/p>\n<p>Ela tem raz\u00e3o de ter o receio. Segundo o Detran-DF, de 2020 a 2023, oito pedestres e um ciclista morreram ao tentar atravessar a avenida, que tem velocidade m\u00e1xima de 80 quil\u00f4metros por hora. Por\u00e9m, de acordo com levantamento do Instituto de Pesquisa e Estat\u00edstica do Distrito Federal, mais de 45% dos entrevistados que moram nas redondezas da avenida, t\u00eam medo de inseguran\u00e7a. \u201cPor isso que sempre ando r\u00e1pido\u201d, diz a bab\u00e1, que sonha ter uma cl\u00ednica de massagista. Ela acha triste, \u00e0 noite, haver pessoas em situa\u00e7\u00e3o de rua que escolhem as passagens como teto e dormit\u00f3rio.<\/p>\n<p>Na mesma caminhada por essa passarela de interven\u00e7\u00f5es urbanas, a auxiliar de limpeza Jane Silva, de 54 anos, diz que faz o mesmo caminho desde 2019. Ficou pensativa diante do grafite de um animal do cerrado. \u201cEu j\u00e1 tentei decifrar. Ainda n\u00e3o consegui entender que bicho \u00e9 esse. Mas, como \u00e9 na ponta da escada, conforme vou chegando perto do desenho significa que estou perto do meu ponto de \u00f4nibus\u201d. Ela mora na regi\u00e3o administrativa de Samambaia, a uma hora do trabalho.<\/p>\n<p><strong>Olhares para cima<\/strong><br \/>\nSob a luz do c\u00e9u de Bras\u00edlia, parte do centro comercial pode ser admirado, como os dormentes do viaduto da Galeria dos Estados que s\u00e3o como molduras de telas. Grafites de diferentes autores e tem\u00e1ticas emolduram tamb\u00e9m o sonho da desempregada Cristina Carvalho, de 41 anos de idade.<\/p>\n<p>Com uma placa que ergue com uma das m\u00e3os, pede qualquer ajuda. Com a outra m\u00e3o, segura a vasilha para que algu\u00e9m compre um docinho. Ela deseja conseguir algum dia adquirir um carrinho para vender a\u00e7a\u00ed. Atualmente, mora de favor com dois filhos na casa de um parente em uma quitinete na Asa Sul. O viaduto da Galeria dos Estados foi pintado por mais de 100 artistas em 2021, durante evento de grafite. As pinturas deslumbram quem passa pelo local.<\/p>\n<p>Cristina \u00e9 m\u00e3e solo e pensa que precisa sozinha construir sua pr\u00f3pria paisagem. \u201cFico aqui em p\u00e9 por tr\u00eas horas. Essas obras me fazem companhia. Me fazem refletir sobre a minha vida\u201d. Imagens de animais do cerrado, grafites, versos de amor\u2026 \u201cEu tamb\u00e9m queria escrever um livro. J\u00e1 sonhei ser pedagoga. Hoje, queria ter um trabalho fixo como dom\u00e9stica. Mesmo assim, eu amo Bras\u00edlia. \u00c9 a minha cidade. Mesmo quando estou com problemas, esses desenhos me fazem bem\u201d.<\/p>\n<p><strong>Envolvimento<\/strong><br \/>\nUma das artistas grafiteiras que trabalha com cen\u00e1rios de paisagem \u00e9 Brixx Furtado. Ela come\u00e7ou a pintar com 13 anos de idade. \u201cEu sempre fui muito t\u00edmida. Eu vi no grafite uma possibilidade de poder me aproximar de outras pessoas\u201d. Diz que, ao pintar na rua, se envolver com as pessoas \u00e9 inevit\u00e1vel. Ela come\u00e7ou com a pr\u00e1tica em 2010. \u201cPassei a conhecer outros artistas. O grafite acabou abrindo portas para que eu pudesse estar em outros espa\u00e7os. Fui convidada para participar de exposi\u00e7\u00f5es e entrei no cen\u00e1rio da arte de outra forma\u201d, afirma.<\/p>\n<p>Brixx entende que a cidade pode ser uma grande tela, j\u00e1 que as galerias de artes pl\u00e1sticas nem sempre s\u00e3o acess\u00edveis. \u201cA arte urbana \u00e9 muito democr\u00e1tica. Como sempre fui uma mulher perif\u00e9rica, a rua \u00e9 onde me reconhe\u00e7o\u201d. Um dos lugares para reconhecer o trabalho da artista \u00e9 a W3 Sul, uma avenida que, antes dos shopping centers da cidade, funcionava como um dos mais importantes pontos comerciais da capital. \u201cEra um lugar muito f\u00e1cil para eu poder estar. E a W3 tem muita porta de com\u00e9rcio. Hoje, quase todas as portas s\u00e3o grafitadas. Mas era um espa\u00e7o muito tranquilo para pintar\u201d.<\/p>\n<p>Ela recorda que a avenida era ponto onde muitos grafiteiros gostavam de ir pintar em dia de domingo de manh\u00e3. \u201cUm lugar com baixo policiamento. Ent\u00e3o, a W3 ficava bem deserta\u201d. Mas aponta que, nos \u00faltimos anos, os grafiteiros passaram a ser mais hostilizados pela pol\u00edcia. \u201cEu j\u00e1 tive situa\u00e7\u00f5es onde chegaram apontando a arma. E fui levada no cambur\u00e3o. Apesar de o grafite ter se popularizado e passado a ser visto como menos marginal, apesar de ser completamente ilegal, existem muitas pessoas com o pensamento reacion\u00e1rio\u201d.<\/p>\n<p><strong>Multiplicidade<\/strong><br \/>\nFoi um pensamento da grafiteira que deu t\u00edtulo \u00e0 pesquisa de doutorado da professora, historiadora e muse\u00f3loga Renata Almendra: \u201cA cidade toda \u00e9 minha\u201d. \u201cEu chamo de grafite todo tipo de interven\u00e7\u00e3o visual, escrita, desenhada, rabiscada, colada, na cidade. Ent\u00e3o entra a\u00ed realmente essa arte urbana, mas tamb\u00e9m entra a picha\u00e7\u00e3o, os cartazes colados, nesse intuito art\u00edstico\u201d, afirmou a professora.<\/p>\n<p>A pesquisadora entende que Bras\u00edlia \u00e9 uma cidade muito diferente das demais, que t\u00eam configura\u00e7\u00e3o urbana mais tradicional, como S\u00e3o Paulo e o Rio de Janeiro. \u201cEssas cidades t\u00eam ruas, esquinas, pra\u00e7as, e, portanto, mais paredes e muros para grafitar\u201d.<\/p>\n<p>Renata entende que \u00e9 imposs\u00edvel demarcar perfis espec\u00edficos para as artes e os artistas. \u201cS\u00e3o v\u00e1rios tipos e estilos convivendo ao mesmo tempo. \u00c9 uma loucura, \u00e9 um barato. A gente v\u00ea a W3 Sul, que \u00e9 considerada a grande avenida de Bras\u00edlia. A din\u00e2mica da W3 em rela\u00e7\u00e3o a essas interven\u00e7\u00f5es urbanas \u00e9 muito interessante\u201d. Ela lembra que h\u00e1 propriet\u00e1rios de casas e de com\u00e9rcios que pedem a grafiteiros para pintar, a fim de coibir picha\u00e7\u00f5es.<\/p>\n<p><strong>A &#8220;galeria&#8221; W3<\/strong><br \/>\nViajar pela avenida W3 seria, ent\u00e3o, uma experi\u00eancia diferente, j\u00e1 que, em alguns trechos da via, tornou-se um corredor art\u00edstico nas paredes. \u201cH\u00e1 uma multiplicidade de estilos tamb\u00e9m, tanto do lado das casas quanto do lado das lojas\u201d, disse a pesquisadora que, para o trabalho, entrevistou 23 grafiteiros. Ela conta que os artistas dizem que preferem ir para o Plano Piloto, a fim de apresentar seus trabalhos porque t\u00eam mais visibilidade, como ocorre na W3.<\/p>\n<p>\u00c9 na avenida que \u00e1rvores s\u00e3o cobertas por croch\u00eas e, na altura da quadra 707, da Asa Sul, uma s\u00e9rie de obras figurativas nos muros, de colorido que ajudam a iluminar a noite, deixa os moradores curiosos.<\/p>\n<p>No ponto de \u00f4nibus, a estudante Rilei Silva, de 18 anos, espera o transporte para Samambaia e admira as obras. Ela lamenta que est\u00e1 desempregada, mas queria arrumar logo uma chance para alcan\u00e7ar o desejo de cursar fisioterapia. \u201c\u00c0s vezes, espero o \u00f4nibus por 50 minutos. Vejo esses desenhos de [Roberto] Burle Marx (1909 &#8211; 1954), ou o [Oscar] Niemeyer (1907 &#8211; 1912). Queria saber mais sobre eles\u201d.<\/p>\n<p><strong>Aula na rua<\/strong><br \/>\nEntre os artistas mais conhecidos no grafite da capital, Daniel Moraes, o Daniel Toys, de 33 anos, exp\u00f5e suas obras h\u00e1 mais de 20 anos. Gra\u00e7as ao seu trabalho, j\u00e1 foi convidado para estar em mais de 11 pa\u00edses.<\/p>\n<p>\u201cA arte mudou a minha vida. Eu pintei nas ruas aos 13 anos de idade. Eu gosto de levar meu trabalho para lugares que sejam carentes de arte, particularmente nas periferias. Quero espelhar sonhos\u201d. O artista gosta de ressignificar lugares e proporcionar motiva\u00e7\u00f5es, at\u00e9 em espa\u00e7os de lixo. \u201cAs ruas s\u00e3o minha principal escola\u201d, diz o artista.<\/p>\n<p>Ainda na W3, a desempregada Ana Marques, de 35 anos, concorda com o artista, e diz que a arte a estimula a continuar na luta por um emprego. Ela reclama que os grafites deveriam ter mais espa\u00e7o e que poderia haver mais fiscaliza\u00e7\u00e3o para n\u00e3o haver pixa\u00e7\u00e3o. \u201cAgora de noite, poderia ter mais luz para a gente saber mais\u201d, disse.<\/p>\n<p><strong>Tens\u00f5es<\/strong><br \/>\nPara a professora de arquitetura Maria Fernanda Derntl, da Universidade de Bras\u00edlia (UnB), as interven\u00e7\u00f5es urbanas expressam o modo como diversos grupos sociais expressam os fatos do Brasil. \u201cEssa cidade preservada, tal como ela foi pensada, tamb\u00e9m tem problemas. As grandes dist\u00e2ncias entre o Plano Piloto e as outras regi\u00f5es s\u00e3o parte deles\u201d.<\/p>\n<p>Ela considera que as manifesta\u00e7\u00f5es do grafite e de outras artes s\u00e3o eloquentes ao traduzir tens\u00f5es na cidade. \u201cUma das quest\u00f5es \u00e9 a gente ver o quanto est\u00e1 disposto a entender que o espa\u00e7o p\u00fablico \u00e9 lugar problem\u00e1tico e de conflitos. E podem ser express\u00e3o da diversidade\u201d, afirmou.<\/p>\n<p><strong>M\u00e3os dadas<\/strong><br \/>\nUm desses conflitos ocorreu na Vila do IAPI, em 1971, onde residiam trabalhadores da constru\u00e7\u00e3o civil da capital. Eles foram removidos para aquela \u00e1rea que se tornou a maior regi\u00e3o do Distrito Federal, a Ceil\u00e2ndia. Inspirado nessa hist\u00f3ria, um artista da regi\u00e3o, Gustavo Santos, o Gu da Cei, de 27 anos, tem, entre suas obras, uma escultura no local intitulada \u201cSonho de Morar\u201d, que est\u00e1 no meio do mato, j\u00e1 crescido. A forma \u00e9 de uma m\u00e3e de m\u00e3os dadas com o filho. \u201cA miss\u00e3o da arte \u00e9 incomodar e propor reflex\u00f5es. As interven\u00e7\u00f5es servem para isso mesmo\u201d, afirma.<\/p>\n<p>Segundo a vendedora Geiciane dos Santos, de 29 anos, que \u00e9 m\u00e3e solo de duas crian\u00e7as e mora com familiares na regi\u00e3o do IAPI, a escultura faz com que reflita sobre a pr\u00f3pria vida. Ela recebe um sal\u00e1rio m\u00ednimo e tem esperan\u00e7a de um dia ter a pr\u00f3pria casa. Com um dos seus meninos no colo, olhou para a imagem e se reconheceu. \u201cEssa sou eu, n\u00e9?\u201d.<\/p>\n","protected":false},"excerpt":{"rendered":"<p>\u201cVai se amar. Vai se amar. Vai se amar\u201d. \u201cMeu \u00fatero \u00e9 sagrado. Mas \u00e9 laico\u201d. \u201cA \u00e1gua toma a forma do corpo\u201d. \u201cObede\u00e7a \u00e0s paredes\u201d. \u201cPaulo, te amo\u201d. \u201cRebeca, saudades\u201d. \u201cLembra do meu beijo?\u201d. \u201cDemocracia j\u00e1\u201d. \u201cN\u00e3o deixe o futuro repetir o passado\u201d. Os passos apressados fazem os olhares misturarem as palavras, as formas [&hellip;]<\/p>\n","protected":false},"author":2,"featured_media":327214,"comment_status":"closed","ping_status":"closed","sticky":false,"template":"","format":"standard","meta":{"_acf_changed":false,"footnotes":""},"categories":[161],"tags":[],"class_list":["post-327213","post","type-post","status-publish","format-standard","has-post-thumbnail","hentry","category-quadradinho-em-foco"],"acf":[],"yoast_head":"<!-- This site is optimized with the Yoast SEO plugin v27.5 - https:\/\/yoast.com\/product\/yoast-seo-wordpress\/ -->\n<title>Interven\u00e7\u00f5es urbanas mostram Bras\u00edlia al\u00e9m do lado oficial - Notibras<\/title>\n<meta name=\"robots\" content=\"index, follow, max-snippet:-1, max-image-preview:large, max-video-preview:-1\" \/>\n<link rel=\"canonical\" href=\"https:\/\/www.notibras.com\/site\/intervencoes-urbanas-mostram-brasilia-alem-do-lado-oficial\/\" \/>\n<meta property=\"og:locale\" content=\"pt_BR\" \/>\n<meta property=\"og:type\" content=\"article\" \/>\n<meta property=\"og:title\" content=\"Interven\u00e7\u00f5es urbanas mostram Bras\u00edlia al\u00e9m do lado oficial - Notibras\" \/>\n<meta property=\"og:description\" content=\"\u201cVai se amar. Vai se amar. Vai se amar\u201d. \u201cMeu \u00fatero \u00e9 sagrado. Mas \u00e9 laico\u201d. \u201cA \u00e1gua toma a forma do corpo\u201d. \u201cObede\u00e7a \u00e0s paredes\u201d. \u201cPaulo, te amo\u201d. \u201cRebeca, saudades\u201d. \u201cLembra do meu beijo?\u201d. \u201cDemocracia j\u00e1\u201d. \u201cN\u00e3o deixe o futuro repetir o passado\u201d. Os passos apressados fazem os olhares misturarem as palavras, as formas [&hellip;]\" \/>\n<meta property=\"og:url\" content=\"https:\/\/www.notibras.com\/site\/intervencoes-urbanas-mostram-brasilia-alem-do-lado-oficial\/\" \/>\n<meta property=\"og:site_name\" content=\"Notibras\" \/>\n<meta property=\"article:publisher\" content=\"https:\/\/www.facebook.com\/notibras\/\" \/>\n<meta property=\"article:published_time\" content=\"2024-04-22T03:00:16+00:00\" \/>\n<meta property=\"article:modified_time\" content=\"2024-04-22T12:37:38+00:00\" \/>\n<meta property=\"og:image\" content=\"https:\/\/www.notibras.com\/site\/wp-content\/uploads\/2024\/04\/bsb.46.webp\" \/>\n\t<meta property=\"og:image:width\" content=\"1170\" \/>\n\t<meta property=\"og:image:height\" content=\"700\" \/>\n\t<meta property=\"og:image:type\" content=\"image\/webp\" \/>\n<meta name=\"author\" content=\"Reda\u00e7\u00e3o\" \/>\n<meta name=\"twitter:card\" content=\"summary_large_image\" \/>\n<meta name=\"twitter:creator\" content=\"@Notibras\" \/>\n<meta name=\"twitter:site\" content=\"@Notibras\" \/>\n<meta name=\"twitter:label1\" content=\"Escrito por\" \/>\n\t<meta name=\"twitter:data1\" content=\"Reda\u00e7\u00e3o\" \/>\n\t<meta name=\"twitter:label2\" content=\"Est. tempo de leitura\" \/>\n\t<meta name=\"twitter:data2\" content=\"11 minutos\" \/>\n<script type=\"application\/ld+json\" class=\"yoast-schema-graph\">{\"@context\":\"https:\\\/\\\/schema.org\",\"@graph\":[{\"@type\":\"Article\",\"@id\":\"https:\\\/\\\/www.notibras.com\\\/site\\\/intervencoes-urbanas-mostram-brasilia-alem-do-lado-oficial\\\/#article\",\"isPartOf\":{\"@id\":\"https:\\\/\\\/www.notibras.com\\\/site\\\/intervencoes-urbanas-mostram-brasilia-alem-do-lado-oficial\\\/\"},\"author\":{\"name\":\"Reda\u00e7\u00e3o\",\"@id\":\"https:\\\/\\\/www.notibras.com\\\/site\\\/#\\\/schema\\\/person\\\/36ab0979449956132d3e5b517ea76ac8\"},\"headline\":\"Interven\u00e7\u00f5es urbanas mostram Bras\u00edlia al\u00e9m do lado oficial\",\"datePublished\":\"2024-04-22T03:00:16+00:00\",\"dateModified\":\"2024-04-22T12:37:38+00:00\",\"mainEntityOfPage\":{\"@id\":\"https:\\\/\\\/www.notibras.com\\\/site\\\/intervencoes-urbanas-mostram-brasilia-alem-do-lado-oficial\\\/\"},\"wordCount\":1905,\"publisher\":{\"@id\":\"https:\\\/\\\/www.notibras.com\\\/site\\\/#organization\"},\"image\":{\"@id\":\"https:\\\/\\\/www.notibras.com\\\/site\\\/intervencoes-urbanas-mostram-brasilia-alem-do-lado-oficial\\\/#primaryimage\"},\"thumbnailUrl\":\"https:\\\/\\\/www.notibras.com\\\/site\\\/wp-content\\\/uploads\\\/2024\\\/04\\\/bsb.46.webp\",\"articleSection\":[\"Quadradinho em Foco\"],\"inLanguage\":\"pt-BR\"},{\"@type\":\"WebPage\",\"@id\":\"https:\\\/\\\/www.notibras.com\\\/site\\\/intervencoes-urbanas-mostram-brasilia-alem-do-lado-oficial\\\/\",\"url\":\"https:\\\/\\\/www.notibras.com\\\/site\\\/intervencoes-urbanas-mostram-brasilia-alem-do-lado-oficial\\\/\",\"name\":\"Interven\u00e7\u00f5es urbanas mostram Bras\u00edlia al\u00e9m do lado oficial - Notibras\",\"isPartOf\":{\"@id\":\"https:\\\/\\\/www.notibras.com\\\/site\\\/#website\"},\"primaryImageOfPage\":{\"@id\":\"https:\\\/\\\/www.notibras.com\\\/site\\\/intervencoes-urbanas-mostram-brasilia-alem-do-lado-oficial\\\/#primaryimage\"},\"image\":{\"@id\":\"https:\\\/\\\/www.notibras.com\\\/site\\\/intervencoes-urbanas-mostram-brasilia-alem-do-lado-oficial\\\/#primaryimage\"},\"thumbnailUrl\":\"https:\\\/\\\/www.notibras.com\\\/site\\\/wp-content\\\/uploads\\\/2024\\\/04\\\/bsb.46.webp\",\"datePublished\":\"2024-04-22T03:00:16+00:00\",\"dateModified\":\"2024-04-22T12:37:38+00:00\",\"breadcrumb\":{\"@id\":\"https:\\\/\\\/www.notibras.com\\\/site\\\/intervencoes-urbanas-mostram-brasilia-alem-do-lado-oficial\\\/#breadcrumb\"},\"inLanguage\":\"pt-BR\",\"potentialAction\":[{\"@type\":\"ReadAction\",\"target\":[\"https:\\\/\\\/www.notibras.com\\\/site\\\/intervencoes-urbanas-mostram-brasilia-alem-do-lado-oficial\\\/\"]}]},{\"@type\":\"ImageObject\",\"inLanguage\":\"pt-BR\",\"@id\":\"https:\\\/\\\/www.notibras.com\\\/site\\\/intervencoes-urbanas-mostram-brasilia-alem-do-lado-oficial\\\/#primaryimage\",\"url\":\"https:\\\/\\\/www.notibras.com\\\/site\\\/wp-content\\\/uploads\\\/2024\\\/04\\\/bsb.46.webp\",\"contentUrl\":\"https:\\\/\\\/www.notibras.com\\\/site\\\/wp-content\\\/uploads\\\/2024\\\/04\\\/bsb.46.webp\",\"width\":1170,\"height\":700},{\"@type\":\"BreadcrumbList\",\"@id\":\"https:\\\/\\\/www.notibras.com\\\/site\\\/intervencoes-urbanas-mostram-brasilia-alem-do-lado-oficial\\\/#breadcrumb\",\"itemListElement\":[{\"@type\":\"ListItem\",\"position\":1,\"name\":\"In\u00edcio\",\"item\":\"https:\\\/\\\/www.notibras.com\\\/site\\\/\"},{\"@type\":\"ListItem\",\"position\":2,\"name\":\"Interven\u00e7\u00f5es urbanas mostram Bras\u00edlia al\u00e9m do lado oficial\"}]},{\"@type\":\"WebSite\",\"@id\":\"https:\\\/\\\/www.notibras.com\\\/site\\\/#website\",\"url\":\"https:\\\/\\\/www.notibras.com\\\/site\\\/\",\"name\":\"Notibras\",\"description\":\"Not\u00edcias de Bras\u00edlia, do Brasil e do Mundo\",\"publisher\":{\"@id\":\"https:\\\/\\\/www.notibras.com\\\/site\\\/#organization\"},\"potentialAction\":[{\"@type\":\"SearchAction\",\"target\":{\"@type\":\"EntryPoint\",\"urlTemplate\":\"https:\\\/\\\/www.notibras.com\\\/site\\\/?s={search_term_string}\"},\"query-input\":{\"@type\":\"PropertyValueSpecification\",\"valueRequired\":true,\"valueName\":\"search_term_string\"}}],\"inLanguage\":\"pt-BR\"},{\"@type\":\"Organization\",\"@id\":\"https:\\\/\\\/www.notibras.com\\\/site\\\/#organization\",\"name\":\"Grupo Notibras de Comunica\u00e7\u00e3o\",\"url\":\"https:\\\/\\\/www.notibras.com\\\/site\\\/\",\"logo\":{\"@type\":\"ImageObject\",\"inLanguage\":\"pt-BR\",\"@id\":\"https:\\\/\\\/www.notibras.com\\\/site\\\/#\\\/schema\\\/logo\\\/image\\\/\",\"url\":\"https:\\\/\\\/www.notibras.com\\\/site\\\/wp-content\\\/uploads\\\/2023\\\/01\\\/notibras23.png\",\"contentUrl\":\"https:\\\/\\\/www.notibras.com\\\/site\\\/wp-content\\\/uploads\\\/2023\\\/01\\\/notibras23.png\",\"width\":350,\"height\":87,\"caption\":\"Grupo Notibras de Comunica\u00e7\u00e3o\"},\"image\":{\"@id\":\"https:\\\/\\\/www.notibras.com\\\/site\\\/#\\\/schema\\\/logo\\\/image\\\/\"},\"sameAs\":[\"https:\\\/\\\/www.facebook.com\\\/notibras\\\/\",\"https:\\\/\\\/x.com\\\/Notibras\",\"https:\\\/\\\/www.instagram.com\\\/notibras\\\/\"]},{\"@type\":\"Person\",\"@id\":\"https:\\\/\\\/www.notibras.com\\\/site\\\/#\\\/schema\\\/person\\\/36ab0979449956132d3e5b517ea76ac8\",\"name\":\"Reda\u00e7\u00e3o\",\"image\":{\"@type\":\"ImageObject\",\"inLanguage\":\"pt-BR\",\"@id\":\"https:\\\/\\\/secure.gravatar.com\\\/avatar\\\/e0a867bdedb85fd243eadf09663511f96fc81e0720a4a42581f334ad4303aa6b?s=96&d=mm&r=g\",\"url\":\"https:\\\/\\\/secure.gravatar.com\\\/avatar\\\/e0a867bdedb85fd243eadf09663511f96fc81e0720a4a42581f334ad4303aa6b?s=96&d=mm&r=g\",\"contentUrl\":\"https:\\\/\\\/secure.gravatar.com\\\/avatar\\\/e0a867bdedb85fd243eadf09663511f96fc81e0720a4a42581f334ad4303aa6b?s=96&d=mm&r=g\",\"caption\":\"Reda\u00e7\u00e3o\"}}]}<\/script>\n<!-- \/ Yoast SEO plugin. -->","yoast_head_json":{"title":"Interven\u00e7\u00f5es urbanas mostram Bras\u00edlia al\u00e9m do lado oficial - Notibras","robots":{"index":"index","follow":"follow","max-snippet":"max-snippet:-1","max-image-preview":"max-image-preview:large","max-video-preview":"max-video-preview:-1"},"canonical":"https:\/\/www.notibras.com\/site\/intervencoes-urbanas-mostram-brasilia-alem-do-lado-oficial\/","og_locale":"pt_BR","og_type":"article","og_title":"Interven\u00e7\u00f5es urbanas mostram Bras\u00edlia al\u00e9m do lado oficial - Notibras","og_description":"\u201cVai se amar. Vai se amar. Vai se amar\u201d. \u201cMeu \u00fatero \u00e9 sagrado. Mas \u00e9 laico\u201d. \u201cA \u00e1gua toma a forma do corpo\u201d. \u201cObede\u00e7a \u00e0s paredes\u201d. \u201cPaulo, te amo\u201d. \u201cRebeca, saudades\u201d. \u201cLembra do meu beijo?\u201d. \u201cDemocracia j\u00e1\u201d. \u201cN\u00e3o deixe o futuro repetir o passado\u201d. Os passos apressados fazem os olhares misturarem as palavras, as formas [&hellip;]","og_url":"https:\/\/www.notibras.com\/site\/intervencoes-urbanas-mostram-brasilia-alem-do-lado-oficial\/","og_site_name":"Notibras","article_publisher":"https:\/\/www.facebook.com\/notibras\/","article_published_time":"2024-04-22T03:00:16+00:00","article_modified_time":"2024-04-22T12:37:38+00:00","og_image":[{"width":1170,"height":700,"url":"https:\/\/www.notibras.com\/site\/wp-content\/uploads\/2024\/04\/bsb.46.webp","type":"image\/webp"}],"author":"Reda\u00e7\u00e3o","twitter_card":"summary_large_image","twitter_creator":"@Notibras","twitter_site":"@Notibras","twitter_misc":{"Escrito por":"Reda\u00e7\u00e3o","Est. tempo de leitura":"11 minutos"},"schema":{"@context":"https:\/\/schema.org","@graph":[{"@type":"Article","@id":"https:\/\/www.notibras.com\/site\/intervencoes-urbanas-mostram-brasilia-alem-do-lado-oficial\/#article","isPartOf":{"@id":"https:\/\/www.notibras.com\/site\/intervencoes-urbanas-mostram-brasilia-alem-do-lado-oficial\/"},"author":{"name":"Reda\u00e7\u00e3o","@id":"https:\/\/www.notibras.com\/site\/#\/schema\/person\/36ab0979449956132d3e5b517ea76ac8"},"headline":"Interven\u00e7\u00f5es urbanas mostram Bras\u00edlia al\u00e9m do lado oficial","datePublished":"2024-04-22T03:00:16+00:00","dateModified":"2024-04-22T12:37:38+00:00","mainEntityOfPage":{"@id":"https:\/\/www.notibras.com\/site\/intervencoes-urbanas-mostram-brasilia-alem-do-lado-oficial\/"},"wordCount":1905,"publisher":{"@id":"https:\/\/www.notibras.com\/site\/#organization"},"image":{"@id":"https:\/\/www.notibras.com\/site\/intervencoes-urbanas-mostram-brasilia-alem-do-lado-oficial\/#primaryimage"},"thumbnailUrl":"https:\/\/www.notibras.com\/site\/wp-content\/uploads\/2024\/04\/bsb.46.webp","articleSection":["Quadradinho em Foco"],"inLanguage":"pt-BR"},{"@type":"WebPage","@id":"https:\/\/www.notibras.com\/site\/intervencoes-urbanas-mostram-brasilia-alem-do-lado-oficial\/","url":"https:\/\/www.notibras.com\/site\/intervencoes-urbanas-mostram-brasilia-alem-do-lado-oficial\/","name":"Interven\u00e7\u00f5es urbanas mostram Bras\u00edlia al\u00e9m do lado oficial - Notibras","isPartOf":{"@id":"https:\/\/www.notibras.com\/site\/#website"},"primaryImageOfPage":{"@id":"https:\/\/www.notibras.com\/site\/intervencoes-urbanas-mostram-brasilia-alem-do-lado-oficial\/#primaryimage"},"image":{"@id":"https:\/\/www.notibras.com\/site\/intervencoes-urbanas-mostram-brasilia-alem-do-lado-oficial\/#primaryimage"},"thumbnailUrl":"https:\/\/www.notibras.com\/site\/wp-content\/uploads\/2024\/04\/bsb.46.webp","datePublished":"2024-04-22T03:00:16+00:00","dateModified":"2024-04-22T12:37:38+00:00","breadcrumb":{"@id":"https:\/\/www.notibras.com\/site\/intervencoes-urbanas-mostram-brasilia-alem-do-lado-oficial\/#breadcrumb"},"inLanguage":"pt-BR","potentialAction":[{"@type":"ReadAction","target":["https:\/\/www.notibras.com\/site\/intervencoes-urbanas-mostram-brasilia-alem-do-lado-oficial\/"]}]},{"@type":"ImageObject","inLanguage":"pt-BR","@id":"https:\/\/www.notibras.com\/site\/intervencoes-urbanas-mostram-brasilia-alem-do-lado-oficial\/#primaryimage","url":"https:\/\/www.notibras.com\/site\/wp-content\/uploads\/2024\/04\/bsb.46.webp","contentUrl":"https:\/\/www.notibras.com\/site\/wp-content\/uploads\/2024\/04\/bsb.46.webp","width":1170,"height":700},{"@type":"BreadcrumbList","@id":"https:\/\/www.notibras.com\/site\/intervencoes-urbanas-mostram-brasilia-alem-do-lado-oficial\/#breadcrumb","itemListElement":[{"@type":"ListItem","position":1,"name":"In\u00edcio","item":"https:\/\/www.notibras.com\/site\/"},{"@type":"ListItem","position":2,"name":"Interven\u00e7\u00f5es urbanas mostram Bras\u00edlia al\u00e9m do lado oficial"}]},{"@type":"WebSite","@id":"https:\/\/www.notibras.com\/site\/#website","url":"https:\/\/www.notibras.com\/site\/","name":"Notibras","description":"Not\u00edcias de Bras\u00edlia, do Brasil e do Mundo","publisher":{"@id":"https:\/\/www.notibras.com\/site\/#organization"},"potentialAction":[{"@type":"SearchAction","target":{"@type":"EntryPoint","urlTemplate":"https:\/\/www.notibras.com\/site\/?s={search_term_string}"},"query-input":{"@type":"PropertyValueSpecification","valueRequired":true,"valueName":"search_term_string"}}],"inLanguage":"pt-BR"},{"@type":"Organization","@id":"https:\/\/www.notibras.com\/site\/#organization","name":"Grupo Notibras de Comunica\u00e7\u00e3o","url":"https:\/\/www.notibras.com\/site\/","logo":{"@type":"ImageObject","inLanguage":"pt-BR","@id":"https:\/\/www.notibras.com\/site\/#\/schema\/logo\/image\/","url":"https:\/\/www.notibras.com\/site\/wp-content\/uploads\/2023\/01\/notibras23.png","contentUrl":"https:\/\/www.notibras.com\/site\/wp-content\/uploads\/2023\/01\/notibras23.png","width":350,"height":87,"caption":"Grupo Notibras de Comunica\u00e7\u00e3o"},"image":{"@id":"https:\/\/www.notibras.com\/site\/#\/schema\/logo\/image\/"},"sameAs":["https:\/\/www.facebook.com\/notibras\/","https:\/\/x.com\/Notibras","https:\/\/www.instagram.com\/notibras\/"]},{"@type":"Person","@id":"https:\/\/www.notibras.com\/site\/#\/schema\/person\/36ab0979449956132d3e5b517ea76ac8","name":"Reda\u00e7\u00e3o","image":{"@type":"ImageObject","inLanguage":"pt-BR","@id":"https:\/\/secure.gravatar.com\/avatar\/e0a867bdedb85fd243eadf09663511f96fc81e0720a4a42581f334ad4303aa6b?s=96&d=mm&r=g","url":"https:\/\/secure.gravatar.com\/avatar\/e0a867bdedb85fd243eadf09663511f96fc81e0720a4a42581f334ad4303aa6b?s=96&d=mm&r=g","contentUrl":"https:\/\/secure.gravatar.com\/avatar\/e0a867bdedb85fd243eadf09663511f96fc81e0720a4a42581f334ad4303aa6b?s=96&d=mm&r=g","caption":"Reda\u00e7\u00e3o"}}]}},"amp_enabled":true,"_links":{"self":[{"href":"https:\/\/www.notibras.com\/site\/wp-json\/wp\/v2\/posts\/327213","targetHints":{"allow":["GET"]}}],"collection":[{"href":"https:\/\/www.notibras.com\/site\/wp-json\/wp\/v2\/posts"}],"about":[{"href":"https:\/\/www.notibras.com\/site\/wp-json\/wp\/v2\/types\/post"}],"author":[{"embeddable":true,"href":"https:\/\/www.notibras.com\/site\/wp-json\/wp\/v2\/users\/2"}],"replies":[{"embeddable":true,"href":"https:\/\/www.notibras.com\/site\/wp-json\/wp\/v2\/comments?post=327213"}],"version-history":[{"count":1,"href":"https:\/\/www.notibras.com\/site\/wp-json\/wp\/v2\/posts\/327213\/revisions"}],"predecessor-version":[{"id":327215,"href":"https:\/\/www.notibras.com\/site\/wp-json\/wp\/v2\/posts\/327213\/revisions\/327215"}],"wp:featuredmedia":[{"embeddable":true,"href":"https:\/\/www.notibras.com\/site\/wp-json\/wp\/v2\/media\/327214"}],"wp:attachment":[{"href":"https:\/\/www.notibras.com\/site\/wp-json\/wp\/v2\/media?parent=327213"}],"wp:term":[{"taxonomy":"category","embeddable":true,"href":"https:\/\/www.notibras.com\/site\/wp-json\/wp\/v2\/categories?post=327213"},{"taxonomy":"post_tag","embeddable":true,"href":"https:\/\/www.notibras.com\/site\/wp-json\/wp\/v2\/tags?post=327213"}],"curies":[{"name":"wp","href":"https:\/\/api.w.org\/{rel}","templated":true}]}}