{"id":327216,"date":"2024-04-22T00:00:48","date_gmt":"2024-04-22T03:00:48","guid":{"rendered":"https:\/\/www.notibras.com\/site\/?p=327216"},"modified":"2024-04-22T09:46:17","modified_gmt":"2024-04-22T12:46:17","slug":"lembrete-de-que-terceira-parcela-do-ipva-vence-entre-os-dias-22-e-26","status":"publish","type":"post","link":"https:\/\/www.notibras.com\/site\/lembrete-de-que-terceira-parcela-do-ipva-vence-entre-os-dias-22-e-26\/","title":{"rendered":"Lembrete de que terceira parcela do IPVA vence entre os dias 22 e 26"},"content":{"rendered":"<p>Propriet\u00e1rios de autom\u00f3veis devem ficar atentos \u00e0s datas de vencimento do Imposto sobre a Propriedade de Ve\u00edculos (IPVA). A terceira parcela come\u00e7a a vencer nesta segunda, 22, e segue at\u00e9 26 de abril, conforme o n\u00famero final da placa do ve\u00edculo. O tributo pode ser pago em at\u00e9 seis parcelas e o Governo do Distrito Federal estima arrecadar R$ 1,7 bilh\u00e3o com a tributa\u00e7\u00e3o.<\/p>\n<p>As parcelas s\u00e3o iguais e sucessivas e n\u00e3o podem ter valor menor que R$ 50. Caso haja valor residual devido \u00e0 divis\u00e3o em parcelas, a cobran\u00e7a ser\u00e1 incorporada \u00e0 \u00faltima cota. As datas de vencimento s\u00e3o definidas com base no algarismo final da placa do ve\u00edculo. Quando o valor total do tributo for inferior a R$ 100, o pagamento \u00e9 feito em cota \u00fanica, que venceu em fevereiro.<\/p>\n<p>Com isso, ve\u00edculos com placa com final 1 ou 2 ter\u00e3o vencimento no dia 22 de abril. J\u00e1 os que t\u00eam final 3 ou 4, vencem em 23 de abril. Para os algarismos finais 5 ou 6, o prazo para pagamento \u00e9 24 de abril. Se for 7 ou 8, a data \u00e9 25 de abril. Por fim, finais 9 ou 0 vencem dia 26 de abril, conforme a Portaria n\u00ba 337, de 14 de novembro de 2023.<\/p>\n<p>O gerente de Gest\u00e3o do IPVA, Edson Miranda, observa que motoristas com os pagamentos em atraso pagar\u00e3o juros e multas. Al\u00e9m disso, podem ter o nome inclu\u00eddo na D\u00edvida Ativa do DF. Mais do que isso, ele destaca a relev\u00e2ncia para a cidade.<\/p>\n<p>\u201c\u00c9 importante que a sociedade pague os impostos, pois eles ser\u00e3o revertidos em melhorias para todas as pessoas\u201d, afirma o gerente.<\/p>\n<p>Os recursos arrecadados garantem a continuidade de servi\u00e7os essenciais prestados pelo Estado \u00e0 popula\u00e7\u00e3o, entre eles constru\u00e7\u00e3o de escolas e pagamento de pessoal. Quem n\u00e3o estiver em dia tamb\u00e9m corre o risco de ter o ve\u00edculo apreendido pelo Departamento de Tr\u00e2nsito do DF (Detran-DF) at\u00e9 a quita\u00e7\u00e3o do d\u00e9bito.<\/p>\n<p>Para fazer a emiss\u00e3o do boleto do IPVA, basta acessar o site da Receita do DF.<\/p>\n","protected":false},"excerpt":{"rendered":"<p>Propriet\u00e1rios de autom\u00f3veis devem ficar atentos \u00e0s datas de vencimento do Imposto sobre a Propriedade de Ve\u00edculos (IPVA). A terceira parcela come\u00e7a a vencer nesta segunda, 22, e segue at\u00e9 26 de abril, conforme o n\u00famero final da placa do ve\u00edculo. O tributo pode ser pago em at\u00e9 seis parcelas e o Governo do Distrito [&hellip;]<\/p>\n","protected":false},"author":2,"featured_media":126287,"comment_status":"closed","ping_status":"closed","sticky":false,"template":"","format":"standard","meta":{"_acf_changed":false,"footnotes":""},"categories":[161],"tags":[],"class_list":["post-327216","post","type-post","status-publish","format-standard","has-post-thumbnail","hentry","category-quadradinho-em-foco"],"acf":[],"yoast_head":"<!-- This site is optimized with the Yoast SEO plugin v27.5 - https:\/\/yoast.com\/product\/yoast-seo-wordpress\/ -->\n<title>Lembrete de que terceira parcela do IPVA vence entre os dias 22 e 26 - Notibras<\/title>\n<meta name=\"robots\" content=\"index, follow, max-snippet:-1, max-image-preview:large, max-video-preview:-1\" \/>\n<link rel=\"canonical\" href=\"https:\/\/www.notibras.com\/site\/lembrete-de-que-terceira-parcela-do-ipva-vence-entre-os-dias-22-e-26\/\" \/>\n<meta property=\"og:locale\" content=\"pt_BR\" \/>\n<meta property=\"og:type\" content=\"article\" \/>\n<meta property=\"og:title\" content=\"Lembrete de que terceira parcela do IPVA vence entre os dias 22 e 26 - Notibras\" \/>\n<meta property=\"og:description\" content=\"Propriet\u00e1rios de autom\u00f3veis devem ficar atentos \u00e0s datas de vencimento do Imposto sobre a Propriedade de Ve\u00edculos (IPVA). A terceira parcela come\u00e7a a vencer nesta segunda, 22, e segue at\u00e9 26 de abril, conforme o n\u00famero final da placa do ve\u00edculo. O tributo pode ser pago em at\u00e9 seis parcelas e o Governo do Distrito [&hellip;]\" \/>\n<meta property=\"og:url\" content=\"https:\/\/www.notibras.com\/site\/lembrete-de-que-terceira-parcela-do-ipva-vence-entre-os-dias-22-e-26\/\" \/>\n<meta property=\"og:site_name\" content=\"Notibras\" \/>\n<meta property=\"article:publisher\" content=\"https:\/\/www.facebook.com\/notibras\/\" \/>\n<meta property=\"article:published_time\" content=\"2024-04-22T03:00:48+00:00\" \/>\n<meta property=\"article:modified_time\" content=\"2024-04-22T12:46:17+00:00\" \/>\n<meta property=\"og:image\" content=\"https:\/\/www.notibras.com\/site\/wp-content\/uploads\/2017\/01\/imprimir-barne-ipva-nota-legal-denio-simoes-640x427.jpg\" \/>\n\t<meta property=\"og:image:width\" content=\"640\" \/>\n\t<meta property=\"og:image:height\" content=\"427\" \/>\n\t<meta property=\"og:image:type\" content=\"image\/jpeg\" \/>\n<meta name=\"author\" content=\"Reda\u00e7\u00e3o\" \/>\n<meta name=\"twitter:card\" content=\"summary_large_image\" \/>\n<meta name=\"twitter:creator\" content=\"@Notibras\" \/>\n<meta name=\"twitter:site\" content=\"@Notibras\" \/>\n<meta name=\"twitter:label1\" content=\"Escrito por\" \/>\n\t<meta name=\"twitter:data1\" content=\"Reda\u00e7\u00e3o\" \/>\n\t<meta name=\"twitter:label2\" content=\"Est. tempo de leitura\" \/>\n\t<meta name=\"twitter:data2\" content=\"3 minutos\" \/>\n<script type=\"application\/ld+json\" class=\"yoast-schema-graph\">{\"@context\":\"https:\\\/\\\/schema.org\",\"@graph\":[{\"@type\":\"Article\",\"@id\":\"https:\\\/\\\/www.notibras.com\\\/site\\\/lembrete-de-que-terceira-parcela-do-ipva-vence-entre-os-dias-22-e-26\\\/#article\",\"isPartOf\":{\"@id\":\"https:\\\/\\\/www.notibras.com\\\/site\\\/lembrete-de-que-terceira-parcela-do-ipva-vence-entre-os-dias-22-e-26\\\/\"},\"author\":{\"name\":\"Reda\u00e7\u00e3o\",\"@id\":\"https:\\\/\\\/www.notibras.com\\\/site\\\/#\\\/schema\\\/person\\\/36ab0979449956132d3e5b517ea76ac8\"},\"headline\":\"Lembrete de que terceira parcela do IPVA vence entre os dias 22 e 26\",\"datePublished\":\"2024-04-22T03:00:48+00:00\",\"dateModified\":\"2024-04-22T12:46:17+00:00\",\"mainEntityOfPage\":{\"@id\":\"https:\\\/\\\/www.notibras.com\\\/site\\\/lembrete-de-que-terceira-parcela-do-ipva-vence-entre-os-dias-22-e-26\\\/\"},\"wordCount\":355,\"publisher\":{\"@id\":\"https:\\\/\\\/www.notibras.com\\\/site\\\/#organization\"},\"image\":{\"@id\":\"https:\\\/\\\/www.notibras.com\\\/site\\\/lembrete-de-que-terceira-parcela-do-ipva-vence-entre-os-dias-22-e-26\\\/#primaryimage\"},\"thumbnailUrl\":\"https:\\\/\\\/www.notibras.com\\\/site\\\/wp-content\\\/uploads\\\/2017\\\/01\\\/imprimir-barne-ipva-nota-legal-denio-simoes-640x427.jpg\",\"articleSection\":[\"Quadradinho em Foco\"],\"inLanguage\":\"pt-BR\"},{\"@type\":\"WebPage\",\"@id\":\"https:\\\/\\\/www.notibras.com\\\/site\\\/lembrete-de-que-terceira-parcela-do-ipva-vence-entre-os-dias-22-e-26\\\/\",\"url\":\"https:\\\/\\\/www.notibras.com\\\/site\\\/lembrete-de-que-terceira-parcela-do-ipva-vence-entre-os-dias-22-e-26\\\/\",\"name\":\"Lembrete de que terceira parcela do IPVA vence entre os dias 22 e 26 - Notibras\",\"isPartOf\":{\"@id\":\"https:\\\/\\\/www.notibras.com\\\/site\\\/#website\"},\"primaryImageOfPage\":{\"@id\":\"https:\\\/\\\/www.notibras.com\\\/site\\\/lembrete-de-que-terceira-parcela-do-ipva-vence-entre-os-dias-22-e-26\\\/#primaryimage\"},\"image\":{\"@id\":\"https:\\\/\\\/www.notibras.com\\\/site\\\/lembrete-de-que-terceira-parcela-do-ipva-vence-entre-os-dias-22-e-26\\\/#primaryimage\"},\"thumbnailUrl\":\"https:\\\/\\\/www.notibras.com\\\/site\\\/wp-content\\\/uploads\\\/2017\\\/01\\\/imprimir-barne-ipva-nota-legal-denio-simoes-640x427.jpg\",\"datePublished\":\"2024-04-22T03:00:48+00:00\",\"dateModified\":\"2024-04-22T12:46:17+00:00\",\"breadcrumb\":{\"@id\":\"https:\\\/\\\/www.notibras.com\\\/site\\\/lembrete-de-que-terceira-parcela-do-ipva-vence-entre-os-dias-22-e-26\\\/#breadcrumb\"},\"inLanguage\":\"pt-BR\",\"potentialAction\":[{\"@type\":\"ReadAction\",\"target\":[\"https:\\\/\\\/www.notibras.com\\\/site\\\/lembrete-de-que-terceira-parcela-do-ipva-vence-entre-os-dias-22-e-26\\\/\"]}]},{\"@type\":\"ImageObject\",\"inLanguage\":\"pt-BR\",\"@id\":\"https:\\\/\\\/www.notibras.com\\\/site\\\/lembrete-de-que-terceira-parcela-do-ipva-vence-entre-os-dias-22-e-26\\\/#primaryimage\",\"url\":\"https:\\\/\\\/www.notibras.com\\\/site\\\/wp-content\\\/uploads\\\/2017\\\/01\\\/imprimir-barne-ipva-nota-legal-denio-simoes-640x427.jpg\",\"contentUrl\":\"https:\\\/\\\/www.notibras.com\\\/site\\\/wp-content\\\/uploads\\\/2017\\\/01\\\/imprimir-barne-ipva-nota-legal-denio-simoes-640x427.jpg\",\"width\":640,\"height\":427},{\"@type\":\"BreadcrumbList\",\"@id\":\"https:\\\/\\\/www.notibras.com\\\/site\\\/lembrete-de-que-terceira-parcela-do-ipva-vence-entre-os-dias-22-e-26\\\/#breadcrumb\",\"itemListElement\":[{\"@type\":\"ListItem\",\"position\":1,\"name\":\"In\u00edcio\",\"item\":\"https:\\\/\\\/www.notibras.com\\\/site\\\/\"},{\"@type\":\"ListItem\",\"position\":2,\"name\":\"Lembrete de que terceira parcela do IPVA vence entre os dias 22 e 26\"}]},{\"@type\":\"WebSite\",\"@id\":\"https:\\\/\\\/www.notibras.com\\\/site\\\/#website\",\"url\":\"https:\\\/\\\/www.notibras.com\\\/site\\\/\",\"name\":\"Notibras\",\"description\":\"Not\u00edcias de Bras\u00edlia, do Brasil e do Mundo\",\"publisher\":{\"@id\":\"https:\\\/\\\/www.notibras.com\\\/site\\\/#organization\"},\"potentialAction\":[{\"@type\":\"SearchAction\",\"target\":{\"@type\":\"EntryPoint\",\"urlTemplate\":\"https:\\\/\\\/www.notibras.com\\\/site\\\/?s={search_term_string}\"},\"query-input\":{\"@type\":\"PropertyValueSpecification\",\"valueRequired\":true,\"valueName\":\"search_term_string\"}}],\"inLanguage\":\"pt-BR\"},{\"@type\":\"Organization\",\"@id\":\"https:\\\/\\\/www.notibras.com\\\/site\\\/#organization\",\"name\":\"Grupo Notibras de Comunica\u00e7\u00e3o\",\"url\":\"https:\\\/\\\/www.notibras.com\\\/site\\\/\",\"logo\":{\"@type\":\"ImageObject\",\"inLanguage\":\"pt-BR\",\"@id\":\"https:\\\/\\\/www.notibras.com\\\/site\\\/#\\\/schema\\\/logo\\\/image\\\/\",\"url\":\"https:\\\/\\\/www.notibras.com\\\/site\\\/wp-content\\\/uploads\\\/2023\\\/01\\\/notibras23.png\",\"contentUrl\":\"https:\\\/\\\/www.notibras.com\\\/site\\\/wp-content\\\/uploads\\\/2023\\\/01\\\/notibras23.png\",\"width\":350,\"height\":87,\"caption\":\"Grupo Notibras de Comunica\u00e7\u00e3o\"},\"image\":{\"@id\":\"https:\\\/\\\/www.notibras.com\\\/site\\\/#\\\/schema\\\/logo\\\/image\\\/\"},\"sameAs\":[\"https:\\\/\\\/www.facebook.com\\\/notibras\\\/\",\"https:\\\/\\\/x.com\\\/Notibras\",\"https:\\\/\\\/www.instagram.com\\\/notibras\\\/\"]},{\"@type\":\"Person\",\"@id\":\"https:\\\/\\\/www.notibras.com\\\/site\\\/#\\\/schema\\\/person\\\/36ab0979449956132d3e5b517ea76ac8\",\"name\":\"Reda\u00e7\u00e3o\",\"image\":{\"@type\":\"ImageObject\",\"inLanguage\":\"pt-BR\",\"@id\":\"https:\\\/\\\/secure.gravatar.com\\\/avatar\\\/e0a867bdedb85fd243eadf09663511f96fc81e0720a4a42581f334ad4303aa6b?s=96&d=mm&r=g\",\"url\":\"https:\\\/\\\/secure.gravatar.com\\\/avatar\\\/e0a867bdedb85fd243eadf09663511f96fc81e0720a4a42581f334ad4303aa6b?s=96&d=mm&r=g\",\"contentUrl\":\"https:\\\/\\\/secure.gravatar.com\\\/avatar\\\/e0a867bdedb85fd243eadf09663511f96fc81e0720a4a42581f334ad4303aa6b?s=96&d=mm&r=g\",\"caption\":\"Reda\u00e7\u00e3o\"}}]}<\/script>\n<!-- \/ Yoast SEO plugin. -->","yoast_head_json":{"title":"Lembrete de que terceira parcela do IPVA vence entre os dias 22 e 26 - Notibras","robots":{"index":"index","follow":"follow","max-snippet":"max-snippet:-1","max-image-preview":"max-image-preview:large","max-video-preview":"max-video-preview:-1"},"canonical":"https:\/\/www.notibras.com\/site\/lembrete-de-que-terceira-parcela-do-ipva-vence-entre-os-dias-22-e-26\/","og_locale":"pt_BR","og_type":"article","og_title":"Lembrete de que terceira parcela do IPVA vence entre os dias 22 e 26 - Notibras","og_description":"Propriet\u00e1rios de autom\u00f3veis devem ficar atentos \u00e0s datas de vencimento do Imposto sobre a Propriedade de Ve\u00edculos (IPVA). A terceira parcela come\u00e7a a vencer nesta segunda, 22, e segue at\u00e9 26 de abril, conforme o n\u00famero final da placa do ve\u00edculo. O tributo pode ser pago em at\u00e9 seis parcelas e o Governo do Distrito [&hellip;]","og_url":"https:\/\/www.notibras.com\/site\/lembrete-de-que-terceira-parcela-do-ipva-vence-entre-os-dias-22-e-26\/","og_site_name":"Notibras","article_publisher":"https:\/\/www.facebook.com\/notibras\/","article_published_time":"2024-04-22T03:00:48+00:00","article_modified_time":"2024-04-22T12:46:17+00:00","og_image":[{"width":640,"height":427,"url":"https:\/\/www.notibras.com\/site\/wp-content\/uploads\/2017\/01\/imprimir-barne-ipva-nota-legal-denio-simoes-640x427.jpg","type":"image\/jpeg"}],"author":"Reda\u00e7\u00e3o","twitter_card":"summary_large_image","twitter_creator":"@Notibras","twitter_site":"@Notibras","twitter_misc":{"Escrito por":"Reda\u00e7\u00e3o","Est. tempo de leitura":"3 minutos"},"schema":{"@context":"https:\/\/schema.org","@graph":[{"@type":"Article","@id":"https:\/\/www.notibras.com\/site\/lembrete-de-que-terceira-parcela-do-ipva-vence-entre-os-dias-22-e-26\/#article","isPartOf":{"@id":"https:\/\/www.notibras.com\/site\/lembrete-de-que-terceira-parcela-do-ipva-vence-entre-os-dias-22-e-26\/"},"author":{"name":"Reda\u00e7\u00e3o","@id":"https:\/\/www.notibras.com\/site\/#\/schema\/person\/36ab0979449956132d3e5b517ea76ac8"},"headline":"Lembrete de que terceira parcela do IPVA vence entre os dias 22 e 26","datePublished":"2024-04-22T03:00:48+00:00","dateModified":"2024-04-22T12:46:17+00:00","mainEntityOfPage":{"@id":"https:\/\/www.notibras.com\/site\/lembrete-de-que-terceira-parcela-do-ipva-vence-entre-os-dias-22-e-26\/"},"wordCount":355,"publisher":{"@id":"https:\/\/www.notibras.com\/site\/#organization"},"image":{"@id":"https:\/\/www.notibras.com\/site\/lembrete-de-que-terceira-parcela-do-ipva-vence-entre-os-dias-22-e-26\/#primaryimage"},"thumbnailUrl":"https:\/\/www.notibras.com\/site\/wp-content\/uploads\/2017\/01\/imprimir-barne-ipva-nota-legal-denio-simoes-640x427.jpg","articleSection":["Quadradinho em Foco"],"inLanguage":"pt-BR"},{"@type":"WebPage","@id":"https:\/\/www.notibras.com\/site\/lembrete-de-que-terceira-parcela-do-ipva-vence-entre-os-dias-22-e-26\/","url":"https:\/\/www.notibras.com\/site\/lembrete-de-que-terceira-parcela-do-ipva-vence-entre-os-dias-22-e-26\/","name":"Lembrete de que terceira parcela do IPVA vence entre os dias 22 e 26 - Notibras","isPartOf":{"@id":"https:\/\/www.notibras.com\/site\/#website"},"primaryImageOfPage":{"@id":"https:\/\/www.notibras.com\/site\/lembrete-de-que-terceira-parcela-do-ipva-vence-entre-os-dias-22-e-26\/#primaryimage"},"image":{"@id":"https:\/\/www.notibras.com\/site\/lembrete-de-que-terceira-parcela-do-ipva-vence-entre-os-dias-22-e-26\/#primaryimage"},"thumbnailUrl":"https:\/\/www.notibras.com\/site\/wp-content\/uploads\/2017\/01\/imprimir-barne-ipva-nota-legal-denio-simoes-640x427.jpg","datePublished":"2024-04-22T03:00:48+00:00","dateModified":"2024-04-22T12:46:17+00:00","breadcrumb":{"@id":"https:\/\/www.notibras.com\/site\/lembrete-de-que-terceira-parcela-do-ipva-vence-entre-os-dias-22-e-26\/#breadcrumb"},"inLanguage":"pt-BR","potentialAction":[{"@type":"ReadAction","target":["https:\/\/www.notibras.com\/site\/lembrete-de-que-terceira-parcela-do-ipva-vence-entre-os-dias-22-e-26\/"]}]},{"@type":"ImageObject","inLanguage":"pt-BR","@id":"https:\/\/www.notibras.com\/site\/lembrete-de-que-terceira-parcela-do-ipva-vence-entre-os-dias-22-e-26\/#primaryimage","url":"https:\/\/www.notibras.com\/site\/wp-content\/uploads\/2017\/01\/imprimir-barne-ipva-nota-legal-denio-simoes-640x427.jpg","contentUrl":"https:\/\/www.notibras.com\/site\/wp-content\/uploads\/2017\/01\/imprimir-barne-ipva-nota-legal-denio-simoes-640x427.jpg","width":640,"height":427},{"@type":"BreadcrumbList","@id":"https:\/\/www.notibras.com\/site\/lembrete-de-que-terceira-parcela-do-ipva-vence-entre-os-dias-22-e-26\/#breadcrumb","itemListElement":[{"@type":"ListItem","position":1,"name":"In\u00edcio","item":"https:\/\/www.notibras.com\/site\/"},{"@type":"ListItem","position":2,"name":"Lembrete de que terceira parcela do IPVA vence entre os dias 22 e 26"}]},{"@type":"WebSite","@id":"https:\/\/www.notibras.com\/site\/#website","url":"https:\/\/www.notibras.com\/site\/","name":"Notibras","description":"Not\u00edcias de Bras\u00edlia, do Brasil e do Mundo","publisher":{"@id":"https:\/\/www.notibras.com\/site\/#organization"},"potentialAction":[{"@type":"SearchAction","target":{"@type":"EntryPoint","urlTemplate":"https:\/\/www.notibras.com\/site\/?s={search_term_string}"},"query-input":{"@type":"PropertyValueSpecification","valueRequired":true,"valueName":"search_term_string"}}],"inLanguage":"pt-BR"},{"@type":"Organization","@id":"https:\/\/www.notibras.com\/site\/#organization","name":"Grupo Notibras de Comunica\u00e7\u00e3o","url":"https:\/\/www.notibras.com\/site\/","logo":{"@type":"ImageObject","inLanguage":"pt-BR","@id":"https:\/\/www.notibras.com\/site\/#\/schema\/logo\/image\/","url":"https:\/\/www.notibras.com\/site\/wp-content\/uploads\/2023\/01\/notibras23.png","contentUrl":"https:\/\/www.notibras.com\/site\/wp-content\/uploads\/2023\/01\/notibras23.png","width":350,"height":87,"caption":"Grupo Notibras de Comunica\u00e7\u00e3o"},"image":{"@id":"https:\/\/www.notibras.com\/site\/#\/schema\/logo\/image\/"},"sameAs":["https:\/\/www.facebook.com\/notibras\/","https:\/\/x.com\/Notibras","https:\/\/www.instagram.com\/notibras\/"]},{"@type":"Person","@id":"https:\/\/www.notibras.com\/site\/#\/schema\/person\/36ab0979449956132d3e5b517ea76ac8","name":"Reda\u00e7\u00e3o","image":{"@type":"ImageObject","inLanguage":"pt-BR","@id":"https:\/\/secure.gravatar.com\/avatar\/e0a867bdedb85fd243eadf09663511f96fc81e0720a4a42581f334ad4303aa6b?s=96&d=mm&r=g","url":"https:\/\/secure.gravatar.com\/avatar\/e0a867bdedb85fd243eadf09663511f96fc81e0720a4a42581f334ad4303aa6b?s=96&d=mm&r=g","contentUrl":"https:\/\/secure.gravatar.com\/avatar\/e0a867bdedb85fd243eadf09663511f96fc81e0720a4a42581f334ad4303aa6b?s=96&d=mm&r=g","caption":"Reda\u00e7\u00e3o"}}]}},"amp_enabled":true,"_links":{"self":[{"href":"https:\/\/www.notibras.com\/site\/wp-json\/wp\/v2\/posts\/327216","targetHints":{"allow":["GET"]}}],"collection":[{"href":"https:\/\/www.notibras.com\/site\/wp-json\/wp\/v2\/posts"}],"about":[{"href":"https:\/\/www.notibras.com\/site\/wp-json\/wp\/v2\/types\/post"}],"author":[{"embeddable":true,"href":"https:\/\/www.notibras.com\/site\/wp-json\/wp\/v2\/users\/2"}],"replies":[{"embeddable":true,"href":"https:\/\/www.notibras.com\/site\/wp-json\/wp\/v2\/comments?post=327216"}],"version-history":[{"count":1,"href":"https:\/\/www.notibras.com\/site\/wp-json\/wp\/v2\/posts\/327216\/revisions"}],"predecessor-version":[{"id":327217,"href":"https:\/\/www.notibras.com\/site\/wp-json\/wp\/v2\/posts\/327216\/revisions\/327217"}],"wp:featuredmedia":[{"embeddable":true,"href":"https:\/\/www.notibras.com\/site\/wp-json\/wp\/v2\/media\/126287"}],"wp:attachment":[{"href":"https:\/\/www.notibras.com\/site\/wp-json\/wp\/v2\/media?parent=327216"}],"wp:term":[{"taxonomy":"category","embeddable":true,"href":"https:\/\/www.notibras.com\/site\/wp-json\/wp\/v2\/categories?post=327216"},{"taxonomy":"post_tag","embeddable":true,"href":"https:\/\/www.notibras.com\/site\/wp-json\/wp\/v2\/tags?post=327216"}],"curies":[{"name":"wp","href":"https:\/\/api.w.org\/{rel}","templated":true}]}}