{"id":327234,"date":"2024-04-23T00:05:47","date_gmt":"2024-04-23T03:05:47","guid":{"rendered":"https:\/\/www.notibras.com\/site\/?p=327234"},"modified":"2024-04-23T06:09:01","modified_gmt":"2024-04-23T09:09:01","slug":"praca-dos-tres-poderes-passara-por-processo-de-revitalizacao","status":"publish","type":"post","link":"https:\/\/www.notibras.com\/site\/praca-dos-tres-poderes-passara-por-processo-de-revitalizacao\/","title":{"rendered":"Pra\u00e7a dos Tr\u00eas Poderes passar\u00e1 por processo de revitaliza\u00e7\u00e3o"},"content":{"rendered":"<p>A Pra\u00e7a dos Tr\u00eas Poderes, um dos pontos tur\u00edsticos mais conhecidos de Bras\u00edlia, ser\u00e1 restaurada. O Minist\u00e9rio da Cultura (MinC), por meio do Instituto do Patrim\u00f4nio Hist\u00f3rico e Art\u00edstico Nacional (Iphan), anunciou o edital de licita\u00e7\u00e3o para contrata\u00e7\u00e3o do projeto.<\/p>\n<p>Projetada pelo arquiteto Oscar Niemeyer (1907-2012), a pra\u00e7a abriga os edif\u00edcios-sedes dos Tr\u00eas Poderes da Rep\u00fablica: o Pal\u00e1cio do Planalto, sede do Poder Executivo Federal; o pal\u00e1cio do Supremo Tribunal Federal (STF), sede da Corte m\u00e1xima do Judici\u00e1rio; e o pal\u00e1cio do Congresso Nacional, sede do Legislativo Federal.<\/p>\n<p>A ministra da Cultura, Margareth Menezes, destacou a import\u00e2ncia do espa\u00e7o que integra a estrutura central de Bras\u00edlia, declarada Patrim\u00f4nio Cultural da Humanidade em 1987, pela Organiza\u00e7\u00e3o das Na\u00e7\u00f5es Unidas para a Educa\u00e7\u00e3o, a Ci\u00eancia e a Cultura (Unesco).<\/p>\n<p>\u201cEssa pra\u00e7a \u00e9 um tesouro, \u00e9 a mais importante do pa\u00eds e precisa [da restaura\u00e7\u00e3o], porque ela tem v\u00e1rias coisas a serem reformadas, como a quest\u00e3o do piso, algumas \u00e1reas n\u00e3o alinhadas, a ilumina\u00e7\u00e3o e outras necessidades de reformas. E a degrada\u00e7\u00e3o, depois do 8 de janeiro [2023]\u201d, lembrou Margareth Menezes, em refer\u00eancia ao ataque e invas\u00e3o das sedes.<\/p>\n<p>Sobre o 8 de janeiro, o presidente do Iphan, Leandro Grass, explicou que os v\u00e2ndalos que tentaram o golpe de Estado arrancaram pedras portuguesas do piso e as arremessaram contra os monumentos, placas do local e vidra\u00e7as dos pr\u00e9dios p\u00fablicos. Leandro Grass citou a retirada, em fevereiro deste ano, das grades que cercavam a pra\u00e7a, como um gesto de reaproxima\u00e7\u00e3o e de volta \u00e0 normalidade democr\u00e1tica.<\/p>\n<p>\u201cAs grades tamb\u00e9m sinalizavam um pouco esse afastamento e trouxeram a necessidade de a gente fazer o movimento contr\u00e1rio. Com essa retirada, a gente quer o povo aqui. Ent\u00e3o, restaurar a pra\u00e7a \u00e9 tamb\u00e9m restaurar a autoestima do povo de Bras\u00edlia, de todos os brasileiros e restauro do sentido daquele lugar, que tem que ser da ocupa\u00e7\u00e3o cultural e da ocupa\u00e7\u00e3o social\u201d, ressalta Grass.<\/p>\n<p><strong>Restaura\u00e7\u00e3o<\/strong><br \/>\nO projeto de restaura\u00e7\u00e3o vencedor do edital dever\u00e1 incluir a recupera\u00e7\u00e3o de estruturas comprometidas; piso novo de pedras portuguesas; restauro das obras de arte desgastadas; recupera\u00e7\u00e3o do Museu da Cidade; reforma do Espa\u00e7o L\u00facio Costa; ilumina\u00e7\u00e3o da pra\u00e7a e dos monumentos; acessibilidade para pessoas com defici\u00eancia e baixa mobilidade; drenagem para evitar po\u00e7as d\u2019\u00e1gua e infiltra\u00e7\u00f5es; instala\u00e7\u00e3o de c\u00e2meras de seguran\u00e7a e substitui\u00e7\u00e3o de placas de sinaliza\u00e7\u00e3o.<\/p>\n<p>Nesta primeira fase, o projeto deve custar R$ 993 mil e ser\u00e1 financiado com recursos p\u00fablicos do Novo PAC (Programa de Acelera\u00e7\u00e3o do Crescimento) Sele\u00e7\u00f5es, o programa de investimentos do governo federal. Outro valor para a realiza\u00e7\u00e3o da obra ainda ser\u00e1 estipulado, a depender do projeto vencedor.<\/p>\n<p>Os monumentos e obras de arte da Pra\u00e7a dos Tr\u00eas Poderes previstos para serem restaurados s\u00e3o: a obra Dois Candangos; a est\u00e1tua A Justi\u00e7a; o Pombal; o Museu da Cidade; o Espa\u00e7o L\u00facio Costa; o Marco Bras\u00edlia; a escultura Cabe\u00e7a do Presidente JK, em homenagem ao ex-presidente Juscelino Kubitschek (1902\u20131976); al\u00e9m das est\u00e1tuas em bronze do construtor de Bras\u00edlia, o engenheiro Israel Pinheiro; e do l\u00edder da Inconfid\u00eancia Mineira Tiradentes.<\/p>\n<p>O governo federal estima que o vencedor ser\u00e1 conhecido at\u00e9 fevereiro de 2025. Ap\u00f3s esta etapa, o governo do Distrito Federal, gestor do espa\u00e7o p\u00fablico, poder\u00e1 fazer a licita\u00e7\u00e3o para contratar a construtora. Ainda n\u00e3o h\u00e1 previs\u00e3o de entrega da restaura\u00e7\u00e3o completa, porque depender\u00e1 do cumprimento das etapas do projeto. De acordo com o Iphan, tamb\u00e9m n\u00e3o est\u00e1 definido se a Pra\u00e7a dos Tr\u00eas Poderes ser\u00e1 integralmente fechada ao p\u00fablico no decorrer das obras.<\/p>\n<p>O superintendente do Iphan no Distrito Federal, Thiago Pereira Perpetuo, explicou que o instituto fiscalizar\u00e1 a evolu\u00e7\u00e3o e entrega total da obra, desde a escolha do projeto. \u201cSomos os fiscais dessa entrega, do projeto em si. N\u00f3s iremos orientar a empresa exatamente para fazer aquilo que deve ser feito, para j\u00e1 garantir que seja um projeto adequado do ponto de vista de todas as normas, inclusive as do patrim\u00f4nio mundial.\u201d<\/p>\n<p><strong>Turismo<\/strong><br \/>\nA necessidade de reformas da Pra\u00e7a dos Tr\u00eas Poderes e a falta de manuten\u00e7\u00e3o s\u00e3o apontadas como os principais problemas pelos turistas e ambulantes.<\/p>\n<p>O vendedor de miniaturas de edif\u00edcios e est\u00e1tuas de Bras\u00edlia e \u00edm\u00e3s de geladeira h\u00e1 quase duas d\u00e9cadas, Ant\u00f4nio Monteiro, diz que o ponto tur\u00edstico precisa ser mais cuidado. \u201cA pra\u00e7a \u00e9 muito bonita. Mas, precisamos de uma reforma, arrumar e evitar os carros aqui em cima, como os carros e \u00f4nibus da pol\u00edcia do DF e dos militares. Nossa Bras\u00edlia \u00e9 muito bonita. S\u00f3 falta cuidar um pouco mais dela.\u201d<\/p>\n<p>Vindo de Londrina (PR) para visitar um parente, o professor de ingl\u00eas Johnny Esteves reclamou da sujeira no local. \u201c\u00c9 muito legal ver a arquitetura do [Oscar] Niemeyer de pertinho, \u00e9 impactante. Mas, o restante deixa a desejar, em especial, a cal\u00e7ada e a limpeza\u201d. Ao lado dele, a advogada Giovana Esteves diz ter a sensa\u00e7\u00e3o que o espa\u00e7o est\u00e1 abandonado. \u201cEssa \u00e9 a capital do pa\u00eds. A manuten\u00e7\u00e3o deveria ser r\u00e1pida, breve, para n\u00e3o dar essa sensa\u00e7\u00e3o de abandono. A estrutura como um todo \u00e9 linda e a arquitetura, deslumbrante, mas a manuten\u00e7\u00e3o do dia a dia \u00e9 o que daria mesmo a boa impress\u00e3o.\u201d<\/p>\n<p>Em outra ponta da Pra\u00e7a dos Tr\u00eas Poderes, os visitantes de S\u00e3o Paulo tamb\u00e9m estavam decepcionados com alguns aspectos. \u201cA pra\u00e7a \u00e9 bonita, mas podia ficar ainda mais. Reparei, por exemplo, no piso que est\u00e1 bem largadinho, com remendos e mato&#8221;, contou o profissional aut\u00f4nomo David Cruz de Souza<\/p>\n<p><strong>Pra\u00e7a dos Tr\u00eas Poderes<\/strong><br \/>\nLocalizada no fim da Esplanada dos Minist\u00e9rios, atr\u00e1s do Congresso Nacional, a Pra\u00e7a dos Tr\u00eas Poderes foi idealizada pelo urbanista L\u00facio Costa (1902-1988) e inaugurada em abril de 1960, junto com a capital federal.<\/p>\n<p>Com o piso de pedras portuguesas, a pra\u00e7a re\u00fane as esculturas Os Candangos, considerada s\u00edmbolo de Bras\u00edlia; A Justi\u00e7a, de Alfredo Ceschiatti, de granito que decora a frente ao STF; a Pira da P\u00e1tria e o Marco Bras\u00edlia, pelo reconhecimento de Bras\u00edlia como patrim\u00f4nio mundial.<\/p>\n<p>Na parte mais pr\u00f3xima ao Congresso Nacional, est\u00e1 o Museu Hist\u00f3rico de Bras\u00edlia ou Museu da Cidade, com a escultura de pedra-sab\u00e3o da cabe\u00e7a de Juscelino Kubitschek. Do outro lado, a leste, fica o Pante\u00e3o da P\u00e1tria e da Liberdade Tancredo Neves, um memorial c\u00edvico, em formato de pomba branca, destinado a homenagear her\u00f3is e hero\u00ednas nacionais.<\/p>\n<p>A paisagem mais vis\u00edvel da pra\u00e7a \u00e9 o Mastro da Bandeira, de 100 metros de altura, onde todo primeiro domingo de cada m\u00eas a bandeira \u00e9 substitu\u00edda em uma cerim\u00f4nia.<\/p>\n<p>A poucos metros do Pal\u00e1cio do STF, encontra-se ainda o Pombal, uma escultura em concreto de Niemeyer. No fundo da pra\u00e7a, a Casa de Ch\u00e1, tamb\u00e9m projetada por Oscar Niemeyer e tombada pelo Iphan como patrim\u00f4nio hist\u00f3rico, \u00e9, atualmente, usada como Centro de Atendimento ao Turista e fica semi enterrada na pra\u00e7a p\u00fablica.<\/p>\n<p>Outro lugar, o Espa\u00e7o L\u00facio Costa, aberto em 1992, est\u00e1 situado sob o piso da pra\u00e7a. No acervo, os visitantes podem ver uma maquete de Bras\u00edlia, com 179 m\u00b2, al\u00e9m de fotos hist\u00f3ricas da \u00e9poca da constru\u00e7\u00e3o e inaugura\u00e7\u00e3o da cidade.<\/p>\n<p>Mesmo o Espa\u00e7o Oscar Niemeyer, localizado na parte posterior da Pra\u00e7a dos Tr\u00eas Poderes, no Bosque dos Constituintes, \u00e9 considerado como parte da pra\u00e7a. Nesta edifica\u00e7\u00e3o cil\u00edndrica, com \u00e1rea de 433 m\u00b2, podem ser vistos trabalhos (pain\u00e9is, desenhos e fotos) que representam as obras do principal arquiteto da nova capital. O espa\u00e7o n\u00e3o est\u00e1 contemplado no projeto de restaura\u00e7\u00e3o.<\/p>\n","protected":false},"excerpt":{"rendered":"<p>A Pra\u00e7a dos Tr\u00eas Poderes, um dos pontos tur\u00edsticos mais conhecidos de Bras\u00edlia, ser\u00e1 restaurada. O Minist\u00e9rio da Cultura (MinC), por meio do Instituto do Patrim\u00f4nio Hist\u00f3rico e Art\u00edstico Nacional (Iphan), anunciou o edital de licita\u00e7\u00e3o para contrata\u00e7\u00e3o do projeto. Projetada pelo arquiteto Oscar Niemeyer (1907-2012), a pra\u00e7a abriga os edif\u00edcios-sedes dos Tr\u00eas Poderes da [&hellip;]<\/p>\n","protected":false},"author":2,"featured_media":327235,"comment_status":"closed","ping_status":"closed","sticky":false,"template":"","format":"standard","meta":{"_acf_changed":false,"footnotes":""},"categories":[161],"tags":[],"class_list":["post-327234","post","type-post","status-publish","format-standard","has-post-thumbnail","hentry","category-quadradinho-em-foco"],"acf":[],"yoast_head":"<!-- This site is optimized with the Yoast SEO plugin v27.5 - https:\/\/yoast.com\/product\/yoast-seo-wordpress\/ -->\n<title>Pra\u00e7a dos Tr\u00eas Poderes passar\u00e1 por processo de revitaliza\u00e7\u00e3o - Notibras<\/title>\n<meta name=\"robots\" content=\"index, follow, max-snippet:-1, max-image-preview:large, max-video-preview:-1\" \/>\n<link rel=\"canonical\" href=\"https:\/\/www.notibras.com\/site\/praca-dos-tres-poderes-passara-por-processo-de-revitalizacao\/\" \/>\n<meta property=\"og:locale\" content=\"pt_BR\" \/>\n<meta property=\"og:type\" content=\"article\" \/>\n<meta property=\"og:title\" content=\"Pra\u00e7a dos Tr\u00eas Poderes passar\u00e1 por processo de revitaliza\u00e7\u00e3o - Notibras\" \/>\n<meta property=\"og:description\" content=\"A Pra\u00e7a dos Tr\u00eas Poderes, um dos pontos tur\u00edsticos mais conhecidos de Bras\u00edlia, ser\u00e1 restaurada. O Minist\u00e9rio da Cultura (MinC), por meio do Instituto do Patrim\u00f4nio Hist\u00f3rico e Art\u00edstico Nacional (Iphan), anunciou o edital de licita\u00e7\u00e3o para contrata\u00e7\u00e3o do projeto. Projetada pelo arquiteto Oscar Niemeyer (1907-2012), a pra\u00e7a abriga os edif\u00edcios-sedes dos Tr\u00eas Poderes da [&hellip;]\" \/>\n<meta property=\"og:url\" content=\"https:\/\/www.notibras.com\/site\/praca-dos-tres-poderes-passara-por-processo-de-revitalizacao\/\" \/>\n<meta property=\"og:site_name\" content=\"Notibras\" \/>\n<meta property=\"article:publisher\" content=\"https:\/\/www.facebook.com\/notibras\/\" \/>\n<meta property=\"article:published_time\" content=\"2024-04-23T03:05:47+00:00\" \/>\n<meta property=\"article:modified_time\" content=\"2024-04-23T09:09:01+00:00\" \/>\n<meta property=\"og:image\" content=\"https:\/\/www.notibras.com\/site\/wp-content\/uploads\/2024\/04\/praca.3.po_.jpg\" \/>\n\t<meta property=\"og:image:width\" content=\"1170\" \/>\n\t<meta property=\"og:image:height\" content=\"700\" \/>\n\t<meta property=\"og:image:type\" content=\"image\/jpeg\" \/>\n<meta name=\"author\" content=\"Reda\u00e7\u00e3o\" \/>\n<meta name=\"twitter:card\" content=\"summary_large_image\" \/>\n<meta name=\"twitter:creator\" content=\"@Notibras\" \/>\n<meta name=\"twitter:site\" content=\"@Notibras\" \/>\n<meta name=\"twitter:label1\" content=\"Escrito por\" \/>\n\t<meta name=\"twitter:data1\" content=\"Reda\u00e7\u00e3o\" \/>\n\t<meta name=\"twitter:label2\" content=\"Est. tempo de leitura\" \/>\n\t<meta name=\"twitter:data2\" content=\"7 minutos\" \/>\n<script type=\"application\/ld+json\" class=\"yoast-schema-graph\">{\"@context\":\"https:\\\/\\\/schema.org\",\"@graph\":[{\"@type\":\"Article\",\"@id\":\"https:\\\/\\\/www.notibras.com\\\/site\\\/praca-dos-tres-poderes-passara-por-processo-de-revitalizacao\\\/#article\",\"isPartOf\":{\"@id\":\"https:\\\/\\\/www.notibras.com\\\/site\\\/praca-dos-tres-poderes-passara-por-processo-de-revitalizacao\\\/\"},\"author\":{\"name\":\"Reda\u00e7\u00e3o\",\"@id\":\"https:\\\/\\\/www.notibras.com\\\/site\\\/#\\\/schema\\\/person\\\/36ab0979449956132d3e5b517ea76ac8\"},\"headline\":\"Pra\u00e7a dos Tr\u00eas Poderes passar\u00e1 por processo de revitaliza\u00e7\u00e3o\",\"datePublished\":\"2024-04-23T03:05:47+00:00\",\"dateModified\":\"2024-04-23T09:09:01+00:00\",\"mainEntityOfPage\":{\"@id\":\"https:\\\/\\\/www.notibras.com\\\/site\\\/praca-dos-tres-poderes-passara-por-processo-de-revitalizacao\\\/\"},\"wordCount\":1392,\"publisher\":{\"@id\":\"https:\\\/\\\/www.notibras.com\\\/site\\\/#organization\"},\"image\":{\"@id\":\"https:\\\/\\\/www.notibras.com\\\/site\\\/praca-dos-tres-poderes-passara-por-processo-de-revitalizacao\\\/#primaryimage\"},\"thumbnailUrl\":\"https:\\\/\\\/www.notibras.com\\\/site\\\/wp-content\\\/uploads\\\/2024\\\/04\\\/praca.3.po_.jpg\",\"articleSection\":[\"Quadradinho em Foco\"],\"inLanguage\":\"pt-BR\"},{\"@type\":\"WebPage\",\"@id\":\"https:\\\/\\\/www.notibras.com\\\/site\\\/praca-dos-tres-poderes-passara-por-processo-de-revitalizacao\\\/\",\"url\":\"https:\\\/\\\/www.notibras.com\\\/site\\\/praca-dos-tres-poderes-passara-por-processo-de-revitalizacao\\\/\",\"name\":\"Pra\u00e7a dos Tr\u00eas Poderes passar\u00e1 por processo de revitaliza\u00e7\u00e3o - Notibras\",\"isPartOf\":{\"@id\":\"https:\\\/\\\/www.notibras.com\\\/site\\\/#website\"},\"primaryImageOfPage\":{\"@id\":\"https:\\\/\\\/www.notibras.com\\\/site\\\/praca-dos-tres-poderes-passara-por-processo-de-revitalizacao\\\/#primaryimage\"},\"image\":{\"@id\":\"https:\\\/\\\/www.notibras.com\\\/site\\\/praca-dos-tres-poderes-passara-por-processo-de-revitalizacao\\\/#primaryimage\"},\"thumbnailUrl\":\"https:\\\/\\\/www.notibras.com\\\/site\\\/wp-content\\\/uploads\\\/2024\\\/04\\\/praca.3.po_.jpg\",\"datePublished\":\"2024-04-23T03:05:47+00:00\",\"dateModified\":\"2024-04-23T09:09:01+00:00\",\"breadcrumb\":{\"@id\":\"https:\\\/\\\/www.notibras.com\\\/site\\\/praca-dos-tres-poderes-passara-por-processo-de-revitalizacao\\\/#breadcrumb\"},\"inLanguage\":\"pt-BR\",\"potentialAction\":[{\"@type\":\"ReadAction\",\"target\":[\"https:\\\/\\\/www.notibras.com\\\/site\\\/praca-dos-tres-poderes-passara-por-processo-de-revitalizacao\\\/\"]}]},{\"@type\":\"ImageObject\",\"inLanguage\":\"pt-BR\",\"@id\":\"https:\\\/\\\/www.notibras.com\\\/site\\\/praca-dos-tres-poderes-passara-por-processo-de-revitalizacao\\\/#primaryimage\",\"url\":\"https:\\\/\\\/www.notibras.com\\\/site\\\/wp-content\\\/uploads\\\/2024\\\/04\\\/praca.3.po_.jpg\",\"contentUrl\":\"https:\\\/\\\/www.notibras.com\\\/site\\\/wp-content\\\/uploads\\\/2024\\\/04\\\/praca.3.po_.jpg\",\"width\":1170,\"height\":700},{\"@type\":\"BreadcrumbList\",\"@id\":\"https:\\\/\\\/www.notibras.com\\\/site\\\/praca-dos-tres-poderes-passara-por-processo-de-revitalizacao\\\/#breadcrumb\",\"itemListElement\":[{\"@type\":\"ListItem\",\"position\":1,\"name\":\"In\u00edcio\",\"item\":\"https:\\\/\\\/www.notibras.com\\\/site\\\/\"},{\"@type\":\"ListItem\",\"position\":2,\"name\":\"Pra\u00e7a dos Tr\u00eas Poderes passar\u00e1 por processo de revitaliza\u00e7\u00e3o\"}]},{\"@type\":\"WebSite\",\"@id\":\"https:\\\/\\\/www.notibras.com\\\/site\\\/#website\",\"url\":\"https:\\\/\\\/www.notibras.com\\\/site\\\/\",\"name\":\"Notibras\",\"description\":\"Not\u00edcias de Bras\u00edlia, do Brasil e do Mundo\",\"publisher\":{\"@id\":\"https:\\\/\\\/www.notibras.com\\\/site\\\/#organization\"},\"potentialAction\":[{\"@type\":\"SearchAction\",\"target\":{\"@type\":\"EntryPoint\",\"urlTemplate\":\"https:\\\/\\\/www.notibras.com\\\/site\\\/?s={search_term_string}\"},\"query-input\":{\"@type\":\"PropertyValueSpecification\",\"valueRequired\":true,\"valueName\":\"search_term_string\"}}],\"inLanguage\":\"pt-BR\"},{\"@type\":\"Organization\",\"@id\":\"https:\\\/\\\/www.notibras.com\\\/site\\\/#organization\",\"name\":\"Grupo Notibras de Comunica\u00e7\u00e3o\",\"url\":\"https:\\\/\\\/www.notibras.com\\\/site\\\/\",\"logo\":{\"@type\":\"ImageObject\",\"inLanguage\":\"pt-BR\",\"@id\":\"https:\\\/\\\/www.notibras.com\\\/site\\\/#\\\/schema\\\/logo\\\/image\\\/\",\"url\":\"https:\\\/\\\/www.notibras.com\\\/site\\\/wp-content\\\/uploads\\\/2023\\\/01\\\/notibras23.png\",\"contentUrl\":\"https:\\\/\\\/www.notibras.com\\\/site\\\/wp-content\\\/uploads\\\/2023\\\/01\\\/notibras23.png\",\"width\":350,\"height\":87,\"caption\":\"Grupo Notibras de Comunica\u00e7\u00e3o\"},\"image\":{\"@id\":\"https:\\\/\\\/www.notibras.com\\\/site\\\/#\\\/schema\\\/logo\\\/image\\\/\"},\"sameAs\":[\"https:\\\/\\\/www.facebook.com\\\/notibras\\\/\",\"https:\\\/\\\/x.com\\\/Notibras\",\"https:\\\/\\\/www.instagram.com\\\/notibras\\\/\"]},{\"@type\":\"Person\",\"@id\":\"https:\\\/\\\/www.notibras.com\\\/site\\\/#\\\/schema\\\/person\\\/36ab0979449956132d3e5b517ea76ac8\",\"name\":\"Reda\u00e7\u00e3o\",\"image\":{\"@type\":\"ImageObject\",\"inLanguage\":\"pt-BR\",\"@id\":\"https:\\\/\\\/secure.gravatar.com\\\/avatar\\\/e0a867bdedb85fd243eadf09663511f96fc81e0720a4a42581f334ad4303aa6b?s=96&d=mm&r=g\",\"url\":\"https:\\\/\\\/secure.gravatar.com\\\/avatar\\\/e0a867bdedb85fd243eadf09663511f96fc81e0720a4a42581f334ad4303aa6b?s=96&d=mm&r=g\",\"contentUrl\":\"https:\\\/\\\/secure.gravatar.com\\\/avatar\\\/e0a867bdedb85fd243eadf09663511f96fc81e0720a4a42581f334ad4303aa6b?s=96&d=mm&r=g\",\"caption\":\"Reda\u00e7\u00e3o\"}}]}<\/script>\n<!-- \/ Yoast SEO plugin. -->","yoast_head_json":{"title":"Pra\u00e7a dos Tr\u00eas Poderes passar\u00e1 por processo de revitaliza\u00e7\u00e3o - Notibras","robots":{"index":"index","follow":"follow","max-snippet":"max-snippet:-1","max-image-preview":"max-image-preview:large","max-video-preview":"max-video-preview:-1"},"canonical":"https:\/\/www.notibras.com\/site\/praca-dos-tres-poderes-passara-por-processo-de-revitalizacao\/","og_locale":"pt_BR","og_type":"article","og_title":"Pra\u00e7a dos Tr\u00eas Poderes passar\u00e1 por processo de revitaliza\u00e7\u00e3o - Notibras","og_description":"A Pra\u00e7a dos Tr\u00eas Poderes, um dos pontos tur\u00edsticos mais conhecidos de Bras\u00edlia, ser\u00e1 restaurada. O Minist\u00e9rio da Cultura (MinC), por meio do Instituto do Patrim\u00f4nio Hist\u00f3rico e Art\u00edstico Nacional (Iphan), anunciou o edital de licita\u00e7\u00e3o para contrata\u00e7\u00e3o do projeto. Projetada pelo arquiteto Oscar Niemeyer (1907-2012), a pra\u00e7a abriga os edif\u00edcios-sedes dos Tr\u00eas Poderes da [&hellip;]","og_url":"https:\/\/www.notibras.com\/site\/praca-dos-tres-poderes-passara-por-processo-de-revitalizacao\/","og_site_name":"Notibras","article_publisher":"https:\/\/www.facebook.com\/notibras\/","article_published_time":"2024-04-23T03:05:47+00:00","article_modified_time":"2024-04-23T09:09:01+00:00","og_image":[{"width":1170,"height":700,"url":"https:\/\/www.notibras.com\/site\/wp-content\/uploads\/2024\/04\/praca.3.po_.jpg","type":"image\/jpeg"}],"author":"Reda\u00e7\u00e3o","twitter_card":"summary_large_image","twitter_creator":"@Notibras","twitter_site":"@Notibras","twitter_misc":{"Escrito por":"Reda\u00e7\u00e3o","Est. tempo de leitura":"7 minutos"},"schema":{"@context":"https:\/\/schema.org","@graph":[{"@type":"Article","@id":"https:\/\/www.notibras.com\/site\/praca-dos-tres-poderes-passara-por-processo-de-revitalizacao\/#article","isPartOf":{"@id":"https:\/\/www.notibras.com\/site\/praca-dos-tres-poderes-passara-por-processo-de-revitalizacao\/"},"author":{"name":"Reda\u00e7\u00e3o","@id":"https:\/\/www.notibras.com\/site\/#\/schema\/person\/36ab0979449956132d3e5b517ea76ac8"},"headline":"Pra\u00e7a dos Tr\u00eas Poderes passar\u00e1 por processo de revitaliza\u00e7\u00e3o","datePublished":"2024-04-23T03:05:47+00:00","dateModified":"2024-04-23T09:09:01+00:00","mainEntityOfPage":{"@id":"https:\/\/www.notibras.com\/site\/praca-dos-tres-poderes-passara-por-processo-de-revitalizacao\/"},"wordCount":1392,"publisher":{"@id":"https:\/\/www.notibras.com\/site\/#organization"},"image":{"@id":"https:\/\/www.notibras.com\/site\/praca-dos-tres-poderes-passara-por-processo-de-revitalizacao\/#primaryimage"},"thumbnailUrl":"https:\/\/www.notibras.com\/site\/wp-content\/uploads\/2024\/04\/praca.3.po_.jpg","articleSection":["Quadradinho em Foco"],"inLanguage":"pt-BR"},{"@type":"WebPage","@id":"https:\/\/www.notibras.com\/site\/praca-dos-tres-poderes-passara-por-processo-de-revitalizacao\/","url":"https:\/\/www.notibras.com\/site\/praca-dos-tres-poderes-passara-por-processo-de-revitalizacao\/","name":"Pra\u00e7a dos Tr\u00eas Poderes passar\u00e1 por processo de revitaliza\u00e7\u00e3o - Notibras","isPartOf":{"@id":"https:\/\/www.notibras.com\/site\/#website"},"primaryImageOfPage":{"@id":"https:\/\/www.notibras.com\/site\/praca-dos-tres-poderes-passara-por-processo-de-revitalizacao\/#primaryimage"},"image":{"@id":"https:\/\/www.notibras.com\/site\/praca-dos-tres-poderes-passara-por-processo-de-revitalizacao\/#primaryimage"},"thumbnailUrl":"https:\/\/www.notibras.com\/site\/wp-content\/uploads\/2024\/04\/praca.3.po_.jpg","datePublished":"2024-04-23T03:05:47+00:00","dateModified":"2024-04-23T09:09:01+00:00","breadcrumb":{"@id":"https:\/\/www.notibras.com\/site\/praca-dos-tres-poderes-passara-por-processo-de-revitalizacao\/#breadcrumb"},"inLanguage":"pt-BR","potentialAction":[{"@type":"ReadAction","target":["https:\/\/www.notibras.com\/site\/praca-dos-tres-poderes-passara-por-processo-de-revitalizacao\/"]}]},{"@type":"ImageObject","inLanguage":"pt-BR","@id":"https:\/\/www.notibras.com\/site\/praca-dos-tres-poderes-passara-por-processo-de-revitalizacao\/#primaryimage","url":"https:\/\/www.notibras.com\/site\/wp-content\/uploads\/2024\/04\/praca.3.po_.jpg","contentUrl":"https:\/\/www.notibras.com\/site\/wp-content\/uploads\/2024\/04\/praca.3.po_.jpg","width":1170,"height":700},{"@type":"BreadcrumbList","@id":"https:\/\/www.notibras.com\/site\/praca-dos-tres-poderes-passara-por-processo-de-revitalizacao\/#breadcrumb","itemListElement":[{"@type":"ListItem","position":1,"name":"In\u00edcio","item":"https:\/\/www.notibras.com\/site\/"},{"@type":"ListItem","position":2,"name":"Pra\u00e7a dos Tr\u00eas Poderes passar\u00e1 por processo de revitaliza\u00e7\u00e3o"}]},{"@type":"WebSite","@id":"https:\/\/www.notibras.com\/site\/#website","url":"https:\/\/www.notibras.com\/site\/","name":"Notibras","description":"Not\u00edcias de Bras\u00edlia, do Brasil e do Mundo","publisher":{"@id":"https:\/\/www.notibras.com\/site\/#organization"},"potentialAction":[{"@type":"SearchAction","target":{"@type":"EntryPoint","urlTemplate":"https:\/\/www.notibras.com\/site\/?s={search_term_string}"},"query-input":{"@type":"PropertyValueSpecification","valueRequired":true,"valueName":"search_term_string"}}],"inLanguage":"pt-BR"},{"@type":"Organization","@id":"https:\/\/www.notibras.com\/site\/#organization","name":"Grupo Notibras de Comunica\u00e7\u00e3o","url":"https:\/\/www.notibras.com\/site\/","logo":{"@type":"ImageObject","inLanguage":"pt-BR","@id":"https:\/\/www.notibras.com\/site\/#\/schema\/logo\/image\/","url":"https:\/\/www.notibras.com\/site\/wp-content\/uploads\/2023\/01\/notibras23.png","contentUrl":"https:\/\/www.notibras.com\/site\/wp-content\/uploads\/2023\/01\/notibras23.png","width":350,"height":87,"caption":"Grupo Notibras de Comunica\u00e7\u00e3o"},"image":{"@id":"https:\/\/www.notibras.com\/site\/#\/schema\/logo\/image\/"},"sameAs":["https:\/\/www.facebook.com\/notibras\/","https:\/\/x.com\/Notibras","https:\/\/www.instagram.com\/notibras\/"]},{"@type":"Person","@id":"https:\/\/www.notibras.com\/site\/#\/schema\/person\/36ab0979449956132d3e5b517ea76ac8","name":"Reda\u00e7\u00e3o","image":{"@type":"ImageObject","inLanguage":"pt-BR","@id":"https:\/\/secure.gravatar.com\/avatar\/e0a867bdedb85fd243eadf09663511f96fc81e0720a4a42581f334ad4303aa6b?s=96&d=mm&r=g","url":"https:\/\/secure.gravatar.com\/avatar\/e0a867bdedb85fd243eadf09663511f96fc81e0720a4a42581f334ad4303aa6b?s=96&d=mm&r=g","contentUrl":"https:\/\/secure.gravatar.com\/avatar\/e0a867bdedb85fd243eadf09663511f96fc81e0720a4a42581f334ad4303aa6b?s=96&d=mm&r=g","caption":"Reda\u00e7\u00e3o"}}]}},"amp_enabled":true,"_links":{"self":[{"href":"https:\/\/www.notibras.com\/site\/wp-json\/wp\/v2\/posts\/327234","targetHints":{"allow":["GET"]}}],"collection":[{"href":"https:\/\/www.notibras.com\/site\/wp-json\/wp\/v2\/posts"}],"about":[{"href":"https:\/\/www.notibras.com\/site\/wp-json\/wp\/v2\/types\/post"}],"author":[{"embeddable":true,"href":"https:\/\/www.notibras.com\/site\/wp-json\/wp\/v2\/users\/2"}],"replies":[{"embeddable":true,"href":"https:\/\/www.notibras.com\/site\/wp-json\/wp\/v2\/comments?post=327234"}],"version-history":[{"count":2,"href":"https:\/\/www.notibras.com\/site\/wp-json\/wp\/v2\/posts\/327234\/revisions"}],"predecessor-version":[{"id":327237,"href":"https:\/\/www.notibras.com\/site\/wp-json\/wp\/v2\/posts\/327234\/revisions\/327237"}],"wp:featuredmedia":[{"embeddable":true,"href":"https:\/\/www.notibras.com\/site\/wp-json\/wp\/v2\/media\/327235"}],"wp:attachment":[{"href":"https:\/\/www.notibras.com\/site\/wp-json\/wp\/v2\/media?parent=327234"}],"wp:term":[{"taxonomy":"category","embeddable":true,"href":"https:\/\/www.notibras.com\/site\/wp-json\/wp\/v2\/categories?post=327234"},{"taxonomy":"post_tag","embeddable":true,"href":"https:\/\/www.notibras.com\/site\/wp-json\/wp\/v2\/tags?post=327234"}],"curies":[{"name":"wp","href":"https:\/\/api.w.org\/{rel}","templated":true}]}}