{"id":327241,"date":"2024-04-23T00:18:42","date_gmt":"2024-04-23T03:18:42","guid":{"rendered":"https:\/\/www.notibras.com\/site\/?p=327241"},"modified":"2024-04-23T06:21:42","modified_gmt":"2024-04-23T09:21:42","slug":"policia-faz-oito-prisoes-e-apreende-63-celulares-roubados","status":"publish","type":"post","link":"https:\/\/www.notibras.com\/site\/policia-faz-oito-prisoes-e-apreende-63-celulares-roubados\/","title":{"rendered":"Pol\u00edcia faz oito pris\u00f5es e apreende 63 celulares roubados"},"content":{"rendered":"<p>Em opera\u00e7\u00e3o realizada nesta segunda-feira (22), a Pol\u00edcia Civil do Distrito Federal (DF) fez oito pris\u00f5es e apreendeu 63 telefones celulares com um grupo que aproveitava grandes eventos de lazer para roubar e furtar tais aparelhos. Batizada de Pickpocket, a a\u00e7\u00e3o mobilizou cerca de 300 policiais para cumprir 52 ordens judiciais de busca e apreens\u00e3o. At\u00e9 o momento, houve sete flagrantes. .<\/p>\n<p>Os mandados, expedidos pela 7\u00aa Vara Criminal de Bras\u00edlia, foram cumpridos nas regi\u00f5es de Ceil\u00e2ndia, Sol Nascente, Taguatinga, \u00c1guas Claras, Vicente Pires, Samambaia, Recanto das Emas e Riacho Fundo II. As ordens tamb\u00e9m foram cumpridas nas cidades goianas de \u00c1guas Lindas de Goi\u00e1s e Alex\u00e2nia e em S\u00e3o Jos\u00e9 do Rio Preto, no interior de S\u00e3o Paulo.<\/p>\n<p>Ao todo, 32 dos suspeitos identificados s\u00e3o investigados pela pr\u00e1tica dos crimes j\u00e1 mencionados e, com exce\u00e7\u00e3o de um deles, todos os demais t\u00eam anota\u00e7\u00f5es criminais pela pr\u00e1tica de crimes contra o patrim\u00f4nio. Segundo a pol\u00edcia, alguns dos detidos t\u00eam inclusive registro pela pr\u00e1tica dos crimes de roubo, furto, furto mediante fraude, estelionato e recepta\u00e7\u00e3o.<\/p>\n<p>As investiga\u00e7\u00f5es come\u00e7aram em abril do ano passado, quando cinco pessoas foram presas em flagrante pelo crime de furto de aparelhos celulares no interior de um evento com uma atra\u00e7\u00e3o internacional.<\/p>\n<p>Durante o processo investigat\u00f3rio, identificou-se que o grupo se subdividia em seis n\u00facleos: um respons\u00e1vel pela organiza\u00e7\u00e3o dos crimes e os outros, pela pr\u00e1tica dos furtos, pela guarda dos aparelhos subtra\u00eddos, pelo desbloqueio dos aparelhos subtra\u00eddos, pela recepta\u00e7\u00e3o deles e pela log\u00edstica financeira da organiza\u00e7\u00e3o.<\/p>\n<p>O termo Pickpocket \u00e9 uma refer\u00eancia na l\u00edngua inglesa para os chamados &#8220;batedores de carteiras e objetos&#8221;, realizando os furtos dos aparelhos celulares do interior dos bolsos ou de bolsas sem que as v\u00edtimas percebam.<\/p>\n<p>Os investigados poder\u00e3o responder pelos crimes de furto, furto qualificado, roubo, estelionato, organiza\u00e7\u00e3o criminosa, recepta\u00e7\u00e3o e recepta\u00e7\u00e3o qualificada, podendo pegar at\u00e9 dez anos de reclus\u00e3o.<\/p>\n","protected":false},"excerpt":{"rendered":"<p>Em opera\u00e7\u00e3o realizada nesta segunda-feira (22), a Pol\u00edcia Civil do Distrito Federal (DF) fez oito pris\u00f5es e apreendeu 63 telefones celulares com um grupo que aproveitava grandes eventos de lazer para roubar e furtar tais aparelhos. Batizada de Pickpocket, a a\u00e7\u00e3o mobilizou cerca de 300 policiais para cumprir 52 ordens judiciais de busca e apreens\u00e3o. [&hellip;]<\/p>\n","protected":false},"author":2,"featured_media":327242,"comment_status":"closed","ping_status":"closed","sticky":false,"template":"","format":"standard","meta":{"_acf_changed":false,"footnotes":""},"categories":[161],"tags":[],"class_list":["post-327241","post","type-post","status-publish","format-standard","has-post-thumbnail","hentry","category-quadradinho-em-foco"],"acf":[],"yoast_head":"<!-- This site is optimized with the Yoast SEO plugin v27.5 - https:\/\/yoast.com\/product\/yoast-seo-wordpress\/ -->\n<title>Pol\u00edcia faz oito pris\u00f5es e apreende 63 celulares roubados - Notibras<\/title>\n<meta name=\"robots\" content=\"index, follow, max-snippet:-1, max-image-preview:large, max-video-preview:-1\" \/>\n<link rel=\"canonical\" href=\"https:\/\/www.notibras.com\/site\/policia-faz-oito-prisoes-e-apreende-63-celulares-roubados\/\" \/>\n<meta property=\"og:locale\" content=\"pt_BR\" \/>\n<meta property=\"og:type\" content=\"article\" \/>\n<meta property=\"og:title\" content=\"Pol\u00edcia faz oito pris\u00f5es e apreende 63 celulares roubados - Notibras\" \/>\n<meta property=\"og:description\" content=\"Em opera\u00e7\u00e3o realizada nesta segunda-feira (22), a Pol\u00edcia Civil do Distrito Federal (DF) fez oito pris\u00f5es e apreendeu 63 telefones celulares com um grupo que aproveitava grandes eventos de lazer para roubar e furtar tais aparelhos. Batizada de Pickpocket, a a\u00e7\u00e3o mobilizou cerca de 300 policiais para cumprir 52 ordens judiciais de busca e apreens\u00e3o. [&hellip;]\" \/>\n<meta property=\"og:url\" content=\"https:\/\/www.notibras.com\/site\/policia-faz-oito-prisoes-e-apreende-63-celulares-roubados\/\" \/>\n<meta property=\"og:site_name\" content=\"Notibras\" \/>\n<meta property=\"article:publisher\" content=\"https:\/\/www.facebook.com\/notibras\/\" \/>\n<meta property=\"article:published_time\" content=\"2024-04-23T03:18:42+00:00\" \/>\n<meta property=\"article:modified_time\" content=\"2024-04-23T09:21:42+00:00\" \/>\n<meta property=\"og:image\" content=\"https:\/\/www.notibras.com\/site\/wp-content\/uploads\/2024\/04\/Celupick.webp\" \/>\n\t<meta property=\"og:image:width\" content=\"1170\" \/>\n\t<meta property=\"og:image:height\" content=\"700\" \/>\n\t<meta property=\"og:image:type\" content=\"image\/webp\" \/>\n<meta name=\"author\" content=\"Reda\u00e7\u00e3o\" \/>\n<meta name=\"twitter:card\" content=\"summary_large_image\" \/>\n<meta name=\"twitter:creator\" content=\"@Notibras\" \/>\n<meta name=\"twitter:site\" content=\"@Notibras\" \/>\n<meta name=\"twitter:label1\" content=\"Escrito por\" \/>\n\t<meta name=\"twitter:data1\" content=\"Reda\u00e7\u00e3o\" \/>\n\t<meta name=\"twitter:label2\" content=\"Est. tempo de leitura\" \/>\n\t<meta name=\"twitter:data2\" content=\"2 minutos\" \/>\n<script type=\"application\/ld+json\" class=\"yoast-schema-graph\">{\"@context\":\"https:\\\/\\\/schema.org\",\"@graph\":[{\"@type\":\"Article\",\"@id\":\"https:\\\/\\\/www.notibras.com\\\/site\\\/policia-faz-oito-prisoes-e-apreende-63-celulares-roubados\\\/#article\",\"isPartOf\":{\"@id\":\"https:\\\/\\\/www.notibras.com\\\/site\\\/policia-faz-oito-prisoes-e-apreende-63-celulares-roubados\\\/\"},\"author\":{\"name\":\"Reda\u00e7\u00e3o\",\"@id\":\"https:\\\/\\\/www.notibras.com\\\/site\\\/#\\\/schema\\\/person\\\/36ab0979449956132d3e5b517ea76ac8\"},\"headline\":\"Pol\u00edcia faz oito pris\u00f5es e apreende 63 celulares roubados\",\"datePublished\":\"2024-04-23T03:18:42+00:00\",\"dateModified\":\"2024-04-23T09:21:42+00:00\",\"mainEntityOfPage\":{\"@id\":\"https:\\\/\\\/www.notibras.com\\\/site\\\/policia-faz-oito-prisoes-e-apreende-63-celulares-roubados\\\/\"},\"wordCount\":357,\"publisher\":{\"@id\":\"https:\\\/\\\/www.notibras.com\\\/site\\\/#organization\"},\"image\":{\"@id\":\"https:\\\/\\\/www.notibras.com\\\/site\\\/policia-faz-oito-prisoes-e-apreende-63-celulares-roubados\\\/#primaryimage\"},\"thumbnailUrl\":\"https:\\\/\\\/www.notibras.com\\\/site\\\/wp-content\\\/uploads\\\/2024\\\/04\\\/Celupick.webp\",\"articleSection\":[\"Quadradinho em Foco\"],\"inLanguage\":\"pt-BR\"},{\"@type\":\"WebPage\",\"@id\":\"https:\\\/\\\/www.notibras.com\\\/site\\\/policia-faz-oito-prisoes-e-apreende-63-celulares-roubados\\\/\",\"url\":\"https:\\\/\\\/www.notibras.com\\\/site\\\/policia-faz-oito-prisoes-e-apreende-63-celulares-roubados\\\/\",\"name\":\"Pol\u00edcia faz oito pris\u00f5es e apreende 63 celulares roubados - Notibras\",\"isPartOf\":{\"@id\":\"https:\\\/\\\/www.notibras.com\\\/site\\\/#website\"},\"primaryImageOfPage\":{\"@id\":\"https:\\\/\\\/www.notibras.com\\\/site\\\/policia-faz-oito-prisoes-e-apreende-63-celulares-roubados\\\/#primaryimage\"},\"image\":{\"@id\":\"https:\\\/\\\/www.notibras.com\\\/site\\\/policia-faz-oito-prisoes-e-apreende-63-celulares-roubados\\\/#primaryimage\"},\"thumbnailUrl\":\"https:\\\/\\\/www.notibras.com\\\/site\\\/wp-content\\\/uploads\\\/2024\\\/04\\\/Celupick.webp\",\"datePublished\":\"2024-04-23T03:18:42+00:00\",\"dateModified\":\"2024-04-23T09:21:42+00:00\",\"breadcrumb\":{\"@id\":\"https:\\\/\\\/www.notibras.com\\\/site\\\/policia-faz-oito-prisoes-e-apreende-63-celulares-roubados\\\/#breadcrumb\"},\"inLanguage\":\"pt-BR\",\"potentialAction\":[{\"@type\":\"ReadAction\",\"target\":[\"https:\\\/\\\/www.notibras.com\\\/site\\\/policia-faz-oito-prisoes-e-apreende-63-celulares-roubados\\\/\"]}]},{\"@type\":\"ImageObject\",\"inLanguage\":\"pt-BR\",\"@id\":\"https:\\\/\\\/www.notibras.com\\\/site\\\/policia-faz-oito-prisoes-e-apreende-63-celulares-roubados\\\/#primaryimage\",\"url\":\"https:\\\/\\\/www.notibras.com\\\/site\\\/wp-content\\\/uploads\\\/2024\\\/04\\\/Celupick.webp\",\"contentUrl\":\"https:\\\/\\\/www.notibras.com\\\/site\\\/wp-content\\\/uploads\\\/2024\\\/04\\\/Celupick.webp\",\"width\":1170,\"height\":700},{\"@type\":\"BreadcrumbList\",\"@id\":\"https:\\\/\\\/www.notibras.com\\\/site\\\/policia-faz-oito-prisoes-e-apreende-63-celulares-roubados\\\/#breadcrumb\",\"itemListElement\":[{\"@type\":\"ListItem\",\"position\":1,\"name\":\"In\u00edcio\",\"item\":\"https:\\\/\\\/www.notibras.com\\\/site\\\/\"},{\"@type\":\"ListItem\",\"position\":2,\"name\":\"Pol\u00edcia faz oito pris\u00f5es e apreende 63 celulares roubados\"}]},{\"@type\":\"WebSite\",\"@id\":\"https:\\\/\\\/www.notibras.com\\\/site\\\/#website\",\"url\":\"https:\\\/\\\/www.notibras.com\\\/site\\\/\",\"name\":\"Notibras\",\"description\":\"Not\u00edcias de Bras\u00edlia, do Brasil e do Mundo\",\"publisher\":{\"@id\":\"https:\\\/\\\/www.notibras.com\\\/site\\\/#organization\"},\"potentialAction\":[{\"@type\":\"SearchAction\",\"target\":{\"@type\":\"EntryPoint\",\"urlTemplate\":\"https:\\\/\\\/www.notibras.com\\\/site\\\/?s={search_term_string}\"},\"query-input\":{\"@type\":\"PropertyValueSpecification\",\"valueRequired\":true,\"valueName\":\"search_term_string\"}}],\"inLanguage\":\"pt-BR\"},{\"@type\":\"Organization\",\"@id\":\"https:\\\/\\\/www.notibras.com\\\/site\\\/#organization\",\"name\":\"Grupo Notibras de Comunica\u00e7\u00e3o\",\"url\":\"https:\\\/\\\/www.notibras.com\\\/site\\\/\",\"logo\":{\"@type\":\"ImageObject\",\"inLanguage\":\"pt-BR\",\"@id\":\"https:\\\/\\\/www.notibras.com\\\/site\\\/#\\\/schema\\\/logo\\\/image\\\/\",\"url\":\"https:\\\/\\\/www.notibras.com\\\/site\\\/wp-content\\\/uploads\\\/2023\\\/01\\\/notibras23.png\",\"contentUrl\":\"https:\\\/\\\/www.notibras.com\\\/site\\\/wp-content\\\/uploads\\\/2023\\\/01\\\/notibras23.png\",\"width\":350,\"height\":87,\"caption\":\"Grupo Notibras de Comunica\u00e7\u00e3o\"},\"image\":{\"@id\":\"https:\\\/\\\/www.notibras.com\\\/site\\\/#\\\/schema\\\/logo\\\/image\\\/\"},\"sameAs\":[\"https:\\\/\\\/www.facebook.com\\\/notibras\\\/\",\"https:\\\/\\\/x.com\\\/Notibras\",\"https:\\\/\\\/www.instagram.com\\\/notibras\\\/\"]},{\"@type\":\"Person\",\"@id\":\"https:\\\/\\\/www.notibras.com\\\/site\\\/#\\\/schema\\\/person\\\/36ab0979449956132d3e5b517ea76ac8\",\"name\":\"Reda\u00e7\u00e3o\",\"image\":{\"@type\":\"ImageObject\",\"inLanguage\":\"pt-BR\",\"@id\":\"https:\\\/\\\/secure.gravatar.com\\\/avatar\\\/e0a867bdedb85fd243eadf09663511f96fc81e0720a4a42581f334ad4303aa6b?s=96&d=mm&r=g\",\"url\":\"https:\\\/\\\/secure.gravatar.com\\\/avatar\\\/e0a867bdedb85fd243eadf09663511f96fc81e0720a4a42581f334ad4303aa6b?s=96&d=mm&r=g\",\"contentUrl\":\"https:\\\/\\\/secure.gravatar.com\\\/avatar\\\/e0a867bdedb85fd243eadf09663511f96fc81e0720a4a42581f334ad4303aa6b?s=96&d=mm&r=g\",\"caption\":\"Reda\u00e7\u00e3o\"}}]}<\/script>\n<!-- \/ Yoast SEO plugin. -->","yoast_head_json":{"title":"Pol\u00edcia faz oito pris\u00f5es e apreende 63 celulares roubados - Notibras","robots":{"index":"index","follow":"follow","max-snippet":"max-snippet:-1","max-image-preview":"max-image-preview:large","max-video-preview":"max-video-preview:-1"},"canonical":"https:\/\/www.notibras.com\/site\/policia-faz-oito-prisoes-e-apreende-63-celulares-roubados\/","og_locale":"pt_BR","og_type":"article","og_title":"Pol\u00edcia faz oito pris\u00f5es e apreende 63 celulares roubados - Notibras","og_description":"Em opera\u00e7\u00e3o realizada nesta segunda-feira (22), a Pol\u00edcia Civil do Distrito Federal (DF) fez oito pris\u00f5es e apreendeu 63 telefones celulares com um grupo que aproveitava grandes eventos de lazer para roubar e furtar tais aparelhos. Batizada de Pickpocket, a a\u00e7\u00e3o mobilizou cerca de 300 policiais para cumprir 52 ordens judiciais de busca e apreens\u00e3o. [&hellip;]","og_url":"https:\/\/www.notibras.com\/site\/policia-faz-oito-prisoes-e-apreende-63-celulares-roubados\/","og_site_name":"Notibras","article_publisher":"https:\/\/www.facebook.com\/notibras\/","article_published_time":"2024-04-23T03:18:42+00:00","article_modified_time":"2024-04-23T09:21:42+00:00","og_image":[{"width":1170,"height":700,"url":"https:\/\/www.notibras.com\/site\/wp-content\/uploads\/2024\/04\/Celupick.webp","type":"image\/webp"}],"author":"Reda\u00e7\u00e3o","twitter_card":"summary_large_image","twitter_creator":"@Notibras","twitter_site":"@Notibras","twitter_misc":{"Escrito por":"Reda\u00e7\u00e3o","Est. tempo de leitura":"2 minutos"},"schema":{"@context":"https:\/\/schema.org","@graph":[{"@type":"Article","@id":"https:\/\/www.notibras.com\/site\/policia-faz-oito-prisoes-e-apreende-63-celulares-roubados\/#article","isPartOf":{"@id":"https:\/\/www.notibras.com\/site\/policia-faz-oito-prisoes-e-apreende-63-celulares-roubados\/"},"author":{"name":"Reda\u00e7\u00e3o","@id":"https:\/\/www.notibras.com\/site\/#\/schema\/person\/36ab0979449956132d3e5b517ea76ac8"},"headline":"Pol\u00edcia faz oito pris\u00f5es e apreende 63 celulares roubados","datePublished":"2024-04-23T03:18:42+00:00","dateModified":"2024-04-23T09:21:42+00:00","mainEntityOfPage":{"@id":"https:\/\/www.notibras.com\/site\/policia-faz-oito-prisoes-e-apreende-63-celulares-roubados\/"},"wordCount":357,"publisher":{"@id":"https:\/\/www.notibras.com\/site\/#organization"},"image":{"@id":"https:\/\/www.notibras.com\/site\/policia-faz-oito-prisoes-e-apreende-63-celulares-roubados\/#primaryimage"},"thumbnailUrl":"https:\/\/www.notibras.com\/site\/wp-content\/uploads\/2024\/04\/Celupick.webp","articleSection":["Quadradinho em Foco"],"inLanguage":"pt-BR"},{"@type":"WebPage","@id":"https:\/\/www.notibras.com\/site\/policia-faz-oito-prisoes-e-apreende-63-celulares-roubados\/","url":"https:\/\/www.notibras.com\/site\/policia-faz-oito-prisoes-e-apreende-63-celulares-roubados\/","name":"Pol\u00edcia faz oito pris\u00f5es e apreende 63 celulares roubados - Notibras","isPartOf":{"@id":"https:\/\/www.notibras.com\/site\/#website"},"primaryImageOfPage":{"@id":"https:\/\/www.notibras.com\/site\/policia-faz-oito-prisoes-e-apreende-63-celulares-roubados\/#primaryimage"},"image":{"@id":"https:\/\/www.notibras.com\/site\/policia-faz-oito-prisoes-e-apreende-63-celulares-roubados\/#primaryimage"},"thumbnailUrl":"https:\/\/www.notibras.com\/site\/wp-content\/uploads\/2024\/04\/Celupick.webp","datePublished":"2024-04-23T03:18:42+00:00","dateModified":"2024-04-23T09:21:42+00:00","breadcrumb":{"@id":"https:\/\/www.notibras.com\/site\/policia-faz-oito-prisoes-e-apreende-63-celulares-roubados\/#breadcrumb"},"inLanguage":"pt-BR","potentialAction":[{"@type":"ReadAction","target":["https:\/\/www.notibras.com\/site\/policia-faz-oito-prisoes-e-apreende-63-celulares-roubados\/"]}]},{"@type":"ImageObject","inLanguage":"pt-BR","@id":"https:\/\/www.notibras.com\/site\/policia-faz-oito-prisoes-e-apreende-63-celulares-roubados\/#primaryimage","url":"https:\/\/www.notibras.com\/site\/wp-content\/uploads\/2024\/04\/Celupick.webp","contentUrl":"https:\/\/www.notibras.com\/site\/wp-content\/uploads\/2024\/04\/Celupick.webp","width":1170,"height":700},{"@type":"BreadcrumbList","@id":"https:\/\/www.notibras.com\/site\/policia-faz-oito-prisoes-e-apreende-63-celulares-roubados\/#breadcrumb","itemListElement":[{"@type":"ListItem","position":1,"name":"In\u00edcio","item":"https:\/\/www.notibras.com\/site\/"},{"@type":"ListItem","position":2,"name":"Pol\u00edcia faz oito pris\u00f5es e apreende 63 celulares roubados"}]},{"@type":"WebSite","@id":"https:\/\/www.notibras.com\/site\/#website","url":"https:\/\/www.notibras.com\/site\/","name":"Notibras","description":"Not\u00edcias de Bras\u00edlia, do Brasil e do Mundo","publisher":{"@id":"https:\/\/www.notibras.com\/site\/#organization"},"potentialAction":[{"@type":"SearchAction","target":{"@type":"EntryPoint","urlTemplate":"https:\/\/www.notibras.com\/site\/?s={search_term_string}"},"query-input":{"@type":"PropertyValueSpecification","valueRequired":true,"valueName":"search_term_string"}}],"inLanguage":"pt-BR"},{"@type":"Organization","@id":"https:\/\/www.notibras.com\/site\/#organization","name":"Grupo Notibras de Comunica\u00e7\u00e3o","url":"https:\/\/www.notibras.com\/site\/","logo":{"@type":"ImageObject","inLanguage":"pt-BR","@id":"https:\/\/www.notibras.com\/site\/#\/schema\/logo\/image\/","url":"https:\/\/www.notibras.com\/site\/wp-content\/uploads\/2023\/01\/notibras23.png","contentUrl":"https:\/\/www.notibras.com\/site\/wp-content\/uploads\/2023\/01\/notibras23.png","width":350,"height":87,"caption":"Grupo Notibras de Comunica\u00e7\u00e3o"},"image":{"@id":"https:\/\/www.notibras.com\/site\/#\/schema\/logo\/image\/"},"sameAs":["https:\/\/www.facebook.com\/notibras\/","https:\/\/x.com\/Notibras","https:\/\/www.instagram.com\/notibras\/"]},{"@type":"Person","@id":"https:\/\/www.notibras.com\/site\/#\/schema\/person\/36ab0979449956132d3e5b517ea76ac8","name":"Reda\u00e7\u00e3o","image":{"@type":"ImageObject","inLanguage":"pt-BR","@id":"https:\/\/secure.gravatar.com\/avatar\/e0a867bdedb85fd243eadf09663511f96fc81e0720a4a42581f334ad4303aa6b?s=96&d=mm&r=g","url":"https:\/\/secure.gravatar.com\/avatar\/e0a867bdedb85fd243eadf09663511f96fc81e0720a4a42581f334ad4303aa6b?s=96&d=mm&r=g","contentUrl":"https:\/\/secure.gravatar.com\/avatar\/e0a867bdedb85fd243eadf09663511f96fc81e0720a4a42581f334ad4303aa6b?s=96&d=mm&r=g","caption":"Reda\u00e7\u00e3o"}}]}},"amp_enabled":true,"_links":{"self":[{"href":"https:\/\/www.notibras.com\/site\/wp-json\/wp\/v2\/posts\/327241","targetHints":{"allow":["GET"]}}],"collection":[{"href":"https:\/\/www.notibras.com\/site\/wp-json\/wp\/v2\/posts"}],"about":[{"href":"https:\/\/www.notibras.com\/site\/wp-json\/wp\/v2\/types\/post"}],"author":[{"embeddable":true,"href":"https:\/\/www.notibras.com\/site\/wp-json\/wp\/v2\/users\/2"}],"replies":[{"embeddable":true,"href":"https:\/\/www.notibras.com\/site\/wp-json\/wp\/v2\/comments?post=327241"}],"version-history":[{"count":1,"href":"https:\/\/www.notibras.com\/site\/wp-json\/wp\/v2\/posts\/327241\/revisions"}],"predecessor-version":[{"id":327243,"href":"https:\/\/www.notibras.com\/site\/wp-json\/wp\/v2\/posts\/327241\/revisions\/327243"}],"wp:featuredmedia":[{"embeddable":true,"href":"https:\/\/www.notibras.com\/site\/wp-json\/wp\/v2\/media\/327242"}],"wp:attachment":[{"href":"https:\/\/www.notibras.com\/site\/wp-json\/wp\/v2\/media?parent=327241"}],"wp:term":[{"taxonomy":"category","embeddable":true,"href":"https:\/\/www.notibras.com\/site\/wp-json\/wp\/v2\/categories?post=327241"},{"taxonomy":"post_tag","embeddable":true,"href":"https:\/\/www.notibras.com\/site\/wp-json\/wp\/v2\/tags?post=327241"}],"curies":[{"name":"wp","href":"https:\/\/api.w.org\/{rel}","templated":true}]}}