{"id":327251,"date":"2024-04-23T06:40:46","date_gmt":"2024-04-23T09:40:46","guid":{"rendered":"https:\/\/www.notibras.com\/site\/?p=327251"},"modified":"2024-04-23T06:42:14","modified_gmt":"2024-04-23T09:42:14","slug":"viva-experiencia-de-jantar-com-vinho-de-sabor-italiano","status":"publish","type":"post","link":"https:\/\/www.notibras.com\/site\/viva-experiencia-de-jantar-com-vinho-de-sabor-italiano\/","title":{"rendered":"Viva experi\u00eancia de jantar com vinho de sabor italiano"},"content":{"rendered":"<p>Os amantes da gastronomia t\u00eam um motivo a mais para celebrar: o Abbraccio, conhecido por suas op\u00e7\u00f5es inspiradas no lifestyle italiano, est\u00e1 oferecendo uma experi\u00eancia exclusiva de menu harmonizado no dia 25 de abril, no Park Shopping Bras\u00edlia.<\/p>\n<p>A iniciativa, batizada de &#8220;Esperienza Abbraccio\u201d, promete levar os participantes a uma jornada culin\u00e1ria \u00fanica, onde cada prato \u00e9 cuidadosamente harmonizado com um vinho selecionado, proporcionando uma combina\u00e7\u00e3o perfeita de sabores e aromas.<\/p>\n<p>A jornada gastron\u00f4mica ser\u00e1 guiada pelo s\u00f3cio propriet\u00e1rio do restaurante, come\u00e7ando com uma recep\u00e7\u00e3o no bar. Em seguida, os clientes s\u00e3o conduzidos \u00e0s suas mesas, onde os aguarda uma cuidadosa sele\u00e7\u00e3o de entradas: a Bruschetta Caprese e o Mini-hamb\u00farguer de Polpettone, perfeitamente harmonizados com dois vinhos, o Abbraccio Primitivo e o Paisajes de Los Andes Camenere.<\/p>\n<p>Depois, \u00e9 hora de saborear o prato principal, o Gnocchi Marsala, um cl\u00e1ssico da culin\u00e1ria italiana com toque Abbraccio. Para harmonizar, duas op\u00e7\u00f5es de vinho, o Les Bourgarels Pinot Noir e o San Floriano Sangiovese.<\/p>\n<p>Para encerrar a jornada culin\u00e1ria com chave de ouro, os participantes provam o Quadrato di Cioccolatto, que re\u00fane a suavidade do chocolate com a delicadeza de ingredientes selecionados.<\/p>\n<p>&#8220;O &#8216;Esperienza Abbraccio&#8217; \u00e9 uma verdadeira imers\u00e3o na cultura e nos sabores italianos. \u00c9 uma oportunidade \u00fanica para os nossos clientes vivenciarem uma experi\u00eancia gastron\u00f4mica exclusiva, onde cada prato \u00e9 cuidadosamente harmonizado com vinhos selecionados, proporcionando uma verdadeira festa para o paladar dos nossos clientes que quiserem se aventurar nessa experi\u00eancia in\u00e9dita&#8221;, comenta Paula Zequetti, Gerente de Marketing do Abbraccio.<\/p>\n<p>Os ingressos para essa experi\u00eancia gastron\u00f4mica j\u00e1 est\u00e3o dispon\u00edveis por R$ 184,90 por pessoa.<\/p>\n","protected":false},"excerpt":{"rendered":"<p>Os amantes da gastronomia t\u00eam um motivo a mais para celebrar: o Abbraccio, conhecido por suas op\u00e7\u00f5es inspiradas no lifestyle italiano, est\u00e1 oferecendo uma experi\u00eancia exclusiva de menu harmonizado no dia 25 de abril, no Park Shopping Bras\u00edlia. A iniciativa, batizada de &#8220;Esperienza Abbraccio\u201d, promete levar os participantes a uma jornada culin\u00e1ria \u00fanica, onde cada [&hellip;]<\/p>\n","protected":false},"author":2,"featured_media":327252,"comment_status":"closed","ping_status":"closed","sticky":false,"template":"","format":"standard","meta":{"_acf_changed":false,"footnotes":""},"categories":[161],"tags":[],"class_list":["post-327251","post","type-post","status-publish","format-standard","has-post-thumbnail","hentry","category-quadradinho-em-foco"],"acf":[],"yoast_head":"<!-- This site is optimized with the Yoast SEO plugin v27.5 - https:\/\/yoast.com\/product\/yoast-seo-wordpress\/ -->\n<title>Viva experi\u00eancia de jantar com vinho de sabor italiano - Notibras<\/title>\n<meta name=\"robots\" content=\"index, follow, max-snippet:-1, max-image-preview:large, max-video-preview:-1\" \/>\n<link rel=\"canonical\" href=\"https:\/\/www.notibras.com\/site\/viva-experiencia-de-jantar-com-vinho-de-sabor-italiano\/\" \/>\n<meta property=\"og:locale\" content=\"pt_BR\" \/>\n<meta property=\"og:type\" content=\"article\" \/>\n<meta property=\"og:title\" content=\"Viva experi\u00eancia de jantar com vinho de sabor italiano - Notibras\" \/>\n<meta property=\"og:description\" content=\"Os amantes da gastronomia t\u00eam um motivo a mais para celebrar: o Abbraccio, conhecido por suas op\u00e7\u00f5es inspiradas no lifestyle italiano, est\u00e1 oferecendo uma experi\u00eancia exclusiva de menu harmonizado no dia 25 de abril, no Park Shopping Bras\u00edlia. A iniciativa, batizada de &#8220;Esperienza Abbraccio\u201d, promete levar os participantes a uma jornada culin\u00e1ria \u00fanica, onde cada [&hellip;]\" \/>\n<meta property=\"og:url\" content=\"https:\/\/www.notibras.com\/site\/viva-experiencia-de-jantar-com-vinho-de-sabor-italiano\/\" \/>\n<meta property=\"og:site_name\" content=\"Notibras\" \/>\n<meta property=\"article:publisher\" content=\"https:\/\/www.facebook.com\/notibras\/\" \/>\n<meta property=\"article:published_time\" content=\"2024-04-23T09:40:46+00:00\" \/>\n<meta property=\"article:modified_time\" content=\"2024-04-23T09:42:14+00:00\" \/>\n<meta property=\"og:image\" content=\"https:\/\/www.notibras.com\/site\/wp-content\/uploads\/2024\/04\/Quadrato-di-Cioccolato1-1.jpg\" \/>\n\t<meta property=\"og:image:width\" content=\"1776\" \/>\n\t<meta property=\"og:image:height\" content=\"1109\" \/>\n\t<meta property=\"og:image:type\" content=\"image\/jpeg\" \/>\n<meta name=\"author\" content=\"Reda\u00e7\u00e3o\" \/>\n<meta name=\"twitter:card\" content=\"summary_large_image\" \/>\n<meta name=\"twitter:creator\" content=\"@Notibras\" \/>\n<meta name=\"twitter:site\" content=\"@Notibras\" \/>\n<meta name=\"twitter:label1\" content=\"Escrito por\" \/>\n\t<meta name=\"twitter:data1\" content=\"Reda\u00e7\u00e3o\" \/>\n\t<meta name=\"twitter:label2\" content=\"Est. tempo de leitura\" \/>\n\t<meta name=\"twitter:data2\" content=\"2 minutos\" \/>\n<script type=\"application\/ld+json\" class=\"yoast-schema-graph\">{\"@context\":\"https:\\\/\\\/schema.org\",\"@graph\":[{\"@type\":\"Article\",\"@id\":\"https:\\\/\\\/www.notibras.com\\\/site\\\/viva-experiencia-de-jantar-com-vinho-de-sabor-italiano\\\/#article\",\"isPartOf\":{\"@id\":\"https:\\\/\\\/www.notibras.com\\\/site\\\/viva-experiencia-de-jantar-com-vinho-de-sabor-italiano\\\/\"},\"author\":{\"name\":\"Reda\u00e7\u00e3o\",\"@id\":\"https:\\\/\\\/www.notibras.com\\\/site\\\/#\\\/schema\\\/person\\\/36ab0979449956132d3e5b517ea76ac8\"},\"headline\":\"Viva experi\u00eancia de jantar com vinho de sabor italiano\",\"datePublished\":\"2024-04-23T09:40:46+00:00\",\"dateModified\":\"2024-04-23T09:42:14+00:00\",\"mainEntityOfPage\":{\"@id\":\"https:\\\/\\\/www.notibras.com\\\/site\\\/viva-experiencia-de-jantar-com-vinho-de-sabor-italiano\\\/\"},\"wordCount\":295,\"publisher\":{\"@id\":\"https:\\\/\\\/www.notibras.com\\\/site\\\/#organization\"},\"image\":{\"@id\":\"https:\\\/\\\/www.notibras.com\\\/site\\\/viva-experiencia-de-jantar-com-vinho-de-sabor-italiano\\\/#primaryimage\"},\"thumbnailUrl\":\"https:\\\/\\\/www.notibras.com\\\/site\\\/wp-content\\\/uploads\\\/2024\\\/04\\\/Quadrato-di-Cioccolato1-1.jpg\",\"articleSection\":[\"Quadradinho em Foco\"],\"inLanguage\":\"pt-BR\"},{\"@type\":\"WebPage\",\"@id\":\"https:\\\/\\\/www.notibras.com\\\/site\\\/viva-experiencia-de-jantar-com-vinho-de-sabor-italiano\\\/\",\"url\":\"https:\\\/\\\/www.notibras.com\\\/site\\\/viva-experiencia-de-jantar-com-vinho-de-sabor-italiano\\\/\",\"name\":\"Viva experi\u00eancia de jantar com vinho de sabor italiano - Notibras\",\"isPartOf\":{\"@id\":\"https:\\\/\\\/www.notibras.com\\\/site\\\/#website\"},\"primaryImageOfPage\":{\"@id\":\"https:\\\/\\\/www.notibras.com\\\/site\\\/viva-experiencia-de-jantar-com-vinho-de-sabor-italiano\\\/#primaryimage\"},\"image\":{\"@id\":\"https:\\\/\\\/www.notibras.com\\\/site\\\/viva-experiencia-de-jantar-com-vinho-de-sabor-italiano\\\/#primaryimage\"},\"thumbnailUrl\":\"https:\\\/\\\/www.notibras.com\\\/site\\\/wp-content\\\/uploads\\\/2024\\\/04\\\/Quadrato-di-Cioccolato1-1.jpg\",\"datePublished\":\"2024-04-23T09:40:46+00:00\",\"dateModified\":\"2024-04-23T09:42:14+00:00\",\"breadcrumb\":{\"@id\":\"https:\\\/\\\/www.notibras.com\\\/site\\\/viva-experiencia-de-jantar-com-vinho-de-sabor-italiano\\\/#breadcrumb\"},\"inLanguage\":\"pt-BR\",\"potentialAction\":[{\"@type\":\"ReadAction\",\"target\":[\"https:\\\/\\\/www.notibras.com\\\/site\\\/viva-experiencia-de-jantar-com-vinho-de-sabor-italiano\\\/\"]}]},{\"@type\":\"ImageObject\",\"inLanguage\":\"pt-BR\",\"@id\":\"https:\\\/\\\/www.notibras.com\\\/site\\\/viva-experiencia-de-jantar-com-vinho-de-sabor-italiano\\\/#primaryimage\",\"url\":\"https:\\\/\\\/www.notibras.com\\\/site\\\/wp-content\\\/uploads\\\/2024\\\/04\\\/Quadrato-di-Cioccolato1-1.jpg\",\"contentUrl\":\"https:\\\/\\\/www.notibras.com\\\/site\\\/wp-content\\\/uploads\\\/2024\\\/04\\\/Quadrato-di-Cioccolato1-1.jpg\",\"width\":1776,\"height\":1109},{\"@type\":\"BreadcrumbList\",\"@id\":\"https:\\\/\\\/www.notibras.com\\\/site\\\/viva-experiencia-de-jantar-com-vinho-de-sabor-italiano\\\/#breadcrumb\",\"itemListElement\":[{\"@type\":\"ListItem\",\"position\":1,\"name\":\"In\u00edcio\",\"item\":\"https:\\\/\\\/www.notibras.com\\\/site\\\/\"},{\"@type\":\"ListItem\",\"position\":2,\"name\":\"Viva experi\u00eancia de jantar com vinho de sabor italiano\"}]},{\"@type\":\"WebSite\",\"@id\":\"https:\\\/\\\/www.notibras.com\\\/site\\\/#website\",\"url\":\"https:\\\/\\\/www.notibras.com\\\/site\\\/\",\"name\":\"Notibras\",\"description\":\"Not\u00edcias de Bras\u00edlia, do Brasil e do Mundo\",\"publisher\":{\"@id\":\"https:\\\/\\\/www.notibras.com\\\/site\\\/#organization\"},\"potentialAction\":[{\"@type\":\"SearchAction\",\"target\":{\"@type\":\"EntryPoint\",\"urlTemplate\":\"https:\\\/\\\/www.notibras.com\\\/site\\\/?s={search_term_string}\"},\"query-input\":{\"@type\":\"PropertyValueSpecification\",\"valueRequired\":true,\"valueName\":\"search_term_string\"}}],\"inLanguage\":\"pt-BR\"},{\"@type\":\"Organization\",\"@id\":\"https:\\\/\\\/www.notibras.com\\\/site\\\/#organization\",\"name\":\"Grupo Notibras de Comunica\u00e7\u00e3o\",\"url\":\"https:\\\/\\\/www.notibras.com\\\/site\\\/\",\"logo\":{\"@type\":\"ImageObject\",\"inLanguage\":\"pt-BR\",\"@id\":\"https:\\\/\\\/www.notibras.com\\\/site\\\/#\\\/schema\\\/logo\\\/image\\\/\",\"url\":\"https:\\\/\\\/www.notibras.com\\\/site\\\/wp-content\\\/uploads\\\/2023\\\/01\\\/notibras23.png\",\"contentUrl\":\"https:\\\/\\\/www.notibras.com\\\/site\\\/wp-content\\\/uploads\\\/2023\\\/01\\\/notibras23.png\",\"width\":350,\"height\":87,\"caption\":\"Grupo Notibras de Comunica\u00e7\u00e3o\"},\"image\":{\"@id\":\"https:\\\/\\\/www.notibras.com\\\/site\\\/#\\\/schema\\\/logo\\\/image\\\/\"},\"sameAs\":[\"https:\\\/\\\/www.facebook.com\\\/notibras\\\/\",\"https:\\\/\\\/x.com\\\/Notibras\",\"https:\\\/\\\/www.instagram.com\\\/notibras\\\/\"]},{\"@type\":\"Person\",\"@id\":\"https:\\\/\\\/www.notibras.com\\\/site\\\/#\\\/schema\\\/person\\\/36ab0979449956132d3e5b517ea76ac8\",\"name\":\"Reda\u00e7\u00e3o\",\"image\":{\"@type\":\"ImageObject\",\"inLanguage\":\"pt-BR\",\"@id\":\"https:\\\/\\\/secure.gravatar.com\\\/avatar\\\/e0a867bdedb85fd243eadf09663511f96fc81e0720a4a42581f334ad4303aa6b?s=96&d=mm&r=g\",\"url\":\"https:\\\/\\\/secure.gravatar.com\\\/avatar\\\/e0a867bdedb85fd243eadf09663511f96fc81e0720a4a42581f334ad4303aa6b?s=96&d=mm&r=g\",\"contentUrl\":\"https:\\\/\\\/secure.gravatar.com\\\/avatar\\\/e0a867bdedb85fd243eadf09663511f96fc81e0720a4a42581f334ad4303aa6b?s=96&d=mm&r=g\",\"caption\":\"Reda\u00e7\u00e3o\"}}]}<\/script>\n<!-- \/ Yoast SEO plugin. -->","yoast_head_json":{"title":"Viva experi\u00eancia de jantar com vinho de sabor italiano - Notibras","robots":{"index":"index","follow":"follow","max-snippet":"max-snippet:-1","max-image-preview":"max-image-preview:large","max-video-preview":"max-video-preview:-1"},"canonical":"https:\/\/www.notibras.com\/site\/viva-experiencia-de-jantar-com-vinho-de-sabor-italiano\/","og_locale":"pt_BR","og_type":"article","og_title":"Viva experi\u00eancia de jantar com vinho de sabor italiano - Notibras","og_description":"Os amantes da gastronomia t\u00eam um motivo a mais para celebrar: o Abbraccio, conhecido por suas op\u00e7\u00f5es inspiradas no lifestyle italiano, est\u00e1 oferecendo uma experi\u00eancia exclusiva de menu harmonizado no dia 25 de abril, no Park Shopping Bras\u00edlia. A iniciativa, batizada de &#8220;Esperienza Abbraccio\u201d, promete levar os participantes a uma jornada culin\u00e1ria \u00fanica, onde cada [&hellip;]","og_url":"https:\/\/www.notibras.com\/site\/viva-experiencia-de-jantar-com-vinho-de-sabor-italiano\/","og_site_name":"Notibras","article_publisher":"https:\/\/www.facebook.com\/notibras\/","article_published_time":"2024-04-23T09:40:46+00:00","article_modified_time":"2024-04-23T09:42:14+00:00","og_image":[{"width":1776,"height":1109,"url":"https:\/\/www.notibras.com\/site\/wp-content\/uploads\/2024\/04\/Quadrato-di-Cioccolato1-1.jpg","type":"image\/jpeg"}],"author":"Reda\u00e7\u00e3o","twitter_card":"summary_large_image","twitter_creator":"@Notibras","twitter_site":"@Notibras","twitter_misc":{"Escrito por":"Reda\u00e7\u00e3o","Est. tempo de leitura":"2 minutos"},"schema":{"@context":"https:\/\/schema.org","@graph":[{"@type":"Article","@id":"https:\/\/www.notibras.com\/site\/viva-experiencia-de-jantar-com-vinho-de-sabor-italiano\/#article","isPartOf":{"@id":"https:\/\/www.notibras.com\/site\/viva-experiencia-de-jantar-com-vinho-de-sabor-italiano\/"},"author":{"name":"Reda\u00e7\u00e3o","@id":"https:\/\/www.notibras.com\/site\/#\/schema\/person\/36ab0979449956132d3e5b517ea76ac8"},"headline":"Viva experi\u00eancia de jantar com vinho de sabor italiano","datePublished":"2024-04-23T09:40:46+00:00","dateModified":"2024-04-23T09:42:14+00:00","mainEntityOfPage":{"@id":"https:\/\/www.notibras.com\/site\/viva-experiencia-de-jantar-com-vinho-de-sabor-italiano\/"},"wordCount":295,"publisher":{"@id":"https:\/\/www.notibras.com\/site\/#organization"},"image":{"@id":"https:\/\/www.notibras.com\/site\/viva-experiencia-de-jantar-com-vinho-de-sabor-italiano\/#primaryimage"},"thumbnailUrl":"https:\/\/www.notibras.com\/site\/wp-content\/uploads\/2024\/04\/Quadrato-di-Cioccolato1-1.jpg","articleSection":["Quadradinho em Foco"],"inLanguage":"pt-BR"},{"@type":"WebPage","@id":"https:\/\/www.notibras.com\/site\/viva-experiencia-de-jantar-com-vinho-de-sabor-italiano\/","url":"https:\/\/www.notibras.com\/site\/viva-experiencia-de-jantar-com-vinho-de-sabor-italiano\/","name":"Viva experi\u00eancia de jantar com vinho de sabor italiano - Notibras","isPartOf":{"@id":"https:\/\/www.notibras.com\/site\/#website"},"primaryImageOfPage":{"@id":"https:\/\/www.notibras.com\/site\/viva-experiencia-de-jantar-com-vinho-de-sabor-italiano\/#primaryimage"},"image":{"@id":"https:\/\/www.notibras.com\/site\/viva-experiencia-de-jantar-com-vinho-de-sabor-italiano\/#primaryimage"},"thumbnailUrl":"https:\/\/www.notibras.com\/site\/wp-content\/uploads\/2024\/04\/Quadrato-di-Cioccolato1-1.jpg","datePublished":"2024-04-23T09:40:46+00:00","dateModified":"2024-04-23T09:42:14+00:00","breadcrumb":{"@id":"https:\/\/www.notibras.com\/site\/viva-experiencia-de-jantar-com-vinho-de-sabor-italiano\/#breadcrumb"},"inLanguage":"pt-BR","potentialAction":[{"@type":"ReadAction","target":["https:\/\/www.notibras.com\/site\/viva-experiencia-de-jantar-com-vinho-de-sabor-italiano\/"]}]},{"@type":"ImageObject","inLanguage":"pt-BR","@id":"https:\/\/www.notibras.com\/site\/viva-experiencia-de-jantar-com-vinho-de-sabor-italiano\/#primaryimage","url":"https:\/\/www.notibras.com\/site\/wp-content\/uploads\/2024\/04\/Quadrato-di-Cioccolato1-1.jpg","contentUrl":"https:\/\/www.notibras.com\/site\/wp-content\/uploads\/2024\/04\/Quadrato-di-Cioccolato1-1.jpg","width":1776,"height":1109},{"@type":"BreadcrumbList","@id":"https:\/\/www.notibras.com\/site\/viva-experiencia-de-jantar-com-vinho-de-sabor-italiano\/#breadcrumb","itemListElement":[{"@type":"ListItem","position":1,"name":"In\u00edcio","item":"https:\/\/www.notibras.com\/site\/"},{"@type":"ListItem","position":2,"name":"Viva experi\u00eancia de jantar com vinho de sabor italiano"}]},{"@type":"WebSite","@id":"https:\/\/www.notibras.com\/site\/#website","url":"https:\/\/www.notibras.com\/site\/","name":"Notibras","description":"Not\u00edcias de Bras\u00edlia, do Brasil e do Mundo","publisher":{"@id":"https:\/\/www.notibras.com\/site\/#organization"},"potentialAction":[{"@type":"SearchAction","target":{"@type":"EntryPoint","urlTemplate":"https:\/\/www.notibras.com\/site\/?s={search_term_string}"},"query-input":{"@type":"PropertyValueSpecification","valueRequired":true,"valueName":"search_term_string"}}],"inLanguage":"pt-BR"},{"@type":"Organization","@id":"https:\/\/www.notibras.com\/site\/#organization","name":"Grupo Notibras de Comunica\u00e7\u00e3o","url":"https:\/\/www.notibras.com\/site\/","logo":{"@type":"ImageObject","inLanguage":"pt-BR","@id":"https:\/\/www.notibras.com\/site\/#\/schema\/logo\/image\/","url":"https:\/\/www.notibras.com\/site\/wp-content\/uploads\/2023\/01\/notibras23.png","contentUrl":"https:\/\/www.notibras.com\/site\/wp-content\/uploads\/2023\/01\/notibras23.png","width":350,"height":87,"caption":"Grupo Notibras de Comunica\u00e7\u00e3o"},"image":{"@id":"https:\/\/www.notibras.com\/site\/#\/schema\/logo\/image\/"},"sameAs":["https:\/\/www.facebook.com\/notibras\/","https:\/\/x.com\/Notibras","https:\/\/www.instagram.com\/notibras\/"]},{"@type":"Person","@id":"https:\/\/www.notibras.com\/site\/#\/schema\/person\/36ab0979449956132d3e5b517ea76ac8","name":"Reda\u00e7\u00e3o","image":{"@type":"ImageObject","inLanguage":"pt-BR","@id":"https:\/\/secure.gravatar.com\/avatar\/e0a867bdedb85fd243eadf09663511f96fc81e0720a4a42581f334ad4303aa6b?s=96&d=mm&r=g","url":"https:\/\/secure.gravatar.com\/avatar\/e0a867bdedb85fd243eadf09663511f96fc81e0720a4a42581f334ad4303aa6b?s=96&d=mm&r=g","contentUrl":"https:\/\/secure.gravatar.com\/avatar\/e0a867bdedb85fd243eadf09663511f96fc81e0720a4a42581f334ad4303aa6b?s=96&d=mm&r=g","caption":"Reda\u00e7\u00e3o"}}]}},"amp_enabled":true,"_links":{"self":[{"href":"https:\/\/www.notibras.com\/site\/wp-json\/wp\/v2\/posts\/327251","targetHints":{"allow":["GET"]}}],"collection":[{"href":"https:\/\/www.notibras.com\/site\/wp-json\/wp\/v2\/posts"}],"about":[{"href":"https:\/\/www.notibras.com\/site\/wp-json\/wp\/v2\/types\/post"}],"author":[{"embeddable":true,"href":"https:\/\/www.notibras.com\/site\/wp-json\/wp\/v2\/users\/2"}],"replies":[{"embeddable":true,"href":"https:\/\/www.notibras.com\/site\/wp-json\/wp\/v2\/comments?post=327251"}],"version-history":[{"count":2,"href":"https:\/\/www.notibras.com\/site\/wp-json\/wp\/v2\/posts\/327251\/revisions"}],"predecessor-version":[{"id":327254,"href":"https:\/\/www.notibras.com\/site\/wp-json\/wp\/v2\/posts\/327251\/revisions\/327254"}],"wp:featuredmedia":[{"embeddable":true,"href":"https:\/\/www.notibras.com\/site\/wp-json\/wp\/v2\/media\/327252"}],"wp:attachment":[{"href":"https:\/\/www.notibras.com\/site\/wp-json\/wp\/v2\/media?parent=327251"}],"wp:term":[{"taxonomy":"category","embeddable":true,"href":"https:\/\/www.notibras.com\/site\/wp-json\/wp\/v2\/categories?post=327251"},{"taxonomy":"post_tag","embeddable":true,"href":"https:\/\/www.notibras.com\/site\/wp-json\/wp\/v2\/tags?post=327251"}],"curies":[{"name":"wp","href":"https:\/\/api.w.org\/{rel}","templated":true}]}}