{"id":327275,"date":"2024-04-23T11:21:11","date_gmt":"2024-04-23T14:21:11","guid":{"rendered":"https:\/\/www.notibras.com\/site\/?p=327275"},"modified":"2024-04-23T11:21:11","modified_gmt":"2024-04-23T14:21:11","slug":"novos-policiais-entram-na-investigacao-agora-na-306-sul","status":"publish","type":"post","link":"https:\/\/www.notibras.com\/site\/novos-policiais-entram-na-investigacao-agora-na-306-sul\/","title":{"rendered":"Novos policiais entram na investiga\u00e7\u00e3o, agora na 306 Sul"},"content":{"rendered":"<p>Valdir, aposentado h\u00e1 alguns meses, tentou arrumar novo emprego. No entanto, sem muita expectativa de encontrar algum por conta da idade, resolveu faturar vendendo material para reciclagem. Al\u00e9m do dinheiro, tamb\u00e9m mantinha a gin\u00e1stica em dia, j\u00e1 que andava pelas quadras da Asa Sul \u00e0 procura de latinhas, cujo alum\u00ednio era vendido a peso de d\u00f3lar.<\/p>\n<p>Com duas enormes sacolas nas m\u00e3os, o homem parecia n\u00e3o estar com muita sorte. Desceu at\u00e9 a altura da 306, quando percebeu algumas latas de cerveja pr\u00f3ximas a um cont\u00eainer. Euf\u00f3rico, apressou o passo.<\/p>\n<p>Depois de encher todas as sacolas, ainda deu uma olhada em volta. Nenhuma. Olhou dentro do cont\u00eainer e viu uma solit\u00e1ria lata de refrigerante ao fundo. Ergueu o corpo e perdeu o equil\u00edbrio. Por pouco n\u00e3o caiu junto ao lixo. Quase indo embora, observou um saco preto no canto oposto. Sem muita dificuldade, o pegou. O homem desfez o n\u00f3s e quase caiu duro. Era um p\u00e9 humano.<\/p>\n<p>Valdir, que n\u00e3o estava com seu aparelho celular, correu at\u00e9 um com\u00e9rcio em frente. Pediu para chamarem a pol\u00edcia e, menos de uma hora ap\u00f3s, l\u00e1 estavam os agentes Mariane, Pedro, Gustavo e o delegado Hudson. O local estava isolado para que a per\u00edcia pudesse realizar seu trabalho de maneira sossegada, apesar do enorme n\u00famero de curiosos.<\/p>\n<p>Enquanto confabulava com os agentes, Hudson percebeu a aproxima\u00e7\u00e3o de tr\u00eas sujeitos. O delegado abriu um sorriso por rever, ap\u00f3s alguns anos, os agentes Ricky Ricardo, M\u00e1rcio Pernambuco e Luciano Baiano, com quem havia trabalhado na delegacia de Sobradinho. Feitas a apresenta\u00e7\u00f5es, o grupo de policiais tratou de ir atr\u00e1s de pistas. Nenhuma c\u00e2mera no local, o que dificultava ainda mais a investiga\u00e7\u00e3o daquele crime.<\/p>\n<p>\u2014 Ricky, do alto da sua experi\u00eancia, o que pensa sobre esse caso? &#8211; Hudson perguntou.<\/p>\n<p>\u2014 Doutor, o que me intriga \u00e9 que \u00e9 sempre o p\u00e9 esquerdo que \u00e9 descartado.<\/p>\n<p>\u2014 \u00c9 verdade! Ser\u00e1 que tem algo a ver com aquele filme &#8220;Meu p\u00e9 esquerdo&#8221;?<\/p>\n<p>\u2014 Pode ser, mas creio que o motivo \u00e9 outro.<\/p>\n<p>\u2014 Qual, Ricky? &#8211; Mariane quis saber.<\/p>\n<p>\u2014 Algo relacionado \u00e0 supersti\u00e7\u00e3o.<\/p>\n<p>Todos os policiais olharam pensativamente para Ricky Ricardo, famoso em toda a Pol\u00edcia Civil por ser o investigador com o maior n\u00famero de homic\u00eddios solucionados em todo o Distrito Federal.<\/p>\n<p><strong>O Cap\u00edtulo V deste folhetim ser\u00e1 publicado na quarta-feira, 24.<\/strong><\/p>\n","protected":false},"excerpt":{"rendered":"<p>Valdir, aposentado h\u00e1 alguns meses, tentou arrumar novo emprego. No entanto, sem muita expectativa de encontrar algum por conta da idade, resolveu faturar vendendo material para reciclagem. Al\u00e9m do dinheiro, tamb\u00e9m mantinha a gin\u00e1stica em dia, j\u00e1 que andava pelas quadras da Asa Sul \u00e0 procura de latinhas, cujo alum\u00ednio era vendido a peso de [&hellip;]<\/p>\n","protected":false},"author":2,"featured_media":327276,"comment_status":"closed","ping_status":"closed","sticky":false,"template":"","format":"standard","meta":{"_acf_changed":false,"footnotes":""},"categories":[161],"tags":[],"class_list":["post-327275","post","type-post","status-publish","format-standard","has-post-thumbnail","hentry","category-quadradinho-em-foco"],"acf":[],"yoast_head":"<!-- This site is optimized with the Yoast SEO plugin v27.5 - https:\/\/yoast.com\/product\/yoast-seo-wordpress\/ -->\n<title>Novos policiais entram na investiga\u00e7\u00e3o, agora na 306 Sul - Notibras<\/title>\n<meta name=\"robots\" content=\"index, follow, max-snippet:-1, max-image-preview:large, max-video-preview:-1\" \/>\n<link rel=\"canonical\" href=\"https:\/\/www.notibras.com\/site\/novos-policiais-entram-na-investigacao-agora-na-306-sul\/\" \/>\n<meta property=\"og:locale\" content=\"pt_BR\" \/>\n<meta property=\"og:type\" content=\"article\" \/>\n<meta property=\"og:title\" content=\"Novos policiais entram na investiga\u00e7\u00e3o, agora na 306 Sul - Notibras\" \/>\n<meta property=\"og:description\" content=\"Valdir, aposentado h\u00e1 alguns meses, tentou arrumar novo emprego. No entanto, sem muita expectativa de encontrar algum por conta da idade, resolveu faturar vendendo material para reciclagem. Al\u00e9m do dinheiro, tamb\u00e9m mantinha a gin\u00e1stica em dia, j\u00e1 que andava pelas quadras da Asa Sul \u00e0 procura de latinhas, cujo alum\u00ednio era vendido a peso de [&hellip;]\" \/>\n<meta property=\"og:url\" content=\"https:\/\/www.notibras.com\/site\/novos-policiais-entram-na-investigacao-agora-na-306-sul\/\" \/>\n<meta property=\"og:site_name\" content=\"Notibras\" \/>\n<meta property=\"article:publisher\" content=\"https:\/\/www.facebook.com\/notibras\/\" \/>\n<meta property=\"article:published_time\" content=\"2024-04-23T14:21:11+00:00\" \/>\n<meta property=\"og:image\" content=\"https:\/\/www.notibras.com\/site\/wp-content\/uploads\/2024\/04\/0bfead7f-cb16-4556-a4b2-127a1b26b55a.jpg\" \/>\n\t<meta property=\"og:image:width\" content=\"1024\" \/>\n\t<meta property=\"og:image:height\" content=\"1024\" \/>\n\t<meta property=\"og:image:type\" content=\"image\/jpeg\" \/>\n<meta name=\"author\" content=\"Reda\u00e7\u00e3o\" \/>\n<meta name=\"twitter:card\" content=\"summary_large_image\" \/>\n<meta name=\"twitter:creator\" content=\"@Notibras\" \/>\n<meta name=\"twitter:site\" content=\"@Notibras\" \/>\n<meta name=\"twitter:label1\" content=\"Escrito por\" \/>\n\t<meta name=\"twitter:data1\" content=\"Reda\u00e7\u00e3o\" \/>\n\t<meta name=\"twitter:label2\" content=\"Est. tempo de leitura\" \/>\n\t<meta name=\"twitter:data2\" content=\"3 minutos\" \/>\n<script type=\"application\/ld+json\" class=\"yoast-schema-graph\">{\"@context\":\"https:\\\/\\\/schema.org\",\"@graph\":[{\"@type\":\"Article\",\"@id\":\"https:\\\/\\\/www.notibras.com\\\/site\\\/novos-policiais-entram-na-investigacao-agora-na-306-sul\\\/#article\",\"isPartOf\":{\"@id\":\"https:\\\/\\\/www.notibras.com\\\/site\\\/novos-policiais-entram-na-investigacao-agora-na-306-sul\\\/\"},\"author\":{\"name\":\"Reda\u00e7\u00e3o\",\"@id\":\"https:\\\/\\\/www.notibras.com\\\/site\\\/#\\\/schema\\\/person\\\/36ab0979449956132d3e5b517ea76ac8\"},\"headline\":\"Novos policiais entram na investiga\u00e7\u00e3o, agora na 306 Sul\",\"datePublished\":\"2024-04-23T14:21:11+00:00\",\"mainEntityOfPage\":{\"@id\":\"https:\\\/\\\/www.notibras.com\\\/site\\\/novos-policiais-entram-na-investigacao-agora-na-306-sul\\\/\"},\"wordCount\":418,\"publisher\":{\"@id\":\"https:\\\/\\\/www.notibras.com\\\/site\\\/#organization\"},\"image\":{\"@id\":\"https:\\\/\\\/www.notibras.com\\\/site\\\/novos-policiais-entram-na-investigacao-agora-na-306-sul\\\/#primaryimage\"},\"thumbnailUrl\":\"https:\\\/\\\/www.notibras.com\\\/site\\\/wp-content\\\/uploads\\\/2024\\\/04\\\/0bfead7f-cb16-4556-a4b2-127a1b26b55a.jpg\",\"articleSection\":[\"Quadradinho em Foco\"],\"inLanguage\":\"pt-BR\"},{\"@type\":\"WebPage\",\"@id\":\"https:\\\/\\\/www.notibras.com\\\/site\\\/novos-policiais-entram-na-investigacao-agora-na-306-sul\\\/\",\"url\":\"https:\\\/\\\/www.notibras.com\\\/site\\\/novos-policiais-entram-na-investigacao-agora-na-306-sul\\\/\",\"name\":\"Novos policiais entram na investiga\u00e7\u00e3o, agora na 306 Sul - Notibras\",\"isPartOf\":{\"@id\":\"https:\\\/\\\/www.notibras.com\\\/site\\\/#website\"},\"primaryImageOfPage\":{\"@id\":\"https:\\\/\\\/www.notibras.com\\\/site\\\/novos-policiais-entram-na-investigacao-agora-na-306-sul\\\/#primaryimage\"},\"image\":{\"@id\":\"https:\\\/\\\/www.notibras.com\\\/site\\\/novos-policiais-entram-na-investigacao-agora-na-306-sul\\\/#primaryimage\"},\"thumbnailUrl\":\"https:\\\/\\\/www.notibras.com\\\/site\\\/wp-content\\\/uploads\\\/2024\\\/04\\\/0bfead7f-cb16-4556-a4b2-127a1b26b55a.jpg\",\"datePublished\":\"2024-04-23T14:21:11+00:00\",\"breadcrumb\":{\"@id\":\"https:\\\/\\\/www.notibras.com\\\/site\\\/novos-policiais-entram-na-investigacao-agora-na-306-sul\\\/#breadcrumb\"},\"inLanguage\":\"pt-BR\",\"potentialAction\":[{\"@type\":\"ReadAction\",\"target\":[\"https:\\\/\\\/www.notibras.com\\\/site\\\/novos-policiais-entram-na-investigacao-agora-na-306-sul\\\/\"]}]},{\"@type\":\"ImageObject\",\"inLanguage\":\"pt-BR\",\"@id\":\"https:\\\/\\\/www.notibras.com\\\/site\\\/novos-policiais-entram-na-investigacao-agora-na-306-sul\\\/#primaryimage\",\"url\":\"https:\\\/\\\/www.notibras.com\\\/site\\\/wp-content\\\/uploads\\\/2024\\\/04\\\/0bfead7f-cb16-4556-a4b2-127a1b26b55a.jpg\",\"contentUrl\":\"https:\\\/\\\/www.notibras.com\\\/site\\\/wp-content\\\/uploads\\\/2024\\\/04\\\/0bfead7f-cb16-4556-a4b2-127a1b26b55a.jpg\",\"width\":1024,\"height\":1024},{\"@type\":\"BreadcrumbList\",\"@id\":\"https:\\\/\\\/www.notibras.com\\\/site\\\/novos-policiais-entram-na-investigacao-agora-na-306-sul\\\/#breadcrumb\",\"itemListElement\":[{\"@type\":\"ListItem\",\"position\":1,\"name\":\"In\u00edcio\",\"item\":\"https:\\\/\\\/www.notibras.com\\\/site\\\/\"},{\"@type\":\"ListItem\",\"position\":2,\"name\":\"Novos policiais entram na investiga\u00e7\u00e3o, agora na 306 Sul\"}]},{\"@type\":\"WebSite\",\"@id\":\"https:\\\/\\\/www.notibras.com\\\/site\\\/#website\",\"url\":\"https:\\\/\\\/www.notibras.com\\\/site\\\/\",\"name\":\"Notibras\",\"description\":\"Not\u00edcias de Bras\u00edlia, do Brasil e do Mundo\",\"publisher\":{\"@id\":\"https:\\\/\\\/www.notibras.com\\\/site\\\/#organization\"},\"potentialAction\":[{\"@type\":\"SearchAction\",\"target\":{\"@type\":\"EntryPoint\",\"urlTemplate\":\"https:\\\/\\\/www.notibras.com\\\/site\\\/?s={search_term_string}\"},\"query-input\":{\"@type\":\"PropertyValueSpecification\",\"valueRequired\":true,\"valueName\":\"search_term_string\"}}],\"inLanguage\":\"pt-BR\"},{\"@type\":\"Organization\",\"@id\":\"https:\\\/\\\/www.notibras.com\\\/site\\\/#organization\",\"name\":\"Grupo Notibras de Comunica\u00e7\u00e3o\",\"url\":\"https:\\\/\\\/www.notibras.com\\\/site\\\/\",\"logo\":{\"@type\":\"ImageObject\",\"inLanguage\":\"pt-BR\",\"@id\":\"https:\\\/\\\/www.notibras.com\\\/site\\\/#\\\/schema\\\/logo\\\/image\\\/\",\"url\":\"https:\\\/\\\/www.notibras.com\\\/site\\\/wp-content\\\/uploads\\\/2023\\\/01\\\/notibras23.png\",\"contentUrl\":\"https:\\\/\\\/www.notibras.com\\\/site\\\/wp-content\\\/uploads\\\/2023\\\/01\\\/notibras23.png\",\"width\":350,\"height\":87,\"caption\":\"Grupo Notibras de Comunica\u00e7\u00e3o\"},\"image\":{\"@id\":\"https:\\\/\\\/www.notibras.com\\\/site\\\/#\\\/schema\\\/logo\\\/image\\\/\"},\"sameAs\":[\"https:\\\/\\\/www.facebook.com\\\/notibras\\\/\",\"https:\\\/\\\/x.com\\\/Notibras\",\"https:\\\/\\\/www.instagram.com\\\/notibras\\\/\"]},{\"@type\":\"Person\",\"@id\":\"https:\\\/\\\/www.notibras.com\\\/site\\\/#\\\/schema\\\/person\\\/36ab0979449956132d3e5b517ea76ac8\",\"name\":\"Reda\u00e7\u00e3o\",\"image\":{\"@type\":\"ImageObject\",\"inLanguage\":\"pt-BR\",\"@id\":\"https:\\\/\\\/secure.gravatar.com\\\/avatar\\\/e0a867bdedb85fd243eadf09663511f96fc81e0720a4a42581f334ad4303aa6b?s=96&d=mm&r=g\",\"url\":\"https:\\\/\\\/secure.gravatar.com\\\/avatar\\\/e0a867bdedb85fd243eadf09663511f96fc81e0720a4a42581f334ad4303aa6b?s=96&d=mm&r=g\",\"contentUrl\":\"https:\\\/\\\/secure.gravatar.com\\\/avatar\\\/e0a867bdedb85fd243eadf09663511f96fc81e0720a4a42581f334ad4303aa6b?s=96&d=mm&r=g\",\"caption\":\"Reda\u00e7\u00e3o\"}}]}<\/script>\n<!-- \/ Yoast SEO plugin. -->","yoast_head_json":{"title":"Novos policiais entram na investiga\u00e7\u00e3o, agora na 306 Sul - Notibras","robots":{"index":"index","follow":"follow","max-snippet":"max-snippet:-1","max-image-preview":"max-image-preview:large","max-video-preview":"max-video-preview:-1"},"canonical":"https:\/\/www.notibras.com\/site\/novos-policiais-entram-na-investigacao-agora-na-306-sul\/","og_locale":"pt_BR","og_type":"article","og_title":"Novos policiais entram na investiga\u00e7\u00e3o, agora na 306 Sul - Notibras","og_description":"Valdir, aposentado h\u00e1 alguns meses, tentou arrumar novo emprego. No entanto, sem muita expectativa de encontrar algum por conta da idade, resolveu faturar vendendo material para reciclagem. Al\u00e9m do dinheiro, tamb\u00e9m mantinha a gin\u00e1stica em dia, j\u00e1 que andava pelas quadras da Asa Sul \u00e0 procura de latinhas, cujo alum\u00ednio era vendido a peso de [&hellip;]","og_url":"https:\/\/www.notibras.com\/site\/novos-policiais-entram-na-investigacao-agora-na-306-sul\/","og_site_name":"Notibras","article_publisher":"https:\/\/www.facebook.com\/notibras\/","article_published_time":"2024-04-23T14:21:11+00:00","og_image":[{"width":1024,"height":1024,"url":"https:\/\/www.notibras.com\/site\/wp-content\/uploads\/2024\/04\/0bfead7f-cb16-4556-a4b2-127a1b26b55a.jpg","type":"image\/jpeg"}],"author":"Reda\u00e7\u00e3o","twitter_card":"summary_large_image","twitter_creator":"@Notibras","twitter_site":"@Notibras","twitter_misc":{"Escrito por":"Reda\u00e7\u00e3o","Est. tempo de leitura":"3 minutos"},"schema":{"@context":"https:\/\/schema.org","@graph":[{"@type":"Article","@id":"https:\/\/www.notibras.com\/site\/novos-policiais-entram-na-investigacao-agora-na-306-sul\/#article","isPartOf":{"@id":"https:\/\/www.notibras.com\/site\/novos-policiais-entram-na-investigacao-agora-na-306-sul\/"},"author":{"name":"Reda\u00e7\u00e3o","@id":"https:\/\/www.notibras.com\/site\/#\/schema\/person\/36ab0979449956132d3e5b517ea76ac8"},"headline":"Novos policiais entram na investiga\u00e7\u00e3o, agora na 306 Sul","datePublished":"2024-04-23T14:21:11+00:00","mainEntityOfPage":{"@id":"https:\/\/www.notibras.com\/site\/novos-policiais-entram-na-investigacao-agora-na-306-sul\/"},"wordCount":418,"publisher":{"@id":"https:\/\/www.notibras.com\/site\/#organization"},"image":{"@id":"https:\/\/www.notibras.com\/site\/novos-policiais-entram-na-investigacao-agora-na-306-sul\/#primaryimage"},"thumbnailUrl":"https:\/\/www.notibras.com\/site\/wp-content\/uploads\/2024\/04\/0bfead7f-cb16-4556-a4b2-127a1b26b55a.jpg","articleSection":["Quadradinho em Foco"],"inLanguage":"pt-BR"},{"@type":"WebPage","@id":"https:\/\/www.notibras.com\/site\/novos-policiais-entram-na-investigacao-agora-na-306-sul\/","url":"https:\/\/www.notibras.com\/site\/novos-policiais-entram-na-investigacao-agora-na-306-sul\/","name":"Novos policiais entram na investiga\u00e7\u00e3o, agora na 306 Sul - Notibras","isPartOf":{"@id":"https:\/\/www.notibras.com\/site\/#website"},"primaryImageOfPage":{"@id":"https:\/\/www.notibras.com\/site\/novos-policiais-entram-na-investigacao-agora-na-306-sul\/#primaryimage"},"image":{"@id":"https:\/\/www.notibras.com\/site\/novos-policiais-entram-na-investigacao-agora-na-306-sul\/#primaryimage"},"thumbnailUrl":"https:\/\/www.notibras.com\/site\/wp-content\/uploads\/2024\/04\/0bfead7f-cb16-4556-a4b2-127a1b26b55a.jpg","datePublished":"2024-04-23T14:21:11+00:00","breadcrumb":{"@id":"https:\/\/www.notibras.com\/site\/novos-policiais-entram-na-investigacao-agora-na-306-sul\/#breadcrumb"},"inLanguage":"pt-BR","potentialAction":[{"@type":"ReadAction","target":["https:\/\/www.notibras.com\/site\/novos-policiais-entram-na-investigacao-agora-na-306-sul\/"]}]},{"@type":"ImageObject","inLanguage":"pt-BR","@id":"https:\/\/www.notibras.com\/site\/novos-policiais-entram-na-investigacao-agora-na-306-sul\/#primaryimage","url":"https:\/\/www.notibras.com\/site\/wp-content\/uploads\/2024\/04\/0bfead7f-cb16-4556-a4b2-127a1b26b55a.jpg","contentUrl":"https:\/\/www.notibras.com\/site\/wp-content\/uploads\/2024\/04\/0bfead7f-cb16-4556-a4b2-127a1b26b55a.jpg","width":1024,"height":1024},{"@type":"BreadcrumbList","@id":"https:\/\/www.notibras.com\/site\/novos-policiais-entram-na-investigacao-agora-na-306-sul\/#breadcrumb","itemListElement":[{"@type":"ListItem","position":1,"name":"In\u00edcio","item":"https:\/\/www.notibras.com\/site\/"},{"@type":"ListItem","position":2,"name":"Novos policiais entram na investiga\u00e7\u00e3o, agora na 306 Sul"}]},{"@type":"WebSite","@id":"https:\/\/www.notibras.com\/site\/#website","url":"https:\/\/www.notibras.com\/site\/","name":"Notibras","description":"Not\u00edcias de Bras\u00edlia, do Brasil e do Mundo","publisher":{"@id":"https:\/\/www.notibras.com\/site\/#organization"},"potentialAction":[{"@type":"SearchAction","target":{"@type":"EntryPoint","urlTemplate":"https:\/\/www.notibras.com\/site\/?s={search_term_string}"},"query-input":{"@type":"PropertyValueSpecification","valueRequired":true,"valueName":"search_term_string"}}],"inLanguage":"pt-BR"},{"@type":"Organization","@id":"https:\/\/www.notibras.com\/site\/#organization","name":"Grupo Notibras de Comunica\u00e7\u00e3o","url":"https:\/\/www.notibras.com\/site\/","logo":{"@type":"ImageObject","inLanguage":"pt-BR","@id":"https:\/\/www.notibras.com\/site\/#\/schema\/logo\/image\/","url":"https:\/\/www.notibras.com\/site\/wp-content\/uploads\/2023\/01\/notibras23.png","contentUrl":"https:\/\/www.notibras.com\/site\/wp-content\/uploads\/2023\/01\/notibras23.png","width":350,"height":87,"caption":"Grupo Notibras de Comunica\u00e7\u00e3o"},"image":{"@id":"https:\/\/www.notibras.com\/site\/#\/schema\/logo\/image\/"},"sameAs":["https:\/\/www.facebook.com\/notibras\/","https:\/\/x.com\/Notibras","https:\/\/www.instagram.com\/notibras\/"]},{"@type":"Person","@id":"https:\/\/www.notibras.com\/site\/#\/schema\/person\/36ab0979449956132d3e5b517ea76ac8","name":"Reda\u00e7\u00e3o","image":{"@type":"ImageObject","inLanguage":"pt-BR","@id":"https:\/\/secure.gravatar.com\/avatar\/e0a867bdedb85fd243eadf09663511f96fc81e0720a4a42581f334ad4303aa6b?s=96&d=mm&r=g","url":"https:\/\/secure.gravatar.com\/avatar\/e0a867bdedb85fd243eadf09663511f96fc81e0720a4a42581f334ad4303aa6b?s=96&d=mm&r=g","contentUrl":"https:\/\/secure.gravatar.com\/avatar\/e0a867bdedb85fd243eadf09663511f96fc81e0720a4a42581f334ad4303aa6b?s=96&d=mm&r=g","caption":"Reda\u00e7\u00e3o"}}]}},"amp_enabled":true,"_links":{"self":[{"href":"https:\/\/www.notibras.com\/site\/wp-json\/wp\/v2\/posts\/327275","targetHints":{"allow":["GET"]}}],"collection":[{"href":"https:\/\/www.notibras.com\/site\/wp-json\/wp\/v2\/posts"}],"about":[{"href":"https:\/\/www.notibras.com\/site\/wp-json\/wp\/v2\/types\/post"}],"author":[{"embeddable":true,"href":"https:\/\/www.notibras.com\/site\/wp-json\/wp\/v2\/users\/2"}],"replies":[{"embeddable":true,"href":"https:\/\/www.notibras.com\/site\/wp-json\/wp\/v2\/comments?post=327275"}],"version-history":[{"count":1,"href":"https:\/\/www.notibras.com\/site\/wp-json\/wp\/v2\/posts\/327275\/revisions"}],"predecessor-version":[{"id":327277,"href":"https:\/\/www.notibras.com\/site\/wp-json\/wp\/v2\/posts\/327275\/revisions\/327277"}],"wp:featuredmedia":[{"embeddable":true,"href":"https:\/\/www.notibras.com\/site\/wp-json\/wp\/v2\/media\/327276"}],"wp:attachment":[{"href":"https:\/\/www.notibras.com\/site\/wp-json\/wp\/v2\/media?parent=327275"}],"wp:term":[{"taxonomy":"category","embeddable":true,"href":"https:\/\/www.notibras.com\/site\/wp-json\/wp\/v2\/categories?post=327275"},{"taxonomy":"post_tag","embeddable":true,"href":"https:\/\/www.notibras.com\/site\/wp-json\/wp\/v2\/tags?post=327275"}],"curies":[{"name":"wp","href":"https:\/\/api.w.org\/{rel}","templated":true}]}}