{"id":327291,"date":"2024-04-24T00:00:21","date_gmt":"2024-04-24T03:00:21","guid":{"rendered":"https:\/\/www.notibras.com\/site\/?p=327291"},"modified":"2024-04-24T07:45:03","modified_gmt":"2024-04-24T10:45:03","slug":"pacientes-irritados-com-atendimento-depredam-upa-e-ferem-vigilante","status":"publish","type":"post","link":"https:\/\/www.notibras.com\/site\/pacientes-irritados-com-atendimento-depredam-upa-e-ferem-vigilante\/","title":{"rendered":"Pacientes irritados com atendimento depredam UPA e ferem vigilante"},"content":{"rendered":"<p>Pacientes que aguardavam atendimento de sa\u00fade na Unidade de Pronto Atendimento (UPA) do Recanto das Emas, regi\u00e3o administrativa a 30 quil\u00f4metros do centro de Bras\u00edlia, depredaram as instala\u00e7\u00f5es e agrediram funcion\u00e1rios na noite de segunda-feira (22), alegando revolta com a demora na presta\u00e7\u00e3o dos servi\u00e7os.<\/p>\n<p>V\u00eddeos divulgados nas redes sociais de jornais da comunidade e por integrantes do Sindicato dos Auxiliares e T\u00e9cnicos em Enfermagem no Distrito Federal (Sindate-DF) mostram pacientes agredindo fisicamente os vigilantes do local, brigas, computadores e equipamentos jogados, gritaria, chutes nas divis\u00f3rias e portas da instala\u00e7\u00e3o, invas\u00e3o de ambientes, correria de funcion\u00e1rios e outros cidad\u00e3os com crian\u00e7as no colo. Com a confus\u00e3o, a Pol\u00edcia Militar do Distrito Federal (PMDF) foi acionada. Um vigilante ficou ferido.<\/p>\n<p>O Instituto de Gest\u00e3o Estrat\u00e9gica de Sa\u00fade do Distrito Federal (Iges-DF) que, atualmente, faz a gest\u00e3o de tr\u00eas hospitais p\u00fablicos do Distrito Federal, al\u00e9m de 13 unidades de pronto atendimento, entre as quais, a do Recanto das Emas, informou que, no per\u00edodo em que ocorreu a depreda\u00e7\u00e3o, tr\u00eas pediatras e cinco m\u00e9dicos cl\u00ednicos trabalhavam no local.<\/p>\n<p>Ao lamentar o epis\u00f3dio de viol\u00eancia na unidade, o Iges-DF destacou que atitudes como essa impedem a realiza\u00e7\u00e3o do trabalho pelos profissionais lotados no local, e notificou que o atendimento ao p\u00fablico foi interrompido na noite de ontem. \u201cEsse tipo de rea\u00e7\u00e3o n\u00e3o resolve o atendimento e cria um ambiente hostil tanto para os colaboradores comprometidos em ajudar o pr\u00f3ximo quanto para os pacientes que aguardam seus atendimentos de forma respeitosa.\u201d<\/p>\n<p>No texto, o Iges-DF admite, por\u00e9m, que a unidade tem trabalhado acima da capacidade. \u201cDevido ao fechamento da tenda de dengue no Recanto das Emas, a UPA absorveu toda a demanda e, apesar de estar operando muito acima de sua capacidade, n\u00e3o foi negado atendimento a ningu\u00e9m.\u201d<\/p>\n<p>A Secretaria de Sa\u00fade do Distrito Federal n\u00e3o explicou o motivo do fechamento da tenda na cidade. Apenas informou que a instala\u00e7\u00e3o das primeiras tendas de acolhimento \u00e0 popula\u00e7\u00e3o foi fundamental para ampliar o acesso aos servi\u00e7os de sa\u00fade de pacientes com sintomas de dengue. As tendas cumpriram o papel de prestar aten\u00e7\u00e3o imediata a milhares de brasilienses, por\u00e9m, com foco naqueles com sintomas leves da doen\u00e7a, de forma a evitar o agravamento. A rede p\u00fablica se articulou de forma que os casos de agravamento j\u00e1 eram transferidos de imediato para unidades especializadas, como hospitais e unidades de pronto atendimento.\u201d<\/p>\n<p>Apesar de ter fechado a tenda do Recanto das Emas para atendimento ao p\u00fablico desde segunda-feira (22), ap\u00f3s decis\u00e3o tomada na semana passada, a Secretaria de Sa\u00fade destacou que foram instaladas outras neste m\u00eas, com estrutura ampliada e mais capacidade de atendimento, com funcionamento especial por 24 horas, para refor\u00e7ar o atendimento a pacientes com dengue. Por\u00e9m, nenhuma das novas tendas fica no Recanto. As novas tendas, que come\u00e7aram a operar neste m\u00eas, foram instaladas nas cidades do Guar\u00e1, Gama e Parano\u00e1.<\/p>\n<p>As tendas de Ceil\u00e2ndia e de Planaltina tamb\u00e9m funcionam diariamente das 7h \u00e0s 19h, diariamente. A Secretaria de Sa\u00fade garante que, nos pr\u00f3ximos dias, ser\u00e3o montadas novas tendas em outras regi\u00f5es administrativas do Distrito Federal: Varj\u00e3o, Samambaia, \u00c1guas Claras, Taguatinga, Vicente Pires e Plano Piloto.<\/p>\n<p><strong>Um dia depois<\/strong><br \/>\nNa manh\u00e3 de ter\u00e7a (23), a cl\u00ednica m\u00e9dica da UPA do Recanto das Emas voltou a operar, mas o setor de pediatria ainda apresenta restri\u00e7\u00e3o de atendimento para apenas casos classificados como grav\u00edssimos. A expectativa da gestora da unidade \u00e9 que os pacientes com problemas de sa\u00fade de menor gravidade voltem a ser atendidos ainda nesta ter\u00e7a-feira, no local.<\/p>\n<p>O Iges-DF diz que acompanha os casos dos profissionais de sa\u00fade agredidos e se compromete a colaborar integralmente nas investiga\u00e7\u00f5es. Por fim, a organiza\u00e7\u00e3o acrescenta que equipes de seguran\u00e7a trabalham diariamente em todas as unidades para evitar novas agress\u00f5es, proteger as instala\u00e7\u00f5es e, sobretudo, os funcion\u00e1rios do Iges-DF.<\/p>\n","protected":false},"excerpt":{"rendered":"<p>Pacientes que aguardavam atendimento de sa\u00fade na Unidade de Pronto Atendimento (UPA) do Recanto das Emas, regi\u00e3o administrativa a 30 quil\u00f4metros do centro de Bras\u00edlia, depredaram as instala\u00e7\u00f5es e agrediram funcion\u00e1rios na noite de segunda-feira (22), alegando revolta com a demora na presta\u00e7\u00e3o dos servi\u00e7os. V\u00eddeos divulgados nas redes sociais de jornais da comunidade e [&hellip;]<\/p>\n","protected":false},"author":2,"featured_media":327292,"comment_status":"closed","ping_status":"closed","sticky":false,"template":"","format":"standard","meta":{"_acf_changed":false,"footnotes":""},"categories":[161],"tags":[],"class_list":["post-327291","post","type-post","status-publish","format-standard","has-post-thumbnail","hentry","category-quadradinho-em-foco"],"acf":[],"yoast_head":"<!-- This site is optimized with the Yoast SEO plugin v27.5 - https:\/\/yoast.com\/product\/yoast-seo-wordpress\/ -->\n<title>Pacientes irritados com atendimento depredam UPA e ferem vigilante - Notibras<\/title>\n<meta name=\"robots\" content=\"index, follow, max-snippet:-1, max-image-preview:large, max-video-preview:-1\" \/>\n<link rel=\"canonical\" href=\"https:\/\/www.notibras.com\/site\/pacientes-irritados-com-atendimento-depredam-upa-e-ferem-vigilante\/\" \/>\n<meta property=\"og:locale\" content=\"pt_BR\" \/>\n<meta property=\"og:type\" content=\"article\" \/>\n<meta property=\"og:title\" content=\"Pacientes irritados com atendimento depredam UPA e ferem vigilante - Notibras\" \/>\n<meta property=\"og:description\" content=\"Pacientes que aguardavam atendimento de sa\u00fade na Unidade de Pronto Atendimento (UPA) do Recanto das Emas, regi\u00e3o administrativa a 30 quil\u00f4metros do centro de Bras\u00edlia, depredaram as instala\u00e7\u00f5es e agrediram funcion\u00e1rios na noite de segunda-feira (22), alegando revolta com a demora na presta\u00e7\u00e3o dos servi\u00e7os. V\u00eddeos divulgados nas redes sociais de jornais da comunidade e [&hellip;]\" \/>\n<meta property=\"og:url\" content=\"https:\/\/www.notibras.com\/site\/pacientes-irritados-com-atendimento-depredam-upa-e-ferem-vigilante\/\" \/>\n<meta property=\"og:site_name\" content=\"Notibras\" \/>\n<meta property=\"article:publisher\" content=\"https:\/\/www.facebook.com\/notibras\/\" \/>\n<meta property=\"article:published_time\" content=\"2024-04-24T03:00:21+00:00\" \/>\n<meta property=\"article:modified_time\" content=\"2024-04-24T10:45:03+00:00\" \/>\n<meta property=\"og:image\" content=\"https:\/\/www.notibras.com\/site\/wp-content\/uploads\/2024\/04\/recanto_das_emas.jpeg\" \/>\n\t<meta property=\"og:image:width\" content=\"768\" \/>\n\t<meta property=\"og:image:height\" content=\"512\" \/>\n\t<meta property=\"og:image:type\" content=\"image\/jpeg\" \/>\n<meta name=\"author\" content=\"Reda\u00e7\u00e3o\" \/>\n<meta name=\"twitter:card\" content=\"summary_large_image\" \/>\n<meta name=\"twitter:creator\" content=\"@Notibras\" \/>\n<meta name=\"twitter:site\" content=\"@Notibras\" \/>\n<meta name=\"twitter:label1\" content=\"Escrito por\" \/>\n\t<meta name=\"twitter:data1\" content=\"Reda\u00e7\u00e3o\" \/>\n\t<meta name=\"twitter:label2\" content=\"Est. tempo de leitura\" \/>\n\t<meta name=\"twitter:data2\" content=\"4 minutos\" \/>\n<script type=\"application\/ld+json\" class=\"yoast-schema-graph\">{\"@context\":\"https:\\\/\\\/schema.org\",\"@graph\":[{\"@type\":\"Article\",\"@id\":\"https:\\\/\\\/www.notibras.com\\\/site\\\/pacientes-irritados-com-atendimento-depredam-upa-e-ferem-vigilante\\\/#article\",\"isPartOf\":{\"@id\":\"https:\\\/\\\/www.notibras.com\\\/site\\\/pacientes-irritados-com-atendimento-depredam-upa-e-ferem-vigilante\\\/\"},\"author\":{\"name\":\"Reda\u00e7\u00e3o\",\"@id\":\"https:\\\/\\\/www.notibras.com\\\/site\\\/#\\\/schema\\\/person\\\/36ab0979449956132d3e5b517ea76ac8\"},\"headline\":\"Pacientes irritados com atendimento depredam UPA e ferem vigilante\",\"datePublished\":\"2024-04-24T03:00:21+00:00\",\"dateModified\":\"2024-04-24T10:45:03+00:00\",\"mainEntityOfPage\":{\"@id\":\"https:\\\/\\\/www.notibras.com\\\/site\\\/pacientes-irritados-com-atendimento-depredam-upa-e-ferem-vigilante\\\/\"},\"wordCount\":711,\"publisher\":{\"@id\":\"https:\\\/\\\/www.notibras.com\\\/site\\\/#organization\"},\"image\":{\"@id\":\"https:\\\/\\\/www.notibras.com\\\/site\\\/pacientes-irritados-com-atendimento-depredam-upa-e-ferem-vigilante\\\/#primaryimage\"},\"thumbnailUrl\":\"https:\\\/\\\/www.notibras.com\\\/site\\\/wp-content\\\/uploads\\\/2024\\\/04\\\/recanto_das_emas.jpeg\",\"articleSection\":[\"Quadradinho em Foco\"],\"inLanguage\":\"pt-BR\"},{\"@type\":\"WebPage\",\"@id\":\"https:\\\/\\\/www.notibras.com\\\/site\\\/pacientes-irritados-com-atendimento-depredam-upa-e-ferem-vigilante\\\/\",\"url\":\"https:\\\/\\\/www.notibras.com\\\/site\\\/pacientes-irritados-com-atendimento-depredam-upa-e-ferem-vigilante\\\/\",\"name\":\"Pacientes irritados com atendimento depredam UPA e ferem vigilante - Notibras\",\"isPartOf\":{\"@id\":\"https:\\\/\\\/www.notibras.com\\\/site\\\/#website\"},\"primaryImageOfPage\":{\"@id\":\"https:\\\/\\\/www.notibras.com\\\/site\\\/pacientes-irritados-com-atendimento-depredam-upa-e-ferem-vigilante\\\/#primaryimage\"},\"image\":{\"@id\":\"https:\\\/\\\/www.notibras.com\\\/site\\\/pacientes-irritados-com-atendimento-depredam-upa-e-ferem-vigilante\\\/#primaryimage\"},\"thumbnailUrl\":\"https:\\\/\\\/www.notibras.com\\\/site\\\/wp-content\\\/uploads\\\/2024\\\/04\\\/recanto_das_emas.jpeg\",\"datePublished\":\"2024-04-24T03:00:21+00:00\",\"dateModified\":\"2024-04-24T10:45:03+00:00\",\"breadcrumb\":{\"@id\":\"https:\\\/\\\/www.notibras.com\\\/site\\\/pacientes-irritados-com-atendimento-depredam-upa-e-ferem-vigilante\\\/#breadcrumb\"},\"inLanguage\":\"pt-BR\",\"potentialAction\":[{\"@type\":\"ReadAction\",\"target\":[\"https:\\\/\\\/www.notibras.com\\\/site\\\/pacientes-irritados-com-atendimento-depredam-upa-e-ferem-vigilante\\\/\"]}]},{\"@type\":\"ImageObject\",\"inLanguage\":\"pt-BR\",\"@id\":\"https:\\\/\\\/www.notibras.com\\\/site\\\/pacientes-irritados-com-atendimento-depredam-upa-e-ferem-vigilante\\\/#primaryimage\",\"url\":\"https:\\\/\\\/www.notibras.com\\\/site\\\/wp-content\\\/uploads\\\/2024\\\/04\\\/recanto_das_emas.jpeg\",\"contentUrl\":\"https:\\\/\\\/www.notibras.com\\\/site\\\/wp-content\\\/uploads\\\/2024\\\/04\\\/recanto_das_emas.jpeg\",\"width\":768,\"height\":512},{\"@type\":\"BreadcrumbList\",\"@id\":\"https:\\\/\\\/www.notibras.com\\\/site\\\/pacientes-irritados-com-atendimento-depredam-upa-e-ferem-vigilante\\\/#breadcrumb\",\"itemListElement\":[{\"@type\":\"ListItem\",\"position\":1,\"name\":\"In\u00edcio\",\"item\":\"https:\\\/\\\/www.notibras.com\\\/site\\\/\"},{\"@type\":\"ListItem\",\"position\":2,\"name\":\"Pacientes irritados com atendimento depredam UPA e ferem vigilante\"}]},{\"@type\":\"WebSite\",\"@id\":\"https:\\\/\\\/www.notibras.com\\\/site\\\/#website\",\"url\":\"https:\\\/\\\/www.notibras.com\\\/site\\\/\",\"name\":\"Notibras\",\"description\":\"Not\u00edcias de Bras\u00edlia, do Brasil e do Mundo\",\"publisher\":{\"@id\":\"https:\\\/\\\/www.notibras.com\\\/site\\\/#organization\"},\"potentialAction\":[{\"@type\":\"SearchAction\",\"target\":{\"@type\":\"EntryPoint\",\"urlTemplate\":\"https:\\\/\\\/www.notibras.com\\\/site\\\/?s={search_term_string}\"},\"query-input\":{\"@type\":\"PropertyValueSpecification\",\"valueRequired\":true,\"valueName\":\"search_term_string\"}}],\"inLanguage\":\"pt-BR\"},{\"@type\":\"Organization\",\"@id\":\"https:\\\/\\\/www.notibras.com\\\/site\\\/#organization\",\"name\":\"Grupo Notibras de Comunica\u00e7\u00e3o\",\"url\":\"https:\\\/\\\/www.notibras.com\\\/site\\\/\",\"logo\":{\"@type\":\"ImageObject\",\"inLanguage\":\"pt-BR\",\"@id\":\"https:\\\/\\\/www.notibras.com\\\/site\\\/#\\\/schema\\\/logo\\\/image\\\/\",\"url\":\"https:\\\/\\\/www.notibras.com\\\/site\\\/wp-content\\\/uploads\\\/2023\\\/01\\\/notibras23.png\",\"contentUrl\":\"https:\\\/\\\/www.notibras.com\\\/site\\\/wp-content\\\/uploads\\\/2023\\\/01\\\/notibras23.png\",\"width\":350,\"height\":87,\"caption\":\"Grupo Notibras de Comunica\u00e7\u00e3o\"},\"image\":{\"@id\":\"https:\\\/\\\/www.notibras.com\\\/site\\\/#\\\/schema\\\/logo\\\/image\\\/\"},\"sameAs\":[\"https:\\\/\\\/www.facebook.com\\\/notibras\\\/\",\"https:\\\/\\\/x.com\\\/Notibras\",\"https:\\\/\\\/www.instagram.com\\\/notibras\\\/\"]},{\"@type\":\"Person\",\"@id\":\"https:\\\/\\\/www.notibras.com\\\/site\\\/#\\\/schema\\\/person\\\/36ab0979449956132d3e5b517ea76ac8\",\"name\":\"Reda\u00e7\u00e3o\",\"image\":{\"@type\":\"ImageObject\",\"inLanguage\":\"pt-BR\",\"@id\":\"https:\\\/\\\/secure.gravatar.com\\\/avatar\\\/e0a867bdedb85fd243eadf09663511f96fc81e0720a4a42581f334ad4303aa6b?s=96&d=mm&r=g\",\"url\":\"https:\\\/\\\/secure.gravatar.com\\\/avatar\\\/e0a867bdedb85fd243eadf09663511f96fc81e0720a4a42581f334ad4303aa6b?s=96&d=mm&r=g\",\"contentUrl\":\"https:\\\/\\\/secure.gravatar.com\\\/avatar\\\/e0a867bdedb85fd243eadf09663511f96fc81e0720a4a42581f334ad4303aa6b?s=96&d=mm&r=g\",\"caption\":\"Reda\u00e7\u00e3o\"}}]}<\/script>\n<!-- \/ Yoast SEO plugin. -->","yoast_head_json":{"title":"Pacientes irritados com atendimento depredam UPA e ferem vigilante - Notibras","robots":{"index":"index","follow":"follow","max-snippet":"max-snippet:-1","max-image-preview":"max-image-preview:large","max-video-preview":"max-video-preview:-1"},"canonical":"https:\/\/www.notibras.com\/site\/pacientes-irritados-com-atendimento-depredam-upa-e-ferem-vigilante\/","og_locale":"pt_BR","og_type":"article","og_title":"Pacientes irritados com atendimento depredam UPA e ferem vigilante - Notibras","og_description":"Pacientes que aguardavam atendimento de sa\u00fade na Unidade de Pronto Atendimento (UPA) do Recanto das Emas, regi\u00e3o administrativa a 30 quil\u00f4metros do centro de Bras\u00edlia, depredaram as instala\u00e7\u00f5es e agrediram funcion\u00e1rios na noite de segunda-feira (22), alegando revolta com a demora na presta\u00e7\u00e3o dos servi\u00e7os. V\u00eddeos divulgados nas redes sociais de jornais da comunidade e [&hellip;]","og_url":"https:\/\/www.notibras.com\/site\/pacientes-irritados-com-atendimento-depredam-upa-e-ferem-vigilante\/","og_site_name":"Notibras","article_publisher":"https:\/\/www.facebook.com\/notibras\/","article_published_time":"2024-04-24T03:00:21+00:00","article_modified_time":"2024-04-24T10:45:03+00:00","og_image":[{"width":768,"height":512,"url":"https:\/\/www.notibras.com\/site\/wp-content\/uploads\/2024\/04\/recanto_das_emas.jpeg","type":"image\/jpeg"}],"author":"Reda\u00e7\u00e3o","twitter_card":"summary_large_image","twitter_creator":"@Notibras","twitter_site":"@Notibras","twitter_misc":{"Escrito por":"Reda\u00e7\u00e3o","Est. tempo de leitura":"4 minutos"},"schema":{"@context":"https:\/\/schema.org","@graph":[{"@type":"Article","@id":"https:\/\/www.notibras.com\/site\/pacientes-irritados-com-atendimento-depredam-upa-e-ferem-vigilante\/#article","isPartOf":{"@id":"https:\/\/www.notibras.com\/site\/pacientes-irritados-com-atendimento-depredam-upa-e-ferem-vigilante\/"},"author":{"name":"Reda\u00e7\u00e3o","@id":"https:\/\/www.notibras.com\/site\/#\/schema\/person\/36ab0979449956132d3e5b517ea76ac8"},"headline":"Pacientes irritados com atendimento depredam UPA e ferem vigilante","datePublished":"2024-04-24T03:00:21+00:00","dateModified":"2024-04-24T10:45:03+00:00","mainEntityOfPage":{"@id":"https:\/\/www.notibras.com\/site\/pacientes-irritados-com-atendimento-depredam-upa-e-ferem-vigilante\/"},"wordCount":711,"publisher":{"@id":"https:\/\/www.notibras.com\/site\/#organization"},"image":{"@id":"https:\/\/www.notibras.com\/site\/pacientes-irritados-com-atendimento-depredam-upa-e-ferem-vigilante\/#primaryimage"},"thumbnailUrl":"https:\/\/www.notibras.com\/site\/wp-content\/uploads\/2024\/04\/recanto_das_emas.jpeg","articleSection":["Quadradinho em Foco"],"inLanguage":"pt-BR"},{"@type":"WebPage","@id":"https:\/\/www.notibras.com\/site\/pacientes-irritados-com-atendimento-depredam-upa-e-ferem-vigilante\/","url":"https:\/\/www.notibras.com\/site\/pacientes-irritados-com-atendimento-depredam-upa-e-ferem-vigilante\/","name":"Pacientes irritados com atendimento depredam UPA e ferem vigilante - Notibras","isPartOf":{"@id":"https:\/\/www.notibras.com\/site\/#website"},"primaryImageOfPage":{"@id":"https:\/\/www.notibras.com\/site\/pacientes-irritados-com-atendimento-depredam-upa-e-ferem-vigilante\/#primaryimage"},"image":{"@id":"https:\/\/www.notibras.com\/site\/pacientes-irritados-com-atendimento-depredam-upa-e-ferem-vigilante\/#primaryimage"},"thumbnailUrl":"https:\/\/www.notibras.com\/site\/wp-content\/uploads\/2024\/04\/recanto_das_emas.jpeg","datePublished":"2024-04-24T03:00:21+00:00","dateModified":"2024-04-24T10:45:03+00:00","breadcrumb":{"@id":"https:\/\/www.notibras.com\/site\/pacientes-irritados-com-atendimento-depredam-upa-e-ferem-vigilante\/#breadcrumb"},"inLanguage":"pt-BR","potentialAction":[{"@type":"ReadAction","target":["https:\/\/www.notibras.com\/site\/pacientes-irritados-com-atendimento-depredam-upa-e-ferem-vigilante\/"]}]},{"@type":"ImageObject","inLanguage":"pt-BR","@id":"https:\/\/www.notibras.com\/site\/pacientes-irritados-com-atendimento-depredam-upa-e-ferem-vigilante\/#primaryimage","url":"https:\/\/www.notibras.com\/site\/wp-content\/uploads\/2024\/04\/recanto_das_emas.jpeg","contentUrl":"https:\/\/www.notibras.com\/site\/wp-content\/uploads\/2024\/04\/recanto_das_emas.jpeg","width":768,"height":512},{"@type":"BreadcrumbList","@id":"https:\/\/www.notibras.com\/site\/pacientes-irritados-com-atendimento-depredam-upa-e-ferem-vigilante\/#breadcrumb","itemListElement":[{"@type":"ListItem","position":1,"name":"In\u00edcio","item":"https:\/\/www.notibras.com\/site\/"},{"@type":"ListItem","position":2,"name":"Pacientes irritados com atendimento depredam UPA e ferem vigilante"}]},{"@type":"WebSite","@id":"https:\/\/www.notibras.com\/site\/#website","url":"https:\/\/www.notibras.com\/site\/","name":"Notibras","description":"Not\u00edcias de Bras\u00edlia, do Brasil e do Mundo","publisher":{"@id":"https:\/\/www.notibras.com\/site\/#organization"},"potentialAction":[{"@type":"SearchAction","target":{"@type":"EntryPoint","urlTemplate":"https:\/\/www.notibras.com\/site\/?s={search_term_string}"},"query-input":{"@type":"PropertyValueSpecification","valueRequired":true,"valueName":"search_term_string"}}],"inLanguage":"pt-BR"},{"@type":"Organization","@id":"https:\/\/www.notibras.com\/site\/#organization","name":"Grupo Notibras de Comunica\u00e7\u00e3o","url":"https:\/\/www.notibras.com\/site\/","logo":{"@type":"ImageObject","inLanguage":"pt-BR","@id":"https:\/\/www.notibras.com\/site\/#\/schema\/logo\/image\/","url":"https:\/\/www.notibras.com\/site\/wp-content\/uploads\/2023\/01\/notibras23.png","contentUrl":"https:\/\/www.notibras.com\/site\/wp-content\/uploads\/2023\/01\/notibras23.png","width":350,"height":87,"caption":"Grupo Notibras de Comunica\u00e7\u00e3o"},"image":{"@id":"https:\/\/www.notibras.com\/site\/#\/schema\/logo\/image\/"},"sameAs":["https:\/\/www.facebook.com\/notibras\/","https:\/\/x.com\/Notibras","https:\/\/www.instagram.com\/notibras\/"]},{"@type":"Person","@id":"https:\/\/www.notibras.com\/site\/#\/schema\/person\/36ab0979449956132d3e5b517ea76ac8","name":"Reda\u00e7\u00e3o","image":{"@type":"ImageObject","inLanguage":"pt-BR","@id":"https:\/\/secure.gravatar.com\/avatar\/e0a867bdedb85fd243eadf09663511f96fc81e0720a4a42581f334ad4303aa6b?s=96&d=mm&r=g","url":"https:\/\/secure.gravatar.com\/avatar\/e0a867bdedb85fd243eadf09663511f96fc81e0720a4a42581f334ad4303aa6b?s=96&d=mm&r=g","contentUrl":"https:\/\/secure.gravatar.com\/avatar\/e0a867bdedb85fd243eadf09663511f96fc81e0720a4a42581f334ad4303aa6b?s=96&d=mm&r=g","caption":"Reda\u00e7\u00e3o"}}]}},"amp_enabled":true,"_links":{"self":[{"href":"https:\/\/www.notibras.com\/site\/wp-json\/wp\/v2\/posts\/327291","targetHints":{"allow":["GET"]}}],"collection":[{"href":"https:\/\/www.notibras.com\/site\/wp-json\/wp\/v2\/posts"}],"about":[{"href":"https:\/\/www.notibras.com\/site\/wp-json\/wp\/v2\/types\/post"}],"author":[{"embeddable":true,"href":"https:\/\/www.notibras.com\/site\/wp-json\/wp\/v2\/users\/2"}],"replies":[{"embeddable":true,"href":"https:\/\/www.notibras.com\/site\/wp-json\/wp\/v2\/comments?post=327291"}],"version-history":[{"count":1,"href":"https:\/\/www.notibras.com\/site\/wp-json\/wp\/v2\/posts\/327291\/revisions"}],"predecessor-version":[{"id":327293,"href":"https:\/\/www.notibras.com\/site\/wp-json\/wp\/v2\/posts\/327291\/revisions\/327293"}],"wp:featuredmedia":[{"embeddable":true,"href":"https:\/\/www.notibras.com\/site\/wp-json\/wp\/v2\/media\/327292"}],"wp:attachment":[{"href":"https:\/\/www.notibras.com\/site\/wp-json\/wp\/v2\/media?parent=327291"}],"wp:term":[{"taxonomy":"category","embeddable":true,"href":"https:\/\/www.notibras.com\/site\/wp-json\/wp\/v2\/categories?post=327291"},{"taxonomy":"post_tag","embeddable":true,"href":"https:\/\/www.notibras.com\/site\/wp-json\/wp\/v2\/tags?post=327291"}],"curies":[{"name":"wp","href":"https:\/\/api.w.org\/{rel}","templated":true}]}}