{"id":327294,"date":"2024-04-24T00:02:49","date_gmt":"2024-04-24T03:02:49","guid":{"rendered":"https:\/\/www.notibras.com\/site\/?p=327294"},"modified":"2024-04-24T07:54:16","modified_gmt":"2024-04-24T10:54:16","slug":"indigenas-estao-p-da-vida-mas-nem-por-isso-o-pau-vai-comer","status":"publish","type":"post","link":"https:\/\/www.notibras.com\/site\/indigenas-estao-p-da-vida-mas-nem-por-isso-o-pau-vai-comer\/","title":{"rendered":"Ind\u00edgenas est\u00e3o p* da vida, mas nem por isso o pau vai comer"},"content":{"rendered":"<p>Participantes do 20\u00aa Acampamento Terra Livre, maior mobiliza\u00e7\u00e3o ind\u00edgena do pa\u00eds, que acontece esta semana, em Bras\u00edlia (DF), divulgaram o teor da carta que pretendem entregar a representantes dos Tr\u00eas Poderes (Executivo, Legislativo e Judici\u00e1rio.<\/p>\n<p>Entre uma an\u00e1lise de conjuntura e cr\u00edticas a iniciativas que lideran\u00e7as consideram contr\u00e1rias aos direitos e interesses ind\u00edgenas, como a aprova\u00e7\u00e3o do chamado Marco Temporal (Lei 14.701\/2023), o documento apresenta 25 \u201cexig\u00eancias e urg\u00eancias\u201d do movimento.<\/p>\n<p>\u201cA entrada em vigor da Lei no 14.701\/2023 e\u0301 o maior retrocesso aos nossos direitos desde a redemocratizac\u0327a\u0303o e resulta no derramamento de sangue ind\u00edgena em todo o pai\u0301s\u201d, sustentam as entidades signat\u00e1rias do documento ao se referir \u00e0 lei que o Congresso Nacional aprovou em setembro do ano passado, uma semana ap\u00f3s o Supremo Tribunal Federal (STF) declarar inconstitucional a tese do Marco Temporal.<\/p>\n<p>Das 25 reivindica\u00e7\u00f5es, 19 s\u00e3o endere\u00e7adas ao Poder Executivo; tr\u00eas ao Poder Legislativo e tr\u00eas ao Poder Judici\u00e1rio. O primeiro dos 25 itens \u00e9 uma cobran\u00e7a ao governo federal: a imediata conclus\u00e3o do processo de demarca\u00e7\u00e3o de quatro terras ind\u00edgenas cujas portarias declarat\u00f3rias j\u00e1 foram emitidas pelo Minist\u00e9rio da Justi\u00e7a e Seguran\u00e7a P\u00fablica, ou seja, que, legalmente, est\u00e3o aptas a serem homologadas: Morro dos Cavalos (SC), Toldo Imbu (SC), Xucuru Kariri (AL) e Potiguara de Monte-Mor (PB).<\/p>\n<p>Nesta segunda-feira (22), um dos coordenadores da Articula\u00e7\u00e3o dos Povos Ind\u00edgenas do Brasil (Apib), Kret\u00e3 Kaingang j\u00e1 tinha dito a jornalistas que a homologa\u00e7\u00e3o das duas \u00e1reas reivindicadas em Santa Catarina \u00e9 uma \u201cquest\u00e3o de honra para o movimento\u201d. Al\u00e9m disso, como o Minist\u00e9rio da Justi\u00e7a e Seguran\u00e7a P\u00fablica j\u00e1 havia dado o aval \u00e0 conclus\u00e3o do processo demarcat\u00f3rio, o movimento ind\u00edgena esperava que o presidente da Rep\u00fablica, Luiz In\u00e1cio Lula da Silva, assinasse o decreto de homologa\u00e7\u00e3o na \u00faltima quinta-feira (18). Na ocasi\u00e3o, v\u00e9spera do Dia dos Povos Ind\u00edgenas, Lula homologou dois territ\u00f3rios (Aldeia Velha, na Bahia, e Cacique Fontoura, em Mato Grosso). E admitiu que a decis\u00e3o de n\u00e3o homologar os outros quatro territ\u00f3rios foi pol\u00edtica.<\/p>\n<p>\u201cSei que isso frustrou alguns companheiros e algumas companheiras, mas fiz isso para n\u00e3o mentir para voc\u00eas, porque temos um problema, e \u00e9 melhor a gente tentar resolver o problema antes de assinar&#8221;, disse Lula, diante de dezenas de ind\u00edgenas. Segundo o presidente, entre os problemas identificados nas quatro \u00e1reas n\u00e3o homologadas est\u00e1 a ocupa\u00e7\u00e3o por n\u00e3o ind\u00edgenas.<\/p>\n<p>&#8220;Temos algumas terras ocupadas por fazendeiros, outras por gente comum, possivelmente t\u00e3o pobres quanto n\u00f3s. Tem umas que t\u00eam 800 pessoas que n\u00e3o s\u00e3o ind\u00edgenas ocupando. Tem outras com mais gente. E tem alguns governadores que pediram mais tempo para saber como vamos tirar essas pessoas, porque n\u00e3o posso chegar com a pol\u00edcia e ser violento com as pessoas que est\u00e3o l\u00e1&#8221;, acrescentou o presidente, na ocasi\u00e3o.<\/p>\n<p>Desde o in\u00edcio de 2023, o governo federal j\u00e1 homologou dez terras ind\u00edgenas \u2013 quase o mesmo n\u00famero (11) que nos dez anos anteriores.<\/p>\n<p>Em sua carta aos Tr\u00eas Poderes, o movimento ind\u00edgena critica o recuo de Lula em rela\u00e7\u00e3o aos quatro territ\u00f3rios. \u201cEnquanto se discute marcos temporais e se concede mais tempo aos pol\u00edticos, nossas terras e territ\u00f3rios continuam sob ameac\u0327a; nossas vidas e culturas em risco e nossas comunidades em constante luta pela sobrevive\u0302ncia. Na\u0303o podemos simplesmente dar um tempo enquanto nossos direitos fundamentais esta\u0303o sendo negligenciados. O tempo que queremos e\u0301 o tempo de a\u00e7\u00e3o imediata, onde cada segundo conta para honrarmos nossa ancestralidade e para proteger o futuro de nossas gera\u00e7\u00f5es e da humanidade\u201d.<\/p>\n<p>O movimento tamb\u00e9m pede o fortalecimento institucional das inst\u00e2ncias federais de defesa e promo\u00e7\u00e3o dos direitos ind\u00edgenas (Minist\u00e9rio dos Povos Ind\u00edgenas, Funda\u00e7\u00e3o Nacional dos Povos Ind\u00edgenas \u2013 Funai e Secretaria de Sa\u00fade Ind\u00edgena \u2013 Sesai), al\u00e9m de pedir uma atua\u00e7\u00e3o mais forte do governo federal contra projetos e a\u00e7\u00f5es anti ind\u00edgenas. Tamb\u00e9m cobram a cria\u00e7\u00e3o de secretaria espec\u00edfica para a educa\u00e7\u00e3o escolar ind\u00edgena, no \u00e2mbito do Minist\u00e9rio da Educa\u00e7\u00e3o, a introdu\u00e7\u00e3o do ensino m\u00e9dio e t\u00e9cnico profissionalizante nas escolas ind\u00edgenas, entre outras reivindica\u00e7\u00f5es (leia aqui o documento na \u00edntegra).<\/p>\n<p>Costumeiramente, o documento com as principais reivindica\u00e7\u00f5es discutidas durante o tradicional Acampamento Terra Livre \u00e9 aprovado, redigido e divulgado perto do fim do encontro, para ser encaminhado \u00e0s inst\u00e2ncias de poder oficial posteriormente. Segundo Kleber Karipuna, outro dos coordenadores da Apib, o movimento este ano decidiu inovar a fim de cobrar respostas \u00e0s demandas ainda com os participantes do evento acampados pr\u00f3ximos \u00e0 Esplanada dos Minist\u00e9rios.<\/p>\n<p>\u201cNos anos anteriores, a gente lia a carta no final do acampamento. [Desta vez] estamos tirando um documento inicial, com nossas pautas e demandas. Com isso, esperamos come\u00e7ar a receber [as primeiras] respostas a algumas das quest\u00f5es postas. A ideia \u00e9 j\u00e1 come\u00e7armos a cobrar [respostas], e desde a semana retrasada j\u00e1 oficiamos v\u00e1rios minist\u00e9rios, pedindo agenda [reuni\u00f5es] e demandando nossas pautas. E alguns ministros j\u00e1 confirmaram que ir\u00e3o nos receber\u201d, afirmou Kleber.<\/p>\n","protected":false},"excerpt":{"rendered":"<p>Participantes do 20\u00aa Acampamento Terra Livre, maior mobiliza\u00e7\u00e3o ind\u00edgena do pa\u00eds, que acontece esta semana, em Bras\u00edlia (DF), divulgaram o teor da carta que pretendem entregar a representantes dos Tr\u00eas Poderes (Executivo, Legislativo e Judici\u00e1rio. Entre uma an\u00e1lise de conjuntura e cr\u00edticas a iniciativas que lideran\u00e7as consideram contr\u00e1rias aos direitos e interesses ind\u00edgenas, como a [&hellip;]<\/p>\n","protected":false},"author":2,"featured_media":327295,"comment_status":"closed","ping_status":"closed","sticky":false,"template":"","format":"standard","meta":{"_acf_changed":false,"footnotes":""},"categories":[161],"tags":[],"class_list":["post-327294","post","type-post","status-publish","format-standard","has-post-thumbnail","hentry","category-quadradinho-em-foco"],"acf":[],"yoast_head":"<!-- This site is optimized with the Yoast SEO plugin v27.5 - https:\/\/yoast.com\/product\/yoast-seo-wordpress\/ -->\n<title>Ind\u00edgenas est\u00e3o p* da vida, mas nem por isso o pau vai comer - Notibras<\/title>\n<meta name=\"robots\" content=\"index, follow, max-snippet:-1, max-image-preview:large, max-video-preview:-1\" \/>\n<link rel=\"canonical\" href=\"https:\/\/www.notibras.com\/site\/indigenas-estao-p-da-vida-mas-nem-por-isso-o-pau-vai-comer\/\" \/>\n<meta property=\"og:locale\" content=\"pt_BR\" \/>\n<meta property=\"og:type\" content=\"article\" \/>\n<meta property=\"og:title\" content=\"Ind\u00edgenas est\u00e3o p* da vida, mas nem por isso o pau vai comer - Notibras\" \/>\n<meta property=\"og:description\" content=\"Participantes do 20\u00aa Acampamento Terra Livre, maior mobiliza\u00e7\u00e3o ind\u00edgena do pa\u00eds, que acontece esta semana, em Bras\u00edlia (DF), divulgaram o teor da carta que pretendem entregar a representantes dos Tr\u00eas Poderes (Executivo, Legislativo e Judici\u00e1rio. Entre uma an\u00e1lise de conjuntura e cr\u00edticas a iniciativas que lideran\u00e7as consideram contr\u00e1rias aos direitos e interesses ind\u00edgenas, como a [&hellip;]\" \/>\n<meta property=\"og:url\" content=\"https:\/\/www.notibras.com\/site\/indigenas-estao-p-da-vida-mas-nem-por-isso-o-pau-vai-comer\/\" \/>\n<meta property=\"og:site_name\" content=\"Notibras\" \/>\n<meta property=\"article:publisher\" content=\"https:\/\/www.facebook.com\/notibras\/\" \/>\n<meta property=\"article:published_time\" content=\"2024-04-24T03:02:49+00:00\" \/>\n<meta property=\"article:modified_time\" content=\"2024-04-24T10:54:16+00:00\" \/>\n<meta property=\"og:image\" content=\"https:\/\/www.notibras.com\/site\/wp-content\/uploads\/2024\/04\/iundiosesplanada.webp\" \/>\n\t<meta property=\"og:image:width\" content=\"1170\" \/>\n\t<meta property=\"og:image:height\" content=\"700\" \/>\n\t<meta property=\"og:image:type\" content=\"image\/webp\" \/>\n<meta name=\"author\" content=\"Reda\u00e7\u00e3o\" \/>\n<meta name=\"twitter:card\" content=\"summary_large_image\" \/>\n<meta name=\"twitter:creator\" content=\"@Notibras\" \/>\n<meta name=\"twitter:site\" content=\"@Notibras\" \/>\n<meta name=\"twitter:label1\" content=\"Escrito por\" \/>\n\t<meta name=\"twitter:data1\" content=\"Reda\u00e7\u00e3o\" \/>\n\t<meta name=\"twitter:label2\" content=\"Est. tempo de leitura\" \/>\n\t<meta name=\"twitter:data2\" content=\"5 minutos\" \/>\n<script type=\"application\/ld+json\" class=\"yoast-schema-graph\">{\"@context\":\"https:\\\/\\\/schema.org\",\"@graph\":[{\"@type\":\"Article\",\"@id\":\"https:\\\/\\\/www.notibras.com\\\/site\\\/indigenas-estao-p-da-vida-mas-nem-por-isso-o-pau-vai-comer\\\/#article\",\"isPartOf\":{\"@id\":\"https:\\\/\\\/www.notibras.com\\\/site\\\/indigenas-estao-p-da-vida-mas-nem-por-isso-o-pau-vai-comer\\\/\"},\"author\":{\"name\":\"Reda\u00e7\u00e3o\",\"@id\":\"https:\\\/\\\/www.notibras.com\\\/site\\\/#\\\/schema\\\/person\\\/36ab0979449956132d3e5b517ea76ac8\"},\"headline\":\"Ind\u00edgenas est\u00e3o p* da vida, mas nem por isso o pau vai comer\",\"datePublished\":\"2024-04-24T03:02:49+00:00\",\"dateModified\":\"2024-04-24T10:54:16+00:00\",\"mainEntityOfPage\":{\"@id\":\"https:\\\/\\\/www.notibras.com\\\/site\\\/indigenas-estao-p-da-vida-mas-nem-por-isso-o-pau-vai-comer\\\/\"},\"wordCount\":922,\"publisher\":{\"@id\":\"https:\\\/\\\/www.notibras.com\\\/site\\\/#organization\"},\"image\":{\"@id\":\"https:\\\/\\\/www.notibras.com\\\/site\\\/indigenas-estao-p-da-vida-mas-nem-por-isso-o-pau-vai-comer\\\/#primaryimage\"},\"thumbnailUrl\":\"https:\\\/\\\/www.notibras.com\\\/site\\\/wp-content\\\/uploads\\\/2024\\\/04\\\/iundiosesplanada.webp\",\"articleSection\":[\"Quadradinho em Foco\"],\"inLanguage\":\"pt-BR\"},{\"@type\":\"WebPage\",\"@id\":\"https:\\\/\\\/www.notibras.com\\\/site\\\/indigenas-estao-p-da-vida-mas-nem-por-isso-o-pau-vai-comer\\\/\",\"url\":\"https:\\\/\\\/www.notibras.com\\\/site\\\/indigenas-estao-p-da-vida-mas-nem-por-isso-o-pau-vai-comer\\\/\",\"name\":\"Ind\u00edgenas est\u00e3o p* da vida, mas nem por isso o pau vai comer - Notibras\",\"isPartOf\":{\"@id\":\"https:\\\/\\\/www.notibras.com\\\/site\\\/#website\"},\"primaryImageOfPage\":{\"@id\":\"https:\\\/\\\/www.notibras.com\\\/site\\\/indigenas-estao-p-da-vida-mas-nem-por-isso-o-pau-vai-comer\\\/#primaryimage\"},\"image\":{\"@id\":\"https:\\\/\\\/www.notibras.com\\\/site\\\/indigenas-estao-p-da-vida-mas-nem-por-isso-o-pau-vai-comer\\\/#primaryimage\"},\"thumbnailUrl\":\"https:\\\/\\\/www.notibras.com\\\/site\\\/wp-content\\\/uploads\\\/2024\\\/04\\\/iundiosesplanada.webp\",\"datePublished\":\"2024-04-24T03:02:49+00:00\",\"dateModified\":\"2024-04-24T10:54:16+00:00\",\"breadcrumb\":{\"@id\":\"https:\\\/\\\/www.notibras.com\\\/site\\\/indigenas-estao-p-da-vida-mas-nem-por-isso-o-pau-vai-comer\\\/#breadcrumb\"},\"inLanguage\":\"pt-BR\",\"potentialAction\":[{\"@type\":\"ReadAction\",\"target\":[\"https:\\\/\\\/www.notibras.com\\\/site\\\/indigenas-estao-p-da-vida-mas-nem-por-isso-o-pau-vai-comer\\\/\"]}]},{\"@type\":\"ImageObject\",\"inLanguage\":\"pt-BR\",\"@id\":\"https:\\\/\\\/www.notibras.com\\\/site\\\/indigenas-estao-p-da-vida-mas-nem-por-isso-o-pau-vai-comer\\\/#primaryimage\",\"url\":\"https:\\\/\\\/www.notibras.com\\\/site\\\/wp-content\\\/uploads\\\/2024\\\/04\\\/iundiosesplanada.webp\",\"contentUrl\":\"https:\\\/\\\/www.notibras.com\\\/site\\\/wp-content\\\/uploads\\\/2024\\\/04\\\/iundiosesplanada.webp\",\"width\":1170,\"height\":700},{\"@type\":\"BreadcrumbList\",\"@id\":\"https:\\\/\\\/www.notibras.com\\\/site\\\/indigenas-estao-p-da-vida-mas-nem-por-isso-o-pau-vai-comer\\\/#breadcrumb\",\"itemListElement\":[{\"@type\":\"ListItem\",\"position\":1,\"name\":\"In\u00edcio\",\"item\":\"https:\\\/\\\/www.notibras.com\\\/site\\\/\"},{\"@type\":\"ListItem\",\"position\":2,\"name\":\"Ind\u00edgenas est\u00e3o p* da vida, mas nem por isso o pau vai comer\"}]},{\"@type\":\"WebSite\",\"@id\":\"https:\\\/\\\/www.notibras.com\\\/site\\\/#website\",\"url\":\"https:\\\/\\\/www.notibras.com\\\/site\\\/\",\"name\":\"Notibras\",\"description\":\"Not\u00edcias de Bras\u00edlia, do Brasil e do Mundo\",\"publisher\":{\"@id\":\"https:\\\/\\\/www.notibras.com\\\/site\\\/#organization\"},\"potentialAction\":[{\"@type\":\"SearchAction\",\"target\":{\"@type\":\"EntryPoint\",\"urlTemplate\":\"https:\\\/\\\/www.notibras.com\\\/site\\\/?s={search_term_string}\"},\"query-input\":{\"@type\":\"PropertyValueSpecification\",\"valueRequired\":true,\"valueName\":\"search_term_string\"}}],\"inLanguage\":\"pt-BR\"},{\"@type\":\"Organization\",\"@id\":\"https:\\\/\\\/www.notibras.com\\\/site\\\/#organization\",\"name\":\"Grupo Notibras de Comunica\u00e7\u00e3o\",\"url\":\"https:\\\/\\\/www.notibras.com\\\/site\\\/\",\"logo\":{\"@type\":\"ImageObject\",\"inLanguage\":\"pt-BR\",\"@id\":\"https:\\\/\\\/www.notibras.com\\\/site\\\/#\\\/schema\\\/logo\\\/image\\\/\",\"url\":\"https:\\\/\\\/www.notibras.com\\\/site\\\/wp-content\\\/uploads\\\/2023\\\/01\\\/notibras23.png\",\"contentUrl\":\"https:\\\/\\\/www.notibras.com\\\/site\\\/wp-content\\\/uploads\\\/2023\\\/01\\\/notibras23.png\",\"width\":350,\"height\":87,\"caption\":\"Grupo Notibras de Comunica\u00e7\u00e3o\"},\"image\":{\"@id\":\"https:\\\/\\\/www.notibras.com\\\/site\\\/#\\\/schema\\\/logo\\\/image\\\/\"},\"sameAs\":[\"https:\\\/\\\/www.facebook.com\\\/notibras\\\/\",\"https:\\\/\\\/x.com\\\/Notibras\",\"https:\\\/\\\/www.instagram.com\\\/notibras\\\/\"]},{\"@type\":\"Person\",\"@id\":\"https:\\\/\\\/www.notibras.com\\\/site\\\/#\\\/schema\\\/person\\\/36ab0979449956132d3e5b517ea76ac8\",\"name\":\"Reda\u00e7\u00e3o\",\"image\":{\"@type\":\"ImageObject\",\"inLanguage\":\"pt-BR\",\"@id\":\"https:\\\/\\\/secure.gravatar.com\\\/avatar\\\/e0a867bdedb85fd243eadf09663511f96fc81e0720a4a42581f334ad4303aa6b?s=96&d=mm&r=g\",\"url\":\"https:\\\/\\\/secure.gravatar.com\\\/avatar\\\/e0a867bdedb85fd243eadf09663511f96fc81e0720a4a42581f334ad4303aa6b?s=96&d=mm&r=g\",\"contentUrl\":\"https:\\\/\\\/secure.gravatar.com\\\/avatar\\\/e0a867bdedb85fd243eadf09663511f96fc81e0720a4a42581f334ad4303aa6b?s=96&d=mm&r=g\",\"caption\":\"Reda\u00e7\u00e3o\"}}]}<\/script>\n<!-- \/ Yoast SEO plugin. -->","yoast_head_json":{"title":"Ind\u00edgenas est\u00e3o p* da vida, mas nem por isso o pau vai comer - Notibras","robots":{"index":"index","follow":"follow","max-snippet":"max-snippet:-1","max-image-preview":"max-image-preview:large","max-video-preview":"max-video-preview:-1"},"canonical":"https:\/\/www.notibras.com\/site\/indigenas-estao-p-da-vida-mas-nem-por-isso-o-pau-vai-comer\/","og_locale":"pt_BR","og_type":"article","og_title":"Ind\u00edgenas est\u00e3o p* da vida, mas nem por isso o pau vai comer - Notibras","og_description":"Participantes do 20\u00aa Acampamento Terra Livre, maior mobiliza\u00e7\u00e3o ind\u00edgena do pa\u00eds, que acontece esta semana, em Bras\u00edlia (DF), divulgaram o teor da carta que pretendem entregar a representantes dos Tr\u00eas Poderes (Executivo, Legislativo e Judici\u00e1rio. Entre uma an\u00e1lise de conjuntura e cr\u00edticas a iniciativas que lideran\u00e7as consideram contr\u00e1rias aos direitos e interesses ind\u00edgenas, como a [&hellip;]","og_url":"https:\/\/www.notibras.com\/site\/indigenas-estao-p-da-vida-mas-nem-por-isso-o-pau-vai-comer\/","og_site_name":"Notibras","article_publisher":"https:\/\/www.facebook.com\/notibras\/","article_published_time":"2024-04-24T03:02:49+00:00","article_modified_time":"2024-04-24T10:54:16+00:00","og_image":[{"width":1170,"height":700,"url":"https:\/\/www.notibras.com\/site\/wp-content\/uploads\/2024\/04\/iundiosesplanada.webp","type":"image\/webp"}],"author":"Reda\u00e7\u00e3o","twitter_card":"summary_large_image","twitter_creator":"@Notibras","twitter_site":"@Notibras","twitter_misc":{"Escrito por":"Reda\u00e7\u00e3o","Est. tempo de leitura":"5 minutos"},"schema":{"@context":"https:\/\/schema.org","@graph":[{"@type":"Article","@id":"https:\/\/www.notibras.com\/site\/indigenas-estao-p-da-vida-mas-nem-por-isso-o-pau-vai-comer\/#article","isPartOf":{"@id":"https:\/\/www.notibras.com\/site\/indigenas-estao-p-da-vida-mas-nem-por-isso-o-pau-vai-comer\/"},"author":{"name":"Reda\u00e7\u00e3o","@id":"https:\/\/www.notibras.com\/site\/#\/schema\/person\/36ab0979449956132d3e5b517ea76ac8"},"headline":"Ind\u00edgenas est\u00e3o p* da vida, mas nem por isso o pau vai comer","datePublished":"2024-04-24T03:02:49+00:00","dateModified":"2024-04-24T10:54:16+00:00","mainEntityOfPage":{"@id":"https:\/\/www.notibras.com\/site\/indigenas-estao-p-da-vida-mas-nem-por-isso-o-pau-vai-comer\/"},"wordCount":922,"publisher":{"@id":"https:\/\/www.notibras.com\/site\/#organization"},"image":{"@id":"https:\/\/www.notibras.com\/site\/indigenas-estao-p-da-vida-mas-nem-por-isso-o-pau-vai-comer\/#primaryimage"},"thumbnailUrl":"https:\/\/www.notibras.com\/site\/wp-content\/uploads\/2024\/04\/iundiosesplanada.webp","articleSection":["Quadradinho em Foco"],"inLanguage":"pt-BR"},{"@type":"WebPage","@id":"https:\/\/www.notibras.com\/site\/indigenas-estao-p-da-vida-mas-nem-por-isso-o-pau-vai-comer\/","url":"https:\/\/www.notibras.com\/site\/indigenas-estao-p-da-vida-mas-nem-por-isso-o-pau-vai-comer\/","name":"Ind\u00edgenas est\u00e3o p* da vida, mas nem por isso o pau vai comer - Notibras","isPartOf":{"@id":"https:\/\/www.notibras.com\/site\/#website"},"primaryImageOfPage":{"@id":"https:\/\/www.notibras.com\/site\/indigenas-estao-p-da-vida-mas-nem-por-isso-o-pau-vai-comer\/#primaryimage"},"image":{"@id":"https:\/\/www.notibras.com\/site\/indigenas-estao-p-da-vida-mas-nem-por-isso-o-pau-vai-comer\/#primaryimage"},"thumbnailUrl":"https:\/\/www.notibras.com\/site\/wp-content\/uploads\/2024\/04\/iundiosesplanada.webp","datePublished":"2024-04-24T03:02:49+00:00","dateModified":"2024-04-24T10:54:16+00:00","breadcrumb":{"@id":"https:\/\/www.notibras.com\/site\/indigenas-estao-p-da-vida-mas-nem-por-isso-o-pau-vai-comer\/#breadcrumb"},"inLanguage":"pt-BR","potentialAction":[{"@type":"ReadAction","target":["https:\/\/www.notibras.com\/site\/indigenas-estao-p-da-vida-mas-nem-por-isso-o-pau-vai-comer\/"]}]},{"@type":"ImageObject","inLanguage":"pt-BR","@id":"https:\/\/www.notibras.com\/site\/indigenas-estao-p-da-vida-mas-nem-por-isso-o-pau-vai-comer\/#primaryimage","url":"https:\/\/www.notibras.com\/site\/wp-content\/uploads\/2024\/04\/iundiosesplanada.webp","contentUrl":"https:\/\/www.notibras.com\/site\/wp-content\/uploads\/2024\/04\/iundiosesplanada.webp","width":1170,"height":700},{"@type":"BreadcrumbList","@id":"https:\/\/www.notibras.com\/site\/indigenas-estao-p-da-vida-mas-nem-por-isso-o-pau-vai-comer\/#breadcrumb","itemListElement":[{"@type":"ListItem","position":1,"name":"In\u00edcio","item":"https:\/\/www.notibras.com\/site\/"},{"@type":"ListItem","position":2,"name":"Ind\u00edgenas est\u00e3o p* da vida, mas nem por isso o pau vai comer"}]},{"@type":"WebSite","@id":"https:\/\/www.notibras.com\/site\/#website","url":"https:\/\/www.notibras.com\/site\/","name":"Notibras","description":"Not\u00edcias de Bras\u00edlia, do Brasil e do Mundo","publisher":{"@id":"https:\/\/www.notibras.com\/site\/#organization"},"potentialAction":[{"@type":"SearchAction","target":{"@type":"EntryPoint","urlTemplate":"https:\/\/www.notibras.com\/site\/?s={search_term_string}"},"query-input":{"@type":"PropertyValueSpecification","valueRequired":true,"valueName":"search_term_string"}}],"inLanguage":"pt-BR"},{"@type":"Organization","@id":"https:\/\/www.notibras.com\/site\/#organization","name":"Grupo Notibras de Comunica\u00e7\u00e3o","url":"https:\/\/www.notibras.com\/site\/","logo":{"@type":"ImageObject","inLanguage":"pt-BR","@id":"https:\/\/www.notibras.com\/site\/#\/schema\/logo\/image\/","url":"https:\/\/www.notibras.com\/site\/wp-content\/uploads\/2023\/01\/notibras23.png","contentUrl":"https:\/\/www.notibras.com\/site\/wp-content\/uploads\/2023\/01\/notibras23.png","width":350,"height":87,"caption":"Grupo Notibras de Comunica\u00e7\u00e3o"},"image":{"@id":"https:\/\/www.notibras.com\/site\/#\/schema\/logo\/image\/"},"sameAs":["https:\/\/www.facebook.com\/notibras\/","https:\/\/x.com\/Notibras","https:\/\/www.instagram.com\/notibras\/"]},{"@type":"Person","@id":"https:\/\/www.notibras.com\/site\/#\/schema\/person\/36ab0979449956132d3e5b517ea76ac8","name":"Reda\u00e7\u00e3o","image":{"@type":"ImageObject","inLanguage":"pt-BR","@id":"https:\/\/secure.gravatar.com\/avatar\/e0a867bdedb85fd243eadf09663511f96fc81e0720a4a42581f334ad4303aa6b?s=96&d=mm&r=g","url":"https:\/\/secure.gravatar.com\/avatar\/e0a867bdedb85fd243eadf09663511f96fc81e0720a4a42581f334ad4303aa6b?s=96&d=mm&r=g","contentUrl":"https:\/\/secure.gravatar.com\/avatar\/e0a867bdedb85fd243eadf09663511f96fc81e0720a4a42581f334ad4303aa6b?s=96&d=mm&r=g","caption":"Reda\u00e7\u00e3o"}}]}},"amp_enabled":true,"_links":{"self":[{"href":"https:\/\/www.notibras.com\/site\/wp-json\/wp\/v2\/posts\/327294","targetHints":{"allow":["GET"]}}],"collection":[{"href":"https:\/\/www.notibras.com\/site\/wp-json\/wp\/v2\/posts"}],"about":[{"href":"https:\/\/www.notibras.com\/site\/wp-json\/wp\/v2\/types\/post"}],"author":[{"embeddable":true,"href":"https:\/\/www.notibras.com\/site\/wp-json\/wp\/v2\/users\/2"}],"replies":[{"embeddable":true,"href":"https:\/\/www.notibras.com\/site\/wp-json\/wp\/v2\/comments?post=327294"}],"version-history":[{"count":1,"href":"https:\/\/www.notibras.com\/site\/wp-json\/wp\/v2\/posts\/327294\/revisions"}],"predecessor-version":[{"id":327296,"href":"https:\/\/www.notibras.com\/site\/wp-json\/wp\/v2\/posts\/327294\/revisions\/327296"}],"wp:featuredmedia":[{"embeddable":true,"href":"https:\/\/www.notibras.com\/site\/wp-json\/wp\/v2\/media\/327295"}],"wp:attachment":[{"href":"https:\/\/www.notibras.com\/site\/wp-json\/wp\/v2\/media?parent=327294"}],"wp:term":[{"taxonomy":"category","embeddable":true,"href":"https:\/\/www.notibras.com\/site\/wp-json\/wp\/v2\/categories?post=327294"},{"taxonomy":"post_tag","embeddable":true,"href":"https:\/\/www.notibras.com\/site\/wp-json\/wp\/v2\/tags?post=327294"}],"curies":[{"name":"wp","href":"https:\/\/api.w.org\/{rel}","templated":true}]}}