{"id":327303,"date":"2024-04-24T00:14:06","date_gmt":"2024-04-24T03:14:06","guid":{"rendered":"https:\/\/www.notibras.com\/site\/?p=327303"},"modified":"2024-04-24T08:16:20","modified_gmt":"2024-04-24T11:16:20","slug":"ronaldo-fonseca-se-filia-ao-psd-de-olho-nas-eleicoes-de-2026","status":"publish","type":"post","link":"https:\/\/www.notibras.com\/site\/ronaldo-fonseca-se-filia-ao-psd-de-olho-nas-eleicoes-de-2026\/","title":{"rendered":"Ronaldo Fonseca se filia ao PSD de olho nas elei\u00e7\u00f5es de 2026"},"content":{"rendered":"<p>Ex-ministro-chefe da Secretaria-Geral da Presid\u00eancia do governo Michel Temer, o ex-deputado federal Ronaldo Fonseca filiou-se ao PSD nesta ter\u00e7a-feira (23), em solenidade com a presen\u00e7a do presidente nacional da legenda, Gilberto Kassab, e do presidente do partido no DF, Paulo Oct\u00e1vio. Outros nomes de relevo da legenda, como o l\u00edder do partido na C\u00e2mara, o deputado federal Ant\u00f4nio Brito (BA), tamb\u00e9m estiveram presentes ao ato de filia\u00e7\u00e3o.<\/p>\n<p>Para Paulo Oct\u00e1vio, presidente da agremia\u00e7\u00e3o no DF, Fonseca trar\u00e1 experi\u00eancia e credibilidade ao partido, por sua trajet\u00f3ria pol\u00edtica como ministro e nos dois mandatos exercidos na C\u00e2ma dos Deputados. &#8220;\u00c9 um pol\u00edtico que far\u00e1 a diferen\u00e7a no PSd, por ser um quadro que agrega, que constr\u00f3i. Ronaldo Fonseca \u00e9 um homem de di\u00e1logo e de constru\u00e7\u00e3o de pontes&#8221;, disse, antes de passar a palavra ao l\u00edder do PSD na C\u00e2mara, deputado federal Ant\u00f4nio Brito. &#8220;Eu quero que voc\u00eas ou\u00e7am um pouquinho esse homem, que realmente \u00e9 um extraordin\u00e1rio correntino e com quem tenho aprendido muito&#8221;, completou.<\/p>\n<p>Segundo Ant\u00f4nio Brito, que deixou a reuni\u00e3o do col\u00e9gio de l\u00edderes que tratava do Programa Emergencial de Retomada do Setor de Eventos (Perse) para participar da filia\u00e7\u00e3o de Ronaldo Fonseca, a uni\u00e3o partid\u00e1ria \u00e9 important\u00edssima, especialmente quando um novo nome de relevo se integra \u00e0 agremia\u00e7\u00e3o. &#8220;A nossa unidade \u00e9 feita a partir desta orienta\u00e7\u00e3o do presidente Kassab. Somos um partido moderado, equilibrado e que dialoga com todos para que a gente possa desenvolver o Brasil&#8221;, destacou.<\/p>\n<p>L\u00edder do PSD na C\u00e2mara Legislativa, o deputado distrital Rob\u00e9rio Negreiros tamb\u00e9m elogiou a filia\u00e7\u00e3o de Ronaldo Fonseca. &#8220;Somos um partido, como o pr\u00f3prio l\u00edder Brito falou, de centro, que dialoga. Acho que a popula\u00e7\u00e3o brasileira est\u00e1 cansada desses extremismos, tanto do lado da direita, do lado da esquerda. Mas somos centro n\u00e3o no sentido de n\u00e3o nos posicionarmos, muito pelo contr\u00e1rio&#8221;, disse.<\/p>\n<p>&#8220;\u00c9 s\u00f3 seguirmos a trajet\u00f3ria que o Kassab vem tra\u00e7ando desde a funda\u00e7\u00e3o. O PSD \u00e9 um partido que foi de Juscelino Kubitschek. Estou nele para somar e para ajudar. E quero parabenizar o presidente Paulo Oct\u00e1vio, que \u00e9 uma pessoa de exemplo n\u00e3o s\u00f3 na pol\u00edtica, como na quest\u00e3o empresarial. Seja bem-vindo, Ronaldo. Vamos fazer o PSD crescer mais e mais&#8221;, completou.<\/p>\n<p>O presidente nacional do PSD, Gilberto Kassab, definiu a filia\u00e7\u00e3o de Ronaldo Fonseca como um momento emblem\u00e1tico e que mostra que o PSD cresce em todos os lugares. &#8220;O mais importante \u00e9 que o partido tem quadros de qualidade. Que as pessoas vejam o Brasil como o Ronaldo, filiado pelo Paulo Oct\u00e1vio, e com a renova\u00e7\u00e3o e a juventude, como o Andr\u00e9 Oct\u00e1vio Kubitschek&#8221;, definiu.<\/p>\n<p>&#8220;N\u00f3s estamos muito felizes com o crescimento do partido. Aqui em Bras\u00edlia, essa filia\u00e7\u00e3o do Ronaldo \u00e9 um passo importante para consolidar o partido, para come\u00e7ar a sonhar com voos mais altos. E que voc\u00ea possa aqui contribuir conosco, e a gente possa contribuir com voc\u00ea. \u00c9 a filia\u00e7\u00e3o de uma pessoa que foi um bom deputado, um bom ministro, \u00e9 um importante l\u00edder religioso, um importante l\u00edder pol\u00edtico e um profundo conhecedor de Bras\u00edlia e do Brasil&#8221;, completou.<\/p>\n<p>Homenageado da tarde, o ex-deputado Ronaldo Fonseca come\u00e7ou seus discurso destacando estar cercado de amigos. &#8220;Eu vou escolher um amigo e, em nome dele, vou cumprimentar cada um de voc\u00eas, que \u00e9 o meu amigo Agnelo (Queiroz)&#8221;, disse, citando o ex-governador do DF, que estava presente \u00e0 solenidade. &#8220;Quando tive mandato como deputado federal, fiz muitas coisas por Bras\u00edlia, pois ele me dava condi\u00e7\u00f5es para isso&#8221;, completou.<\/p>\n<p>Fonseca lembrou que o primeiro convite para integrar os quadros do PSD foi feito pelo pr\u00f3prio Gilberto Kassab, quando da cri\u00e7\u00e3o do partido. &#8220;Bras\u00edlia n\u00e3o tem elei\u00e7\u00e3o nesse momento, mas quero me colocar \u00e0 disposi\u00e7\u00e3o do partido para ajudar em n\u00edvel nacional. N\u00f3s podemos ajudar muito agora, nessa campanha, para fazermos o maior n\u00famero de prefeitos e vereadores, o que ser\u00e1 a base para um partido mais forte em 2026&#8221;, completou.<\/p>\n<p>&#8220;Eu quero agradecer o Rob\u00e9rio (Negreiros), que est\u00e1 presente aqui, um amigo antigo, tamb\u00e9m o (Jorge) Vianna, que tamb\u00e9m \u00e9 deputado distrital pelo PSD. Eu tive a oportunidade de presidir v\u00e1rios partidos, e eu estava sempre querendo ficar pr\u00f3ximo do PSD. Hoje, o PSD est\u00e1 nas m\u00e3os de um grande amigo meu, o Paulo Oct\u00e1vio. E tudo isso constru\u00eddo tamb\u00e9m pela senadora Eliziane Gama, l\u00e1 do Maranh\u00e3o&#8221;, avaliou.<\/p>\n<p>Por fim, Ronaldo Fonseca agradeceu ao presidente Gilberto Kassab. &#8220;Eu quero dizer ao Paulo (Oct\u00e1vio) e aos membros do PSD, que sou um pol\u00edtico de massa, eu gosto de fazer movimentos, e n\u00f3s precisamos fazer o PSD ser o maior partido do Brasil. Temos todas as condi\u00e7\u00f5es, sob a lideran\u00e7a do Paulo Oct\u00e1vio, um homem de muita tranquilidade. N\u00f3s tornaremos o PSD, o maior partido de Bras\u00edlia. N\u00f3s vamos eleger aqui, em 2026, no m\u00ednimo, tr\u00eas distritais, e vou, junto ao Paulo de Oct\u00e1vio, garantir aqui que aqui em Bras\u00edlia n\u00e3o tenhamos s\u00f3 um deputado federal&#8221;, completou.<\/p>\n","protected":false},"excerpt":{"rendered":"<p>Ex-ministro-chefe da Secretaria-Geral da Presid\u00eancia do governo Michel Temer, o ex-deputado federal Ronaldo Fonseca filiou-se ao PSD nesta ter\u00e7a-feira (23), em solenidade com a presen\u00e7a do presidente nacional da legenda, Gilberto Kassab, e do presidente do partido no DF, Paulo Oct\u00e1vio. Outros nomes de relevo da legenda, como o l\u00edder do partido na C\u00e2mara, o [&hellip;]<\/p>\n","protected":false},"author":2,"featured_media":327304,"comment_status":"closed","ping_status":"closed","sticky":false,"template":"","format":"standard","meta":{"_acf_changed":false,"footnotes":""},"categories":[161],"tags":[],"class_list":["post-327303","post","type-post","status-publish","format-standard","has-post-thumbnail","hentry","category-quadradinho-em-foco"],"acf":[],"yoast_head":"<!-- This site is optimized with the Yoast SEO plugin v27.5 - https:\/\/yoast.com\/product\/yoast-seo-wordpress\/ -->\n<title>Ronaldo Fonseca se filia ao PSD de olho nas elei\u00e7\u00f5es de 2026 - Notibras<\/title>\n<meta name=\"robots\" content=\"index, follow, max-snippet:-1, max-image-preview:large, max-video-preview:-1\" \/>\n<link rel=\"canonical\" href=\"https:\/\/www.notibras.com\/site\/ronaldo-fonseca-se-filia-ao-psd-de-olho-nas-eleicoes-de-2026\/\" \/>\n<meta property=\"og:locale\" content=\"pt_BR\" \/>\n<meta property=\"og:type\" content=\"article\" \/>\n<meta property=\"og:title\" content=\"Ronaldo Fonseca se filia ao PSD de olho nas elei\u00e7\u00f5es de 2026 - Notibras\" \/>\n<meta property=\"og:description\" content=\"Ex-ministro-chefe da Secretaria-Geral da Presid\u00eancia do governo Michel Temer, o ex-deputado federal Ronaldo Fonseca filiou-se ao PSD nesta ter\u00e7a-feira (23), em solenidade com a presen\u00e7a do presidente nacional da legenda, Gilberto Kassab, e do presidente do partido no DF, Paulo Oct\u00e1vio. Outros nomes de relevo da legenda, como o l\u00edder do partido na C\u00e2mara, o [&hellip;]\" \/>\n<meta property=\"og:url\" content=\"https:\/\/www.notibras.com\/site\/ronaldo-fonseca-se-filia-ao-psd-de-olho-nas-eleicoes-de-2026\/\" \/>\n<meta property=\"og:site_name\" content=\"Notibras\" \/>\n<meta property=\"article:publisher\" content=\"https:\/\/www.facebook.com\/notibras\/\" \/>\n<meta property=\"article:published_time\" content=\"2024-04-24T03:14:06+00:00\" \/>\n<meta property=\"article:modified_time\" content=\"2024-04-24T11:16:20+00:00\" \/>\n<meta property=\"og:image\" content=\"https:\/\/www.notibras.com\/site\/wp-content\/uploads\/2024\/04\/9f5465ab-76d3-4c9c-94b3-2c382b273570.jpg\" \/>\n\t<meta property=\"og:image:width\" content=\"960\" \/>\n\t<meta property=\"og:image:height\" content=\"640\" \/>\n\t<meta property=\"og:image:type\" content=\"image\/jpeg\" \/>\n<meta name=\"author\" content=\"Reda\u00e7\u00e3o\" \/>\n<meta name=\"twitter:card\" content=\"summary_large_image\" \/>\n<meta name=\"twitter:creator\" content=\"@Notibras\" \/>\n<meta name=\"twitter:site\" content=\"@Notibras\" \/>\n<meta name=\"twitter:label1\" content=\"Escrito por\" \/>\n\t<meta name=\"twitter:data1\" content=\"Reda\u00e7\u00e3o\" \/>\n\t<meta name=\"twitter:label2\" content=\"Est. tempo de leitura\" \/>\n\t<meta name=\"twitter:data2\" content=\"5 minutos\" \/>\n<script type=\"application\/ld+json\" class=\"yoast-schema-graph\">{\"@context\":\"https:\\\/\\\/schema.org\",\"@graph\":[{\"@type\":\"Article\",\"@id\":\"https:\\\/\\\/www.notibras.com\\\/site\\\/ronaldo-fonseca-se-filia-ao-psd-de-olho-nas-eleicoes-de-2026\\\/#article\",\"isPartOf\":{\"@id\":\"https:\\\/\\\/www.notibras.com\\\/site\\\/ronaldo-fonseca-se-filia-ao-psd-de-olho-nas-eleicoes-de-2026\\\/\"},\"author\":{\"name\":\"Reda\u00e7\u00e3o\",\"@id\":\"https:\\\/\\\/www.notibras.com\\\/site\\\/#\\\/schema\\\/person\\\/36ab0979449956132d3e5b517ea76ac8\"},\"headline\":\"Ronaldo Fonseca se filia ao PSD de olho nas elei\u00e7\u00f5es de 2026\",\"datePublished\":\"2024-04-24T03:14:06+00:00\",\"dateModified\":\"2024-04-24T11:16:20+00:00\",\"mainEntityOfPage\":{\"@id\":\"https:\\\/\\\/www.notibras.com\\\/site\\\/ronaldo-fonseca-se-filia-ao-psd-de-olho-nas-eleicoes-de-2026\\\/\"},\"wordCount\":911,\"publisher\":{\"@id\":\"https:\\\/\\\/www.notibras.com\\\/site\\\/#organization\"},\"image\":{\"@id\":\"https:\\\/\\\/www.notibras.com\\\/site\\\/ronaldo-fonseca-se-filia-ao-psd-de-olho-nas-eleicoes-de-2026\\\/#primaryimage\"},\"thumbnailUrl\":\"https:\\\/\\\/www.notibras.com\\\/site\\\/wp-content\\\/uploads\\\/2024\\\/04\\\/9f5465ab-76d3-4c9c-94b3-2c382b273570.jpg\",\"articleSection\":[\"Quadradinho em Foco\"],\"inLanguage\":\"pt-BR\"},{\"@type\":\"WebPage\",\"@id\":\"https:\\\/\\\/www.notibras.com\\\/site\\\/ronaldo-fonseca-se-filia-ao-psd-de-olho-nas-eleicoes-de-2026\\\/\",\"url\":\"https:\\\/\\\/www.notibras.com\\\/site\\\/ronaldo-fonseca-se-filia-ao-psd-de-olho-nas-eleicoes-de-2026\\\/\",\"name\":\"Ronaldo Fonseca se filia ao PSD de olho nas elei\u00e7\u00f5es de 2026 - Notibras\",\"isPartOf\":{\"@id\":\"https:\\\/\\\/www.notibras.com\\\/site\\\/#website\"},\"primaryImageOfPage\":{\"@id\":\"https:\\\/\\\/www.notibras.com\\\/site\\\/ronaldo-fonseca-se-filia-ao-psd-de-olho-nas-eleicoes-de-2026\\\/#primaryimage\"},\"image\":{\"@id\":\"https:\\\/\\\/www.notibras.com\\\/site\\\/ronaldo-fonseca-se-filia-ao-psd-de-olho-nas-eleicoes-de-2026\\\/#primaryimage\"},\"thumbnailUrl\":\"https:\\\/\\\/www.notibras.com\\\/site\\\/wp-content\\\/uploads\\\/2024\\\/04\\\/9f5465ab-76d3-4c9c-94b3-2c382b273570.jpg\",\"datePublished\":\"2024-04-24T03:14:06+00:00\",\"dateModified\":\"2024-04-24T11:16:20+00:00\",\"breadcrumb\":{\"@id\":\"https:\\\/\\\/www.notibras.com\\\/site\\\/ronaldo-fonseca-se-filia-ao-psd-de-olho-nas-eleicoes-de-2026\\\/#breadcrumb\"},\"inLanguage\":\"pt-BR\",\"potentialAction\":[{\"@type\":\"ReadAction\",\"target\":[\"https:\\\/\\\/www.notibras.com\\\/site\\\/ronaldo-fonseca-se-filia-ao-psd-de-olho-nas-eleicoes-de-2026\\\/\"]}]},{\"@type\":\"ImageObject\",\"inLanguage\":\"pt-BR\",\"@id\":\"https:\\\/\\\/www.notibras.com\\\/site\\\/ronaldo-fonseca-se-filia-ao-psd-de-olho-nas-eleicoes-de-2026\\\/#primaryimage\",\"url\":\"https:\\\/\\\/www.notibras.com\\\/site\\\/wp-content\\\/uploads\\\/2024\\\/04\\\/9f5465ab-76d3-4c9c-94b3-2c382b273570.jpg\",\"contentUrl\":\"https:\\\/\\\/www.notibras.com\\\/site\\\/wp-content\\\/uploads\\\/2024\\\/04\\\/9f5465ab-76d3-4c9c-94b3-2c382b273570.jpg\",\"width\":960,\"height\":640},{\"@type\":\"BreadcrumbList\",\"@id\":\"https:\\\/\\\/www.notibras.com\\\/site\\\/ronaldo-fonseca-se-filia-ao-psd-de-olho-nas-eleicoes-de-2026\\\/#breadcrumb\",\"itemListElement\":[{\"@type\":\"ListItem\",\"position\":1,\"name\":\"In\u00edcio\",\"item\":\"https:\\\/\\\/www.notibras.com\\\/site\\\/\"},{\"@type\":\"ListItem\",\"position\":2,\"name\":\"Ronaldo Fonseca se filia ao PSD de olho nas elei\u00e7\u00f5es de 2026\"}]},{\"@type\":\"WebSite\",\"@id\":\"https:\\\/\\\/www.notibras.com\\\/site\\\/#website\",\"url\":\"https:\\\/\\\/www.notibras.com\\\/site\\\/\",\"name\":\"Notibras\",\"description\":\"Not\u00edcias de Bras\u00edlia, do Brasil e do Mundo\",\"publisher\":{\"@id\":\"https:\\\/\\\/www.notibras.com\\\/site\\\/#organization\"},\"potentialAction\":[{\"@type\":\"SearchAction\",\"target\":{\"@type\":\"EntryPoint\",\"urlTemplate\":\"https:\\\/\\\/www.notibras.com\\\/site\\\/?s={search_term_string}\"},\"query-input\":{\"@type\":\"PropertyValueSpecification\",\"valueRequired\":true,\"valueName\":\"search_term_string\"}}],\"inLanguage\":\"pt-BR\"},{\"@type\":\"Organization\",\"@id\":\"https:\\\/\\\/www.notibras.com\\\/site\\\/#organization\",\"name\":\"Grupo Notibras de Comunica\u00e7\u00e3o\",\"url\":\"https:\\\/\\\/www.notibras.com\\\/site\\\/\",\"logo\":{\"@type\":\"ImageObject\",\"inLanguage\":\"pt-BR\",\"@id\":\"https:\\\/\\\/www.notibras.com\\\/site\\\/#\\\/schema\\\/logo\\\/image\\\/\",\"url\":\"https:\\\/\\\/www.notibras.com\\\/site\\\/wp-content\\\/uploads\\\/2023\\\/01\\\/notibras23.png\",\"contentUrl\":\"https:\\\/\\\/www.notibras.com\\\/site\\\/wp-content\\\/uploads\\\/2023\\\/01\\\/notibras23.png\",\"width\":350,\"height\":87,\"caption\":\"Grupo Notibras de Comunica\u00e7\u00e3o\"},\"image\":{\"@id\":\"https:\\\/\\\/www.notibras.com\\\/site\\\/#\\\/schema\\\/logo\\\/image\\\/\"},\"sameAs\":[\"https:\\\/\\\/www.facebook.com\\\/notibras\\\/\",\"https:\\\/\\\/x.com\\\/Notibras\",\"https:\\\/\\\/www.instagram.com\\\/notibras\\\/\"]},{\"@type\":\"Person\",\"@id\":\"https:\\\/\\\/www.notibras.com\\\/site\\\/#\\\/schema\\\/person\\\/36ab0979449956132d3e5b517ea76ac8\",\"name\":\"Reda\u00e7\u00e3o\",\"image\":{\"@type\":\"ImageObject\",\"inLanguage\":\"pt-BR\",\"@id\":\"https:\\\/\\\/secure.gravatar.com\\\/avatar\\\/e0a867bdedb85fd243eadf09663511f96fc81e0720a4a42581f334ad4303aa6b?s=96&d=mm&r=g\",\"url\":\"https:\\\/\\\/secure.gravatar.com\\\/avatar\\\/e0a867bdedb85fd243eadf09663511f96fc81e0720a4a42581f334ad4303aa6b?s=96&d=mm&r=g\",\"contentUrl\":\"https:\\\/\\\/secure.gravatar.com\\\/avatar\\\/e0a867bdedb85fd243eadf09663511f96fc81e0720a4a42581f334ad4303aa6b?s=96&d=mm&r=g\",\"caption\":\"Reda\u00e7\u00e3o\"}}]}<\/script>\n<!-- \/ Yoast SEO plugin. -->","yoast_head_json":{"title":"Ronaldo Fonseca se filia ao PSD de olho nas elei\u00e7\u00f5es de 2026 - Notibras","robots":{"index":"index","follow":"follow","max-snippet":"max-snippet:-1","max-image-preview":"max-image-preview:large","max-video-preview":"max-video-preview:-1"},"canonical":"https:\/\/www.notibras.com\/site\/ronaldo-fonseca-se-filia-ao-psd-de-olho-nas-eleicoes-de-2026\/","og_locale":"pt_BR","og_type":"article","og_title":"Ronaldo Fonseca se filia ao PSD de olho nas elei\u00e7\u00f5es de 2026 - Notibras","og_description":"Ex-ministro-chefe da Secretaria-Geral da Presid\u00eancia do governo Michel Temer, o ex-deputado federal Ronaldo Fonseca filiou-se ao PSD nesta ter\u00e7a-feira (23), em solenidade com a presen\u00e7a do presidente nacional da legenda, Gilberto Kassab, e do presidente do partido no DF, Paulo Oct\u00e1vio. Outros nomes de relevo da legenda, como o l\u00edder do partido na C\u00e2mara, o [&hellip;]","og_url":"https:\/\/www.notibras.com\/site\/ronaldo-fonseca-se-filia-ao-psd-de-olho-nas-eleicoes-de-2026\/","og_site_name":"Notibras","article_publisher":"https:\/\/www.facebook.com\/notibras\/","article_published_time":"2024-04-24T03:14:06+00:00","article_modified_time":"2024-04-24T11:16:20+00:00","og_image":[{"width":960,"height":640,"url":"https:\/\/www.notibras.com\/site\/wp-content\/uploads\/2024\/04\/9f5465ab-76d3-4c9c-94b3-2c382b273570.jpg","type":"image\/jpeg"}],"author":"Reda\u00e7\u00e3o","twitter_card":"summary_large_image","twitter_creator":"@Notibras","twitter_site":"@Notibras","twitter_misc":{"Escrito por":"Reda\u00e7\u00e3o","Est. tempo de leitura":"5 minutos"},"schema":{"@context":"https:\/\/schema.org","@graph":[{"@type":"Article","@id":"https:\/\/www.notibras.com\/site\/ronaldo-fonseca-se-filia-ao-psd-de-olho-nas-eleicoes-de-2026\/#article","isPartOf":{"@id":"https:\/\/www.notibras.com\/site\/ronaldo-fonseca-se-filia-ao-psd-de-olho-nas-eleicoes-de-2026\/"},"author":{"name":"Reda\u00e7\u00e3o","@id":"https:\/\/www.notibras.com\/site\/#\/schema\/person\/36ab0979449956132d3e5b517ea76ac8"},"headline":"Ronaldo Fonseca se filia ao PSD de olho nas elei\u00e7\u00f5es de 2026","datePublished":"2024-04-24T03:14:06+00:00","dateModified":"2024-04-24T11:16:20+00:00","mainEntityOfPage":{"@id":"https:\/\/www.notibras.com\/site\/ronaldo-fonseca-se-filia-ao-psd-de-olho-nas-eleicoes-de-2026\/"},"wordCount":911,"publisher":{"@id":"https:\/\/www.notibras.com\/site\/#organization"},"image":{"@id":"https:\/\/www.notibras.com\/site\/ronaldo-fonseca-se-filia-ao-psd-de-olho-nas-eleicoes-de-2026\/#primaryimage"},"thumbnailUrl":"https:\/\/www.notibras.com\/site\/wp-content\/uploads\/2024\/04\/9f5465ab-76d3-4c9c-94b3-2c382b273570.jpg","articleSection":["Quadradinho em Foco"],"inLanguage":"pt-BR"},{"@type":"WebPage","@id":"https:\/\/www.notibras.com\/site\/ronaldo-fonseca-se-filia-ao-psd-de-olho-nas-eleicoes-de-2026\/","url":"https:\/\/www.notibras.com\/site\/ronaldo-fonseca-se-filia-ao-psd-de-olho-nas-eleicoes-de-2026\/","name":"Ronaldo Fonseca se filia ao PSD de olho nas elei\u00e7\u00f5es de 2026 - Notibras","isPartOf":{"@id":"https:\/\/www.notibras.com\/site\/#website"},"primaryImageOfPage":{"@id":"https:\/\/www.notibras.com\/site\/ronaldo-fonseca-se-filia-ao-psd-de-olho-nas-eleicoes-de-2026\/#primaryimage"},"image":{"@id":"https:\/\/www.notibras.com\/site\/ronaldo-fonseca-se-filia-ao-psd-de-olho-nas-eleicoes-de-2026\/#primaryimage"},"thumbnailUrl":"https:\/\/www.notibras.com\/site\/wp-content\/uploads\/2024\/04\/9f5465ab-76d3-4c9c-94b3-2c382b273570.jpg","datePublished":"2024-04-24T03:14:06+00:00","dateModified":"2024-04-24T11:16:20+00:00","breadcrumb":{"@id":"https:\/\/www.notibras.com\/site\/ronaldo-fonseca-se-filia-ao-psd-de-olho-nas-eleicoes-de-2026\/#breadcrumb"},"inLanguage":"pt-BR","potentialAction":[{"@type":"ReadAction","target":["https:\/\/www.notibras.com\/site\/ronaldo-fonseca-se-filia-ao-psd-de-olho-nas-eleicoes-de-2026\/"]}]},{"@type":"ImageObject","inLanguage":"pt-BR","@id":"https:\/\/www.notibras.com\/site\/ronaldo-fonseca-se-filia-ao-psd-de-olho-nas-eleicoes-de-2026\/#primaryimage","url":"https:\/\/www.notibras.com\/site\/wp-content\/uploads\/2024\/04\/9f5465ab-76d3-4c9c-94b3-2c382b273570.jpg","contentUrl":"https:\/\/www.notibras.com\/site\/wp-content\/uploads\/2024\/04\/9f5465ab-76d3-4c9c-94b3-2c382b273570.jpg","width":960,"height":640},{"@type":"BreadcrumbList","@id":"https:\/\/www.notibras.com\/site\/ronaldo-fonseca-se-filia-ao-psd-de-olho-nas-eleicoes-de-2026\/#breadcrumb","itemListElement":[{"@type":"ListItem","position":1,"name":"In\u00edcio","item":"https:\/\/www.notibras.com\/site\/"},{"@type":"ListItem","position":2,"name":"Ronaldo Fonseca se filia ao PSD de olho nas elei\u00e7\u00f5es de 2026"}]},{"@type":"WebSite","@id":"https:\/\/www.notibras.com\/site\/#website","url":"https:\/\/www.notibras.com\/site\/","name":"Notibras","description":"Not\u00edcias de Bras\u00edlia, do Brasil e do Mundo","publisher":{"@id":"https:\/\/www.notibras.com\/site\/#organization"},"potentialAction":[{"@type":"SearchAction","target":{"@type":"EntryPoint","urlTemplate":"https:\/\/www.notibras.com\/site\/?s={search_term_string}"},"query-input":{"@type":"PropertyValueSpecification","valueRequired":true,"valueName":"search_term_string"}}],"inLanguage":"pt-BR"},{"@type":"Organization","@id":"https:\/\/www.notibras.com\/site\/#organization","name":"Grupo Notibras de Comunica\u00e7\u00e3o","url":"https:\/\/www.notibras.com\/site\/","logo":{"@type":"ImageObject","inLanguage":"pt-BR","@id":"https:\/\/www.notibras.com\/site\/#\/schema\/logo\/image\/","url":"https:\/\/www.notibras.com\/site\/wp-content\/uploads\/2023\/01\/notibras23.png","contentUrl":"https:\/\/www.notibras.com\/site\/wp-content\/uploads\/2023\/01\/notibras23.png","width":350,"height":87,"caption":"Grupo Notibras de Comunica\u00e7\u00e3o"},"image":{"@id":"https:\/\/www.notibras.com\/site\/#\/schema\/logo\/image\/"},"sameAs":["https:\/\/www.facebook.com\/notibras\/","https:\/\/x.com\/Notibras","https:\/\/www.instagram.com\/notibras\/"]},{"@type":"Person","@id":"https:\/\/www.notibras.com\/site\/#\/schema\/person\/36ab0979449956132d3e5b517ea76ac8","name":"Reda\u00e7\u00e3o","image":{"@type":"ImageObject","inLanguage":"pt-BR","@id":"https:\/\/secure.gravatar.com\/avatar\/e0a867bdedb85fd243eadf09663511f96fc81e0720a4a42581f334ad4303aa6b?s=96&d=mm&r=g","url":"https:\/\/secure.gravatar.com\/avatar\/e0a867bdedb85fd243eadf09663511f96fc81e0720a4a42581f334ad4303aa6b?s=96&d=mm&r=g","contentUrl":"https:\/\/secure.gravatar.com\/avatar\/e0a867bdedb85fd243eadf09663511f96fc81e0720a4a42581f334ad4303aa6b?s=96&d=mm&r=g","caption":"Reda\u00e7\u00e3o"}}]}},"amp_enabled":true,"_links":{"self":[{"href":"https:\/\/www.notibras.com\/site\/wp-json\/wp\/v2\/posts\/327303","targetHints":{"allow":["GET"]}}],"collection":[{"href":"https:\/\/www.notibras.com\/site\/wp-json\/wp\/v2\/posts"}],"about":[{"href":"https:\/\/www.notibras.com\/site\/wp-json\/wp\/v2\/types\/post"}],"author":[{"embeddable":true,"href":"https:\/\/www.notibras.com\/site\/wp-json\/wp\/v2\/users\/2"}],"replies":[{"embeddable":true,"href":"https:\/\/www.notibras.com\/site\/wp-json\/wp\/v2\/comments?post=327303"}],"version-history":[{"count":1,"href":"https:\/\/www.notibras.com\/site\/wp-json\/wp\/v2\/posts\/327303\/revisions"}],"predecessor-version":[{"id":327305,"href":"https:\/\/www.notibras.com\/site\/wp-json\/wp\/v2\/posts\/327303\/revisions\/327305"}],"wp:featuredmedia":[{"embeddable":true,"href":"https:\/\/www.notibras.com\/site\/wp-json\/wp\/v2\/media\/327304"}],"wp:attachment":[{"href":"https:\/\/www.notibras.com\/site\/wp-json\/wp\/v2\/media?parent=327303"}],"wp:term":[{"taxonomy":"category","embeddable":true,"href":"https:\/\/www.notibras.com\/site\/wp-json\/wp\/v2\/categories?post=327303"},{"taxonomy":"post_tag","embeddable":true,"href":"https:\/\/www.notibras.com\/site\/wp-json\/wp\/v2\/tags?post=327303"}],"curies":[{"name":"wp","href":"https:\/\/api.w.org\/{rel}","templated":true}]}}