{"id":327333,"date":"2024-04-24T10:04:38","date_gmt":"2024-04-24T13:04:38","guid":{"rendered":"https:\/\/www.notibras.com\/site\/?p=327333"},"modified":"2024-04-24T10:04:38","modified_gmt":"2024-04-24T13:04:38","slug":"carolina-guarda-lembrancas-de-um-mundo-imenso","status":"publish","type":"post","link":"https:\/\/www.notibras.com\/site\/carolina-guarda-lembrancas-de-um-mundo-imenso\/","title":{"rendered":"Carolina guarda lembran\u00e7as de um mundo imenso"},"content":{"rendered":"<p>Ainda me lembro de quando passava meus dias de menino no s\u00edtio do tio Joca, em Carolina, no Maranh\u00e3o. Ap\u00f3s tantos anos, eis que aqui estou defronte daquele largo e profundo rio que banhou minha inf\u00e2ncia e, para meu espanto, deparo-me com um riacho. Para onde teria ido aquela enormidade de \u00e1gua?<\/p>\n<p>\u2014 Mas, C\u00e1ssio, \u00e9 o mesmo c\u00f3rrego &#8211; tio Joca tenta me convencer.<\/p>\n<p>Incr\u00e9dulo, olho ao redor. At\u00e9 as \u00e1rvores n\u00e3o me parecem t\u00e3o grandes. Nem mesmo o jequitib\u00e1 logo adiante. Tudo parece querer me impor uma realidade que n\u00e3o \u00e9 a que guardo na mem\u00f3ria. Teimoso que sou, fecho os olhos e volto a ouvir o som da correnteza, enquanto meus p\u00e9s, agora novamente descal\u00e7os, correm pela sua margem.<\/p>\n<p>Cato uma pedra lisa e a arremesso. Ela, quase disco voador, rente \u00e0 superf\u00edcie, toca a \u00e1gua uma, duas, tr\u00eas, quatro vezes, at\u00e9 que, l\u00e1 bem no fundo daquela imensid\u00e3o, se torna submarino. Ao seu redor, piabas se fazem de tubar\u00e3o.<\/p>\n<p>Ou\u00e7o o ronco de um bugio. Viro o rosto e meus olhos de menino avistam um enorme gorila no topo da \u00e1rvore logo atr\u00e1s. Magn\u00edfico, magn\u00e2nimo. Nem os macacos-prego adiante podem com ele. Assustados, fogem saltando de galho em galho, at\u00e9 se perderem na vastid\u00e3o da floresta.<\/p>\n<p>\u2014 C\u00e1ssio?<\/p>\n<p>\u2014 O qu\u00ea, tio?<\/p>\n<p>\u2014 Voc\u00ea est\u00e1 bem?<\/p>\n<p>\u2014 Sim.<\/p>\n<p>\u2014 J\u00e1 te chamei tr\u00eas vezes.<\/p>\n<p>\u2014 Desculpe.<\/p>\n<p>\u2014 Vamos, que j\u00e1 estou sentindo o cheiro do almo\u00e7o daqui.<\/p>\n<p>Acompanho meu tio, mas meu pensamento ainda est\u00e1 bem distante. Que saudade que sinto do menino que fui, repleto de imagina\u00e7\u00e3o.<\/p>\n","protected":false},"excerpt":{"rendered":"<p>Ainda me lembro de quando passava meus dias de menino no s\u00edtio do tio Joca, em Carolina, no Maranh\u00e3o. Ap\u00f3s tantos anos, eis que aqui estou defronte daquele largo e profundo rio que banhou minha inf\u00e2ncia e, para meu espanto, deparo-me com um riacho. Para onde teria ido aquela enormidade de \u00e1gua? \u2014 Mas, C\u00e1ssio, [&hellip;]<\/p>\n","protected":false},"author":2,"featured_media":327335,"comment_status":"closed","ping_status":"closed","sticky":false,"template":"","format":"standard","meta":{"_acf_changed":false,"footnotes":""},"categories":[169,165],"tags":[],"class_list":["post-327333","post","type-post","status-publish","format-standard","has-post-thumbnail","hentry","category-maranhao","category-nordeste"],"acf":[],"_links":{"self":[{"href":"https:\/\/www.notibras.com\/site\/wp-json\/wp\/v2\/posts\/327333","targetHints":{"allow":["GET"]}}],"collection":[{"href":"https:\/\/www.notibras.com\/site\/wp-json\/wp\/v2\/posts"}],"about":[{"href":"https:\/\/www.notibras.com\/site\/wp-json\/wp\/v2\/types\/post"}],"author":[{"embeddable":true,"href":"https:\/\/www.notibras.com\/site\/wp-json\/wp\/v2\/users\/2"}],"replies":[{"embeddable":true,"href":"https:\/\/www.notibras.com\/site\/wp-json\/wp\/v2\/comments?post=327333"}],"version-history":[{"count":1,"href":"https:\/\/www.notibras.com\/site\/wp-json\/wp\/v2\/posts\/327333\/revisions"}],"predecessor-version":[{"id":327336,"href":"https:\/\/www.notibras.com\/site\/wp-json\/wp\/v2\/posts\/327333\/revisions\/327336"}],"wp:featuredmedia":[{"embeddable":true,"href":"https:\/\/www.notibras.com\/site\/wp-json\/wp\/v2\/media\/327335"}],"wp:attachment":[{"href":"https:\/\/www.notibras.com\/site\/wp-json\/wp\/v2\/media?parent=327333"}],"wp:term":[{"taxonomy":"category","embeddable":true,"href":"https:\/\/www.notibras.com\/site\/wp-json\/wp\/v2\/categories?post=327333"},{"taxonomy":"post_tag","embeddable":true,"href":"https:\/\/www.notibras.com\/site\/wp-json\/wp\/v2\/tags?post=327333"}],"curies":[{"name":"wp","href":"https:\/\/api.w.org\/{rel}","templated":true}]}}