{"id":327410,"date":"2024-04-25T05:14:58","date_gmt":"2024-04-25T08:14:58","guid":{"rendered":"https:\/\/www.notibras.com\/site\/?p=327410"},"modified":"2024-04-25T11:52:44","modified_gmt":"2024-04-25T14:52:44","slug":"pedagio-nao-cobre-custos-de-faixas-e-quebra-molas","status":"publish","type":"post","link":"https:\/\/www.notibras.com\/site\/pedagio-nao-cobre-custos-de-faixas-e-quebra-molas\/","title":{"rendered":"Ped\u00e1gio n\u00e3o cobre custos de faixas e quebra-molas"},"content":{"rendered":"<p>Quem viaja de carro de Bras\u00edlia para o Nordeste leva na bagagem algo em comum: quebra-molas desnivelados, faixas de pedestres apagadas, crateras nas vias p\u00fablicas e mensagens de ped\u00e1gio de 40% sobre o valor da programa\u00e7\u00e3o. Coisa que se observa muito pelas bandas de l\u00e1 como as de c\u00e1. O dono do ve\u00edculo, independente do tamanho, fica no preju\u00edzo; em desvantagem.<\/p>\n<p>Tenha consci\u00eancia, \u00e9 o que dizem a Ataner Odahcam. At\u00e9 porque, observam, o quadro n\u00e3o est\u00e1 oficializado.<\/p>\n<p>A realidade \u00e9 desencorajadora. H\u00e1 uma sinfonia peculiar que ressoa por todos os cantos, uma melodia de oportunismo e gan\u00e2ncia que muitas vezes \u00e9 abafada pelo ru\u00eddo do servi\u00e7o p\u00fablico. \u00c9 uma hist\u00f3ria que se desenrola nos bastidores, longe dos olhos do p\u00fablico, onde alguns funcion\u00e1rios se tornam mestres na arte de soletrar a Lei de G\u00e9rson.<\/p>\n<p>Com as m\u00e3os firmes no volante, imagina-se uma autarquia respons\u00e1vel pelo tr\u00e1fego e controle de ve\u00edculos, com suas paredes bege e mobili\u00e1rio desgastado. No entanto, sup\u00f5e-se que por tr\u00e1s da fachada mon\u00f3tona, haja tramas em desenlace. E tudo passa pela cabecinha de Ataner Odahcam, que mant\u00e9m um sorriso astuto e uma mente afiada para os neg\u00f3cios. Ela \u00e9 mestre ao fazer arte em sua \u00e1rea, por onde passam a olhos nus cada vez mais ve\u00edculos. Ao lado, verdadeiros laranjais.<\/p>\n<p>Seguem-se os ped\u00e1gios em um movimento uniforme. Ve\u00edculos s\u00e3o vistoriados para que se defina o pre\u00e7o a ser pago. \u00c9 um c\u00edrculo vicioso que se perpetua. Movem-se nas sombras, obscurecidos pela burocracia e pela falta de transpar\u00eancia. Mas, como todas as boas hist\u00f3rias, a paisagem que se vislumbra tem um ponto de virada. E fica logo na primeira esquina, por mais que a capital-geral diga n\u00e3o t\u00ea-las.<\/p>\n","protected":false},"excerpt":{"rendered":"<p>Quem viaja de carro de Bras\u00edlia para o Nordeste leva na bagagem algo em comum: quebra-molas desnivelados, faixas de pedestres apagadas, crateras nas vias p\u00fablicas e mensagens de ped\u00e1gio de 40% sobre o valor da programa\u00e7\u00e3o. Coisa que se observa muito pelas bandas de l\u00e1 como as de c\u00e1. O dono do ve\u00edculo, independente do [&hellip;]<\/p>\n","protected":false},"author":2,"featured_media":327411,"comment_status":"closed","ping_status":"closed","sticky":false,"template":"","format":"standard","meta":{"_acf_changed":false,"footnotes":""},"categories":[166,167,168,169,165,170,171,172,173,174],"tags":[],"class_list":["post-327410","post","type-post","status-publish","format-standard","has-post-thumbnail","hentry","category-alagoas","category-bahia","category-ceara","category-maranhao","category-nordeste","category-paraiba-nordeste","category-pernambuco-nordeste","category-piaui","category-rio-grande-do-norte","category-sergipe"],"acf":[],"yoast_head":"<!-- This site is optimized with the Yoast SEO plugin v27.5 - https:\/\/yoast.com\/product\/yoast-seo-wordpress\/ -->\n<title>Ped\u00e1gio n\u00e3o cobre custos de faixas e quebra-molas - Notibras<\/title>\n<meta name=\"robots\" content=\"index, follow, max-snippet:-1, max-image-preview:large, max-video-preview:-1\" \/>\n<link rel=\"canonical\" href=\"https:\/\/www.notibras.com\/site\/pedagio-nao-cobre-custos-de-faixas-e-quebra-molas\/\" \/>\n<meta property=\"og:locale\" content=\"pt_BR\" \/>\n<meta property=\"og:type\" content=\"article\" \/>\n<meta property=\"og:title\" content=\"Ped\u00e1gio n\u00e3o cobre custos de faixas e quebra-molas - Notibras\" \/>\n<meta property=\"og:description\" content=\"Quem viaja de carro de Bras\u00edlia para o Nordeste leva na bagagem algo em comum: quebra-molas desnivelados, faixas de pedestres apagadas, crateras nas vias p\u00fablicas e mensagens de ped\u00e1gio de 40% sobre o valor da programa\u00e7\u00e3o. Coisa que se observa muito pelas bandas de l\u00e1 como as de c\u00e1. O dono do ve\u00edculo, independente do [&hellip;]\" \/>\n<meta property=\"og:url\" content=\"https:\/\/www.notibras.com\/site\/pedagio-nao-cobre-custos-de-faixas-e-quebra-molas\/\" \/>\n<meta property=\"og:site_name\" content=\"Notibras\" \/>\n<meta property=\"article:publisher\" content=\"https:\/\/www.facebook.com\/notibras\/\" \/>\n<meta property=\"article:published_time\" content=\"2024-04-25T08:14:58+00:00\" \/>\n<meta property=\"article:modified_time\" content=\"2024-04-25T14:52:44+00:00\" \/>\n<meta property=\"og:image\" content=\"https:\/\/www.notibras.com\/site\/wp-content\/uploads\/2024\/04\/40km.webp\" \/>\n\t<meta property=\"og:image:width\" content=\"1024\" \/>\n\t<meta property=\"og:image:height\" content=\"724\" \/>\n\t<meta property=\"og:image:type\" content=\"image\/webp\" \/>\n<meta name=\"author\" content=\"Reda\u00e7\u00e3o\" \/>\n<meta name=\"twitter:card\" content=\"summary_large_image\" \/>\n<meta name=\"twitter:creator\" content=\"@Notibras\" \/>\n<meta name=\"twitter:site\" content=\"@Notibras\" \/>\n<meta name=\"twitter:label1\" content=\"Escrito por\" \/>\n\t<meta name=\"twitter:data1\" content=\"Reda\u00e7\u00e3o\" \/>\n\t<meta name=\"twitter:label2\" content=\"Est. tempo de leitura\" \/>\n\t<meta name=\"twitter:data2\" content=\"2 minutos\" \/>\n<script type=\"application\/ld+json\" class=\"yoast-schema-graph\">{\"@context\":\"https:\\\/\\\/schema.org\",\"@graph\":[{\"@type\":\"Article\",\"@id\":\"https:\\\/\\\/www.notibras.com\\\/site\\\/pedagio-nao-cobre-custos-de-faixas-e-quebra-molas\\\/#article\",\"isPartOf\":{\"@id\":\"https:\\\/\\\/www.notibras.com\\\/site\\\/pedagio-nao-cobre-custos-de-faixas-e-quebra-molas\\\/\"},\"author\":{\"name\":\"Reda\u00e7\u00e3o\",\"@id\":\"https:\\\/\\\/www.notibras.com\\\/site\\\/#\\\/schema\\\/person\\\/36ab0979449956132d3e5b517ea76ac8\"},\"headline\":\"Ped\u00e1gio n\u00e3o cobre custos de faixas e quebra-molas\",\"datePublished\":\"2024-04-25T08:14:58+00:00\",\"dateModified\":\"2024-04-25T14:52:44+00:00\",\"mainEntityOfPage\":{\"@id\":\"https:\\\/\\\/www.notibras.com\\\/site\\\/pedagio-nao-cobre-custos-de-faixas-e-quebra-molas\\\/\"},\"wordCount\":320,\"publisher\":{\"@id\":\"https:\\\/\\\/www.notibras.com\\\/site\\\/#organization\"},\"image\":{\"@id\":\"https:\\\/\\\/www.notibras.com\\\/site\\\/pedagio-nao-cobre-custos-de-faixas-e-quebra-molas\\\/#primaryimage\"},\"thumbnailUrl\":\"https:\\\/\\\/www.notibras.com\\\/site\\\/wp-content\\\/uploads\\\/2024\\\/04\\\/40km.webp\",\"articleSection\":[\"Alagoas\",\"Bahia\",\"Cear\u00e1\",\"Maranh\u00e3o\",\"Nordeste\",\"Para\u00edba\",\"Pernambuco\",\"Piau\u00ed\",\"Rio Grande do Norte\",\"Sergipe\"],\"inLanguage\":\"pt-BR\"},{\"@type\":\"WebPage\",\"@id\":\"https:\\\/\\\/www.notibras.com\\\/site\\\/pedagio-nao-cobre-custos-de-faixas-e-quebra-molas\\\/\",\"url\":\"https:\\\/\\\/www.notibras.com\\\/site\\\/pedagio-nao-cobre-custos-de-faixas-e-quebra-molas\\\/\",\"name\":\"Ped\u00e1gio n\u00e3o cobre custos de faixas e quebra-molas - Notibras\",\"isPartOf\":{\"@id\":\"https:\\\/\\\/www.notibras.com\\\/site\\\/#website\"},\"primaryImageOfPage\":{\"@id\":\"https:\\\/\\\/www.notibras.com\\\/site\\\/pedagio-nao-cobre-custos-de-faixas-e-quebra-molas\\\/#primaryimage\"},\"image\":{\"@id\":\"https:\\\/\\\/www.notibras.com\\\/site\\\/pedagio-nao-cobre-custos-de-faixas-e-quebra-molas\\\/#primaryimage\"},\"thumbnailUrl\":\"https:\\\/\\\/www.notibras.com\\\/site\\\/wp-content\\\/uploads\\\/2024\\\/04\\\/40km.webp\",\"datePublished\":\"2024-04-25T08:14:58+00:00\",\"dateModified\":\"2024-04-25T14:52:44+00:00\",\"breadcrumb\":{\"@id\":\"https:\\\/\\\/www.notibras.com\\\/site\\\/pedagio-nao-cobre-custos-de-faixas-e-quebra-molas\\\/#breadcrumb\"},\"inLanguage\":\"pt-BR\",\"potentialAction\":[{\"@type\":\"ReadAction\",\"target\":[\"https:\\\/\\\/www.notibras.com\\\/site\\\/pedagio-nao-cobre-custos-de-faixas-e-quebra-molas\\\/\"]}]},{\"@type\":\"ImageObject\",\"inLanguage\":\"pt-BR\",\"@id\":\"https:\\\/\\\/www.notibras.com\\\/site\\\/pedagio-nao-cobre-custos-de-faixas-e-quebra-molas\\\/#primaryimage\",\"url\":\"https:\\\/\\\/www.notibras.com\\\/site\\\/wp-content\\\/uploads\\\/2024\\\/04\\\/40km.webp\",\"contentUrl\":\"https:\\\/\\\/www.notibras.com\\\/site\\\/wp-content\\\/uploads\\\/2024\\\/04\\\/40km.webp\",\"width\":1024,\"height\":724},{\"@type\":\"BreadcrumbList\",\"@id\":\"https:\\\/\\\/www.notibras.com\\\/site\\\/pedagio-nao-cobre-custos-de-faixas-e-quebra-molas\\\/#breadcrumb\",\"itemListElement\":[{\"@type\":\"ListItem\",\"position\":1,\"name\":\"In\u00edcio\",\"item\":\"https:\\\/\\\/www.notibras.com\\\/site\\\/\"},{\"@type\":\"ListItem\",\"position\":2,\"name\":\"Ped\u00e1gio n\u00e3o cobre custos de faixas e quebra-molas\"}]},{\"@type\":\"WebSite\",\"@id\":\"https:\\\/\\\/www.notibras.com\\\/site\\\/#website\",\"url\":\"https:\\\/\\\/www.notibras.com\\\/site\\\/\",\"name\":\"Notibras\",\"description\":\"Not\u00edcias de Bras\u00edlia, do Brasil e do Mundo\",\"publisher\":{\"@id\":\"https:\\\/\\\/www.notibras.com\\\/site\\\/#organization\"},\"potentialAction\":[{\"@type\":\"SearchAction\",\"target\":{\"@type\":\"EntryPoint\",\"urlTemplate\":\"https:\\\/\\\/www.notibras.com\\\/site\\\/?s={search_term_string}\"},\"query-input\":{\"@type\":\"PropertyValueSpecification\",\"valueRequired\":true,\"valueName\":\"search_term_string\"}}],\"inLanguage\":\"pt-BR\"},{\"@type\":\"Organization\",\"@id\":\"https:\\\/\\\/www.notibras.com\\\/site\\\/#organization\",\"name\":\"Grupo Notibras de Comunica\u00e7\u00e3o\",\"url\":\"https:\\\/\\\/www.notibras.com\\\/site\\\/\",\"logo\":{\"@type\":\"ImageObject\",\"inLanguage\":\"pt-BR\",\"@id\":\"https:\\\/\\\/www.notibras.com\\\/site\\\/#\\\/schema\\\/logo\\\/image\\\/\",\"url\":\"https:\\\/\\\/www.notibras.com\\\/site\\\/wp-content\\\/uploads\\\/2023\\\/01\\\/notibras23.png\",\"contentUrl\":\"https:\\\/\\\/www.notibras.com\\\/site\\\/wp-content\\\/uploads\\\/2023\\\/01\\\/notibras23.png\",\"width\":350,\"height\":87,\"caption\":\"Grupo Notibras de Comunica\u00e7\u00e3o\"},\"image\":{\"@id\":\"https:\\\/\\\/www.notibras.com\\\/site\\\/#\\\/schema\\\/logo\\\/image\\\/\"},\"sameAs\":[\"https:\\\/\\\/www.facebook.com\\\/notibras\\\/\",\"https:\\\/\\\/x.com\\\/Notibras\",\"https:\\\/\\\/www.instagram.com\\\/notibras\\\/\"]},{\"@type\":\"Person\",\"@id\":\"https:\\\/\\\/www.notibras.com\\\/site\\\/#\\\/schema\\\/person\\\/36ab0979449956132d3e5b517ea76ac8\",\"name\":\"Reda\u00e7\u00e3o\",\"image\":{\"@type\":\"ImageObject\",\"inLanguage\":\"pt-BR\",\"@id\":\"https:\\\/\\\/secure.gravatar.com\\\/avatar\\\/e0a867bdedb85fd243eadf09663511f96fc81e0720a4a42581f334ad4303aa6b?s=96&d=mm&r=g\",\"url\":\"https:\\\/\\\/secure.gravatar.com\\\/avatar\\\/e0a867bdedb85fd243eadf09663511f96fc81e0720a4a42581f334ad4303aa6b?s=96&d=mm&r=g\",\"contentUrl\":\"https:\\\/\\\/secure.gravatar.com\\\/avatar\\\/e0a867bdedb85fd243eadf09663511f96fc81e0720a4a42581f334ad4303aa6b?s=96&d=mm&r=g\",\"caption\":\"Reda\u00e7\u00e3o\"}}]}<\/script>\n<!-- \/ Yoast SEO plugin. -->","yoast_head_json":{"title":"Ped\u00e1gio n\u00e3o cobre custos de faixas e quebra-molas - Notibras","robots":{"index":"index","follow":"follow","max-snippet":"max-snippet:-1","max-image-preview":"max-image-preview:large","max-video-preview":"max-video-preview:-1"},"canonical":"https:\/\/www.notibras.com\/site\/pedagio-nao-cobre-custos-de-faixas-e-quebra-molas\/","og_locale":"pt_BR","og_type":"article","og_title":"Ped\u00e1gio n\u00e3o cobre custos de faixas e quebra-molas - Notibras","og_description":"Quem viaja de carro de Bras\u00edlia para o Nordeste leva na bagagem algo em comum: quebra-molas desnivelados, faixas de pedestres apagadas, crateras nas vias p\u00fablicas e mensagens de ped\u00e1gio de 40% sobre o valor da programa\u00e7\u00e3o. Coisa que se observa muito pelas bandas de l\u00e1 como as de c\u00e1. O dono do ve\u00edculo, independente do [&hellip;]","og_url":"https:\/\/www.notibras.com\/site\/pedagio-nao-cobre-custos-de-faixas-e-quebra-molas\/","og_site_name":"Notibras","article_publisher":"https:\/\/www.facebook.com\/notibras\/","article_published_time":"2024-04-25T08:14:58+00:00","article_modified_time":"2024-04-25T14:52:44+00:00","og_image":[{"width":1024,"height":724,"url":"https:\/\/www.notibras.com\/site\/wp-content\/uploads\/2024\/04\/40km.webp","type":"image\/webp"}],"author":"Reda\u00e7\u00e3o","twitter_card":"summary_large_image","twitter_creator":"@Notibras","twitter_site":"@Notibras","twitter_misc":{"Escrito por":"Reda\u00e7\u00e3o","Est. tempo de leitura":"2 minutos"},"schema":{"@context":"https:\/\/schema.org","@graph":[{"@type":"Article","@id":"https:\/\/www.notibras.com\/site\/pedagio-nao-cobre-custos-de-faixas-e-quebra-molas\/#article","isPartOf":{"@id":"https:\/\/www.notibras.com\/site\/pedagio-nao-cobre-custos-de-faixas-e-quebra-molas\/"},"author":{"name":"Reda\u00e7\u00e3o","@id":"https:\/\/www.notibras.com\/site\/#\/schema\/person\/36ab0979449956132d3e5b517ea76ac8"},"headline":"Ped\u00e1gio n\u00e3o cobre custos de faixas e quebra-molas","datePublished":"2024-04-25T08:14:58+00:00","dateModified":"2024-04-25T14:52:44+00:00","mainEntityOfPage":{"@id":"https:\/\/www.notibras.com\/site\/pedagio-nao-cobre-custos-de-faixas-e-quebra-molas\/"},"wordCount":320,"publisher":{"@id":"https:\/\/www.notibras.com\/site\/#organization"},"image":{"@id":"https:\/\/www.notibras.com\/site\/pedagio-nao-cobre-custos-de-faixas-e-quebra-molas\/#primaryimage"},"thumbnailUrl":"https:\/\/www.notibras.com\/site\/wp-content\/uploads\/2024\/04\/40km.webp","articleSection":["Alagoas","Bahia","Cear\u00e1","Maranh\u00e3o","Nordeste","Para\u00edba","Pernambuco","Piau\u00ed","Rio Grande do Norte","Sergipe"],"inLanguage":"pt-BR"},{"@type":"WebPage","@id":"https:\/\/www.notibras.com\/site\/pedagio-nao-cobre-custos-de-faixas-e-quebra-molas\/","url":"https:\/\/www.notibras.com\/site\/pedagio-nao-cobre-custos-de-faixas-e-quebra-molas\/","name":"Ped\u00e1gio n\u00e3o cobre custos de faixas e quebra-molas - Notibras","isPartOf":{"@id":"https:\/\/www.notibras.com\/site\/#website"},"primaryImageOfPage":{"@id":"https:\/\/www.notibras.com\/site\/pedagio-nao-cobre-custos-de-faixas-e-quebra-molas\/#primaryimage"},"image":{"@id":"https:\/\/www.notibras.com\/site\/pedagio-nao-cobre-custos-de-faixas-e-quebra-molas\/#primaryimage"},"thumbnailUrl":"https:\/\/www.notibras.com\/site\/wp-content\/uploads\/2024\/04\/40km.webp","datePublished":"2024-04-25T08:14:58+00:00","dateModified":"2024-04-25T14:52:44+00:00","breadcrumb":{"@id":"https:\/\/www.notibras.com\/site\/pedagio-nao-cobre-custos-de-faixas-e-quebra-molas\/#breadcrumb"},"inLanguage":"pt-BR","potentialAction":[{"@type":"ReadAction","target":["https:\/\/www.notibras.com\/site\/pedagio-nao-cobre-custos-de-faixas-e-quebra-molas\/"]}]},{"@type":"ImageObject","inLanguage":"pt-BR","@id":"https:\/\/www.notibras.com\/site\/pedagio-nao-cobre-custos-de-faixas-e-quebra-molas\/#primaryimage","url":"https:\/\/www.notibras.com\/site\/wp-content\/uploads\/2024\/04\/40km.webp","contentUrl":"https:\/\/www.notibras.com\/site\/wp-content\/uploads\/2024\/04\/40km.webp","width":1024,"height":724},{"@type":"BreadcrumbList","@id":"https:\/\/www.notibras.com\/site\/pedagio-nao-cobre-custos-de-faixas-e-quebra-molas\/#breadcrumb","itemListElement":[{"@type":"ListItem","position":1,"name":"In\u00edcio","item":"https:\/\/www.notibras.com\/site\/"},{"@type":"ListItem","position":2,"name":"Ped\u00e1gio n\u00e3o cobre custos de faixas e quebra-molas"}]},{"@type":"WebSite","@id":"https:\/\/www.notibras.com\/site\/#website","url":"https:\/\/www.notibras.com\/site\/","name":"Notibras","description":"Not\u00edcias de Bras\u00edlia, do Brasil e do Mundo","publisher":{"@id":"https:\/\/www.notibras.com\/site\/#organization"},"potentialAction":[{"@type":"SearchAction","target":{"@type":"EntryPoint","urlTemplate":"https:\/\/www.notibras.com\/site\/?s={search_term_string}"},"query-input":{"@type":"PropertyValueSpecification","valueRequired":true,"valueName":"search_term_string"}}],"inLanguage":"pt-BR"},{"@type":"Organization","@id":"https:\/\/www.notibras.com\/site\/#organization","name":"Grupo Notibras de Comunica\u00e7\u00e3o","url":"https:\/\/www.notibras.com\/site\/","logo":{"@type":"ImageObject","inLanguage":"pt-BR","@id":"https:\/\/www.notibras.com\/site\/#\/schema\/logo\/image\/","url":"https:\/\/www.notibras.com\/site\/wp-content\/uploads\/2023\/01\/notibras23.png","contentUrl":"https:\/\/www.notibras.com\/site\/wp-content\/uploads\/2023\/01\/notibras23.png","width":350,"height":87,"caption":"Grupo Notibras de Comunica\u00e7\u00e3o"},"image":{"@id":"https:\/\/www.notibras.com\/site\/#\/schema\/logo\/image\/"},"sameAs":["https:\/\/www.facebook.com\/notibras\/","https:\/\/x.com\/Notibras","https:\/\/www.instagram.com\/notibras\/"]},{"@type":"Person","@id":"https:\/\/www.notibras.com\/site\/#\/schema\/person\/36ab0979449956132d3e5b517ea76ac8","name":"Reda\u00e7\u00e3o","image":{"@type":"ImageObject","inLanguage":"pt-BR","@id":"https:\/\/secure.gravatar.com\/avatar\/e0a867bdedb85fd243eadf09663511f96fc81e0720a4a42581f334ad4303aa6b?s=96&d=mm&r=g","url":"https:\/\/secure.gravatar.com\/avatar\/e0a867bdedb85fd243eadf09663511f96fc81e0720a4a42581f334ad4303aa6b?s=96&d=mm&r=g","contentUrl":"https:\/\/secure.gravatar.com\/avatar\/e0a867bdedb85fd243eadf09663511f96fc81e0720a4a42581f334ad4303aa6b?s=96&d=mm&r=g","caption":"Reda\u00e7\u00e3o"}}]}},"amp_enabled":true,"_links":{"self":[{"href":"https:\/\/www.notibras.com\/site\/wp-json\/wp\/v2\/posts\/327410","targetHints":{"allow":["GET"]}}],"collection":[{"href":"https:\/\/www.notibras.com\/site\/wp-json\/wp\/v2\/posts"}],"about":[{"href":"https:\/\/www.notibras.com\/site\/wp-json\/wp\/v2\/types\/post"}],"author":[{"embeddable":true,"href":"https:\/\/www.notibras.com\/site\/wp-json\/wp\/v2\/users\/2"}],"replies":[{"embeddable":true,"href":"https:\/\/www.notibras.com\/site\/wp-json\/wp\/v2\/comments?post=327410"}],"version-history":[{"count":2,"href":"https:\/\/www.notibras.com\/site\/wp-json\/wp\/v2\/posts\/327410\/revisions"}],"predecessor-version":[{"id":327419,"href":"https:\/\/www.notibras.com\/site\/wp-json\/wp\/v2\/posts\/327410\/revisions\/327419"}],"wp:featuredmedia":[{"embeddable":true,"href":"https:\/\/www.notibras.com\/site\/wp-json\/wp\/v2\/media\/327411"}],"wp:attachment":[{"href":"https:\/\/www.notibras.com\/site\/wp-json\/wp\/v2\/media?parent=327410"}],"wp:term":[{"taxonomy":"category","embeddable":true,"href":"https:\/\/www.notibras.com\/site\/wp-json\/wp\/v2\/categories?post=327410"},{"taxonomy":"post_tag","embeddable":true,"href":"https:\/\/www.notibras.com\/site\/wp-json\/wp\/v2\/tags?post=327410"}],"curies":[{"name":"wp","href":"https:\/\/api.w.org\/{rel}","templated":true}]}}