{"id":327428,"date":"2024-04-25T18:19:50","date_gmt":"2024-04-25T21:19:50","guid":{"rendered":"https:\/\/www.notibras.com\/site\/?p=327428"},"modified":"2024-04-25T21:52:58","modified_gmt":"2024-04-26T00:52:58","slug":"reajuste-de-52-no-auxilio-alimentacao-deve-conter-greve","status":"publish","type":"post","link":"https:\/\/www.notibras.com\/site\/reajuste-de-52-no-auxilio-alimentacao-deve-conter-greve\/","title":{"rendered":"Reajuste de 52% no aux\u00edlio-alimenta\u00e7\u00e3o deve conter greve"},"content":{"rendered":"<p>Os servidores p\u00fablicos federais ter\u00e3o reajuste de 51,9% no aux\u00edlio-alimenta\u00e7\u00e3o a partir do pr\u00f3ximo m\u00eas. Com a medida, o benef\u00edcio passa de R$ 658 para R$ 1 mil.<\/p>\n<p>O aux\u00edlio-sa\u00fade dos servidores, que hoje \u00e9 de R$ 144,38, ser\u00e1 reajustado para cerca de R$ 215 e o aux\u00edlio-creche passa de R$ 321 para R$ 484,90.<\/p>\n<p>Os valores foram fechados nesta quinta-feira (25) em acordo entre as entidades representativas dos servidores e o governo federal, por meio da Secretaria de Rela\u00e7\u00f5es de Trabalho do Minist\u00e9rio da Gest\u00e3o e da Inova\u00e7\u00e3o em Servi\u00e7os P\u00fablicos (SRT\/MGI). O governo tamb\u00e9m se comprometeu a implantar at\u00e9 julho todas as mesas espec\u00edficas de carreiras que ainda n\u00e3o foram abertas no \u00e2mbito da Mesa Nacional de Negocia\u00e7\u00e3o Permanente.<\/p>\n<p>De acordo com o minist\u00e9rio, o aumento do aux\u00edlio-alimenta\u00e7\u00e3o resulta em ganho de renda de mais de 4,5% para mais de 200 mil servidores ativos que ganham at\u00e9 R$ 9 mil mensais. Os servidores com as menores remunera\u00e7\u00f5es e que recebem, simultaneamente, os tr\u00eas benef\u00edcios (alimenta\u00e7\u00e3o, sa\u00fade e creche) ter\u00e3o aumento de at\u00e9 23% na remunera\u00e7\u00e3o total.<\/p>\n<p>O secret\u00e1rio de Rela\u00e7\u00f5es do Trabalho do MGI, Jos\u00e9 Lopez Feij\u00f3o, destacou que, em 2023, o governo j\u00e1 havia concedido aumento salarial linear para todos os servidores p\u00fablicos federais.<\/p>\n<p>\u201cEsse acordo, juntamente com o reajuste de 9% que j\u00e1 foi concedido no ano passado, faz com que se inicie um processo de recupera\u00e7\u00e3o dos sal\u00e1rios que ficaram congelados por tanto tempo\u201d, afirmou o secret\u00e1rio.<\/p>\n<p>Para a Confedera\u00e7\u00e3o dos Trabalhadores no Servi\u00e7o P\u00fablico Federal (Condsef), o reajuste dos benef\u00edcios foi positivo para os servidores, mas a entidade diz que vai continuar reivindicando reajustes entre 7% e 10% nos sal\u00e1rios ainda para este ano.<\/p>\n<p>\u201cNo termo de compromisso, n\u00e3o tem nada garantido sobre reajuste para 2024, mesmo as entidades tendo insistido nessa tecla. Mas n\u00e3o vamos jogar a toalha, porque \u00e9 uma reivindica\u00e7\u00e3o hist\u00f3rica da categoria. Entendemos que a fase de congelamento de sal\u00e1rios foi no governo anterior, ent\u00e3o o momento \u00e9 de conseguir recuperar o poder de compra do funcionalismo \u00e9 agora\u201d, avalia S\u00e9rgio Ronaldo da Silva, secret\u00e1rio-geral da Condsef.<\/p>\n<p>A entidade representa 80% dos servidores do Executivo Federal, entre ativos, aposentados e pensionistas.<\/p>\n","protected":false},"excerpt":{"rendered":"<p>Os servidores p\u00fablicos federais ter\u00e3o reajuste de 51,9% no aux\u00edlio-alimenta\u00e7\u00e3o a partir do pr\u00f3ximo m\u00eas. Com a medida, o benef\u00edcio passa de R$ 658 para R$ 1 mil. O aux\u00edlio-sa\u00fade dos servidores, que hoje \u00e9 de R$ 144,38, ser\u00e1 reajustado para cerca de R$ 215 e o aux\u00edlio-creche passa de R$ 321 para R$ 484,90. [&hellip;]<\/p>\n","protected":false},"author":2,"featured_media":327429,"comment_status":"closed","ping_status":"closed","sticky":false,"template":"","format":"standard","meta":{"_acf_changed":false,"footnotes":""},"categories":[161],"tags":[95],"class_list":["post-327428","post","type-post","status-publish","format-standard","has-post-thumbnail","hentry","category-quadradinho-em-foco","tag-capa"],"acf":[],"yoast_head":"<!-- This site is optimized with the Yoast SEO plugin v27.5 - https:\/\/yoast.com\/product\/yoast-seo-wordpress\/ -->\n<title>Reajuste de 52% no aux\u00edlio-alimenta\u00e7\u00e3o deve conter greve - Notibras<\/title>\n<meta name=\"robots\" content=\"index, follow, max-snippet:-1, max-image-preview:large, max-video-preview:-1\" \/>\n<link rel=\"canonical\" href=\"https:\/\/www.notibras.com\/site\/reajuste-de-52-no-auxilio-alimentacao-deve-conter-greve\/\" \/>\n<meta property=\"og:locale\" content=\"pt_BR\" \/>\n<meta property=\"og:type\" content=\"article\" \/>\n<meta property=\"og:title\" content=\"Reajuste de 52% no aux\u00edlio-alimenta\u00e7\u00e3o deve conter greve - Notibras\" \/>\n<meta property=\"og:description\" content=\"Os servidores p\u00fablicos federais ter\u00e3o reajuste de 51,9% no aux\u00edlio-alimenta\u00e7\u00e3o a partir do pr\u00f3ximo m\u00eas. Com a medida, o benef\u00edcio passa de R$ 658 para R$ 1 mil. O aux\u00edlio-sa\u00fade dos servidores, que hoje \u00e9 de R$ 144,38, ser\u00e1 reajustado para cerca de R$ 215 e o aux\u00edlio-creche passa de R$ 321 para R$ 484,90. [&hellip;]\" \/>\n<meta property=\"og:url\" content=\"https:\/\/www.notibras.com\/site\/reajuste-de-52-no-auxilio-alimentacao-deve-conter-greve\/\" \/>\n<meta property=\"og:site_name\" content=\"Notibras\" \/>\n<meta property=\"article:publisher\" content=\"https:\/\/www.facebook.com\/notibras\/\" \/>\n<meta property=\"article:published_time\" content=\"2024-04-25T21:19:50+00:00\" \/>\n<meta property=\"article:modified_time\" content=\"2024-04-26T00:52:58+00:00\" \/>\n<meta property=\"og:image\" content=\"https:\/\/www.notibras.com\/site\/wp-content\/uploads\/2024\/04\/servidor.52.webp\" \/>\n\t<meta property=\"og:image:width\" content=\"1170\" \/>\n\t<meta property=\"og:image:height\" content=\"700\" \/>\n\t<meta property=\"og:image:type\" content=\"image\/webp\" \/>\n<meta name=\"author\" content=\"Reda\u00e7\u00e3o\" \/>\n<meta name=\"twitter:card\" content=\"summary_large_image\" \/>\n<meta name=\"twitter:creator\" content=\"@Notibras\" \/>\n<meta name=\"twitter:site\" content=\"@Notibras\" \/>\n<meta name=\"twitter:label1\" content=\"Escrito por\" \/>\n\t<meta name=\"twitter:data1\" content=\"Reda\u00e7\u00e3o\" \/>\n\t<meta name=\"twitter:label2\" content=\"Est. tempo de leitura\" \/>\n\t<meta name=\"twitter:data2\" content=\"3 minutos\" \/>\n<script type=\"application\/ld+json\" class=\"yoast-schema-graph\">{\"@context\":\"https:\\\/\\\/schema.org\",\"@graph\":[{\"@type\":\"Article\",\"@id\":\"https:\\\/\\\/www.notibras.com\\\/site\\\/reajuste-de-52-no-auxilio-alimentacao-deve-conter-greve\\\/#article\",\"isPartOf\":{\"@id\":\"https:\\\/\\\/www.notibras.com\\\/site\\\/reajuste-de-52-no-auxilio-alimentacao-deve-conter-greve\\\/\"},\"author\":{\"name\":\"Reda\u00e7\u00e3o\",\"@id\":\"https:\\\/\\\/www.notibras.com\\\/site\\\/#\\\/schema\\\/person\\\/36ab0979449956132d3e5b517ea76ac8\"},\"headline\":\"Reajuste de 52% no aux\u00edlio-alimenta\u00e7\u00e3o deve conter greve\",\"datePublished\":\"2024-04-25T21:19:50+00:00\",\"dateModified\":\"2024-04-26T00:52:58+00:00\",\"mainEntityOfPage\":{\"@id\":\"https:\\\/\\\/www.notibras.com\\\/site\\\/reajuste-de-52-no-auxilio-alimentacao-deve-conter-greve\\\/\"},\"wordCount\":399,\"publisher\":{\"@id\":\"https:\\\/\\\/www.notibras.com\\\/site\\\/#organization\"},\"image\":{\"@id\":\"https:\\\/\\\/www.notibras.com\\\/site\\\/reajuste-de-52-no-auxilio-alimentacao-deve-conter-greve\\\/#primaryimage\"},\"thumbnailUrl\":\"https:\\\/\\\/www.notibras.com\\\/site\\\/wp-content\\\/uploads\\\/2024\\\/04\\\/servidor.52.webp\",\"keywords\":[\"capa\"],\"articleSection\":[\"Quadradinho em Foco\"],\"inLanguage\":\"pt-BR\"},{\"@type\":\"WebPage\",\"@id\":\"https:\\\/\\\/www.notibras.com\\\/site\\\/reajuste-de-52-no-auxilio-alimentacao-deve-conter-greve\\\/\",\"url\":\"https:\\\/\\\/www.notibras.com\\\/site\\\/reajuste-de-52-no-auxilio-alimentacao-deve-conter-greve\\\/\",\"name\":\"Reajuste de 52% no aux\u00edlio-alimenta\u00e7\u00e3o deve conter greve - Notibras\",\"isPartOf\":{\"@id\":\"https:\\\/\\\/www.notibras.com\\\/site\\\/#website\"},\"primaryImageOfPage\":{\"@id\":\"https:\\\/\\\/www.notibras.com\\\/site\\\/reajuste-de-52-no-auxilio-alimentacao-deve-conter-greve\\\/#primaryimage\"},\"image\":{\"@id\":\"https:\\\/\\\/www.notibras.com\\\/site\\\/reajuste-de-52-no-auxilio-alimentacao-deve-conter-greve\\\/#primaryimage\"},\"thumbnailUrl\":\"https:\\\/\\\/www.notibras.com\\\/site\\\/wp-content\\\/uploads\\\/2024\\\/04\\\/servidor.52.webp\",\"datePublished\":\"2024-04-25T21:19:50+00:00\",\"dateModified\":\"2024-04-26T00:52:58+00:00\",\"breadcrumb\":{\"@id\":\"https:\\\/\\\/www.notibras.com\\\/site\\\/reajuste-de-52-no-auxilio-alimentacao-deve-conter-greve\\\/#breadcrumb\"},\"inLanguage\":\"pt-BR\",\"potentialAction\":[{\"@type\":\"ReadAction\",\"target\":[\"https:\\\/\\\/www.notibras.com\\\/site\\\/reajuste-de-52-no-auxilio-alimentacao-deve-conter-greve\\\/\"]}]},{\"@type\":\"ImageObject\",\"inLanguage\":\"pt-BR\",\"@id\":\"https:\\\/\\\/www.notibras.com\\\/site\\\/reajuste-de-52-no-auxilio-alimentacao-deve-conter-greve\\\/#primaryimage\",\"url\":\"https:\\\/\\\/www.notibras.com\\\/site\\\/wp-content\\\/uploads\\\/2024\\\/04\\\/servidor.52.webp\",\"contentUrl\":\"https:\\\/\\\/www.notibras.com\\\/site\\\/wp-content\\\/uploads\\\/2024\\\/04\\\/servidor.52.webp\",\"width\":1170,\"height\":700},{\"@type\":\"BreadcrumbList\",\"@id\":\"https:\\\/\\\/www.notibras.com\\\/site\\\/reajuste-de-52-no-auxilio-alimentacao-deve-conter-greve\\\/#breadcrumb\",\"itemListElement\":[{\"@type\":\"ListItem\",\"position\":1,\"name\":\"In\u00edcio\",\"item\":\"https:\\\/\\\/www.notibras.com\\\/site\\\/\"},{\"@type\":\"ListItem\",\"position\":2,\"name\":\"Reajuste de 52% no aux\u00edlio-alimenta\u00e7\u00e3o deve conter greve\"}]},{\"@type\":\"WebSite\",\"@id\":\"https:\\\/\\\/www.notibras.com\\\/site\\\/#website\",\"url\":\"https:\\\/\\\/www.notibras.com\\\/site\\\/\",\"name\":\"Notibras\",\"description\":\"Not\u00edcias de Bras\u00edlia, do Brasil e do Mundo\",\"publisher\":{\"@id\":\"https:\\\/\\\/www.notibras.com\\\/site\\\/#organization\"},\"potentialAction\":[{\"@type\":\"SearchAction\",\"target\":{\"@type\":\"EntryPoint\",\"urlTemplate\":\"https:\\\/\\\/www.notibras.com\\\/site\\\/?s={search_term_string}\"},\"query-input\":{\"@type\":\"PropertyValueSpecification\",\"valueRequired\":true,\"valueName\":\"search_term_string\"}}],\"inLanguage\":\"pt-BR\"},{\"@type\":\"Organization\",\"@id\":\"https:\\\/\\\/www.notibras.com\\\/site\\\/#organization\",\"name\":\"Grupo Notibras de Comunica\u00e7\u00e3o\",\"url\":\"https:\\\/\\\/www.notibras.com\\\/site\\\/\",\"logo\":{\"@type\":\"ImageObject\",\"inLanguage\":\"pt-BR\",\"@id\":\"https:\\\/\\\/www.notibras.com\\\/site\\\/#\\\/schema\\\/logo\\\/image\\\/\",\"url\":\"https:\\\/\\\/www.notibras.com\\\/site\\\/wp-content\\\/uploads\\\/2023\\\/01\\\/notibras23.png\",\"contentUrl\":\"https:\\\/\\\/www.notibras.com\\\/site\\\/wp-content\\\/uploads\\\/2023\\\/01\\\/notibras23.png\",\"width\":350,\"height\":87,\"caption\":\"Grupo Notibras de Comunica\u00e7\u00e3o\"},\"image\":{\"@id\":\"https:\\\/\\\/www.notibras.com\\\/site\\\/#\\\/schema\\\/logo\\\/image\\\/\"},\"sameAs\":[\"https:\\\/\\\/www.facebook.com\\\/notibras\\\/\",\"https:\\\/\\\/x.com\\\/Notibras\",\"https:\\\/\\\/www.instagram.com\\\/notibras\\\/\"]},{\"@type\":\"Person\",\"@id\":\"https:\\\/\\\/www.notibras.com\\\/site\\\/#\\\/schema\\\/person\\\/36ab0979449956132d3e5b517ea76ac8\",\"name\":\"Reda\u00e7\u00e3o\",\"image\":{\"@type\":\"ImageObject\",\"inLanguage\":\"pt-BR\",\"@id\":\"https:\\\/\\\/secure.gravatar.com\\\/avatar\\\/e0a867bdedb85fd243eadf09663511f96fc81e0720a4a42581f334ad4303aa6b?s=96&d=mm&r=g\",\"url\":\"https:\\\/\\\/secure.gravatar.com\\\/avatar\\\/e0a867bdedb85fd243eadf09663511f96fc81e0720a4a42581f334ad4303aa6b?s=96&d=mm&r=g\",\"contentUrl\":\"https:\\\/\\\/secure.gravatar.com\\\/avatar\\\/e0a867bdedb85fd243eadf09663511f96fc81e0720a4a42581f334ad4303aa6b?s=96&d=mm&r=g\",\"caption\":\"Reda\u00e7\u00e3o\"}}]}<\/script>\n<!-- \/ Yoast SEO plugin. -->","yoast_head_json":{"title":"Reajuste de 52% no aux\u00edlio-alimenta\u00e7\u00e3o deve conter greve - Notibras","robots":{"index":"index","follow":"follow","max-snippet":"max-snippet:-1","max-image-preview":"max-image-preview:large","max-video-preview":"max-video-preview:-1"},"canonical":"https:\/\/www.notibras.com\/site\/reajuste-de-52-no-auxilio-alimentacao-deve-conter-greve\/","og_locale":"pt_BR","og_type":"article","og_title":"Reajuste de 52% no aux\u00edlio-alimenta\u00e7\u00e3o deve conter greve - Notibras","og_description":"Os servidores p\u00fablicos federais ter\u00e3o reajuste de 51,9% no aux\u00edlio-alimenta\u00e7\u00e3o a partir do pr\u00f3ximo m\u00eas. Com a medida, o benef\u00edcio passa de R$ 658 para R$ 1 mil. O aux\u00edlio-sa\u00fade dos servidores, que hoje \u00e9 de R$ 144,38, ser\u00e1 reajustado para cerca de R$ 215 e o aux\u00edlio-creche passa de R$ 321 para R$ 484,90. [&hellip;]","og_url":"https:\/\/www.notibras.com\/site\/reajuste-de-52-no-auxilio-alimentacao-deve-conter-greve\/","og_site_name":"Notibras","article_publisher":"https:\/\/www.facebook.com\/notibras\/","article_published_time":"2024-04-25T21:19:50+00:00","article_modified_time":"2024-04-26T00:52:58+00:00","og_image":[{"width":1170,"height":700,"url":"https:\/\/www.notibras.com\/site\/wp-content\/uploads\/2024\/04\/servidor.52.webp","type":"image\/webp"}],"author":"Reda\u00e7\u00e3o","twitter_card":"summary_large_image","twitter_creator":"@Notibras","twitter_site":"@Notibras","twitter_misc":{"Escrito por":"Reda\u00e7\u00e3o","Est. tempo de leitura":"3 minutos"},"schema":{"@context":"https:\/\/schema.org","@graph":[{"@type":"Article","@id":"https:\/\/www.notibras.com\/site\/reajuste-de-52-no-auxilio-alimentacao-deve-conter-greve\/#article","isPartOf":{"@id":"https:\/\/www.notibras.com\/site\/reajuste-de-52-no-auxilio-alimentacao-deve-conter-greve\/"},"author":{"name":"Reda\u00e7\u00e3o","@id":"https:\/\/www.notibras.com\/site\/#\/schema\/person\/36ab0979449956132d3e5b517ea76ac8"},"headline":"Reajuste de 52% no aux\u00edlio-alimenta\u00e7\u00e3o deve conter greve","datePublished":"2024-04-25T21:19:50+00:00","dateModified":"2024-04-26T00:52:58+00:00","mainEntityOfPage":{"@id":"https:\/\/www.notibras.com\/site\/reajuste-de-52-no-auxilio-alimentacao-deve-conter-greve\/"},"wordCount":399,"publisher":{"@id":"https:\/\/www.notibras.com\/site\/#organization"},"image":{"@id":"https:\/\/www.notibras.com\/site\/reajuste-de-52-no-auxilio-alimentacao-deve-conter-greve\/#primaryimage"},"thumbnailUrl":"https:\/\/www.notibras.com\/site\/wp-content\/uploads\/2024\/04\/servidor.52.webp","keywords":["capa"],"articleSection":["Quadradinho em Foco"],"inLanguage":"pt-BR"},{"@type":"WebPage","@id":"https:\/\/www.notibras.com\/site\/reajuste-de-52-no-auxilio-alimentacao-deve-conter-greve\/","url":"https:\/\/www.notibras.com\/site\/reajuste-de-52-no-auxilio-alimentacao-deve-conter-greve\/","name":"Reajuste de 52% no aux\u00edlio-alimenta\u00e7\u00e3o deve conter greve - Notibras","isPartOf":{"@id":"https:\/\/www.notibras.com\/site\/#website"},"primaryImageOfPage":{"@id":"https:\/\/www.notibras.com\/site\/reajuste-de-52-no-auxilio-alimentacao-deve-conter-greve\/#primaryimage"},"image":{"@id":"https:\/\/www.notibras.com\/site\/reajuste-de-52-no-auxilio-alimentacao-deve-conter-greve\/#primaryimage"},"thumbnailUrl":"https:\/\/www.notibras.com\/site\/wp-content\/uploads\/2024\/04\/servidor.52.webp","datePublished":"2024-04-25T21:19:50+00:00","dateModified":"2024-04-26T00:52:58+00:00","breadcrumb":{"@id":"https:\/\/www.notibras.com\/site\/reajuste-de-52-no-auxilio-alimentacao-deve-conter-greve\/#breadcrumb"},"inLanguage":"pt-BR","potentialAction":[{"@type":"ReadAction","target":["https:\/\/www.notibras.com\/site\/reajuste-de-52-no-auxilio-alimentacao-deve-conter-greve\/"]}]},{"@type":"ImageObject","inLanguage":"pt-BR","@id":"https:\/\/www.notibras.com\/site\/reajuste-de-52-no-auxilio-alimentacao-deve-conter-greve\/#primaryimage","url":"https:\/\/www.notibras.com\/site\/wp-content\/uploads\/2024\/04\/servidor.52.webp","contentUrl":"https:\/\/www.notibras.com\/site\/wp-content\/uploads\/2024\/04\/servidor.52.webp","width":1170,"height":700},{"@type":"BreadcrumbList","@id":"https:\/\/www.notibras.com\/site\/reajuste-de-52-no-auxilio-alimentacao-deve-conter-greve\/#breadcrumb","itemListElement":[{"@type":"ListItem","position":1,"name":"In\u00edcio","item":"https:\/\/www.notibras.com\/site\/"},{"@type":"ListItem","position":2,"name":"Reajuste de 52% no aux\u00edlio-alimenta\u00e7\u00e3o deve conter greve"}]},{"@type":"WebSite","@id":"https:\/\/www.notibras.com\/site\/#website","url":"https:\/\/www.notibras.com\/site\/","name":"Notibras","description":"Not\u00edcias de Bras\u00edlia, do Brasil e do Mundo","publisher":{"@id":"https:\/\/www.notibras.com\/site\/#organization"},"potentialAction":[{"@type":"SearchAction","target":{"@type":"EntryPoint","urlTemplate":"https:\/\/www.notibras.com\/site\/?s={search_term_string}"},"query-input":{"@type":"PropertyValueSpecification","valueRequired":true,"valueName":"search_term_string"}}],"inLanguage":"pt-BR"},{"@type":"Organization","@id":"https:\/\/www.notibras.com\/site\/#organization","name":"Grupo Notibras de Comunica\u00e7\u00e3o","url":"https:\/\/www.notibras.com\/site\/","logo":{"@type":"ImageObject","inLanguage":"pt-BR","@id":"https:\/\/www.notibras.com\/site\/#\/schema\/logo\/image\/","url":"https:\/\/www.notibras.com\/site\/wp-content\/uploads\/2023\/01\/notibras23.png","contentUrl":"https:\/\/www.notibras.com\/site\/wp-content\/uploads\/2023\/01\/notibras23.png","width":350,"height":87,"caption":"Grupo Notibras de Comunica\u00e7\u00e3o"},"image":{"@id":"https:\/\/www.notibras.com\/site\/#\/schema\/logo\/image\/"},"sameAs":["https:\/\/www.facebook.com\/notibras\/","https:\/\/x.com\/Notibras","https:\/\/www.instagram.com\/notibras\/"]},{"@type":"Person","@id":"https:\/\/www.notibras.com\/site\/#\/schema\/person\/36ab0979449956132d3e5b517ea76ac8","name":"Reda\u00e7\u00e3o","image":{"@type":"ImageObject","inLanguage":"pt-BR","@id":"https:\/\/secure.gravatar.com\/avatar\/e0a867bdedb85fd243eadf09663511f96fc81e0720a4a42581f334ad4303aa6b?s=96&d=mm&r=g","url":"https:\/\/secure.gravatar.com\/avatar\/e0a867bdedb85fd243eadf09663511f96fc81e0720a4a42581f334ad4303aa6b?s=96&d=mm&r=g","contentUrl":"https:\/\/secure.gravatar.com\/avatar\/e0a867bdedb85fd243eadf09663511f96fc81e0720a4a42581f334ad4303aa6b?s=96&d=mm&r=g","caption":"Reda\u00e7\u00e3o"}}]}},"amp_enabled":true,"_links":{"self":[{"href":"https:\/\/www.notibras.com\/site\/wp-json\/wp\/v2\/posts\/327428","targetHints":{"allow":["GET"]}}],"collection":[{"href":"https:\/\/www.notibras.com\/site\/wp-json\/wp\/v2\/posts"}],"about":[{"href":"https:\/\/www.notibras.com\/site\/wp-json\/wp\/v2\/types\/post"}],"author":[{"embeddable":true,"href":"https:\/\/www.notibras.com\/site\/wp-json\/wp\/v2\/users\/2"}],"replies":[{"embeddable":true,"href":"https:\/\/www.notibras.com\/site\/wp-json\/wp\/v2\/comments?post=327428"}],"version-history":[{"count":2,"href":"https:\/\/www.notibras.com\/site\/wp-json\/wp\/v2\/posts\/327428\/revisions"}],"predecessor-version":[{"id":327431,"href":"https:\/\/www.notibras.com\/site\/wp-json\/wp\/v2\/posts\/327428\/revisions\/327431"}],"wp:featuredmedia":[{"embeddable":true,"href":"https:\/\/www.notibras.com\/site\/wp-json\/wp\/v2\/media\/327429"}],"wp:attachment":[{"href":"https:\/\/www.notibras.com\/site\/wp-json\/wp\/v2\/media?parent=327428"}],"wp:term":[{"taxonomy":"category","embeddable":true,"href":"https:\/\/www.notibras.com\/site\/wp-json\/wp\/v2\/categories?post=327428"},{"taxonomy":"post_tag","embeddable":true,"href":"https:\/\/www.notibras.com\/site\/wp-json\/wp\/v2\/tags?post=327428"}],"curies":[{"name":"wp","href":"https:\/\/api.w.org\/{rel}","templated":true}]}}