{"id":327432,"date":"2024-04-25T17:27:45","date_gmt":"2024-04-25T20:27:45","guid":{"rendered":"https:\/\/www.notibras.com\/site\/?p=327432"},"modified":"2024-04-25T20:30:59","modified_gmt":"2024-04-25T23:30:59","slug":"vacina-contra-a-dengue-vai-a-mais-625-municipios","status":"publish","type":"post","link":"https:\/\/www.notibras.com\/site\/vacina-contra-a-dengue-vai-a-mais-625-municipios\/","title":{"rendered":"Vacina contra a dengue vai a mais 625 munic\u00edpios"},"content":{"rendered":"<p>Mais 625 munic\u00edpios em seis estados v\u00e3o receber vacinas contra a dengue a partir desta sexta-feira (26). Com isso, o total de cidades contempladas com o imunizante chega a 1.330, em 25 estados.<\/p>\n<p>Os novos estados contemplados s\u00e3o: Alagoas, Cear\u00e1, Sergipe, Piau\u00ed, Mato Grosso e Rio Grande do Sul.<\/p>\n<p>A informa\u00e7\u00e3o foi divulgada nesta quinta-feira (25) pela secret\u00e1ria de Vigil\u00e2ncia em Sa\u00fade e Ambiente do minist\u00e9rio, Ethel Maciel. Segundo ela, as novas regi\u00f5es foram definidas de acordo com a lista de prioridades j\u00e1 pactuada no in\u00edcio do ano.<\/p>\n<p>\u201cA distribui\u00e7\u00e3o provavelmente come\u00e7a amanh\u00e3. Os munic\u00edpios sabem que eles v\u00e3o receber, e a\u00ed j\u00e1 come\u00e7am a prepara\u00e7\u00e3o\u201d, explicou.<\/p>\n<p>At\u00e9 a \u00faltima ter\u00e7a-feira (23), foram enviadas aos estados 1.682.139 doses de vacinas, com o registro de aplica\u00e7\u00e3o de 810.686 doses &#8211; 48,19% do total. Em abril, foram registradas 117.530 vacinas aplicadas, o que mostra uma redu\u00e7\u00e3o significativa em rela\u00e7\u00e3o a mar\u00e7o (463.481 doses aplicadas).<\/p>\n<p>Segundo a secret\u00e1ria, a queda pode ser explicada pelo atraso no registro da aplica\u00e7\u00e3o pelos munic\u00edpios. \u201cAlguns munic\u00edpios fazem a vacina\u00e7\u00e3o e usam sistemas pr\u00f3prios, ent\u00e3o demoram para enviar dados para a rede nacional de sa\u00fade\u201d, diz.<\/p>\n<p><strong>Casos<\/strong><br \/>\nO n\u00famero de casos prov\u00e1veis de dengue chegou a 3.852.901 nos quatro primeiros meses de 2024. Os \u00f3bitos confirmados no per\u00edodo pela doen\u00e7a somaram 1.792, al\u00e9m de 2.216 mortes em investiga\u00e7\u00e3o.<\/p>\n<p>Neste momento, o Distrito Federal e 10 estados est\u00e3o com tend\u00eancia de queda no n\u00famero de registros da doen\u00e7a: Acre, Amap\u00e1, Esp\u00edrito Santo, Goi\u00e1s, Minas Gerais, Rio Grande do Norte, Rond\u00f4nia, Roraima, Santa Catarina e S\u00e3o Paulo. Outros dez apresentam tend\u00eancia de estabilidade: Alagoas, Amazonas, Bahia, Mato Grosso do Sul, Para\u00edba, Pernambuco, Piau\u00ed, Roraima, Rio de Janeiro e Rio Grande do Sul.<\/p>\n<p>Cear\u00e1, Maranh\u00e3o, Sergipe, Mato Grosso, Par\u00e1 e Tocantins continuam com tend\u00eancia de aumento no n\u00famero de casos. Em rela\u00e7\u00e3o \u00e0 semana passada, o estado de Tocantins entrou nessa lista.<\/p>\n<p><strong>Antecipa\u00e7\u00e3o da epidemia<\/strong><br \/>\nO Minist\u00e9rio da Sa\u00fade j\u00e1 se prepara para que o novo aumento de casos de dengue comece a acontecer a partir de novembro deste ano. Segundo a secret\u00e1ria Ethel, assim como houve uma antecipa\u00e7\u00e3o no pico de casos neste ano, \u00e9 poss\u00edvel que isso ocorra tamb\u00e9m em 2025.<\/p>\n<p>\u201cTeremos um tempo pequeno de prepara\u00e7\u00e3o porque neste momento os nossos modelos matem\u00e1ticos entendem que a gente pode come\u00e7ar a epidemia de 2025 em novembro de 2024. Ent\u00e3o, estamos atuando na epidemia atual e j\u00e1 nos preparando por conta de um curto espa\u00e7o que teremos entre a epidemia de 2024 e 2025\u201d, disse a secret\u00e1ria.<\/p>\n","protected":false},"excerpt":{"rendered":"<p>Mais 625 munic\u00edpios em seis estados v\u00e3o receber vacinas contra a dengue a partir desta sexta-feira (26). Com isso, o total de cidades contempladas com o imunizante chega a 1.330, em 25 estados. Os novos estados contemplados s\u00e3o: Alagoas, Cear\u00e1, Sergipe, Piau\u00ed, Mato Grosso e Rio Grande do Sul. A informa\u00e7\u00e3o foi divulgada nesta quinta-feira [&hellip;]<\/p>\n","protected":false},"author":2,"featured_media":327433,"comment_status":"closed","ping_status":"closed","sticky":false,"template":"","format":"standard","meta":{"_acf_changed":false,"footnotes":""},"categories":[166,168,165,172,174],"tags":[],"class_list":["post-327432","post","type-post","status-publish","format-standard","has-post-thumbnail","hentry","category-alagoas","category-ceara","category-nordeste","category-piaui","category-sergipe"],"acf":[],"yoast_head":"<!-- This site is optimized with the Yoast SEO plugin v27.5 - https:\/\/yoast.com\/product\/yoast-seo-wordpress\/ -->\n<title>Vacina contra a dengue vai a mais 625 munic\u00edpios - Notibras<\/title>\n<meta name=\"robots\" content=\"index, follow, max-snippet:-1, max-image-preview:large, max-video-preview:-1\" \/>\n<link rel=\"canonical\" href=\"https:\/\/www.notibras.com\/site\/vacina-contra-a-dengue-vai-a-mais-625-municipios\/\" \/>\n<meta property=\"og:locale\" content=\"pt_BR\" \/>\n<meta property=\"og:type\" content=\"article\" \/>\n<meta property=\"og:title\" content=\"Vacina contra a dengue vai a mais 625 munic\u00edpios - Notibras\" \/>\n<meta property=\"og:description\" content=\"Mais 625 munic\u00edpios em seis estados v\u00e3o receber vacinas contra a dengue a partir desta sexta-feira (26). Com isso, o total de cidades contempladas com o imunizante chega a 1.330, em 25 estados. Os novos estados contemplados s\u00e3o: Alagoas, Cear\u00e1, Sergipe, Piau\u00ed, Mato Grosso e Rio Grande do Sul. A informa\u00e7\u00e3o foi divulgada nesta quinta-feira [&hellip;]\" \/>\n<meta property=\"og:url\" content=\"https:\/\/www.notibras.com\/site\/vacina-contra-a-dengue-vai-a-mais-625-municipios\/\" \/>\n<meta property=\"og:site_name\" content=\"Notibras\" \/>\n<meta property=\"article:publisher\" content=\"https:\/\/www.facebook.com\/notibras\/\" \/>\n<meta property=\"article:published_time\" content=\"2024-04-25T20:27:45+00:00\" \/>\n<meta property=\"article:modified_time\" content=\"2024-04-25T23:30:59+00:00\" \/>\n<meta property=\"og:image\" content=\"https:\/\/www.notibras.com\/site\/wp-content\/uploads\/2024\/04\/denguepp.webp\" \/>\n\t<meta property=\"og:image:width\" content=\"1170\" \/>\n\t<meta property=\"og:image:height\" content=\"700\" \/>\n\t<meta property=\"og:image:type\" content=\"image\/webp\" \/>\n<meta name=\"author\" content=\"Reda\u00e7\u00e3o\" \/>\n<meta name=\"twitter:card\" content=\"summary_large_image\" \/>\n<meta name=\"twitter:creator\" content=\"@Notibras\" \/>\n<meta name=\"twitter:site\" content=\"@Notibras\" \/>\n<meta name=\"twitter:label1\" content=\"Escrito por\" \/>\n\t<meta name=\"twitter:data1\" content=\"Reda\u00e7\u00e3o\" \/>\n\t<meta name=\"twitter:label2\" content=\"Est. tempo de leitura\" \/>\n\t<meta name=\"twitter:data2\" content=\"3 minutos\" \/>\n<script type=\"application\/ld+json\" class=\"yoast-schema-graph\">{\"@context\":\"https:\\\/\\\/schema.org\",\"@graph\":[{\"@type\":\"Article\",\"@id\":\"https:\\\/\\\/www.notibras.com\\\/site\\\/vacina-contra-a-dengue-vai-a-mais-625-municipios\\\/#article\",\"isPartOf\":{\"@id\":\"https:\\\/\\\/www.notibras.com\\\/site\\\/vacina-contra-a-dengue-vai-a-mais-625-municipios\\\/\"},\"author\":{\"name\":\"Reda\u00e7\u00e3o\",\"@id\":\"https:\\\/\\\/www.notibras.com\\\/site\\\/#\\\/schema\\\/person\\\/36ab0979449956132d3e5b517ea76ac8\"},\"headline\":\"Vacina contra a dengue vai a mais 625 munic\u00edpios\",\"datePublished\":\"2024-04-25T20:27:45+00:00\",\"dateModified\":\"2024-04-25T23:30:59+00:00\",\"mainEntityOfPage\":{\"@id\":\"https:\\\/\\\/www.notibras.com\\\/site\\\/vacina-contra-a-dengue-vai-a-mais-625-municipios\\\/\"},\"wordCount\":466,\"publisher\":{\"@id\":\"https:\\\/\\\/www.notibras.com\\\/site\\\/#organization\"},\"image\":{\"@id\":\"https:\\\/\\\/www.notibras.com\\\/site\\\/vacina-contra-a-dengue-vai-a-mais-625-municipios\\\/#primaryimage\"},\"thumbnailUrl\":\"https:\\\/\\\/www.notibras.com\\\/site\\\/wp-content\\\/uploads\\\/2024\\\/04\\\/denguepp.webp\",\"articleSection\":[\"Alagoas\",\"Cear\u00e1\",\"Nordeste\",\"Piau\u00ed\",\"Sergipe\"],\"inLanguage\":\"pt-BR\"},{\"@type\":\"WebPage\",\"@id\":\"https:\\\/\\\/www.notibras.com\\\/site\\\/vacina-contra-a-dengue-vai-a-mais-625-municipios\\\/\",\"url\":\"https:\\\/\\\/www.notibras.com\\\/site\\\/vacina-contra-a-dengue-vai-a-mais-625-municipios\\\/\",\"name\":\"Vacina contra a dengue vai a mais 625 munic\u00edpios - Notibras\",\"isPartOf\":{\"@id\":\"https:\\\/\\\/www.notibras.com\\\/site\\\/#website\"},\"primaryImageOfPage\":{\"@id\":\"https:\\\/\\\/www.notibras.com\\\/site\\\/vacina-contra-a-dengue-vai-a-mais-625-municipios\\\/#primaryimage\"},\"image\":{\"@id\":\"https:\\\/\\\/www.notibras.com\\\/site\\\/vacina-contra-a-dengue-vai-a-mais-625-municipios\\\/#primaryimage\"},\"thumbnailUrl\":\"https:\\\/\\\/www.notibras.com\\\/site\\\/wp-content\\\/uploads\\\/2024\\\/04\\\/denguepp.webp\",\"datePublished\":\"2024-04-25T20:27:45+00:00\",\"dateModified\":\"2024-04-25T23:30:59+00:00\",\"breadcrumb\":{\"@id\":\"https:\\\/\\\/www.notibras.com\\\/site\\\/vacina-contra-a-dengue-vai-a-mais-625-municipios\\\/#breadcrumb\"},\"inLanguage\":\"pt-BR\",\"potentialAction\":[{\"@type\":\"ReadAction\",\"target\":[\"https:\\\/\\\/www.notibras.com\\\/site\\\/vacina-contra-a-dengue-vai-a-mais-625-municipios\\\/\"]}]},{\"@type\":\"ImageObject\",\"inLanguage\":\"pt-BR\",\"@id\":\"https:\\\/\\\/www.notibras.com\\\/site\\\/vacina-contra-a-dengue-vai-a-mais-625-municipios\\\/#primaryimage\",\"url\":\"https:\\\/\\\/www.notibras.com\\\/site\\\/wp-content\\\/uploads\\\/2024\\\/04\\\/denguepp.webp\",\"contentUrl\":\"https:\\\/\\\/www.notibras.com\\\/site\\\/wp-content\\\/uploads\\\/2024\\\/04\\\/denguepp.webp\",\"width\":1170,\"height\":700},{\"@type\":\"BreadcrumbList\",\"@id\":\"https:\\\/\\\/www.notibras.com\\\/site\\\/vacina-contra-a-dengue-vai-a-mais-625-municipios\\\/#breadcrumb\",\"itemListElement\":[{\"@type\":\"ListItem\",\"position\":1,\"name\":\"In\u00edcio\",\"item\":\"https:\\\/\\\/www.notibras.com\\\/site\\\/\"},{\"@type\":\"ListItem\",\"position\":2,\"name\":\"Vacina contra a dengue vai a mais 625 munic\u00edpios\"}]},{\"@type\":\"WebSite\",\"@id\":\"https:\\\/\\\/www.notibras.com\\\/site\\\/#website\",\"url\":\"https:\\\/\\\/www.notibras.com\\\/site\\\/\",\"name\":\"Notibras\",\"description\":\"Not\u00edcias de Bras\u00edlia, do Brasil e do Mundo\",\"publisher\":{\"@id\":\"https:\\\/\\\/www.notibras.com\\\/site\\\/#organization\"},\"potentialAction\":[{\"@type\":\"SearchAction\",\"target\":{\"@type\":\"EntryPoint\",\"urlTemplate\":\"https:\\\/\\\/www.notibras.com\\\/site\\\/?s={search_term_string}\"},\"query-input\":{\"@type\":\"PropertyValueSpecification\",\"valueRequired\":true,\"valueName\":\"search_term_string\"}}],\"inLanguage\":\"pt-BR\"},{\"@type\":\"Organization\",\"@id\":\"https:\\\/\\\/www.notibras.com\\\/site\\\/#organization\",\"name\":\"Grupo Notibras de Comunica\u00e7\u00e3o\",\"url\":\"https:\\\/\\\/www.notibras.com\\\/site\\\/\",\"logo\":{\"@type\":\"ImageObject\",\"inLanguage\":\"pt-BR\",\"@id\":\"https:\\\/\\\/www.notibras.com\\\/site\\\/#\\\/schema\\\/logo\\\/image\\\/\",\"url\":\"https:\\\/\\\/www.notibras.com\\\/site\\\/wp-content\\\/uploads\\\/2023\\\/01\\\/notibras23.png\",\"contentUrl\":\"https:\\\/\\\/www.notibras.com\\\/site\\\/wp-content\\\/uploads\\\/2023\\\/01\\\/notibras23.png\",\"width\":350,\"height\":87,\"caption\":\"Grupo Notibras de Comunica\u00e7\u00e3o\"},\"image\":{\"@id\":\"https:\\\/\\\/www.notibras.com\\\/site\\\/#\\\/schema\\\/logo\\\/image\\\/\"},\"sameAs\":[\"https:\\\/\\\/www.facebook.com\\\/notibras\\\/\",\"https:\\\/\\\/x.com\\\/Notibras\",\"https:\\\/\\\/www.instagram.com\\\/notibras\\\/\"]},{\"@type\":\"Person\",\"@id\":\"https:\\\/\\\/www.notibras.com\\\/site\\\/#\\\/schema\\\/person\\\/36ab0979449956132d3e5b517ea76ac8\",\"name\":\"Reda\u00e7\u00e3o\",\"image\":{\"@type\":\"ImageObject\",\"inLanguage\":\"pt-BR\",\"@id\":\"https:\\\/\\\/secure.gravatar.com\\\/avatar\\\/e0a867bdedb85fd243eadf09663511f96fc81e0720a4a42581f334ad4303aa6b?s=96&d=mm&r=g\",\"url\":\"https:\\\/\\\/secure.gravatar.com\\\/avatar\\\/e0a867bdedb85fd243eadf09663511f96fc81e0720a4a42581f334ad4303aa6b?s=96&d=mm&r=g\",\"contentUrl\":\"https:\\\/\\\/secure.gravatar.com\\\/avatar\\\/e0a867bdedb85fd243eadf09663511f96fc81e0720a4a42581f334ad4303aa6b?s=96&d=mm&r=g\",\"caption\":\"Reda\u00e7\u00e3o\"}}]}<\/script>\n<!-- \/ Yoast SEO plugin. -->","yoast_head_json":{"title":"Vacina contra a dengue vai a mais 625 munic\u00edpios - Notibras","robots":{"index":"index","follow":"follow","max-snippet":"max-snippet:-1","max-image-preview":"max-image-preview:large","max-video-preview":"max-video-preview:-1"},"canonical":"https:\/\/www.notibras.com\/site\/vacina-contra-a-dengue-vai-a-mais-625-municipios\/","og_locale":"pt_BR","og_type":"article","og_title":"Vacina contra a dengue vai a mais 625 munic\u00edpios - Notibras","og_description":"Mais 625 munic\u00edpios em seis estados v\u00e3o receber vacinas contra a dengue a partir desta sexta-feira (26). Com isso, o total de cidades contempladas com o imunizante chega a 1.330, em 25 estados. Os novos estados contemplados s\u00e3o: Alagoas, Cear\u00e1, Sergipe, Piau\u00ed, Mato Grosso e Rio Grande do Sul. A informa\u00e7\u00e3o foi divulgada nesta quinta-feira [&hellip;]","og_url":"https:\/\/www.notibras.com\/site\/vacina-contra-a-dengue-vai-a-mais-625-municipios\/","og_site_name":"Notibras","article_publisher":"https:\/\/www.facebook.com\/notibras\/","article_published_time":"2024-04-25T20:27:45+00:00","article_modified_time":"2024-04-25T23:30:59+00:00","og_image":[{"width":1170,"height":700,"url":"https:\/\/www.notibras.com\/site\/wp-content\/uploads\/2024\/04\/denguepp.webp","type":"image\/webp"}],"author":"Reda\u00e7\u00e3o","twitter_card":"summary_large_image","twitter_creator":"@Notibras","twitter_site":"@Notibras","twitter_misc":{"Escrito por":"Reda\u00e7\u00e3o","Est. tempo de leitura":"3 minutos"},"schema":{"@context":"https:\/\/schema.org","@graph":[{"@type":"Article","@id":"https:\/\/www.notibras.com\/site\/vacina-contra-a-dengue-vai-a-mais-625-municipios\/#article","isPartOf":{"@id":"https:\/\/www.notibras.com\/site\/vacina-contra-a-dengue-vai-a-mais-625-municipios\/"},"author":{"name":"Reda\u00e7\u00e3o","@id":"https:\/\/www.notibras.com\/site\/#\/schema\/person\/36ab0979449956132d3e5b517ea76ac8"},"headline":"Vacina contra a dengue vai a mais 625 munic\u00edpios","datePublished":"2024-04-25T20:27:45+00:00","dateModified":"2024-04-25T23:30:59+00:00","mainEntityOfPage":{"@id":"https:\/\/www.notibras.com\/site\/vacina-contra-a-dengue-vai-a-mais-625-municipios\/"},"wordCount":466,"publisher":{"@id":"https:\/\/www.notibras.com\/site\/#organization"},"image":{"@id":"https:\/\/www.notibras.com\/site\/vacina-contra-a-dengue-vai-a-mais-625-municipios\/#primaryimage"},"thumbnailUrl":"https:\/\/www.notibras.com\/site\/wp-content\/uploads\/2024\/04\/denguepp.webp","articleSection":["Alagoas","Cear\u00e1","Nordeste","Piau\u00ed","Sergipe"],"inLanguage":"pt-BR"},{"@type":"WebPage","@id":"https:\/\/www.notibras.com\/site\/vacina-contra-a-dengue-vai-a-mais-625-municipios\/","url":"https:\/\/www.notibras.com\/site\/vacina-contra-a-dengue-vai-a-mais-625-municipios\/","name":"Vacina contra a dengue vai a mais 625 munic\u00edpios - Notibras","isPartOf":{"@id":"https:\/\/www.notibras.com\/site\/#website"},"primaryImageOfPage":{"@id":"https:\/\/www.notibras.com\/site\/vacina-contra-a-dengue-vai-a-mais-625-municipios\/#primaryimage"},"image":{"@id":"https:\/\/www.notibras.com\/site\/vacina-contra-a-dengue-vai-a-mais-625-municipios\/#primaryimage"},"thumbnailUrl":"https:\/\/www.notibras.com\/site\/wp-content\/uploads\/2024\/04\/denguepp.webp","datePublished":"2024-04-25T20:27:45+00:00","dateModified":"2024-04-25T23:30:59+00:00","breadcrumb":{"@id":"https:\/\/www.notibras.com\/site\/vacina-contra-a-dengue-vai-a-mais-625-municipios\/#breadcrumb"},"inLanguage":"pt-BR","potentialAction":[{"@type":"ReadAction","target":["https:\/\/www.notibras.com\/site\/vacina-contra-a-dengue-vai-a-mais-625-municipios\/"]}]},{"@type":"ImageObject","inLanguage":"pt-BR","@id":"https:\/\/www.notibras.com\/site\/vacina-contra-a-dengue-vai-a-mais-625-municipios\/#primaryimage","url":"https:\/\/www.notibras.com\/site\/wp-content\/uploads\/2024\/04\/denguepp.webp","contentUrl":"https:\/\/www.notibras.com\/site\/wp-content\/uploads\/2024\/04\/denguepp.webp","width":1170,"height":700},{"@type":"BreadcrumbList","@id":"https:\/\/www.notibras.com\/site\/vacina-contra-a-dengue-vai-a-mais-625-municipios\/#breadcrumb","itemListElement":[{"@type":"ListItem","position":1,"name":"In\u00edcio","item":"https:\/\/www.notibras.com\/site\/"},{"@type":"ListItem","position":2,"name":"Vacina contra a dengue vai a mais 625 munic\u00edpios"}]},{"@type":"WebSite","@id":"https:\/\/www.notibras.com\/site\/#website","url":"https:\/\/www.notibras.com\/site\/","name":"Notibras","description":"Not\u00edcias de Bras\u00edlia, do Brasil e do Mundo","publisher":{"@id":"https:\/\/www.notibras.com\/site\/#organization"},"potentialAction":[{"@type":"SearchAction","target":{"@type":"EntryPoint","urlTemplate":"https:\/\/www.notibras.com\/site\/?s={search_term_string}"},"query-input":{"@type":"PropertyValueSpecification","valueRequired":true,"valueName":"search_term_string"}}],"inLanguage":"pt-BR"},{"@type":"Organization","@id":"https:\/\/www.notibras.com\/site\/#organization","name":"Grupo Notibras de Comunica\u00e7\u00e3o","url":"https:\/\/www.notibras.com\/site\/","logo":{"@type":"ImageObject","inLanguage":"pt-BR","@id":"https:\/\/www.notibras.com\/site\/#\/schema\/logo\/image\/","url":"https:\/\/www.notibras.com\/site\/wp-content\/uploads\/2023\/01\/notibras23.png","contentUrl":"https:\/\/www.notibras.com\/site\/wp-content\/uploads\/2023\/01\/notibras23.png","width":350,"height":87,"caption":"Grupo Notibras de Comunica\u00e7\u00e3o"},"image":{"@id":"https:\/\/www.notibras.com\/site\/#\/schema\/logo\/image\/"},"sameAs":["https:\/\/www.facebook.com\/notibras\/","https:\/\/x.com\/Notibras","https:\/\/www.instagram.com\/notibras\/"]},{"@type":"Person","@id":"https:\/\/www.notibras.com\/site\/#\/schema\/person\/36ab0979449956132d3e5b517ea76ac8","name":"Reda\u00e7\u00e3o","image":{"@type":"ImageObject","inLanguage":"pt-BR","@id":"https:\/\/secure.gravatar.com\/avatar\/e0a867bdedb85fd243eadf09663511f96fc81e0720a4a42581f334ad4303aa6b?s=96&d=mm&r=g","url":"https:\/\/secure.gravatar.com\/avatar\/e0a867bdedb85fd243eadf09663511f96fc81e0720a4a42581f334ad4303aa6b?s=96&d=mm&r=g","contentUrl":"https:\/\/secure.gravatar.com\/avatar\/e0a867bdedb85fd243eadf09663511f96fc81e0720a4a42581f334ad4303aa6b?s=96&d=mm&r=g","caption":"Reda\u00e7\u00e3o"}}]}},"amp_enabled":true,"_links":{"self":[{"href":"https:\/\/www.notibras.com\/site\/wp-json\/wp\/v2\/posts\/327432","targetHints":{"allow":["GET"]}}],"collection":[{"href":"https:\/\/www.notibras.com\/site\/wp-json\/wp\/v2\/posts"}],"about":[{"href":"https:\/\/www.notibras.com\/site\/wp-json\/wp\/v2\/types\/post"}],"author":[{"embeddable":true,"href":"https:\/\/www.notibras.com\/site\/wp-json\/wp\/v2\/users\/2"}],"replies":[{"embeddable":true,"href":"https:\/\/www.notibras.com\/site\/wp-json\/wp\/v2\/comments?post=327432"}],"version-history":[{"count":1,"href":"https:\/\/www.notibras.com\/site\/wp-json\/wp\/v2\/posts\/327432\/revisions"}],"predecessor-version":[{"id":327434,"href":"https:\/\/www.notibras.com\/site\/wp-json\/wp\/v2\/posts\/327432\/revisions\/327434"}],"wp:featuredmedia":[{"embeddable":true,"href":"https:\/\/www.notibras.com\/site\/wp-json\/wp\/v2\/media\/327433"}],"wp:attachment":[{"href":"https:\/\/www.notibras.com\/site\/wp-json\/wp\/v2\/media?parent=327432"}],"wp:term":[{"taxonomy":"category","embeddable":true,"href":"https:\/\/www.notibras.com\/site\/wp-json\/wp\/v2\/categories?post=327432"},{"taxonomy":"post_tag","embeddable":true,"href":"https:\/\/www.notibras.com\/site\/wp-json\/wp\/v2\/tags?post=327432"}],"curies":[{"name":"wp","href":"https:\/\/api.w.org\/{rel}","templated":true}]}}