{"id":327442,"date":"2024-04-26T07:30:12","date_gmt":"2024-04-26T10:30:12","guid":{"rendered":"https:\/\/www.notibras.com\/site\/?p=327442"},"modified":"2024-04-26T07:30:12","modified_gmt":"2024-04-26T10:30:12","slug":"debate-no-direito-sobre-atrizes-acaba-em-dadinho","status":"publish","type":"post","link":"https:\/\/www.notibras.com\/site\/debate-no-direito-sobre-atrizes-acaba-em-dadinho\/","title":{"rendered":"Debate no Direito sobre atrizes acaba em Dadinho"},"content":{"rendered":"<p>L\u00e1 estavam aqueles dois alunos do curso de direito da UnB conversando logo ap\u00f3s o t\u00e9rmino da aula. Suas idades n\u00e3o s\u00e3o relevantes, mas vale dizer que um deles j\u00e1 estava com tempo para se aposentar. Quanto ao outro, apesar de mais jovem, tamb\u00e9m se destacava pelas d\u00e9cadas a mais que os demais estudantes.<\/p>\n<p>Os dois colegas se dirigiram para a sa\u00edda da FD (Faculdade de Direito), onde costumavam trocar algumas ideias antes de se despedirem. O mais velho prestava aten\u00e7\u00e3o em cada palavra do amigo, que, a despeito de ser mais novo, era muito mais s\u00e1bio. Ao quase idoso restava abrir bem as orelhas para n\u00e3o perder uma palavra sequer.<\/p>\n<p>Pois bem, foi justamente naquele dia em que o que carregava sapi\u00eancia por todos os bolsos das vestes come\u00e7ou a discursar sobre cinema, uma de suas especialidades. Fez quest\u00e3o de enaltecer o cinema argentino, mas bem lembrou que a Fernanda Montenegro era cria nacional.<\/p>\n<p>\u2014 Hollywood pode ter Meryl Streep e Susan Sarandon, mas a Fernanda \u00e9 nossa!<\/p>\n<p>Conversa vai, conversa vem, o porta-voz da nobre arte disse que precisava ir embora, j\u00e1 que era urgente sair com o seu cachorro, o Dadinho. Isso mesmo: Dadinho. Tudo por conta do filme &#8220;Cidade de Deus&#8221;.<\/p>\n<p>\u2014 Por que voc\u00ea precisa ir t\u00e3o cedo pra casa?<\/p>\n<p>\u2014 Por causa do Dadinho.<\/p>\n<p>\u2014 U\u00e9, pensei que ele fosse bonzinho.<\/p>\n<p>\u2014 \u00c9, mas \u00e0 noite ele se transforma no Z\u00e9 Pequeno.<\/p>\n","protected":false},"excerpt":{"rendered":"<p>L\u00e1 estavam aqueles dois alunos do curso de direito da UnB conversando logo ap\u00f3s o t\u00e9rmino da aula. Suas idades n\u00e3o s\u00e3o relevantes, mas vale dizer que um deles j\u00e1 estava com tempo para se aposentar. Quanto ao outro, apesar de mais jovem, tamb\u00e9m se destacava pelas d\u00e9cadas a mais que os demais estudantes. Os [&hellip;]<\/p>\n","protected":false},"author":2,"featured_media":327443,"comment_status":"closed","ping_status":"closed","sticky":false,"template":"","format":"standard","meta":{"_acf_changed":false,"footnotes":""},"categories":[161],"tags":[],"class_list":["post-327442","post","type-post","status-publish","format-standard","has-post-thumbnail","hentry","category-quadradinho-em-foco"],"acf":[],"yoast_head":"<!-- This site is optimized with the Yoast SEO plugin v27.5 - https:\/\/yoast.com\/product\/yoast-seo-wordpress\/ -->\n<title>Debate no Direito sobre atrizes acaba em Dadinho - Notibras<\/title>\n<meta name=\"robots\" content=\"index, follow, max-snippet:-1, max-image-preview:large, max-video-preview:-1\" \/>\n<link rel=\"canonical\" href=\"https:\/\/www.notibras.com\/site\/debate-no-direito-sobre-atrizes-acaba-em-dadinho\/\" \/>\n<meta property=\"og:locale\" content=\"pt_BR\" \/>\n<meta property=\"og:type\" content=\"article\" \/>\n<meta property=\"og:title\" content=\"Debate no Direito sobre atrizes acaba em Dadinho - Notibras\" \/>\n<meta property=\"og:description\" content=\"L\u00e1 estavam aqueles dois alunos do curso de direito da UnB conversando logo ap\u00f3s o t\u00e9rmino da aula. Suas idades n\u00e3o s\u00e3o relevantes, mas vale dizer que um deles j\u00e1 estava com tempo para se aposentar. Quanto ao outro, apesar de mais jovem, tamb\u00e9m se destacava pelas d\u00e9cadas a mais que os demais estudantes. Os [&hellip;]\" \/>\n<meta property=\"og:url\" content=\"https:\/\/www.notibras.com\/site\/debate-no-direito-sobre-atrizes-acaba-em-dadinho\/\" \/>\n<meta property=\"og:site_name\" content=\"Notibras\" \/>\n<meta property=\"article:publisher\" content=\"https:\/\/www.facebook.com\/notibras\/\" \/>\n<meta property=\"article:published_time\" content=\"2024-04-26T10:30:12+00:00\" \/>\n<meta property=\"og:image\" content=\"https:\/\/www.notibras.com\/site\/wp-content\/uploads\/2024\/04\/895e63d1-5ae7-4c49-809b-cc35a460045d.jpg\" \/>\n\t<meta property=\"og:image:width\" content=\"512\" \/>\n\t<meta property=\"og:image:height\" content=\"472\" \/>\n\t<meta property=\"og:image:type\" content=\"image\/jpeg\" \/>\n<meta name=\"author\" content=\"Reda\u00e7\u00e3o\" \/>\n<meta name=\"twitter:card\" content=\"summary_large_image\" \/>\n<meta name=\"twitter:creator\" content=\"@Notibras\" \/>\n<meta name=\"twitter:site\" content=\"@Notibras\" \/>\n<meta name=\"twitter:label1\" content=\"Escrito por\" \/>\n\t<meta name=\"twitter:data1\" content=\"Reda\u00e7\u00e3o\" \/>\n\t<meta name=\"twitter:label2\" content=\"Est. tempo de leitura\" \/>\n\t<meta name=\"twitter:data2\" content=\"2 minutos\" \/>\n<script type=\"application\/ld+json\" class=\"yoast-schema-graph\">{\"@context\":\"https:\\\/\\\/schema.org\",\"@graph\":[{\"@type\":\"Article\",\"@id\":\"https:\\\/\\\/www.notibras.com\\\/site\\\/debate-no-direito-sobre-atrizes-acaba-em-dadinho\\\/#article\",\"isPartOf\":{\"@id\":\"https:\\\/\\\/www.notibras.com\\\/site\\\/debate-no-direito-sobre-atrizes-acaba-em-dadinho\\\/\"},\"author\":{\"name\":\"Reda\u00e7\u00e3o\",\"@id\":\"https:\\\/\\\/www.notibras.com\\\/site\\\/#\\\/schema\\\/person\\\/36ab0979449956132d3e5b517ea76ac8\"},\"headline\":\"Debate no Direito sobre atrizes acaba em Dadinho\",\"datePublished\":\"2024-04-26T10:30:12+00:00\",\"mainEntityOfPage\":{\"@id\":\"https:\\\/\\\/www.notibras.com\\\/site\\\/debate-no-direito-sobre-atrizes-acaba-em-dadinho\\\/\"},\"wordCount\":252,\"publisher\":{\"@id\":\"https:\\\/\\\/www.notibras.com\\\/site\\\/#organization\"},\"image\":{\"@id\":\"https:\\\/\\\/www.notibras.com\\\/site\\\/debate-no-direito-sobre-atrizes-acaba-em-dadinho\\\/#primaryimage\"},\"thumbnailUrl\":\"https:\\\/\\\/www.notibras.com\\\/site\\\/wp-content\\\/uploads\\\/2024\\\/04\\\/895e63d1-5ae7-4c49-809b-cc35a460045d.jpg\",\"articleSection\":[\"Quadradinho em Foco\"],\"inLanguage\":\"pt-BR\"},{\"@type\":\"WebPage\",\"@id\":\"https:\\\/\\\/www.notibras.com\\\/site\\\/debate-no-direito-sobre-atrizes-acaba-em-dadinho\\\/\",\"url\":\"https:\\\/\\\/www.notibras.com\\\/site\\\/debate-no-direito-sobre-atrizes-acaba-em-dadinho\\\/\",\"name\":\"Debate no Direito sobre atrizes acaba em Dadinho - Notibras\",\"isPartOf\":{\"@id\":\"https:\\\/\\\/www.notibras.com\\\/site\\\/#website\"},\"primaryImageOfPage\":{\"@id\":\"https:\\\/\\\/www.notibras.com\\\/site\\\/debate-no-direito-sobre-atrizes-acaba-em-dadinho\\\/#primaryimage\"},\"image\":{\"@id\":\"https:\\\/\\\/www.notibras.com\\\/site\\\/debate-no-direito-sobre-atrizes-acaba-em-dadinho\\\/#primaryimage\"},\"thumbnailUrl\":\"https:\\\/\\\/www.notibras.com\\\/site\\\/wp-content\\\/uploads\\\/2024\\\/04\\\/895e63d1-5ae7-4c49-809b-cc35a460045d.jpg\",\"datePublished\":\"2024-04-26T10:30:12+00:00\",\"breadcrumb\":{\"@id\":\"https:\\\/\\\/www.notibras.com\\\/site\\\/debate-no-direito-sobre-atrizes-acaba-em-dadinho\\\/#breadcrumb\"},\"inLanguage\":\"pt-BR\",\"potentialAction\":[{\"@type\":\"ReadAction\",\"target\":[\"https:\\\/\\\/www.notibras.com\\\/site\\\/debate-no-direito-sobre-atrizes-acaba-em-dadinho\\\/\"]}]},{\"@type\":\"ImageObject\",\"inLanguage\":\"pt-BR\",\"@id\":\"https:\\\/\\\/www.notibras.com\\\/site\\\/debate-no-direito-sobre-atrizes-acaba-em-dadinho\\\/#primaryimage\",\"url\":\"https:\\\/\\\/www.notibras.com\\\/site\\\/wp-content\\\/uploads\\\/2024\\\/04\\\/895e63d1-5ae7-4c49-809b-cc35a460045d.jpg\",\"contentUrl\":\"https:\\\/\\\/www.notibras.com\\\/site\\\/wp-content\\\/uploads\\\/2024\\\/04\\\/895e63d1-5ae7-4c49-809b-cc35a460045d.jpg\",\"width\":512,\"height\":472},{\"@type\":\"BreadcrumbList\",\"@id\":\"https:\\\/\\\/www.notibras.com\\\/site\\\/debate-no-direito-sobre-atrizes-acaba-em-dadinho\\\/#breadcrumb\",\"itemListElement\":[{\"@type\":\"ListItem\",\"position\":1,\"name\":\"In\u00edcio\",\"item\":\"https:\\\/\\\/www.notibras.com\\\/site\\\/\"},{\"@type\":\"ListItem\",\"position\":2,\"name\":\"Debate no Direito sobre atrizes acaba em Dadinho\"}]},{\"@type\":\"WebSite\",\"@id\":\"https:\\\/\\\/www.notibras.com\\\/site\\\/#website\",\"url\":\"https:\\\/\\\/www.notibras.com\\\/site\\\/\",\"name\":\"Notibras\",\"description\":\"Not\u00edcias de Bras\u00edlia, do Brasil e do Mundo\",\"publisher\":{\"@id\":\"https:\\\/\\\/www.notibras.com\\\/site\\\/#organization\"},\"potentialAction\":[{\"@type\":\"SearchAction\",\"target\":{\"@type\":\"EntryPoint\",\"urlTemplate\":\"https:\\\/\\\/www.notibras.com\\\/site\\\/?s={search_term_string}\"},\"query-input\":{\"@type\":\"PropertyValueSpecification\",\"valueRequired\":true,\"valueName\":\"search_term_string\"}}],\"inLanguage\":\"pt-BR\"},{\"@type\":\"Organization\",\"@id\":\"https:\\\/\\\/www.notibras.com\\\/site\\\/#organization\",\"name\":\"Grupo Notibras de Comunica\u00e7\u00e3o\",\"url\":\"https:\\\/\\\/www.notibras.com\\\/site\\\/\",\"logo\":{\"@type\":\"ImageObject\",\"inLanguage\":\"pt-BR\",\"@id\":\"https:\\\/\\\/www.notibras.com\\\/site\\\/#\\\/schema\\\/logo\\\/image\\\/\",\"url\":\"https:\\\/\\\/www.notibras.com\\\/site\\\/wp-content\\\/uploads\\\/2023\\\/01\\\/notibras23.png\",\"contentUrl\":\"https:\\\/\\\/www.notibras.com\\\/site\\\/wp-content\\\/uploads\\\/2023\\\/01\\\/notibras23.png\",\"width\":350,\"height\":87,\"caption\":\"Grupo Notibras de Comunica\u00e7\u00e3o\"},\"image\":{\"@id\":\"https:\\\/\\\/www.notibras.com\\\/site\\\/#\\\/schema\\\/logo\\\/image\\\/\"},\"sameAs\":[\"https:\\\/\\\/www.facebook.com\\\/notibras\\\/\",\"https:\\\/\\\/x.com\\\/Notibras\",\"https:\\\/\\\/www.instagram.com\\\/notibras\\\/\"]},{\"@type\":\"Person\",\"@id\":\"https:\\\/\\\/www.notibras.com\\\/site\\\/#\\\/schema\\\/person\\\/36ab0979449956132d3e5b517ea76ac8\",\"name\":\"Reda\u00e7\u00e3o\",\"image\":{\"@type\":\"ImageObject\",\"inLanguage\":\"pt-BR\",\"@id\":\"https:\\\/\\\/secure.gravatar.com\\\/avatar\\\/e0a867bdedb85fd243eadf09663511f96fc81e0720a4a42581f334ad4303aa6b?s=96&d=mm&r=g\",\"url\":\"https:\\\/\\\/secure.gravatar.com\\\/avatar\\\/e0a867bdedb85fd243eadf09663511f96fc81e0720a4a42581f334ad4303aa6b?s=96&d=mm&r=g\",\"contentUrl\":\"https:\\\/\\\/secure.gravatar.com\\\/avatar\\\/e0a867bdedb85fd243eadf09663511f96fc81e0720a4a42581f334ad4303aa6b?s=96&d=mm&r=g\",\"caption\":\"Reda\u00e7\u00e3o\"}}]}<\/script>\n<!-- \/ Yoast SEO plugin. -->","yoast_head_json":{"title":"Debate no Direito sobre atrizes acaba em Dadinho - Notibras","robots":{"index":"index","follow":"follow","max-snippet":"max-snippet:-1","max-image-preview":"max-image-preview:large","max-video-preview":"max-video-preview:-1"},"canonical":"https:\/\/www.notibras.com\/site\/debate-no-direito-sobre-atrizes-acaba-em-dadinho\/","og_locale":"pt_BR","og_type":"article","og_title":"Debate no Direito sobre atrizes acaba em Dadinho - Notibras","og_description":"L\u00e1 estavam aqueles dois alunos do curso de direito da UnB conversando logo ap\u00f3s o t\u00e9rmino da aula. Suas idades n\u00e3o s\u00e3o relevantes, mas vale dizer que um deles j\u00e1 estava com tempo para se aposentar. Quanto ao outro, apesar de mais jovem, tamb\u00e9m se destacava pelas d\u00e9cadas a mais que os demais estudantes. Os [&hellip;]","og_url":"https:\/\/www.notibras.com\/site\/debate-no-direito-sobre-atrizes-acaba-em-dadinho\/","og_site_name":"Notibras","article_publisher":"https:\/\/www.facebook.com\/notibras\/","article_published_time":"2024-04-26T10:30:12+00:00","og_image":[{"width":512,"height":472,"url":"https:\/\/www.notibras.com\/site\/wp-content\/uploads\/2024\/04\/895e63d1-5ae7-4c49-809b-cc35a460045d.jpg","type":"image\/jpeg"}],"author":"Reda\u00e7\u00e3o","twitter_card":"summary_large_image","twitter_creator":"@Notibras","twitter_site":"@Notibras","twitter_misc":{"Escrito por":"Reda\u00e7\u00e3o","Est. tempo de leitura":"2 minutos"},"schema":{"@context":"https:\/\/schema.org","@graph":[{"@type":"Article","@id":"https:\/\/www.notibras.com\/site\/debate-no-direito-sobre-atrizes-acaba-em-dadinho\/#article","isPartOf":{"@id":"https:\/\/www.notibras.com\/site\/debate-no-direito-sobre-atrizes-acaba-em-dadinho\/"},"author":{"name":"Reda\u00e7\u00e3o","@id":"https:\/\/www.notibras.com\/site\/#\/schema\/person\/36ab0979449956132d3e5b517ea76ac8"},"headline":"Debate no Direito sobre atrizes acaba em Dadinho","datePublished":"2024-04-26T10:30:12+00:00","mainEntityOfPage":{"@id":"https:\/\/www.notibras.com\/site\/debate-no-direito-sobre-atrizes-acaba-em-dadinho\/"},"wordCount":252,"publisher":{"@id":"https:\/\/www.notibras.com\/site\/#organization"},"image":{"@id":"https:\/\/www.notibras.com\/site\/debate-no-direito-sobre-atrizes-acaba-em-dadinho\/#primaryimage"},"thumbnailUrl":"https:\/\/www.notibras.com\/site\/wp-content\/uploads\/2024\/04\/895e63d1-5ae7-4c49-809b-cc35a460045d.jpg","articleSection":["Quadradinho em Foco"],"inLanguage":"pt-BR"},{"@type":"WebPage","@id":"https:\/\/www.notibras.com\/site\/debate-no-direito-sobre-atrizes-acaba-em-dadinho\/","url":"https:\/\/www.notibras.com\/site\/debate-no-direito-sobre-atrizes-acaba-em-dadinho\/","name":"Debate no Direito sobre atrizes acaba em Dadinho - Notibras","isPartOf":{"@id":"https:\/\/www.notibras.com\/site\/#website"},"primaryImageOfPage":{"@id":"https:\/\/www.notibras.com\/site\/debate-no-direito-sobre-atrizes-acaba-em-dadinho\/#primaryimage"},"image":{"@id":"https:\/\/www.notibras.com\/site\/debate-no-direito-sobre-atrizes-acaba-em-dadinho\/#primaryimage"},"thumbnailUrl":"https:\/\/www.notibras.com\/site\/wp-content\/uploads\/2024\/04\/895e63d1-5ae7-4c49-809b-cc35a460045d.jpg","datePublished":"2024-04-26T10:30:12+00:00","breadcrumb":{"@id":"https:\/\/www.notibras.com\/site\/debate-no-direito-sobre-atrizes-acaba-em-dadinho\/#breadcrumb"},"inLanguage":"pt-BR","potentialAction":[{"@type":"ReadAction","target":["https:\/\/www.notibras.com\/site\/debate-no-direito-sobre-atrizes-acaba-em-dadinho\/"]}]},{"@type":"ImageObject","inLanguage":"pt-BR","@id":"https:\/\/www.notibras.com\/site\/debate-no-direito-sobre-atrizes-acaba-em-dadinho\/#primaryimage","url":"https:\/\/www.notibras.com\/site\/wp-content\/uploads\/2024\/04\/895e63d1-5ae7-4c49-809b-cc35a460045d.jpg","contentUrl":"https:\/\/www.notibras.com\/site\/wp-content\/uploads\/2024\/04\/895e63d1-5ae7-4c49-809b-cc35a460045d.jpg","width":512,"height":472},{"@type":"BreadcrumbList","@id":"https:\/\/www.notibras.com\/site\/debate-no-direito-sobre-atrizes-acaba-em-dadinho\/#breadcrumb","itemListElement":[{"@type":"ListItem","position":1,"name":"In\u00edcio","item":"https:\/\/www.notibras.com\/site\/"},{"@type":"ListItem","position":2,"name":"Debate no Direito sobre atrizes acaba em Dadinho"}]},{"@type":"WebSite","@id":"https:\/\/www.notibras.com\/site\/#website","url":"https:\/\/www.notibras.com\/site\/","name":"Notibras","description":"Not\u00edcias de Bras\u00edlia, do Brasil e do Mundo","publisher":{"@id":"https:\/\/www.notibras.com\/site\/#organization"},"potentialAction":[{"@type":"SearchAction","target":{"@type":"EntryPoint","urlTemplate":"https:\/\/www.notibras.com\/site\/?s={search_term_string}"},"query-input":{"@type":"PropertyValueSpecification","valueRequired":true,"valueName":"search_term_string"}}],"inLanguage":"pt-BR"},{"@type":"Organization","@id":"https:\/\/www.notibras.com\/site\/#organization","name":"Grupo Notibras de Comunica\u00e7\u00e3o","url":"https:\/\/www.notibras.com\/site\/","logo":{"@type":"ImageObject","inLanguage":"pt-BR","@id":"https:\/\/www.notibras.com\/site\/#\/schema\/logo\/image\/","url":"https:\/\/www.notibras.com\/site\/wp-content\/uploads\/2023\/01\/notibras23.png","contentUrl":"https:\/\/www.notibras.com\/site\/wp-content\/uploads\/2023\/01\/notibras23.png","width":350,"height":87,"caption":"Grupo Notibras de Comunica\u00e7\u00e3o"},"image":{"@id":"https:\/\/www.notibras.com\/site\/#\/schema\/logo\/image\/"},"sameAs":["https:\/\/www.facebook.com\/notibras\/","https:\/\/x.com\/Notibras","https:\/\/www.instagram.com\/notibras\/"]},{"@type":"Person","@id":"https:\/\/www.notibras.com\/site\/#\/schema\/person\/36ab0979449956132d3e5b517ea76ac8","name":"Reda\u00e7\u00e3o","image":{"@type":"ImageObject","inLanguage":"pt-BR","@id":"https:\/\/secure.gravatar.com\/avatar\/e0a867bdedb85fd243eadf09663511f96fc81e0720a4a42581f334ad4303aa6b?s=96&d=mm&r=g","url":"https:\/\/secure.gravatar.com\/avatar\/e0a867bdedb85fd243eadf09663511f96fc81e0720a4a42581f334ad4303aa6b?s=96&d=mm&r=g","contentUrl":"https:\/\/secure.gravatar.com\/avatar\/e0a867bdedb85fd243eadf09663511f96fc81e0720a4a42581f334ad4303aa6b?s=96&d=mm&r=g","caption":"Reda\u00e7\u00e3o"}}]}},"amp_enabled":true,"_links":{"self":[{"href":"https:\/\/www.notibras.com\/site\/wp-json\/wp\/v2\/posts\/327442","targetHints":{"allow":["GET"]}}],"collection":[{"href":"https:\/\/www.notibras.com\/site\/wp-json\/wp\/v2\/posts"}],"about":[{"href":"https:\/\/www.notibras.com\/site\/wp-json\/wp\/v2\/types\/post"}],"author":[{"embeddable":true,"href":"https:\/\/www.notibras.com\/site\/wp-json\/wp\/v2\/users\/2"}],"replies":[{"embeddable":true,"href":"https:\/\/www.notibras.com\/site\/wp-json\/wp\/v2\/comments?post=327442"}],"version-history":[{"count":1,"href":"https:\/\/www.notibras.com\/site\/wp-json\/wp\/v2\/posts\/327442\/revisions"}],"predecessor-version":[{"id":327444,"href":"https:\/\/www.notibras.com\/site\/wp-json\/wp\/v2\/posts\/327442\/revisions\/327444"}],"wp:featuredmedia":[{"embeddable":true,"href":"https:\/\/www.notibras.com\/site\/wp-json\/wp\/v2\/media\/327443"}],"wp:attachment":[{"href":"https:\/\/www.notibras.com\/site\/wp-json\/wp\/v2\/media?parent=327442"}],"wp:term":[{"taxonomy":"category","embeddable":true,"href":"https:\/\/www.notibras.com\/site\/wp-json\/wp\/v2\/categories?post=327442"},{"taxonomy":"post_tag","embeddable":true,"href":"https:\/\/www.notibras.com\/site\/wp-json\/wp\/v2\/tags?post=327442"}],"curies":[{"name":"wp","href":"https:\/\/api.w.org\/{rel}","templated":true}]}}