{"id":327470,"date":"2024-04-26T00:00:46","date_gmt":"2024-04-26T03:00:46","guid":{"rendered":"https:\/\/www.notibras.com\/site\/?p=327470"},"modified":"2024-04-26T09:10:49","modified_gmt":"2024-04-26T12:10:49","slug":"rota-do-queijo-incentiva-turismo-rural-em-brasilia-e-entorno","status":"publish","type":"post","link":"https:\/\/www.notibras.com\/site\/rota-do-queijo-incentiva-turismo-rural-em-brasilia-e-entorno\/","title":{"rendered":"Rota do Queijo incentiva turismo rural em Bras\u00edlia e Entorno"},"content":{"rendered":"<p>Lan\u00e7ada nesta quinta-feira (25) na sede da Emater-DF, a Rota do Queijo Artesanal re\u00fane oito precursores na produ\u00e7\u00e3o de latic\u00ednios e cria\u00e7\u00e3o de ovelhas e cabras que contam com projetos formalizados e preparados para receber visitas tur\u00edsticas | Foto: Geovana Albuquerque\/Ag\u00eancia Bras\u00edlia<\/p>\n<p>\u201cO queijo tem crescido muito no Distrito Federal, ent\u00e3o entendemos que era o momento de fazermos o lan\u00e7amento de uma rota. Ela ainda est\u00e1 pequena porque temos poucos produtores registrados com o queijo maturado, mas temos uma fila com v\u00e1rios esperando para regularizar suas agroind\u00fastrias e passarem definitivamente a entrar no mapa da Rota do Queijo Artesanal\u201d, afirmou o presidente da Emater-DF, Cleison Duval.<\/p>\n<p>O lan\u00e7amento ocorreu em meio \u00e0 premia\u00e7\u00e3o de tr\u00eas propriedades do projeto no 3\u00ba Mundial de Queijo do Brasil, realizado entre 11 e 14 de abril, em S\u00e3o Paulo. Estiveram entre os primeiros colocados produtos da Cabr\u00edssima, do S\u00edtio Vila das Cabras e da Ercoara. \u201cQuis\u00e9ssemos lan\u00e7ar a rota agora aproveitando que neste concurso mundial de queijos nossos produtores foram premiados tanto em primeiro lugar quanto em terceiro lugar com seus queijos, doce de leite e iogurte\u201d, complementa o presidente da Emater-DF.<\/p>\n<p>A expectativa \u00e9 de que entre 12 e 16 produtores passem a compor a rota em breve conforme as situa\u00e7\u00f5es sejam regularizadas junto \u00e0 Secretaria de Agricultura, Abastecimento e Desenvolvimento Rural (Seagri-DF). \u201cQueremos fazer com que isso cres\u00e7a e o DF possa tamb\u00e9m ser reconhecido como grande produtor de queijo, como j\u00e1 \u00e9 em outras culturas e cadeias produtivas da \u00e1rea agr\u00edcola e pecu\u00e1ria\u201d, acrescenta Duval.<\/p>\n<p><strong>Turismo rural<\/strong><br \/>\nPropriet\u00e1ria da Cabr\u00edssima, no Lago Oeste, Giovana Navarro contou que os queijeiros sempre sonharam com essa rota e com as possibilidades que ela traz aos produtores. \u201cTivemos a grata surpresa quando a Emater nos provocou com a reuni\u00e3o para apresentar a rota. Todos gostaram da ideia. Achamos que \u00e9 uma grande oportunidade pelo reconhecimento. Faz com que o nosso queijo se torne reconhecido n\u00e3o s\u00f3 na regi\u00e3o, mas fora tamb\u00e9m. Nos ajuda a dar uma maior dimens\u00e3o ao nosso trabalho\u201d, revela.<\/p>\n<p>Ela e o marido Aurelino de Almeida atuam no ramo h\u00e1 cinco anos. Eles j\u00e1 oferecem turismo rural na propriedade, com visitas e degusta\u00e7\u00e3o. A marca Cabr\u00edssima conquistou medalha de ouro com o Queijo Nosso Bras\u00edlia. \u201cA cria\u00e7\u00e3o da rota vai ser um impulso. Sem falar que a Emater nos d\u00e1 todo apoio t\u00e9cnico na cria\u00e7\u00e3o dos animais e no cultivo de alimentos e de orienta\u00e7\u00e3o financeira. Est\u00e3o nos ajudando em v\u00e1rias frentes para fortalecer os produtores e o processo produtivo\u201d, defendeu Aurelino.<\/p>\n<p>\u00c0 frente da Vila das Cabras no Lago Oeste h\u00e1 oito anos, a produtora Ana Z\u00e9lia Poubel comemorou a implanta\u00e7\u00e3o da rota. Hoje ela tem o t\u00edtulo de terceiro melhor queijo raclete, segundo o Mundial do Queijo. \u201c\u00c9 gratificante, um incentivo para gente continuar\u201d, comentou.<\/p>\n<p>H\u00e1 quatro anos ela j\u00e1 recebe turistas para visitar a propriedade e entender o processo de produ\u00e7\u00e3o. \u201cAs pessoas v\u00e3o l\u00e1 para conhecer os animais e provar os queijos. Espero que, com a rota, a procura de visita\u00e7\u00e3o aumente ainda mais e que o DF realmente entenda que o nosso quadradinho tem tudo. N\u00e3o precisamos ir procurar em outros cantos, porque aqui j\u00e1 podemos atender a expectativa da popula\u00e7\u00e3o\u201d, acrescentou.<\/p>\n<p>Localizada no Entorno do DF, a fazenda Ercoara integra a Rota do Enoturismo e agora se junta ao trajeto dos queijos. Para o propriet\u00e1rio Erbert Correia, o projeto representa o reconhecimento do trabalho. \u201cTem sido um desafio muito grande a nossa caminhada, mas temos superado todos eles e estamos aqui hoje nesse pontap\u00e9 para uma jornada maior. Estou muito feliz de participar desse embri\u00e3o da Rota do Queijo de Bras\u00edlia\u201d, disse. No caso da Ercoara, o Mundial premiou as produ\u00e7\u00f5es de queijo, iogurte e doce de leite com medalhas de ouro e bronze.<\/p>\n<p>Durante a solenidade, o secret\u00e1rio de Agricultura, Abastecimento e Desenvolvimento Rural, Fernando Rodriguez, refor\u00e7ou a import\u00e2ncia da rota para reconhecer o trabalho dos produtores locais. \u201cHoje se fala muito no turismo rural, que \u00e9 extremamente importante, porque \u00e9 uma forma das pessoas lembrarem de onde vem o nosso alimento. Por isso, tenho certeza que esse trabalho desenvolvido no DF merece todo o reconhecimento das autoridades e da sociedade como um todo\u201d, afirmou.<\/p>\n<p>A Rota do Queijo Artesanal do DF e Entorno foi estruturada com os queijeiros locais e com o setor tur\u00edstico. Cabe \u00e0 Emater-DF o papel de articula\u00e7\u00e3o junto aos produtores e de contribui\u00e7\u00e3o com a estrutura e fomento.<\/p>\n<p><strong>Enoturismo<\/strong><br \/>\nH\u00e1 alguns dias, na v\u00e9spera do anivers\u00e1rio de Bras\u00edlia, o GDF lan\u00e7ou a Rota das Uvas na Vin\u00edcola Bras\u00edlia, no PAD-DF. O projeto conta com a participa\u00e7\u00e3o de diversos vinhedos do DF e do Entorno. A proposta \u00e9 informar a popula\u00e7\u00e3o e colaborar com a divulga\u00e7\u00e3o do enoturismo de Bras\u00edlia.<\/p>\n","protected":false},"excerpt":{"rendered":"<p>Lan\u00e7ada nesta quinta-feira (25) na sede da Emater-DF, a Rota do Queijo Artesanal re\u00fane oito precursores na produ\u00e7\u00e3o de latic\u00ednios e cria\u00e7\u00e3o de ovelhas e cabras que contam com projetos formalizados e preparados para receber visitas tur\u00edsticas | Foto: Geovana Albuquerque\/Ag\u00eancia Bras\u00edlia \u201cO queijo tem crescido muito no Distrito Federal, ent\u00e3o entendemos que era o [&hellip;]<\/p>\n","protected":false},"author":2,"featured_media":327471,"comment_status":"closed","ping_status":"closed","sticky":false,"template":"","format":"standard","meta":{"_acf_changed":false,"footnotes":""},"categories":[161],"tags":[],"class_list":["post-327470","post","type-post","status-publish","format-standard","has-post-thumbnail","hentry","category-quadradinho-em-foco"],"acf":[],"yoast_head":"<!-- This site is optimized with the Yoast SEO plugin v27.5 - https:\/\/yoast.com\/product\/yoast-seo-wordpress\/ -->\n<title>Rota do Queijo incentiva turismo rural em Bras\u00edlia e Entorno - Notibras<\/title>\n<meta name=\"robots\" content=\"index, follow, max-snippet:-1, max-image-preview:large, max-video-preview:-1\" \/>\n<link rel=\"canonical\" href=\"https:\/\/www.notibras.com\/site\/rota-do-queijo-incentiva-turismo-rural-em-brasilia-e-entorno\/\" \/>\n<meta property=\"og:locale\" content=\"pt_BR\" \/>\n<meta property=\"og:type\" content=\"article\" \/>\n<meta property=\"og:title\" content=\"Rota do Queijo incentiva turismo rural em Bras\u00edlia e Entorno - Notibras\" \/>\n<meta property=\"og:description\" content=\"Lan\u00e7ada nesta quinta-feira (25) na sede da Emater-DF, a Rota do Queijo Artesanal re\u00fane oito precursores na produ\u00e7\u00e3o de latic\u00ednios e cria\u00e7\u00e3o de ovelhas e cabras que contam com projetos formalizados e preparados para receber visitas tur\u00edsticas | Foto: Geovana Albuquerque\/Ag\u00eancia Bras\u00edlia \u201cO queijo tem crescido muito no Distrito Federal, ent\u00e3o entendemos que era o [&hellip;]\" \/>\n<meta property=\"og:url\" content=\"https:\/\/www.notibras.com\/site\/rota-do-queijo-incentiva-turismo-rural-em-brasilia-e-entorno\/\" \/>\n<meta property=\"og:site_name\" content=\"Notibras\" \/>\n<meta property=\"article:publisher\" content=\"https:\/\/www.facebook.com\/notibras\/\" \/>\n<meta property=\"article:published_time\" content=\"2024-04-26T03:00:46+00:00\" \/>\n<meta property=\"article:modified_time\" content=\"2024-04-26T12:10:49+00:00\" \/>\n<meta property=\"og:image\" content=\"https:\/\/www.notibras.com\/site\/wp-content\/uploads\/2024\/04\/rotaqueiojo.jpg\" \/>\n\t<meta property=\"og:image:width\" content=\"768\" \/>\n\t<meta property=\"og:image:height\" content=\"512\" \/>\n\t<meta property=\"og:image:type\" content=\"image\/jpeg\" \/>\n<meta name=\"author\" content=\"Reda\u00e7\u00e3o\" \/>\n<meta name=\"twitter:card\" content=\"summary_large_image\" \/>\n<meta name=\"twitter:creator\" content=\"@Notibras\" \/>\n<meta name=\"twitter:site\" content=\"@Notibras\" \/>\n<meta name=\"twitter:label1\" content=\"Escrito por\" \/>\n\t<meta name=\"twitter:data1\" content=\"Reda\u00e7\u00e3o\" \/>\n\t<meta name=\"twitter:label2\" content=\"Est. tempo de leitura\" \/>\n\t<meta name=\"twitter:data2\" content=\"5 minutos\" \/>\n<script type=\"application\/ld+json\" class=\"yoast-schema-graph\">{\"@context\":\"https:\\\/\\\/schema.org\",\"@graph\":[{\"@type\":\"Article\",\"@id\":\"https:\\\/\\\/www.notibras.com\\\/site\\\/rota-do-queijo-incentiva-turismo-rural-em-brasilia-e-entorno\\\/#article\",\"isPartOf\":{\"@id\":\"https:\\\/\\\/www.notibras.com\\\/site\\\/rota-do-queijo-incentiva-turismo-rural-em-brasilia-e-entorno\\\/\"},\"author\":{\"name\":\"Reda\u00e7\u00e3o\",\"@id\":\"https:\\\/\\\/www.notibras.com\\\/site\\\/#\\\/schema\\\/person\\\/36ab0979449956132d3e5b517ea76ac8\"},\"headline\":\"Rota do Queijo incentiva turismo rural em Bras\u00edlia e Entorno\",\"datePublished\":\"2024-04-26T03:00:46+00:00\",\"dateModified\":\"2024-04-26T12:10:49+00:00\",\"mainEntityOfPage\":{\"@id\":\"https:\\\/\\\/www.notibras.com\\\/site\\\/rota-do-queijo-incentiva-turismo-rural-em-brasilia-e-entorno\\\/\"},\"wordCount\":852,\"publisher\":{\"@id\":\"https:\\\/\\\/www.notibras.com\\\/site\\\/#organization\"},\"image\":{\"@id\":\"https:\\\/\\\/www.notibras.com\\\/site\\\/rota-do-queijo-incentiva-turismo-rural-em-brasilia-e-entorno\\\/#primaryimage\"},\"thumbnailUrl\":\"https:\\\/\\\/www.notibras.com\\\/site\\\/wp-content\\\/uploads\\\/2024\\\/04\\\/rotaqueiojo.jpg\",\"articleSection\":[\"Quadradinho em Foco\"],\"inLanguage\":\"pt-BR\"},{\"@type\":\"WebPage\",\"@id\":\"https:\\\/\\\/www.notibras.com\\\/site\\\/rota-do-queijo-incentiva-turismo-rural-em-brasilia-e-entorno\\\/\",\"url\":\"https:\\\/\\\/www.notibras.com\\\/site\\\/rota-do-queijo-incentiva-turismo-rural-em-brasilia-e-entorno\\\/\",\"name\":\"Rota do Queijo incentiva turismo rural em Bras\u00edlia e Entorno - Notibras\",\"isPartOf\":{\"@id\":\"https:\\\/\\\/www.notibras.com\\\/site\\\/#website\"},\"primaryImageOfPage\":{\"@id\":\"https:\\\/\\\/www.notibras.com\\\/site\\\/rota-do-queijo-incentiva-turismo-rural-em-brasilia-e-entorno\\\/#primaryimage\"},\"image\":{\"@id\":\"https:\\\/\\\/www.notibras.com\\\/site\\\/rota-do-queijo-incentiva-turismo-rural-em-brasilia-e-entorno\\\/#primaryimage\"},\"thumbnailUrl\":\"https:\\\/\\\/www.notibras.com\\\/site\\\/wp-content\\\/uploads\\\/2024\\\/04\\\/rotaqueiojo.jpg\",\"datePublished\":\"2024-04-26T03:00:46+00:00\",\"dateModified\":\"2024-04-26T12:10:49+00:00\",\"breadcrumb\":{\"@id\":\"https:\\\/\\\/www.notibras.com\\\/site\\\/rota-do-queijo-incentiva-turismo-rural-em-brasilia-e-entorno\\\/#breadcrumb\"},\"inLanguage\":\"pt-BR\",\"potentialAction\":[{\"@type\":\"ReadAction\",\"target\":[\"https:\\\/\\\/www.notibras.com\\\/site\\\/rota-do-queijo-incentiva-turismo-rural-em-brasilia-e-entorno\\\/\"]}]},{\"@type\":\"ImageObject\",\"inLanguage\":\"pt-BR\",\"@id\":\"https:\\\/\\\/www.notibras.com\\\/site\\\/rota-do-queijo-incentiva-turismo-rural-em-brasilia-e-entorno\\\/#primaryimage\",\"url\":\"https:\\\/\\\/www.notibras.com\\\/site\\\/wp-content\\\/uploads\\\/2024\\\/04\\\/rotaqueiojo.jpg\",\"contentUrl\":\"https:\\\/\\\/www.notibras.com\\\/site\\\/wp-content\\\/uploads\\\/2024\\\/04\\\/rotaqueiojo.jpg\",\"width\":768,\"height\":512},{\"@type\":\"BreadcrumbList\",\"@id\":\"https:\\\/\\\/www.notibras.com\\\/site\\\/rota-do-queijo-incentiva-turismo-rural-em-brasilia-e-entorno\\\/#breadcrumb\",\"itemListElement\":[{\"@type\":\"ListItem\",\"position\":1,\"name\":\"In\u00edcio\",\"item\":\"https:\\\/\\\/www.notibras.com\\\/site\\\/\"},{\"@type\":\"ListItem\",\"position\":2,\"name\":\"Rota do Queijo incentiva turismo rural em Bras\u00edlia e Entorno\"}]},{\"@type\":\"WebSite\",\"@id\":\"https:\\\/\\\/www.notibras.com\\\/site\\\/#website\",\"url\":\"https:\\\/\\\/www.notibras.com\\\/site\\\/\",\"name\":\"Notibras\",\"description\":\"Not\u00edcias de Bras\u00edlia, do Brasil e do Mundo\",\"publisher\":{\"@id\":\"https:\\\/\\\/www.notibras.com\\\/site\\\/#organization\"},\"potentialAction\":[{\"@type\":\"SearchAction\",\"target\":{\"@type\":\"EntryPoint\",\"urlTemplate\":\"https:\\\/\\\/www.notibras.com\\\/site\\\/?s={search_term_string}\"},\"query-input\":{\"@type\":\"PropertyValueSpecification\",\"valueRequired\":true,\"valueName\":\"search_term_string\"}}],\"inLanguage\":\"pt-BR\"},{\"@type\":\"Organization\",\"@id\":\"https:\\\/\\\/www.notibras.com\\\/site\\\/#organization\",\"name\":\"Grupo Notibras de Comunica\u00e7\u00e3o\",\"url\":\"https:\\\/\\\/www.notibras.com\\\/site\\\/\",\"logo\":{\"@type\":\"ImageObject\",\"inLanguage\":\"pt-BR\",\"@id\":\"https:\\\/\\\/www.notibras.com\\\/site\\\/#\\\/schema\\\/logo\\\/image\\\/\",\"url\":\"https:\\\/\\\/www.notibras.com\\\/site\\\/wp-content\\\/uploads\\\/2023\\\/01\\\/notibras23.png\",\"contentUrl\":\"https:\\\/\\\/www.notibras.com\\\/site\\\/wp-content\\\/uploads\\\/2023\\\/01\\\/notibras23.png\",\"width\":350,\"height\":87,\"caption\":\"Grupo Notibras de Comunica\u00e7\u00e3o\"},\"image\":{\"@id\":\"https:\\\/\\\/www.notibras.com\\\/site\\\/#\\\/schema\\\/logo\\\/image\\\/\"},\"sameAs\":[\"https:\\\/\\\/www.facebook.com\\\/notibras\\\/\",\"https:\\\/\\\/x.com\\\/Notibras\",\"https:\\\/\\\/www.instagram.com\\\/notibras\\\/\"]},{\"@type\":\"Person\",\"@id\":\"https:\\\/\\\/www.notibras.com\\\/site\\\/#\\\/schema\\\/person\\\/36ab0979449956132d3e5b517ea76ac8\",\"name\":\"Reda\u00e7\u00e3o\",\"image\":{\"@type\":\"ImageObject\",\"inLanguage\":\"pt-BR\",\"@id\":\"https:\\\/\\\/secure.gravatar.com\\\/avatar\\\/e0a867bdedb85fd243eadf09663511f96fc81e0720a4a42581f334ad4303aa6b?s=96&d=mm&r=g\",\"url\":\"https:\\\/\\\/secure.gravatar.com\\\/avatar\\\/e0a867bdedb85fd243eadf09663511f96fc81e0720a4a42581f334ad4303aa6b?s=96&d=mm&r=g\",\"contentUrl\":\"https:\\\/\\\/secure.gravatar.com\\\/avatar\\\/e0a867bdedb85fd243eadf09663511f96fc81e0720a4a42581f334ad4303aa6b?s=96&d=mm&r=g\",\"caption\":\"Reda\u00e7\u00e3o\"}}]}<\/script>\n<!-- \/ Yoast SEO plugin. -->","yoast_head_json":{"title":"Rota do Queijo incentiva turismo rural em Bras\u00edlia e Entorno - Notibras","robots":{"index":"index","follow":"follow","max-snippet":"max-snippet:-1","max-image-preview":"max-image-preview:large","max-video-preview":"max-video-preview:-1"},"canonical":"https:\/\/www.notibras.com\/site\/rota-do-queijo-incentiva-turismo-rural-em-brasilia-e-entorno\/","og_locale":"pt_BR","og_type":"article","og_title":"Rota do Queijo incentiva turismo rural em Bras\u00edlia e Entorno - Notibras","og_description":"Lan\u00e7ada nesta quinta-feira (25) na sede da Emater-DF, a Rota do Queijo Artesanal re\u00fane oito precursores na produ\u00e7\u00e3o de latic\u00ednios e cria\u00e7\u00e3o de ovelhas e cabras que contam com projetos formalizados e preparados para receber visitas tur\u00edsticas | Foto: Geovana Albuquerque\/Ag\u00eancia Bras\u00edlia \u201cO queijo tem crescido muito no Distrito Federal, ent\u00e3o entendemos que era o [&hellip;]","og_url":"https:\/\/www.notibras.com\/site\/rota-do-queijo-incentiva-turismo-rural-em-brasilia-e-entorno\/","og_site_name":"Notibras","article_publisher":"https:\/\/www.facebook.com\/notibras\/","article_published_time":"2024-04-26T03:00:46+00:00","article_modified_time":"2024-04-26T12:10:49+00:00","og_image":[{"width":768,"height":512,"url":"https:\/\/www.notibras.com\/site\/wp-content\/uploads\/2024\/04\/rotaqueiojo.jpg","type":"image\/jpeg"}],"author":"Reda\u00e7\u00e3o","twitter_card":"summary_large_image","twitter_creator":"@Notibras","twitter_site":"@Notibras","twitter_misc":{"Escrito por":"Reda\u00e7\u00e3o","Est. tempo de leitura":"5 minutos"},"schema":{"@context":"https:\/\/schema.org","@graph":[{"@type":"Article","@id":"https:\/\/www.notibras.com\/site\/rota-do-queijo-incentiva-turismo-rural-em-brasilia-e-entorno\/#article","isPartOf":{"@id":"https:\/\/www.notibras.com\/site\/rota-do-queijo-incentiva-turismo-rural-em-brasilia-e-entorno\/"},"author":{"name":"Reda\u00e7\u00e3o","@id":"https:\/\/www.notibras.com\/site\/#\/schema\/person\/36ab0979449956132d3e5b517ea76ac8"},"headline":"Rota do Queijo incentiva turismo rural em Bras\u00edlia e Entorno","datePublished":"2024-04-26T03:00:46+00:00","dateModified":"2024-04-26T12:10:49+00:00","mainEntityOfPage":{"@id":"https:\/\/www.notibras.com\/site\/rota-do-queijo-incentiva-turismo-rural-em-brasilia-e-entorno\/"},"wordCount":852,"publisher":{"@id":"https:\/\/www.notibras.com\/site\/#organization"},"image":{"@id":"https:\/\/www.notibras.com\/site\/rota-do-queijo-incentiva-turismo-rural-em-brasilia-e-entorno\/#primaryimage"},"thumbnailUrl":"https:\/\/www.notibras.com\/site\/wp-content\/uploads\/2024\/04\/rotaqueiojo.jpg","articleSection":["Quadradinho em Foco"],"inLanguage":"pt-BR"},{"@type":"WebPage","@id":"https:\/\/www.notibras.com\/site\/rota-do-queijo-incentiva-turismo-rural-em-brasilia-e-entorno\/","url":"https:\/\/www.notibras.com\/site\/rota-do-queijo-incentiva-turismo-rural-em-brasilia-e-entorno\/","name":"Rota do Queijo incentiva turismo rural em Bras\u00edlia e Entorno - Notibras","isPartOf":{"@id":"https:\/\/www.notibras.com\/site\/#website"},"primaryImageOfPage":{"@id":"https:\/\/www.notibras.com\/site\/rota-do-queijo-incentiva-turismo-rural-em-brasilia-e-entorno\/#primaryimage"},"image":{"@id":"https:\/\/www.notibras.com\/site\/rota-do-queijo-incentiva-turismo-rural-em-brasilia-e-entorno\/#primaryimage"},"thumbnailUrl":"https:\/\/www.notibras.com\/site\/wp-content\/uploads\/2024\/04\/rotaqueiojo.jpg","datePublished":"2024-04-26T03:00:46+00:00","dateModified":"2024-04-26T12:10:49+00:00","breadcrumb":{"@id":"https:\/\/www.notibras.com\/site\/rota-do-queijo-incentiva-turismo-rural-em-brasilia-e-entorno\/#breadcrumb"},"inLanguage":"pt-BR","potentialAction":[{"@type":"ReadAction","target":["https:\/\/www.notibras.com\/site\/rota-do-queijo-incentiva-turismo-rural-em-brasilia-e-entorno\/"]}]},{"@type":"ImageObject","inLanguage":"pt-BR","@id":"https:\/\/www.notibras.com\/site\/rota-do-queijo-incentiva-turismo-rural-em-brasilia-e-entorno\/#primaryimage","url":"https:\/\/www.notibras.com\/site\/wp-content\/uploads\/2024\/04\/rotaqueiojo.jpg","contentUrl":"https:\/\/www.notibras.com\/site\/wp-content\/uploads\/2024\/04\/rotaqueiojo.jpg","width":768,"height":512},{"@type":"BreadcrumbList","@id":"https:\/\/www.notibras.com\/site\/rota-do-queijo-incentiva-turismo-rural-em-brasilia-e-entorno\/#breadcrumb","itemListElement":[{"@type":"ListItem","position":1,"name":"In\u00edcio","item":"https:\/\/www.notibras.com\/site\/"},{"@type":"ListItem","position":2,"name":"Rota do Queijo incentiva turismo rural em Bras\u00edlia e Entorno"}]},{"@type":"WebSite","@id":"https:\/\/www.notibras.com\/site\/#website","url":"https:\/\/www.notibras.com\/site\/","name":"Notibras","description":"Not\u00edcias de Bras\u00edlia, do Brasil e do Mundo","publisher":{"@id":"https:\/\/www.notibras.com\/site\/#organization"},"potentialAction":[{"@type":"SearchAction","target":{"@type":"EntryPoint","urlTemplate":"https:\/\/www.notibras.com\/site\/?s={search_term_string}"},"query-input":{"@type":"PropertyValueSpecification","valueRequired":true,"valueName":"search_term_string"}}],"inLanguage":"pt-BR"},{"@type":"Organization","@id":"https:\/\/www.notibras.com\/site\/#organization","name":"Grupo Notibras de Comunica\u00e7\u00e3o","url":"https:\/\/www.notibras.com\/site\/","logo":{"@type":"ImageObject","inLanguage":"pt-BR","@id":"https:\/\/www.notibras.com\/site\/#\/schema\/logo\/image\/","url":"https:\/\/www.notibras.com\/site\/wp-content\/uploads\/2023\/01\/notibras23.png","contentUrl":"https:\/\/www.notibras.com\/site\/wp-content\/uploads\/2023\/01\/notibras23.png","width":350,"height":87,"caption":"Grupo Notibras de Comunica\u00e7\u00e3o"},"image":{"@id":"https:\/\/www.notibras.com\/site\/#\/schema\/logo\/image\/"},"sameAs":["https:\/\/www.facebook.com\/notibras\/","https:\/\/x.com\/Notibras","https:\/\/www.instagram.com\/notibras\/"]},{"@type":"Person","@id":"https:\/\/www.notibras.com\/site\/#\/schema\/person\/36ab0979449956132d3e5b517ea76ac8","name":"Reda\u00e7\u00e3o","image":{"@type":"ImageObject","inLanguage":"pt-BR","@id":"https:\/\/secure.gravatar.com\/avatar\/e0a867bdedb85fd243eadf09663511f96fc81e0720a4a42581f334ad4303aa6b?s=96&d=mm&r=g","url":"https:\/\/secure.gravatar.com\/avatar\/e0a867bdedb85fd243eadf09663511f96fc81e0720a4a42581f334ad4303aa6b?s=96&d=mm&r=g","contentUrl":"https:\/\/secure.gravatar.com\/avatar\/e0a867bdedb85fd243eadf09663511f96fc81e0720a4a42581f334ad4303aa6b?s=96&d=mm&r=g","caption":"Reda\u00e7\u00e3o"}}]}},"amp_enabled":true,"_links":{"self":[{"href":"https:\/\/www.notibras.com\/site\/wp-json\/wp\/v2\/posts\/327470","targetHints":{"allow":["GET"]}}],"collection":[{"href":"https:\/\/www.notibras.com\/site\/wp-json\/wp\/v2\/posts"}],"about":[{"href":"https:\/\/www.notibras.com\/site\/wp-json\/wp\/v2\/types\/post"}],"author":[{"embeddable":true,"href":"https:\/\/www.notibras.com\/site\/wp-json\/wp\/v2\/users\/2"}],"replies":[{"embeddable":true,"href":"https:\/\/www.notibras.com\/site\/wp-json\/wp\/v2\/comments?post=327470"}],"version-history":[{"count":1,"href":"https:\/\/www.notibras.com\/site\/wp-json\/wp\/v2\/posts\/327470\/revisions"}],"predecessor-version":[{"id":327472,"href":"https:\/\/www.notibras.com\/site\/wp-json\/wp\/v2\/posts\/327470\/revisions\/327472"}],"wp:featuredmedia":[{"embeddable":true,"href":"https:\/\/www.notibras.com\/site\/wp-json\/wp\/v2\/media\/327471"}],"wp:attachment":[{"href":"https:\/\/www.notibras.com\/site\/wp-json\/wp\/v2\/media?parent=327470"}],"wp:term":[{"taxonomy":"category","embeddable":true,"href":"https:\/\/www.notibras.com\/site\/wp-json\/wp\/v2\/categories?post=327470"},{"taxonomy":"post_tag","embeddable":true,"href":"https:\/\/www.notibras.com\/site\/wp-json\/wp\/v2\/tags?post=327470"}],"curies":[{"name":"wp","href":"https:\/\/api.w.org\/{rel}","templated":true}]}}