{"id":327489,"date":"2024-04-27T06:18:39","date_gmt":"2024-04-27T09:18:39","guid":{"rendered":"https:\/\/www.notibras.com\/site\/?p=327489"},"modified":"2024-04-27T06:18:39","modified_gmt":"2024-04-27T09:18:39","slug":"pesadelo-vira-tiroteio-e-preso-vai-pra-cela-sem-cueca","status":"publish","type":"post","link":"https:\/\/www.notibras.com\/site\/pesadelo-vira-tiroteio-e-preso-vai-pra-cela-sem-cueca\/","title":{"rendered":"Pesadelo vira tiroteio e preso vai pra cela sem cueca"},"content":{"rendered":"<p>O plant\u00e3o naquela delegacia parecia tranquilo. A madrugada chuvosa indicava que a equipe, composta de delegado, escriv\u00e3o e quatro agentes, poderia relaxar e at\u00e9 tirar uma soneca sem culpa de estar negligenciando a seguran\u00e7a da cidade. Afinal, at\u00e9 o Superman dorme de vez em quando.<\/p>\n<p>Os tiras acertaram que cada um ficaria acordado durante um per\u00edodo, enquanto os demais repousariam que nem a Bela Adormecida. Mas nada de beijo de pr\u00edncipe encantado para despert\u00e1-los, pois todos colocaram alarme nos respectivos aparelhos celulares. E l\u00e1 foram os homens da lei tirarem uma pestana despidos de arrependimentos.<\/p>\n<p>O Santana, que havia sido o primeiro a ficar acordado, aproveitou que ningu\u00e9m estava por perto, n\u00e3o resistiu e acabou se entregando a Morfeu. As p\u00e1lpebras pesaram e o ronco ecoou pela delegacia. Mas antes que algu\u00e9m pudesse acordar com aquele barulho, eis que o Santana pulou da cadeira por conta de um tiroteio, que parecia ter vindo bem de perto.<\/p>\n<p>Desesperado, o Santana apertou o bot\u00e3o do alarme na parede ao lado. Aquele som estridente fez com que todos os outros policiais corressem para a frente da delegacia.<\/p>\n<p>\u2014 Tiroteio! Tiroteio!<\/p>\n<p>\u2014 Onde, Santana?<\/p>\n<p>\u2014 Parece que veio dali.<\/p>\n<p>O delegado Wanderley mandou os quatro agentes irem para o suposto local do tiroteio, enquanto ele e o escriv\u00e3o Bernardino ficariam tomando conta da delegacia. E l\u00e1 foram o Santana, o Ricky Ricardo, o Allan Belos Cabelos e Alberto Roberto lutarem contra o crime. Enquanto isso, o escriv\u00e3o reclamava do azar.<\/p>\n<p>\u2014 Caramba, doutor, que droga!<\/p>\n<p>\u2014 Isso \u00e9 a pol\u00edcia, Bernardino. Temos que estar preparados para o pior.<\/p>\n<p>Mas antes que a conversava tivesse chance de progredir, eis que uma viatura da pol\u00edcia militar estacionou bem em frente. Wanderley e Bernardino est\u00e3o certos de que prenderam o autor dos tiros ouvidos pelo Santana. Que nada! Trata-se de embriaguez ao volante, como constataram assim que os policiais militares pisaram na delegacia conduzindo um homem totalmente b\u00eabado, que mal se aguentava de p\u00e9.<\/p>\n<p>N\u00e3o demorou, o flagrante j\u00e1 estava todo feito. Wanderley, ent\u00e3o, se lembrou do tiroteio e comentou com os policiais militares que a cidade andava muito violenta.<\/p>\n<p>\u2014 Doutor, estranho, pois estamos fazendo ronda h\u00e1 quase tr\u00eas por aqui e n\u00e3o escutamos nenhum tiro.<\/p>\n<p>O delegado co\u00e7ou a cabe\u00e7a, olhou para Bernardino, que pareceu ter entendido. Wanderley liberou os policiais militares e, ent\u00e3o, pediu para o escriv\u00e3o ajud\u00e1-lo a colocar o preso na cela. E l\u00e1 foram os dois levar o detento.<\/p>\n<p>Wanderley, sempre no comando, informou para o homem quais eram os procedimentos. Ele mandou que o preso tirasse toda a roupa antes de coloc\u00e1-lo na cela. O sujeito obedeceu, ficando apenas de cueca.<\/p>\n<p>\u2014 Agora preciso que o senhor abaixe a cueca e me mostre o fundo.<\/p>\n<p>Eis que o homem, totalmente embriagado, abaixou a cueca at\u00e9 os calcanhares. Todavia, inv\u00e9s de mostrar os fundos da cueca, ele se virou e abriu o bumbum na dire\u00e7\u00e3o do delegado.<\/p>\n<p>\u2014 N\u00e3o, senhor! \u00c9 o fundo da cueca!<\/p>\n<p>Wanderley e Bernardino, tentando segurar o riso, trataram logo de colocar o preso na cela. Mas, assim que passaram a chave no port\u00e3o, duas sonoras gargalhadas ecoaram pelos corredores da delegacia. Nisso, eis que os quatro agentes retornam. Ricky Ricardo, o mais experiente da trupe, chamou o delegado num canto.<\/p>\n<p>\u2014 Doutor, rodamos toda a \u00e1rea, abordamos algumas pessoas. Ningu\u00e9m ouviu nenhum tiro.<\/p>\n<p>\u2014 J\u00e1 derrubei essa situa\u00e7\u00e3o, Ricky.<\/p>\n<p>\u2014 N\u00e3o me diga que aconteceu de novo.<\/p>\n<p>\u2014 Sim, aconteceu. O Santana teve mais um daqueles pesadelos.<\/p>\n","protected":false},"excerpt":{"rendered":"<p>O plant\u00e3o naquela delegacia parecia tranquilo. A madrugada chuvosa indicava que a equipe, composta de delegado, escriv\u00e3o e quatro agentes, poderia relaxar e at\u00e9 tirar uma soneca sem culpa de estar negligenciando a seguran\u00e7a da cidade. Afinal, at\u00e9 o Superman dorme de vez em quando. Os tiras acertaram que cada um ficaria acordado durante um [&hellip;]<\/p>\n","protected":false},"author":2,"featured_media":327490,"comment_status":"closed","ping_status":"closed","sticky":false,"template":"","format":"standard","meta":{"_acf_changed":false,"footnotes":""},"categories":[161],"tags":[],"class_list":["post-327489","post","type-post","status-publish","format-standard","has-post-thumbnail","hentry","category-quadradinho-em-foco"],"acf":[],"yoast_head":"<!-- This site is optimized with the Yoast SEO plugin v27.5 - https:\/\/yoast.com\/product\/yoast-seo-wordpress\/ -->\n<title>Pesadelo vira tiroteio e preso vai pra cela sem cueca - Notibras<\/title>\n<meta name=\"robots\" content=\"index, follow, max-snippet:-1, max-image-preview:large, max-video-preview:-1\" \/>\n<link rel=\"canonical\" href=\"https:\/\/www.notibras.com\/site\/pesadelo-vira-tiroteio-e-preso-vai-pra-cela-sem-cueca\/\" \/>\n<meta property=\"og:locale\" content=\"pt_BR\" \/>\n<meta property=\"og:type\" content=\"article\" \/>\n<meta property=\"og:title\" content=\"Pesadelo vira tiroteio e preso vai pra cela sem cueca - Notibras\" \/>\n<meta property=\"og:description\" content=\"O plant\u00e3o naquela delegacia parecia tranquilo. A madrugada chuvosa indicava que a equipe, composta de delegado, escriv\u00e3o e quatro agentes, poderia relaxar e at\u00e9 tirar uma soneca sem culpa de estar negligenciando a seguran\u00e7a da cidade. Afinal, at\u00e9 o Superman dorme de vez em quando. Os tiras acertaram que cada um ficaria acordado durante um [&hellip;]\" \/>\n<meta property=\"og:url\" content=\"https:\/\/www.notibras.com\/site\/pesadelo-vira-tiroteio-e-preso-vai-pra-cela-sem-cueca\/\" \/>\n<meta property=\"og:site_name\" content=\"Notibras\" \/>\n<meta property=\"article:publisher\" content=\"https:\/\/www.facebook.com\/notibras\/\" \/>\n<meta property=\"article:published_time\" content=\"2024-04-27T09:18:39+00:00\" \/>\n<meta property=\"og:image\" content=\"https:\/\/www.notibras.com\/site\/wp-content\/uploads\/2024\/04\/d11469e0-5c7e-48dd-9d9e-ecc89f277eb8.jpg\" \/>\n\t<meta property=\"og:image:width\" content=\"1024\" \/>\n\t<meta property=\"og:image:height\" content=\"1024\" \/>\n\t<meta property=\"og:image:type\" content=\"image\/jpeg\" \/>\n<meta name=\"author\" content=\"Reda\u00e7\u00e3o\" \/>\n<meta name=\"twitter:card\" content=\"summary_large_image\" \/>\n<meta name=\"twitter:creator\" content=\"@Notibras\" \/>\n<meta name=\"twitter:site\" content=\"@Notibras\" \/>\n<meta name=\"twitter:label1\" content=\"Escrito por\" \/>\n\t<meta name=\"twitter:data1\" content=\"Reda\u00e7\u00e3o\" \/>\n\t<meta name=\"twitter:label2\" content=\"Est. tempo de leitura\" \/>\n\t<meta name=\"twitter:data2\" content=\"4 minutos\" \/>\n<script type=\"application\/ld+json\" class=\"yoast-schema-graph\">{\"@context\":\"https:\\\/\\\/schema.org\",\"@graph\":[{\"@type\":\"Article\",\"@id\":\"https:\\\/\\\/www.notibras.com\\\/site\\\/pesadelo-vira-tiroteio-e-preso-vai-pra-cela-sem-cueca\\\/#article\",\"isPartOf\":{\"@id\":\"https:\\\/\\\/www.notibras.com\\\/site\\\/pesadelo-vira-tiroteio-e-preso-vai-pra-cela-sem-cueca\\\/\"},\"author\":{\"name\":\"Reda\u00e7\u00e3o\",\"@id\":\"https:\\\/\\\/www.notibras.com\\\/site\\\/#\\\/schema\\\/person\\\/36ab0979449956132d3e5b517ea76ac8\"},\"headline\":\"Pesadelo vira tiroteio e preso vai pra cela sem cueca\",\"datePublished\":\"2024-04-27T09:18:39+00:00\",\"mainEntityOfPage\":{\"@id\":\"https:\\\/\\\/www.notibras.com\\\/site\\\/pesadelo-vira-tiroteio-e-preso-vai-pra-cela-sem-cueca\\\/\"},\"wordCount\":611,\"publisher\":{\"@id\":\"https:\\\/\\\/www.notibras.com\\\/site\\\/#organization\"},\"image\":{\"@id\":\"https:\\\/\\\/www.notibras.com\\\/site\\\/pesadelo-vira-tiroteio-e-preso-vai-pra-cela-sem-cueca\\\/#primaryimage\"},\"thumbnailUrl\":\"https:\\\/\\\/www.notibras.com\\\/site\\\/wp-content\\\/uploads\\\/2024\\\/04\\\/d11469e0-5c7e-48dd-9d9e-ecc89f277eb8.jpg\",\"articleSection\":[\"Quadradinho em Foco\"],\"inLanguage\":\"pt-BR\"},{\"@type\":\"WebPage\",\"@id\":\"https:\\\/\\\/www.notibras.com\\\/site\\\/pesadelo-vira-tiroteio-e-preso-vai-pra-cela-sem-cueca\\\/\",\"url\":\"https:\\\/\\\/www.notibras.com\\\/site\\\/pesadelo-vira-tiroteio-e-preso-vai-pra-cela-sem-cueca\\\/\",\"name\":\"Pesadelo vira tiroteio e preso vai pra cela sem cueca - Notibras\",\"isPartOf\":{\"@id\":\"https:\\\/\\\/www.notibras.com\\\/site\\\/#website\"},\"primaryImageOfPage\":{\"@id\":\"https:\\\/\\\/www.notibras.com\\\/site\\\/pesadelo-vira-tiroteio-e-preso-vai-pra-cela-sem-cueca\\\/#primaryimage\"},\"image\":{\"@id\":\"https:\\\/\\\/www.notibras.com\\\/site\\\/pesadelo-vira-tiroteio-e-preso-vai-pra-cela-sem-cueca\\\/#primaryimage\"},\"thumbnailUrl\":\"https:\\\/\\\/www.notibras.com\\\/site\\\/wp-content\\\/uploads\\\/2024\\\/04\\\/d11469e0-5c7e-48dd-9d9e-ecc89f277eb8.jpg\",\"datePublished\":\"2024-04-27T09:18:39+00:00\",\"breadcrumb\":{\"@id\":\"https:\\\/\\\/www.notibras.com\\\/site\\\/pesadelo-vira-tiroteio-e-preso-vai-pra-cela-sem-cueca\\\/#breadcrumb\"},\"inLanguage\":\"pt-BR\",\"potentialAction\":[{\"@type\":\"ReadAction\",\"target\":[\"https:\\\/\\\/www.notibras.com\\\/site\\\/pesadelo-vira-tiroteio-e-preso-vai-pra-cela-sem-cueca\\\/\"]}]},{\"@type\":\"ImageObject\",\"inLanguage\":\"pt-BR\",\"@id\":\"https:\\\/\\\/www.notibras.com\\\/site\\\/pesadelo-vira-tiroteio-e-preso-vai-pra-cela-sem-cueca\\\/#primaryimage\",\"url\":\"https:\\\/\\\/www.notibras.com\\\/site\\\/wp-content\\\/uploads\\\/2024\\\/04\\\/d11469e0-5c7e-48dd-9d9e-ecc89f277eb8.jpg\",\"contentUrl\":\"https:\\\/\\\/www.notibras.com\\\/site\\\/wp-content\\\/uploads\\\/2024\\\/04\\\/d11469e0-5c7e-48dd-9d9e-ecc89f277eb8.jpg\",\"width\":1024,\"height\":1024},{\"@type\":\"BreadcrumbList\",\"@id\":\"https:\\\/\\\/www.notibras.com\\\/site\\\/pesadelo-vira-tiroteio-e-preso-vai-pra-cela-sem-cueca\\\/#breadcrumb\",\"itemListElement\":[{\"@type\":\"ListItem\",\"position\":1,\"name\":\"In\u00edcio\",\"item\":\"https:\\\/\\\/www.notibras.com\\\/site\\\/\"},{\"@type\":\"ListItem\",\"position\":2,\"name\":\"Pesadelo vira tiroteio e preso vai pra cela sem cueca\"}]},{\"@type\":\"WebSite\",\"@id\":\"https:\\\/\\\/www.notibras.com\\\/site\\\/#website\",\"url\":\"https:\\\/\\\/www.notibras.com\\\/site\\\/\",\"name\":\"Notibras\",\"description\":\"Not\u00edcias de Bras\u00edlia, do Brasil e do Mundo\",\"publisher\":{\"@id\":\"https:\\\/\\\/www.notibras.com\\\/site\\\/#organization\"},\"potentialAction\":[{\"@type\":\"SearchAction\",\"target\":{\"@type\":\"EntryPoint\",\"urlTemplate\":\"https:\\\/\\\/www.notibras.com\\\/site\\\/?s={search_term_string}\"},\"query-input\":{\"@type\":\"PropertyValueSpecification\",\"valueRequired\":true,\"valueName\":\"search_term_string\"}}],\"inLanguage\":\"pt-BR\"},{\"@type\":\"Organization\",\"@id\":\"https:\\\/\\\/www.notibras.com\\\/site\\\/#organization\",\"name\":\"Grupo Notibras de Comunica\u00e7\u00e3o\",\"url\":\"https:\\\/\\\/www.notibras.com\\\/site\\\/\",\"logo\":{\"@type\":\"ImageObject\",\"inLanguage\":\"pt-BR\",\"@id\":\"https:\\\/\\\/www.notibras.com\\\/site\\\/#\\\/schema\\\/logo\\\/image\\\/\",\"url\":\"https:\\\/\\\/www.notibras.com\\\/site\\\/wp-content\\\/uploads\\\/2023\\\/01\\\/notibras23.png\",\"contentUrl\":\"https:\\\/\\\/www.notibras.com\\\/site\\\/wp-content\\\/uploads\\\/2023\\\/01\\\/notibras23.png\",\"width\":350,\"height\":87,\"caption\":\"Grupo Notibras de Comunica\u00e7\u00e3o\"},\"image\":{\"@id\":\"https:\\\/\\\/www.notibras.com\\\/site\\\/#\\\/schema\\\/logo\\\/image\\\/\"},\"sameAs\":[\"https:\\\/\\\/www.facebook.com\\\/notibras\\\/\",\"https:\\\/\\\/x.com\\\/Notibras\",\"https:\\\/\\\/www.instagram.com\\\/notibras\\\/\"]},{\"@type\":\"Person\",\"@id\":\"https:\\\/\\\/www.notibras.com\\\/site\\\/#\\\/schema\\\/person\\\/36ab0979449956132d3e5b517ea76ac8\",\"name\":\"Reda\u00e7\u00e3o\",\"image\":{\"@type\":\"ImageObject\",\"inLanguage\":\"pt-BR\",\"@id\":\"https:\\\/\\\/secure.gravatar.com\\\/avatar\\\/e0a867bdedb85fd243eadf09663511f96fc81e0720a4a42581f334ad4303aa6b?s=96&d=mm&r=g\",\"url\":\"https:\\\/\\\/secure.gravatar.com\\\/avatar\\\/e0a867bdedb85fd243eadf09663511f96fc81e0720a4a42581f334ad4303aa6b?s=96&d=mm&r=g\",\"contentUrl\":\"https:\\\/\\\/secure.gravatar.com\\\/avatar\\\/e0a867bdedb85fd243eadf09663511f96fc81e0720a4a42581f334ad4303aa6b?s=96&d=mm&r=g\",\"caption\":\"Reda\u00e7\u00e3o\"}}]}<\/script>\n<!-- \/ Yoast SEO plugin. -->","yoast_head_json":{"title":"Pesadelo vira tiroteio e preso vai pra cela sem cueca - Notibras","robots":{"index":"index","follow":"follow","max-snippet":"max-snippet:-1","max-image-preview":"max-image-preview:large","max-video-preview":"max-video-preview:-1"},"canonical":"https:\/\/www.notibras.com\/site\/pesadelo-vira-tiroteio-e-preso-vai-pra-cela-sem-cueca\/","og_locale":"pt_BR","og_type":"article","og_title":"Pesadelo vira tiroteio e preso vai pra cela sem cueca - Notibras","og_description":"O plant\u00e3o naquela delegacia parecia tranquilo. A madrugada chuvosa indicava que a equipe, composta de delegado, escriv\u00e3o e quatro agentes, poderia relaxar e at\u00e9 tirar uma soneca sem culpa de estar negligenciando a seguran\u00e7a da cidade. Afinal, at\u00e9 o Superman dorme de vez em quando. Os tiras acertaram que cada um ficaria acordado durante um [&hellip;]","og_url":"https:\/\/www.notibras.com\/site\/pesadelo-vira-tiroteio-e-preso-vai-pra-cela-sem-cueca\/","og_site_name":"Notibras","article_publisher":"https:\/\/www.facebook.com\/notibras\/","article_published_time":"2024-04-27T09:18:39+00:00","og_image":[{"width":1024,"height":1024,"url":"https:\/\/www.notibras.com\/site\/wp-content\/uploads\/2024\/04\/d11469e0-5c7e-48dd-9d9e-ecc89f277eb8.jpg","type":"image\/jpeg"}],"author":"Reda\u00e7\u00e3o","twitter_card":"summary_large_image","twitter_creator":"@Notibras","twitter_site":"@Notibras","twitter_misc":{"Escrito por":"Reda\u00e7\u00e3o","Est. tempo de leitura":"4 minutos"},"schema":{"@context":"https:\/\/schema.org","@graph":[{"@type":"Article","@id":"https:\/\/www.notibras.com\/site\/pesadelo-vira-tiroteio-e-preso-vai-pra-cela-sem-cueca\/#article","isPartOf":{"@id":"https:\/\/www.notibras.com\/site\/pesadelo-vira-tiroteio-e-preso-vai-pra-cela-sem-cueca\/"},"author":{"name":"Reda\u00e7\u00e3o","@id":"https:\/\/www.notibras.com\/site\/#\/schema\/person\/36ab0979449956132d3e5b517ea76ac8"},"headline":"Pesadelo vira tiroteio e preso vai pra cela sem cueca","datePublished":"2024-04-27T09:18:39+00:00","mainEntityOfPage":{"@id":"https:\/\/www.notibras.com\/site\/pesadelo-vira-tiroteio-e-preso-vai-pra-cela-sem-cueca\/"},"wordCount":611,"publisher":{"@id":"https:\/\/www.notibras.com\/site\/#organization"},"image":{"@id":"https:\/\/www.notibras.com\/site\/pesadelo-vira-tiroteio-e-preso-vai-pra-cela-sem-cueca\/#primaryimage"},"thumbnailUrl":"https:\/\/www.notibras.com\/site\/wp-content\/uploads\/2024\/04\/d11469e0-5c7e-48dd-9d9e-ecc89f277eb8.jpg","articleSection":["Quadradinho em Foco"],"inLanguage":"pt-BR"},{"@type":"WebPage","@id":"https:\/\/www.notibras.com\/site\/pesadelo-vira-tiroteio-e-preso-vai-pra-cela-sem-cueca\/","url":"https:\/\/www.notibras.com\/site\/pesadelo-vira-tiroteio-e-preso-vai-pra-cela-sem-cueca\/","name":"Pesadelo vira tiroteio e preso vai pra cela sem cueca - Notibras","isPartOf":{"@id":"https:\/\/www.notibras.com\/site\/#website"},"primaryImageOfPage":{"@id":"https:\/\/www.notibras.com\/site\/pesadelo-vira-tiroteio-e-preso-vai-pra-cela-sem-cueca\/#primaryimage"},"image":{"@id":"https:\/\/www.notibras.com\/site\/pesadelo-vira-tiroteio-e-preso-vai-pra-cela-sem-cueca\/#primaryimage"},"thumbnailUrl":"https:\/\/www.notibras.com\/site\/wp-content\/uploads\/2024\/04\/d11469e0-5c7e-48dd-9d9e-ecc89f277eb8.jpg","datePublished":"2024-04-27T09:18:39+00:00","breadcrumb":{"@id":"https:\/\/www.notibras.com\/site\/pesadelo-vira-tiroteio-e-preso-vai-pra-cela-sem-cueca\/#breadcrumb"},"inLanguage":"pt-BR","potentialAction":[{"@type":"ReadAction","target":["https:\/\/www.notibras.com\/site\/pesadelo-vira-tiroteio-e-preso-vai-pra-cela-sem-cueca\/"]}]},{"@type":"ImageObject","inLanguage":"pt-BR","@id":"https:\/\/www.notibras.com\/site\/pesadelo-vira-tiroteio-e-preso-vai-pra-cela-sem-cueca\/#primaryimage","url":"https:\/\/www.notibras.com\/site\/wp-content\/uploads\/2024\/04\/d11469e0-5c7e-48dd-9d9e-ecc89f277eb8.jpg","contentUrl":"https:\/\/www.notibras.com\/site\/wp-content\/uploads\/2024\/04\/d11469e0-5c7e-48dd-9d9e-ecc89f277eb8.jpg","width":1024,"height":1024},{"@type":"BreadcrumbList","@id":"https:\/\/www.notibras.com\/site\/pesadelo-vira-tiroteio-e-preso-vai-pra-cela-sem-cueca\/#breadcrumb","itemListElement":[{"@type":"ListItem","position":1,"name":"In\u00edcio","item":"https:\/\/www.notibras.com\/site\/"},{"@type":"ListItem","position":2,"name":"Pesadelo vira tiroteio e preso vai pra cela sem cueca"}]},{"@type":"WebSite","@id":"https:\/\/www.notibras.com\/site\/#website","url":"https:\/\/www.notibras.com\/site\/","name":"Notibras","description":"Not\u00edcias de Bras\u00edlia, do Brasil e do Mundo","publisher":{"@id":"https:\/\/www.notibras.com\/site\/#organization"},"potentialAction":[{"@type":"SearchAction","target":{"@type":"EntryPoint","urlTemplate":"https:\/\/www.notibras.com\/site\/?s={search_term_string}"},"query-input":{"@type":"PropertyValueSpecification","valueRequired":true,"valueName":"search_term_string"}}],"inLanguage":"pt-BR"},{"@type":"Organization","@id":"https:\/\/www.notibras.com\/site\/#organization","name":"Grupo Notibras de Comunica\u00e7\u00e3o","url":"https:\/\/www.notibras.com\/site\/","logo":{"@type":"ImageObject","inLanguage":"pt-BR","@id":"https:\/\/www.notibras.com\/site\/#\/schema\/logo\/image\/","url":"https:\/\/www.notibras.com\/site\/wp-content\/uploads\/2023\/01\/notibras23.png","contentUrl":"https:\/\/www.notibras.com\/site\/wp-content\/uploads\/2023\/01\/notibras23.png","width":350,"height":87,"caption":"Grupo Notibras de Comunica\u00e7\u00e3o"},"image":{"@id":"https:\/\/www.notibras.com\/site\/#\/schema\/logo\/image\/"},"sameAs":["https:\/\/www.facebook.com\/notibras\/","https:\/\/x.com\/Notibras","https:\/\/www.instagram.com\/notibras\/"]},{"@type":"Person","@id":"https:\/\/www.notibras.com\/site\/#\/schema\/person\/36ab0979449956132d3e5b517ea76ac8","name":"Reda\u00e7\u00e3o","image":{"@type":"ImageObject","inLanguage":"pt-BR","@id":"https:\/\/secure.gravatar.com\/avatar\/e0a867bdedb85fd243eadf09663511f96fc81e0720a4a42581f334ad4303aa6b?s=96&d=mm&r=g","url":"https:\/\/secure.gravatar.com\/avatar\/e0a867bdedb85fd243eadf09663511f96fc81e0720a4a42581f334ad4303aa6b?s=96&d=mm&r=g","contentUrl":"https:\/\/secure.gravatar.com\/avatar\/e0a867bdedb85fd243eadf09663511f96fc81e0720a4a42581f334ad4303aa6b?s=96&d=mm&r=g","caption":"Reda\u00e7\u00e3o"}}]}},"amp_enabled":true,"_links":{"self":[{"href":"https:\/\/www.notibras.com\/site\/wp-json\/wp\/v2\/posts\/327489","targetHints":{"allow":["GET"]}}],"collection":[{"href":"https:\/\/www.notibras.com\/site\/wp-json\/wp\/v2\/posts"}],"about":[{"href":"https:\/\/www.notibras.com\/site\/wp-json\/wp\/v2\/types\/post"}],"author":[{"embeddable":true,"href":"https:\/\/www.notibras.com\/site\/wp-json\/wp\/v2\/users\/2"}],"replies":[{"embeddable":true,"href":"https:\/\/www.notibras.com\/site\/wp-json\/wp\/v2\/comments?post=327489"}],"version-history":[{"count":1,"href":"https:\/\/www.notibras.com\/site\/wp-json\/wp\/v2\/posts\/327489\/revisions"}],"predecessor-version":[{"id":327491,"href":"https:\/\/www.notibras.com\/site\/wp-json\/wp\/v2\/posts\/327489\/revisions\/327491"}],"wp:featuredmedia":[{"embeddable":true,"href":"https:\/\/www.notibras.com\/site\/wp-json\/wp\/v2\/media\/327490"}],"wp:attachment":[{"href":"https:\/\/www.notibras.com\/site\/wp-json\/wp\/v2\/media?parent=327489"}],"wp:term":[{"taxonomy":"category","embeddable":true,"href":"https:\/\/www.notibras.com\/site\/wp-json\/wp\/v2\/categories?post=327489"},{"taxonomy":"post_tag","embeddable":true,"href":"https:\/\/www.notibras.com\/site\/wp-json\/wp\/v2\/tags?post=327489"}],"curies":[{"name":"wp","href":"https:\/\/api.w.org\/{rel}","templated":true}]}}