{"id":327513,"date":"2024-04-27T19:35:19","date_gmt":"2024-04-27T22:35:19","guid":{"rendered":"https:\/\/www.notibras.com\/site\/?p=327513"},"modified":"2024-04-27T19:44:36","modified_gmt":"2024-04-27T22:44:36","slug":"jardins-da-babilonia-povoam-mente-de-malu","status":"publish","type":"post","link":"https:\/\/www.notibras.com\/site\/jardins-da-babilonia-povoam-mente-de-malu\/","title":{"rendered":"Jardins da Babil\u00f4nia povoam mente de Malu"},"content":{"rendered":"<p>Malu, do alto dos seus 11 anos, \u00e9 uma menina curiosa por natureza. Seus olhos costumam brilhar com o mundo ao seu redor, e seu cora\u00e7\u00e3o pulsa com o desejo de descobrir coisas novas. H\u00e1 poucos dias, meu celular, cochilando na cabeceira da cama, movimentou-se vibrando ligeiramente em minha dire\u00e7\u00e3o, como um alarme que soasse para acordar-me.<\/p>\n<p>A chamada era de v\u00eddeo. O ato de atender fez gigante na tela o sorriso gracioso de minha neta. A liga\u00e7\u00e3o n\u00e3o era para conversar amenidades &#8211; adjetivo feminino que, creio, n\u00e3o fa\u00e7a parte do vocabul\u00e1rio cotidiano dela.<\/p>\n<p>Nesse dia, Malu queria falar sobre Nabucodonosor II. Teria sido ele ass\u00edrio, babil\u00f4nico ou de outra nacionalidade? Tratava-se de uma quest\u00e3o da prova, horas antes, tipo, conforme as palavras dela, &#8216;pegadinha&#8217;. Come\u00e7amos a entabular um &#8216;papo&#8217; sobre hist\u00f3ria Universal, dos tempos em que a l\u00edngua portuguesa abrasileirada sequer existia.<\/p>\n<p>No telefonema, Malu viu-se em plena sala de aula. Entediada &#8211; entendi a manifesta\u00e7\u00e3o dela -, com a monotonia das li\u00e7\u00f5es de matem\u00e1tica. Foi quando ela debru\u00e7ou-se aleatoriamente sobre outro livro. A partir da\u00ed, algo fez a mente dela brilhar com a intensidade dos raios do Sol. &#8220;V\u00f4, algo m\u00e1gico&#8221;.<\/p>\n<p>Transportei-me, ent\u00e3o, para a mesma sala de aula. Vi que enquanto folheava um de seus livros escolares, Malu deparou-se com uma imagem intrigante: os Jardins Suspensos da Babil\u00f4nia. Ela, se antes ouvira falar algo a respeito, por certo n\u00e3o memorizara fato e imagem t\u00e3o maravilhosos!<\/p>\n<p>Malu mergulhou na descri\u00e7\u00e3o, devorando cada palavra, cada detalhe. Os jardins planejados por Nabucodonosor II pareciam ter sa\u00eddo de um conto de fadas, com suas plantas ex\u00f3ticas e a beleza exuberante.<\/p>\n<p>A professora, notando o brilho nos olhos de Malu, sorriu e decidiu aproveitar aquele momento para despertar ainda mais a curiosidade de minha neta. Contando uma hist\u00f3ria sobre a Hist\u00f3ria, a educadora abordou o que estava por tr\u00e1s dos Jardins da Babil\u00f4nia, descrevendo como eram considerados uma das Sete Maravilhas do Mundo Antigo. E tudo para que o poderoso imperador agradasse sua esposa, Amytis, que sentia falta das montanhas e dos jardins de sua terra natal.<\/p>\n<p>Malu ficou encantada com a hist\u00f3ria, imaginando-se caminhando entre as plantas perfumadas e os riachos sinuosos. Ela mal podia acreditar que algo t\u00e3o magn\u00edfico existira de fato.<\/p>\n<p>Naquela tarde, quando chegou em casa, Malu ligou seu notebook para procurar por mais informa\u00e7\u00f5es sobre os Jardins da Babil\u00f4nia. Por\u00e9m, recuou. Com um telefonema para o &#8216;v\u00f4&#8217;, mataria dois coelhos com uma cajadada: arrefeceria as saudades provocadas pela dist\u00e2ncia e teria &#8211; assim ela entendeu &#8211; respostas para muitas perguntas exigidas por sua agu\u00e7ada mente.<\/p>\n<p>Nossa conversa foi preenchida com a paix\u00e3o de Malu por aprender mais e mais sobre os Jardins Suspensos. Ela descreveu esbo\u00e7os de como imaginava os jardins, criou maquetes fict\u00edcias com plantas paradis\u00edacas e chegou mesmo a imaginar-se como uma princesa perdida entre as passagens secretas e os labirintos verdejantes da Babil\u00f4nia.<\/p>\n<p>O tema tornou-se mais do que apenas uma descoberta nos livros escolares para Malu. Os jardins, observei em seu tom de voz e no sorriso cada vez mais cativante, tornaram-se uma fonte de inspira\u00e7\u00e3o, alimentando sua imagina\u00e7\u00e3o e seu desejo insaci\u00e1vel por conhecimento.<\/p>\n<p>Ao final do telefonema, compreendi que embora os jardins tenham desaparecido h\u00e1 mais de dois mil anos, seu legado vive atrav\u00e9s da admira\u00e7\u00e3o de Malu. Dela e de todos os que ousam sonhar com maravilhas perdidas no tempo.<\/p>\n","protected":false},"excerpt":{"rendered":"<p>Malu, do alto dos seus 11 anos, \u00e9 uma menina curiosa por natureza. Seus olhos costumam brilhar com o mundo ao seu redor, e seu cora\u00e7\u00e3o pulsa com o desejo de descobrir coisas novas. H\u00e1 poucos dias, meu celular, cochilando na cabeceira da cama, movimentou-se vibrando ligeiramente em minha dire\u00e7\u00e3o, como um alarme que soasse [&hellip;]<\/p>\n","protected":false},"author":2,"featured_media":327514,"comment_status":"closed","ping_status":"closed","sticky":false,"template":"","format":"standard","meta":{"_acf_changed":false,"footnotes":""},"categories":[161],"tags":[],"class_list":["post-327513","post","type-post","status-publish","format-standard","has-post-thumbnail","hentry","category-quadradinho-em-foco"],"acf":[],"yoast_head":"<!-- This site is optimized with the Yoast SEO plugin v27.5 - https:\/\/yoast.com\/product\/yoast-seo-wordpress\/ -->\n<title>Jardins da Babil\u00f4nia povoam mente de Malu - Notibras<\/title>\n<meta name=\"robots\" content=\"index, follow, max-snippet:-1, max-image-preview:large, max-video-preview:-1\" \/>\n<link rel=\"canonical\" href=\"https:\/\/www.notibras.com\/site\/jardins-da-babilonia-povoam-mente-de-malu\/\" \/>\n<meta property=\"og:locale\" content=\"pt_BR\" \/>\n<meta property=\"og:type\" content=\"article\" \/>\n<meta property=\"og:title\" content=\"Jardins da Babil\u00f4nia povoam mente de Malu - Notibras\" \/>\n<meta property=\"og:description\" content=\"Malu, do alto dos seus 11 anos, \u00e9 uma menina curiosa por natureza. Seus olhos costumam brilhar com o mundo ao seu redor, e seu cora\u00e7\u00e3o pulsa com o desejo de descobrir coisas novas. H\u00e1 poucos dias, meu celular, cochilando na cabeceira da cama, movimentou-se vibrando ligeiramente em minha dire\u00e7\u00e3o, como um alarme que soasse [&hellip;]\" \/>\n<meta property=\"og:url\" content=\"https:\/\/www.notibras.com\/site\/jardins-da-babilonia-povoam-mente-de-malu\/\" \/>\n<meta property=\"og:site_name\" content=\"Notibras\" \/>\n<meta property=\"article:publisher\" content=\"https:\/\/www.facebook.com\/notibras\/\" \/>\n<meta property=\"article:published_time\" content=\"2024-04-27T22:35:19+00:00\" \/>\n<meta property=\"article:modified_time\" content=\"2024-04-27T22:44:36+00:00\" \/>\n<meta property=\"og:image\" content=\"https:\/\/www.notibras.com\/site\/wp-content\/uploads\/2024\/04\/nabuco.Amytis.webp\" \/>\n\t<meta property=\"og:image:width\" content=\"640\" \/>\n\t<meta property=\"og:image:height\" content=\"411\" \/>\n\t<meta property=\"og:image:type\" content=\"image\/webp\" \/>\n<meta name=\"author\" content=\"Reda\u00e7\u00e3o\" \/>\n<meta name=\"twitter:card\" content=\"summary_large_image\" \/>\n<meta name=\"twitter:creator\" content=\"@Notibras\" \/>\n<meta name=\"twitter:site\" content=\"@Notibras\" \/>\n<meta name=\"twitter:label1\" content=\"Escrito por\" \/>\n\t<meta name=\"twitter:data1\" content=\"Reda\u00e7\u00e3o\" \/>\n\t<meta name=\"twitter:label2\" content=\"Est. tempo de leitura\" \/>\n\t<meta name=\"twitter:data2\" content=\"4 minutos\" \/>\n<script type=\"application\/ld+json\" class=\"yoast-schema-graph\">{\"@context\":\"https:\\\/\\\/schema.org\",\"@graph\":[{\"@type\":\"Article\",\"@id\":\"https:\\\/\\\/www.notibras.com\\\/site\\\/jardins-da-babilonia-povoam-mente-de-malu\\\/#article\",\"isPartOf\":{\"@id\":\"https:\\\/\\\/www.notibras.com\\\/site\\\/jardins-da-babilonia-povoam-mente-de-malu\\\/\"},\"author\":{\"name\":\"Reda\u00e7\u00e3o\",\"@id\":\"https:\\\/\\\/www.notibras.com\\\/site\\\/#\\\/schema\\\/person\\\/36ab0979449956132d3e5b517ea76ac8\"},\"headline\":\"Jardins da Babil\u00f4nia povoam mente de Malu\",\"datePublished\":\"2024-04-27T22:35:19+00:00\",\"dateModified\":\"2024-04-27T22:44:36+00:00\",\"mainEntityOfPage\":{\"@id\":\"https:\\\/\\\/www.notibras.com\\\/site\\\/jardins-da-babilonia-povoam-mente-de-malu\\\/\"},\"wordCount\":616,\"publisher\":{\"@id\":\"https:\\\/\\\/www.notibras.com\\\/site\\\/#organization\"},\"image\":{\"@id\":\"https:\\\/\\\/www.notibras.com\\\/site\\\/jardins-da-babilonia-povoam-mente-de-malu\\\/#primaryimage\"},\"thumbnailUrl\":\"https:\\\/\\\/www.notibras.com\\\/site\\\/wp-content\\\/uploads\\\/2024\\\/04\\\/nabuco.Amytis.webp\",\"articleSection\":[\"Quadradinho em Foco\"],\"inLanguage\":\"pt-BR\"},{\"@type\":\"WebPage\",\"@id\":\"https:\\\/\\\/www.notibras.com\\\/site\\\/jardins-da-babilonia-povoam-mente-de-malu\\\/\",\"url\":\"https:\\\/\\\/www.notibras.com\\\/site\\\/jardins-da-babilonia-povoam-mente-de-malu\\\/\",\"name\":\"Jardins da Babil\u00f4nia povoam mente de Malu - Notibras\",\"isPartOf\":{\"@id\":\"https:\\\/\\\/www.notibras.com\\\/site\\\/#website\"},\"primaryImageOfPage\":{\"@id\":\"https:\\\/\\\/www.notibras.com\\\/site\\\/jardins-da-babilonia-povoam-mente-de-malu\\\/#primaryimage\"},\"image\":{\"@id\":\"https:\\\/\\\/www.notibras.com\\\/site\\\/jardins-da-babilonia-povoam-mente-de-malu\\\/#primaryimage\"},\"thumbnailUrl\":\"https:\\\/\\\/www.notibras.com\\\/site\\\/wp-content\\\/uploads\\\/2024\\\/04\\\/nabuco.Amytis.webp\",\"datePublished\":\"2024-04-27T22:35:19+00:00\",\"dateModified\":\"2024-04-27T22:44:36+00:00\",\"breadcrumb\":{\"@id\":\"https:\\\/\\\/www.notibras.com\\\/site\\\/jardins-da-babilonia-povoam-mente-de-malu\\\/#breadcrumb\"},\"inLanguage\":\"pt-BR\",\"potentialAction\":[{\"@type\":\"ReadAction\",\"target\":[\"https:\\\/\\\/www.notibras.com\\\/site\\\/jardins-da-babilonia-povoam-mente-de-malu\\\/\"]}]},{\"@type\":\"ImageObject\",\"inLanguage\":\"pt-BR\",\"@id\":\"https:\\\/\\\/www.notibras.com\\\/site\\\/jardins-da-babilonia-povoam-mente-de-malu\\\/#primaryimage\",\"url\":\"https:\\\/\\\/www.notibras.com\\\/site\\\/wp-content\\\/uploads\\\/2024\\\/04\\\/nabuco.Amytis.webp\",\"contentUrl\":\"https:\\\/\\\/www.notibras.com\\\/site\\\/wp-content\\\/uploads\\\/2024\\\/04\\\/nabuco.Amytis.webp\",\"width\":640,\"height\":411},{\"@type\":\"BreadcrumbList\",\"@id\":\"https:\\\/\\\/www.notibras.com\\\/site\\\/jardins-da-babilonia-povoam-mente-de-malu\\\/#breadcrumb\",\"itemListElement\":[{\"@type\":\"ListItem\",\"position\":1,\"name\":\"In\u00edcio\",\"item\":\"https:\\\/\\\/www.notibras.com\\\/site\\\/\"},{\"@type\":\"ListItem\",\"position\":2,\"name\":\"Jardins da Babil\u00f4nia povoam mente de Malu\"}]},{\"@type\":\"WebSite\",\"@id\":\"https:\\\/\\\/www.notibras.com\\\/site\\\/#website\",\"url\":\"https:\\\/\\\/www.notibras.com\\\/site\\\/\",\"name\":\"Notibras\",\"description\":\"Not\u00edcias de Bras\u00edlia, do Brasil e do Mundo\",\"publisher\":{\"@id\":\"https:\\\/\\\/www.notibras.com\\\/site\\\/#organization\"},\"potentialAction\":[{\"@type\":\"SearchAction\",\"target\":{\"@type\":\"EntryPoint\",\"urlTemplate\":\"https:\\\/\\\/www.notibras.com\\\/site\\\/?s={search_term_string}\"},\"query-input\":{\"@type\":\"PropertyValueSpecification\",\"valueRequired\":true,\"valueName\":\"search_term_string\"}}],\"inLanguage\":\"pt-BR\"},{\"@type\":\"Organization\",\"@id\":\"https:\\\/\\\/www.notibras.com\\\/site\\\/#organization\",\"name\":\"Grupo Notibras de Comunica\u00e7\u00e3o\",\"url\":\"https:\\\/\\\/www.notibras.com\\\/site\\\/\",\"logo\":{\"@type\":\"ImageObject\",\"inLanguage\":\"pt-BR\",\"@id\":\"https:\\\/\\\/www.notibras.com\\\/site\\\/#\\\/schema\\\/logo\\\/image\\\/\",\"url\":\"https:\\\/\\\/www.notibras.com\\\/site\\\/wp-content\\\/uploads\\\/2023\\\/01\\\/notibras23.png\",\"contentUrl\":\"https:\\\/\\\/www.notibras.com\\\/site\\\/wp-content\\\/uploads\\\/2023\\\/01\\\/notibras23.png\",\"width\":350,\"height\":87,\"caption\":\"Grupo Notibras de Comunica\u00e7\u00e3o\"},\"image\":{\"@id\":\"https:\\\/\\\/www.notibras.com\\\/site\\\/#\\\/schema\\\/logo\\\/image\\\/\"},\"sameAs\":[\"https:\\\/\\\/www.facebook.com\\\/notibras\\\/\",\"https:\\\/\\\/x.com\\\/Notibras\",\"https:\\\/\\\/www.instagram.com\\\/notibras\\\/\"]},{\"@type\":\"Person\",\"@id\":\"https:\\\/\\\/www.notibras.com\\\/site\\\/#\\\/schema\\\/person\\\/36ab0979449956132d3e5b517ea76ac8\",\"name\":\"Reda\u00e7\u00e3o\",\"image\":{\"@type\":\"ImageObject\",\"inLanguage\":\"pt-BR\",\"@id\":\"https:\\\/\\\/secure.gravatar.com\\\/avatar\\\/e0a867bdedb85fd243eadf09663511f96fc81e0720a4a42581f334ad4303aa6b?s=96&d=mm&r=g\",\"url\":\"https:\\\/\\\/secure.gravatar.com\\\/avatar\\\/e0a867bdedb85fd243eadf09663511f96fc81e0720a4a42581f334ad4303aa6b?s=96&d=mm&r=g\",\"contentUrl\":\"https:\\\/\\\/secure.gravatar.com\\\/avatar\\\/e0a867bdedb85fd243eadf09663511f96fc81e0720a4a42581f334ad4303aa6b?s=96&d=mm&r=g\",\"caption\":\"Reda\u00e7\u00e3o\"}}]}<\/script>\n<!-- \/ Yoast SEO plugin. -->","yoast_head_json":{"title":"Jardins da Babil\u00f4nia povoam mente de Malu - Notibras","robots":{"index":"index","follow":"follow","max-snippet":"max-snippet:-1","max-image-preview":"max-image-preview:large","max-video-preview":"max-video-preview:-1"},"canonical":"https:\/\/www.notibras.com\/site\/jardins-da-babilonia-povoam-mente-de-malu\/","og_locale":"pt_BR","og_type":"article","og_title":"Jardins da Babil\u00f4nia povoam mente de Malu - Notibras","og_description":"Malu, do alto dos seus 11 anos, \u00e9 uma menina curiosa por natureza. Seus olhos costumam brilhar com o mundo ao seu redor, e seu cora\u00e7\u00e3o pulsa com o desejo de descobrir coisas novas. H\u00e1 poucos dias, meu celular, cochilando na cabeceira da cama, movimentou-se vibrando ligeiramente em minha dire\u00e7\u00e3o, como um alarme que soasse [&hellip;]","og_url":"https:\/\/www.notibras.com\/site\/jardins-da-babilonia-povoam-mente-de-malu\/","og_site_name":"Notibras","article_publisher":"https:\/\/www.facebook.com\/notibras\/","article_published_time":"2024-04-27T22:35:19+00:00","article_modified_time":"2024-04-27T22:44:36+00:00","og_image":[{"width":640,"height":411,"url":"https:\/\/www.notibras.com\/site\/wp-content\/uploads\/2024\/04\/nabuco.Amytis.webp","type":"image\/webp"}],"author":"Reda\u00e7\u00e3o","twitter_card":"summary_large_image","twitter_creator":"@Notibras","twitter_site":"@Notibras","twitter_misc":{"Escrito por":"Reda\u00e7\u00e3o","Est. tempo de leitura":"4 minutos"},"schema":{"@context":"https:\/\/schema.org","@graph":[{"@type":"Article","@id":"https:\/\/www.notibras.com\/site\/jardins-da-babilonia-povoam-mente-de-malu\/#article","isPartOf":{"@id":"https:\/\/www.notibras.com\/site\/jardins-da-babilonia-povoam-mente-de-malu\/"},"author":{"name":"Reda\u00e7\u00e3o","@id":"https:\/\/www.notibras.com\/site\/#\/schema\/person\/36ab0979449956132d3e5b517ea76ac8"},"headline":"Jardins da Babil\u00f4nia povoam mente de Malu","datePublished":"2024-04-27T22:35:19+00:00","dateModified":"2024-04-27T22:44:36+00:00","mainEntityOfPage":{"@id":"https:\/\/www.notibras.com\/site\/jardins-da-babilonia-povoam-mente-de-malu\/"},"wordCount":616,"publisher":{"@id":"https:\/\/www.notibras.com\/site\/#organization"},"image":{"@id":"https:\/\/www.notibras.com\/site\/jardins-da-babilonia-povoam-mente-de-malu\/#primaryimage"},"thumbnailUrl":"https:\/\/www.notibras.com\/site\/wp-content\/uploads\/2024\/04\/nabuco.Amytis.webp","articleSection":["Quadradinho em Foco"],"inLanguage":"pt-BR"},{"@type":"WebPage","@id":"https:\/\/www.notibras.com\/site\/jardins-da-babilonia-povoam-mente-de-malu\/","url":"https:\/\/www.notibras.com\/site\/jardins-da-babilonia-povoam-mente-de-malu\/","name":"Jardins da Babil\u00f4nia povoam mente de Malu - Notibras","isPartOf":{"@id":"https:\/\/www.notibras.com\/site\/#website"},"primaryImageOfPage":{"@id":"https:\/\/www.notibras.com\/site\/jardins-da-babilonia-povoam-mente-de-malu\/#primaryimage"},"image":{"@id":"https:\/\/www.notibras.com\/site\/jardins-da-babilonia-povoam-mente-de-malu\/#primaryimage"},"thumbnailUrl":"https:\/\/www.notibras.com\/site\/wp-content\/uploads\/2024\/04\/nabuco.Amytis.webp","datePublished":"2024-04-27T22:35:19+00:00","dateModified":"2024-04-27T22:44:36+00:00","breadcrumb":{"@id":"https:\/\/www.notibras.com\/site\/jardins-da-babilonia-povoam-mente-de-malu\/#breadcrumb"},"inLanguage":"pt-BR","potentialAction":[{"@type":"ReadAction","target":["https:\/\/www.notibras.com\/site\/jardins-da-babilonia-povoam-mente-de-malu\/"]}]},{"@type":"ImageObject","inLanguage":"pt-BR","@id":"https:\/\/www.notibras.com\/site\/jardins-da-babilonia-povoam-mente-de-malu\/#primaryimage","url":"https:\/\/www.notibras.com\/site\/wp-content\/uploads\/2024\/04\/nabuco.Amytis.webp","contentUrl":"https:\/\/www.notibras.com\/site\/wp-content\/uploads\/2024\/04\/nabuco.Amytis.webp","width":640,"height":411},{"@type":"BreadcrumbList","@id":"https:\/\/www.notibras.com\/site\/jardins-da-babilonia-povoam-mente-de-malu\/#breadcrumb","itemListElement":[{"@type":"ListItem","position":1,"name":"In\u00edcio","item":"https:\/\/www.notibras.com\/site\/"},{"@type":"ListItem","position":2,"name":"Jardins da Babil\u00f4nia povoam mente de Malu"}]},{"@type":"WebSite","@id":"https:\/\/www.notibras.com\/site\/#website","url":"https:\/\/www.notibras.com\/site\/","name":"Notibras","description":"Not\u00edcias de Bras\u00edlia, do Brasil e do Mundo","publisher":{"@id":"https:\/\/www.notibras.com\/site\/#organization"},"potentialAction":[{"@type":"SearchAction","target":{"@type":"EntryPoint","urlTemplate":"https:\/\/www.notibras.com\/site\/?s={search_term_string}"},"query-input":{"@type":"PropertyValueSpecification","valueRequired":true,"valueName":"search_term_string"}}],"inLanguage":"pt-BR"},{"@type":"Organization","@id":"https:\/\/www.notibras.com\/site\/#organization","name":"Grupo Notibras de Comunica\u00e7\u00e3o","url":"https:\/\/www.notibras.com\/site\/","logo":{"@type":"ImageObject","inLanguage":"pt-BR","@id":"https:\/\/www.notibras.com\/site\/#\/schema\/logo\/image\/","url":"https:\/\/www.notibras.com\/site\/wp-content\/uploads\/2023\/01\/notibras23.png","contentUrl":"https:\/\/www.notibras.com\/site\/wp-content\/uploads\/2023\/01\/notibras23.png","width":350,"height":87,"caption":"Grupo Notibras de Comunica\u00e7\u00e3o"},"image":{"@id":"https:\/\/www.notibras.com\/site\/#\/schema\/logo\/image\/"},"sameAs":["https:\/\/www.facebook.com\/notibras\/","https:\/\/x.com\/Notibras","https:\/\/www.instagram.com\/notibras\/"]},{"@type":"Person","@id":"https:\/\/www.notibras.com\/site\/#\/schema\/person\/36ab0979449956132d3e5b517ea76ac8","name":"Reda\u00e7\u00e3o","image":{"@type":"ImageObject","inLanguage":"pt-BR","@id":"https:\/\/secure.gravatar.com\/avatar\/e0a867bdedb85fd243eadf09663511f96fc81e0720a4a42581f334ad4303aa6b?s=96&d=mm&r=g","url":"https:\/\/secure.gravatar.com\/avatar\/e0a867bdedb85fd243eadf09663511f96fc81e0720a4a42581f334ad4303aa6b?s=96&d=mm&r=g","contentUrl":"https:\/\/secure.gravatar.com\/avatar\/e0a867bdedb85fd243eadf09663511f96fc81e0720a4a42581f334ad4303aa6b?s=96&d=mm&r=g","caption":"Reda\u00e7\u00e3o"}}]}},"amp_enabled":true,"_links":{"self":[{"href":"https:\/\/www.notibras.com\/site\/wp-json\/wp\/v2\/posts\/327513","targetHints":{"allow":["GET"]}}],"collection":[{"href":"https:\/\/www.notibras.com\/site\/wp-json\/wp\/v2\/posts"}],"about":[{"href":"https:\/\/www.notibras.com\/site\/wp-json\/wp\/v2\/types\/post"}],"author":[{"embeddable":true,"href":"https:\/\/www.notibras.com\/site\/wp-json\/wp\/v2\/users\/2"}],"replies":[{"embeddable":true,"href":"https:\/\/www.notibras.com\/site\/wp-json\/wp\/v2\/comments?post=327513"}],"version-history":[{"count":5,"href":"https:\/\/www.notibras.com\/site\/wp-json\/wp\/v2\/posts\/327513\/revisions"}],"predecessor-version":[{"id":327519,"href":"https:\/\/www.notibras.com\/site\/wp-json\/wp\/v2\/posts\/327513\/revisions\/327519"}],"wp:featuredmedia":[{"embeddable":true,"href":"https:\/\/www.notibras.com\/site\/wp-json\/wp\/v2\/media\/327514"}],"wp:attachment":[{"href":"https:\/\/www.notibras.com\/site\/wp-json\/wp\/v2\/media?parent=327513"}],"wp:term":[{"taxonomy":"category","embeddable":true,"href":"https:\/\/www.notibras.com\/site\/wp-json\/wp\/v2\/categories?post=327513"},{"taxonomy":"post_tag","embeddable":true,"href":"https:\/\/www.notibras.com\/site\/wp-json\/wp\/v2\/tags?post=327513"}],"curies":[{"name":"wp","href":"https:\/\/api.w.org\/{rel}","templated":true}]}}