{"id":32754,"date":"2015-01-02T11:53:42","date_gmt":"2015-01-02T14:53:42","guid":{"rendered":"http:\/\/www.notibras.com\/site\/?p=32754"},"modified":"2015-01-02T22:30:50","modified_gmt":"2015-01-03T01:30:50","slug":"policial-ensandecido-mata-sogro-sogra-filho-de-11-anos-e-deixa-mulher-ferida","status":"publish","type":"post","link":"https:\/\/www.notibras.com\/site\/policial-ensandecido-mata-sogro-sogra-filho-de-11-anos-e-deixa-mulher-ferida\/","title":{"rendered":"Policial ensandecido mata sogro, sogra, e filho de 11 anos"},"content":{"rendered":"<div id=\"texto\">\n<p>Um policial foi detido na madrugada desta sexta-feira (2)\u00a0em Goi\u00e1s acusado de ter assassinado a tiros os dois sogros e um cunhado de 11 anos ap\u00f3s discutir com a esposa, que tamb\u00e9m levou um tiro, mas sobreviveu ao ataque, informaram fontes oficiais.<\/p>\n<p>O homic\u00eddio triplo ocorreu durante a madrugada, na casa do policial militar H\u00e9lio Costa Vieira, em Goi\u00e2nia. As v\u00edtimas foram identificadas como Raimundo Nonato da Silva, de 54 anos, e Maria Margarete da Silva, de 45 anos, sogros do principal suspeito. Um filho do casal, de 11 anos, tamb\u00e9m foi assassinato a tiros.<\/p>\n<p>De acordo com o delegado Fabio Meireles, o crime ocorreu depois de uma violenta discuss\u00e3o entre o agente, que estava fora de servi\u00e7o, e a mulher dele.<\/p>\n<blockquote><p>O policial foi acusado de disparar contra os quatro parentes. A mulher dele foi internada no Hospital de Urg\u00eancias de Goi\u00e2nia com um ferimento de bala em um bra\u00e7o e submetida a uma cirurgia.<\/p><\/blockquote>\n<p>H\u00e9lio Costa Vieira foi detido poucas horas depois, quando aparentemente tentava fugir de Goi\u00e2nia em um carro. Ele viajava com seus tr\u00eas filhos, de um, cinco e sete anos. O agente foi interceptado no meio do caminho.<\/p>\n<p>De acordo com parentes, as v\u00edtimas moravam em uma cidade nos arredores de Bras\u00edlia e tinham viajado para Goi\u00e2nia para passar alguns dias com a fam\u00edlia. Segundo ele, o acusado tem um hist\u00f3rico de viol\u00eancia contra a esposa e j\u00e1 foi afastado temporariamente do servi\u00e7o por problemas psiqui\u00e1tricos.<\/p>\n<p>A Pol\u00edcia Militar de Goi\u00e1s informou em comunicado que abriu uma investiga\u00e7\u00e3o interna para esclarecer o ocorrido, assim como as circunst\u00e2ncias do crime.<\/p>\n<\/div>\n","protected":false},"excerpt":{"rendered":"<p>Um policial foi detido na madrugada desta sexta-feira (2)\u00a0em Goi\u00e1s acusado de ter assassinado a tiros os dois sogros e um cunhado de 11 anos ap\u00f3s discutir com a esposa, que tamb\u00e9m levou um tiro, mas sobreviveu ao ataque, informaram fontes oficiais. O homic\u00eddio triplo ocorreu durante a madrugada, na casa do policial militar H\u00e9lio [&hellip;]<\/p>\n","protected":false},"author":2,"featured_media":32755,"comment_status":"open","ping_status":"closed","sticky":false,"template":"","format":"standard","meta":{"_acf_changed":false,"footnotes":""},"categories":[16],"tags":[],"class_list":["post-32754","post","type-post","status-publish","format-standard","has-post-thumbnail","hentry","category-brasil"],"acf":[],"yoast_head":"<!-- This site is optimized with the Yoast SEO plugin v27.2 - https:\/\/yoast.com\/product\/yoast-seo-wordpress\/ -->\n<title>Policial ensandecido mata sogro, sogra, e filho de 11 anos - Notibras<\/title>\n<meta name=\"robots\" content=\"index, follow, max-snippet:-1, max-image-preview:large, max-video-preview:-1\" \/>\n<link rel=\"canonical\" href=\"https:\/\/www.notibras.com\/site\/policial-ensandecido-mata-sogro-sogra-filho-de-11-anos-e-deixa-mulher-ferida\/\" \/>\n<meta property=\"og:locale\" content=\"pt_BR\" \/>\n<meta property=\"og:type\" content=\"article\" \/>\n<meta property=\"og:title\" content=\"Policial ensandecido mata sogro, sogra, e filho de 11 anos - Notibras\" \/>\n<meta property=\"og:description\" content=\"Um policial foi detido na madrugada desta sexta-feira (2)\u00a0em Goi\u00e1s acusado de ter assassinado a tiros os dois sogros e um cunhado de 11 anos ap\u00f3s discutir com a esposa, que tamb\u00e9m levou um tiro, mas sobreviveu ao ataque, informaram fontes oficiais. O homic\u00eddio triplo ocorreu durante a madrugada, na casa do policial militar H\u00e9lio [&hellip;]\" \/>\n<meta property=\"og:url\" content=\"https:\/\/www.notibras.com\/site\/policial-ensandecido-mata-sogro-sogra-filho-de-11-anos-e-deixa-mulher-ferida\/\" \/>\n<meta property=\"og:site_name\" content=\"Notibras\" \/>\n<meta property=\"article:publisher\" content=\"https:\/\/www.facebook.com\/notibras\/\" \/>\n<meta property=\"article:published_time\" content=\"2015-01-02T14:53:42+00:00\" \/>\n<meta property=\"article:modified_time\" content=\"2015-01-03T01:30:50+00:00\" \/>\n<meta property=\"og:image\" content=\"https:\/\/www.notibras.com\/site\/wp-content\/uploads\/2015\/01\/pm-109406.jpg\" \/>\n\t<meta property=\"og:image:width\" content=\"300\" \/>\n\t<meta property=\"og:image:height\" content=\"225\" \/>\n\t<meta property=\"og:image:type\" content=\"image\/jpeg\" \/>\n<meta name=\"author\" content=\"Reda\u00e7\u00e3o\" \/>\n<meta name=\"twitter:card\" content=\"summary_large_image\" \/>\n<meta name=\"twitter:creator\" content=\"@Notibras\" \/>\n<meta name=\"twitter:site\" content=\"@Notibras\" \/>\n<meta name=\"twitter:label1\" content=\"Escrito por\" \/>\n\t<meta name=\"twitter:data1\" content=\"Reda\u00e7\u00e3o\" \/>\n\t<meta name=\"twitter:label2\" content=\"Est. tempo de leitura\" \/>\n\t<meta name=\"twitter:data2\" content=\"1 minuto\" \/>\n<script type=\"application\/ld+json\" class=\"yoast-schema-graph\">{\"@context\":\"https:\/\/schema.org\",\"@graph\":[{\"@type\":\"Article\",\"@id\":\"https:\/\/www.notibras.com\/site\/policial-ensandecido-mata-sogro-sogra-filho-de-11-anos-e-deixa-mulher-ferida\/#article\",\"isPartOf\":{\"@id\":\"https:\/\/www.notibras.com\/site\/policial-ensandecido-mata-sogro-sogra-filho-de-11-anos-e-deixa-mulher-ferida\/\"},\"author\":{\"name\":\"Reda\u00e7\u00e3o\",\"@id\":\"https:\/\/www.notibras.com\/site\/#\/schema\/person\/36ab0979449956132d3e5b517ea76ac8\"},\"headline\":\"Policial ensandecido mata sogro, sogra, e filho de 11 anos\",\"datePublished\":\"2015-01-02T14:53:42+00:00\",\"dateModified\":\"2015-01-03T01:30:50+00:00\",\"mainEntityOfPage\":{\"@id\":\"https:\/\/www.notibras.com\/site\/policial-ensandecido-mata-sogro-sogra-filho-de-11-anos-e-deixa-mulher-ferida\/\"},\"wordCount\":297,\"commentCount\":0,\"publisher\":{\"@id\":\"https:\/\/www.notibras.com\/site\/#organization\"},\"image\":{\"@id\":\"https:\/\/www.notibras.com\/site\/policial-ensandecido-mata-sogro-sogra-filho-de-11-anos-e-deixa-mulher-ferida\/#primaryimage\"},\"thumbnailUrl\":\"https:\/\/www.notibras.com\/site\/wp-content\/uploads\/2015\/01\/pm-109406.jpg\",\"articleSection\":[\"Brasil\"],\"inLanguage\":\"pt-BR\",\"potentialAction\":[{\"@type\":\"CommentAction\",\"name\":\"Comment\",\"target\":[\"https:\/\/www.notibras.com\/site\/policial-ensandecido-mata-sogro-sogra-filho-de-11-anos-e-deixa-mulher-ferida\/#respond\"]}]},{\"@type\":\"WebPage\",\"@id\":\"https:\/\/www.notibras.com\/site\/policial-ensandecido-mata-sogro-sogra-filho-de-11-anos-e-deixa-mulher-ferida\/\",\"url\":\"https:\/\/www.notibras.com\/site\/policial-ensandecido-mata-sogro-sogra-filho-de-11-anos-e-deixa-mulher-ferida\/\",\"name\":\"Policial ensandecido mata sogro, sogra, e filho de 11 anos - Notibras\",\"isPartOf\":{\"@id\":\"https:\/\/www.notibras.com\/site\/#website\"},\"primaryImageOfPage\":{\"@id\":\"https:\/\/www.notibras.com\/site\/policial-ensandecido-mata-sogro-sogra-filho-de-11-anos-e-deixa-mulher-ferida\/#primaryimage\"},\"image\":{\"@id\":\"https:\/\/www.notibras.com\/site\/policial-ensandecido-mata-sogro-sogra-filho-de-11-anos-e-deixa-mulher-ferida\/#primaryimage\"},\"thumbnailUrl\":\"https:\/\/www.notibras.com\/site\/wp-content\/uploads\/2015\/01\/pm-109406.jpg\",\"datePublished\":\"2015-01-02T14:53:42+00:00\",\"dateModified\":\"2015-01-03T01:30:50+00:00\",\"breadcrumb\":{\"@id\":\"https:\/\/www.notibras.com\/site\/policial-ensandecido-mata-sogro-sogra-filho-de-11-anos-e-deixa-mulher-ferida\/#breadcrumb\"},\"inLanguage\":\"pt-BR\",\"potentialAction\":[{\"@type\":\"ReadAction\",\"target\":[\"https:\/\/www.notibras.com\/site\/policial-ensandecido-mata-sogro-sogra-filho-de-11-anos-e-deixa-mulher-ferida\/\"]}]},{\"@type\":\"ImageObject\",\"inLanguage\":\"pt-BR\",\"@id\":\"https:\/\/www.notibras.com\/site\/policial-ensandecido-mata-sogro-sogra-filho-de-11-anos-e-deixa-mulher-ferida\/#primaryimage\",\"url\":\"https:\/\/www.notibras.com\/site\/wp-content\/uploads\/2015\/01\/pm-109406.jpg\",\"contentUrl\":\"https:\/\/www.notibras.com\/site\/wp-content\/uploads\/2015\/01\/pm-109406.jpg\",\"width\":300,\"height\":225},{\"@type\":\"BreadcrumbList\",\"@id\":\"https:\/\/www.notibras.com\/site\/policial-ensandecido-mata-sogro-sogra-filho-de-11-anos-e-deixa-mulher-ferida\/#breadcrumb\",\"itemListElement\":[{\"@type\":\"ListItem\",\"position\":1,\"name\":\"In\u00edcio\",\"item\":\"https:\/\/www.notibras.com\/site\/\"},{\"@type\":\"ListItem\",\"position\":2,\"name\":\"Policial ensandecido mata sogro, sogra, e filho de 11 anos\"}]},{\"@type\":\"WebSite\",\"@id\":\"https:\/\/www.notibras.com\/site\/#website\",\"url\":\"https:\/\/www.notibras.com\/site\/\",\"name\":\"Notibras\",\"description\":\"Not\u00edcias de Bras\u00edlia, do Brasil e do Mundo\",\"publisher\":{\"@id\":\"https:\/\/www.notibras.com\/site\/#organization\"},\"potentialAction\":[{\"@type\":\"SearchAction\",\"target\":{\"@type\":\"EntryPoint\",\"urlTemplate\":\"https:\/\/www.notibras.com\/site\/?s={search_term_string}\"},\"query-input\":{\"@type\":\"PropertyValueSpecification\",\"valueRequired\":true,\"valueName\":\"search_term_string\"}}],\"inLanguage\":\"pt-BR\"},{\"@type\":\"Organization\",\"@id\":\"https:\/\/www.notibras.com\/site\/#organization\",\"name\":\"Grupo Notibras de Comunica\u00e7\u00e3o\",\"url\":\"https:\/\/www.notibras.com\/site\/\",\"logo\":{\"@type\":\"ImageObject\",\"inLanguage\":\"pt-BR\",\"@id\":\"https:\/\/www.notibras.com\/site\/#\/schema\/logo\/image\/\",\"url\":\"https:\/\/www.notibras.com\/site\/wp-content\/uploads\/2023\/01\/notibras23.png\",\"contentUrl\":\"https:\/\/www.notibras.com\/site\/wp-content\/uploads\/2023\/01\/notibras23.png\",\"width\":350,\"height\":87,\"caption\":\"Grupo Notibras de Comunica\u00e7\u00e3o\"},\"image\":{\"@id\":\"https:\/\/www.notibras.com\/site\/#\/schema\/logo\/image\/\"},\"sameAs\":[\"https:\/\/www.facebook.com\/notibras\/\",\"https:\/\/x.com\/Notibras\",\"https:\/\/www.instagram.com\/notibras\/\"]},{\"@type\":\"Person\",\"@id\":\"https:\/\/www.notibras.com\/site\/#\/schema\/person\/36ab0979449956132d3e5b517ea76ac8\",\"name\":\"Reda\u00e7\u00e3o\",\"image\":{\"@type\":\"ImageObject\",\"inLanguage\":\"pt-BR\",\"@id\":\"https:\/\/secure.gravatar.com\/avatar\/e0a867bdedb85fd243eadf09663511f96fc81e0720a4a42581f334ad4303aa6b?s=96&d=mm&r=g\",\"url\":\"https:\/\/secure.gravatar.com\/avatar\/e0a867bdedb85fd243eadf09663511f96fc81e0720a4a42581f334ad4303aa6b?s=96&d=mm&r=g\",\"contentUrl\":\"https:\/\/secure.gravatar.com\/avatar\/e0a867bdedb85fd243eadf09663511f96fc81e0720a4a42581f334ad4303aa6b?s=96&d=mm&r=g\",\"caption\":\"Reda\u00e7\u00e3o\"}}]}<\/script>\n<!-- \/ Yoast SEO plugin. -->","yoast_head_json":{"title":"Policial ensandecido mata sogro, sogra, e filho de 11 anos - Notibras","robots":{"index":"index","follow":"follow","max-snippet":"max-snippet:-1","max-image-preview":"max-image-preview:large","max-video-preview":"max-video-preview:-1"},"canonical":"https:\/\/www.notibras.com\/site\/policial-ensandecido-mata-sogro-sogra-filho-de-11-anos-e-deixa-mulher-ferida\/","og_locale":"pt_BR","og_type":"article","og_title":"Policial ensandecido mata sogro, sogra, e filho de 11 anos - Notibras","og_description":"Um policial foi detido na madrugada desta sexta-feira (2)\u00a0em Goi\u00e1s acusado de ter assassinado a tiros os dois sogros e um cunhado de 11 anos ap\u00f3s discutir com a esposa, que tamb\u00e9m levou um tiro, mas sobreviveu ao ataque, informaram fontes oficiais. O homic\u00eddio triplo ocorreu durante a madrugada, na casa do policial militar H\u00e9lio [&hellip;]","og_url":"https:\/\/www.notibras.com\/site\/policial-ensandecido-mata-sogro-sogra-filho-de-11-anos-e-deixa-mulher-ferida\/","og_site_name":"Notibras","article_publisher":"https:\/\/www.facebook.com\/notibras\/","article_published_time":"2015-01-02T14:53:42+00:00","article_modified_time":"2015-01-03T01:30:50+00:00","og_image":[{"width":300,"height":225,"url":"https:\/\/www.notibras.com\/site\/wp-content\/uploads\/2015\/01\/pm-109406.jpg","type":"image\/jpeg"}],"author":"Reda\u00e7\u00e3o","twitter_card":"summary_large_image","twitter_creator":"@Notibras","twitter_site":"@Notibras","twitter_misc":{"Escrito por":"Reda\u00e7\u00e3o","Est. tempo de leitura":"1 minuto"},"schema":{"@context":"https:\/\/schema.org","@graph":[{"@type":"Article","@id":"https:\/\/www.notibras.com\/site\/policial-ensandecido-mata-sogro-sogra-filho-de-11-anos-e-deixa-mulher-ferida\/#article","isPartOf":{"@id":"https:\/\/www.notibras.com\/site\/policial-ensandecido-mata-sogro-sogra-filho-de-11-anos-e-deixa-mulher-ferida\/"},"author":{"name":"Reda\u00e7\u00e3o","@id":"https:\/\/www.notibras.com\/site\/#\/schema\/person\/36ab0979449956132d3e5b517ea76ac8"},"headline":"Policial ensandecido mata sogro, sogra, e filho de 11 anos","datePublished":"2015-01-02T14:53:42+00:00","dateModified":"2015-01-03T01:30:50+00:00","mainEntityOfPage":{"@id":"https:\/\/www.notibras.com\/site\/policial-ensandecido-mata-sogro-sogra-filho-de-11-anos-e-deixa-mulher-ferida\/"},"wordCount":297,"commentCount":0,"publisher":{"@id":"https:\/\/www.notibras.com\/site\/#organization"},"image":{"@id":"https:\/\/www.notibras.com\/site\/policial-ensandecido-mata-sogro-sogra-filho-de-11-anos-e-deixa-mulher-ferida\/#primaryimage"},"thumbnailUrl":"https:\/\/www.notibras.com\/site\/wp-content\/uploads\/2015\/01\/pm-109406.jpg","articleSection":["Brasil"],"inLanguage":"pt-BR","potentialAction":[{"@type":"CommentAction","name":"Comment","target":["https:\/\/www.notibras.com\/site\/policial-ensandecido-mata-sogro-sogra-filho-de-11-anos-e-deixa-mulher-ferida\/#respond"]}]},{"@type":"WebPage","@id":"https:\/\/www.notibras.com\/site\/policial-ensandecido-mata-sogro-sogra-filho-de-11-anos-e-deixa-mulher-ferida\/","url":"https:\/\/www.notibras.com\/site\/policial-ensandecido-mata-sogro-sogra-filho-de-11-anos-e-deixa-mulher-ferida\/","name":"Policial ensandecido mata sogro, sogra, e filho de 11 anos - Notibras","isPartOf":{"@id":"https:\/\/www.notibras.com\/site\/#website"},"primaryImageOfPage":{"@id":"https:\/\/www.notibras.com\/site\/policial-ensandecido-mata-sogro-sogra-filho-de-11-anos-e-deixa-mulher-ferida\/#primaryimage"},"image":{"@id":"https:\/\/www.notibras.com\/site\/policial-ensandecido-mata-sogro-sogra-filho-de-11-anos-e-deixa-mulher-ferida\/#primaryimage"},"thumbnailUrl":"https:\/\/www.notibras.com\/site\/wp-content\/uploads\/2015\/01\/pm-109406.jpg","datePublished":"2015-01-02T14:53:42+00:00","dateModified":"2015-01-03T01:30:50+00:00","breadcrumb":{"@id":"https:\/\/www.notibras.com\/site\/policial-ensandecido-mata-sogro-sogra-filho-de-11-anos-e-deixa-mulher-ferida\/#breadcrumb"},"inLanguage":"pt-BR","potentialAction":[{"@type":"ReadAction","target":["https:\/\/www.notibras.com\/site\/policial-ensandecido-mata-sogro-sogra-filho-de-11-anos-e-deixa-mulher-ferida\/"]}]},{"@type":"ImageObject","inLanguage":"pt-BR","@id":"https:\/\/www.notibras.com\/site\/policial-ensandecido-mata-sogro-sogra-filho-de-11-anos-e-deixa-mulher-ferida\/#primaryimage","url":"https:\/\/www.notibras.com\/site\/wp-content\/uploads\/2015\/01\/pm-109406.jpg","contentUrl":"https:\/\/www.notibras.com\/site\/wp-content\/uploads\/2015\/01\/pm-109406.jpg","width":300,"height":225},{"@type":"BreadcrumbList","@id":"https:\/\/www.notibras.com\/site\/policial-ensandecido-mata-sogro-sogra-filho-de-11-anos-e-deixa-mulher-ferida\/#breadcrumb","itemListElement":[{"@type":"ListItem","position":1,"name":"In\u00edcio","item":"https:\/\/www.notibras.com\/site\/"},{"@type":"ListItem","position":2,"name":"Policial ensandecido mata sogro, sogra, e filho de 11 anos"}]},{"@type":"WebSite","@id":"https:\/\/www.notibras.com\/site\/#website","url":"https:\/\/www.notibras.com\/site\/","name":"Notibras","description":"Not\u00edcias de Bras\u00edlia, do Brasil e do Mundo","publisher":{"@id":"https:\/\/www.notibras.com\/site\/#organization"},"potentialAction":[{"@type":"SearchAction","target":{"@type":"EntryPoint","urlTemplate":"https:\/\/www.notibras.com\/site\/?s={search_term_string}"},"query-input":{"@type":"PropertyValueSpecification","valueRequired":true,"valueName":"search_term_string"}}],"inLanguage":"pt-BR"},{"@type":"Organization","@id":"https:\/\/www.notibras.com\/site\/#organization","name":"Grupo Notibras de Comunica\u00e7\u00e3o","url":"https:\/\/www.notibras.com\/site\/","logo":{"@type":"ImageObject","inLanguage":"pt-BR","@id":"https:\/\/www.notibras.com\/site\/#\/schema\/logo\/image\/","url":"https:\/\/www.notibras.com\/site\/wp-content\/uploads\/2023\/01\/notibras23.png","contentUrl":"https:\/\/www.notibras.com\/site\/wp-content\/uploads\/2023\/01\/notibras23.png","width":350,"height":87,"caption":"Grupo Notibras de Comunica\u00e7\u00e3o"},"image":{"@id":"https:\/\/www.notibras.com\/site\/#\/schema\/logo\/image\/"},"sameAs":["https:\/\/www.facebook.com\/notibras\/","https:\/\/x.com\/Notibras","https:\/\/www.instagram.com\/notibras\/"]},{"@type":"Person","@id":"https:\/\/www.notibras.com\/site\/#\/schema\/person\/36ab0979449956132d3e5b517ea76ac8","name":"Reda\u00e7\u00e3o","image":{"@type":"ImageObject","inLanguage":"pt-BR","@id":"https:\/\/secure.gravatar.com\/avatar\/e0a867bdedb85fd243eadf09663511f96fc81e0720a4a42581f334ad4303aa6b?s=96&d=mm&r=g","url":"https:\/\/secure.gravatar.com\/avatar\/e0a867bdedb85fd243eadf09663511f96fc81e0720a4a42581f334ad4303aa6b?s=96&d=mm&r=g","contentUrl":"https:\/\/secure.gravatar.com\/avatar\/e0a867bdedb85fd243eadf09663511f96fc81e0720a4a42581f334ad4303aa6b?s=96&d=mm&r=g","caption":"Reda\u00e7\u00e3o"}}]}},"amp_enabled":true,"_links":{"self":[{"href":"https:\/\/www.notibras.com\/site\/wp-json\/wp\/v2\/posts\/32754","targetHints":{"allow":["GET"]}}],"collection":[{"href":"https:\/\/www.notibras.com\/site\/wp-json\/wp\/v2\/posts"}],"about":[{"href":"https:\/\/www.notibras.com\/site\/wp-json\/wp\/v2\/types\/post"}],"author":[{"embeddable":true,"href":"https:\/\/www.notibras.com\/site\/wp-json\/wp\/v2\/users\/2"}],"replies":[{"embeddable":true,"href":"https:\/\/www.notibras.com\/site\/wp-json\/wp\/v2\/comments?post=32754"}],"version-history":[{"count":0,"href":"https:\/\/www.notibras.com\/site\/wp-json\/wp\/v2\/posts\/32754\/revisions"}],"wp:featuredmedia":[{"embeddable":true,"href":"https:\/\/www.notibras.com\/site\/wp-json\/wp\/v2\/media\/32755"}],"wp:attachment":[{"href":"https:\/\/www.notibras.com\/site\/wp-json\/wp\/v2\/media?parent=32754"}],"wp:term":[{"taxonomy":"category","embeddable":true,"href":"https:\/\/www.notibras.com\/site\/wp-json\/wp\/v2\/categories?post=32754"},{"taxonomy":"post_tag","embeddable":true,"href":"https:\/\/www.notibras.com\/site\/wp-json\/wp\/v2\/tags?post=32754"}],"curies":[{"name":"wp","href":"https:\/\/api.w.org\/{rel}","templated":true}]}}